{"id":27862,"date":"2025-09-16T12:05:31","date_gmt":"2025-09-16T15:05:31","guid":{"rendered":"https:\/\/agenciainfra.com\/blog\/?p=27862"},"modified":"2025-09-16T12:05:33","modified_gmt":"2025-09-16T15:05:33","slug":"opiniao-utilizacao-de-atestados-de-empresas-subcontratadas-em-licitacoes-publicas","status":"publish","type":"post","link":"https:\/\/agenciainfra.com\/blog\/opiniao-utilizacao-de-atestados-de-empresas-subcontratadas-em-licitacoes-publicas\/","title":{"rendered":"Opini\u00e3o \u2013 Utiliza\u00e7\u00e3o de atestados de empresas subcontratadas em licita\u00e7\u00f5es p\u00fablicas"},"content":{"rendered":"\n<p class=\"has-text-align-right\"><strong><strong><strong><strong>Guilherme Reisdorfer*<\/strong><\/strong><\/strong><\/strong><\/p>\n\n\n\n<p>Por muito tempo, o debate sobre a subcontrata\u00e7\u00e3o em contratos administrativos foi pautado por discuss\u00f5es sobre a compatibilidade desse expediente com a l\u00f3gica da licita\u00e7\u00e3o e a prop\u00f3sito da necessidade de autoriza\u00e7\u00e3o em edital e contrato para determinar se e em que medida a subcontrata\u00e7\u00e3o poderia ocorrer. N\u00e3o s\u00e3o incomuns manifesta\u00e7\u00f5es como a de que \u201ca subcontrata\u00e7\u00e3o s\u00f3 \u00e9 admitida parcialmente e em casos excepcionais, sob pena de desconfigurar por completo o processo de escolha [do contratado]\u201d (TCU, Ac\u00f3rd\u00e3o 834\/2014-Plen\u00e1rio, relator ministro Andr\u00e9 de Carvalho, j. 02.04.2014).<\/p>\n\n\n\n<p>H\u00e1 um outro ponto que merece maior aten\u00e7\u00e3o: de que forma a subcontrata\u00e7\u00e3o afeta a efici\u00eancia de licita\u00e7\u00f5es e contratos p\u00fablicos? A resposta pode ser dada por pelo menos quatro \u00e2ngulos complementares.<\/p>\n\n\n\n<p>Em primeiro lugar, cabe lembrar a figura da subcontrata\u00e7\u00e3o compuls\u00f3ria de parte do objeto licitado em favor de microempresas e empresas e pequeno porte, prevista no art. 48, inc. II, da Lei Complementar 123\/2006. Nesse caso, a efici\u00eancia n\u00e3o se traduz necessariamente na obten\u00e7\u00e3o de menores pre\u00e7os, mas na realiza\u00e7\u00e3o de pol\u00edtica p\u00fablica mais ampla.<\/p>\n\n\n\n<p>Em segundo lugar, a subcontrata\u00e7\u00e3o funciona como instrumento gerencial, que permite a melhor organiza\u00e7\u00e3o dos fatores de produ\u00e7\u00e3o pelo contratado. \u00c9 muitas vezes mais eficiente admitir em favor do contratado maior margem de autonomia para promover subcontrata\u00e7\u00f5es, para que ele obtenha servi\u00e7os especializados com alta qualidade agregada e, possivelmente, a custos menores. Por esse \u00e2ngulo, a disciplina clara e objetiva sobre a subcontrata\u00e7\u00e3o, definida desde o edital de licita\u00e7\u00e3o, favorece a elabora\u00e7\u00e3o de propostas mais vantajosas do ponto de vista t\u00e9cnico e econ\u00f4mico.<\/p>\n\n\n\n<p>Em terceiro lugar, a subcontrata\u00e7\u00e3o pode ser a solu\u00e7\u00e3o para assegurar a continuidade de obras e servi\u00e7os em face de problemas cr\u00f4nicos de inadimplemento. Assim ocorrer\u00e1 quando houver execu\u00e7\u00e3o da cl\u00e1usula de retomada, pela qual a seguradora garantidora assume a responsabilidade pela execu\u00e7\u00e3o do contrato, podendo subcontratar a sua conclus\u00e3o parcial ou integral (art. 102 da Lei 14.133\/2021). A subcontrata\u00e7\u00e3o constitui, portanto, alternativa aos graves problemas de paralisa\u00e7\u00e3o contratual.<\/p>\n\n\n\n<p>Em quarto lugar, objetos licitados de alta complexidade podem exigir conjunto de atestados especializados e de dif\u00edcil agrega\u00e7\u00e3o por um \u00fanico licitante. A solu\u00e7\u00e3o cl\u00e1ssica para ampliar o universo de licitantes \u00e9 a admiss\u00e3o de forma\u00e7\u00e3o de cons\u00f3rcios, difundida pelo art. 15 da Lei 14.133\/2021 como regra geral. Mas cabe considerar tamb\u00e9m a solu\u00e7\u00e3o do art. 67, \u00a7 9\u00ba, da mesma lei: \u201cO edital poder\u00e1 prever, para aspectos t\u00e9cnicos espec\u00edficos, que a qualifica\u00e7\u00e3o t\u00e9cnica seja demonstrada por meio de atestados relativos a potencial subcontratado, limitado a 25% (vinte e cinco por cento) do objeto a ser licitado, hip\u00f3tese em que mais de um licitante poder\u00e1 apresentar atestado relativo ao mesmo potencial subcontratado\u201d.<\/p>\n\n\n\n<p>No Ac\u00f3rd\u00e3o 1.923\/2025, de 20 de agosto de 2025, relatado pelo ministro Bruno Dantas, o plen\u00e1rio do TCU (Tribunal de Contas da Uni\u00e3o) interpretou o &#8220;poder\u00e1&#8221; referido no art. 67, \u00a7 9\u00ba, como um &#8220;dever\u00e1&#8221;, diante da elevada especializa\u00e7\u00e3o de certo item e do efeito restritivo \u00e0 competi\u00e7\u00e3o que a n\u00e3o admiss\u00e3o de atestados de empresas subcontratadas poderia gerar. O TCU concluiu que, ao elaborar o edital, o ente p\u00fablico deve determinar as exig\u00eancias de habilita\u00e7\u00e3o levando em considera\u00e7\u00e3o as condi\u00e7\u00f5es e poss\u00edveis restri\u00e7\u00f5es de mercado. Isso de modo a \u201cpermitir que a capacidade t\u00e9cnica para executar uma parcela especializada do objeto seja demonstrada por quem efetivamente a executar\u00e1, no caso, o subcontratado\u201d, e admitir inclusive \u201ca subcontrata\u00e7\u00e3o dos itens de maior relev\u00e2ncia\u201d.<\/p>\n\n\n\n<p>Essa compreens\u00e3o lan\u00e7a luzes sobre quest\u00e3o ainda pouco explorada no direito brasileiro: os efeitos concorrenciais decorrentes da proibi\u00e7\u00e3o ou da admiss\u00e3o da subcontrata\u00e7\u00e3o e do aproveitamento da atesta\u00e7\u00e3o correspondente. Trata-se de pr\u00e1tica j\u00e1 identificada antes da Lei 14.133\/2021, em alguns casos sob a denomina\u00e7\u00e3o \u201csubcontrata\u00e7\u00e3o qualificada\u201d. Essa sistem\u00e1tica permite admitir \u00e0 disputa licitantes que n\u00e3o disp\u00f5em, isoladamente, das condi\u00e7\u00f5es t\u00e9cnicas necess\u00e1rias para a execu\u00e7\u00e3o do futuro contrato, desde que demonstrem a disponibilidade de recursos t\u00e9cnicos terceirizados para suprir a qualifica\u00e7\u00e3o exigida.&nbsp;<\/p>\n\n\n\n<p>Em s\u00edntese, o \u00a7 9\u00ba do art. 67 e o recente pronunciamento do TCU s\u00e3o relevantes por admitirem a subcontrata\u00e7\u00e3o como um fen\u00f4meno n\u00e3o necessariamente marginal ou secund\u00e1rio nas contrata\u00e7\u00f5es p\u00fablicas. Mais do que um expediente contratual, a subcontrata\u00e7\u00e3o bem disciplinada pode produzir efeitos positivos desde a licita\u00e7\u00e3o, especialmente para contrata\u00e7\u00f5es complexas e em face de mercados restritos ou especializados.<\/p>\n\n\n\n<p><strong>*<strong><strong>Guilherme Reisdorfer<\/strong><\/strong><\/strong> \u00e9 doutor e mestre em Direito do Estado pela USP. S\u00f3cio da Siqueira Castro Advogados e \u00e1rbitro.<\/p>\n\n\n\n<p class=\"has-luminous-vivid-orange-color has-text-color has-link-color wp-elements-afaaa81626125a77b95b6a69457c218d\">As opini\u00f5es dos autores n\u00e3o refletem necessariamente o pensamento da<strong>&nbsp;Ag\u00eancia iNFRA<\/strong>, sendo de total responsabilidade do autor as informa\u00e7\u00f5es, ju\u00edzos de valor e conceitos descritos no texto.<\/p>\n","protected":false},"excerpt":{"rendered":"<p>Guilherme Reisdorfer* Por muito tempo, o debate sobre a subcontrata\u00e7\u00e3o em contratos administrativos foi pautado por discuss\u00f5es sobre a compatibilidade desse expediente com a l\u00f3gica da licita\u00e7\u00e3o e a prop\u00f3sito da necessidade de autoriza\u00e7\u00e3o em edital e contrato para determinar se e em que medida a subcontrata\u00e7\u00e3o poderia ocorrer. N\u00e3o s\u00e3o incomuns manifesta\u00e7\u00f5es como a [&hellip;]<\/p>\n","protected":false},"author":1,"featured_media":27863,"comment_status":"closed","ping_status":"closed","sticky":false,"template":"","format":"standard","meta":{"_monsterinsights_skip_tracking":false,"_monsterinsights_sitenote_active":false,"_monsterinsights_sitenote_note":"","_monsterinsights_sitenote_category":0,"footnotes":""},"categories":[1,7],"tags":[290,13558,4562,15383,18],"class_list":["post-27862","post","type-post","status-publish","format-standard","has-post-thumbnail","hentry","category-geral","category-infratransporte","tag-contratacoes-publicas","tag-guilherme-reisdorfer","tag-licitacoes-publicas","tag-subcontratacao","tag-tcu"],"yoast_head":"<!-- This site is optimized with the Yoast SEO Premium plugin v25.4 (Yoast SEO v26.0) - https:\/\/yoast.com\/wordpress\/plugins\/seo\/ -->\n<title>Opini\u00e3o \u2013 Utiliza\u00e7\u00e3o de atestados de empresas subcontratadas em licita\u00e7\u00f5es p\u00fablicas - Ag\u00eancia iNFRA<\/title>\n<meta name=\"robots\" content=\"index, follow, max-snippet:-1, max-image-preview:large, max-video-preview:-1\" \/>\n<link rel=\"canonical\" href=\"https:\/\/agenciainfra.com\/blog\/opiniao-utilizacao-de-atestados-de-empresas-subcontratadas-em-licitacoes-publicas\/\" \/>\n<meta property=\"og:locale\" content=\"pt_BR\" \/>\n<meta property=\"og:type\" content=\"article\" \/>\n<meta property=\"og:title\" content=\"Opini\u00e3o \u2013 Utiliza\u00e7\u00e3o de atestados de empresas subcontratadas em licita\u00e7\u00f5es p\u00fablicas\" \/>\n<meta property=\"og:description\" content=\"Guilherme Reisdorfer* Por muito tempo, o debate sobre a subcontrata\u00e7\u00e3o em contratos administrativos foi pautado por discuss\u00f5es sobre a compatibilidade desse expediente com a l\u00f3gica da licita\u00e7\u00e3o e a prop\u00f3sito da necessidade de autoriza\u00e7\u00e3o em edital e contrato para determinar se e em que medida a subcontrata\u00e7\u00e3o poderia ocorrer. N\u00e3o s\u00e3o incomuns manifesta\u00e7\u00f5es como a [&hellip;]\" \/>\n<meta property=\"og:url\" content=\"https:\/\/agenciainfra.com\/blog\/opiniao-utilizacao-de-atestados-de-empresas-subcontratadas-em-licitacoes-publicas\/\" \/>\n<meta property=\"og:site_name\" content=\"Ag\u00eancia iNFRA\" \/>\n<meta property=\"article:publisher\" content=\"https:\/\/www.facebook.com\/ageninfra\" \/>\n<meta property=\"article:published_time\" content=\"2025-09-16T15:05:31+00:00\" \/>\n<meta property=\"article:modified_time\" content=\"2025-09-16T15:05:33+00:00\" \/>\n<meta property=\"og:image\" content=\"https:\/\/agenciainfra.com\/blog\/wp-content\/uploads\/2025\/09\/guilherme-reisdorf-foto-divulgacao.jpg\" \/>\n\t<meta property=\"og:image:width\" content=\"1098\" \/>\n\t<meta property=\"og:image:height\" content=\"654\" \/>\n\t<meta property=\"og:image:type\" content=\"image\/jpeg\" \/>\n<meta name=\"author\" content=\"Ag\u00eancia iNFRA\" \/>\n<meta name=\"twitter:card\" content=\"summary_large_image\" \/>\n<meta name=\"twitter:creator\" content=\"@agencia_infra\" \/>\n<meta name=\"twitter:site\" content=\"@agencia_infra\" \/>\n<meta name=\"twitter:label1\" content=\"Escrito por\" \/>\n\t<meta name=\"twitter:data1\" content=\"Ag\u00eancia iNFRA\" \/>\n\t<meta name=\"twitter:label2\" content=\"Est. tempo de leitura\" \/>\n\t<meta name=\"twitter:data2\" content=\"4 minutos\" \/>\n<script type=\"application\/ld+json\" class=\"yoast-schema-graph\">{\"@context\":\"https:\/\/schema.org\",\"@graph\":[{\"@type\":\"Article\",\"@id\":\"https:\/\/agenciainfra.com\/blog\/opiniao-utilizacao-de-atestados-de-empresas-subcontratadas-em-licitacoes-publicas\/#article\",\"isPartOf\":{\"@id\":\"https:\/\/agenciainfra.com\/blog\/opiniao-utilizacao-de-atestados-de-empresas-subcontratadas-em-licitacoes-publicas\/\"},\"author\":{\"name\":\"Ag\u00eancia iNFRA\",\"@id\":\"https:\/\/agenciainfra.com\/blog\/#\/schema\/person\/34af08dff6adea4cb22b06612ba7acfa\"},\"headline\":\"Opini\u00e3o \u2013 Utiliza\u00e7\u00e3o de atestados de empresas subcontratadas em licita\u00e7\u00f5es p\u00fablicas\",\"datePublished\":\"2025-09-16T15:05:31+00:00\",\"dateModified\":\"2025-09-16T15:05:33+00:00\",\"mainEntityOfPage\":{\"@id\":\"https:\/\/agenciainfra.com\/blog\/opiniao-utilizacao-de-atestados-de-empresas-subcontratadas-em-licitacoes-publicas\/\"},\"wordCount\":856,\"publisher\":{\"@id\":\"https:\/\/agenciainfra.com\/blog\/#organization\"},\"image\":{\"@id\":\"https:\/\/agenciainfra.com\/blog\/opiniao-utilizacao-de-atestados-de-empresas-subcontratadas-em-licitacoes-publicas\/#primaryimage\"},\"thumbnailUrl\":\"https:\/\/agenciainfra.com\/blog\/wp-content\/uploads\/2025\/09\/guilherme-reisdorf-foto-divulgacao.jpg\",\"keywords\":[\"contrata\u00e7\u00f5es p\u00fablicas\",\"guilherme reisdorfer\",\"licita\u00e7\u00f5es p\u00fablicas\",\"subcontrata\u00e7\u00e3o\",\"TCU\"],\"articleSection\":[\"Geral\",\"iNFRATransporte\"],\"inLanguage\":\"pt-BR\",\"copyrightYear\":\"2025\",\"copyrightHolder\":{\"@id\":\"https:\/\/agenciainfra.com\/blog\/#organization\"}},{\"@type\":\"WebPage\",\"@id\":\"https:\/\/agenciainfra.com\/blog\/opiniao-utilizacao-de-atestados-de-empresas-subcontratadas-em-licitacoes-publicas\/\",\"url\":\"https:\/\/agenciainfra.com\/blog\/opiniao-utilizacao-de-atestados-de-empresas-subcontratadas-em-licitacoes-publicas\/\",\"name\":\"Opini\u00e3o \u2013 Utiliza\u00e7\u00e3o de atestados de empresas subcontratadas em licita\u00e7\u00f5es p\u00fablicas - Ag\u00eancia iNFRA\",\"isPartOf\":{\"@id\":\"https:\/\/agenciainfra.com\/blog\/#website\"},\"primaryImageOfPage\":{\"@id\":\"https:\/\/agenciainfra.com\/blog\/opiniao-utilizacao-de-atestados-de-empresas-subcontratadas-em-licitacoes-publicas\/#primaryimage\"},\"image\":{\"@id\":\"https:\/\/agenciainfra.com\/blog\/opiniao-utilizacao-de-atestados-de-empresas-subcontratadas-em-licitacoes-publicas\/#primaryimage\"},\"thumbnailUrl\":\"https:\/\/agenciainfra.com\/blog\/wp-content\/uploads\/2025\/09\/guilherme-reisdorf-foto-divulgacao.jpg\",\"datePublished\":\"2025-09-16T15:05:31+00:00\",\"dateModified\":\"2025-09-16T15:05:33+00:00\",\"breadcrumb\":{\"@id\":\"https:\/\/agenciainfra.com\/blog\/opiniao-utilizacao-de-atestados-de-empresas-subcontratadas-em-licitacoes-publicas\/#breadcrumb\"},\"inLanguage\":\"pt-BR\",\"potentialAction\":[{\"@type\":\"ReadAction\",\"target\":[\"https:\/\/agenciainfra.com\/blog\/opiniao-utilizacao-de-atestados-de-empresas-subcontratadas-em-licitacoes-publicas\/\"]}]},{\"@type\":\"ImageObject\",\"inLanguage\":\"pt-BR\",\"@id\":\"https:\/\/agenciainfra.com\/blog\/opiniao-utilizacao-de-atestados-de-empresas-subcontratadas-em-licitacoes-publicas\/#primaryimage\",\"url\":\"https:\/\/agenciainfra.com\/blog\/wp-content\/uploads\/2025\/09\/guilherme-reisdorf-foto-divulgacao.jpg\",\"contentUrl\":\"https:\/\/agenciainfra.com\/blog\/wp-content\/uploads\/2025\/09\/guilherme-reisdorf-foto-divulgacao.jpg\",\"width\":1098,\"height\":654,\"caption\":\"Foto: Divulga\u00e7\u00e3o\"},{\"@type\":\"BreadcrumbList\",\"@id\":\"https:\/\/agenciainfra.com\/blog\/opiniao-utilizacao-de-atestados-de-empresas-subcontratadas-em-licitacoes-publicas\/#breadcrumb\",\"itemListElement\":[{\"@type\":\"ListItem\",\"position\":1,\"name\":\"In\u00edcio\",\"item\":\"https:\/\/agenciainfra.com\/blog\/\"},{\"@type\":\"ListItem\",\"position\":2,\"name\":\"Opini\u00e3o \u2013 Utiliza\u00e7\u00e3o de atestados de empresas subcontratadas em licita\u00e7\u00f5es p\u00fablicas\"}]},{\"@type\":\"WebSite\",\"@id\":\"https:\/\/agenciainfra.com\/blog\/#website\",\"url\":\"https:\/\/agenciainfra.com\/blog\/\",\"name\":\"Ag\u00eancia iNFRA\",\"description\":\"Multiplataforma de informa\u00e7\u00e3o jornal\u00edstica refer\u00eancia na \u00e1rea de infraestrutura no Brasil!\",\"publisher\":{\"@id\":\"https:\/\/agenciainfra.com\/blog\/#organization\"},\"potentialAction\":[{\"@type\":\"SearchAction\",\"target\":{\"@type\":\"EntryPoint\",\"urlTemplate\":\"https:\/\/agenciainfra.com\/blog\/?s={search_term_string}\"},\"query-input\":{\"@type\":\"PropertyValueSpecification\",\"valueRequired\":true,\"valueName\":\"search_term_string\"}}],\"inLanguage\":\"pt-BR\"},{\"@type\":\"Organization\",\"@id\":\"https:\/\/agenciainfra.com\/blog\/#organization\",\"name\":\"Ag\u00eancia iNFRA\",\"url\":\"https:\/\/agenciainfra.com\/blog\/\",\"logo\":{\"@type\":\"ImageObject\",\"inLanguage\":\"pt-BR\",\"@id\":\"https:\/\/agenciainfra.com\/blog\/#\/schema\/logo\/image\/\",\"url\":\"https:\/\/agenciainfra.com\/blog\/wp-content\/uploads\/2023\/09\/iNFRA_5-e1761735885940.png\",\"contentUrl\":\"https:\/\/agenciainfra.com\/blog\/wp-content\/uploads\/2023\/09\/iNFRA_5-e1761735885940.png\",\"width\":1672,\"height\":454,\"caption\":\"Ag\u00eancia iNFRA\"},\"image\":{\"@id\":\"https:\/\/agenciainfra.com\/blog\/#\/schema\/logo\/image\/\"},\"sameAs\":[\"https:\/\/www.facebook.com\/ageninfra\",\"https:\/\/x.com\/agencia_infra\",\"https:\/\/www.linkedin.com\/company\/ag\u00eanciainfra\/\",\"https:\/\/www.instagram.com\/agenciainfra\/\"]},{\"@type\":\"Person\",\"@id\":\"https:\/\/agenciainfra.com\/blog\/#\/schema\/person\/34af08dff6adea4cb22b06612ba7acfa\",\"name\":\"Ag\u00eancia iNFRA\",\"image\":{\"@type\":\"ImageObject\",\"inLanguage\":\"pt-BR\",\"@id\":\"https:\/\/agenciainfra.com\/blog\/#\/schema\/person\/image\/\",\"url\":\"https:\/\/secure.gravatar.com\/avatar\/d189e01678f06d8eb84d4e01f08eb848b3fffe3f8443818d3c356c66892f5be8?s=96&d=mm&r=g\",\"contentUrl\":\"https:\/\/secure.gravatar.com\/avatar\/d189e01678f06d8eb84d4e01f08eb848b3fffe3f8443818d3c356c66892f5be8?s=96&d=mm&r=g\",\"caption\":\"Ag\u00eancia iNFRA\"},\"url\":\"https:\/\/agenciainfra.com\/blog\/author\/admin\/\"}]}<\/script>\n<!-- \/ Yoast SEO Premium plugin. -->","yoast_head_json":{"title":"Opini\u00e3o \u2013 Utiliza\u00e7\u00e3o de atestados de empresas subcontratadas em licita\u00e7\u00f5es p\u00fablicas - Ag\u00eancia iNFRA","robots":{"index":"index","follow":"follow","max-snippet":"max-snippet:-1","max-image-preview":"max-image-preview:large","max-video-preview":"max-video-preview:-1"},"canonical":"https:\/\/agenciainfra.com\/blog\/opiniao-utilizacao-de-atestados-de-empresas-subcontratadas-em-licitacoes-publicas\/","og_locale":"pt_BR","og_type":"article","og_title":"Opini\u00e3o \u2013 Utiliza\u00e7\u00e3o de atestados de empresas subcontratadas em licita\u00e7\u00f5es p\u00fablicas","og_description":"Guilherme Reisdorfer* Por muito tempo, o debate sobre a subcontrata\u00e7\u00e3o em contratos administrativos foi pautado por discuss\u00f5es sobre a compatibilidade desse expediente com a l\u00f3gica da licita\u00e7\u00e3o e a prop\u00f3sito da necessidade de autoriza\u00e7\u00e3o em edital e contrato para determinar se e em que medida a subcontrata\u00e7\u00e3o poderia ocorrer. N\u00e3o s\u00e3o incomuns manifesta\u00e7\u00f5es como a [&hellip;]","og_url":"https:\/\/agenciainfra.com\/blog\/opiniao-utilizacao-de-atestados-de-empresas-subcontratadas-em-licitacoes-publicas\/","og_site_name":"Ag\u00eancia iNFRA","article_publisher":"https:\/\/www.facebook.com\/ageninfra","article_published_time":"2025-09-16T15:05:31+00:00","article_modified_time":"2025-09-16T15:05:33+00:00","og_image":[{"width":1098,"height":654,"url":"https:\/\/agenciainfra.com\/blog\/wp-content\/uploads\/2025\/09\/guilherme-reisdorf-foto-divulgacao.jpg","type":"image\/jpeg"}],"author":"Ag\u00eancia iNFRA","twitter_card":"summary_large_image","twitter_creator":"@agencia_infra","twitter_site":"@agencia_infra","twitter_misc":{"Escrito por":"Ag\u00eancia iNFRA","Est. tempo de leitura":"4 minutos"},"schema":{"@context":"https:\/\/schema.org","@graph":[{"@type":"Article","@id":"https:\/\/agenciainfra.com\/blog\/opiniao-utilizacao-de-atestados-de-empresas-subcontratadas-em-licitacoes-publicas\/#article","isPartOf":{"@id":"https:\/\/agenciainfra.com\/blog\/opiniao-utilizacao-de-atestados-de-empresas-subcontratadas-em-licitacoes-publicas\/"},"author":{"name":"Ag\u00eancia iNFRA","@id":"https:\/\/agenciainfra.com\/blog\/#\/schema\/person\/34af08dff6adea4cb22b06612ba7acfa"},"headline":"Opini\u00e3o \u2013 Utiliza\u00e7\u00e3o de atestados de empresas subcontratadas em licita\u00e7\u00f5es p\u00fablicas","datePublished":"2025-09-16T15:05:31+00:00","dateModified":"2025-09-16T15:05:33+00:00","mainEntityOfPage":{"@id":"https:\/\/agenciainfra.com\/blog\/opiniao-utilizacao-de-atestados-de-empresas-subcontratadas-em-licitacoes-publicas\/"},"wordCount":856,"publisher":{"@id":"https:\/\/agenciainfra.com\/blog\/#organization"},"image":{"@id":"https:\/\/agenciainfra.com\/blog\/opiniao-utilizacao-de-atestados-de-empresas-subcontratadas-em-licitacoes-publicas\/#primaryimage"},"thumbnailUrl":"https:\/\/agenciainfra.com\/blog\/wp-content\/uploads\/2025\/09\/guilherme-reisdorf-foto-divulgacao.jpg","keywords":["contrata\u00e7\u00f5es p\u00fablicas","guilherme reisdorfer","licita\u00e7\u00f5es p\u00fablicas","subcontrata\u00e7\u00e3o","TCU"],"articleSection":["Geral","iNFRATransporte"],"inLanguage":"pt-BR","copyrightYear":"2025","copyrightHolder":{"@id":"https:\/\/agenciainfra.com\/blog\/#organization"}},{"@type":"WebPage","@id":"https:\/\/agenciainfra.com\/blog\/opiniao-utilizacao-de-atestados-de-empresas-subcontratadas-em-licitacoes-publicas\/","url":"https:\/\/agenciainfra.com\/blog\/opiniao-utilizacao-de-atestados-de-empresas-subcontratadas-em-licitacoes-publicas\/","name":"Opini\u00e3o \u2013 Utiliza\u00e7\u00e3o de atestados de empresas subcontratadas em licita\u00e7\u00f5es p\u00fablicas - Ag\u00eancia iNFRA","isPartOf":{"@id":"https:\/\/agenciainfra.com\/blog\/#website"},"primaryImageOfPage":{"@id":"https:\/\/agenciainfra.com\/blog\/opiniao-utilizacao-de-atestados-de-empresas-subcontratadas-em-licitacoes-publicas\/#primaryimage"},"image":{"@id":"https:\/\/agenciainfra.com\/blog\/opiniao-utilizacao-de-atestados-de-empresas-subcontratadas-em-licitacoes-publicas\/#primaryimage"},"thumbnailUrl":"https:\/\/agenciainfra.com\/blog\/wp-content\/uploads\/2025\/09\/guilherme-reisdorf-foto-divulgacao.jpg","datePublished":"2025-09-16T15:05:31+00:00","dateModified":"2025-09-16T15:05:33+00:00","breadcrumb":{"@id":"https:\/\/agenciainfra.com\/blog\/opiniao-utilizacao-de-atestados-de-empresas-subcontratadas-em-licitacoes-publicas\/#breadcrumb"},"inLanguage":"pt-BR","potentialAction":[{"@type":"ReadAction","target":["https:\/\/agenciainfra.com\/blog\/opiniao-utilizacao-de-atestados-de-empresas-subcontratadas-em-licitacoes-publicas\/"]}]},{"@type":"ImageObject","inLanguage":"pt-BR","@id":"https:\/\/agenciainfra.com\/blog\/opiniao-utilizacao-de-atestados-de-empresas-subcontratadas-em-licitacoes-publicas\/#primaryimage","url":"https:\/\/agenciainfra.com\/blog\/wp-content\/uploads\/2025\/09\/guilherme-reisdorf-foto-divulgacao.jpg","contentUrl":"https:\/\/agenciainfra.com\/blog\/wp-content\/uploads\/2025\/09\/guilherme-reisdorf-foto-divulgacao.jpg","width":1098,"height":654,"caption":"Foto: Divulga\u00e7\u00e3o"},{"@type":"BreadcrumbList","@id":"https:\/\/agenciainfra.com\/blog\/opiniao-utilizacao-de-atestados-de-empresas-subcontratadas-em-licitacoes-publicas\/#breadcrumb","itemListElement":[{"@type":"ListItem","position":1,"name":"In\u00edcio","item":"https:\/\/agenciainfra.com\/blog\/"},{"@type":"ListItem","position":2,"name":"Opini\u00e3o \u2013 Utiliza\u00e7\u00e3o de atestados de empresas subcontratadas em licita\u00e7\u00f5es p\u00fablicas"}]},{"@type":"WebSite","@id":"https:\/\/agenciainfra.com\/blog\/#website","url":"https:\/\/agenciainfra.com\/blog\/","name":"Ag\u00eancia iNFRA","description":"Multiplataforma de informa\u00e7\u00e3o jornal\u00edstica refer\u00eancia na \u00e1rea de infraestrutura no Brasil!","publisher":{"@id":"https:\/\/agenciainfra.com\/blog\/#organization"},"potentialAction":[{"@type":"SearchAction","target":{"@type":"EntryPoint","urlTemplate":"https:\/\/agenciainfra.com\/blog\/?s={search_term_string}"},"query-input":{"@type":"PropertyValueSpecification","valueRequired":true,"valueName":"search_term_string"}}],"inLanguage":"pt-BR"},{"@type":"Organization","@id":"https:\/\/agenciainfra.com\/blog\/#organization","name":"Ag\u00eancia iNFRA","url":"https:\/\/agenciainfra.com\/blog\/","logo":{"@type":"ImageObject","inLanguage":"pt-BR","@id":"https:\/\/agenciainfra.com\/blog\/#\/schema\/logo\/image\/","url":"https:\/\/agenciainfra.com\/blog\/wp-content\/uploads\/2023\/09\/iNFRA_5-e1761735885940.png","contentUrl":"https:\/\/agenciainfra.com\/blog\/wp-content\/uploads\/2023\/09\/iNFRA_5-e1761735885940.png","width":1672,"height":454,"caption":"Ag\u00eancia iNFRA"},"image":{"@id":"https:\/\/agenciainfra.com\/blog\/#\/schema\/logo\/image\/"},"sameAs":["https:\/\/www.facebook.com\/ageninfra","https:\/\/x.com\/agencia_infra","https:\/\/www.linkedin.com\/company\/ag\u00eanciainfra\/","https:\/\/www.instagram.com\/agenciainfra\/"]},{"@type":"Person","@id":"https:\/\/agenciainfra.com\/blog\/#\/schema\/person\/34af08dff6adea4cb22b06612ba7acfa","name":"Ag\u00eancia iNFRA","image":{"@type":"ImageObject","inLanguage":"pt-BR","@id":"https:\/\/agenciainfra.com\/blog\/#\/schema\/person\/image\/","url":"https:\/\/secure.gravatar.com\/avatar\/d189e01678f06d8eb84d4e01f08eb848b3fffe3f8443818d3c356c66892f5be8?s=96&d=mm&r=g","contentUrl":"https:\/\/secure.gravatar.com\/avatar\/d189e01678f06d8eb84d4e01f08eb848b3fffe3f8443818d3c356c66892f5be8?s=96&d=mm&r=g","caption":"Ag\u00eancia iNFRA"},"url":"https:\/\/agenciainfra.com\/blog\/author\/admin\/"}]}},"_links":{"self":[{"href":"https:\/\/agenciainfra.com\/blog\/wp-json\/wp\/v2\/posts\/27862","targetHints":{"allow":["GET"]}}],"collection":[{"href":"https:\/\/agenciainfra.com\/blog\/wp-json\/wp\/v2\/posts"}],"about":[{"href":"https:\/\/agenciainfra.com\/blog\/wp-json\/wp\/v2\/types\/post"}],"author":[{"embeddable":true,"href":"https:\/\/agenciainfra.com\/blog\/wp-json\/wp\/v2\/users\/1"}],"replies":[{"embeddable":true,"href":"https:\/\/agenciainfra.com\/blog\/wp-json\/wp\/v2\/comments?post=27862"}],"version-history":[{"count":1,"href":"https:\/\/agenciainfra.com\/blog\/wp-json\/wp\/v2\/posts\/27862\/revisions"}],"predecessor-version":[{"id":27867,"href":"https:\/\/agenciainfra.com\/blog\/wp-json\/wp\/v2\/posts\/27862\/revisions\/27867"}],"wp:featuredmedia":[{"embeddable":true,"href":"https:\/\/agenciainfra.com\/blog\/wp-json\/wp\/v2\/media\/27863"}],"wp:attachment":[{"href":"https:\/\/agenciainfra.com\/blog\/wp-json\/wp\/v2\/media?parent=27862"}],"wp:term":[{"taxonomy":"category","embeddable":true,"href":"https:\/\/agenciainfra.com\/blog\/wp-json\/wp\/v2\/categories?post=27862"},{"taxonomy":"post_tag","embeddable":true,"href":"https:\/\/agenciainfra.com\/blog\/wp-json\/wp\/v2\/tags?post=27862"}],"curies":[{"name":"wp","href":"https:\/\/api.w.org\/{rel}","templated":true}]}}