{"id":27864,"date":"2025-09-16T12:00:51","date_gmt":"2025-09-16T15:00:51","guid":{"rendered":"https:\/\/agenciainfra.com\/blog\/?p=27864"},"modified":"2025-09-16T17:05:16","modified_gmt":"2025-09-16T20:05:16","slug":"transicao-energetica-requer-engajamento-de-todos-os-agentes-diz-willamy-frota","status":"publish","type":"post","link":"https:\/\/agenciainfra.com\/blog\/transicao-energetica-requer-engajamento-de-todos-os-agentes-diz-willamy-frota\/","title":{"rendered":"Transi\u00e7\u00e3o energ\u00e9tica requer engajamento de todos os agentes, diz Willamy Frota"},"content":{"rendered":"\n<p class=\"has-text-align-right\"><strong>Marisa Wanzeller, da Ag\u00eancia iNFRA<\/strong><\/p>\n\n\n\n<p>O diretor Willamy Frota, rec\u00e9m empossado na ANEEL (Ag\u00eancia Nacional de Energia El\u00e9trica), afirmou nesta ter\u00e7a-feira (16) que a transi\u00e7\u00e3o energ\u00e9tica justa \u201cdemanda engajamento cont\u00ednuo e ampliado de todos os agentes setoriais\u201d. Ele destacou a import\u00e2ncia da atua\u00e7\u00e3o coletiva e se comprometeu a manter di\u00e1logo cont\u00ednuo com o setor, com o Congresso Nacional e com o poder concedente.<\/p>\n\n\n\n<p>Durante cerim\u00f4nia de posse na sede do MME (Minist\u00e9rio de Minas e Energia), Willamy apontou que a elevada complexidade do setor el\u00e9trico brasileiro \u201cimp\u00f5e \u00e0 ANEEL papel fundamental\u201d para \u201cproteger os consumidores e dar previsibilidade aos agentes do mercado\u201d.<\/p>\n","protected":false},"excerpt":{"rendered":"<p>Marisa Wanzeller, da Ag\u00eancia iNFRA O diretor Willamy Frota, rec\u00e9m empossado na ANEEL (Ag\u00eancia Nacional de Energia El\u00e9trica), afirmou nesta ter\u00e7a-feira (16) que a transi\u00e7\u00e3o energ\u00e9tica justa \u201cdemanda engajamento cont\u00ednuo e ampliado de todos os agentes setoriais\u201d. Ele destacou a import\u00e2ncia da atua\u00e7\u00e3o coletiva e se comprometeu a manter di\u00e1logo cont\u00ednuo com o setor, com [&hellip;]<\/p>\n","protected":false},"author":1,"featured_media":27865,"comment_status":"closed","ping_status":"closed","sticky":false,"template":"","format":"standard","meta":{"_monsterinsights_skip_tracking":false,"_monsterinsights_sitenote_active":false,"_monsterinsights_sitenote_note":"","_monsterinsights_sitenote_category":0,"footnotes":""},"categories":[1,10],"tags":[220,46,53,9543,25,282,7366,54,2006,11892],"class_list":["post-27864","post","type-post","status-publish","format-standard","has-post-thumbnail","hentry","category-geral","category-infraenergia","tag-agencia-infra","tag-agencias-reguladoras","tag-aneel","tag-diretoria-da-aneel","tag-energia","tag-energia-eletrica","tag-marisa-wanzeller","tag-setor-eletrico","tag-transicao-energetica","tag-willamy-frota"],"yoast_head":"<!-- This site is optimized with the Yoast SEO Premium plugin v25.4 (Yoast SEO v26.0) - https:\/\/yoast.com\/wordpress\/plugins\/seo\/ -->\n<title>Transi\u00e7\u00e3o energ\u00e9tica requer engajamento de todos os agentes, diz Willamy Frota - Ag\u00eancia iNFRA<\/title>\n<meta name=\"robots\" content=\"index, follow, max-snippet:-1, max-image-preview:large, max-video-preview:-1\" \/>\n<link rel=\"canonical\" href=\"https:\/\/agenciainfra.com\/blog\/transicao-energetica-requer-engajamento-de-todos-os-agentes-diz-willamy-frota\/\" \/>\n<meta property=\"og:locale\" content=\"pt_BR\" \/>\n<meta property=\"og:type\" content=\"article\" \/>\n<meta property=\"og:title\" content=\"Transi\u00e7\u00e3o energ\u00e9tica requer engajamento de todos os agentes, diz Willamy Frota\" \/>\n<meta property=\"og:description\" content=\"Marisa Wanzeller, da Ag\u00eancia iNFRA O diretor Willamy Frota, rec\u00e9m empossado na ANEEL (Ag\u00eancia Nacional de Energia El\u00e9trica), afirmou nesta ter\u00e7a-feira (16) que a transi\u00e7\u00e3o energ\u00e9tica justa \u201cdemanda engajamento cont\u00ednuo e ampliado de todos os agentes setoriais\u201d. Ele destacou a import\u00e2ncia da atua\u00e7\u00e3o coletiva e se comprometeu a manter di\u00e1logo cont\u00ednuo com o setor, com [&hellip;]\" \/>\n<meta property=\"og:url\" content=\"https:\/\/agenciainfra.com\/blog\/transicao-energetica-requer-engajamento-de-todos-os-agentes-diz-willamy-frota\/\" \/>\n<meta property=\"og:site_name\" content=\"Ag\u00eancia iNFRA\" \/>\n<meta property=\"article:publisher\" content=\"https:\/\/www.facebook.com\/ageninfra\" \/>\n<meta property=\"article:published_time\" content=\"2025-09-16T15:00:51+00:00\" \/>\n<meta property=\"article:modified_time\" content=\"2025-09-16T20:05:16+00:00\" \/>\n<meta property=\"og:image\" content=\"https:\/\/agenciainfra.com\/blog\/wp-content\/uploads\/2025\/09\/willamy-frota-foto-saulo_cruz-agencia-senado.jpg\" \/>\n\t<meta property=\"og:image:width\" content=\"860\" \/>\n\t<meta property=\"og:image:height\" content=\"570\" \/>\n\t<meta property=\"og:image:type\" content=\"image\/jpeg\" \/>\n<meta name=\"author\" content=\"Ag\u00eancia iNFRA\" \/>\n<meta name=\"twitter:card\" content=\"summary_large_image\" \/>\n<meta name=\"twitter:creator\" content=\"@agencia_infra\" \/>\n<meta name=\"twitter:site\" content=\"@agencia_infra\" \/>\n<meta name=\"twitter:label1\" content=\"Escrito por\" \/>\n\t<meta name=\"twitter:data1\" content=\"Ag\u00eancia iNFRA\" \/>\n\t<meta name=\"twitter:label2\" content=\"Est. tempo de leitura\" \/>\n\t<meta name=\"twitter:data2\" content=\"1 minuto\" \/>\n<script type=\"application\/ld+json\" class=\"yoast-schema-graph\">{\"@context\":\"https:\/\/schema.org\",\"@graph\":[{\"@type\":\"Article\",\"@id\":\"https:\/\/agenciainfra.com\/blog\/transicao-energetica-requer-engajamento-de-todos-os-agentes-diz-willamy-frota\/#article\",\"isPartOf\":{\"@id\":\"https:\/\/agenciainfra.com\/blog\/transicao-energetica-requer-engajamento-de-todos-os-agentes-diz-willamy-frota\/\"},\"author\":{\"name\":\"Ag\u00eancia iNFRA\",\"@id\":\"https:\/\/agenciainfra.com\/blog\/#\/schema\/person\/34af08dff6adea4cb22b06612ba7acfa\"},\"headline\":\"Transi\u00e7\u00e3o energ\u00e9tica requer engajamento de todos os agentes, diz Willamy Frota\",\"datePublished\":\"2025-09-16T15:00:51+00:00\",\"dateModified\":\"2025-09-16T20:05:16+00:00\",\"mainEntityOfPage\":{\"@id\":\"https:\/\/agenciainfra.com\/blog\/transicao-energetica-requer-engajamento-de-todos-os-agentes-diz-willamy-frota\/\"},\"wordCount\":129,\"publisher\":{\"@id\":\"https:\/\/agenciainfra.com\/blog\/#organization\"},\"image\":{\"@id\":\"https:\/\/agenciainfra.com\/blog\/transicao-energetica-requer-engajamento-de-todos-os-agentes-diz-willamy-frota\/#primaryimage\"},\"thumbnailUrl\":\"https:\/\/agenciainfra.com\/blog\/wp-content\/uploads\/2025\/09\/willamy-frota-foto-saulo_cruz-agencia-senado.jpg\",\"keywords\":[\"Ag\u00eancia iNFRA\",\"Ag\u00eancias Reguladoras\",\"ANEEL\",\"Diretoria da ANEEL\",\"energia\",\"energia el\u00e9trica\",\"Marisa Wanzeller\",\"Setor El\u00e9trico\",\"transi\u00e7\u00e3o energ\u00e9tica\",\"Willamy Frota\"],\"articleSection\":[\"Geral\",\"iNFRAEnergia\"],\"inLanguage\":\"pt-BR\",\"copyrightYear\":\"2025\",\"copyrightHolder\":{\"@id\":\"https:\/\/agenciainfra.com\/blog\/#organization\"}},{\"@type\":\"WebPage\",\"@id\":\"https:\/\/agenciainfra.com\/blog\/transicao-energetica-requer-engajamento-de-todos-os-agentes-diz-willamy-frota\/\",\"url\":\"https:\/\/agenciainfra.com\/blog\/transicao-energetica-requer-engajamento-de-todos-os-agentes-diz-willamy-frota\/\",\"name\":\"Transi\u00e7\u00e3o energ\u00e9tica requer engajamento de todos os agentes, diz Willamy Frota - Ag\u00eancia iNFRA\",\"isPartOf\":{\"@id\":\"https:\/\/agenciainfra.com\/blog\/#website\"},\"primaryImageOfPage\":{\"@id\":\"https:\/\/agenciainfra.com\/blog\/transicao-energetica-requer-engajamento-de-todos-os-agentes-diz-willamy-frota\/#primaryimage\"},\"image\":{\"@id\":\"https:\/\/agenciainfra.com\/blog\/transicao-energetica-requer-engajamento-de-todos-os-agentes-diz-willamy-frota\/#primaryimage\"},\"thumbnailUrl\":\"https:\/\/agenciainfra.com\/blog\/wp-content\/uploads\/2025\/09\/willamy-frota-foto-saulo_cruz-agencia-senado.jpg\",\"datePublished\":\"2025-09-16T15:00:51+00:00\",\"dateModified\":\"2025-09-16T20:05:16+00:00\",\"breadcrumb\":{\"@id\":\"https:\/\/agenciainfra.com\/blog\/transicao-energetica-requer-engajamento-de-todos-os-agentes-diz-willamy-frota\/#breadcrumb\"},\"inLanguage\":\"pt-BR\",\"potentialAction\":[{\"@type\":\"ReadAction\",\"target\":[\"https:\/\/agenciainfra.com\/blog\/transicao-energetica-requer-engajamento-de-todos-os-agentes-diz-willamy-frota\/\"]}]},{\"@type\":\"ImageObject\",\"inLanguage\":\"pt-BR\",\"@id\":\"https:\/\/agenciainfra.com\/blog\/transicao-energetica-requer-engajamento-de-todos-os-agentes-diz-willamy-frota\/#primaryimage\",\"url\":\"https:\/\/agenciainfra.com\/blog\/wp-content\/uploads\/2025\/09\/willamy-frota-foto-saulo_cruz-agencia-senado.jpg\",\"contentUrl\":\"https:\/\/agenciainfra.com\/blog\/wp-content\/uploads\/2025\/09\/willamy-frota-foto-saulo_cruz-agencia-senado.jpg\",\"width\":860,\"height\":570,\"caption\":\"Foto: Saulo Cruz\/Ag\u00eancia Senado\"},{\"@type\":\"BreadcrumbList\",\"@id\":\"https:\/\/agenciainfra.com\/blog\/transicao-energetica-requer-engajamento-de-todos-os-agentes-diz-willamy-frota\/#breadcrumb\",\"itemListElement\":[{\"@type\":\"ListItem\",\"position\":1,\"name\":\"In\u00edcio\",\"item\":\"https:\/\/agenciainfra.com\/blog\/\"},{\"@type\":\"ListItem\",\"position\":2,\"name\":\"Transi\u00e7\u00e3o energ\u00e9tica requer engajamento de todos os agentes, diz Willamy Frota\"}]},{\"@type\":\"WebSite\",\"@id\":\"https:\/\/agenciainfra.com\/blog\/#website\",\"url\":\"https:\/\/agenciainfra.com\/blog\/\",\"name\":\"Ag\u00eancia iNFRA\",\"description\":\"Multiplataforma de informa\u00e7\u00e3o jornal\u00edstica refer\u00eancia na \u00e1rea de infraestrutura no Brasil!\",\"publisher\":{\"@id\":\"https:\/\/agenciainfra.com\/blog\/#organization\"},\"potentialAction\":[{\"@type\":\"SearchAction\",\"target\":{\"@type\":\"EntryPoint\",\"urlTemplate\":\"https:\/\/agenciainfra.com\/blog\/?s={search_term_string}\"},\"query-input\":{\"@type\":\"PropertyValueSpecification\",\"valueRequired\":true,\"valueName\":\"search_term_string\"}}],\"inLanguage\":\"pt-BR\"},{\"@type\":\"Organization\",\"@id\":\"https:\/\/agenciainfra.com\/blog\/#organization\",\"name\":\"Ag\u00eancia iNFRA\",\"url\":\"https:\/\/agenciainfra.com\/blog\/\",\"logo\":{\"@type\":\"ImageObject\",\"inLanguage\":\"pt-BR\",\"@id\":\"https:\/\/agenciainfra.com\/blog\/#\/schema\/logo\/image\/\",\"url\":\"https:\/\/agenciainfra.com\/blog\/wp-content\/uploads\/2023\/09\/iNFRA_5-e1761735885940.png\",\"contentUrl\":\"https:\/\/agenciainfra.com\/blog\/wp-content\/uploads\/2023\/09\/iNFRA_5-e1761735885940.png\",\"width\":1672,\"height\":454,\"caption\":\"Ag\u00eancia iNFRA\"},\"image\":{\"@id\":\"https:\/\/agenciainfra.com\/blog\/#\/schema\/logo\/image\/\"},\"sameAs\":[\"https:\/\/www.facebook.com\/ageninfra\",\"https:\/\/x.com\/agencia_infra\",\"https:\/\/www.linkedin.com\/company\/ag\u00eanciainfra\/\",\"https:\/\/www.instagram.com\/agenciainfra\/\"]},{\"@type\":\"Person\",\"@id\":\"https:\/\/agenciainfra.com\/blog\/#\/schema\/person\/34af08dff6adea4cb22b06612ba7acfa\",\"name\":\"Ag\u00eancia iNFRA\",\"image\":{\"@type\":\"ImageObject\",\"inLanguage\":\"pt-BR\",\"@id\":\"https:\/\/agenciainfra.com\/blog\/#\/schema\/person\/image\/\",\"url\":\"https:\/\/secure.gravatar.com\/avatar\/d189e01678f06d8eb84d4e01f08eb848b3fffe3f8443818d3c356c66892f5be8?s=96&d=mm&r=g\",\"contentUrl\":\"https:\/\/secure.gravatar.com\/avatar\/d189e01678f06d8eb84d4e01f08eb848b3fffe3f8443818d3c356c66892f5be8?s=96&d=mm&r=g\",\"caption\":\"Ag\u00eancia iNFRA\"},\"url\":\"https:\/\/agenciainfra.com\/blog\/author\/admin\/\"}]}<\/script>\n<!-- \/ Yoast SEO Premium plugin. -->","yoast_head_json":{"title":"Transi\u00e7\u00e3o energ\u00e9tica requer engajamento de todos os agentes, diz Willamy Frota - Ag\u00eancia iNFRA","robots":{"index":"index","follow":"follow","max-snippet":"max-snippet:-1","max-image-preview":"max-image-preview:large","max-video-preview":"max-video-preview:-1"},"canonical":"https:\/\/agenciainfra.com\/blog\/transicao-energetica-requer-engajamento-de-todos-os-agentes-diz-willamy-frota\/","og_locale":"pt_BR","og_type":"article","og_title":"Transi\u00e7\u00e3o energ\u00e9tica requer engajamento de todos os agentes, diz Willamy Frota","og_description":"Marisa Wanzeller, da Ag\u00eancia iNFRA O diretor Willamy Frota, rec\u00e9m empossado na ANEEL (Ag\u00eancia Nacional de Energia El\u00e9trica), afirmou nesta ter\u00e7a-feira (16) que a transi\u00e7\u00e3o energ\u00e9tica justa \u201cdemanda engajamento cont\u00ednuo e ampliado de todos os agentes setoriais\u201d. Ele destacou a import\u00e2ncia da atua\u00e7\u00e3o coletiva e se comprometeu a manter di\u00e1logo cont\u00ednuo com o setor, com [&hellip;]","og_url":"https:\/\/agenciainfra.com\/blog\/transicao-energetica-requer-engajamento-de-todos-os-agentes-diz-willamy-frota\/","og_site_name":"Ag\u00eancia iNFRA","article_publisher":"https:\/\/www.facebook.com\/ageninfra","article_published_time":"2025-09-16T15:00:51+00:00","article_modified_time":"2025-09-16T20:05:16+00:00","og_image":[{"width":860,"height":570,"url":"https:\/\/agenciainfra.com\/blog\/wp-content\/uploads\/2025\/09\/willamy-frota-foto-saulo_cruz-agencia-senado.jpg","type":"image\/jpeg"}],"author":"Ag\u00eancia iNFRA","twitter_card":"summary_large_image","twitter_creator":"@agencia_infra","twitter_site":"@agencia_infra","twitter_misc":{"Escrito por":"Ag\u00eancia iNFRA","Est. tempo de leitura":"1 minuto"},"schema":{"@context":"https:\/\/schema.org","@graph":[{"@type":"Article","@id":"https:\/\/agenciainfra.com\/blog\/transicao-energetica-requer-engajamento-de-todos-os-agentes-diz-willamy-frota\/#article","isPartOf":{"@id":"https:\/\/agenciainfra.com\/blog\/transicao-energetica-requer-engajamento-de-todos-os-agentes-diz-willamy-frota\/"},"author":{"name":"Ag\u00eancia iNFRA","@id":"https:\/\/agenciainfra.com\/blog\/#\/schema\/person\/34af08dff6adea4cb22b06612ba7acfa"},"headline":"Transi\u00e7\u00e3o energ\u00e9tica requer engajamento de todos os agentes, diz Willamy Frota","datePublished":"2025-09-16T15:00:51+00:00","dateModified":"2025-09-16T20:05:16+00:00","mainEntityOfPage":{"@id":"https:\/\/agenciainfra.com\/blog\/transicao-energetica-requer-engajamento-de-todos-os-agentes-diz-willamy-frota\/"},"wordCount":129,"publisher":{"@id":"https:\/\/agenciainfra.com\/blog\/#organization"},"image":{"@id":"https:\/\/agenciainfra.com\/blog\/transicao-energetica-requer-engajamento-de-todos-os-agentes-diz-willamy-frota\/#primaryimage"},"thumbnailUrl":"https:\/\/agenciainfra.com\/blog\/wp-content\/uploads\/2025\/09\/willamy-frota-foto-saulo_cruz-agencia-senado.jpg","keywords":["Ag\u00eancia iNFRA","Ag\u00eancias Reguladoras","ANEEL","Diretoria da ANEEL","energia","energia el\u00e9trica","Marisa Wanzeller","Setor El\u00e9trico","transi\u00e7\u00e3o energ\u00e9tica","Willamy Frota"],"articleSection":["Geral","iNFRAEnergia"],"inLanguage":"pt-BR","copyrightYear":"2025","copyrightHolder":{"@id":"https:\/\/agenciainfra.com\/blog\/#organization"}},{"@type":"WebPage","@id":"https:\/\/agenciainfra.com\/blog\/transicao-energetica-requer-engajamento-de-todos-os-agentes-diz-willamy-frota\/","url":"https:\/\/agenciainfra.com\/blog\/transicao-energetica-requer-engajamento-de-todos-os-agentes-diz-willamy-frota\/","name":"Transi\u00e7\u00e3o energ\u00e9tica requer engajamento de todos os agentes, diz Willamy Frota - Ag\u00eancia iNFRA","isPartOf":{"@id":"https:\/\/agenciainfra.com\/blog\/#website"},"primaryImageOfPage":{"@id":"https:\/\/agenciainfra.com\/blog\/transicao-energetica-requer-engajamento-de-todos-os-agentes-diz-willamy-frota\/#primaryimage"},"image":{"@id":"https:\/\/agenciainfra.com\/blog\/transicao-energetica-requer-engajamento-de-todos-os-agentes-diz-willamy-frota\/#primaryimage"},"thumbnailUrl":"https:\/\/agenciainfra.com\/blog\/wp-content\/uploads\/2025\/09\/willamy-frota-foto-saulo_cruz-agencia-senado.jpg","datePublished":"2025-09-16T15:00:51+00:00","dateModified":"2025-09-16T20:05:16+00:00","breadcrumb":{"@id":"https:\/\/agenciainfra.com\/blog\/transicao-energetica-requer-engajamento-de-todos-os-agentes-diz-willamy-frota\/#breadcrumb"},"inLanguage":"pt-BR","potentialAction":[{"@type":"ReadAction","target":["https:\/\/agenciainfra.com\/blog\/transicao-energetica-requer-engajamento-de-todos-os-agentes-diz-willamy-frota\/"]}]},{"@type":"ImageObject","inLanguage":"pt-BR","@id":"https:\/\/agenciainfra.com\/blog\/transicao-energetica-requer-engajamento-de-todos-os-agentes-diz-willamy-frota\/#primaryimage","url":"https:\/\/agenciainfra.com\/blog\/wp-content\/uploads\/2025\/09\/willamy-frota-foto-saulo_cruz-agencia-senado.jpg","contentUrl":"https:\/\/agenciainfra.com\/blog\/wp-content\/uploads\/2025\/09\/willamy-frota-foto-saulo_cruz-agencia-senado.jpg","width":860,"height":570,"caption":"Foto: Saulo Cruz\/Ag\u00eancia Senado"},{"@type":"BreadcrumbList","@id":"https:\/\/agenciainfra.com\/blog\/transicao-energetica-requer-engajamento-de-todos-os-agentes-diz-willamy-frota\/#breadcrumb","itemListElement":[{"@type":"ListItem","position":1,"name":"In\u00edcio","item":"https:\/\/agenciainfra.com\/blog\/"},{"@type":"ListItem","position":2,"name":"Transi\u00e7\u00e3o energ\u00e9tica requer engajamento de todos os agentes, diz Willamy Frota"}]},{"@type":"WebSite","@id":"https:\/\/agenciainfra.com\/blog\/#website","url":"https:\/\/agenciainfra.com\/blog\/","name":"Ag\u00eancia iNFRA","description":"Multiplataforma de informa\u00e7\u00e3o jornal\u00edstica refer\u00eancia na \u00e1rea de infraestrutura no Brasil!","publisher":{"@id":"https:\/\/agenciainfra.com\/blog\/#organization"},"potentialAction":[{"@type":"SearchAction","target":{"@type":"EntryPoint","urlTemplate":"https:\/\/agenciainfra.com\/blog\/?s={search_term_string}"},"query-input":{"@type":"PropertyValueSpecification","valueRequired":true,"valueName":"search_term_string"}}],"inLanguage":"pt-BR"},{"@type":"Organization","@id":"https:\/\/agenciainfra.com\/blog\/#organization","name":"Ag\u00eancia iNFRA","url":"https:\/\/agenciainfra.com\/blog\/","logo":{"@type":"ImageObject","inLanguage":"pt-BR","@id":"https:\/\/agenciainfra.com\/blog\/#\/schema\/logo\/image\/","url":"https:\/\/agenciainfra.com\/blog\/wp-content\/uploads\/2023\/09\/iNFRA_5-e1761735885940.png","contentUrl":"https:\/\/agenciainfra.com\/blog\/wp-content\/uploads\/2023\/09\/iNFRA_5-e1761735885940.png","width":1672,"height":454,"caption":"Ag\u00eancia iNFRA"},"image":{"@id":"https:\/\/agenciainfra.com\/blog\/#\/schema\/logo\/image\/"},"sameAs":["https:\/\/www.facebook.com\/ageninfra","https:\/\/x.com\/agencia_infra","https:\/\/www.linkedin.com\/company\/ag\u00eanciainfra\/","https:\/\/www.instagram.com\/agenciainfra\/"]},{"@type":"Person","@id":"https:\/\/agenciainfra.com\/blog\/#\/schema\/person\/34af08dff6adea4cb22b06612ba7acfa","name":"Ag\u00eancia iNFRA","image":{"@type":"ImageObject","inLanguage":"pt-BR","@id":"https:\/\/agenciainfra.com\/blog\/#\/schema\/person\/image\/","url":"https:\/\/secure.gravatar.com\/avatar\/d189e01678f06d8eb84d4e01f08eb848b3fffe3f8443818d3c356c66892f5be8?s=96&d=mm&r=g","contentUrl":"https:\/\/secure.gravatar.com\/avatar\/d189e01678f06d8eb84d4e01f08eb848b3fffe3f8443818d3c356c66892f5be8?s=96&d=mm&r=g","caption":"Ag\u00eancia iNFRA"},"url":"https:\/\/agenciainfra.com\/blog\/author\/admin\/"}]}},"_links":{"self":[{"href":"https:\/\/agenciainfra.com\/blog\/wp-json\/wp\/v2\/posts\/27864","targetHints":{"allow":["GET"]}}],"collection":[{"href":"https:\/\/agenciainfra.com\/blog\/wp-json\/wp\/v2\/posts"}],"about":[{"href":"https:\/\/agenciainfra.com\/blog\/wp-json\/wp\/v2\/types\/post"}],"author":[{"embeddable":true,"href":"https:\/\/agenciainfra.com\/blog\/wp-json\/wp\/v2\/users\/1"}],"replies":[{"embeddable":true,"href":"https:\/\/agenciainfra.com\/blog\/wp-json\/wp\/v2\/comments?post=27864"}],"version-history":[{"count":3,"href":"https:\/\/agenciainfra.com\/blog\/wp-json\/wp\/v2\/posts\/27864\/revisions"}],"predecessor-version":[{"id":27912,"href":"https:\/\/agenciainfra.com\/blog\/wp-json\/wp\/v2\/posts\/27864\/revisions\/27912"}],"wp:featuredmedia":[{"embeddable":true,"href":"https:\/\/agenciainfra.com\/blog\/wp-json\/wp\/v2\/media\/27865"}],"wp:attachment":[{"href":"https:\/\/agenciainfra.com\/blog\/wp-json\/wp\/v2\/media?parent=27864"}],"wp:term":[{"taxonomy":"category","embeddable":true,"href":"https:\/\/agenciainfra.com\/blog\/wp-json\/wp\/v2\/categories?post=27864"},{"taxonomy":"post_tag","embeddable":true,"href":"https:\/\/agenciainfra.com\/blog\/wp-json\/wp\/v2\/tags?post=27864"}],"curies":[{"name":"wp","href":"https:\/\/api.w.org\/{rel}","templated":true}]}}