{"id":27878,"date":"2025-09-16T13:04:12","date_gmt":"2025-09-16T16:04:12","guid":{"rendered":"https:\/\/agenciainfra.com\/blog\/?p=27878"},"modified":"2025-09-16T20:10:38","modified_gmt":"2025-09-16T23:10:38","slug":"silveira-cita-tarcisio-e-nunes-mas-nega-critica-especifica-sobre-enel-sp","status":"publish","type":"post","link":"https:\/\/agenciainfra.com\/blog\/silveira-cita-tarcisio-e-nunes-mas-nega-critica-especifica-sobre-enel-sp\/","title":{"rendered":"Silveira cita Tarc\u00edsio e Nunes, mas nega cr\u00edtica espec\u00edfica sobre Enel SP"},"content":{"rendered":"\n<p class=\"has-text-align-right\"><strong>Marisa Wanzeller e Lais Carregosa, da Ag\u00eancia iNFRA<\/strong><\/p>\n\n\n\n<p>O ministro de Minas e Energia, Alexandre Silveira, disse nesta ter\u00e7a-feira (16) a jornalistas que suas cr\u00edticas quanto \u00e0 demora na conclus\u00e3o do processo de renova\u00e7\u00e3o das concess\u00f5es de distribui\u00e7\u00e3o de energia n\u00e3o foram espec\u00edficas ao caso da Enel S\u00e3o Paulo. No entanto, ressaltou que cr\u00edticas pol\u00edticas como as do governador de S\u00e3o Paulo, Tarc\u00edsio de Freitas (Republicanos), e do prefeito da capital, Ricardo Nunes (MDB), n\u00e3o devem prevalecer na decis\u00e3o sobre a prorroga\u00e7\u00e3o dos contratos.<\/p>\n\n\n\n<p>\u201cEu acho que [o processo] est\u00e1 muito moroso e isso me angustia muito (&#8230;) por isso fiz uma cobran\u00e7a p\u00fablica de que a ag\u00eancia [ANEEL] deve cumprir com velocidade o decreto presidencial&#8221;, disse a jornalistas ap\u00f3s cerim\u00f4nia de posse dos novos diretores da ANEEL (Ag\u00eancia Nacional de Energia El\u00e9trica) e da ANM (Ag\u00eancia Nacional de Minera\u00e7\u00e3o).<\/p>\n\n\n\n<p><\/p>\n","protected":false},"excerpt":{"rendered":"<p>Marisa Wanzeller e Lais Carregosa, da Ag\u00eancia iNFRA O ministro de Minas e Energia, Alexandre Silveira, disse nesta ter\u00e7a-feira (16) a jornalistas que suas cr\u00edticas quanto \u00e0 demora na conclus\u00e3o do processo de renova\u00e7\u00e3o das concess\u00f5es de distribui\u00e7\u00e3o de energia n\u00e3o foram espec\u00edficas ao caso da Enel S\u00e3o Paulo. No entanto, ressaltou que cr\u00edticas pol\u00edticas [&hellip;]<\/p>\n","protected":false},"author":1,"featured_media":23861,"comment_status":"closed","ping_status":"closed","sticky":false,"template":"","format":"standard","meta":{"_monsterinsights_skip_tracking":false,"_monsterinsights_sitenote_active":false,"_monsterinsights_sitenote_note":"","_monsterinsights_sitenote_category":0,"footnotes":""},"categories":[1,10],"tags":[6040,53,9543,491,25,282,13132,7366,15105,7971,8450,54,547],"class_list":["post-27878","post","type-post","status-publish","format-standard","has-post-thumbnail","hentry","category-geral","category-infraenergia","tag-alexandre-silveira","tag-aneel","tag-diretoria-da-aneel","tag-distribuidoras-de-energia","tag-energia","tag-energia-eletrica","tag-lais-carregosa","tag-marisa-wanzeller","tag-posse-na-aneel","tag-renovacao-das-distribuidoras","tag-ricardo-nunes","tag-setor-eletrico","tag-tarcisio-freitas"],"yoast_head":"<!-- This site is optimized with the Yoast SEO Premium plugin v25.4 (Yoast SEO v26.0) - https:\/\/yoast.com\/wordpress\/plugins\/seo\/ -->\n<title>Silveira cita Tarc\u00edsio e Nunes, mas nega cr\u00edtica espec\u00edfica sobre Enel SP - Ag\u00eancia iNFRA<\/title>\n<meta name=\"robots\" content=\"index, follow, max-snippet:-1, max-image-preview:large, max-video-preview:-1\" \/>\n<link rel=\"canonical\" href=\"https:\/\/agenciainfra.com\/blog\/silveira-cita-tarcisio-e-nunes-mas-nega-critica-especifica-sobre-enel-sp\/\" \/>\n<meta property=\"og:locale\" content=\"pt_BR\" \/>\n<meta property=\"og:type\" content=\"article\" \/>\n<meta property=\"og:title\" content=\"Silveira cita Tarc\u00edsio e Nunes, mas nega cr\u00edtica espec\u00edfica sobre Enel SP\" \/>\n<meta property=\"og:description\" content=\"Marisa Wanzeller e Lais Carregosa, da Ag\u00eancia iNFRA O ministro de Minas e Energia, Alexandre Silveira, disse nesta ter\u00e7a-feira (16) a jornalistas que suas cr\u00edticas quanto \u00e0 demora na conclus\u00e3o do processo de renova\u00e7\u00e3o das concess\u00f5es de distribui\u00e7\u00e3o de energia n\u00e3o foram espec\u00edficas ao caso da Enel S\u00e3o Paulo. No entanto, ressaltou que cr\u00edticas pol\u00edticas [&hellip;]\" \/>\n<meta property=\"og:url\" content=\"https:\/\/agenciainfra.com\/blog\/silveira-cita-tarcisio-e-nunes-mas-nega-critica-especifica-sobre-enel-sp\/\" \/>\n<meta property=\"og:site_name\" content=\"Ag\u00eancia iNFRA\" \/>\n<meta property=\"article:publisher\" content=\"https:\/\/www.facebook.com\/ageninfra\" \/>\n<meta property=\"article:published_time\" content=\"2025-09-16T16:04:12+00:00\" \/>\n<meta property=\"article:modified_time\" content=\"2025-09-16T23:10:38+00:00\" \/>\n<meta property=\"og:image\" content=\"https:\/\/agenciainfra.com\/blog\/wp-content\/uploads\/2025\/07\/enelsp-foto-divulgacao-enel-e1751375313121.png\" \/>\n\t<meta property=\"og:image:width\" content=\"1280\" \/>\n\t<meta property=\"og:image:height\" content=\"774\" \/>\n\t<meta property=\"og:image:type\" content=\"image\/png\" \/>\n<meta name=\"author\" content=\"Ag\u00eancia iNFRA\" \/>\n<meta name=\"twitter:card\" content=\"summary_large_image\" \/>\n<meta name=\"twitter:creator\" content=\"@agencia_infra\" \/>\n<meta name=\"twitter:site\" content=\"@agencia_infra\" \/>\n<meta name=\"twitter:label1\" content=\"Escrito por\" \/>\n\t<meta name=\"twitter:data1\" content=\"Ag\u00eancia iNFRA\" \/>\n\t<meta name=\"twitter:label2\" content=\"Est. tempo de leitura\" \/>\n\t<meta name=\"twitter:data2\" content=\"1 minuto\" \/>\n<script type=\"application\/ld+json\" class=\"yoast-schema-graph\">{\"@context\":\"https:\/\/schema.org\",\"@graph\":[{\"@type\":\"Article\",\"@id\":\"https:\/\/agenciainfra.com\/blog\/silveira-cita-tarcisio-e-nunes-mas-nega-critica-especifica-sobre-enel-sp\/#article\",\"isPartOf\":{\"@id\":\"https:\/\/agenciainfra.com\/blog\/silveira-cita-tarcisio-e-nunes-mas-nega-critica-especifica-sobre-enel-sp\/\"},\"author\":{\"name\":\"Ag\u00eancia iNFRA\",\"@id\":\"https:\/\/agenciainfra.com\/blog\/#\/schema\/person\/34af08dff6adea4cb22b06612ba7acfa\"},\"headline\":\"Silveira cita Tarc\u00edsio e Nunes, mas nega cr\u00edtica espec\u00edfica sobre Enel SP\",\"datePublished\":\"2025-09-16T16:04:12+00:00\",\"dateModified\":\"2025-09-16T23:10:38+00:00\",\"mainEntityOfPage\":{\"@id\":\"https:\/\/agenciainfra.com\/blog\/silveira-cita-tarcisio-e-nunes-mas-nega-critica-especifica-sobre-enel-sp\/\"},\"wordCount\":178,\"publisher\":{\"@id\":\"https:\/\/agenciainfra.com\/blog\/#organization\"},\"image\":{\"@id\":\"https:\/\/agenciainfra.com\/blog\/silveira-cita-tarcisio-e-nunes-mas-nega-critica-especifica-sobre-enel-sp\/#primaryimage\"},\"thumbnailUrl\":\"https:\/\/agenciainfra.com\/blog\/wp-content\/uploads\/2025\/07\/enelsp-foto-divulgacao-enel-e1751375313121.png\",\"keywords\":[\"Alexandre Silveira\",\"ANEEL\",\"Diretoria da ANEEL\",\"distribuidoras de energia\",\"energia\",\"energia el\u00e9trica\",\"Lais Carregosa\",\"Marisa Wanzeller\",\"posse na ANEEL\",\"Renova\u00e7\u00e3o das distribuidoras\",\"Ricardo Nunes\",\"Setor El\u00e9trico\",\"Tarc\u00edsio Freitas\"],\"articleSection\":[\"Geral\",\"iNFRAEnergia\"],\"inLanguage\":\"pt-BR\",\"copyrightYear\":\"2025\",\"copyrightHolder\":{\"@id\":\"https:\/\/agenciainfra.com\/blog\/#organization\"}},{\"@type\":\"WebPage\",\"@id\":\"https:\/\/agenciainfra.com\/blog\/silveira-cita-tarcisio-e-nunes-mas-nega-critica-especifica-sobre-enel-sp\/\",\"url\":\"https:\/\/agenciainfra.com\/blog\/silveira-cita-tarcisio-e-nunes-mas-nega-critica-especifica-sobre-enel-sp\/\",\"name\":\"Silveira cita Tarc\u00edsio e Nunes, mas nega cr\u00edtica espec\u00edfica sobre Enel SP - Ag\u00eancia iNFRA\",\"isPartOf\":{\"@id\":\"https:\/\/agenciainfra.com\/blog\/#website\"},\"primaryImageOfPage\":{\"@id\":\"https:\/\/agenciainfra.com\/blog\/silveira-cita-tarcisio-e-nunes-mas-nega-critica-especifica-sobre-enel-sp\/#primaryimage\"},\"image\":{\"@id\":\"https:\/\/agenciainfra.com\/blog\/silveira-cita-tarcisio-e-nunes-mas-nega-critica-especifica-sobre-enel-sp\/#primaryimage\"},\"thumbnailUrl\":\"https:\/\/agenciainfra.com\/blog\/wp-content\/uploads\/2025\/07\/enelsp-foto-divulgacao-enel-e1751375313121.png\",\"datePublished\":\"2025-09-16T16:04:12+00:00\",\"dateModified\":\"2025-09-16T23:10:38+00:00\",\"breadcrumb\":{\"@id\":\"https:\/\/agenciainfra.com\/blog\/silveira-cita-tarcisio-e-nunes-mas-nega-critica-especifica-sobre-enel-sp\/#breadcrumb\"},\"inLanguage\":\"pt-BR\",\"potentialAction\":[{\"@type\":\"ReadAction\",\"target\":[\"https:\/\/agenciainfra.com\/blog\/silveira-cita-tarcisio-e-nunes-mas-nega-critica-especifica-sobre-enel-sp\/\"]}]},{\"@type\":\"ImageObject\",\"inLanguage\":\"pt-BR\",\"@id\":\"https:\/\/agenciainfra.com\/blog\/silveira-cita-tarcisio-e-nunes-mas-nega-critica-especifica-sobre-enel-sp\/#primaryimage\",\"url\":\"https:\/\/agenciainfra.com\/blog\/wp-content\/uploads\/2025\/07\/enelsp-foto-divulgacao-enel-e1751375313121.png\",\"contentUrl\":\"https:\/\/agenciainfra.com\/blog\/wp-content\/uploads\/2025\/07\/enelsp-foto-divulgacao-enel-e1751375313121.png\",\"width\":1280,\"height\":774,\"caption\":\"Foto: Enel\"},{\"@type\":\"BreadcrumbList\",\"@id\":\"https:\/\/agenciainfra.com\/blog\/silveira-cita-tarcisio-e-nunes-mas-nega-critica-especifica-sobre-enel-sp\/#breadcrumb\",\"itemListElement\":[{\"@type\":\"ListItem\",\"position\":1,\"name\":\"In\u00edcio\",\"item\":\"https:\/\/agenciainfra.com\/blog\/\"},{\"@type\":\"ListItem\",\"position\":2,\"name\":\"Silveira cita Tarc\u00edsio e Nunes, mas nega cr\u00edtica espec\u00edfica sobre Enel SP\"}]},{\"@type\":\"WebSite\",\"@id\":\"https:\/\/agenciainfra.com\/blog\/#website\",\"url\":\"https:\/\/agenciainfra.com\/blog\/\",\"name\":\"Ag\u00eancia iNFRA\",\"description\":\"Multiplataforma de informa\u00e7\u00e3o jornal\u00edstica refer\u00eancia na \u00e1rea de infraestrutura no Brasil!\",\"publisher\":{\"@id\":\"https:\/\/agenciainfra.com\/blog\/#organization\"},\"potentialAction\":[{\"@type\":\"SearchAction\",\"target\":{\"@type\":\"EntryPoint\",\"urlTemplate\":\"https:\/\/agenciainfra.com\/blog\/?s={search_term_string}\"},\"query-input\":{\"@type\":\"PropertyValueSpecification\",\"valueRequired\":true,\"valueName\":\"search_term_string\"}}],\"inLanguage\":\"pt-BR\"},{\"@type\":\"Organization\",\"@id\":\"https:\/\/agenciainfra.com\/blog\/#organization\",\"name\":\"Ag\u00eancia iNFRA\",\"url\":\"https:\/\/agenciainfra.com\/blog\/\",\"logo\":{\"@type\":\"ImageObject\",\"inLanguage\":\"pt-BR\",\"@id\":\"https:\/\/agenciainfra.com\/blog\/#\/schema\/logo\/image\/\",\"url\":\"https:\/\/agenciainfra.com\/blog\/wp-content\/uploads\/2023\/09\/iNFRA_5-e1761735885940.png\",\"contentUrl\":\"https:\/\/agenciainfra.com\/blog\/wp-content\/uploads\/2023\/09\/iNFRA_5-e1761735885940.png\",\"width\":1672,\"height\":454,\"caption\":\"Ag\u00eancia iNFRA\"},\"image\":{\"@id\":\"https:\/\/agenciainfra.com\/blog\/#\/schema\/logo\/image\/\"},\"sameAs\":[\"https:\/\/www.facebook.com\/ageninfra\",\"https:\/\/x.com\/agencia_infra\",\"https:\/\/www.linkedin.com\/company\/ag\u00eanciainfra\/\",\"https:\/\/www.instagram.com\/agenciainfra\/\"]},{\"@type\":\"Person\",\"@id\":\"https:\/\/agenciainfra.com\/blog\/#\/schema\/person\/34af08dff6adea4cb22b06612ba7acfa\",\"name\":\"Ag\u00eancia iNFRA\",\"image\":{\"@type\":\"ImageObject\",\"inLanguage\":\"pt-BR\",\"@id\":\"https:\/\/agenciainfra.com\/blog\/#\/schema\/person\/image\/\",\"url\":\"https:\/\/secure.gravatar.com\/avatar\/d189e01678f06d8eb84d4e01f08eb848b3fffe3f8443818d3c356c66892f5be8?s=96&d=mm&r=g\",\"contentUrl\":\"https:\/\/secure.gravatar.com\/avatar\/d189e01678f06d8eb84d4e01f08eb848b3fffe3f8443818d3c356c66892f5be8?s=96&d=mm&r=g\",\"caption\":\"Ag\u00eancia iNFRA\"},\"url\":\"https:\/\/agenciainfra.com\/blog\/author\/admin\/\"}]}<\/script>\n<!-- \/ Yoast SEO Premium plugin. -->","yoast_head_json":{"title":"Silveira cita Tarc\u00edsio e Nunes, mas nega cr\u00edtica espec\u00edfica sobre Enel SP - Ag\u00eancia iNFRA","robots":{"index":"index","follow":"follow","max-snippet":"max-snippet:-1","max-image-preview":"max-image-preview:large","max-video-preview":"max-video-preview:-1"},"canonical":"https:\/\/agenciainfra.com\/blog\/silveira-cita-tarcisio-e-nunes-mas-nega-critica-especifica-sobre-enel-sp\/","og_locale":"pt_BR","og_type":"article","og_title":"Silveira cita Tarc\u00edsio e Nunes, mas nega cr\u00edtica espec\u00edfica sobre Enel SP","og_description":"Marisa Wanzeller e Lais Carregosa, da Ag\u00eancia iNFRA O ministro de Minas e Energia, Alexandre Silveira, disse nesta ter\u00e7a-feira (16) a jornalistas que suas cr\u00edticas quanto \u00e0 demora na conclus\u00e3o do processo de renova\u00e7\u00e3o das concess\u00f5es de distribui\u00e7\u00e3o de energia n\u00e3o foram espec\u00edficas ao caso da Enel S\u00e3o Paulo. No entanto, ressaltou que cr\u00edticas pol\u00edticas [&hellip;]","og_url":"https:\/\/agenciainfra.com\/blog\/silveira-cita-tarcisio-e-nunes-mas-nega-critica-especifica-sobre-enel-sp\/","og_site_name":"Ag\u00eancia iNFRA","article_publisher":"https:\/\/www.facebook.com\/ageninfra","article_published_time":"2025-09-16T16:04:12+00:00","article_modified_time":"2025-09-16T23:10:38+00:00","og_image":[{"width":1280,"height":774,"url":"https:\/\/agenciainfra.com\/blog\/wp-content\/uploads\/2025\/07\/enelsp-foto-divulgacao-enel-e1751375313121.png","type":"image\/png"}],"author":"Ag\u00eancia iNFRA","twitter_card":"summary_large_image","twitter_creator":"@agencia_infra","twitter_site":"@agencia_infra","twitter_misc":{"Escrito por":"Ag\u00eancia iNFRA","Est. tempo de leitura":"1 minuto"},"schema":{"@context":"https:\/\/schema.org","@graph":[{"@type":"Article","@id":"https:\/\/agenciainfra.com\/blog\/silveira-cita-tarcisio-e-nunes-mas-nega-critica-especifica-sobre-enel-sp\/#article","isPartOf":{"@id":"https:\/\/agenciainfra.com\/blog\/silveira-cita-tarcisio-e-nunes-mas-nega-critica-especifica-sobre-enel-sp\/"},"author":{"name":"Ag\u00eancia iNFRA","@id":"https:\/\/agenciainfra.com\/blog\/#\/schema\/person\/34af08dff6adea4cb22b06612ba7acfa"},"headline":"Silveira cita Tarc\u00edsio e Nunes, mas nega cr\u00edtica espec\u00edfica sobre Enel SP","datePublished":"2025-09-16T16:04:12+00:00","dateModified":"2025-09-16T23:10:38+00:00","mainEntityOfPage":{"@id":"https:\/\/agenciainfra.com\/blog\/silveira-cita-tarcisio-e-nunes-mas-nega-critica-especifica-sobre-enel-sp\/"},"wordCount":178,"publisher":{"@id":"https:\/\/agenciainfra.com\/blog\/#organization"},"image":{"@id":"https:\/\/agenciainfra.com\/blog\/silveira-cita-tarcisio-e-nunes-mas-nega-critica-especifica-sobre-enel-sp\/#primaryimage"},"thumbnailUrl":"https:\/\/agenciainfra.com\/blog\/wp-content\/uploads\/2025\/07\/enelsp-foto-divulgacao-enel-e1751375313121.png","keywords":["Alexandre Silveira","ANEEL","Diretoria da ANEEL","distribuidoras de energia","energia","energia el\u00e9trica","Lais Carregosa","Marisa Wanzeller","posse na ANEEL","Renova\u00e7\u00e3o das distribuidoras","Ricardo Nunes","Setor El\u00e9trico","Tarc\u00edsio Freitas"],"articleSection":["Geral","iNFRAEnergia"],"inLanguage":"pt-BR","copyrightYear":"2025","copyrightHolder":{"@id":"https:\/\/agenciainfra.com\/blog\/#organization"}},{"@type":"WebPage","@id":"https:\/\/agenciainfra.com\/blog\/silveira-cita-tarcisio-e-nunes-mas-nega-critica-especifica-sobre-enel-sp\/","url":"https:\/\/agenciainfra.com\/blog\/silveira-cita-tarcisio-e-nunes-mas-nega-critica-especifica-sobre-enel-sp\/","name":"Silveira cita Tarc\u00edsio e Nunes, mas nega cr\u00edtica espec\u00edfica sobre Enel SP - Ag\u00eancia iNFRA","isPartOf":{"@id":"https:\/\/agenciainfra.com\/blog\/#website"},"primaryImageOfPage":{"@id":"https:\/\/agenciainfra.com\/blog\/silveira-cita-tarcisio-e-nunes-mas-nega-critica-especifica-sobre-enel-sp\/#primaryimage"},"image":{"@id":"https:\/\/agenciainfra.com\/blog\/silveira-cita-tarcisio-e-nunes-mas-nega-critica-especifica-sobre-enel-sp\/#primaryimage"},"thumbnailUrl":"https:\/\/agenciainfra.com\/blog\/wp-content\/uploads\/2025\/07\/enelsp-foto-divulgacao-enel-e1751375313121.png","datePublished":"2025-09-16T16:04:12+00:00","dateModified":"2025-09-16T23:10:38+00:00","breadcrumb":{"@id":"https:\/\/agenciainfra.com\/blog\/silveira-cita-tarcisio-e-nunes-mas-nega-critica-especifica-sobre-enel-sp\/#breadcrumb"},"inLanguage":"pt-BR","potentialAction":[{"@type":"ReadAction","target":["https:\/\/agenciainfra.com\/blog\/silveira-cita-tarcisio-e-nunes-mas-nega-critica-especifica-sobre-enel-sp\/"]}]},{"@type":"ImageObject","inLanguage":"pt-BR","@id":"https:\/\/agenciainfra.com\/blog\/silveira-cita-tarcisio-e-nunes-mas-nega-critica-especifica-sobre-enel-sp\/#primaryimage","url":"https:\/\/agenciainfra.com\/blog\/wp-content\/uploads\/2025\/07\/enelsp-foto-divulgacao-enel-e1751375313121.png","contentUrl":"https:\/\/agenciainfra.com\/blog\/wp-content\/uploads\/2025\/07\/enelsp-foto-divulgacao-enel-e1751375313121.png","width":1280,"height":774,"caption":"Foto: Enel"},{"@type":"BreadcrumbList","@id":"https:\/\/agenciainfra.com\/blog\/silveira-cita-tarcisio-e-nunes-mas-nega-critica-especifica-sobre-enel-sp\/#breadcrumb","itemListElement":[{"@type":"ListItem","position":1,"name":"In\u00edcio","item":"https:\/\/agenciainfra.com\/blog\/"},{"@type":"ListItem","position":2,"name":"Silveira cita Tarc\u00edsio e Nunes, mas nega cr\u00edtica espec\u00edfica sobre Enel SP"}]},{"@type":"WebSite","@id":"https:\/\/agenciainfra.com\/blog\/#website","url":"https:\/\/agenciainfra.com\/blog\/","name":"Ag\u00eancia iNFRA","description":"Multiplataforma de informa\u00e7\u00e3o jornal\u00edstica refer\u00eancia na \u00e1rea de infraestrutura no Brasil!","publisher":{"@id":"https:\/\/agenciainfra.com\/blog\/#organization"},"potentialAction":[{"@type":"SearchAction","target":{"@type":"EntryPoint","urlTemplate":"https:\/\/agenciainfra.com\/blog\/?s={search_term_string}"},"query-input":{"@type":"PropertyValueSpecification","valueRequired":true,"valueName":"search_term_string"}}],"inLanguage":"pt-BR"},{"@type":"Organization","@id":"https:\/\/agenciainfra.com\/blog\/#organization","name":"Ag\u00eancia iNFRA","url":"https:\/\/agenciainfra.com\/blog\/","logo":{"@type":"ImageObject","inLanguage":"pt-BR","@id":"https:\/\/agenciainfra.com\/blog\/#\/schema\/logo\/image\/","url":"https:\/\/agenciainfra.com\/blog\/wp-content\/uploads\/2023\/09\/iNFRA_5-e1761735885940.png","contentUrl":"https:\/\/agenciainfra.com\/blog\/wp-content\/uploads\/2023\/09\/iNFRA_5-e1761735885940.png","width":1672,"height":454,"caption":"Ag\u00eancia iNFRA"},"image":{"@id":"https:\/\/agenciainfra.com\/blog\/#\/schema\/logo\/image\/"},"sameAs":["https:\/\/www.facebook.com\/ageninfra","https:\/\/x.com\/agencia_infra","https:\/\/www.linkedin.com\/company\/ag\u00eanciainfra\/","https:\/\/www.instagram.com\/agenciainfra\/"]},{"@type":"Person","@id":"https:\/\/agenciainfra.com\/blog\/#\/schema\/person\/34af08dff6adea4cb22b06612ba7acfa","name":"Ag\u00eancia iNFRA","image":{"@type":"ImageObject","inLanguage":"pt-BR","@id":"https:\/\/agenciainfra.com\/blog\/#\/schema\/person\/image\/","url":"https:\/\/secure.gravatar.com\/avatar\/d189e01678f06d8eb84d4e01f08eb848b3fffe3f8443818d3c356c66892f5be8?s=96&d=mm&r=g","contentUrl":"https:\/\/secure.gravatar.com\/avatar\/d189e01678f06d8eb84d4e01f08eb848b3fffe3f8443818d3c356c66892f5be8?s=96&d=mm&r=g","caption":"Ag\u00eancia iNFRA"},"url":"https:\/\/agenciainfra.com\/blog\/author\/admin\/"}]}},"_links":{"self":[{"href":"https:\/\/agenciainfra.com\/blog\/wp-json\/wp\/v2\/posts\/27878","targetHints":{"allow":["GET"]}}],"collection":[{"href":"https:\/\/agenciainfra.com\/blog\/wp-json\/wp\/v2\/posts"}],"about":[{"href":"https:\/\/agenciainfra.com\/blog\/wp-json\/wp\/v2\/types\/post"}],"author":[{"embeddable":true,"href":"https:\/\/agenciainfra.com\/blog\/wp-json\/wp\/v2\/users\/1"}],"replies":[{"embeddable":true,"href":"https:\/\/agenciainfra.com\/blog\/wp-json\/wp\/v2\/comments?post=27878"}],"version-history":[{"count":3,"href":"https:\/\/agenciainfra.com\/blog\/wp-json\/wp\/v2\/posts\/27878\/revisions"}],"predecessor-version":[{"id":27903,"href":"https:\/\/agenciainfra.com\/blog\/wp-json\/wp\/v2\/posts\/27878\/revisions\/27903"}],"wp:featuredmedia":[{"embeddable":true,"href":"https:\/\/agenciainfra.com\/blog\/wp-json\/wp\/v2\/media\/23861"}],"wp:attachment":[{"href":"https:\/\/agenciainfra.com\/blog\/wp-json\/wp\/v2\/media?parent=27878"}],"wp:term":[{"taxonomy":"category","embeddable":true,"href":"https:\/\/agenciainfra.com\/blog\/wp-json\/wp\/v2\/categories?post=27878"},{"taxonomy":"post_tag","embeddable":true,"href":"https:\/\/agenciainfra.com\/blog\/wp-json\/wp\/v2\/tags?post=27878"}],"curies":[{"name":"wp","href":"https:\/\/api.w.org\/{rel}","templated":true}]}}