{"id":27888,"date":"2025-09-16T14:22:13","date_gmt":"2025-09-16T17:22:13","guid":{"rendered":"https:\/\/agenciainfra.com\/blog\/?p=27888"},"modified":"2025-09-16T14:25:44","modified_gmt":"2025-09-16T17:25:44","slug":"petrobras-aprova-projeto-piloto-de-captura-e-armazenamento-de-carbono","status":"publish","type":"post","link":"https:\/\/agenciainfra.com\/blog\/petrobras-aprova-projeto-piloto-de-captura-e-armazenamento-de-carbono\/","title":{"rendered":"Petrobras aprova projeto-piloto de captura e armazenamento de carbono"},"content":{"rendered":"\n<p class=\"has-text-align-right\"><strong>da Ag\u00eancia iNFRA&nbsp;&nbsp;<\/strong><\/p>\n\n\n\n<p>A Petrobras aprovou, nesta ter\u00e7a-feira (16), a implanta\u00e7\u00e3o do Projeto Piloto de CCS S\u00e3o Tom\u00e9, em Maca\u00e9 (RJ), primeira iniciativa do tipo no Brasil voltada \u00e0 captura e armazenamento geol\u00f3gico de carbono em reservat\u00f3rio salino. O projeto integra a estrat\u00e9gia da companhia para alcan\u00e7ar a neutralidade de emiss\u00f5es at\u00e9 2050.<\/p>\n\n\n\n<p>Com previs\u00e3o de in\u00edcio em 2028, a unidade ter\u00e1 capacidade para capturar at\u00e9 100 mil toneladas de carbono por ano, ao longo de tr\u00eas anos, injetando o g\u00e1s em reservat\u00f3rios localizados na regi\u00e3o de Barra do Furado, em Quissam\u00e3 (RJ). A iniciativa ser\u00e1 monitorada por \u00f3rg\u00e3os reguladores e ambientais, como a ANP (Ag\u00eancia Nacional do Petr\u00f3leo, G\u00e1s Natural e Biocombust\u00edveis) e o Inea (Instituto Estadual do Ambiente).<\/p>\n\n\n\n<p>O piloto tem car\u00e1ter experimental e permitir\u00e1 validar metodologias e tecnologias aplic\u00e1veis a futuros projetos comerciais de CCS no pa\u00eds. Entre os avan\u00e7os esperados est\u00e1 o desenvolvimento de normas para o armazenamento geol\u00f3gico de carbono e a possibilidade de explorar novos usos para o carbono como a produ\u00e7\u00e3o de combust\u00edveis sint\u00e9ticos, explicou a&nbsp; diretora de Engenharia Tecnologia e Inova\u00e7\u00e3o da Petrobras, Renata Baruzzi.&nbsp;<\/p>\n\n\n\n<p>O CCS S\u00e3o Tom\u00e9 tamb\u00e9m funcionar\u00e1 como plataforma de aprendizado para a cria\u00e7\u00e3o de hubs de captura e armazenamento de carbono, tanto em terra quanto no mar. A iniciativa posiciona o Brasil no grupo de pa\u00edses que desenvolvem solu\u00e7\u00f5es em larga escala para mitiga\u00e7\u00e3o de emiss\u00f5es, em linha com as melhores pr\u00e1ticas internacionais, afirmou a companhia.&nbsp;<\/p>\n\n\n\n<p>\u201cA tradi\u00e7\u00e3o da companhia de empregar tecnologia de ponta para viabilizar grandes empreendimentos offshore est\u00e1 sendo colocada tamb\u00e9m em iniciativas de descarboniza\u00e7\u00e3o. Essa iniciativa \u00e9 mais um passo concreto da Petrobras na constru\u00e7\u00e3o de solu\u00e7\u00f5es clim\u00e1ticas eficazes\u201d, destacou a diretora de Transi\u00e7\u00e3o Energ\u00e9tica e Sustentabilidade da Petrobras, Ang\u00e9lica Laureano.<\/p>\n\n\n\n<p><\/p>\n","protected":false},"excerpt":{"rendered":"<p>da Ag\u00eancia iNFRA&nbsp;&nbsp; A Petrobras aprovou, nesta ter\u00e7a-feira (16), a implanta\u00e7\u00e3o do Projeto Piloto de CCS S\u00e3o Tom\u00e9, em Maca\u00e9 (RJ), primeira iniciativa do tipo no Brasil voltada \u00e0 captura e armazenamento geol\u00f3gico de carbono em reservat\u00f3rio salino. O projeto integra a estrat\u00e9gia da companhia para alcan\u00e7ar a neutralidade de emiss\u00f5es at\u00e9 2050. Com previs\u00e3o [&hellip;]<\/p>\n","protected":false},"author":1,"featured_media":6701,"comment_status":"closed","ping_status":"closed","sticky":false,"template":"","format":"standard","meta":{"_monsterinsights_skip_tracking":false,"_monsterinsights_sitenote_active":false,"_monsterinsights_sitenote_note":"","_monsterinsights_sitenote_category":0,"footnotes":""},"categories":[1,13576],"tags":[1101,15390,15389,3361,15391,6776,143],"class_list":["post-27888","post","type-post","status-publish","format-standard","has-post-thumbnail","hentry","category-geral","category-giro-infra","tag-anp","tag-captura-e-armazenamento-de-carbono","tag-ccs-sao-tome","tag-descarbonizacao","tag-exploracao-de-carbono","tag-inea","tag-petrobras"],"yoast_head":"<!-- This site is optimized with the Yoast SEO Premium plugin v25.4 (Yoast SEO v26.0) - https:\/\/yoast.com\/wordpress\/plugins\/seo\/ -->\n<title>Petrobras aprova projeto-piloto de captura e armazenamento de carbono - Ag\u00eancia iNFRA<\/title>\n<meta name=\"robots\" content=\"index, follow, max-snippet:-1, max-image-preview:large, max-video-preview:-1\" \/>\n<link rel=\"canonical\" href=\"https:\/\/agenciainfra.com\/blog\/petrobras-aprova-projeto-piloto-de-captura-e-armazenamento-de-carbono\/\" \/>\n<meta property=\"og:locale\" content=\"pt_BR\" \/>\n<meta property=\"og:type\" content=\"article\" \/>\n<meta property=\"og:title\" content=\"Petrobras aprova projeto-piloto de captura e armazenamento de carbono\" \/>\n<meta property=\"og:description\" content=\"da Ag\u00eancia iNFRA&nbsp;&nbsp; A Petrobras aprovou, nesta ter\u00e7a-feira (16), a implanta\u00e7\u00e3o do Projeto Piloto de CCS S\u00e3o Tom\u00e9, em Maca\u00e9 (RJ), primeira iniciativa do tipo no Brasil voltada \u00e0 captura e armazenamento geol\u00f3gico de carbono em reservat\u00f3rio salino. O projeto integra a estrat\u00e9gia da companhia para alcan\u00e7ar a neutralidade de emiss\u00f5es at\u00e9 2050. Com previs\u00e3o [&hellip;]\" \/>\n<meta property=\"og:url\" content=\"https:\/\/agenciainfra.com\/blog\/petrobras-aprova-projeto-piloto-de-captura-e-armazenamento-de-carbono\/\" \/>\n<meta property=\"og:site_name\" content=\"Ag\u00eancia iNFRA\" \/>\n<meta property=\"article:publisher\" content=\"https:\/\/www.facebook.com\/ageninfra\" \/>\n<meta property=\"article:published_time\" content=\"2025-09-16T17:22:13+00:00\" \/>\n<meta property=\"article:modified_time\" content=\"2025-09-16T17:25:44+00:00\" \/>\n<meta property=\"og:image\" content=\"https:\/\/agenciainfra.com\/blog\/wp-content\/uploads\/2021\/01\/petrobras-foto-pedro-teixeira-agencia-brasil.jpg\" \/>\n\t<meta property=\"og:image:width\" content=\"1280\" \/>\n\t<meta property=\"og:image:height\" content=\"768\" \/>\n\t<meta property=\"og:image:type\" content=\"image\/jpeg\" \/>\n<meta name=\"author\" content=\"Ag\u00eancia iNFRA\" \/>\n<meta name=\"twitter:card\" content=\"summary_large_image\" \/>\n<meta name=\"twitter:creator\" content=\"@agencia_infra\" \/>\n<meta name=\"twitter:site\" content=\"@agencia_infra\" \/>\n<meta name=\"twitter:label1\" content=\"Escrito por\" \/>\n\t<meta name=\"twitter:data1\" content=\"Ag\u00eancia iNFRA\" \/>\n\t<meta name=\"twitter:label2\" content=\"Est. tempo de leitura\" \/>\n\t<meta name=\"twitter:data2\" content=\"2 minutos\" \/>\n<script type=\"application\/ld+json\" class=\"yoast-schema-graph\">{\"@context\":\"https:\/\/schema.org\",\"@graph\":[{\"@type\":\"Article\",\"@id\":\"https:\/\/agenciainfra.com\/blog\/petrobras-aprova-projeto-piloto-de-captura-e-armazenamento-de-carbono\/#article\",\"isPartOf\":{\"@id\":\"https:\/\/agenciainfra.com\/blog\/petrobras-aprova-projeto-piloto-de-captura-e-armazenamento-de-carbono\/\"},\"author\":{\"name\":\"Ag\u00eancia iNFRA\",\"@id\":\"https:\/\/agenciainfra.com\/blog\/#\/schema\/person\/34af08dff6adea4cb22b06612ba7acfa\"},\"headline\":\"Petrobras aprova projeto-piloto de captura e armazenamento de carbono\",\"datePublished\":\"2025-09-16T17:22:13+00:00\",\"dateModified\":\"2025-09-16T17:25:44+00:00\",\"mainEntityOfPage\":{\"@id\":\"https:\/\/agenciainfra.com\/blog\/petrobras-aprova-projeto-piloto-de-captura-e-armazenamento-de-carbono\/\"},\"wordCount\":342,\"publisher\":{\"@id\":\"https:\/\/agenciainfra.com\/blog\/#organization\"},\"image\":{\"@id\":\"https:\/\/agenciainfra.com\/blog\/petrobras-aprova-projeto-piloto-de-captura-e-armazenamento-de-carbono\/#primaryimage\"},\"thumbnailUrl\":\"https:\/\/agenciainfra.com\/blog\/wp-content\/uploads\/2021\/01\/petrobras-foto-pedro-teixeira-agencia-brasil.jpg\",\"keywords\":[\"ANP\",\"captura e armazenamento de carbono\",\"CCS S\u00e3o Tom\u00e9\",\"Descarboniza\u00e7\u00e3o\",\"explora\u00e7\u00e3o de carbono\",\"Inea\",\"Petrobras\"],\"articleSection\":[\"Geral\",\"Giro iNFRA\"],\"inLanguage\":\"pt-BR\",\"copyrightYear\":\"2025\",\"copyrightHolder\":{\"@id\":\"https:\/\/agenciainfra.com\/blog\/#organization\"}},{\"@type\":\"WebPage\",\"@id\":\"https:\/\/agenciainfra.com\/blog\/petrobras-aprova-projeto-piloto-de-captura-e-armazenamento-de-carbono\/\",\"url\":\"https:\/\/agenciainfra.com\/blog\/petrobras-aprova-projeto-piloto-de-captura-e-armazenamento-de-carbono\/\",\"name\":\"Petrobras aprova projeto-piloto de captura e armazenamento de carbono - Ag\u00eancia iNFRA\",\"isPartOf\":{\"@id\":\"https:\/\/agenciainfra.com\/blog\/#website\"},\"primaryImageOfPage\":{\"@id\":\"https:\/\/agenciainfra.com\/blog\/petrobras-aprova-projeto-piloto-de-captura-e-armazenamento-de-carbono\/#primaryimage\"},\"image\":{\"@id\":\"https:\/\/agenciainfra.com\/blog\/petrobras-aprova-projeto-piloto-de-captura-e-armazenamento-de-carbono\/#primaryimage\"},\"thumbnailUrl\":\"https:\/\/agenciainfra.com\/blog\/wp-content\/uploads\/2021\/01\/petrobras-foto-pedro-teixeira-agencia-brasil.jpg\",\"datePublished\":\"2025-09-16T17:22:13+00:00\",\"dateModified\":\"2025-09-16T17:25:44+00:00\",\"breadcrumb\":{\"@id\":\"https:\/\/agenciainfra.com\/blog\/petrobras-aprova-projeto-piloto-de-captura-e-armazenamento-de-carbono\/#breadcrumb\"},\"inLanguage\":\"pt-BR\",\"potentialAction\":[{\"@type\":\"ReadAction\",\"target\":[\"https:\/\/agenciainfra.com\/blog\/petrobras-aprova-projeto-piloto-de-captura-e-armazenamento-de-carbono\/\"]}]},{\"@type\":\"ImageObject\",\"inLanguage\":\"pt-BR\",\"@id\":\"https:\/\/agenciainfra.com\/blog\/petrobras-aprova-projeto-piloto-de-captura-e-armazenamento-de-carbono\/#primaryimage\",\"url\":\"https:\/\/agenciainfra.com\/blog\/wp-content\/uploads\/2021\/01\/petrobras-foto-pedro-teixeira-agencia-brasil.jpg\",\"contentUrl\":\"https:\/\/agenciainfra.com\/blog\/wp-content\/uploads\/2021\/01\/petrobras-foto-pedro-teixeira-agencia-brasil.jpg\",\"width\":1280,\"height\":768,\"caption\":\"Foto: Pedro Teixeira\/Ag\u00eancia Brasil\"},{\"@type\":\"BreadcrumbList\",\"@id\":\"https:\/\/agenciainfra.com\/blog\/petrobras-aprova-projeto-piloto-de-captura-e-armazenamento-de-carbono\/#breadcrumb\",\"itemListElement\":[{\"@type\":\"ListItem\",\"position\":1,\"name\":\"In\u00edcio\",\"item\":\"https:\/\/agenciainfra.com\/blog\/\"},{\"@type\":\"ListItem\",\"position\":2,\"name\":\"Petrobras aprova projeto-piloto de captura e armazenamento de carbono\"}]},{\"@type\":\"WebSite\",\"@id\":\"https:\/\/agenciainfra.com\/blog\/#website\",\"url\":\"https:\/\/agenciainfra.com\/blog\/\",\"name\":\"Ag\u00eancia iNFRA\",\"description\":\"Multiplataforma de informa\u00e7\u00e3o jornal\u00edstica refer\u00eancia na \u00e1rea de infraestrutura no Brasil!\",\"publisher\":{\"@id\":\"https:\/\/agenciainfra.com\/blog\/#organization\"},\"potentialAction\":[{\"@type\":\"SearchAction\",\"target\":{\"@type\":\"EntryPoint\",\"urlTemplate\":\"https:\/\/agenciainfra.com\/blog\/?s={search_term_string}\"},\"query-input\":{\"@type\":\"PropertyValueSpecification\",\"valueRequired\":true,\"valueName\":\"search_term_string\"}}],\"inLanguage\":\"pt-BR\"},{\"@type\":\"Organization\",\"@id\":\"https:\/\/agenciainfra.com\/blog\/#organization\",\"name\":\"Ag\u00eancia iNFRA\",\"url\":\"https:\/\/agenciainfra.com\/blog\/\",\"logo\":{\"@type\":\"ImageObject\",\"inLanguage\":\"pt-BR\",\"@id\":\"https:\/\/agenciainfra.com\/blog\/#\/schema\/logo\/image\/\",\"url\":\"https:\/\/agenciainfra.com\/blog\/wp-content\/uploads\/2023\/09\/iNFRA_5-e1761735885940.png\",\"contentUrl\":\"https:\/\/agenciainfra.com\/blog\/wp-content\/uploads\/2023\/09\/iNFRA_5-e1761735885940.png\",\"width\":1672,\"height\":454,\"caption\":\"Ag\u00eancia iNFRA\"},\"image\":{\"@id\":\"https:\/\/agenciainfra.com\/blog\/#\/schema\/logo\/image\/\"},\"sameAs\":[\"https:\/\/www.facebook.com\/ageninfra\",\"https:\/\/x.com\/agencia_infra\",\"https:\/\/www.linkedin.com\/company\/ag\u00eanciainfra\/\",\"https:\/\/www.instagram.com\/agenciainfra\/\"]},{\"@type\":\"Person\",\"@id\":\"https:\/\/agenciainfra.com\/blog\/#\/schema\/person\/34af08dff6adea4cb22b06612ba7acfa\",\"name\":\"Ag\u00eancia iNFRA\",\"image\":{\"@type\":\"ImageObject\",\"inLanguage\":\"pt-BR\",\"@id\":\"https:\/\/agenciainfra.com\/blog\/#\/schema\/person\/image\/\",\"url\":\"https:\/\/secure.gravatar.com\/avatar\/d189e01678f06d8eb84d4e01f08eb848b3fffe3f8443818d3c356c66892f5be8?s=96&d=mm&r=g\",\"contentUrl\":\"https:\/\/secure.gravatar.com\/avatar\/d189e01678f06d8eb84d4e01f08eb848b3fffe3f8443818d3c356c66892f5be8?s=96&d=mm&r=g\",\"caption\":\"Ag\u00eancia iNFRA\"},\"url\":\"https:\/\/agenciainfra.com\/blog\/author\/admin\/\"}]}<\/script>\n<!-- \/ Yoast SEO Premium plugin. -->","yoast_head_json":{"title":"Petrobras aprova projeto-piloto de captura e armazenamento de carbono - Ag\u00eancia iNFRA","robots":{"index":"index","follow":"follow","max-snippet":"max-snippet:-1","max-image-preview":"max-image-preview:large","max-video-preview":"max-video-preview:-1"},"canonical":"https:\/\/agenciainfra.com\/blog\/petrobras-aprova-projeto-piloto-de-captura-e-armazenamento-de-carbono\/","og_locale":"pt_BR","og_type":"article","og_title":"Petrobras aprova projeto-piloto de captura e armazenamento de carbono","og_description":"da Ag\u00eancia iNFRA&nbsp;&nbsp; A Petrobras aprovou, nesta ter\u00e7a-feira (16), a implanta\u00e7\u00e3o do Projeto Piloto de CCS S\u00e3o Tom\u00e9, em Maca\u00e9 (RJ), primeira iniciativa do tipo no Brasil voltada \u00e0 captura e armazenamento geol\u00f3gico de carbono em reservat\u00f3rio salino. O projeto integra a estrat\u00e9gia da companhia para alcan\u00e7ar a neutralidade de emiss\u00f5es at\u00e9 2050. Com previs\u00e3o [&hellip;]","og_url":"https:\/\/agenciainfra.com\/blog\/petrobras-aprova-projeto-piloto-de-captura-e-armazenamento-de-carbono\/","og_site_name":"Ag\u00eancia iNFRA","article_publisher":"https:\/\/www.facebook.com\/ageninfra","article_published_time":"2025-09-16T17:22:13+00:00","article_modified_time":"2025-09-16T17:25:44+00:00","og_image":[{"width":1280,"height":768,"url":"https:\/\/agenciainfra.com\/blog\/wp-content\/uploads\/2021\/01\/petrobras-foto-pedro-teixeira-agencia-brasil.jpg","type":"image\/jpeg"}],"author":"Ag\u00eancia iNFRA","twitter_card":"summary_large_image","twitter_creator":"@agencia_infra","twitter_site":"@agencia_infra","twitter_misc":{"Escrito por":"Ag\u00eancia iNFRA","Est. tempo de leitura":"2 minutos"},"schema":{"@context":"https:\/\/schema.org","@graph":[{"@type":"Article","@id":"https:\/\/agenciainfra.com\/blog\/petrobras-aprova-projeto-piloto-de-captura-e-armazenamento-de-carbono\/#article","isPartOf":{"@id":"https:\/\/agenciainfra.com\/blog\/petrobras-aprova-projeto-piloto-de-captura-e-armazenamento-de-carbono\/"},"author":{"name":"Ag\u00eancia iNFRA","@id":"https:\/\/agenciainfra.com\/blog\/#\/schema\/person\/34af08dff6adea4cb22b06612ba7acfa"},"headline":"Petrobras aprova projeto-piloto de captura e armazenamento de carbono","datePublished":"2025-09-16T17:22:13+00:00","dateModified":"2025-09-16T17:25:44+00:00","mainEntityOfPage":{"@id":"https:\/\/agenciainfra.com\/blog\/petrobras-aprova-projeto-piloto-de-captura-e-armazenamento-de-carbono\/"},"wordCount":342,"publisher":{"@id":"https:\/\/agenciainfra.com\/blog\/#organization"},"image":{"@id":"https:\/\/agenciainfra.com\/blog\/petrobras-aprova-projeto-piloto-de-captura-e-armazenamento-de-carbono\/#primaryimage"},"thumbnailUrl":"https:\/\/agenciainfra.com\/blog\/wp-content\/uploads\/2021\/01\/petrobras-foto-pedro-teixeira-agencia-brasil.jpg","keywords":["ANP","captura e armazenamento de carbono","CCS S\u00e3o Tom\u00e9","Descarboniza\u00e7\u00e3o","explora\u00e7\u00e3o de carbono","Inea","Petrobras"],"articleSection":["Geral","Giro iNFRA"],"inLanguage":"pt-BR","copyrightYear":"2025","copyrightHolder":{"@id":"https:\/\/agenciainfra.com\/blog\/#organization"}},{"@type":"WebPage","@id":"https:\/\/agenciainfra.com\/blog\/petrobras-aprova-projeto-piloto-de-captura-e-armazenamento-de-carbono\/","url":"https:\/\/agenciainfra.com\/blog\/petrobras-aprova-projeto-piloto-de-captura-e-armazenamento-de-carbono\/","name":"Petrobras aprova projeto-piloto de captura e armazenamento de carbono - Ag\u00eancia iNFRA","isPartOf":{"@id":"https:\/\/agenciainfra.com\/blog\/#website"},"primaryImageOfPage":{"@id":"https:\/\/agenciainfra.com\/blog\/petrobras-aprova-projeto-piloto-de-captura-e-armazenamento-de-carbono\/#primaryimage"},"image":{"@id":"https:\/\/agenciainfra.com\/blog\/petrobras-aprova-projeto-piloto-de-captura-e-armazenamento-de-carbono\/#primaryimage"},"thumbnailUrl":"https:\/\/agenciainfra.com\/blog\/wp-content\/uploads\/2021\/01\/petrobras-foto-pedro-teixeira-agencia-brasil.jpg","datePublished":"2025-09-16T17:22:13+00:00","dateModified":"2025-09-16T17:25:44+00:00","breadcrumb":{"@id":"https:\/\/agenciainfra.com\/blog\/petrobras-aprova-projeto-piloto-de-captura-e-armazenamento-de-carbono\/#breadcrumb"},"inLanguage":"pt-BR","potentialAction":[{"@type":"ReadAction","target":["https:\/\/agenciainfra.com\/blog\/petrobras-aprova-projeto-piloto-de-captura-e-armazenamento-de-carbono\/"]}]},{"@type":"ImageObject","inLanguage":"pt-BR","@id":"https:\/\/agenciainfra.com\/blog\/petrobras-aprova-projeto-piloto-de-captura-e-armazenamento-de-carbono\/#primaryimage","url":"https:\/\/agenciainfra.com\/blog\/wp-content\/uploads\/2021\/01\/petrobras-foto-pedro-teixeira-agencia-brasil.jpg","contentUrl":"https:\/\/agenciainfra.com\/blog\/wp-content\/uploads\/2021\/01\/petrobras-foto-pedro-teixeira-agencia-brasil.jpg","width":1280,"height":768,"caption":"Foto: Pedro Teixeira\/Ag\u00eancia Brasil"},{"@type":"BreadcrumbList","@id":"https:\/\/agenciainfra.com\/blog\/petrobras-aprova-projeto-piloto-de-captura-e-armazenamento-de-carbono\/#breadcrumb","itemListElement":[{"@type":"ListItem","position":1,"name":"In\u00edcio","item":"https:\/\/agenciainfra.com\/blog\/"},{"@type":"ListItem","position":2,"name":"Petrobras aprova projeto-piloto de captura e armazenamento de carbono"}]},{"@type":"WebSite","@id":"https:\/\/agenciainfra.com\/blog\/#website","url":"https:\/\/agenciainfra.com\/blog\/","name":"Ag\u00eancia iNFRA","description":"Multiplataforma de informa\u00e7\u00e3o jornal\u00edstica refer\u00eancia na \u00e1rea de infraestrutura no Brasil!","publisher":{"@id":"https:\/\/agenciainfra.com\/blog\/#organization"},"potentialAction":[{"@type":"SearchAction","target":{"@type":"EntryPoint","urlTemplate":"https:\/\/agenciainfra.com\/blog\/?s={search_term_string}"},"query-input":{"@type":"PropertyValueSpecification","valueRequired":true,"valueName":"search_term_string"}}],"inLanguage":"pt-BR"},{"@type":"Organization","@id":"https:\/\/agenciainfra.com\/blog\/#organization","name":"Ag\u00eancia iNFRA","url":"https:\/\/agenciainfra.com\/blog\/","logo":{"@type":"ImageObject","inLanguage":"pt-BR","@id":"https:\/\/agenciainfra.com\/blog\/#\/schema\/logo\/image\/","url":"https:\/\/agenciainfra.com\/blog\/wp-content\/uploads\/2023\/09\/iNFRA_5-e1761735885940.png","contentUrl":"https:\/\/agenciainfra.com\/blog\/wp-content\/uploads\/2023\/09\/iNFRA_5-e1761735885940.png","width":1672,"height":454,"caption":"Ag\u00eancia iNFRA"},"image":{"@id":"https:\/\/agenciainfra.com\/blog\/#\/schema\/logo\/image\/"},"sameAs":["https:\/\/www.facebook.com\/ageninfra","https:\/\/x.com\/agencia_infra","https:\/\/www.linkedin.com\/company\/ag\u00eanciainfra\/","https:\/\/www.instagram.com\/agenciainfra\/"]},{"@type":"Person","@id":"https:\/\/agenciainfra.com\/blog\/#\/schema\/person\/34af08dff6adea4cb22b06612ba7acfa","name":"Ag\u00eancia iNFRA","image":{"@type":"ImageObject","inLanguage":"pt-BR","@id":"https:\/\/agenciainfra.com\/blog\/#\/schema\/person\/image\/","url":"https:\/\/secure.gravatar.com\/avatar\/d189e01678f06d8eb84d4e01f08eb848b3fffe3f8443818d3c356c66892f5be8?s=96&d=mm&r=g","contentUrl":"https:\/\/secure.gravatar.com\/avatar\/d189e01678f06d8eb84d4e01f08eb848b3fffe3f8443818d3c356c66892f5be8?s=96&d=mm&r=g","caption":"Ag\u00eancia iNFRA"},"url":"https:\/\/agenciainfra.com\/blog\/author\/admin\/"}]}},"_links":{"self":[{"href":"https:\/\/agenciainfra.com\/blog\/wp-json\/wp\/v2\/posts\/27888","targetHints":{"allow":["GET"]}}],"collection":[{"href":"https:\/\/agenciainfra.com\/blog\/wp-json\/wp\/v2\/posts"}],"about":[{"href":"https:\/\/agenciainfra.com\/blog\/wp-json\/wp\/v2\/types\/post"}],"author":[{"embeddable":true,"href":"https:\/\/agenciainfra.com\/blog\/wp-json\/wp\/v2\/users\/1"}],"replies":[{"embeddable":true,"href":"https:\/\/agenciainfra.com\/blog\/wp-json\/wp\/v2\/comments?post=27888"}],"version-history":[{"count":1,"href":"https:\/\/agenciainfra.com\/blog\/wp-json\/wp\/v2\/posts\/27888\/revisions"}],"predecessor-version":[{"id":27889,"href":"https:\/\/agenciainfra.com\/blog\/wp-json\/wp\/v2\/posts\/27888\/revisions\/27889"}],"wp:featuredmedia":[{"embeddable":true,"href":"https:\/\/agenciainfra.com\/blog\/wp-json\/wp\/v2\/media\/6701"}],"wp:attachment":[{"href":"https:\/\/agenciainfra.com\/blog\/wp-json\/wp\/v2\/media?parent=27888"}],"wp:term":[{"taxonomy":"category","embeddable":true,"href":"https:\/\/agenciainfra.com\/blog\/wp-json\/wp\/v2\/categories?post=27888"},{"taxonomy":"post_tag","embeddable":true,"href":"https:\/\/agenciainfra.com\/blog\/wp-json\/wp\/v2\/tags?post=27888"}],"curies":[{"name":"wp","href":"https:\/\/api.w.org\/{rel}","templated":true}]}}