{"id":2791,"date":"2019-01-18T04:00:26","date_gmt":"2019-01-18T07:00:26","guid":{"rendered":"http:\/\/www.agenciainfra.com\/blog\/?p=2791"},"modified":"2019-01-17T07:10:36","modified_gmt":"2019-01-17T10:10:36","slug":"consumo-de-energia-deve-crescer-38-anualmente-no-governo-de-bolsonaro","status":"publish","type":"post","link":"https:\/\/agenciainfra.com\/blog\/consumo-de-energia-deve-crescer-38-anualmente-no-governo-de-bolsonaro\/","title":{"rendered":"Consumo de energia deve crescer 3,8% anualmente no governo de Bolsonaro"},"content":{"rendered":"<h5 style=\"text-align: right;\"><strong>Leila Coimbra,\u00a0da Ag\u00eancia iNFRA<\/strong><\/h5>\n<p>Proje\u00e7\u00e3o sobre a\u00a0demanda por eletricidade para os pr\u00f3ximos quatro anos prev\u00ea\u00a0um aumento do consumo no SIN (Sistema Interligado Nacional) de 3,8% ao ano, entre\u00a02019 e\u00a02023. Para\u00a02018, no entanto, a expectativa \u00e9 de um crescimento p\u00edfio de 1,1% na demanda.<\/p>\n<p>O estudo foi feito em conjunto por ONS (Operador Nacional do Sistema El\u00e9trico), EPE (Empresa de Pesquisa Energ\u00e9tica) e CCEE (C\u00e2mara de Comercializa\u00e7\u00e3o de Energia El\u00e9trica), e se chama \u201cPrevis\u00e3o de Carga para o Planejamento Anual da Opera\u00e7\u00e3o Energ\u00e9tica 2019-2023\u201d.\u00a0<a href=\"https:\/\/agenciainfra.us14.list-manage.com\/track\/click?u=d460dd1bcf9ba0ae040e1fc0f&amp;id=3040a79b75&amp;e=c099169394\" target=\"_blank\" rel=\"noopener\" data-saferedirecturl=\"https:\/\/www.google.com\/url?q=https:\/\/agenciainfra.us14.list-manage.com\/track\/click?u%3Dd460dd1bcf9ba0ae040e1fc0f%26id%3D3040a79b75%26e%3Dc099169394&amp;source=gmail&amp;ust=1547800184870000&amp;usg=AFQjCNFPR5GhGSXe9ANkb-HqnCJMGAxZKQ\">Leia aqui o documento completo<\/a>.<\/p>\n<p><strong>PIB de 2,7% ao ano<\/strong><br \/>\nO documento levou em considera\u00e7\u00e3o um crescimento m\u00e9dio da economia brasileira de 2,7% ao ano (do PIB, Produto Interno Bruto) entre 2019 e 2023. A agropecu\u00e1ria, a ind\u00fastria e os servi\u00e7os avan\u00e7ar\u00e3o, respectivamente, 2,9%, 3,0% e 2,5% ao ano.<\/p>\n<p>\u201cAinda em 2019, espera-se que haja retomada do n\u00edvel de confian\u00e7a dos empres\u00e1rios e, consequentemente, aumento dos investimentos. Entretanto, um n\u00edvel maior de investimentos s\u00f3 deve ser alcan\u00e7ado nos anos posteriores, quando um ambiente de maior estabilidade e previsibilidade ser\u00e3o determinantes para o crescimento dos investimentos em infraestrutura\u201d, diz o texto.<\/p>\n<p><strong>Ind\u00fastria abaixo de resid\u00eancias e com\u00e9rcio<\/strong><br \/>\nA expectativa \u00e9 a de que a demanda industrial por energia no Sistema Interligado Nacional cres\u00e7a menos que o consumo das classes\u00a0comercial e industrial, gra\u00e7as \u00e0 possibilidade cada vez mais f\u00e1cil de ades\u00e3o ao mercado livre de energia por parte dos grandes consumidores.<\/p>\n<p>Enquanto espera-se uma alta de 4% ao ano na carga do com\u00e9rcio, e de 3,9% a.a. para resid\u00eancias, a ind\u00fastria dever\u00e1 registrar um incremento anual de 3,2%\u00a0nos pr\u00f3ximos quatro anos.<\/p>\n<p><strong>Curva menor<\/strong><br \/>\nAs proje\u00e7\u00f5es mais recentes mostram uma curva do consumo menor que a prevista anteriormente. Segundo o estudo, a previs\u00e3o da carga de energia do SIN \u00e9 de 76.912 MW m\u00e9dios em 2022, 511 MW m\u00e9dios inferior \u00e0 previs\u00e3o anterior.<\/p>\n","protected":false},"excerpt":{"rendered":"<p>Leila Coimbra,\u00a0da Ag\u00eancia iNFRA Proje\u00e7\u00e3o sobre a\u00a0demanda por eletricidade para os pr\u00f3ximos quatro anos prev\u00ea\u00a0um aumento do consumo no SIN (Sistema Interligado Nacional) de 3,8% ao ano, entre\u00a02019 e\u00a02023. Para\u00a02018, no entanto, a expectativa \u00e9 de um crescimento p\u00edfio de 1,1% na demanda. O estudo foi feito em conjunto por ONS (Operador Nacional do Sistema [&hellip;]<\/p>\n","protected":false},"author":9,"featured_media":0,"comment_status":"closed","ping_status":"open","sticky":false,"template":"","format":"standard","meta":{"_monsterinsights_skip_tracking":false,"_monsterinsights_sitenote_active":false,"_monsterinsights_sitenote_note":"","_monsterinsights_sitenote_category":0,"footnotes":""},"categories":[10],"tags":[14,13,12,216,748,747],"class_list":["post-2791","post","type-post","status-publish","format-standard","hentry","category-infraenergia","tag-ccee","tag-consumo-de-energia","tag-epe","tag-ons","tag-previsao-de-carga-para-o-planejamento-anual-da-operacao-energetica","tag-sistema-interligado-nacional"],"yoast_head":"<!-- This site is optimized with the Yoast SEO Premium plugin v25.4 (Yoast SEO v26.0) - https:\/\/yoast.com\/wordpress\/plugins\/seo\/ -->\n<title>Consumo de energia deve crescer 3,8% anualmente no governo de Bolsonaro - Ag\u00eancia iNFRA<\/title>\n<meta name=\"robots\" content=\"index, follow, max-snippet:-1, max-image-preview:large, max-video-preview:-1\" \/>\n<link rel=\"canonical\" href=\"https:\/\/agenciainfra.com\/blog\/consumo-de-energia-deve-crescer-38-anualmente-no-governo-de-bolsonaro\/\" \/>\n<meta property=\"og:locale\" content=\"pt_BR\" \/>\n<meta property=\"og:type\" content=\"article\" \/>\n<meta property=\"og:title\" content=\"Consumo de energia deve crescer 3,8% anualmente no governo de Bolsonaro\" \/>\n<meta property=\"og:description\" content=\"Leila Coimbra,\u00a0da Ag\u00eancia iNFRA Proje\u00e7\u00e3o sobre a\u00a0demanda por eletricidade para os pr\u00f3ximos quatro anos prev\u00ea\u00a0um aumento do consumo no SIN (Sistema Interligado Nacional) de 3,8% ao ano, entre\u00a02019 e\u00a02023. Para\u00a02018, no entanto, a expectativa \u00e9 de um crescimento p\u00edfio de 1,1% na demanda. O estudo foi feito em conjunto por ONS (Operador Nacional do Sistema [&hellip;]\" \/>\n<meta property=\"og:url\" content=\"https:\/\/agenciainfra.com\/blog\/consumo-de-energia-deve-crescer-38-anualmente-no-governo-de-bolsonaro\/\" \/>\n<meta property=\"og:site_name\" content=\"Ag\u00eancia iNFRA\" \/>\n<meta property=\"article:publisher\" content=\"https:\/\/www.facebook.com\/ageninfra\" \/>\n<meta property=\"article:published_time\" content=\"2019-01-18T07:00:26+00:00\" \/>\n<meta name=\"author\" content=\"Rodrigo Zuquim\" \/>\n<meta name=\"twitter:card\" content=\"summary_large_image\" \/>\n<meta name=\"twitter:creator\" content=\"@agencia_infra\" \/>\n<meta name=\"twitter:site\" content=\"@agencia_infra\" \/>\n<meta name=\"twitter:label1\" content=\"Escrito por\" \/>\n\t<meta name=\"twitter:data1\" content=\"Rodrigo Zuquim\" \/>\n\t<meta name=\"twitter:label2\" content=\"Est. tempo de leitura\" \/>\n\t<meta name=\"twitter:data2\" content=\"2 minutos\" \/>\n<script type=\"application\/ld+json\" class=\"yoast-schema-graph\">{\"@context\":\"https:\/\/schema.org\",\"@graph\":[{\"@type\":\"Article\",\"@id\":\"https:\/\/agenciainfra.com\/blog\/consumo-de-energia-deve-crescer-38-anualmente-no-governo-de-bolsonaro\/#article\",\"isPartOf\":{\"@id\":\"https:\/\/agenciainfra.com\/blog\/consumo-de-energia-deve-crescer-38-anualmente-no-governo-de-bolsonaro\/\"},\"author\":{\"name\":\"Rodrigo Zuquim\",\"@id\":\"https:\/\/agenciainfra.com\/blog\/#\/schema\/person\/04dbb79bd6d8951f063da71f3e4c1eb1\"},\"headline\":\"Consumo de energia deve crescer 3,8% anualmente no governo de Bolsonaro\",\"datePublished\":\"2019-01-18T07:00:26+00:00\",\"mainEntityOfPage\":{\"@id\":\"https:\/\/agenciainfra.com\/blog\/consumo-de-energia-deve-crescer-38-anualmente-no-governo-de-bolsonaro\/\"},\"wordCount\":339,\"publisher\":{\"@id\":\"https:\/\/agenciainfra.com\/blog\/#organization\"},\"keywords\":[\"ccee\",\"consumo de energia\",\"epe\",\"ONS\",\"Previs\u00e3o de Carga para o Planejamento Anual da Opera\u00e7\u00e3o Energ\u00e9tica\",\"Sistema Interligado Nacional\"],\"articleSection\":[\"iNFRAEnergia\"],\"inLanguage\":\"pt-BR\",\"copyrightYear\":\"2019\",\"copyrightHolder\":{\"@id\":\"https:\/\/agenciainfra.com\/blog\/#organization\"}},{\"@type\":\"WebPage\",\"@id\":\"https:\/\/agenciainfra.com\/blog\/consumo-de-energia-deve-crescer-38-anualmente-no-governo-de-bolsonaro\/\",\"url\":\"https:\/\/agenciainfra.com\/blog\/consumo-de-energia-deve-crescer-38-anualmente-no-governo-de-bolsonaro\/\",\"name\":\"Consumo de energia deve crescer 3,8% anualmente no governo de Bolsonaro - Ag\u00eancia iNFRA\",\"isPartOf\":{\"@id\":\"https:\/\/agenciainfra.com\/blog\/#website\"},\"datePublished\":\"2019-01-18T07:00:26+00:00\",\"breadcrumb\":{\"@id\":\"https:\/\/agenciainfra.com\/blog\/consumo-de-energia-deve-crescer-38-anualmente-no-governo-de-bolsonaro\/#breadcrumb\"},\"inLanguage\":\"pt-BR\",\"potentialAction\":[{\"@type\":\"ReadAction\",\"target\":[\"https:\/\/agenciainfra.com\/blog\/consumo-de-energia-deve-crescer-38-anualmente-no-governo-de-bolsonaro\/\"]}]},{\"@type\":\"BreadcrumbList\",\"@id\":\"https:\/\/agenciainfra.com\/blog\/consumo-de-energia-deve-crescer-38-anualmente-no-governo-de-bolsonaro\/#breadcrumb\",\"itemListElement\":[{\"@type\":\"ListItem\",\"position\":1,\"name\":\"In\u00edcio\",\"item\":\"https:\/\/agenciainfra.com\/blog\/\"},{\"@type\":\"ListItem\",\"position\":2,\"name\":\"Consumo de energia deve crescer 3,8% anualmente no governo de Bolsonaro\"}]},{\"@type\":\"WebSite\",\"@id\":\"https:\/\/agenciainfra.com\/blog\/#website\",\"url\":\"https:\/\/agenciainfra.com\/blog\/\",\"name\":\"Ag\u00eancia iNFRA\",\"description\":\"Multiplataforma de informa\u00e7\u00e3o jornal\u00edstica refer\u00eancia na \u00e1rea de infraestrutura no Brasil!\",\"publisher\":{\"@id\":\"https:\/\/agenciainfra.com\/blog\/#organization\"},\"potentialAction\":[{\"@type\":\"SearchAction\",\"target\":{\"@type\":\"EntryPoint\",\"urlTemplate\":\"https:\/\/agenciainfra.com\/blog\/?s={search_term_string}\"},\"query-input\":{\"@type\":\"PropertyValueSpecification\",\"valueRequired\":true,\"valueName\":\"search_term_string\"}}],\"inLanguage\":\"pt-BR\"},{\"@type\":\"Organization\",\"@id\":\"https:\/\/agenciainfra.com\/blog\/#organization\",\"name\":\"Ag\u00eancia iNFRA\",\"url\":\"https:\/\/agenciainfra.com\/blog\/\",\"logo\":{\"@type\":\"ImageObject\",\"inLanguage\":\"pt-BR\",\"@id\":\"https:\/\/agenciainfra.com\/blog\/#\/schema\/logo\/image\/\",\"url\":\"https:\/\/agenciainfra.com\/blog\/wp-content\/uploads\/2023\/09\/iNFRA_5-e1761735885940.png\",\"contentUrl\":\"https:\/\/agenciainfra.com\/blog\/wp-content\/uploads\/2023\/09\/iNFRA_5-e1761735885940.png\",\"width\":1672,\"height\":454,\"caption\":\"Ag\u00eancia iNFRA\"},\"image\":{\"@id\":\"https:\/\/agenciainfra.com\/blog\/#\/schema\/logo\/image\/\"},\"sameAs\":[\"https:\/\/www.facebook.com\/ageninfra\",\"https:\/\/x.com\/agencia_infra\",\"https:\/\/www.linkedin.com\/company\/ag\u00eanciainfra\/\",\"https:\/\/www.instagram.com\/agenciainfra\/\"]},{\"@type\":\"Person\",\"@id\":\"https:\/\/agenciainfra.com\/blog\/#\/schema\/person\/04dbb79bd6d8951f063da71f3e4c1eb1\",\"name\":\"Rodrigo Zuquim\",\"image\":{\"@type\":\"ImageObject\",\"inLanguage\":\"pt-BR\",\"@id\":\"https:\/\/agenciainfra.com\/blog\/#\/schema\/person\/image\/\",\"url\":\"https:\/\/secure.gravatar.com\/avatar\/594abfe82761d620726242ff34ca472a705a4b97f16c790053a6b4c4035274d0?s=96&d=mm&r=g\",\"contentUrl\":\"https:\/\/secure.gravatar.com\/avatar\/594abfe82761d620726242ff34ca472a705a4b97f16c790053a6b4c4035274d0?s=96&d=mm&r=g\",\"caption\":\"Rodrigo Zuquim\"},\"url\":\"https:\/\/agenciainfra.com\/blog\/author\/rodrigo-zuquim\/\"}]}<\/script>\n<!-- \/ Yoast SEO Premium plugin. -->","yoast_head_json":{"title":"Consumo de energia deve crescer 3,8% anualmente no governo de Bolsonaro - Ag\u00eancia iNFRA","robots":{"index":"index","follow":"follow","max-snippet":"max-snippet:-1","max-image-preview":"max-image-preview:large","max-video-preview":"max-video-preview:-1"},"canonical":"https:\/\/agenciainfra.com\/blog\/consumo-de-energia-deve-crescer-38-anualmente-no-governo-de-bolsonaro\/","og_locale":"pt_BR","og_type":"article","og_title":"Consumo de energia deve crescer 3,8% anualmente no governo de Bolsonaro","og_description":"Leila Coimbra,\u00a0da Ag\u00eancia iNFRA Proje\u00e7\u00e3o sobre a\u00a0demanda por eletricidade para os pr\u00f3ximos quatro anos prev\u00ea\u00a0um aumento do consumo no SIN (Sistema Interligado Nacional) de 3,8% ao ano, entre\u00a02019 e\u00a02023. Para\u00a02018, no entanto, a expectativa \u00e9 de um crescimento p\u00edfio de 1,1% na demanda. O estudo foi feito em conjunto por ONS (Operador Nacional do Sistema [&hellip;]","og_url":"https:\/\/agenciainfra.com\/blog\/consumo-de-energia-deve-crescer-38-anualmente-no-governo-de-bolsonaro\/","og_site_name":"Ag\u00eancia iNFRA","article_publisher":"https:\/\/www.facebook.com\/ageninfra","article_published_time":"2019-01-18T07:00:26+00:00","author":"Rodrigo Zuquim","twitter_card":"summary_large_image","twitter_creator":"@agencia_infra","twitter_site":"@agencia_infra","twitter_misc":{"Escrito por":"Rodrigo Zuquim","Est. tempo de leitura":"2 minutos"},"schema":{"@context":"https:\/\/schema.org","@graph":[{"@type":"Article","@id":"https:\/\/agenciainfra.com\/blog\/consumo-de-energia-deve-crescer-38-anualmente-no-governo-de-bolsonaro\/#article","isPartOf":{"@id":"https:\/\/agenciainfra.com\/blog\/consumo-de-energia-deve-crescer-38-anualmente-no-governo-de-bolsonaro\/"},"author":{"name":"Rodrigo Zuquim","@id":"https:\/\/agenciainfra.com\/blog\/#\/schema\/person\/04dbb79bd6d8951f063da71f3e4c1eb1"},"headline":"Consumo de energia deve crescer 3,8% anualmente no governo de Bolsonaro","datePublished":"2019-01-18T07:00:26+00:00","mainEntityOfPage":{"@id":"https:\/\/agenciainfra.com\/blog\/consumo-de-energia-deve-crescer-38-anualmente-no-governo-de-bolsonaro\/"},"wordCount":339,"publisher":{"@id":"https:\/\/agenciainfra.com\/blog\/#organization"},"keywords":["ccee","consumo de energia","epe","ONS","Previs\u00e3o de Carga para o Planejamento Anual da Opera\u00e7\u00e3o Energ\u00e9tica","Sistema Interligado Nacional"],"articleSection":["iNFRAEnergia"],"inLanguage":"pt-BR","copyrightYear":"2019","copyrightHolder":{"@id":"https:\/\/agenciainfra.com\/blog\/#organization"}},{"@type":"WebPage","@id":"https:\/\/agenciainfra.com\/blog\/consumo-de-energia-deve-crescer-38-anualmente-no-governo-de-bolsonaro\/","url":"https:\/\/agenciainfra.com\/blog\/consumo-de-energia-deve-crescer-38-anualmente-no-governo-de-bolsonaro\/","name":"Consumo de energia deve crescer 3,8% anualmente no governo de Bolsonaro - Ag\u00eancia iNFRA","isPartOf":{"@id":"https:\/\/agenciainfra.com\/blog\/#website"},"datePublished":"2019-01-18T07:00:26+00:00","breadcrumb":{"@id":"https:\/\/agenciainfra.com\/blog\/consumo-de-energia-deve-crescer-38-anualmente-no-governo-de-bolsonaro\/#breadcrumb"},"inLanguage":"pt-BR","potentialAction":[{"@type":"ReadAction","target":["https:\/\/agenciainfra.com\/blog\/consumo-de-energia-deve-crescer-38-anualmente-no-governo-de-bolsonaro\/"]}]},{"@type":"BreadcrumbList","@id":"https:\/\/agenciainfra.com\/blog\/consumo-de-energia-deve-crescer-38-anualmente-no-governo-de-bolsonaro\/#breadcrumb","itemListElement":[{"@type":"ListItem","position":1,"name":"In\u00edcio","item":"https:\/\/agenciainfra.com\/blog\/"},{"@type":"ListItem","position":2,"name":"Consumo de energia deve crescer 3,8% anualmente no governo de Bolsonaro"}]},{"@type":"WebSite","@id":"https:\/\/agenciainfra.com\/blog\/#website","url":"https:\/\/agenciainfra.com\/blog\/","name":"Ag\u00eancia iNFRA","description":"Multiplataforma de informa\u00e7\u00e3o jornal\u00edstica refer\u00eancia na \u00e1rea de infraestrutura no Brasil!","publisher":{"@id":"https:\/\/agenciainfra.com\/blog\/#organization"},"potentialAction":[{"@type":"SearchAction","target":{"@type":"EntryPoint","urlTemplate":"https:\/\/agenciainfra.com\/blog\/?s={search_term_string}"},"query-input":{"@type":"PropertyValueSpecification","valueRequired":true,"valueName":"search_term_string"}}],"inLanguage":"pt-BR"},{"@type":"Organization","@id":"https:\/\/agenciainfra.com\/blog\/#organization","name":"Ag\u00eancia iNFRA","url":"https:\/\/agenciainfra.com\/blog\/","logo":{"@type":"ImageObject","inLanguage":"pt-BR","@id":"https:\/\/agenciainfra.com\/blog\/#\/schema\/logo\/image\/","url":"https:\/\/agenciainfra.com\/blog\/wp-content\/uploads\/2023\/09\/iNFRA_5-e1761735885940.png","contentUrl":"https:\/\/agenciainfra.com\/blog\/wp-content\/uploads\/2023\/09\/iNFRA_5-e1761735885940.png","width":1672,"height":454,"caption":"Ag\u00eancia iNFRA"},"image":{"@id":"https:\/\/agenciainfra.com\/blog\/#\/schema\/logo\/image\/"},"sameAs":["https:\/\/www.facebook.com\/ageninfra","https:\/\/x.com\/agencia_infra","https:\/\/www.linkedin.com\/company\/ag\u00eanciainfra\/","https:\/\/www.instagram.com\/agenciainfra\/"]},{"@type":"Person","@id":"https:\/\/agenciainfra.com\/blog\/#\/schema\/person\/04dbb79bd6d8951f063da71f3e4c1eb1","name":"Rodrigo Zuquim","image":{"@type":"ImageObject","inLanguage":"pt-BR","@id":"https:\/\/agenciainfra.com\/blog\/#\/schema\/person\/image\/","url":"https:\/\/secure.gravatar.com\/avatar\/594abfe82761d620726242ff34ca472a705a4b97f16c790053a6b4c4035274d0?s=96&d=mm&r=g","contentUrl":"https:\/\/secure.gravatar.com\/avatar\/594abfe82761d620726242ff34ca472a705a4b97f16c790053a6b4c4035274d0?s=96&d=mm&r=g","caption":"Rodrigo Zuquim"},"url":"https:\/\/agenciainfra.com\/blog\/author\/rodrigo-zuquim\/"}]}},"_links":{"self":[{"href":"https:\/\/agenciainfra.com\/blog\/wp-json\/wp\/v2\/posts\/2791","targetHints":{"allow":["GET"]}}],"collection":[{"href":"https:\/\/agenciainfra.com\/blog\/wp-json\/wp\/v2\/posts"}],"about":[{"href":"https:\/\/agenciainfra.com\/blog\/wp-json\/wp\/v2\/types\/post"}],"author":[{"embeddable":true,"href":"https:\/\/agenciainfra.com\/blog\/wp-json\/wp\/v2\/users\/9"}],"replies":[{"embeddable":true,"href":"https:\/\/agenciainfra.com\/blog\/wp-json\/wp\/v2\/comments?post=2791"}],"version-history":[{"count":0,"href":"https:\/\/agenciainfra.com\/blog\/wp-json\/wp\/v2\/posts\/2791\/revisions"}],"wp:attachment":[{"href":"https:\/\/agenciainfra.com\/blog\/wp-json\/wp\/v2\/media?parent=2791"}],"wp:term":[{"taxonomy":"category","embeddable":true,"href":"https:\/\/agenciainfra.com\/blog\/wp-json\/wp\/v2\/categories?post=2791"},{"taxonomy":"post_tag","embeddable":true,"href":"https:\/\/agenciainfra.com\/blog\/wp-json\/wp\/v2\/tags?post=2791"}],"curies":[{"name":"wp","href":"https:\/\/api.w.org\/{rel}","templated":true}]}}