{"id":27915,"date":"2025-09-16T17:56:46","date_gmt":"2025-09-16T20:56:46","guid":{"rendered":"https:\/\/agenciainfra.com\/blog\/?p=27915"},"modified":"2025-09-17T11:30:49","modified_gmt":"2025-09-17T14:30:49","slug":"aneel-vai-discutir-geracao-distribuida-em-reuniao-com-ons-e-distribuidoras-diz-diretor-geral","status":"publish","type":"post","link":"https:\/\/agenciainfra.com\/blog\/aneel-vai-discutir-geracao-distribuida-em-reuniao-com-ons-e-distribuidoras-diz-diretor-geral\/","title":{"rendered":"ANEEL vai discutir gera\u00e7\u00e3o distribu\u00edda com ONS e distribuidoras, diz diretor-geral"},"content":{"rendered":"\n<p class=\"has-text-align-right\"><strong>Lais Carregosa, da Ag\u00eancia iNFRA<\/strong><\/p>\n\n\n\n<p>A ANEEL (Ag\u00eancia Nacional de Energia El\u00e9trica) vai discutir a possibilidade de operar a gera\u00e7\u00e3o distribu\u00edda de acordo com as necessidades do sistema el\u00e9trico em reuni\u00e3o com o ONS (Operador Nacional do Sistema El\u00e9trico) e as distribuidoras na sexta-feira (19), o que permitiria incluir a fonte nos cortes de gera\u00e7\u00e3o, por exemplo. A afirma\u00e7\u00e3o foi feita pelo diretor-geral, Sandoval Feitosa, nesta ter\u00e7a (16), a jornalistas ap\u00f3s a reuni\u00e3o da diretoria da ag\u00eancia.<\/p>\n\n\n\n<p>\u201cExiste um conjunto de usinas que s\u00e3o chamadas de gera\u00e7\u00e3o distribu\u00edda, mas n\u00e3o pelo conceito da compensa\u00e7\u00e3o de energia. Elas s\u00e3o distribu\u00eddas porque s\u00e3o usinas menores que est\u00e3o conectadas direto nas distribuidoras, que n\u00e3o s\u00e3o controladas pelo ONS, mas que em alguns locais do sistema o ONS entende que seria interessante control\u00e1-las\u201d, afirmou.<\/p>\n\n\n\n<p>De acordo com Sandoval, seria preciso criar um protocolo entre o ONS, as distribuidoras e as usinas para permitir que os empreendimentos fossem operados, com eventual mudan\u00e7a na regula\u00e7\u00e3o.<\/p>\n\n\n\n<p>O diretor-geral explicou que, na reuni\u00e3o de sexta, a ag\u00eancia deve identificar o que pode ser feito por meio de \u201ccomandos r\u00e1pidos entre ONS e distribuidoras\u201d e, se for preciso alguma altera\u00e7\u00e3o regulat\u00f3ria, poderia haver distribui\u00e7\u00e3o antecipada para um diretor relator. Outra medida em discuss\u00e3o, segundo Sandoval, \u00e9 a recomenda\u00e7\u00e3o de flexibiliza\u00e7\u00e3o dos contratos de gera\u00e7\u00e3o termel\u00e9trica.<\/p>\n\n\n\n<p><\/p>\n","protected":false},"excerpt":{"rendered":"<p>Lais Carregosa, da Ag\u00eancia iNFRA A ANEEL (Ag\u00eancia Nacional de Energia El\u00e9trica) vai discutir a possibilidade de operar a gera\u00e7\u00e3o distribu\u00edda de acordo com as necessidades do sistema el\u00e9trico em reuni\u00e3o com o ONS (Operador Nacional do Sistema El\u00e9trico) e as distribuidoras na sexta-feira (19), o que permitiria incluir a fonte nos cortes de gera\u00e7\u00e3o, [&hellip;]<\/p>\n","protected":false},"author":1,"featured_media":26592,"comment_status":"closed","ping_status":"closed","sticky":false,"template":"","format":"standard","meta":{"_monsterinsights_skip_tracking":false,"_monsterinsights_sitenote_active":false,"_monsterinsights_sitenote_note":"","_monsterinsights_sitenote_category":0,"footnotes":""},"categories":[1,10],"tags":[53,491,13132,216,1026],"class_list":["post-27915","post","type-post","status-publish","format-standard","has-post-thumbnail","hentry","category-geral","category-infraenergia","tag-aneel","tag-distribuidoras-de-energia","tag-lais-carregosa","tag-ons","tag-sandoval-feitosa"],"yoast_head":"<!-- This site is optimized with the Yoast SEO Premium plugin v25.4 (Yoast SEO v26.0) - https:\/\/yoast.com\/wordpress\/plugins\/seo\/ -->\n<title>ANEEL vai discutir gera\u00e7\u00e3o distribu\u00edda com ONS e distribuidoras, diz diretor-geral - Ag\u00eancia iNFRA<\/title>\n<meta name=\"robots\" content=\"index, follow, max-snippet:-1, max-image-preview:large, max-video-preview:-1\" \/>\n<link rel=\"canonical\" href=\"https:\/\/agenciainfra.com\/blog\/aneel-vai-discutir-geracao-distribuida-em-reuniao-com-ons-e-distribuidoras-diz-diretor-geral\/\" \/>\n<meta property=\"og:locale\" content=\"pt_BR\" \/>\n<meta property=\"og:type\" content=\"article\" \/>\n<meta property=\"og:title\" content=\"ANEEL vai discutir gera\u00e7\u00e3o distribu\u00edda com ONS e distribuidoras, diz diretor-geral\" \/>\n<meta property=\"og:description\" content=\"Lais Carregosa, da Ag\u00eancia iNFRA A ANEEL (Ag\u00eancia Nacional de Energia El\u00e9trica) vai discutir a possibilidade de operar a gera\u00e7\u00e3o distribu\u00edda de acordo com as necessidades do sistema el\u00e9trico em reuni\u00e3o com o ONS (Operador Nacional do Sistema El\u00e9trico) e as distribuidoras na sexta-feira (19), o que permitiria incluir a fonte nos cortes de gera\u00e7\u00e3o, [&hellip;]\" \/>\n<meta property=\"og:url\" content=\"https:\/\/agenciainfra.com\/blog\/aneel-vai-discutir-geracao-distribuida-em-reuniao-com-ons-e-distribuidoras-diz-diretor-geral\/\" \/>\n<meta property=\"og:site_name\" content=\"Ag\u00eancia iNFRA\" \/>\n<meta property=\"article:publisher\" content=\"https:\/\/www.facebook.com\/ageninfra\" \/>\n<meta property=\"article:published_time\" content=\"2025-09-16T20:56:46+00:00\" \/>\n<meta property=\"article:modified_time\" content=\"2025-09-17T14:30:49+00:00\" \/>\n<meta property=\"og:image\" content=\"https:\/\/agenciainfra.com\/blog\/wp-content\/uploads\/2025\/08\/sandoval-feitosa-foto-anderson-braga-aneel.jpg\" \/>\n\t<meta property=\"og:image:width\" content=\"1280\" \/>\n\t<meta property=\"og:image:height\" content=\"854\" \/>\n\t<meta property=\"og:image:type\" content=\"image\/jpeg\" \/>\n<meta name=\"author\" content=\"Ag\u00eancia iNFRA\" \/>\n<meta name=\"twitter:card\" content=\"summary_large_image\" \/>\n<meta name=\"twitter:creator\" content=\"@agencia_infra\" \/>\n<meta name=\"twitter:site\" content=\"@agencia_infra\" \/>\n<meta name=\"twitter:label1\" content=\"Escrito por\" \/>\n\t<meta name=\"twitter:data1\" content=\"Ag\u00eancia iNFRA\" \/>\n\t<meta name=\"twitter:label2\" content=\"Est. tempo de leitura\" \/>\n\t<meta name=\"twitter:data2\" content=\"1 minuto\" \/>\n<script type=\"application\/ld+json\" class=\"yoast-schema-graph\">{\"@context\":\"https:\/\/schema.org\",\"@graph\":[{\"@type\":\"Article\",\"@id\":\"https:\/\/agenciainfra.com\/blog\/aneel-vai-discutir-geracao-distribuida-em-reuniao-com-ons-e-distribuidoras-diz-diretor-geral\/#article\",\"isPartOf\":{\"@id\":\"https:\/\/agenciainfra.com\/blog\/aneel-vai-discutir-geracao-distribuida-em-reuniao-com-ons-e-distribuidoras-diz-diretor-geral\/\"},\"author\":{\"name\":\"Ag\u00eancia iNFRA\",\"@id\":\"https:\/\/agenciainfra.com\/blog\/#\/schema\/person\/34af08dff6adea4cb22b06612ba7acfa\"},\"headline\":\"ANEEL vai discutir gera\u00e7\u00e3o distribu\u00edda com ONS e distribuidoras, diz diretor-geral\",\"datePublished\":\"2025-09-16T20:56:46+00:00\",\"dateModified\":\"2025-09-17T14:30:49+00:00\",\"mainEntityOfPage\":{\"@id\":\"https:\/\/agenciainfra.com\/blog\/aneel-vai-discutir-geracao-distribuida-em-reuniao-com-ons-e-distribuidoras-diz-diretor-geral\/\"},\"wordCount\":265,\"publisher\":{\"@id\":\"https:\/\/agenciainfra.com\/blog\/#organization\"},\"image\":{\"@id\":\"https:\/\/agenciainfra.com\/blog\/aneel-vai-discutir-geracao-distribuida-em-reuniao-com-ons-e-distribuidoras-diz-diretor-geral\/#primaryimage\"},\"thumbnailUrl\":\"https:\/\/agenciainfra.com\/blog\/wp-content\/uploads\/2025\/08\/sandoval-feitosa-foto-anderson-braga-aneel.jpg\",\"keywords\":[\"ANEEL\",\"distribuidoras de energia\",\"Lais Carregosa\",\"ONS\",\"Sandoval Feitosa\"],\"articleSection\":[\"Geral\",\"iNFRAEnergia\"],\"inLanguage\":\"pt-BR\",\"copyrightYear\":\"2025\",\"copyrightHolder\":{\"@id\":\"https:\/\/agenciainfra.com\/blog\/#organization\"}},{\"@type\":\"WebPage\",\"@id\":\"https:\/\/agenciainfra.com\/blog\/aneel-vai-discutir-geracao-distribuida-em-reuniao-com-ons-e-distribuidoras-diz-diretor-geral\/\",\"url\":\"https:\/\/agenciainfra.com\/blog\/aneel-vai-discutir-geracao-distribuida-em-reuniao-com-ons-e-distribuidoras-diz-diretor-geral\/\",\"name\":\"ANEEL vai discutir gera\u00e7\u00e3o distribu\u00edda com ONS e distribuidoras, diz diretor-geral - Ag\u00eancia iNFRA\",\"isPartOf\":{\"@id\":\"https:\/\/agenciainfra.com\/blog\/#website\"},\"primaryImageOfPage\":{\"@id\":\"https:\/\/agenciainfra.com\/blog\/aneel-vai-discutir-geracao-distribuida-em-reuniao-com-ons-e-distribuidoras-diz-diretor-geral\/#primaryimage\"},\"image\":{\"@id\":\"https:\/\/agenciainfra.com\/blog\/aneel-vai-discutir-geracao-distribuida-em-reuniao-com-ons-e-distribuidoras-diz-diretor-geral\/#primaryimage\"},\"thumbnailUrl\":\"https:\/\/agenciainfra.com\/blog\/wp-content\/uploads\/2025\/08\/sandoval-feitosa-foto-anderson-braga-aneel.jpg\",\"datePublished\":\"2025-09-16T20:56:46+00:00\",\"dateModified\":\"2025-09-17T14:30:49+00:00\",\"breadcrumb\":{\"@id\":\"https:\/\/agenciainfra.com\/blog\/aneel-vai-discutir-geracao-distribuida-em-reuniao-com-ons-e-distribuidoras-diz-diretor-geral\/#breadcrumb\"},\"inLanguage\":\"pt-BR\",\"potentialAction\":[{\"@type\":\"ReadAction\",\"target\":[\"https:\/\/agenciainfra.com\/blog\/aneel-vai-discutir-geracao-distribuida-em-reuniao-com-ons-e-distribuidoras-diz-diretor-geral\/\"]}]},{\"@type\":\"ImageObject\",\"inLanguage\":\"pt-BR\",\"@id\":\"https:\/\/agenciainfra.com\/blog\/aneel-vai-discutir-geracao-distribuida-em-reuniao-com-ons-e-distribuidoras-diz-diretor-geral\/#primaryimage\",\"url\":\"https:\/\/agenciainfra.com\/blog\/wp-content\/uploads\/2025\/08\/sandoval-feitosa-foto-anderson-braga-aneel.jpg\",\"contentUrl\":\"https:\/\/agenciainfra.com\/blog\/wp-content\/uploads\/2025\/08\/sandoval-feitosa-foto-anderson-braga-aneel.jpg\",\"width\":1280,\"height\":854,\"caption\":\"Foto: Anderson Braga\/ANEEL\"},{\"@type\":\"BreadcrumbList\",\"@id\":\"https:\/\/agenciainfra.com\/blog\/aneel-vai-discutir-geracao-distribuida-em-reuniao-com-ons-e-distribuidoras-diz-diretor-geral\/#breadcrumb\",\"itemListElement\":[{\"@type\":\"ListItem\",\"position\":1,\"name\":\"In\u00edcio\",\"item\":\"https:\/\/agenciainfra.com\/blog\/\"},{\"@type\":\"ListItem\",\"position\":2,\"name\":\"ANEEL vai discutir gera\u00e7\u00e3o distribu\u00edda com ONS e distribuidoras, diz diretor-geral\"}]},{\"@type\":\"WebSite\",\"@id\":\"https:\/\/agenciainfra.com\/blog\/#website\",\"url\":\"https:\/\/agenciainfra.com\/blog\/\",\"name\":\"Ag\u00eancia iNFRA\",\"description\":\"Multiplataforma de informa\u00e7\u00e3o jornal\u00edstica refer\u00eancia na \u00e1rea de infraestrutura no Brasil!\",\"publisher\":{\"@id\":\"https:\/\/agenciainfra.com\/blog\/#organization\"},\"potentialAction\":[{\"@type\":\"SearchAction\",\"target\":{\"@type\":\"EntryPoint\",\"urlTemplate\":\"https:\/\/agenciainfra.com\/blog\/?s={search_term_string}\"},\"query-input\":{\"@type\":\"PropertyValueSpecification\",\"valueRequired\":true,\"valueName\":\"search_term_string\"}}],\"inLanguage\":\"pt-BR\"},{\"@type\":\"Organization\",\"@id\":\"https:\/\/agenciainfra.com\/blog\/#organization\",\"name\":\"Ag\u00eancia iNFRA\",\"url\":\"https:\/\/agenciainfra.com\/blog\/\",\"logo\":{\"@type\":\"ImageObject\",\"inLanguage\":\"pt-BR\",\"@id\":\"https:\/\/agenciainfra.com\/blog\/#\/schema\/logo\/image\/\",\"url\":\"https:\/\/agenciainfra.com\/blog\/wp-content\/uploads\/2023\/09\/iNFRA_5-e1761735885940.png\",\"contentUrl\":\"https:\/\/agenciainfra.com\/blog\/wp-content\/uploads\/2023\/09\/iNFRA_5-e1761735885940.png\",\"width\":1672,\"height\":454,\"caption\":\"Ag\u00eancia iNFRA\"},\"image\":{\"@id\":\"https:\/\/agenciainfra.com\/blog\/#\/schema\/logo\/image\/\"},\"sameAs\":[\"https:\/\/www.facebook.com\/ageninfra\",\"https:\/\/x.com\/agencia_infra\",\"https:\/\/www.linkedin.com\/company\/ag\u00eanciainfra\/\",\"https:\/\/www.instagram.com\/agenciainfra\/\"]},{\"@type\":\"Person\",\"@id\":\"https:\/\/agenciainfra.com\/blog\/#\/schema\/person\/34af08dff6adea4cb22b06612ba7acfa\",\"name\":\"Ag\u00eancia iNFRA\",\"image\":{\"@type\":\"ImageObject\",\"inLanguage\":\"pt-BR\",\"@id\":\"https:\/\/agenciainfra.com\/blog\/#\/schema\/person\/image\/\",\"url\":\"https:\/\/secure.gravatar.com\/avatar\/d189e01678f06d8eb84d4e01f08eb848b3fffe3f8443818d3c356c66892f5be8?s=96&d=mm&r=g\",\"contentUrl\":\"https:\/\/secure.gravatar.com\/avatar\/d189e01678f06d8eb84d4e01f08eb848b3fffe3f8443818d3c356c66892f5be8?s=96&d=mm&r=g\",\"caption\":\"Ag\u00eancia iNFRA\"},\"url\":\"https:\/\/agenciainfra.com\/blog\/author\/admin\/\"}]}<\/script>\n<!-- \/ Yoast SEO Premium plugin. -->","yoast_head_json":{"title":"ANEEL vai discutir gera\u00e7\u00e3o distribu\u00edda com ONS e distribuidoras, diz diretor-geral - Ag\u00eancia iNFRA","robots":{"index":"index","follow":"follow","max-snippet":"max-snippet:-1","max-image-preview":"max-image-preview:large","max-video-preview":"max-video-preview:-1"},"canonical":"https:\/\/agenciainfra.com\/blog\/aneel-vai-discutir-geracao-distribuida-em-reuniao-com-ons-e-distribuidoras-diz-diretor-geral\/","og_locale":"pt_BR","og_type":"article","og_title":"ANEEL vai discutir gera\u00e7\u00e3o distribu\u00edda com ONS e distribuidoras, diz diretor-geral","og_description":"Lais Carregosa, da Ag\u00eancia iNFRA A ANEEL (Ag\u00eancia Nacional de Energia El\u00e9trica) vai discutir a possibilidade de operar a gera\u00e7\u00e3o distribu\u00edda de acordo com as necessidades do sistema el\u00e9trico em reuni\u00e3o com o ONS (Operador Nacional do Sistema El\u00e9trico) e as distribuidoras na sexta-feira (19), o que permitiria incluir a fonte nos cortes de gera\u00e7\u00e3o, [&hellip;]","og_url":"https:\/\/agenciainfra.com\/blog\/aneel-vai-discutir-geracao-distribuida-em-reuniao-com-ons-e-distribuidoras-diz-diretor-geral\/","og_site_name":"Ag\u00eancia iNFRA","article_publisher":"https:\/\/www.facebook.com\/ageninfra","article_published_time":"2025-09-16T20:56:46+00:00","article_modified_time":"2025-09-17T14:30:49+00:00","og_image":[{"width":1280,"height":854,"url":"https:\/\/agenciainfra.com\/blog\/wp-content\/uploads\/2025\/08\/sandoval-feitosa-foto-anderson-braga-aneel.jpg","type":"image\/jpeg"}],"author":"Ag\u00eancia iNFRA","twitter_card":"summary_large_image","twitter_creator":"@agencia_infra","twitter_site":"@agencia_infra","twitter_misc":{"Escrito por":"Ag\u00eancia iNFRA","Est. tempo de leitura":"1 minuto"},"schema":{"@context":"https:\/\/schema.org","@graph":[{"@type":"Article","@id":"https:\/\/agenciainfra.com\/blog\/aneel-vai-discutir-geracao-distribuida-em-reuniao-com-ons-e-distribuidoras-diz-diretor-geral\/#article","isPartOf":{"@id":"https:\/\/agenciainfra.com\/blog\/aneel-vai-discutir-geracao-distribuida-em-reuniao-com-ons-e-distribuidoras-diz-diretor-geral\/"},"author":{"name":"Ag\u00eancia iNFRA","@id":"https:\/\/agenciainfra.com\/blog\/#\/schema\/person\/34af08dff6adea4cb22b06612ba7acfa"},"headline":"ANEEL vai discutir gera\u00e7\u00e3o distribu\u00edda com ONS e distribuidoras, diz diretor-geral","datePublished":"2025-09-16T20:56:46+00:00","dateModified":"2025-09-17T14:30:49+00:00","mainEntityOfPage":{"@id":"https:\/\/agenciainfra.com\/blog\/aneel-vai-discutir-geracao-distribuida-em-reuniao-com-ons-e-distribuidoras-diz-diretor-geral\/"},"wordCount":265,"publisher":{"@id":"https:\/\/agenciainfra.com\/blog\/#organization"},"image":{"@id":"https:\/\/agenciainfra.com\/blog\/aneel-vai-discutir-geracao-distribuida-em-reuniao-com-ons-e-distribuidoras-diz-diretor-geral\/#primaryimage"},"thumbnailUrl":"https:\/\/agenciainfra.com\/blog\/wp-content\/uploads\/2025\/08\/sandoval-feitosa-foto-anderson-braga-aneel.jpg","keywords":["ANEEL","distribuidoras de energia","Lais Carregosa","ONS","Sandoval Feitosa"],"articleSection":["Geral","iNFRAEnergia"],"inLanguage":"pt-BR","copyrightYear":"2025","copyrightHolder":{"@id":"https:\/\/agenciainfra.com\/blog\/#organization"}},{"@type":"WebPage","@id":"https:\/\/agenciainfra.com\/blog\/aneel-vai-discutir-geracao-distribuida-em-reuniao-com-ons-e-distribuidoras-diz-diretor-geral\/","url":"https:\/\/agenciainfra.com\/blog\/aneel-vai-discutir-geracao-distribuida-em-reuniao-com-ons-e-distribuidoras-diz-diretor-geral\/","name":"ANEEL vai discutir gera\u00e7\u00e3o distribu\u00edda com ONS e distribuidoras, diz diretor-geral - Ag\u00eancia iNFRA","isPartOf":{"@id":"https:\/\/agenciainfra.com\/blog\/#website"},"primaryImageOfPage":{"@id":"https:\/\/agenciainfra.com\/blog\/aneel-vai-discutir-geracao-distribuida-em-reuniao-com-ons-e-distribuidoras-diz-diretor-geral\/#primaryimage"},"image":{"@id":"https:\/\/agenciainfra.com\/blog\/aneel-vai-discutir-geracao-distribuida-em-reuniao-com-ons-e-distribuidoras-diz-diretor-geral\/#primaryimage"},"thumbnailUrl":"https:\/\/agenciainfra.com\/blog\/wp-content\/uploads\/2025\/08\/sandoval-feitosa-foto-anderson-braga-aneel.jpg","datePublished":"2025-09-16T20:56:46+00:00","dateModified":"2025-09-17T14:30:49+00:00","breadcrumb":{"@id":"https:\/\/agenciainfra.com\/blog\/aneel-vai-discutir-geracao-distribuida-em-reuniao-com-ons-e-distribuidoras-diz-diretor-geral\/#breadcrumb"},"inLanguage":"pt-BR","potentialAction":[{"@type":"ReadAction","target":["https:\/\/agenciainfra.com\/blog\/aneel-vai-discutir-geracao-distribuida-em-reuniao-com-ons-e-distribuidoras-diz-diretor-geral\/"]}]},{"@type":"ImageObject","inLanguage":"pt-BR","@id":"https:\/\/agenciainfra.com\/blog\/aneel-vai-discutir-geracao-distribuida-em-reuniao-com-ons-e-distribuidoras-diz-diretor-geral\/#primaryimage","url":"https:\/\/agenciainfra.com\/blog\/wp-content\/uploads\/2025\/08\/sandoval-feitosa-foto-anderson-braga-aneel.jpg","contentUrl":"https:\/\/agenciainfra.com\/blog\/wp-content\/uploads\/2025\/08\/sandoval-feitosa-foto-anderson-braga-aneel.jpg","width":1280,"height":854,"caption":"Foto: Anderson Braga\/ANEEL"},{"@type":"BreadcrumbList","@id":"https:\/\/agenciainfra.com\/blog\/aneel-vai-discutir-geracao-distribuida-em-reuniao-com-ons-e-distribuidoras-diz-diretor-geral\/#breadcrumb","itemListElement":[{"@type":"ListItem","position":1,"name":"In\u00edcio","item":"https:\/\/agenciainfra.com\/blog\/"},{"@type":"ListItem","position":2,"name":"ANEEL vai discutir gera\u00e7\u00e3o distribu\u00edda com ONS e distribuidoras, diz diretor-geral"}]},{"@type":"WebSite","@id":"https:\/\/agenciainfra.com\/blog\/#website","url":"https:\/\/agenciainfra.com\/blog\/","name":"Ag\u00eancia iNFRA","description":"Multiplataforma de informa\u00e7\u00e3o jornal\u00edstica refer\u00eancia na \u00e1rea de infraestrutura no Brasil!","publisher":{"@id":"https:\/\/agenciainfra.com\/blog\/#organization"},"potentialAction":[{"@type":"SearchAction","target":{"@type":"EntryPoint","urlTemplate":"https:\/\/agenciainfra.com\/blog\/?s={search_term_string}"},"query-input":{"@type":"PropertyValueSpecification","valueRequired":true,"valueName":"search_term_string"}}],"inLanguage":"pt-BR"},{"@type":"Organization","@id":"https:\/\/agenciainfra.com\/blog\/#organization","name":"Ag\u00eancia iNFRA","url":"https:\/\/agenciainfra.com\/blog\/","logo":{"@type":"ImageObject","inLanguage":"pt-BR","@id":"https:\/\/agenciainfra.com\/blog\/#\/schema\/logo\/image\/","url":"https:\/\/agenciainfra.com\/blog\/wp-content\/uploads\/2023\/09\/iNFRA_5-e1761735885940.png","contentUrl":"https:\/\/agenciainfra.com\/blog\/wp-content\/uploads\/2023\/09\/iNFRA_5-e1761735885940.png","width":1672,"height":454,"caption":"Ag\u00eancia iNFRA"},"image":{"@id":"https:\/\/agenciainfra.com\/blog\/#\/schema\/logo\/image\/"},"sameAs":["https:\/\/www.facebook.com\/ageninfra","https:\/\/x.com\/agencia_infra","https:\/\/www.linkedin.com\/company\/ag\u00eanciainfra\/","https:\/\/www.instagram.com\/agenciainfra\/"]},{"@type":"Person","@id":"https:\/\/agenciainfra.com\/blog\/#\/schema\/person\/34af08dff6adea4cb22b06612ba7acfa","name":"Ag\u00eancia iNFRA","image":{"@type":"ImageObject","inLanguage":"pt-BR","@id":"https:\/\/agenciainfra.com\/blog\/#\/schema\/person\/image\/","url":"https:\/\/secure.gravatar.com\/avatar\/d189e01678f06d8eb84d4e01f08eb848b3fffe3f8443818d3c356c66892f5be8?s=96&d=mm&r=g","contentUrl":"https:\/\/secure.gravatar.com\/avatar\/d189e01678f06d8eb84d4e01f08eb848b3fffe3f8443818d3c356c66892f5be8?s=96&d=mm&r=g","caption":"Ag\u00eancia iNFRA"},"url":"https:\/\/agenciainfra.com\/blog\/author\/admin\/"}]}},"_links":{"self":[{"href":"https:\/\/agenciainfra.com\/blog\/wp-json\/wp\/v2\/posts\/27915","targetHints":{"allow":["GET"]}}],"collection":[{"href":"https:\/\/agenciainfra.com\/blog\/wp-json\/wp\/v2\/posts"}],"about":[{"href":"https:\/\/agenciainfra.com\/blog\/wp-json\/wp\/v2\/types\/post"}],"author":[{"embeddable":true,"href":"https:\/\/agenciainfra.com\/blog\/wp-json\/wp\/v2\/users\/1"}],"replies":[{"embeddable":true,"href":"https:\/\/agenciainfra.com\/blog\/wp-json\/wp\/v2\/comments?post=27915"}],"version-history":[{"count":2,"href":"https:\/\/agenciainfra.com\/blog\/wp-json\/wp\/v2\/posts\/27915\/revisions"}],"predecessor-version":[{"id":27918,"href":"https:\/\/agenciainfra.com\/blog\/wp-json\/wp\/v2\/posts\/27915\/revisions\/27918"}],"wp:featuredmedia":[{"embeddable":true,"href":"https:\/\/agenciainfra.com\/blog\/wp-json\/wp\/v2\/media\/26592"}],"wp:attachment":[{"href":"https:\/\/agenciainfra.com\/blog\/wp-json\/wp\/v2\/media?parent=27915"}],"wp:term":[{"taxonomy":"category","embeddable":true,"href":"https:\/\/agenciainfra.com\/blog\/wp-json\/wp\/v2\/categories?post=27915"},{"taxonomy":"post_tag","embeddable":true,"href":"https:\/\/agenciainfra.com\/blog\/wp-json\/wp\/v2\/tags?post=27915"}],"curies":[{"name":"wp","href":"https:\/\/api.w.org\/{rel}","templated":true}]}}