{"id":27923,"date":"2025-09-16T19:33:09","date_gmt":"2025-09-16T22:33:09","guid":{"rendered":"https:\/\/agenciainfra.com\/blog\/?p=27923"},"modified":"2025-09-17T11:31:06","modified_gmt":"2025-09-17T14:31:06","slug":"cade-aprova-arrendamento-de-area-mineraria-da-vale-pelo-grupo-cedro","status":"publish","type":"post","link":"https:\/\/agenciainfra.com\/blog\/cade-aprova-arrendamento-de-area-mineraria-da-vale-pelo-grupo-cedro\/","title":{"rendered":"Cade aprova arrendamento de \u00e1rea miner\u00e1ria da Vale pelo Grupo Cedro"},"content":{"rendered":"\n<p class=\"has-text-align-right\"><strong>Rafael Bitencourt, da Ag\u00eancia iNFRA<\/strong><\/p>\n\n\n\n<p>O Cade (Conselho Administrativo de Defesa Econ\u00f4mica), por meio de decis\u00e3o da SG (Superintend\u00eancia-Geral), aprovou o arrendamento de \u00e1rea miner\u00e1ria da Vale pela Cedro Minera\u00e7\u00e3o Mariana. Com a decis\u00e3o, a subsidi\u00e1ria do Grupo Cedro poder\u00e1 fazer a expans\u00e3o operacional em \u00e1reas lim\u00edtrofes entre direitos miner\u00e1rios detidos pelas duas companhias.<\/p>\n\n\n\n<p>O arrendamento tem o \u201cintuito do melhor aproveitamento econ\u00f4mico das reservas de ambas as partes\u201d, conforme documento encaminhado ao \u00f3rg\u00e3o antitruste. As mineradoras defenderam ainda que a opera\u00e7\u00e3o, envolvendo jazidas localizadas em Minas Gerais, n\u00e3o provoca concentra\u00e7\u00e3o no segmento de min\u00e9rio de ferro, \u201cn\u00e3o sendo capaz de gerar quaisquer preocupa\u00e7\u00f5es concorrenciais\u201d.<\/p>\n\n\n\n<p>\u201cAs Partes respeitosamente entendem que a Opera\u00e7\u00e3o deve ser aprovada sem restri\u00e7\u00f5es sob o rito sum\u00e1rio\u201d, destacam as mineradoras. A opera\u00e7\u00e3o de arrendamento foi, ent\u00e3o, <a href=\"https:\/\/www.in.gov.br\/web\/dou\/-\/despachos-sg-de-15-de-setembro-de-2025-656048417\">aprovada \u201csem restri\u00e7\u00f5es\u201d<\/a> em despacho publicado nesta ter\u00e7a-feira (16) no Di\u00e1rio Oficial&nbsp;da&nbsp;Uni\u00e3o.<\/p>\n\n\n\n<p>A Cedro tamb\u00e9m atua no setor de log\u00edstica mantendo ativos no segmento de <a href=\"https:\/\/agenciainfra.com\/blog\/cedro-consegue-autorizacao-para-desapropriacoes-para-construcao-de-ferrovia-privada-em-minas-gerais\/\">ferrovia<\/a> e <a href=\"https:\/\/agenciainfra.com\/blog\/cedro-vence-leilao-de-terminal-portuario-de-minerio-no-rj-e-pode-ampliar-concorrencia-no-setor\/\">porto<\/a>.<\/p>\n\n\n\n<p><\/p>\n","protected":false},"excerpt":{"rendered":"<p>Rafael Bitencourt, da Ag\u00eancia iNFRA O Cade (Conselho Administrativo de Defesa Econ\u00f4mica), por meio de decis\u00e3o da SG (Superintend\u00eancia-Geral), aprovou o arrendamento de \u00e1rea miner\u00e1ria da Vale pela Cedro Minera\u00e7\u00e3o Mariana. Com a decis\u00e3o, a subsidi\u00e1ria do Grupo Cedro poder\u00e1 fazer a expans\u00e3o operacional em \u00e1reas lim\u00edtrofes entre direitos miner\u00e1rios detidos pelas duas companhias. O [&hellip;]<\/p>\n","protected":false},"author":1,"featured_media":25662,"comment_status":"closed","ping_status":"closed","sticky":false,"template":"","format":"standard","meta":{"_monsterinsights_skip_tracking":false,"_monsterinsights_sitenote_active":false,"_monsterinsights_sitenote_note":"","_monsterinsights_sitenote_category":0,"footnotes":""},"categories":[1,13239],"tags":[1895,15401,371,11646,8568,15400,15399,83],"class_list":["post-27923","post","type-post","status-publish","format-standard","has-post-thumbnail","hentry","category-geral","category-mineracao","tag-arrendamento","tag-ato-de-concentracao","tag-cade","tag-cedro","tag-conselho-administrativo-de-defesa-economica","tag-diario-oficial-da-uniao-2","tag-superintendencia-geral","tag-vale"],"yoast_head":"<!-- This site is optimized with the Yoast SEO Premium plugin v25.4 (Yoast SEO v26.0) - https:\/\/yoast.com\/wordpress\/plugins\/seo\/ -->\n<title>Cade aprova arrendamento de \u00e1rea miner\u00e1ria da Vale pelo Grupo Cedro - Ag\u00eancia iNFRA<\/title>\n<meta name=\"robots\" content=\"index, follow, max-snippet:-1, max-image-preview:large, max-video-preview:-1\" \/>\n<link rel=\"canonical\" href=\"https:\/\/agenciainfra.com\/blog\/cade-aprova-arrendamento-de-area-mineraria-da-vale-pelo-grupo-cedro\/\" \/>\n<meta property=\"og:locale\" content=\"pt_BR\" \/>\n<meta property=\"og:type\" content=\"article\" \/>\n<meta property=\"og:title\" content=\"Cade aprova arrendamento de \u00e1rea miner\u00e1ria da Vale pelo Grupo Cedro\" \/>\n<meta property=\"og:description\" content=\"Rafael Bitencourt, da Ag\u00eancia iNFRA O Cade (Conselho Administrativo de Defesa Econ\u00f4mica), por meio de decis\u00e3o da SG (Superintend\u00eancia-Geral), aprovou o arrendamento de \u00e1rea miner\u00e1ria da Vale pela Cedro Minera\u00e7\u00e3o Mariana. Com a decis\u00e3o, a subsidi\u00e1ria do Grupo Cedro poder\u00e1 fazer a expans\u00e3o operacional em \u00e1reas lim\u00edtrofes entre direitos miner\u00e1rios detidos pelas duas companhias. O [&hellip;]\" \/>\n<meta property=\"og:url\" content=\"https:\/\/agenciainfra.com\/blog\/cade-aprova-arrendamento-de-area-mineraria-da-vale-pelo-grupo-cedro\/\" \/>\n<meta property=\"og:site_name\" content=\"Ag\u00eancia iNFRA\" \/>\n<meta property=\"article:publisher\" content=\"https:\/\/www.facebook.com\/ageninfra\" \/>\n<meta property=\"article:published_time\" content=\"2025-09-16T22:33:09+00:00\" \/>\n<meta property=\"article:modified_time\" content=\"2025-09-17T14:31:06+00:00\" \/>\n<meta property=\"og:image\" content=\"https:\/\/agenciainfra.com\/blog\/wp-content\/uploads\/2025\/07\/Mineracao-Tania-Rego-Agencia-Brasil.jpg\" \/>\n\t<meta property=\"og:image:width\" content=\"1024\" \/>\n\t<meta property=\"og:image:height\" content=\"768\" \/>\n\t<meta property=\"og:image:type\" content=\"image\/jpeg\" \/>\n<meta name=\"author\" content=\"Ag\u00eancia iNFRA\" \/>\n<meta name=\"twitter:card\" content=\"summary_large_image\" \/>\n<meta name=\"twitter:creator\" content=\"@agencia_infra\" \/>\n<meta name=\"twitter:site\" content=\"@agencia_infra\" \/>\n<meta name=\"twitter:label1\" content=\"Escrito por\" \/>\n\t<meta name=\"twitter:data1\" content=\"Ag\u00eancia iNFRA\" \/>\n\t<meta name=\"twitter:label2\" content=\"Est. tempo de leitura\" \/>\n\t<meta name=\"twitter:data2\" content=\"1 minuto\" \/>\n<script type=\"application\/ld+json\" class=\"yoast-schema-graph\">{\"@context\":\"https:\/\/schema.org\",\"@graph\":[{\"@type\":\"Article\",\"@id\":\"https:\/\/agenciainfra.com\/blog\/cade-aprova-arrendamento-de-area-mineraria-da-vale-pelo-grupo-cedro\/#article\",\"isPartOf\":{\"@id\":\"https:\/\/agenciainfra.com\/blog\/cade-aprova-arrendamento-de-area-mineraria-da-vale-pelo-grupo-cedro\/\"},\"author\":{\"name\":\"Ag\u00eancia iNFRA\",\"@id\":\"https:\/\/agenciainfra.com\/blog\/#\/schema\/person\/34af08dff6adea4cb22b06612ba7acfa\"},\"headline\":\"Cade aprova arrendamento de \u00e1rea miner\u00e1ria da Vale pelo Grupo Cedro\",\"datePublished\":\"2025-09-16T22:33:09+00:00\",\"dateModified\":\"2025-09-17T14:31:06+00:00\",\"mainEntityOfPage\":{\"@id\":\"https:\/\/agenciainfra.com\/blog\/cade-aprova-arrendamento-de-area-mineraria-da-vale-pelo-grupo-cedro\/\"},\"wordCount\":203,\"publisher\":{\"@id\":\"https:\/\/agenciainfra.com\/blog\/#organization\"},\"image\":{\"@id\":\"https:\/\/agenciainfra.com\/blog\/cade-aprova-arrendamento-de-area-mineraria-da-vale-pelo-grupo-cedro\/#primaryimage\"},\"thumbnailUrl\":\"https:\/\/agenciainfra.com\/blog\/wp-content\/uploads\/2025\/07\/Mineracao-Tania-Rego-Agencia-Brasil.jpg\",\"keywords\":[\"arrendamento\",\"Ato de Concentra\u00e7\u00e3o\",\"Cade\",\"Cedro\",\"Conselho Administrativo de Defesa Econ\u00f4mica\",\"Di\u00e1rio Oficial\u00a0da\u00a0Uni\u00e3o\",\"Superintend\u00eancia-Geral\",\"Vale\"],\"articleSection\":[\"Geral\",\"Minera\u00e7\u00e3o\"],\"inLanguage\":\"pt-BR\",\"copyrightYear\":\"2025\",\"copyrightHolder\":{\"@id\":\"https:\/\/agenciainfra.com\/blog\/#organization\"}},{\"@type\":\"WebPage\",\"@id\":\"https:\/\/agenciainfra.com\/blog\/cade-aprova-arrendamento-de-area-mineraria-da-vale-pelo-grupo-cedro\/\",\"url\":\"https:\/\/agenciainfra.com\/blog\/cade-aprova-arrendamento-de-area-mineraria-da-vale-pelo-grupo-cedro\/\",\"name\":\"Cade aprova arrendamento de \u00e1rea miner\u00e1ria da Vale pelo Grupo Cedro - Ag\u00eancia iNFRA\",\"isPartOf\":{\"@id\":\"https:\/\/agenciainfra.com\/blog\/#website\"},\"primaryImageOfPage\":{\"@id\":\"https:\/\/agenciainfra.com\/blog\/cade-aprova-arrendamento-de-area-mineraria-da-vale-pelo-grupo-cedro\/#primaryimage\"},\"image\":{\"@id\":\"https:\/\/agenciainfra.com\/blog\/cade-aprova-arrendamento-de-area-mineraria-da-vale-pelo-grupo-cedro\/#primaryimage\"},\"thumbnailUrl\":\"https:\/\/agenciainfra.com\/blog\/wp-content\/uploads\/2025\/07\/Mineracao-Tania-Rego-Agencia-Brasil.jpg\",\"datePublished\":\"2025-09-16T22:33:09+00:00\",\"dateModified\":\"2025-09-17T14:31:06+00:00\",\"breadcrumb\":{\"@id\":\"https:\/\/agenciainfra.com\/blog\/cade-aprova-arrendamento-de-area-mineraria-da-vale-pelo-grupo-cedro\/#breadcrumb\"},\"inLanguage\":\"pt-BR\",\"potentialAction\":[{\"@type\":\"ReadAction\",\"target\":[\"https:\/\/agenciainfra.com\/blog\/cade-aprova-arrendamento-de-area-mineraria-da-vale-pelo-grupo-cedro\/\"]}]},{\"@type\":\"ImageObject\",\"inLanguage\":\"pt-BR\",\"@id\":\"https:\/\/agenciainfra.com\/blog\/cade-aprova-arrendamento-de-area-mineraria-da-vale-pelo-grupo-cedro\/#primaryimage\",\"url\":\"https:\/\/agenciainfra.com\/blog\/wp-content\/uploads\/2025\/07\/Mineracao-Tania-Rego-Agencia-Brasil.jpg\",\"contentUrl\":\"https:\/\/agenciainfra.com\/blog\/wp-content\/uploads\/2025\/07\/Mineracao-Tania-Rego-Agencia-Brasil.jpg\",\"width\":1024,\"height\":768,\"caption\":\"Foto: T\u00e2nia R\u00eago, Ag\u00eancia Brasil\"},{\"@type\":\"BreadcrumbList\",\"@id\":\"https:\/\/agenciainfra.com\/blog\/cade-aprova-arrendamento-de-area-mineraria-da-vale-pelo-grupo-cedro\/#breadcrumb\",\"itemListElement\":[{\"@type\":\"ListItem\",\"position\":1,\"name\":\"In\u00edcio\",\"item\":\"https:\/\/agenciainfra.com\/blog\/\"},{\"@type\":\"ListItem\",\"position\":2,\"name\":\"Cade aprova arrendamento de \u00e1rea miner\u00e1ria da Vale pelo Grupo Cedro\"}]},{\"@type\":\"WebSite\",\"@id\":\"https:\/\/agenciainfra.com\/blog\/#website\",\"url\":\"https:\/\/agenciainfra.com\/blog\/\",\"name\":\"Ag\u00eancia iNFRA\",\"description\":\"Multiplataforma de informa\u00e7\u00e3o jornal\u00edstica refer\u00eancia na \u00e1rea de infraestrutura no Brasil!\",\"publisher\":{\"@id\":\"https:\/\/agenciainfra.com\/blog\/#organization\"},\"potentialAction\":[{\"@type\":\"SearchAction\",\"target\":{\"@type\":\"EntryPoint\",\"urlTemplate\":\"https:\/\/agenciainfra.com\/blog\/?s={search_term_string}\"},\"query-input\":{\"@type\":\"PropertyValueSpecification\",\"valueRequired\":true,\"valueName\":\"search_term_string\"}}],\"inLanguage\":\"pt-BR\"},{\"@type\":\"Organization\",\"@id\":\"https:\/\/agenciainfra.com\/blog\/#organization\",\"name\":\"Ag\u00eancia iNFRA\",\"url\":\"https:\/\/agenciainfra.com\/blog\/\",\"logo\":{\"@type\":\"ImageObject\",\"inLanguage\":\"pt-BR\",\"@id\":\"https:\/\/agenciainfra.com\/blog\/#\/schema\/logo\/image\/\",\"url\":\"https:\/\/agenciainfra.com\/blog\/wp-content\/uploads\/2023\/09\/iNFRA_5-e1761735885940.png\",\"contentUrl\":\"https:\/\/agenciainfra.com\/blog\/wp-content\/uploads\/2023\/09\/iNFRA_5-e1761735885940.png\",\"width\":1672,\"height\":454,\"caption\":\"Ag\u00eancia iNFRA\"},\"image\":{\"@id\":\"https:\/\/agenciainfra.com\/blog\/#\/schema\/logo\/image\/\"},\"sameAs\":[\"https:\/\/www.facebook.com\/ageninfra\",\"https:\/\/x.com\/agencia_infra\",\"https:\/\/www.linkedin.com\/company\/ag\u00eanciainfra\/\",\"https:\/\/www.instagram.com\/agenciainfra\/\"]},{\"@type\":\"Person\",\"@id\":\"https:\/\/agenciainfra.com\/blog\/#\/schema\/person\/34af08dff6adea4cb22b06612ba7acfa\",\"name\":\"Ag\u00eancia iNFRA\",\"image\":{\"@type\":\"ImageObject\",\"inLanguage\":\"pt-BR\",\"@id\":\"https:\/\/agenciainfra.com\/blog\/#\/schema\/person\/image\/\",\"url\":\"https:\/\/secure.gravatar.com\/avatar\/d189e01678f06d8eb84d4e01f08eb848b3fffe3f8443818d3c356c66892f5be8?s=96&d=mm&r=g\",\"contentUrl\":\"https:\/\/secure.gravatar.com\/avatar\/d189e01678f06d8eb84d4e01f08eb848b3fffe3f8443818d3c356c66892f5be8?s=96&d=mm&r=g\",\"caption\":\"Ag\u00eancia iNFRA\"},\"url\":\"https:\/\/agenciainfra.com\/blog\/author\/admin\/\"}]}<\/script>\n<!-- \/ Yoast SEO Premium plugin. -->","yoast_head_json":{"title":"Cade aprova arrendamento de \u00e1rea miner\u00e1ria da Vale pelo Grupo Cedro - Ag\u00eancia iNFRA","robots":{"index":"index","follow":"follow","max-snippet":"max-snippet:-1","max-image-preview":"max-image-preview:large","max-video-preview":"max-video-preview:-1"},"canonical":"https:\/\/agenciainfra.com\/blog\/cade-aprova-arrendamento-de-area-mineraria-da-vale-pelo-grupo-cedro\/","og_locale":"pt_BR","og_type":"article","og_title":"Cade aprova arrendamento de \u00e1rea miner\u00e1ria da Vale pelo Grupo Cedro","og_description":"Rafael Bitencourt, da Ag\u00eancia iNFRA O Cade (Conselho Administrativo de Defesa Econ\u00f4mica), por meio de decis\u00e3o da SG (Superintend\u00eancia-Geral), aprovou o arrendamento de \u00e1rea miner\u00e1ria da Vale pela Cedro Minera\u00e7\u00e3o Mariana. Com a decis\u00e3o, a subsidi\u00e1ria do Grupo Cedro poder\u00e1 fazer a expans\u00e3o operacional em \u00e1reas lim\u00edtrofes entre direitos miner\u00e1rios detidos pelas duas companhias. O [&hellip;]","og_url":"https:\/\/agenciainfra.com\/blog\/cade-aprova-arrendamento-de-area-mineraria-da-vale-pelo-grupo-cedro\/","og_site_name":"Ag\u00eancia iNFRA","article_publisher":"https:\/\/www.facebook.com\/ageninfra","article_published_time":"2025-09-16T22:33:09+00:00","article_modified_time":"2025-09-17T14:31:06+00:00","og_image":[{"width":1024,"height":768,"url":"https:\/\/agenciainfra.com\/blog\/wp-content\/uploads\/2025\/07\/Mineracao-Tania-Rego-Agencia-Brasil.jpg","type":"image\/jpeg"}],"author":"Ag\u00eancia iNFRA","twitter_card":"summary_large_image","twitter_creator":"@agencia_infra","twitter_site":"@agencia_infra","twitter_misc":{"Escrito por":"Ag\u00eancia iNFRA","Est. tempo de leitura":"1 minuto"},"schema":{"@context":"https:\/\/schema.org","@graph":[{"@type":"Article","@id":"https:\/\/agenciainfra.com\/blog\/cade-aprova-arrendamento-de-area-mineraria-da-vale-pelo-grupo-cedro\/#article","isPartOf":{"@id":"https:\/\/agenciainfra.com\/blog\/cade-aprova-arrendamento-de-area-mineraria-da-vale-pelo-grupo-cedro\/"},"author":{"name":"Ag\u00eancia iNFRA","@id":"https:\/\/agenciainfra.com\/blog\/#\/schema\/person\/34af08dff6adea4cb22b06612ba7acfa"},"headline":"Cade aprova arrendamento de \u00e1rea miner\u00e1ria da Vale pelo Grupo Cedro","datePublished":"2025-09-16T22:33:09+00:00","dateModified":"2025-09-17T14:31:06+00:00","mainEntityOfPage":{"@id":"https:\/\/agenciainfra.com\/blog\/cade-aprova-arrendamento-de-area-mineraria-da-vale-pelo-grupo-cedro\/"},"wordCount":203,"publisher":{"@id":"https:\/\/agenciainfra.com\/blog\/#organization"},"image":{"@id":"https:\/\/agenciainfra.com\/blog\/cade-aprova-arrendamento-de-area-mineraria-da-vale-pelo-grupo-cedro\/#primaryimage"},"thumbnailUrl":"https:\/\/agenciainfra.com\/blog\/wp-content\/uploads\/2025\/07\/Mineracao-Tania-Rego-Agencia-Brasil.jpg","keywords":["arrendamento","Ato de Concentra\u00e7\u00e3o","Cade","Cedro","Conselho Administrativo de Defesa Econ\u00f4mica","Di\u00e1rio Oficial\u00a0da\u00a0Uni\u00e3o","Superintend\u00eancia-Geral","Vale"],"articleSection":["Geral","Minera\u00e7\u00e3o"],"inLanguage":"pt-BR","copyrightYear":"2025","copyrightHolder":{"@id":"https:\/\/agenciainfra.com\/blog\/#organization"}},{"@type":"WebPage","@id":"https:\/\/agenciainfra.com\/blog\/cade-aprova-arrendamento-de-area-mineraria-da-vale-pelo-grupo-cedro\/","url":"https:\/\/agenciainfra.com\/blog\/cade-aprova-arrendamento-de-area-mineraria-da-vale-pelo-grupo-cedro\/","name":"Cade aprova arrendamento de \u00e1rea miner\u00e1ria da Vale pelo Grupo Cedro - Ag\u00eancia iNFRA","isPartOf":{"@id":"https:\/\/agenciainfra.com\/blog\/#website"},"primaryImageOfPage":{"@id":"https:\/\/agenciainfra.com\/blog\/cade-aprova-arrendamento-de-area-mineraria-da-vale-pelo-grupo-cedro\/#primaryimage"},"image":{"@id":"https:\/\/agenciainfra.com\/blog\/cade-aprova-arrendamento-de-area-mineraria-da-vale-pelo-grupo-cedro\/#primaryimage"},"thumbnailUrl":"https:\/\/agenciainfra.com\/blog\/wp-content\/uploads\/2025\/07\/Mineracao-Tania-Rego-Agencia-Brasil.jpg","datePublished":"2025-09-16T22:33:09+00:00","dateModified":"2025-09-17T14:31:06+00:00","breadcrumb":{"@id":"https:\/\/agenciainfra.com\/blog\/cade-aprova-arrendamento-de-area-mineraria-da-vale-pelo-grupo-cedro\/#breadcrumb"},"inLanguage":"pt-BR","potentialAction":[{"@type":"ReadAction","target":["https:\/\/agenciainfra.com\/blog\/cade-aprova-arrendamento-de-area-mineraria-da-vale-pelo-grupo-cedro\/"]}]},{"@type":"ImageObject","inLanguage":"pt-BR","@id":"https:\/\/agenciainfra.com\/blog\/cade-aprova-arrendamento-de-area-mineraria-da-vale-pelo-grupo-cedro\/#primaryimage","url":"https:\/\/agenciainfra.com\/blog\/wp-content\/uploads\/2025\/07\/Mineracao-Tania-Rego-Agencia-Brasil.jpg","contentUrl":"https:\/\/agenciainfra.com\/blog\/wp-content\/uploads\/2025\/07\/Mineracao-Tania-Rego-Agencia-Brasil.jpg","width":1024,"height":768,"caption":"Foto: T\u00e2nia R\u00eago, Ag\u00eancia Brasil"},{"@type":"BreadcrumbList","@id":"https:\/\/agenciainfra.com\/blog\/cade-aprova-arrendamento-de-area-mineraria-da-vale-pelo-grupo-cedro\/#breadcrumb","itemListElement":[{"@type":"ListItem","position":1,"name":"In\u00edcio","item":"https:\/\/agenciainfra.com\/blog\/"},{"@type":"ListItem","position":2,"name":"Cade aprova arrendamento de \u00e1rea miner\u00e1ria da Vale pelo Grupo Cedro"}]},{"@type":"WebSite","@id":"https:\/\/agenciainfra.com\/blog\/#website","url":"https:\/\/agenciainfra.com\/blog\/","name":"Ag\u00eancia iNFRA","description":"Multiplataforma de informa\u00e7\u00e3o jornal\u00edstica refer\u00eancia na \u00e1rea de infraestrutura no Brasil!","publisher":{"@id":"https:\/\/agenciainfra.com\/blog\/#organization"},"potentialAction":[{"@type":"SearchAction","target":{"@type":"EntryPoint","urlTemplate":"https:\/\/agenciainfra.com\/blog\/?s={search_term_string}"},"query-input":{"@type":"PropertyValueSpecification","valueRequired":true,"valueName":"search_term_string"}}],"inLanguage":"pt-BR"},{"@type":"Organization","@id":"https:\/\/agenciainfra.com\/blog\/#organization","name":"Ag\u00eancia iNFRA","url":"https:\/\/agenciainfra.com\/blog\/","logo":{"@type":"ImageObject","inLanguage":"pt-BR","@id":"https:\/\/agenciainfra.com\/blog\/#\/schema\/logo\/image\/","url":"https:\/\/agenciainfra.com\/blog\/wp-content\/uploads\/2023\/09\/iNFRA_5-e1761735885940.png","contentUrl":"https:\/\/agenciainfra.com\/blog\/wp-content\/uploads\/2023\/09\/iNFRA_5-e1761735885940.png","width":1672,"height":454,"caption":"Ag\u00eancia iNFRA"},"image":{"@id":"https:\/\/agenciainfra.com\/blog\/#\/schema\/logo\/image\/"},"sameAs":["https:\/\/www.facebook.com\/ageninfra","https:\/\/x.com\/agencia_infra","https:\/\/www.linkedin.com\/company\/ag\u00eanciainfra\/","https:\/\/www.instagram.com\/agenciainfra\/"]},{"@type":"Person","@id":"https:\/\/agenciainfra.com\/blog\/#\/schema\/person\/34af08dff6adea4cb22b06612ba7acfa","name":"Ag\u00eancia iNFRA","image":{"@type":"ImageObject","inLanguage":"pt-BR","@id":"https:\/\/agenciainfra.com\/blog\/#\/schema\/person\/image\/","url":"https:\/\/secure.gravatar.com\/avatar\/d189e01678f06d8eb84d4e01f08eb848b3fffe3f8443818d3c356c66892f5be8?s=96&d=mm&r=g","contentUrl":"https:\/\/secure.gravatar.com\/avatar\/d189e01678f06d8eb84d4e01f08eb848b3fffe3f8443818d3c356c66892f5be8?s=96&d=mm&r=g","caption":"Ag\u00eancia iNFRA"},"url":"https:\/\/agenciainfra.com\/blog\/author\/admin\/"}]}},"_links":{"self":[{"href":"https:\/\/agenciainfra.com\/blog\/wp-json\/wp\/v2\/posts\/27923","targetHints":{"allow":["GET"]}}],"collection":[{"href":"https:\/\/agenciainfra.com\/blog\/wp-json\/wp\/v2\/posts"}],"about":[{"href":"https:\/\/agenciainfra.com\/blog\/wp-json\/wp\/v2\/types\/post"}],"author":[{"embeddable":true,"href":"https:\/\/agenciainfra.com\/blog\/wp-json\/wp\/v2\/users\/1"}],"replies":[{"embeddable":true,"href":"https:\/\/agenciainfra.com\/blog\/wp-json\/wp\/v2\/comments?post=27923"}],"version-history":[{"count":2,"href":"https:\/\/agenciainfra.com\/blog\/wp-json\/wp\/v2\/posts\/27923\/revisions"}],"predecessor-version":[{"id":27928,"href":"https:\/\/agenciainfra.com\/blog\/wp-json\/wp\/v2\/posts\/27923\/revisions\/27928"}],"wp:featuredmedia":[{"embeddable":true,"href":"https:\/\/agenciainfra.com\/blog\/wp-json\/wp\/v2\/media\/25662"}],"wp:attachment":[{"href":"https:\/\/agenciainfra.com\/blog\/wp-json\/wp\/v2\/media?parent=27923"}],"wp:term":[{"taxonomy":"category","embeddable":true,"href":"https:\/\/agenciainfra.com\/blog\/wp-json\/wp\/v2\/categories?post=27923"},{"taxonomy":"post_tag","embeddable":true,"href":"https:\/\/agenciainfra.com\/blog\/wp-json\/wp\/v2\/tags?post=27923"}],"curies":[{"name":"wp","href":"https:\/\/api.w.org\/{rel}","templated":true}]}}