{"id":27940,"date":"2025-09-17T10:00:00","date_gmt":"2025-09-17T13:00:00","guid":{"rendered":"https:\/\/agenciainfra.com\/blog\/?p=27940"},"modified":"2025-10-21T08:21:07","modified_gmt":"2025-10-21T11:21:07","slug":"mpor-e-antaq-vao-apresentar-proposta-a-comissao-do-pl-733-diz-ministro","status":"publish","type":"post","link":"https:\/\/agenciainfra.com\/blog\/mpor-e-antaq-vao-apresentar-proposta-a-comissao-do-pl-733-diz-ministro\/","title":{"rendered":"MPor e ANTAQ v\u00e3o apresentar proposta \u00e0 comiss\u00e3o do PL 733, diz ministro"},"content":{"rendered":"\n<p class=\"has-text-align-right\"><strong>Mar\u00edlia Sena e Amanda Pupo, da Ag\u00eancia iNFRA<\/strong><\/p>\n\n\n\n<p>O ministro de Portos e Aeroportos, Silvio Costa Filho, afirmou nesta ter\u00e7a-feira (16) que a pasta est\u00e1 elaborando uma proposta em conjunto com a ANTAQ (Ag\u00eancia Nacional de Transportes Aquavi\u00e1rios) para apresentar \u00e0 comiss\u00e3o especial que debate o <a href=\"https:\/\/www.camara.leg.br\/proposicoesWeb\/fichadetramitacao?idProposicao=2485830\">PL (Projeto de Lei) 733\/2025<\/a>, que discute a moderniza\u00e7\u00e3o da legisla\u00e7\u00e3o portu\u00e1ria.\u00a0<br><br>\u201cEu queria fazer um apelo em nome da ANTAQ. Estamos discutindo, no Congresso Nacional, o PL 733\/2025, e h\u00e1 pessoas tentando criar disputas entre o Minist\u00e9rio de Portos e Aeroportos e a ANTAQ \u2013 o que, de fato, n\u00e3o ir\u00e1 acontecer. O Alex \u00c1vila [secret\u00e1rio de Portos] est\u00e1 construindo uma proposta conjunta, para que possamos apresentar uma iniciativa elaborada por ambos \u2013 ANTAQ e MPor \u2013 que defina claramente o papel institucional de cada um\u201d, afirmou o ministro Silvio Costa Filho.\u00a0<br><br>A declara\u00e7\u00e3o foi dada na cerim\u00f4nia de posse do diretor-geral da ANTAQ, Frederico Dias. Em\u00a0<a href=\"https:\/\/agenciainfra.us14.list-manage.com\/track\/click?u=d460dd1bcf9ba0ae040e1fc0f&amp;id=22c218045a&amp;e=55b7a27fc9\" target=\"_blank\" rel=\"noreferrer noopener\">entrevista<\/a>\u00a0\u00e0\u00a0<strong>Ag\u00eancia iNFRA<\/strong>, Dias j\u00e1 havia afirmado que o plano \u00e9 &#8220;unificar&#8221; o discurso entre o MPor e a ag\u00eancia sobre o projeto de lei. A pasta vem sendo cobrada\u00a0por interlocutores do setor para defender suas atribui\u00e7\u00f5es na proposta.<br><br>Costa Filho disse \u00e0 reportagem que estar\u00e1 presente nesta quarta-feira (17) na comiss\u00e3o que analisa a medida, \u00e0s 14h30, na C\u00e2mara dos Deputados. Segundo ele, a <a href=\"https:\/\/www.camara.leg.br\/evento-legislativo\/79203\">audi\u00eancia<\/a> ser\u00e1 destinada \u00e0 escuta das demandas do setor.<br><br><strong>Nova gest\u00e3o<\/strong><br>Durante o discurso de posse, o novo diretor-geral, Frederico Dias, refor\u00e7ou os cinco pilares que ir\u00e3o nortear sua gest\u00e3o \u00e0 frente da autarquia. S\u00e3o eles:<br><br>&#8211; manter um di\u00e1logo aberto, sereno e profissional com todos os interlocutores da ag\u00eancia;<br>&#8211; fortalecer o protagonismo da ANTAQ na harmoniza\u00e7\u00e3o de conflitos e na solu\u00e7\u00e3o de problemas de forma c\u00e9lere e dialogada;<br>&#8211; refor\u00e7ar a seguran\u00e7a regulat\u00f3ria, a previsibilidade e a remo\u00e7\u00e3o de entraves burocr\u00e1ticos;<br>&#8211; preservar a rigidez do processo decis\u00f3rio, o car\u00e1ter t\u00e9cnico, o profissionalismo e a tomada de decis\u00f5es baseadas em conhecimento; e<br>&#8211; consolidar estudos cada vez mais complexos em um sistema institucional pautado por efetividade, efici\u00eancia, integridade e transpar\u00eancia.<br><br>\u201cEsse \u00e9 o alicerce de uma gest\u00e3o que busca construir consensos e solu\u00e7\u00f5es em favor do interesse p\u00fablico\u201d, definiu Frederico Dias.<\/p>\n","protected":false},"excerpt":{"rendered":"<p>Mar\u00edlia Sena e Amanda Pupo, da Ag\u00eancia iNFRA O ministro de Portos e Aeroportos, Silvio Costa Filho, afirmou nesta ter\u00e7a-feira (16) que a pasta est\u00e1 elaborando uma proposta em conjunto com a ANTAQ (Ag\u00eancia Nacional de Transportes Aquavi\u00e1rios) para apresentar \u00e0 comiss\u00e3o especial que debate o PL (Projeto de Lei) 733\/2025, que discute a moderniza\u00e7\u00e3o [&hellip;]<\/p>\n","protected":false},"author":1,"featured_media":24398,"comment_status":"closed","ping_status":"closed","sticky":false,"template":"","format":"standard","meta":{"_monsterinsights_skip_tracking":false,"_monsterinsights_sitenote_active":false,"_monsterinsights_sitenote_note":"","_monsterinsights_sitenote_category":0,"footnotes":""},"categories":[1,7],"tags":[220,46,13354,86,12425,14294,11654,6919,12721,12990,15339,70],"class_list":["post-27940","post","type-post","status-publish","format-standard","has-post-thumbnail","hentry","category-geral","category-infratransporte","tag-agencia-infra","tag-agencias-reguladoras","tag-amanda-pupo","tag-antaq","tag-diretoria-da-antaq","tag-frederico-dias","tag-marilia-sena","tag-mpor","tag-pl-733","tag-pl-733-2025","tag-posse-antaq","tag-transportes"],"yoast_head":"<!-- This site is optimized with the Yoast SEO Premium plugin v25.4 (Yoast SEO v26.0) - https:\/\/yoast.com\/wordpress\/plugins\/seo\/ -->\n<title>MPor e ANTAQ v\u00e3o apresentar proposta \u00e0 comiss\u00e3o do PL 733, diz ministro - Ag\u00eancia iNFRA<\/title>\n<meta name=\"robots\" content=\"index, follow, max-snippet:-1, max-image-preview:large, max-video-preview:-1\" \/>\n<link rel=\"canonical\" href=\"https:\/\/agenciainfra.com\/blog\/mpor-e-antaq-vao-apresentar-proposta-a-comissao-do-pl-733-diz-ministro\/\" \/>\n<meta property=\"og:locale\" content=\"pt_BR\" \/>\n<meta property=\"og:type\" content=\"article\" \/>\n<meta property=\"og:title\" content=\"MPor e ANTAQ v\u00e3o apresentar proposta \u00e0 comiss\u00e3o do PL 733, diz ministro\" \/>\n<meta property=\"og:description\" content=\"Mar\u00edlia Sena e Amanda Pupo, da Ag\u00eancia iNFRA O ministro de Portos e Aeroportos, Silvio Costa Filho, afirmou nesta ter\u00e7a-feira (16) que a pasta est\u00e1 elaborando uma proposta em conjunto com a ANTAQ (Ag\u00eancia Nacional de Transportes Aquavi\u00e1rios) para apresentar \u00e0 comiss\u00e3o especial que debate o PL (Projeto de Lei) 733\/2025, que discute a moderniza\u00e7\u00e3o [&hellip;]\" \/>\n<meta property=\"og:url\" content=\"https:\/\/agenciainfra.com\/blog\/mpor-e-antaq-vao-apresentar-proposta-a-comissao-do-pl-733-diz-ministro\/\" \/>\n<meta property=\"og:site_name\" content=\"Ag\u00eancia iNFRA\" \/>\n<meta property=\"article:publisher\" content=\"https:\/\/www.facebook.com\/ageninfra\" \/>\n<meta property=\"article:published_time\" content=\"2025-09-17T13:00:00+00:00\" \/>\n<meta property=\"article:modified_time\" content=\"2025-10-21T11:21:07+00:00\" \/>\n<meta property=\"og:image\" content=\"https:\/\/agenciainfra.com\/blog\/wp-content\/uploads\/2025\/07\/silviocostafilho-foto-vosmar-rosa-mpor-1.jpeg\" \/>\n\t<meta property=\"og:image:width\" content=\"1280\" \/>\n\t<meta property=\"og:image:height\" content=\"853\" \/>\n\t<meta property=\"og:image:type\" content=\"image\/jpeg\" \/>\n<meta name=\"author\" content=\"Ag\u00eancia iNFRA\" \/>\n<meta name=\"twitter:card\" content=\"summary_large_image\" \/>\n<meta name=\"twitter:creator\" content=\"@agencia_infra\" \/>\n<meta name=\"twitter:site\" content=\"@agencia_infra\" \/>\n<meta name=\"twitter:label1\" content=\"Escrito por\" \/>\n\t<meta name=\"twitter:data1\" content=\"Ag\u00eancia iNFRA\" \/>\n\t<meta name=\"twitter:label2\" content=\"Est. tempo de leitura\" \/>\n\t<meta name=\"twitter:data2\" content=\"2 minutos\" \/>\n<script type=\"application\/ld+json\" class=\"yoast-schema-graph\">{\"@context\":\"https:\/\/schema.org\",\"@graph\":[{\"@type\":\"Article\",\"@id\":\"https:\/\/agenciainfra.com\/blog\/mpor-e-antaq-vao-apresentar-proposta-a-comissao-do-pl-733-diz-ministro\/#article\",\"isPartOf\":{\"@id\":\"https:\/\/agenciainfra.com\/blog\/mpor-e-antaq-vao-apresentar-proposta-a-comissao-do-pl-733-diz-ministro\/\"},\"author\":{\"name\":\"Ag\u00eancia iNFRA\",\"@id\":\"https:\/\/agenciainfra.com\/blog\/#\/schema\/person\/34af08dff6adea4cb22b06612ba7acfa\"},\"headline\":\"MPor e ANTAQ v\u00e3o apresentar proposta \u00e0 comiss\u00e3o do PL 733, diz ministro\",\"datePublished\":\"2025-09-17T13:00:00+00:00\",\"dateModified\":\"2025-10-21T11:21:07+00:00\",\"mainEntityOfPage\":{\"@id\":\"https:\/\/agenciainfra.com\/blog\/mpor-e-antaq-vao-apresentar-proposta-a-comissao-do-pl-733-diz-ministro\/\"},\"wordCount\":406,\"publisher\":{\"@id\":\"https:\/\/agenciainfra.com\/blog\/#organization\"},\"image\":{\"@id\":\"https:\/\/agenciainfra.com\/blog\/mpor-e-antaq-vao-apresentar-proposta-a-comissao-do-pl-733-diz-ministro\/#primaryimage\"},\"thumbnailUrl\":\"https:\/\/agenciainfra.com\/blog\/wp-content\/uploads\/2025\/07\/silviocostafilho-foto-vosmar-rosa-mpor-1.jpeg\",\"keywords\":[\"Ag\u00eancia iNFRA\",\"Ag\u00eancias Reguladoras\",\"Amanda Pupo\",\"ANTAQ\",\"diretoria da antaq\",\"Frederico Dias\",\"Mar\u00edlia Sena\",\"MPor\",\"pl 733\",\"PL 733\/2025\",\"posse antaq\",\"transportes\"],\"articleSection\":[\"Geral\",\"iNFRATransporte\"],\"inLanguage\":\"pt-BR\",\"copyrightYear\":\"2025\",\"copyrightHolder\":{\"@id\":\"https:\/\/agenciainfra.com\/blog\/#organization\"}},{\"@type\":\"WebPage\",\"@id\":\"https:\/\/agenciainfra.com\/blog\/mpor-e-antaq-vao-apresentar-proposta-a-comissao-do-pl-733-diz-ministro\/\",\"url\":\"https:\/\/agenciainfra.com\/blog\/mpor-e-antaq-vao-apresentar-proposta-a-comissao-do-pl-733-diz-ministro\/\",\"name\":\"MPor e ANTAQ v\u00e3o apresentar proposta \u00e0 comiss\u00e3o do PL 733, diz ministro - Ag\u00eancia iNFRA\",\"isPartOf\":{\"@id\":\"https:\/\/agenciainfra.com\/blog\/#website\"},\"primaryImageOfPage\":{\"@id\":\"https:\/\/agenciainfra.com\/blog\/mpor-e-antaq-vao-apresentar-proposta-a-comissao-do-pl-733-diz-ministro\/#primaryimage\"},\"image\":{\"@id\":\"https:\/\/agenciainfra.com\/blog\/mpor-e-antaq-vao-apresentar-proposta-a-comissao-do-pl-733-diz-ministro\/#primaryimage\"},\"thumbnailUrl\":\"https:\/\/agenciainfra.com\/blog\/wp-content\/uploads\/2025\/07\/silviocostafilho-foto-vosmar-rosa-mpor-1.jpeg\",\"datePublished\":\"2025-09-17T13:00:00+00:00\",\"dateModified\":\"2025-10-21T11:21:07+00:00\",\"breadcrumb\":{\"@id\":\"https:\/\/agenciainfra.com\/blog\/mpor-e-antaq-vao-apresentar-proposta-a-comissao-do-pl-733-diz-ministro\/#breadcrumb\"},\"inLanguage\":\"pt-BR\",\"potentialAction\":[{\"@type\":\"ReadAction\",\"target\":[\"https:\/\/agenciainfra.com\/blog\/mpor-e-antaq-vao-apresentar-proposta-a-comissao-do-pl-733-diz-ministro\/\"]}]},{\"@type\":\"ImageObject\",\"inLanguage\":\"pt-BR\",\"@id\":\"https:\/\/agenciainfra.com\/blog\/mpor-e-antaq-vao-apresentar-proposta-a-comissao-do-pl-733-diz-ministro\/#primaryimage\",\"url\":\"https:\/\/agenciainfra.com\/blog\/wp-content\/uploads\/2025\/07\/silviocostafilho-foto-vosmar-rosa-mpor-1.jpeg\",\"contentUrl\":\"https:\/\/agenciainfra.com\/blog\/wp-content\/uploads\/2025\/07\/silviocostafilho-foto-vosmar-rosa-mpor-1.jpeg\",\"width\":1280,\"height\":853,\"caption\":\"Foto: Vosmar Rosa\/MPor\"},{\"@type\":\"BreadcrumbList\",\"@id\":\"https:\/\/agenciainfra.com\/blog\/mpor-e-antaq-vao-apresentar-proposta-a-comissao-do-pl-733-diz-ministro\/#breadcrumb\",\"itemListElement\":[{\"@type\":\"ListItem\",\"position\":1,\"name\":\"In\u00edcio\",\"item\":\"https:\/\/agenciainfra.com\/blog\/\"},{\"@type\":\"ListItem\",\"position\":2,\"name\":\"MPor e ANTAQ v\u00e3o apresentar proposta \u00e0 comiss\u00e3o do PL 733, diz ministro\"}]},{\"@type\":\"WebSite\",\"@id\":\"https:\/\/agenciainfra.com\/blog\/#website\",\"url\":\"https:\/\/agenciainfra.com\/blog\/\",\"name\":\"Ag\u00eancia iNFRA\",\"description\":\"Multiplataforma de informa\u00e7\u00e3o jornal\u00edstica refer\u00eancia na \u00e1rea de infraestrutura no Brasil!\",\"publisher\":{\"@id\":\"https:\/\/agenciainfra.com\/blog\/#organization\"},\"potentialAction\":[{\"@type\":\"SearchAction\",\"target\":{\"@type\":\"EntryPoint\",\"urlTemplate\":\"https:\/\/agenciainfra.com\/blog\/?s={search_term_string}\"},\"query-input\":{\"@type\":\"PropertyValueSpecification\",\"valueRequired\":true,\"valueName\":\"search_term_string\"}}],\"inLanguage\":\"pt-BR\"},{\"@type\":\"Organization\",\"@id\":\"https:\/\/agenciainfra.com\/blog\/#organization\",\"name\":\"Ag\u00eancia iNFRA\",\"url\":\"https:\/\/agenciainfra.com\/blog\/\",\"logo\":{\"@type\":\"ImageObject\",\"inLanguage\":\"pt-BR\",\"@id\":\"https:\/\/agenciainfra.com\/blog\/#\/schema\/logo\/image\/\",\"url\":\"https:\/\/agenciainfra.com\/blog\/wp-content\/uploads\/2023\/09\/iNFRA_5-e1761735885940.png\",\"contentUrl\":\"https:\/\/agenciainfra.com\/blog\/wp-content\/uploads\/2023\/09\/iNFRA_5-e1761735885940.png\",\"width\":1672,\"height\":454,\"caption\":\"Ag\u00eancia iNFRA\"},\"image\":{\"@id\":\"https:\/\/agenciainfra.com\/blog\/#\/schema\/logo\/image\/\"},\"sameAs\":[\"https:\/\/www.facebook.com\/ageninfra\",\"https:\/\/x.com\/agencia_infra\",\"https:\/\/www.linkedin.com\/company\/ag\u00eanciainfra\/\",\"https:\/\/www.instagram.com\/agenciainfra\/\"]},{\"@type\":\"Person\",\"@id\":\"https:\/\/agenciainfra.com\/blog\/#\/schema\/person\/34af08dff6adea4cb22b06612ba7acfa\",\"name\":\"Ag\u00eancia iNFRA\",\"image\":{\"@type\":\"ImageObject\",\"inLanguage\":\"pt-BR\",\"@id\":\"https:\/\/agenciainfra.com\/blog\/#\/schema\/person\/image\/\",\"url\":\"https:\/\/secure.gravatar.com\/avatar\/d189e01678f06d8eb84d4e01f08eb848b3fffe3f8443818d3c356c66892f5be8?s=96&d=mm&r=g\",\"contentUrl\":\"https:\/\/secure.gravatar.com\/avatar\/d189e01678f06d8eb84d4e01f08eb848b3fffe3f8443818d3c356c66892f5be8?s=96&d=mm&r=g\",\"caption\":\"Ag\u00eancia iNFRA\"},\"url\":\"https:\/\/agenciainfra.com\/blog\/author\/admin\/\"}]}<\/script>\n<!-- \/ Yoast SEO Premium plugin. -->","yoast_head_json":{"title":"MPor e ANTAQ v\u00e3o apresentar proposta \u00e0 comiss\u00e3o do PL 733, diz ministro - Ag\u00eancia iNFRA","robots":{"index":"index","follow":"follow","max-snippet":"max-snippet:-1","max-image-preview":"max-image-preview:large","max-video-preview":"max-video-preview:-1"},"canonical":"https:\/\/agenciainfra.com\/blog\/mpor-e-antaq-vao-apresentar-proposta-a-comissao-do-pl-733-diz-ministro\/","og_locale":"pt_BR","og_type":"article","og_title":"MPor e ANTAQ v\u00e3o apresentar proposta \u00e0 comiss\u00e3o do PL 733, diz ministro","og_description":"Mar\u00edlia Sena e Amanda Pupo, da Ag\u00eancia iNFRA O ministro de Portos e Aeroportos, Silvio Costa Filho, afirmou nesta ter\u00e7a-feira (16) que a pasta est\u00e1 elaborando uma proposta em conjunto com a ANTAQ (Ag\u00eancia Nacional de Transportes Aquavi\u00e1rios) para apresentar \u00e0 comiss\u00e3o especial que debate o PL (Projeto de Lei) 733\/2025, que discute a moderniza\u00e7\u00e3o [&hellip;]","og_url":"https:\/\/agenciainfra.com\/blog\/mpor-e-antaq-vao-apresentar-proposta-a-comissao-do-pl-733-diz-ministro\/","og_site_name":"Ag\u00eancia iNFRA","article_publisher":"https:\/\/www.facebook.com\/ageninfra","article_published_time":"2025-09-17T13:00:00+00:00","article_modified_time":"2025-10-21T11:21:07+00:00","og_image":[{"width":1280,"height":853,"url":"https:\/\/agenciainfra.com\/blog\/wp-content\/uploads\/2025\/07\/silviocostafilho-foto-vosmar-rosa-mpor-1.jpeg","type":"image\/jpeg"}],"author":"Ag\u00eancia iNFRA","twitter_card":"summary_large_image","twitter_creator":"@agencia_infra","twitter_site":"@agencia_infra","twitter_misc":{"Escrito por":"Ag\u00eancia iNFRA","Est. tempo de leitura":"2 minutos"},"schema":{"@context":"https:\/\/schema.org","@graph":[{"@type":"Article","@id":"https:\/\/agenciainfra.com\/blog\/mpor-e-antaq-vao-apresentar-proposta-a-comissao-do-pl-733-diz-ministro\/#article","isPartOf":{"@id":"https:\/\/agenciainfra.com\/blog\/mpor-e-antaq-vao-apresentar-proposta-a-comissao-do-pl-733-diz-ministro\/"},"author":{"name":"Ag\u00eancia iNFRA","@id":"https:\/\/agenciainfra.com\/blog\/#\/schema\/person\/34af08dff6adea4cb22b06612ba7acfa"},"headline":"MPor e ANTAQ v\u00e3o apresentar proposta \u00e0 comiss\u00e3o do PL 733, diz ministro","datePublished":"2025-09-17T13:00:00+00:00","dateModified":"2025-10-21T11:21:07+00:00","mainEntityOfPage":{"@id":"https:\/\/agenciainfra.com\/blog\/mpor-e-antaq-vao-apresentar-proposta-a-comissao-do-pl-733-diz-ministro\/"},"wordCount":406,"publisher":{"@id":"https:\/\/agenciainfra.com\/blog\/#organization"},"image":{"@id":"https:\/\/agenciainfra.com\/blog\/mpor-e-antaq-vao-apresentar-proposta-a-comissao-do-pl-733-diz-ministro\/#primaryimage"},"thumbnailUrl":"https:\/\/agenciainfra.com\/blog\/wp-content\/uploads\/2025\/07\/silviocostafilho-foto-vosmar-rosa-mpor-1.jpeg","keywords":["Ag\u00eancia iNFRA","Ag\u00eancias Reguladoras","Amanda Pupo","ANTAQ","diretoria da antaq","Frederico Dias","Mar\u00edlia Sena","MPor","pl 733","PL 733\/2025","posse antaq","transportes"],"articleSection":["Geral","iNFRATransporte"],"inLanguage":"pt-BR","copyrightYear":"2025","copyrightHolder":{"@id":"https:\/\/agenciainfra.com\/blog\/#organization"}},{"@type":"WebPage","@id":"https:\/\/agenciainfra.com\/blog\/mpor-e-antaq-vao-apresentar-proposta-a-comissao-do-pl-733-diz-ministro\/","url":"https:\/\/agenciainfra.com\/blog\/mpor-e-antaq-vao-apresentar-proposta-a-comissao-do-pl-733-diz-ministro\/","name":"MPor e ANTAQ v\u00e3o apresentar proposta \u00e0 comiss\u00e3o do PL 733, diz ministro - Ag\u00eancia iNFRA","isPartOf":{"@id":"https:\/\/agenciainfra.com\/blog\/#website"},"primaryImageOfPage":{"@id":"https:\/\/agenciainfra.com\/blog\/mpor-e-antaq-vao-apresentar-proposta-a-comissao-do-pl-733-diz-ministro\/#primaryimage"},"image":{"@id":"https:\/\/agenciainfra.com\/blog\/mpor-e-antaq-vao-apresentar-proposta-a-comissao-do-pl-733-diz-ministro\/#primaryimage"},"thumbnailUrl":"https:\/\/agenciainfra.com\/blog\/wp-content\/uploads\/2025\/07\/silviocostafilho-foto-vosmar-rosa-mpor-1.jpeg","datePublished":"2025-09-17T13:00:00+00:00","dateModified":"2025-10-21T11:21:07+00:00","breadcrumb":{"@id":"https:\/\/agenciainfra.com\/blog\/mpor-e-antaq-vao-apresentar-proposta-a-comissao-do-pl-733-diz-ministro\/#breadcrumb"},"inLanguage":"pt-BR","potentialAction":[{"@type":"ReadAction","target":["https:\/\/agenciainfra.com\/blog\/mpor-e-antaq-vao-apresentar-proposta-a-comissao-do-pl-733-diz-ministro\/"]}]},{"@type":"ImageObject","inLanguage":"pt-BR","@id":"https:\/\/agenciainfra.com\/blog\/mpor-e-antaq-vao-apresentar-proposta-a-comissao-do-pl-733-diz-ministro\/#primaryimage","url":"https:\/\/agenciainfra.com\/blog\/wp-content\/uploads\/2025\/07\/silviocostafilho-foto-vosmar-rosa-mpor-1.jpeg","contentUrl":"https:\/\/agenciainfra.com\/blog\/wp-content\/uploads\/2025\/07\/silviocostafilho-foto-vosmar-rosa-mpor-1.jpeg","width":1280,"height":853,"caption":"Foto: Vosmar Rosa\/MPor"},{"@type":"BreadcrumbList","@id":"https:\/\/agenciainfra.com\/blog\/mpor-e-antaq-vao-apresentar-proposta-a-comissao-do-pl-733-diz-ministro\/#breadcrumb","itemListElement":[{"@type":"ListItem","position":1,"name":"In\u00edcio","item":"https:\/\/agenciainfra.com\/blog\/"},{"@type":"ListItem","position":2,"name":"MPor e ANTAQ v\u00e3o apresentar proposta \u00e0 comiss\u00e3o do PL 733, diz ministro"}]},{"@type":"WebSite","@id":"https:\/\/agenciainfra.com\/blog\/#website","url":"https:\/\/agenciainfra.com\/blog\/","name":"Ag\u00eancia iNFRA","description":"Multiplataforma de informa\u00e7\u00e3o jornal\u00edstica refer\u00eancia na \u00e1rea de infraestrutura no Brasil!","publisher":{"@id":"https:\/\/agenciainfra.com\/blog\/#organization"},"potentialAction":[{"@type":"SearchAction","target":{"@type":"EntryPoint","urlTemplate":"https:\/\/agenciainfra.com\/blog\/?s={search_term_string}"},"query-input":{"@type":"PropertyValueSpecification","valueRequired":true,"valueName":"search_term_string"}}],"inLanguage":"pt-BR"},{"@type":"Organization","@id":"https:\/\/agenciainfra.com\/blog\/#organization","name":"Ag\u00eancia iNFRA","url":"https:\/\/agenciainfra.com\/blog\/","logo":{"@type":"ImageObject","inLanguage":"pt-BR","@id":"https:\/\/agenciainfra.com\/blog\/#\/schema\/logo\/image\/","url":"https:\/\/agenciainfra.com\/blog\/wp-content\/uploads\/2023\/09\/iNFRA_5-e1761735885940.png","contentUrl":"https:\/\/agenciainfra.com\/blog\/wp-content\/uploads\/2023\/09\/iNFRA_5-e1761735885940.png","width":1672,"height":454,"caption":"Ag\u00eancia iNFRA"},"image":{"@id":"https:\/\/agenciainfra.com\/blog\/#\/schema\/logo\/image\/"},"sameAs":["https:\/\/www.facebook.com\/ageninfra","https:\/\/x.com\/agencia_infra","https:\/\/www.linkedin.com\/company\/ag\u00eanciainfra\/","https:\/\/www.instagram.com\/agenciainfra\/"]},{"@type":"Person","@id":"https:\/\/agenciainfra.com\/blog\/#\/schema\/person\/34af08dff6adea4cb22b06612ba7acfa","name":"Ag\u00eancia iNFRA","image":{"@type":"ImageObject","inLanguage":"pt-BR","@id":"https:\/\/agenciainfra.com\/blog\/#\/schema\/person\/image\/","url":"https:\/\/secure.gravatar.com\/avatar\/d189e01678f06d8eb84d4e01f08eb848b3fffe3f8443818d3c356c66892f5be8?s=96&d=mm&r=g","contentUrl":"https:\/\/secure.gravatar.com\/avatar\/d189e01678f06d8eb84d4e01f08eb848b3fffe3f8443818d3c356c66892f5be8?s=96&d=mm&r=g","caption":"Ag\u00eancia iNFRA"},"url":"https:\/\/agenciainfra.com\/blog\/author\/admin\/"}]}},"_links":{"self":[{"href":"https:\/\/agenciainfra.com\/blog\/wp-json\/wp\/v2\/posts\/27940","targetHints":{"allow":["GET"]}}],"collection":[{"href":"https:\/\/agenciainfra.com\/blog\/wp-json\/wp\/v2\/posts"}],"about":[{"href":"https:\/\/agenciainfra.com\/blog\/wp-json\/wp\/v2\/types\/post"}],"author":[{"embeddable":true,"href":"https:\/\/agenciainfra.com\/blog\/wp-json\/wp\/v2\/users\/1"}],"replies":[{"embeddable":true,"href":"https:\/\/agenciainfra.com\/blog\/wp-json\/wp\/v2\/comments?post=27940"}],"version-history":[{"count":1,"href":"https:\/\/agenciainfra.com\/blog\/wp-json\/wp\/v2\/posts\/27940\/revisions"}],"predecessor-version":[{"id":27941,"href":"https:\/\/agenciainfra.com\/blog\/wp-json\/wp\/v2\/posts\/27940\/revisions\/27941"}],"wp:featuredmedia":[{"embeddable":true,"href":"https:\/\/agenciainfra.com\/blog\/wp-json\/wp\/v2\/media\/24398"}],"wp:attachment":[{"href":"https:\/\/agenciainfra.com\/blog\/wp-json\/wp\/v2\/media?parent=27940"}],"wp:term":[{"taxonomy":"category","embeddable":true,"href":"https:\/\/agenciainfra.com\/blog\/wp-json\/wp\/v2\/categories?post=27940"},{"taxonomy":"post_tag","embeddable":true,"href":"https:\/\/agenciainfra.com\/blog\/wp-json\/wp\/v2\/tags?post=27940"}],"curies":[{"name":"wp","href":"https:\/\/api.w.org\/{rel}","templated":true}]}}