{"id":28038,"date":"2025-09-18T09:00:00","date_gmt":"2025-09-18T12:00:00","guid":{"rendered":"https:\/\/agenciainfra.com\/blog\/?p=28038"},"modified":"2025-09-18T18:37:38","modified_gmt":"2025-09-18T21:37:38","slug":"mp-1300-congresso-retira-do-mme-decisao-sobre-bilhoes-das-tarifas","status":"publish","type":"post","link":"https:\/\/agenciainfra.com\/blog\/mp-1300-congresso-retira-do-mme-decisao-sobre-bilhoes-das-tarifas\/","title":{"rendered":"MP 1.300: Congresso retira do MME decis\u00e3o sobre bilh\u00f5es das tarifas"},"content":{"rendered":"\n<p class=\"has-text-align-right\"><strong>Geraldo Campos Jr., Lais Carregosa e Marisa Wanzeller, da Ag\u00eancia iNFRA<\/strong><\/p>\n\n\n\n<p>A <a href=\"https:\/\/www.congressonacional.leg.br\/materias\/medidas-provisorias\/-\/mpv\/168719\">MP (Medida Provis\u00f3ria) 1.300\/2025<\/a>, aprovada pela C\u00e2mara dos Deputados e pelo Senado na noite de quarta-feira (17), seu \u00faltimo dia de vig\u00eancia, alterou a compet\u00eancia sobre o uso de recursos da repactua\u00e7\u00e3o do UBP (Uso do Bem P\u00fablico, um royalty pago pelas hidrel\u00e9tricas) para modicidade tarif\u00e1ria.\u00a0<br><br>A mudan\u00e7a representou uma derrota pol\u00edtica para o MME (Minist\u00e9rio de Minas e Energia). A vers\u00e3o anterior do\u00a0<a href=\"https:\/\/www.camara.leg.br\/proposicoesWeb\/prop_mostrarintegra?codteor=2994708&amp;filename=Tramitacao-MPV%201300\/2025\" target=\"_blank\" rel=\"noreferrer noopener\">texto<\/a>, aprovada na comiss\u00e3o mista, dava \u00e0 pasta o poder de decidir como ser\u00e1 utilizado o dinheiro para o abatimento de tarifas. J\u00e1 o\u00a0<a href=\"https:\/\/www.camara.leg.br\/proposicoesWeb\/prop_mostrarintegra?codteor=3002242&amp;filename=Tramitacao-MPV%201300\/2025\" target=\"_blank\" rel=\"noreferrer noopener\">texto final<\/a>\u00a0diz que caber\u00e1 \u00e0\u00a0ANEEL (Ag\u00eancia Nacional de Energia El\u00e9trica).<br><br>C\u00e1lculos preliminares do setor apontam que a d\u00edvida das hidrel\u00e9tricas atualmente est\u00e1 em torno de R$ 15 bilh\u00f5es. Conforme o mecanismo criado pela MP \u2014 que d\u00e1 desconto para quitar o passivo \u2014 ser\u00e3o pagos cerca de R$ 6 bilh\u00f5es, a serem usados pela ag\u00eancia para modicidade tarif\u00e1ria de distribuidoras das regi\u00f5es Norte e Nordeste.<br><br><strong>O que foi aprovado<\/strong><br>O governo teve dificuldades para obter apoio pol\u00edtico para a aprova\u00e7\u00e3o da MP 1.300, que chegou a correr o risco de n\u00e3o ser votada e perder a validade. Para conseguir viabilizar a vota\u00e7\u00e3o no \u00faltimo dia, houve acordo para um enxugamento do texto. Do texto original enviado pelo governo, que propunha uma \u201creforma\u201d do setor el\u00e9trico, restaram, al\u00e9m da repactua\u00e7\u00e3o do UBP, apenas:<\/p>\n\n\n\n<ul class=\"wp-block-list\">\n<li>a amplia\u00e7\u00e3o do programa social, com a isen\u00e7\u00e3o das tarifas para fam\u00edlias de baixa renda com consumo de at\u00e9 80 kWh;\u00a0<\/li>\n\n\n\n<li>a redistribui\u00e7\u00e3o dos custos das usinas nucleares de Angra 1 e 2 com todos os consumidores de energia; e\u00a0<\/li>\n\n\n\n<li>a defini\u00e7\u00e3o de descontos tarif\u00e1rios para irrigantes com consumo em hor\u00e1rios determinados pelas distribuidoras.<\/li>\n<\/ul>\n\n\n\n<p>Na compara\u00e7\u00e3o com o relat\u00f3rio aprovado na comiss\u00e3o mista, sa\u00edram pontos como o que estabelecia o leil\u00e3o do GSF (sigla para risco hidrol\u00f3gico) e o que permitia a cria\u00e7\u00e3o de tarifas diferenciadas aos consumidores de energia. O artigo previa que a ANEEL pudesse regulamentar novas modalidades, como a tarifa hor\u00e1ria e a tarifa multipartes.<br><br><strong>Tramita\u00e7\u00e3o conturbada<\/strong><br>A MP 1.300 foi publicada em maio a fim de promover &nbsp;uma \u201creforma do setor el\u00e9trico&#8221; e demorou a ganhar for\u00e7a no Legislativo. A comiss\u00e3o mista s\u00f3 foi instalada em 26 de agosto, a menos de um m\u00eas para o vencimento da medida, ap\u00f3s a constata\u00e7\u00e3o de que a Tarifa Social precisava ser convertida em lei para ser mantida.<br><br>Foi firmado um acordo entre as c\u00fapulas do Senado, da C\u00e2mara e do governo para preservar o programa social e transferir para a MP 1.304 as partes mais estruturantes do texto, como a abertura do mercado livre e o fim de subs\u00eddios para consumidores de fontes renov\u00e1veis.<br><br>Apesar do avan\u00e7o na comiss\u00e3o mista, a aprova\u00e7\u00e3o da MP na C\u00e2mara foi adiada v\u00e1rias vezes por resist\u00eancia de segmentos do setor el\u00e9trico, como a GD. Nesta semana, o texto ficou por um fio em meio \u00e0 discuss\u00e3o da PEC (Proposta de Emenda \u00e0 Constitui\u00e7\u00e3o) da \u201cBlindagem\u201d, que protege parlamentares de a\u00e7\u00f5es da Justi\u00e7a, e dos acordos para que a anistia aos atos de 8 de janeiro de 2023 fosse \u00e0 pauta da C\u00e2mara. Os temas ganharam tra\u00e7\u00e3o ap\u00f3s a condena\u00e7\u00e3o do ex-presidente Jair Bolsonaro (PL) pelo STF (Supremo Tribunal Federal).<br><br>Com os acordos costurados no parlamento, a MP 1.304 ganhou protagonismo e se tornou a medida que far\u00e1 a \u201creforma do setor el\u00e9trico\u201d. Agora, \u00e9 esperado um relat\u00f3rio ampliado, que pode abordar temas como a renova\u00e7\u00e3o de concess\u00f5es de hidrel\u00e9tricas, medidas para data centers, cortes obrigat\u00f3rios de gera\u00e7\u00e3o de energia (o chamado curtailment), al\u00e9m dos pontos encaminhados pelo governo na MP 1.300 e que n\u00e3o foram aprovados no texto final.<\/p>\n","protected":false},"excerpt":{"rendered":"<p>Geraldo Campos Jr., Lais Carregosa e Marisa Wanzeller, da Ag\u00eancia iNFRA A MP (Medida Provis\u00f3ria) 1.300\/2025, aprovada pela C\u00e2mara dos Deputados e pelo Senado na noite de quarta-feira (17), seu \u00faltimo dia de vig\u00eancia, alterou a compet\u00eancia sobre o uso de recursos da repactua\u00e7\u00e3o do UBP (Uso do Bem P\u00fablico, um royalty pago pelas hidrel\u00e9tricas) [&hellip;]<\/p>\n","protected":false},"author":1,"featured_media":20695,"comment_status":"closed","ping_status":"closed","sticky":false,"template":"","format":"standard","meta":{"_monsterinsights_skip_tracking":false,"_monsterinsights_sitenote_active":false,"_monsterinsights_sitenote_note":"","_monsterinsights_sitenote_category":0,"footnotes":""},"categories":[1,10],"tags":[53,305,11594,348,13132,7366,76,14893,4354,54,1831,15294],"class_list":["post-28038","post","type-post","status-publish","format-standard","has-post-thumbnail","hentry","category-geral","category-infraenergia","tag-aneel","tag-camara-dos-deputados","tag-geraldo-campos-jr","tag-gsf","tag-lais-carregosa","tag-marisa-wanzeller","tag-medida-provisoria","tag-mp-da-tarifa-social","tag-senado-federal","tag-setor-eletrico","tag-tarifa-social-de-energia-eletrica","tag-tarifas-diferenciadas"],"yoast_head":"<!-- This site is optimized with the Yoast SEO Premium plugin v25.4 (Yoast SEO v26.0) - https:\/\/yoast.com\/wordpress\/plugins\/seo\/ -->\n<title>MP 1.300: Congresso retira do MME decis\u00e3o sobre bilh\u00f5es das tarifas - Ag\u00eancia iNFRA<\/title>\n<meta name=\"robots\" content=\"index, follow, max-snippet:-1, max-image-preview:large, max-video-preview:-1\" \/>\n<link rel=\"canonical\" href=\"https:\/\/agenciainfra.com\/blog\/mp-1300-congresso-retira-do-mme-decisao-sobre-bilhoes-das-tarifas\/\" \/>\n<meta property=\"og:locale\" content=\"pt_BR\" \/>\n<meta property=\"og:type\" content=\"article\" \/>\n<meta property=\"og:title\" content=\"MP 1.300: Congresso retira do MME decis\u00e3o sobre bilh\u00f5es das tarifas\" \/>\n<meta property=\"og:description\" content=\"Geraldo Campos Jr., Lais Carregosa e Marisa Wanzeller, da Ag\u00eancia iNFRA A MP (Medida Provis\u00f3ria) 1.300\/2025, aprovada pela C\u00e2mara dos Deputados e pelo Senado na noite de quarta-feira (17), seu \u00faltimo dia de vig\u00eancia, alterou a compet\u00eancia sobre o uso de recursos da repactua\u00e7\u00e3o do UBP (Uso do Bem P\u00fablico, um royalty pago pelas hidrel\u00e9tricas) [&hellip;]\" \/>\n<meta property=\"og:url\" content=\"https:\/\/agenciainfra.com\/blog\/mp-1300-congresso-retira-do-mme-decisao-sobre-bilhoes-das-tarifas\/\" \/>\n<meta property=\"og:site_name\" content=\"Ag\u00eancia iNFRA\" \/>\n<meta property=\"article:publisher\" content=\"https:\/\/www.facebook.com\/ageninfra\" \/>\n<meta property=\"article:published_time\" content=\"2025-09-18T12:00:00+00:00\" \/>\n<meta property=\"article:modified_time\" content=\"2025-09-18T21:37:38+00:00\" \/>\n<meta property=\"og:image\" content=\"https:\/\/agenciainfra.com\/blog\/wp-content\/uploads\/2025\/03\/calculo-conta-energia-foto-dominiopublico-e1750863917520.png\" \/>\n\t<meta property=\"og:image:width\" content=\"1208\" \/>\n\t<meta property=\"og:image:height\" content=\"775\" \/>\n\t<meta property=\"og:image:type\" content=\"image\/png\" \/>\n<meta name=\"author\" content=\"Ag\u00eancia iNFRA\" \/>\n<meta name=\"twitter:card\" content=\"summary_large_image\" \/>\n<meta name=\"twitter:creator\" content=\"@agencia_infra\" \/>\n<meta name=\"twitter:site\" content=\"@agencia_infra\" \/>\n<meta name=\"twitter:label1\" content=\"Escrito por\" \/>\n\t<meta name=\"twitter:data1\" content=\"Ag\u00eancia iNFRA\" \/>\n\t<meta name=\"twitter:label2\" content=\"Est. tempo de leitura\" \/>\n\t<meta name=\"twitter:data2\" content=\"3 minutos\" \/>\n<script type=\"application\/ld+json\" class=\"yoast-schema-graph\">{\"@context\":\"https:\/\/schema.org\",\"@graph\":[{\"@type\":\"Article\",\"@id\":\"https:\/\/agenciainfra.com\/blog\/mp-1300-congresso-retira-do-mme-decisao-sobre-bilhoes-das-tarifas\/#article\",\"isPartOf\":{\"@id\":\"https:\/\/agenciainfra.com\/blog\/mp-1300-congresso-retira-do-mme-decisao-sobre-bilhoes-das-tarifas\/\"},\"author\":{\"name\":\"Ag\u00eancia iNFRA\",\"@id\":\"https:\/\/agenciainfra.com\/blog\/#\/schema\/person\/34af08dff6adea4cb22b06612ba7acfa\"},\"headline\":\"MP 1.300: Congresso retira do MME decis\u00e3o sobre bilh\u00f5es das tarifas\",\"datePublished\":\"2025-09-18T12:00:00+00:00\",\"dateModified\":\"2025-09-18T21:37:38+00:00\",\"mainEntityOfPage\":{\"@id\":\"https:\/\/agenciainfra.com\/blog\/mp-1300-congresso-retira-do-mme-decisao-sobre-bilhoes-das-tarifas\/\"},\"wordCount\":683,\"publisher\":{\"@id\":\"https:\/\/agenciainfra.com\/blog\/#organization\"},\"image\":{\"@id\":\"https:\/\/agenciainfra.com\/blog\/mp-1300-congresso-retira-do-mme-decisao-sobre-bilhoes-das-tarifas\/#primaryimage\"},\"thumbnailUrl\":\"https:\/\/agenciainfra.com\/blog\/wp-content\/uploads\/2025\/03\/calculo-conta-energia-foto-dominiopublico-e1750863917520.png\",\"keywords\":[\"ANEEL\",\"C\u00e2mara dos Deputados\",\"Geraldo Campos Jr.\",\"GSF\",\"Lais Carregosa\",\"Marisa Wanzeller\",\"Medida Provis\u00f3ria\",\"MP da Tarifa Social\",\"Senado Federal\",\"Setor El\u00e9trico\",\"Tarifa Social de Energia El\u00e9trica\",\"tarifas diferenciadas\"],\"articleSection\":[\"Geral\",\"iNFRAEnergia\"],\"inLanguage\":\"pt-BR\",\"copyrightYear\":\"2025\",\"copyrightHolder\":{\"@id\":\"https:\/\/agenciainfra.com\/blog\/#organization\"}},{\"@type\":\"WebPage\",\"@id\":\"https:\/\/agenciainfra.com\/blog\/mp-1300-congresso-retira-do-mme-decisao-sobre-bilhoes-das-tarifas\/\",\"url\":\"https:\/\/agenciainfra.com\/blog\/mp-1300-congresso-retira-do-mme-decisao-sobre-bilhoes-das-tarifas\/\",\"name\":\"MP 1.300: Congresso retira do MME decis\u00e3o sobre bilh\u00f5es das tarifas - Ag\u00eancia iNFRA\",\"isPartOf\":{\"@id\":\"https:\/\/agenciainfra.com\/blog\/#website\"},\"primaryImageOfPage\":{\"@id\":\"https:\/\/agenciainfra.com\/blog\/mp-1300-congresso-retira-do-mme-decisao-sobre-bilhoes-das-tarifas\/#primaryimage\"},\"image\":{\"@id\":\"https:\/\/agenciainfra.com\/blog\/mp-1300-congresso-retira-do-mme-decisao-sobre-bilhoes-das-tarifas\/#primaryimage\"},\"thumbnailUrl\":\"https:\/\/agenciainfra.com\/blog\/wp-content\/uploads\/2025\/03\/calculo-conta-energia-foto-dominiopublico-e1750863917520.png\",\"datePublished\":\"2025-09-18T12:00:00+00:00\",\"dateModified\":\"2025-09-18T21:37:38+00:00\",\"breadcrumb\":{\"@id\":\"https:\/\/agenciainfra.com\/blog\/mp-1300-congresso-retira-do-mme-decisao-sobre-bilhoes-das-tarifas\/#breadcrumb\"},\"inLanguage\":\"pt-BR\",\"potentialAction\":[{\"@type\":\"ReadAction\",\"target\":[\"https:\/\/agenciainfra.com\/blog\/mp-1300-congresso-retira-do-mme-decisao-sobre-bilhoes-das-tarifas\/\"]}]},{\"@type\":\"ImageObject\",\"inLanguage\":\"pt-BR\",\"@id\":\"https:\/\/agenciainfra.com\/blog\/mp-1300-congresso-retira-do-mme-decisao-sobre-bilhoes-das-tarifas\/#primaryimage\",\"url\":\"https:\/\/agenciainfra.com\/blog\/wp-content\/uploads\/2025\/03\/calculo-conta-energia-foto-dominiopublico-e1750863917520.png\",\"contentUrl\":\"https:\/\/agenciainfra.com\/blog\/wp-content\/uploads\/2025\/03\/calculo-conta-energia-foto-dominiopublico-e1750863917520.png\",\"width\":1208,\"height\":775,\"caption\":\"Foto: Dom\u00ednio P\u00fablico\"},{\"@type\":\"BreadcrumbList\",\"@id\":\"https:\/\/agenciainfra.com\/blog\/mp-1300-congresso-retira-do-mme-decisao-sobre-bilhoes-das-tarifas\/#breadcrumb\",\"itemListElement\":[{\"@type\":\"ListItem\",\"position\":1,\"name\":\"In\u00edcio\",\"item\":\"https:\/\/agenciainfra.com\/blog\/\"},{\"@type\":\"ListItem\",\"position\":2,\"name\":\"MP 1.300: Congresso retira do MME decis\u00e3o sobre bilh\u00f5es das tarifas\"}]},{\"@type\":\"WebSite\",\"@id\":\"https:\/\/agenciainfra.com\/blog\/#website\",\"url\":\"https:\/\/agenciainfra.com\/blog\/\",\"name\":\"Ag\u00eancia iNFRA\",\"description\":\"Multiplataforma de informa\u00e7\u00e3o jornal\u00edstica refer\u00eancia na \u00e1rea de infraestrutura no Brasil!\",\"publisher\":{\"@id\":\"https:\/\/agenciainfra.com\/blog\/#organization\"},\"potentialAction\":[{\"@type\":\"SearchAction\",\"target\":{\"@type\":\"EntryPoint\",\"urlTemplate\":\"https:\/\/agenciainfra.com\/blog\/?s={search_term_string}\"},\"query-input\":{\"@type\":\"PropertyValueSpecification\",\"valueRequired\":true,\"valueName\":\"search_term_string\"}}],\"inLanguage\":\"pt-BR\"},{\"@type\":\"Organization\",\"@id\":\"https:\/\/agenciainfra.com\/blog\/#organization\",\"name\":\"Ag\u00eancia iNFRA\",\"url\":\"https:\/\/agenciainfra.com\/blog\/\",\"logo\":{\"@type\":\"ImageObject\",\"inLanguage\":\"pt-BR\",\"@id\":\"https:\/\/agenciainfra.com\/blog\/#\/schema\/logo\/image\/\",\"url\":\"https:\/\/agenciainfra.com\/blog\/wp-content\/uploads\/2023\/09\/iNFRA_5-e1761735885940.png\",\"contentUrl\":\"https:\/\/agenciainfra.com\/blog\/wp-content\/uploads\/2023\/09\/iNFRA_5-e1761735885940.png\",\"width\":1672,\"height\":454,\"caption\":\"Ag\u00eancia iNFRA\"},\"image\":{\"@id\":\"https:\/\/agenciainfra.com\/blog\/#\/schema\/logo\/image\/\"},\"sameAs\":[\"https:\/\/www.facebook.com\/ageninfra\",\"https:\/\/x.com\/agencia_infra\",\"https:\/\/www.linkedin.com\/company\/ag\u00eanciainfra\/\",\"https:\/\/www.instagram.com\/agenciainfra\/\"]},{\"@type\":\"Person\",\"@id\":\"https:\/\/agenciainfra.com\/blog\/#\/schema\/person\/34af08dff6adea4cb22b06612ba7acfa\",\"name\":\"Ag\u00eancia iNFRA\",\"image\":{\"@type\":\"ImageObject\",\"inLanguage\":\"pt-BR\",\"@id\":\"https:\/\/agenciainfra.com\/blog\/#\/schema\/person\/image\/\",\"url\":\"https:\/\/secure.gravatar.com\/avatar\/d189e01678f06d8eb84d4e01f08eb848b3fffe3f8443818d3c356c66892f5be8?s=96&d=mm&r=g\",\"contentUrl\":\"https:\/\/secure.gravatar.com\/avatar\/d189e01678f06d8eb84d4e01f08eb848b3fffe3f8443818d3c356c66892f5be8?s=96&d=mm&r=g\",\"caption\":\"Ag\u00eancia iNFRA\"},\"url\":\"https:\/\/agenciainfra.com\/blog\/author\/admin\/\"}]}<\/script>\n<!-- \/ Yoast SEO Premium plugin. -->","yoast_head_json":{"title":"MP 1.300: Congresso retira do MME decis\u00e3o sobre bilh\u00f5es das tarifas - Ag\u00eancia iNFRA","robots":{"index":"index","follow":"follow","max-snippet":"max-snippet:-1","max-image-preview":"max-image-preview:large","max-video-preview":"max-video-preview:-1"},"canonical":"https:\/\/agenciainfra.com\/blog\/mp-1300-congresso-retira-do-mme-decisao-sobre-bilhoes-das-tarifas\/","og_locale":"pt_BR","og_type":"article","og_title":"MP 1.300: Congresso retira do MME decis\u00e3o sobre bilh\u00f5es das tarifas","og_description":"Geraldo Campos Jr., Lais Carregosa e Marisa Wanzeller, da Ag\u00eancia iNFRA A MP (Medida Provis\u00f3ria) 1.300\/2025, aprovada pela C\u00e2mara dos Deputados e pelo Senado na noite de quarta-feira (17), seu \u00faltimo dia de vig\u00eancia, alterou a compet\u00eancia sobre o uso de recursos da repactua\u00e7\u00e3o do UBP (Uso do Bem P\u00fablico, um royalty pago pelas hidrel\u00e9tricas) [&hellip;]","og_url":"https:\/\/agenciainfra.com\/blog\/mp-1300-congresso-retira-do-mme-decisao-sobre-bilhoes-das-tarifas\/","og_site_name":"Ag\u00eancia iNFRA","article_publisher":"https:\/\/www.facebook.com\/ageninfra","article_published_time":"2025-09-18T12:00:00+00:00","article_modified_time":"2025-09-18T21:37:38+00:00","og_image":[{"width":1208,"height":775,"url":"https:\/\/agenciainfra.com\/blog\/wp-content\/uploads\/2025\/03\/calculo-conta-energia-foto-dominiopublico-e1750863917520.png","type":"image\/png"}],"author":"Ag\u00eancia iNFRA","twitter_card":"summary_large_image","twitter_creator":"@agencia_infra","twitter_site":"@agencia_infra","twitter_misc":{"Escrito por":"Ag\u00eancia iNFRA","Est. tempo de leitura":"3 minutos"},"schema":{"@context":"https:\/\/schema.org","@graph":[{"@type":"Article","@id":"https:\/\/agenciainfra.com\/blog\/mp-1300-congresso-retira-do-mme-decisao-sobre-bilhoes-das-tarifas\/#article","isPartOf":{"@id":"https:\/\/agenciainfra.com\/blog\/mp-1300-congresso-retira-do-mme-decisao-sobre-bilhoes-das-tarifas\/"},"author":{"name":"Ag\u00eancia iNFRA","@id":"https:\/\/agenciainfra.com\/blog\/#\/schema\/person\/34af08dff6adea4cb22b06612ba7acfa"},"headline":"MP 1.300: Congresso retira do MME decis\u00e3o sobre bilh\u00f5es das tarifas","datePublished":"2025-09-18T12:00:00+00:00","dateModified":"2025-09-18T21:37:38+00:00","mainEntityOfPage":{"@id":"https:\/\/agenciainfra.com\/blog\/mp-1300-congresso-retira-do-mme-decisao-sobre-bilhoes-das-tarifas\/"},"wordCount":683,"publisher":{"@id":"https:\/\/agenciainfra.com\/blog\/#organization"},"image":{"@id":"https:\/\/agenciainfra.com\/blog\/mp-1300-congresso-retira-do-mme-decisao-sobre-bilhoes-das-tarifas\/#primaryimage"},"thumbnailUrl":"https:\/\/agenciainfra.com\/blog\/wp-content\/uploads\/2025\/03\/calculo-conta-energia-foto-dominiopublico-e1750863917520.png","keywords":["ANEEL","C\u00e2mara dos Deputados","Geraldo Campos Jr.","GSF","Lais Carregosa","Marisa Wanzeller","Medida Provis\u00f3ria","MP da Tarifa Social","Senado Federal","Setor El\u00e9trico","Tarifa Social de Energia El\u00e9trica","tarifas diferenciadas"],"articleSection":["Geral","iNFRAEnergia"],"inLanguage":"pt-BR","copyrightYear":"2025","copyrightHolder":{"@id":"https:\/\/agenciainfra.com\/blog\/#organization"}},{"@type":"WebPage","@id":"https:\/\/agenciainfra.com\/blog\/mp-1300-congresso-retira-do-mme-decisao-sobre-bilhoes-das-tarifas\/","url":"https:\/\/agenciainfra.com\/blog\/mp-1300-congresso-retira-do-mme-decisao-sobre-bilhoes-das-tarifas\/","name":"MP 1.300: Congresso retira do MME decis\u00e3o sobre bilh\u00f5es das tarifas - Ag\u00eancia iNFRA","isPartOf":{"@id":"https:\/\/agenciainfra.com\/blog\/#website"},"primaryImageOfPage":{"@id":"https:\/\/agenciainfra.com\/blog\/mp-1300-congresso-retira-do-mme-decisao-sobre-bilhoes-das-tarifas\/#primaryimage"},"image":{"@id":"https:\/\/agenciainfra.com\/blog\/mp-1300-congresso-retira-do-mme-decisao-sobre-bilhoes-das-tarifas\/#primaryimage"},"thumbnailUrl":"https:\/\/agenciainfra.com\/blog\/wp-content\/uploads\/2025\/03\/calculo-conta-energia-foto-dominiopublico-e1750863917520.png","datePublished":"2025-09-18T12:00:00+00:00","dateModified":"2025-09-18T21:37:38+00:00","breadcrumb":{"@id":"https:\/\/agenciainfra.com\/blog\/mp-1300-congresso-retira-do-mme-decisao-sobre-bilhoes-das-tarifas\/#breadcrumb"},"inLanguage":"pt-BR","potentialAction":[{"@type":"ReadAction","target":["https:\/\/agenciainfra.com\/blog\/mp-1300-congresso-retira-do-mme-decisao-sobre-bilhoes-das-tarifas\/"]}]},{"@type":"ImageObject","inLanguage":"pt-BR","@id":"https:\/\/agenciainfra.com\/blog\/mp-1300-congresso-retira-do-mme-decisao-sobre-bilhoes-das-tarifas\/#primaryimage","url":"https:\/\/agenciainfra.com\/blog\/wp-content\/uploads\/2025\/03\/calculo-conta-energia-foto-dominiopublico-e1750863917520.png","contentUrl":"https:\/\/agenciainfra.com\/blog\/wp-content\/uploads\/2025\/03\/calculo-conta-energia-foto-dominiopublico-e1750863917520.png","width":1208,"height":775,"caption":"Foto: Dom\u00ednio P\u00fablico"},{"@type":"BreadcrumbList","@id":"https:\/\/agenciainfra.com\/blog\/mp-1300-congresso-retira-do-mme-decisao-sobre-bilhoes-das-tarifas\/#breadcrumb","itemListElement":[{"@type":"ListItem","position":1,"name":"In\u00edcio","item":"https:\/\/agenciainfra.com\/blog\/"},{"@type":"ListItem","position":2,"name":"MP 1.300: Congresso retira do MME decis\u00e3o sobre bilh\u00f5es das tarifas"}]},{"@type":"WebSite","@id":"https:\/\/agenciainfra.com\/blog\/#website","url":"https:\/\/agenciainfra.com\/blog\/","name":"Ag\u00eancia iNFRA","description":"Multiplataforma de informa\u00e7\u00e3o jornal\u00edstica refer\u00eancia na \u00e1rea de infraestrutura no Brasil!","publisher":{"@id":"https:\/\/agenciainfra.com\/blog\/#organization"},"potentialAction":[{"@type":"SearchAction","target":{"@type":"EntryPoint","urlTemplate":"https:\/\/agenciainfra.com\/blog\/?s={search_term_string}"},"query-input":{"@type":"PropertyValueSpecification","valueRequired":true,"valueName":"search_term_string"}}],"inLanguage":"pt-BR"},{"@type":"Organization","@id":"https:\/\/agenciainfra.com\/blog\/#organization","name":"Ag\u00eancia iNFRA","url":"https:\/\/agenciainfra.com\/blog\/","logo":{"@type":"ImageObject","inLanguage":"pt-BR","@id":"https:\/\/agenciainfra.com\/blog\/#\/schema\/logo\/image\/","url":"https:\/\/agenciainfra.com\/blog\/wp-content\/uploads\/2023\/09\/iNFRA_5-e1761735885940.png","contentUrl":"https:\/\/agenciainfra.com\/blog\/wp-content\/uploads\/2023\/09\/iNFRA_5-e1761735885940.png","width":1672,"height":454,"caption":"Ag\u00eancia iNFRA"},"image":{"@id":"https:\/\/agenciainfra.com\/blog\/#\/schema\/logo\/image\/"},"sameAs":["https:\/\/www.facebook.com\/ageninfra","https:\/\/x.com\/agencia_infra","https:\/\/www.linkedin.com\/company\/ag\u00eanciainfra\/","https:\/\/www.instagram.com\/agenciainfra\/"]},{"@type":"Person","@id":"https:\/\/agenciainfra.com\/blog\/#\/schema\/person\/34af08dff6adea4cb22b06612ba7acfa","name":"Ag\u00eancia iNFRA","image":{"@type":"ImageObject","inLanguage":"pt-BR","@id":"https:\/\/agenciainfra.com\/blog\/#\/schema\/person\/image\/","url":"https:\/\/secure.gravatar.com\/avatar\/d189e01678f06d8eb84d4e01f08eb848b3fffe3f8443818d3c356c66892f5be8?s=96&d=mm&r=g","contentUrl":"https:\/\/secure.gravatar.com\/avatar\/d189e01678f06d8eb84d4e01f08eb848b3fffe3f8443818d3c356c66892f5be8?s=96&d=mm&r=g","caption":"Ag\u00eancia iNFRA"},"url":"https:\/\/agenciainfra.com\/blog\/author\/admin\/"}]}},"_links":{"self":[{"href":"https:\/\/agenciainfra.com\/blog\/wp-json\/wp\/v2\/posts\/28038","targetHints":{"allow":["GET"]}}],"collection":[{"href":"https:\/\/agenciainfra.com\/blog\/wp-json\/wp\/v2\/posts"}],"about":[{"href":"https:\/\/agenciainfra.com\/blog\/wp-json\/wp\/v2\/types\/post"}],"author":[{"embeddable":true,"href":"https:\/\/agenciainfra.com\/blog\/wp-json\/wp\/v2\/users\/1"}],"replies":[{"embeddable":true,"href":"https:\/\/agenciainfra.com\/blog\/wp-json\/wp\/v2\/comments?post=28038"}],"version-history":[{"count":3,"href":"https:\/\/agenciainfra.com\/blog\/wp-json\/wp\/v2\/posts\/28038\/revisions"}],"predecessor-version":[{"id":28116,"href":"https:\/\/agenciainfra.com\/blog\/wp-json\/wp\/v2\/posts\/28038\/revisions\/28116"}],"wp:featuredmedia":[{"embeddable":true,"href":"https:\/\/agenciainfra.com\/blog\/wp-json\/wp\/v2\/media\/20695"}],"wp:attachment":[{"href":"https:\/\/agenciainfra.com\/blog\/wp-json\/wp\/v2\/media?parent=28038"}],"wp:term":[{"taxonomy":"category","embeddable":true,"href":"https:\/\/agenciainfra.com\/blog\/wp-json\/wp\/v2\/categories?post=28038"},{"taxonomy":"post_tag","embeddable":true,"href":"https:\/\/agenciainfra.com\/blog\/wp-json\/wp\/v2\/tags?post=28038"}],"curies":[{"name":"wp","href":"https:\/\/api.w.org\/{rel}","templated":true}]}}