{"id":28052,"date":"2025-09-19T08:00:00","date_gmt":"2025-09-19T11:00:00","guid":{"rendered":"https:\/\/agenciainfra.com\/blog\/?p=28052"},"modified":"2025-09-22T12:20:14","modified_gmt":"2025-09-22T15:20:14","slug":"mrs-tcu-aprova-conta-privada-para-deposito-mas-vai-avaliar-instrumento","status":"publish","type":"post","link":"https:\/\/agenciainfra.com\/blog\/mrs-tcu-aprova-conta-privada-para-deposito-mas-vai-avaliar-instrumento\/","title":{"rendered":"MRS: TCU aprova conta privada para dep\u00f3sito, mas vai avaliar instrumento"},"content":{"rendered":"\n<p class=\"has-text-align-right\"><strong>Amanda Pupo, da Ag\u00eancia iNFRA<\/strong><\/p>\n\n\n\n<p>O TCU (Tribunal de Contas da Uni\u00e3o) <a href=\"https:\/\/agenciainfra.com\/blog\/tcu-aprova-solucao-consensual-no-contrato-da-ferrovia-da-malha-sudeste\/\">deu aval<\/a> na \u00faltima quarta-feira (17) \u00e0\u00a0repactua\u00e7\u00e3o da concess\u00e3o da Malha Sudeste, operada pela MRS, que ter\u00e1 de pagar cerca de R$ 2,8 bilh\u00f5es pela mudan\u00e7a no contrato com o governo. Esses recursos ser\u00e3o depositados em uma conta da concession\u00e1ria e alimentar\u00e3o outros projetos ferrovi\u00e1rios \u2013 futuras concess\u00f5es federais que precisam de aportes externos para serem vi\u00e1veis financeiramente.\u00a0<br><br>Foi uma vit\u00f3ria do Minist\u00e9rio dos Transportes, que temia uma negativa da corte de contas ao uso dessa conta ap\u00f3s a unidade fiscal do tribunal se colocar contr\u00e1ria ao instrumento. A princ\u00edpio, o ministro relator, Jorge Oliveira, iria acompanhar esse entendimento, mas foi convencido a deixar que o tema seja discutido profundamente em outro processo espec\u00edfico que ainda ser\u00e1 analisado pelo TCU.\u00a0<br><br>&#8220;A\u00a0sistem\u00e1tica de aporte e a aplica\u00e7\u00e3o subsequente de recursos por meio de contas vinculadas dever\u00e1 ser objeto de an\u00e1lise em processo(s) espec\u00edfico(s)&#8221;, diz o ac\u00f3rd\u00e3o, que pode ser lido\u00a0<a href=\"https:\/\/agenciainfra.com\/blog\/wp-content\/uploads\/2025\/09\/018.646-2024-7-JGO-Solucao-consensual_Malha-Regional-Sudeste.pdf\" target=\"_blank\" rel=\"noreferrer noopener\">aqui<\/a>.\u00a0<br><br>O arranjo, sugerido pelo ministro Bruno Dantas, permitiu que o acordo de solu\u00e7\u00e3o consensual da MRS fosse aprovado por unanimidade no plen\u00e1rio da corte \u2013 o texto foi fechado em abril na SecexConsenso. Com isso, a destina\u00e7\u00e3o dos recursos que ser\u00e3o pagos pela MRS est\u00e1 resolvida e dever\u00e1 ajudar o governo a viabilizar novas concess\u00f5es. Entre elas, possivelmente a EF-118, que liga o Esp\u00edrito Santo ao Rio de Janeiro, e cuja licita\u00e7\u00e3o est\u00e1 prevista para 2026. A proposta de edital deve ir a an\u00e1lise do \u00f3rg\u00e3o de controle em outubro.<br><br>Mas a solu\u00e7\u00e3o deixa pendente a posi\u00e7\u00e3o definitiva do tribunal sobre o uso da conta privada em outros contratos ferrovi\u00e1rios \u2013 embora alguns ministros j\u00e1 tenham indicado simpatia ao mecanismo. Como j\u00e1 mostrou a\u00a0<strong>Ag\u00eancia iNFRA<\/strong>, o Minist\u00e9rio dos Transportes quer prever o instrumento, por exemplo, na\u00a0<a href=\"https:\/\/agenciainfra.com\/blog\/proposta-de-renovacao-da-fca-preve-ao-menos-r-28-bi-de-investimentos\/\" target=\"_blank\" rel=\"noreferrer noopener\">renova\u00e7\u00e3o<\/a>\u00a0da FCA (Ferrovia Centro-Atl\u00e2ntica), cuja proposta ainda ser\u00e1 remetida ao TCU. A ideia era us\u00e1-lo tamb\u00e9m na repactua\u00e7\u00e3o dos contratos da Vale \u2013 que n\u00e3o foi \u00e0\u00a0frente por falta de acordo na comiss\u00e3o de solu\u00e7\u00e3o consensual.\u00a0<br><br><strong>Novo modelo\u00a0<\/strong><br>A grande controv\u00e9rsia no projeto da MRS foi a previs\u00e3o da conta privada para a concession\u00e1ria depositar os recursos devidos (veja na reportagem abaixo detalhes sobre a origem do montante). O ponto principal foi a forma como o governo decidiu fazer o investimento cruzado, previsto desde 2017 em lei para o setor de ferrovias.\u00a0<br><br>Depois da experi\u00eancia das renova\u00e7\u00f5es de contratos que come\u00e7aram em 2020, o diagn\u00f3stico foi de que colocar as operadoras de ferrovias para executar obras fora de suas concess\u00f5es gerou uma s\u00e9rie de problemas. Por isso, o Minist\u00e9rio dos Transportes sugeriu que, em vez de constru\u00edrem uma nova ferrovia, as concession\u00e1rias depositem os recursos devidos numa conta banc\u00e1ria espec\u00edfica do contrato.\u00a0<br><br>De l\u00e1, o dinheiro ser\u00e1 diretamente para outra concess\u00e3o, a ser licitada, com obra executada por quem arrematar o ativo no leil\u00e3o. A opera\u00e7\u00e3o de transfer\u00eancia ser\u00e1 gerida e fiscalizada pela ANTT (Ag\u00eancia Nacional de Transportes Terrestres), enquanto ficaria a cargo do governo definir em qual projeto os recursos seriam alocados.\u00a0<br><br>Pelo acordo fechado com a MRS, e agora aprovado pelo TCU, a aplica\u00e7\u00e3o dos recursos depender\u00e1 de regulamenta\u00e7\u00e3o espec\u00edfica de governan\u00e7a, que ser\u00e1 elaborada pela ANTT e pelo Minist\u00e9rio dos Transportes em at\u00e9 120 dias antes do vencimento da primeira parcela devida pela concession\u00e1ria. Veja aqui as regras j\u00e1 previamente\u00a0<a href=\"https:\/\/agenciainfra.com\/blog\/governo-desenha-regras-para-uso-de-conta-vinculada-em-ferrovias\/\" target=\"_blank\" rel=\"noreferrer noopener\">desenhadas<\/a>\u00a0pela pasta. Al\u00e9m disso, o Minist\u00e9rio dos Transportes dever\u00e1 informar \u00e0 ANTT o projeto que ser\u00e1 contemplado no prazo de at\u00e9 noventa dias antes do vencimento de cada parcela.<br><br>Cinco empreendimentos foram listados no processo da MRS\u00a0como potenciais destinos dos recursos. Al\u00e9m da EF-118, o corredor Fico-Fiol (corredor Leste-Oeste), a Malha Centro-Leste (operada hoje pela FCA\/VLI); a Malha Oeste \u2013 que ser\u00e1 novamente licitada com o fim do contrato da Rumo \u2013, e o ramal A\u00e7ail\u00e2ndia-Barcarena.<br><br><strong>Sa\u00edda costurada<\/strong><br>Ap\u00f3s o MPTCU (Minist\u00e9rio P\u00fablico junto ao TCU) se colocar contr\u00e1rio ao acordo, a controv\u00e9rsia do uso da conta privada ganhou f\u00f4lego com\u00a0um parecer da AudFiscal (Unidade de Auditoria Especializada em Or\u00e7amento, Tributa\u00e7\u00e3o e Gest\u00e3o Fiscal). Entre outros pontos, essa \u00e1rea do tribunal\u00a0<a href=\"https:\/\/agenciainfra.com\/blog\/unidade-fiscal-do-tcu-opoe-se-a-conta-vinculada-em-repactuacao-da-mrs\/\" target=\"_blank\" rel=\"noreferrer noopener\">interpretou<\/a>\u00a0que o investimento cruzado previsto em lei direcionou seu uso \u00e0 execu\u00e7\u00e3o direta das obras pelas concession\u00e1rias. \u00a0<br><br>O relator do caso, Jorge Oliveira, concordou com a AudFiscal e, por isso, sua primeira vers\u00e3o de voto condicionava a aprova\u00e7\u00e3o do acordo da MRS ao pagamento dos recursos diretamente para o caixa da Uni\u00e3o \u2013 ou, como alternativa, prevendo que as obras do investimento cruzado fossem executadas pela pr\u00f3pria empresa. Antes de concluir a leitura de seu voto na sess\u00e3o, o ministro,\u00a0por sua vez, explicou ter recebido contribui\u00e7\u00f5es de colegas que o fizeram reconsiderar em parte a proposta de ac\u00f3rd\u00e3o, em especial o que ouviu do ministro Bruno Dantas.\u00a0<br><br>Em seu voto, Dantas apontou que a condicionante inicialmente prevista pelo relator modificaria a \u201cestrutura central\u201d do que foi negociado na SecexConsenso. \u201cAo impor condi\u00e7\u00f5es n\u00e3o pactuadas para a homologa\u00e7\u00e3o do acordo, o Tribunal transmudaria seu papel de mediador e retornaria a uma posi\u00e7\u00e3o de controle impositivo sobre um aspecto operacional a ser executado posteriormente, sem o devido processo legal de controle externo, o que pode desestimular o uso futuro deste valioso instrumento de resolu\u00e7\u00e3o de controv\u00e9rsias\u201d, escreveu o ministro.\u00a0<br><br>Durante a sess\u00e3o, Dantas tamb\u00e9m disse que, a princ\u00edpio, n\u00e3o enxerga uma restri\u00e7\u00e3o do uso do investimento cruzado apenas a casos com \u201cobriga\u00e7\u00e3o de fazer\u201d pela concession\u00e1ria. \u00a0\u201cQuando se fala de investimento em projetos ferrovi\u00e1rios, isso leva tempo, n\u00e3o se faz um desembolso instant\u00e2neo, at\u00e9 porque isso violaria a pr\u00f3pria jurisprud\u00eancia do tribunal de que o desembolso financeiro deve corresponder \u00e0 execu\u00e7\u00e3o f\u00edsica do projeto (\u2026) Todos n\u00f3s aprendemos nas aulas de hermen\u00eautica jur\u00eddica que o int\u00e9rprete deve dar \u00e0\u00a0legisla\u00e7\u00e3o uma interpreta\u00e7\u00e3o conforme a Constitui\u00e7\u00e3o e que n\u00e3o conduza ao absurdo ou ao imposs\u00edvel\u201d, disse Dantas, pontuando\u00a0que o debate ainda ser\u00e1 aprofundado em processo espec\u00edfico.\u00a0<br><br>Jorge Oliveira disse\u00a0reconhecer que a lei prev\u00ea o reinvestimento no setor ferrovi\u00e1rio diante da car\u00eancia de recursos no or\u00e7amento geral da Uni\u00e3o. E afirmou entender que impor \u00e0 concession\u00e1ria a obriga\u00e7\u00e3o de fazer um investimento em outra malha ferrovi\u00e1ria que n\u00e3o seja a sua pr\u00f3pria \u201cacaba por ser a alternativa mais complexa na maioria dos casos\u201d. Mesmo assim deixou consignado em voto a avalia\u00e7\u00e3o de que a\u00a0sistem\u00e1tica das contas privadas \u201cfere\u201d os princ\u00edpios or\u00e7ament\u00e1rios, embora reconhecendo que o processo de solu\u00e7\u00e3o consensual n\u00e3o seria o meio adequado para essa\u00a0discuss\u00e3o.\u00a0<br><br>Al\u00e9m de Dantas, outros ministros sinalizaram simpatia pela solu\u00e7\u00e3o da conta privada como forma de viabilizar o investimento cruzado. \u201cQual que \u00e9 o objetivo da norma? \u00c9 exatamente a realiza\u00e7\u00e3o de investimentos. O que n\u00f3s estamos autorizando \u00e9 a realiza\u00e7\u00e3o de investimentos da maneira mais c\u00e9lere\u00a0poss\u00edvel. Acredito que estamos fazendo\u00a0um voto que \u00e9 igualmente hist\u00f3rico e muito relevante dentro nesse novo ambiente que vivemos em prol da infraestrutura\u201d, disse o ministro Antonio Anastasia.\u00a0<br><br>O ministro Walton Alencar parabenizou a sa\u00edda costurada pelos colegas e disse que a\u00a0quest\u00e3o, \u201cda mais alta relev\u00e2ncia\u201d, ser\u00e1 objeto de an\u00e1lise num processo j\u00e1 relatado pelo ministro Benjamin Zymler e que trata de contas vinculadas nas concess\u00f5es rodovi\u00e1rias \u2013 que, por sua vez, t\u00eam um prop\u00f3sito diferente das contas previstas para os processos ferrovi\u00e1rios.<br><br>\u201cL\u00e1 [no caso das rodovias] n\u00e3o h\u00e1 esses investimentos cruzados. E eu j\u00e1 antecipo dizendo que eu poderia analisar tamb\u00e9m a quest\u00e3o do subs\u00eddio cruzado\u201d, disse Zymler. \u201cEssa \u00e9 uma solu\u00e7\u00e3o vantajosa. Vantajosa para todos n\u00f3s, para o pr\u00f3prio Brasil, para os investimentos\u201d, completou o ministro sobre o acordo da MRS.\u00a0<\/p>\n","protected":false},"excerpt":{"rendered":"<p>Amanda Pupo, da Ag\u00eancia iNFRA O TCU (Tribunal de Contas da Uni\u00e3o) deu aval na \u00faltima quarta-feira (17) \u00e0\u00a0repactua\u00e7\u00e3o da concess\u00e3o da Malha Sudeste, operada pela MRS, que ter\u00e1 de pagar cerca de R$ 2,8 bilh\u00f5es pela mudan\u00e7a no contrato com o governo. Esses recursos ser\u00e3o depositados em uma conta da concession\u00e1ria e alimentar\u00e3o outros [&hellip;]<\/p>\n","protected":false},"author":1,"featured_media":10544,"comment_status":"closed","ping_status":"closed","sticky":false,"template":"","format":"standard","meta":{"_monsterinsights_skip_tracking":false,"_monsterinsights_sitenote_active":false,"_monsterinsights_sitenote_note":"","_monsterinsights_sitenote_category":0,"footnotes":""},"categories":[7250,1,7],"tags":[220,13354,15181,15300,120,2370,6286,81,12920,8010,7218,18],"class_list":["post-28052","post","type-post","status-publish","format-standard","has-post-thumbnail","hentry","category-destaque-lista","category-geral","category-infratransporte","tag-agencia-infra","tag-amanda-pupo","tag-conta-vinculada","tag-contrato-de-ferrovia","tag-ferrovias","tag-investimento-cruzado","tag-malha-sudeste","tag-mrs","tag-repactuacao-da-mrs","tag-repactuacao-de-contratos","tag-secexconsenso","tag-tcu"],"yoast_head":"<!-- This site is optimized with the Yoast SEO Premium plugin v25.4 (Yoast SEO v26.0) - https:\/\/yoast.com\/wordpress\/plugins\/seo\/ -->\n<title>MRS: TCU aprova conta privada para dep\u00f3sito, mas vai avaliar instrumento - Ag\u00eancia iNFRA<\/title>\n<meta name=\"robots\" content=\"index, follow, max-snippet:-1, max-image-preview:large, max-video-preview:-1\" \/>\n<link rel=\"canonical\" href=\"https:\/\/agenciainfra.com\/blog\/mrs-tcu-aprova-conta-privada-para-deposito-mas-vai-avaliar-instrumento\/\" \/>\n<meta property=\"og:locale\" content=\"pt_BR\" \/>\n<meta property=\"og:type\" content=\"article\" \/>\n<meta property=\"og:title\" content=\"MRS: TCU aprova conta privada para dep\u00f3sito, mas vai avaliar instrumento\" \/>\n<meta property=\"og:description\" content=\"Amanda Pupo, da Ag\u00eancia iNFRA O TCU (Tribunal de Contas da Uni\u00e3o) deu aval na \u00faltima quarta-feira (17) \u00e0\u00a0repactua\u00e7\u00e3o da concess\u00e3o da Malha Sudeste, operada pela MRS, que ter\u00e1 de pagar cerca de R$ 2,8 bilh\u00f5es pela mudan\u00e7a no contrato com o governo. Esses recursos ser\u00e3o depositados em uma conta da concession\u00e1ria e alimentar\u00e3o outros [&hellip;]\" \/>\n<meta property=\"og:url\" content=\"https:\/\/agenciainfra.com\/blog\/mrs-tcu-aprova-conta-privada-para-deposito-mas-vai-avaliar-instrumento\/\" \/>\n<meta property=\"og:site_name\" content=\"Ag\u00eancia iNFRA\" \/>\n<meta property=\"article:publisher\" content=\"https:\/\/www.facebook.com\/ageninfra\" \/>\n<meta property=\"article:published_time\" content=\"2025-09-19T11:00:00+00:00\" \/>\n<meta property=\"article:modified_time\" content=\"2025-09-22T15:20:14+00:00\" \/>\n<meta property=\"og:image\" content=\"https:\/\/agenciainfra.com\/blog\/wp-content\/uploads\/2022\/06\/trem-da-MRS-Logistica-foto-MRS-2.jpg\" \/>\n\t<meta property=\"og:image:width\" content=\"1300\" \/>\n\t<meta property=\"og:image:height\" content=\"866\" \/>\n\t<meta property=\"og:image:type\" content=\"image\/jpeg\" \/>\n<meta name=\"author\" content=\"Ag\u00eancia iNFRA\" \/>\n<meta name=\"twitter:card\" content=\"summary_large_image\" \/>\n<meta name=\"twitter:creator\" content=\"@agencia_infra\" \/>\n<meta name=\"twitter:site\" content=\"@agencia_infra\" \/>\n<meta name=\"twitter:label1\" content=\"Escrito por\" \/>\n\t<meta name=\"twitter:data1\" content=\"Ag\u00eancia iNFRA\" \/>\n\t<meta name=\"twitter:label2\" content=\"Est. tempo de leitura\" \/>\n\t<meta name=\"twitter:data2\" content=\"7 minutos\" \/>\n<script type=\"application\/ld+json\" class=\"yoast-schema-graph\">{\"@context\":\"https:\/\/schema.org\",\"@graph\":[{\"@type\":\"Article\",\"@id\":\"https:\/\/agenciainfra.com\/blog\/mrs-tcu-aprova-conta-privada-para-deposito-mas-vai-avaliar-instrumento\/#article\",\"isPartOf\":{\"@id\":\"https:\/\/agenciainfra.com\/blog\/mrs-tcu-aprova-conta-privada-para-deposito-mas-vai-avaliar-instrumento\/\"},\"author\":{\"name\":\"Ag\u00eancia iNFRA\",\"@id\":\"https:\/\/agenciainfra.com\/blog\/#\/schema\/person\/34af08dff6adea4cb22b06612ba7acfa\"},\"headline\":\"MRS: TCU aprova conta privada para dep\u00f3sito, mas vai avaliar instrumento\",\"datePublished\":\"2025-09-19T11:00:00+00:00\",\"dateModified\":\"2025-09-22T15:20:14+00:00\",\"mainEntityOfPage\":{\"@id\":\"https:\/\/agenciainfra.com\/blog\/mrs-tcu-aprova-conta-privada-para-deposito-mas-vai-avaliar-instrumento\/\"},\"wordCount\":1405,\"publisher\":{\"@id\":\"https:\/\/agenciainfra.com\/blog\/#organization\"},\"image\":{\"@id\":\"https:\/\/agenciainfra.com\/blog\/mrs-tcu-aprova-conta-privada-para-deposito-mas-vai-avaliar-instrumento\/#primaryimage\"},\"thumbnailUrl\":\"https:\/\/agenciainfra.com\/blog\/wp-content\/uploads\/2022\/06\/trem-da-MRS-Logistica-foto-MRS-2.jpg\",\"keywords\":[\"Ag\u00eancia iNFRA\",\"Amanda Pupo\",\"conta vinculada\",\"contrato de ferrovia\",\"Ferrovias\",\"investimento cruzado\",\"Malha Sudeste\",\"MRS\",\"repactua\u00e7\u00e3o da mrs\",\"repactua\u00e7\u00e3o de contratos\",\"SecexConsenso\",\"TCU\"],\"articleSection\":[\"Destaque lista\",\"Geral\",\"iNFRATransporte\"],\"inLanguage\":\"pt-BR\",\"copyrightYear\":\"2025\",\"copyrightHolder\":{\"@id\":\"https:\/\/agenciainfra.com\/blog\/#organization\"}},{\"@type\":\"WebPage\",\"@id\":\"https:\/\/agenciainfra.com\/blog\/mrs-tcu-aprova-conta-privada-para-deposito-mas-vai-avaliar-instrumento\/\",\"url\":\"https:\/\/agenciainfra.com\/blog\/mrs-tcu-aprova-conta-privada-para-deposito-mas-vai-avaliar-instrumento\/\",\"name\":\"MRS: TCU aprova conta privada para dep\u00f3sito, mas vai avaliar instrumento - Ag\u00eancia iNFRA\",\"isPartOf\":{\"@id\":\"https:\/\/agenciainfra.com\/blog\/#website\"},\"primaryImageOfPage\":{\"@id\":\"https:\/\/agenciainfra.com\/blog\/mrs-tcu-aprova-conta-privada-para-deposito-mas-vai-avaliar-instrumento\/#primaryimage\"},\"image\":{\"@id\":\"https:\/\/agenciainfra.com\/blog\/mrs-tcu-aprova-conta-privada-para-deposito-mas-vai-avaliar-instrumento\/#primaryimage\"},\"thumbnailUrl\":\"https:\/\/agenciainfra.com\/blog\/wp-content\/uploads\/2022\/06\/trem-da-MRS-Logistica-foto-MRS-2.jpg\",\"datePublished\":\"2025-09-19T11:00:00+00:00\",\"dateModified\":\"2025-09-22T15:20:14+00:00\",\"breadcrumb\":{\"@id\":\"https:\/\/agenciainfra.com\/blog\/mrs-tcu-aprova-conta-privada-para-deposito-mas-vai-avaliar-instrumento\/#breadcrumb\"},\"inLanguage\":\"pt-BR\",\"potentialAction\":[{\"@type\":\"ReadAction\",\"target\":[\"https:\/\/agenciainfra.com\/blog\/mrs-tcu-aprova-conta-privada-para-deposito-mas-vai-avaliar-instrumento\/\"]}]},{\"@type\":\"ImageObject\",\"inLanguage\":\"pt-BR\",\"@id\":\"https:\/\/agenciainfra.com\/blog\/mrs-tcu-aprova-conta-privada-para-deposito-mas-vai-avaliar-instrumento\/#primaryimage\",\"url\":\"https:\/\/agenciainfra.com\/blog\/wp-content\/uploads\/2022\/06\/trem-da-MRS-Logistica-foto-MRS-2.jpg\",\"contentUrl\":\"https:\/\/agenciainfra.com\/blog\/wp-content\/uploads\/2022\/06\/trem-da-MRS-Logistica-foto-MRS-2.jpg\",\"width\":1300,\"height\":866,\"caption\":\"Foto: MRS\"},{\"@type\":\"BreadcrumbList\",\"@id\":\"https:\/\/agenciainfra.com\/blog\/mrs-tcu-aprova-conta-privada-para-deposito-mas-vai-avaliar-instrumento\/#breadcrumb\",\"itemListElement\":[{\"@type\":\"ListItem\",\"position\":1,\"name\":\"In\u00edcio\",\"item\":\"https:\/\/agenciainfra.com\/blog\/\"},{\"@type\":\"ListItem\",\"position\":2,\"name\":\"MRS: TCU aprova conta privada para dep\u00f3sito, mas vai avaliar instrumento\"}]},{\"@type\":\"WebSite\",\"@id\":\"https:\/\/agenciainfra.com\/blog\/#website\",\"url\":\"https:\/\/agenciainfra.com\/blog\/\",\"name\":\"Ag\u00eancia iNFRA\",\"description\":\"Multiplataforma de informa\u00e7\u00e3o jornal\u00edstica refer\u00eancia na \u00e1rea de infraestrutura no Brasil!\",\"publisher\":{\"@id\":\"https:\/\/agenciainfra.com\/blog\/#organization\"},\"potentialAction\":[{\"@type\":\"SearchAction\",\"target\":{\"@type\":\"EntryPoint\",\"urlTemplate\":\"https:\/\/agenciainfra.com\/blog\/?s={search_term_string}\"},\"query-input\":{\"@type\":\"PropertyValueSpecification\",\"valueRequired\":true,\"valueName\":\"search_term_string\"}}],\"inLanguage\":\"pt-BR\"},{\"@type\":\"Organization\",\"@id\":\"https:\/\/agenciainfra.com\/blog\/#organization\",\"name\":\"Ag\u00eancia iNFRA\",\"url\":\"https:\/\/agenciainfra.com\/blog\/\",\"logo\":{\"@type\":\"ImageObject\",\"inLanguage\":\"pt-BR\",\"@id\":\"https:\/\/agenciainfra.com\/blog\/#\/schema\/logo\/image\/\",\"url\":\"https:\/\/agenciainfra.com\/blog\/wp-content\/uploads\/2023\/09\/iNFRA_5-e1761735885940.png\",\"contentUrl\":\"https:\/\/agenciainfra.com\/blog\/wp-content\/uploads\/2023\/09\/iNFRA_5-e1761735885940.png\",\"width\":1672,\"height\":454,\"caption\":\"Ag\u00eancia iNFRA\"},\"image\":{\"@id\":\"https:\/\/agenciainfra.com\/blog\/#\/schema\/logo\/image\/\"},\"sameAs\":[\"https:\/\/www.facebook.com\/ageninfra\",\"https:\/\/x.com\/agencia_infra\",\"https:\/\/www.linkedin.com\/company\/ag\u00eanciainfra\/\",\"https:\/\/www.instagram.com\/agenciainfra\/\"]},{\"@type\":\"Person\",\"@id\":\"https:\/\/agenciainfra.com\/blog\/#\/schema\/person\/34af08dff6adea4cb22b06612ba7acfa\",\"name\":\"Ag\u00eancia iNFRA\",\"image\":{\"@type\":\"ImageObject\",\"inLanguage\":\"pt-BR\",\"@id\":\"https:\/\/agenciainfra.com\/blog\/#\/schema\/person\/image\/\",\"url\":\"https:\/\/secure.gravatar.com\/avatar\/d189e01678f06d8eb84d4e01f08eb848b3fffe3f8443818d3c356c66892f5be8?s=96&d=mm&r=g\",\"contentUrl\":\"https:\/\/secure.gravatar.com\/avatar\/d189e01678f06d8eb84d4e01f08eb848b3fffe3f8443818d3c356c66892f5be8?s=96&d=mm&r=g\",\"caption\":\"Ag\u00eancia iNFRA\"},\"url\":\"https:\/\/agenciainfra.com\/blog\/author\/admin\/\"}]}<\/script>\n<!-- \/ Yoast SEO Premium plugin. -->","yoast_head_json":{"title":"MRS: TCU aprova conta privada para dep\u00f3sito, mas vai avaliar instrumento - Ag\u00eancia iNFRA","robots":{"index":"index","follow":"follow","max-snippet":"max-snippet:-1","max-image-preview":"max-image-preview:large","max-video-preview":"max-video-preview:-1"},"canonical":"https:\/\/agenciainfra.com\/blog\/mrs-tcu-aprova-conta-privada-para-deposito-mas-vai-avaliar-instrumento\/","og_locale":"pt_BR","og_type":"article","og_title":"MRS: TCU aprova conta privada para dep\u00f3sito, mas vai avaliar instrumento","og_description":"Amanda Pupo, da Ag\u00eancia iNFRA O TCU (Tribunal de Contas da Uni\u00e3o) deu aval na \u00faltima quarta-feira (17) \u00e0\u00a0repactua\u00e7\u00e3o da concess\u00e3o da Malha Sudeste, operada pela MRS, que ter\u00e1 de pagar cerca de R$ 2,8 bilh\u00f5es pela mudan\u00e7a no contrato com o governo. Esses recursos ser\u00e3o depositados em uma conta da concession\u00e1ria e alimentar\u00e3o outros [&hellip;]","og_url":"https:\/\/agenciainfra.com\/blog\/mrs-tcu-aprova-conta-privada-para-deposito-mas-vai-avaliar-instrumento\/","og_site_name":"Ag\u00eancia iNFRA","article_publisher":"https:\/\/www.facebook.com\/ageninfra","article_published_time":"2025-09-19T11:00:00+00:00","article_modified_time":"2025-09-22T15:20:14+00:00","og_image":[{"width":1300,"height":866,"url":"https:\/\/agenciainfra.com\/blog\/wp-content\/uploads\/2022\/06\/trem-da-MRS-Logistica-foto-MRS-2.jpg","type":"image\/jpeg"}],"author":"Ag\u00eancia iNFRA","twitter_card":"summary_large_image","twitter_creator":"@agencia_infra","twitter_site":"@agencia_infra","twitter_misc":{"Escrito por":"Ag\u00eancia iNFRA","Est. tempo de leitura":"7 minutos"},"schema":{"@context":"https:\/\/schema.org","@graph":[{"@type":"Article","@id":"https:\/\/agenciainfra.com\/blog\/mrs-tcu-aprova-conta-privada-para-deposito-mas-vai-avaliar-instrumento\/#article","isPartOf":{"@id":"https:\/\/agenciainfra.com\/blog\/mrs-tcu-aprova-conta-privada-para-deposito-mas-vai-avaliar-instrumento\/"},"author":{"name":"Ag\u00eancia iNFRA","@id":"https:\/\/agenciainfra.com\/blog\/#\/schema\/person\/34af08dff6adea4cb22b06612ba7acfa"},"headline":"MRS: TCU aprova conta privada para dep\u00f3sito, mas vai avaliar instrumento","datePublished":"2025-09-19T11:00:00+00:00","dateModified":"2025-09-22T15:20:14+00:00","mainEntityOfPage":{"@id":"https:\/\/agenciainfra.com\/blog\/mrs-tcu-aprova-conta-privada-para-deposito-mas-vai-avaliar-instrumento\/"},"wordCount":1405,"publisher":{"@id":"https:\/\/agenciainfra.com\/blog\/#organization"},"image":{"@id":"https:\/\/agenciainfra.com\/blog\/mrs-tcu-aprova-conta-privada-para-deposito-mas-vai-avaliar-instrumento\/#primaryimage"},"thumbnailUrl":"https:\/\/agenciainfra.com\/blog\/wp-content\/uploads\/2022\/06\/trem-da-MRS-Logistica-foto-MRS-2.jpg","keywords":["Ag\u00eancia iNFRA","Amanda Pupo","conta vinculada","contrato de ferrovia","Ferrovias","investimento cruzado","Malha Sudeste","MRS","repactua\u00e7\u00e3o da mrs","repactua\u00e7\u00e3o de contratos","SecexConsenso","TCU"],"articleSection":["Destaque lista","Geral","iNFRATransporte"],"inLanguage":"pt-BR","copyrightYear":"2025","copyrightHolder":{"@id":"https:\/\/agenciainfra.com\/blog\/#organization"}},{"@type":"WebPage","@id":"https:\/\/agenciainfra.com\/blog\/mrs-tcu-aprova-conta-privada-para-deposito-mas-vai-avaliar-instrumento\/","url":"https:\/\/agenciainfra.com\/blog\/mrs-tcu-aprova-conta-privada-para-deposito-mas-vai-avaliar-instrumento\/","name":"MRS: TCU aprova conta privada para dep\u00f3sito, mas vai avaliar instrumento - Ag\u00eancia iNFRA","isPartOf":{"@id":"https:\/\/agenciainfra.com\/blog\/#website"},"primaryImageOfPage":{"@id":"https:\/\/agenciainfra.com\/blog\/mrs-tcu-aprova-conta-privada-para-deposito-mas-vai-avaliar-instrumento\/#primaryimage"},"image":{"@id":"https:\/\/agenciainfra.com\/blog\/mrs-tcu-aprova-conta-privada-para-deposito-mas-vai-avaliar-instrumento\/#primaryimage"},"thumbnailUrl":"https:\/\/agenciainfra.com\/blog\/wp-content\/uploads\/2022\/06\/trem-da-MRS-Logistica-foto-MRS-2.jpg","datePublished":"2025-09-19T11:00:00+00:00","dateModified":"2025-09-22T15:20:14+00:00","breadcrumb":{"@id":"https:\/\/agenciainfra.com\/blog\/mrs-tcu-aprova-conta-privada-para-deposito-mas-vai-avaliar-instrumento\/#breadcrumb"},"inLanguage":"pt-BR","potentialAction":[{"@type":"ReadAction","target":["https:\/\/agenciainfra.com\/blog\/mrs-tcu-aprova-conta-privada-para-deposito-mas-vai-avaliar-instrumento\/"]}]},{"@type":"ImageObject","inLanguage":"pt-BR","@id":"https:\/\/agenciainfra.com\/blog\/mrs-tcu-aprova-conta-privada-para-deposito-mas-vai-avaliar-instrumento\/#primaryimage","url":"https:\/\/agenciainfra.com\/blog\/wp-content\/uploads\/2022\/06\/trem-da-MRS-Logistica-foto-MRS-2.jpg","contentUrl":"https:\/\/agenciainfra.com\/blog\/wp-content\/uploads\/2022\/06\/trem-da-MRS-Logistica-foto-MRS-2.jpg","width":1300,"height":866,"caption":"Foto: MRS"},{"@type":"BreadcrumbList","@id":"https:\/\/agenciainfra.com\/blog\/mrs-tcu-aprova-conta-privada-para-deposito-mas-vai-avaliar-instrumento\/#breadcrumb","itemListElement":[{"@type":"ListItem","position":1,"name":"In\u00edcio","item":"https:\/\/agenciainfra.com\/blog\/"},{"@type":"ListItem","position":2,"name":"MRS: TCU aprova conta privada para dep\u00f3sito, mas vai avaliar instrumento"}]},{"@type":"WebSite","@id":"https:\/\/agenciainfra.com\/blog\/#website","url":"https:\/\/agenciainfra.com\/blog\/","name":"Ag\u00eancia iNFRA","description":"Multiplataforma de informa\u00e7\u00e3o jornal\u00edstica refer\u00eancia na \u00e1rea de infraestrutura no Brasil!","publisher":{"@id":"https:\/\/agenciainfra.com\/blog\/#organization"},"potentialAction":[{"@type":"SearchAction","target":{"@type":"EntryPoint","urlTemplate":"https:\/\/agenciainfra.com\/blog\/?s={search_term_string}"},"query-input":{"@type":"PropertyValueSpecification","valueRequired":true,"valueName":"search_term_string"}}],"inLanguage":"pt-BR"},{"@type":"Organization","@id":"https:\/\/agenciainfra.com\/blog\/#organization","name":"Ag\u00eancia iNFRA","url":"https:\/\/agenciainfra.com\/blog\/","logo":{"@type":"ImageObject","inLanguage":"pt-BR","@id":"https:\/\/agenciainfra.com\/blog\/#\/schema\/logo\/image\/","url":"https:\/\/agenciainfra.com\/blog\/wp-content\/uploads\/2023\/09\/iNFRA_5-e1761735885940.png","contentUrl":"https:\/\/agenciainfra.com\/blog\/wp-content\/uploads\/2023\/09\/iNFRA_5-e1761735885940.png","width":1672,"height":454,"caption":"Ag\u00eancia iNFRA"},"image":{"@id":"https:\/\/agenciainfra.com\/blog\/#\/schema\/logo\/image\/"},"sameAs":["https:\/\/www.facebook.com\/ageninfra","https:\/\/x.com\/agencia_infra","https:\/\/www.linkedin.com\/company\/ag\u00eanciainfra\/","https:\/\/www.instagram.com\/agenciainfra\/"]},{"@type":"Person","@id":"https:\/\/agenciainfra.com\/blog\/#\/schema\/person\/34af08dff6adea4cb22b06612ba7acfa","name":"Ag\u00eancia iNFRA","image":{"@type":"ImageObject","inLanguage":"pt-BR","@id":"https:\/\/agenciainfra.com\/blog\/#\/schema\/person\/image\/","url":"https:\/\/secure.gravatar.com\/avatar\/d189e01678f06d8eb84d4e01f08eb848b3fffe3f8443818d3c356c66892f5be8?s=96&d=mm&r=g","contentUrl":"https:\/\/secure.gravatar.com\/avatar\/d189e01678f06d8eb84d4e01f08eb848b3fffe3f8443818d3c356c66892f5be8?s=96&d=mm&r=g","caption":"Ag\u00eancia iNFRA"},"url":"https:\/\/agenciainfra.com\/blog\/author\/admin\/"}]}},"_links":{"self":[{"href":"https:\/\/agenciainfra.com\/blog\/wp-json\/wp\/v2\/posts\/28052","targetHints":{"allow":["GET"]}}],"collection":[{"href":"https:\/\/agenciainfra.com\/blog\/wp-json\/wp\/v2\/posts"}],"about":[{"href":"https:\/\/agenciainfra.com\/blog\/wp-json\/wp\/v2\/types\/post"}],"author":[{"embeddable":true,"href":"https:\/\/agenciainfra.com\/blog\/wp-json\/wp\/v2\/users\/1"}],"replies":[{"embeddable":true,"href":"https:\/\/agenciainfra.com\/blog\/wp-json\/wp\/v2\/comments?post=28052"}],"version-history":[{"count":1,"href":"https:\/\/agenciainfra.com\/blog\/wp-json\/wp\/v2\/posts\/28052\/revisions"}],"predecessor-version":[{"id":28053,"href":"https:\/\/agenciainfra.com\/blog\/wp-json\/wp\/v2\/posts\/28052\/revisions\/28053"}],"wp:featuredmedia":[{"embeddable":true,"href":"https:\/\/agenciainfra.com\/blog\/wp-json\/wp\/v2\/media\/10544"}],"wp:attachment":[{"href":"https:\/\/agenciainfra.com\/blog\/wp-json\/wp\/v2\/media?parent=28052"}],"wp:term":[{"taxonomy":"category","embeddable":true,"href":"https:\/\/agenciainfra.com\/blog\/wp-json\/wp\/v2\/categories?post=28052"},{"taxonomy":"post_tag","embeddable":true,"href":"https:\/\/agenciainfra.com\/blog\/wp-json\/wp\/v2\/tags?post=28052"}],"curies":[{"name":"wp","href":"https:\/\/api.w.org\/{rel}","templated":true}]}}