{"id":28074,"date":"2025-09-18T13:24:22","date_gmt":"2025-09-18T16:24:22","guid":{"rendered":"https:\/\/agenciainfra.com\/blog\/?p=28074"},"modified":"2025-09-18T13:24:24","modified_gmt":"2025-09-18T16:24:24","slug":"recursos-da-anac-e-da-antaq-estao-garantidos-diz-ministro","status":"publish","type":"post","link":"https:\/\/agenciainfra.com\/blog\/recursos-da-anac-e-da-antaq-estao-garantidos-diz-ministro\/","title":{"rendered":"Recursos da ANAC e da ANTAQ est\u00e3o garantidos, diz ministro"},"content":{"rendered":"\n<p class=\"has-text-align-right\"><strong>da Ag\u00eancia iNFRA<\/strong><\/p>\n\n\n\n<p>O ministro de Portos e Aeroportos, Silvio Costa Filho, afirmou, nesta quarta-feira (17), que os recursos da ANAC (Ag\u00eancia Nacional de Avia\u00e7\u00e3o Civil) e da ANTAQ (Ag\u00eancia Nacional de Transportes Aquavi\u00e1rios) est\u00e3o garantidos no or\u00e7amento. De acordo com a pasta, Costa Filho disse que conversou com Simone Tebet, ministra do Planejamento e Or\u00e7amento, para que os recursos fossem preservados.<\/p>\n\n\n\n<p>A declara\u00e7\u00e3o foi feita ap\u00f3s a cerim\u00f4nia de posse dos novos integrantes da diretoria colegiada da ANAC. Tiago Faierstein foi empossado como diretor-presidente, e Rui Mesquita e Antonio Mathias tomaram posse como diretores. Na ocasi\u00e3o, o ministro defendeu tamb\u00e9m que os setores de portos e aeroportos precisam de seguran\u00e7a jur\u00eddica e regula\u00e7\u00e3o, &#8220;que funcionem de maneira objetiva&#8221;, para dar seguran\u00e7a aos investidores.<\/p>\n\n\n\n<p>Na posse, o novo diretor-presidente da ANAC, Tiago Faierstein, disse que trabalhar\u00e1 junto com o minist\u00e9rio na constru\u00e7\u00e3o de pol\u00edticas p\u00fablicas para o setor. Em seu discurso, afirmou que este momento \u00e9 &#8220;hist\u00f3rico e \u00fanico&#8221; para o desenvolvimento e crescimento do setor. &#8220;Aproveitem esse alinhamento agora com a ANAC para que possamos realmente desenvolver a avia\u00e7\u00e3o civil e o setor de infraestrutura.&#8221;<\/p>\n","protected":false},"excerpt":{"rendered":"<p>da Ag\u00eancia iNFRA O ministro de Portos e Aeroportos, Silvio Costa Filho, afirmou, nesta quarta-feira (17), que os recursos da ANAC (Ag\u00eancia Nacional de Avia\u00e7\u00e3o Civil) e da ANTAQ (Ag\u00eancia Nacional de Transportes Aquavi\u00e1rios) est\u00e3o garantidos no or\u00e7amento. De acordo com a pasta, Costa Filho disse que conversou com Simone Tebet, ministra do Planejamento e [&hellip;]<\/p>\n","protected":false},"author":1,"featured_media":28078,"comment_status":"closed","ping_status":"closed","sticky":false,"template":"","format":"standard","meta":{"_monsterinsights_skip_tracking":false,"_monsterinsights_sitenote_active":false,"_monsterinsights_sitenote_note":"","_monsterinsights_sitenote_category":0,"footnotes":""},"categories":[1,13576],"tags":[46,242,86,6257,167,7467,12029],"class_list":["post-28074","post","type-post","status-publish","format-standard","has-post-thumbnail","hentry","category-geral","category-giro-infra","tag-agencias-reguladoras","tag-anac","tag-antaq","tag-ministerio-de-portos-e-aeroportos","tag-orcamento","tag-silvio-costa-filho","tag-tiago-faierstein"],"yoast_head":"<!-- This site is optimized with the Yoast SEO Premium plugin v25.4 (Yoast SEO v26.0) - https:\/\/yoast.com\/wordpress\/plugins\/seo\/ -->\n<title>Recursos da ANAC e da ANTAQ est\u00e3o garantidos, diz ministro - Ag\u00eancia iNFRA<\/title>\n<meta name=\"robots\" content=\"index, follow, max-snippet:-1, max-image-preview:large, max-video-preview:-1\" \/>\n<link rel=\"canonical\" href=\"https:\/\/agenciainfra.com\/blog\/recursos-da-anac-e-da-antaq-estao-garantidos-diz-ministro\/\" \/>\n<meta property=\"og:locale\" content=\"pt_BR\" \/>\n<meta property=\"og:type\" content=\"article\" \/>\n<meta property=\"og:title\" content=\"Recursos da ANAC e da ANTAQ est\u00e3o garantidos, diz ministro\" \/>\n<meta property=\"og:description\" content=\"da Ag\u00eancia iNFRA O ministro de Portos e Aeroportos, Silvio Costa Filho, afirmou, nesta quarta-feira (17), que os recursos da ANAC (Ag\u00eancia Nacional de Avia\u00e7\u00e3o Civil) e da ANTAQ (Ag\u00eancia Nacional de Transportes Aquavi\u00e1rios) est\u00e3o garantidos no or\u00e7amento. De acordo com a pasta, Costa Filho disse que conversou com Simone Tebet, ministra do Planejamento e [&hellip;]\" \/>\n<meta property=\"og:url\" content=\"https:\/\/agenciainfra.com\/blog\/recursos-da-anac-e-da-antaq-estao-garantidos-diz-ministro\/\" \/>\n<meta property=\"og:site_name\" content=\"Ag\u00eancia iNFRA\" \/>\n<meta property=\"article:publisher\" content=\"https:\/\/www.facebook.com\/ageninfra\" \/>\n<meta property=\"article:published_time\" content=\"2025-09-18T16:24:22+00:00\" \/>\n<meta property=\"article:modified_time\" content=\"2025-09-18T16:24:24+00:00\" \/>\n<meta property=\"og:image\" content=\"https:\/\/agenciainfra.com\/blog\/wp-content\/uploads\/2025\/09\/posse-anac-foto-jonilton-lima-ministerio-de-portos-e-aeroportos.jpg\" \/>\n\t<meta property=\"og:image:width\" content=\"1280\" \/>\n\t<meta property=\"og:image:height\" content=\"853\" \/>\n\t<meta property=\"og:image:type\" content=\"image\/jpeg\" \/>\n<meta name=\"author\" content=\"Ag\u00eancia iNFRA\" \/>\n<meta name=\"twitter:card\" content=\"summary_large_image\" \/>\n<meta name=\"twitter:creator\" content=\"@agencia_infra\" \/>\n<meta name=\"twitter:site\" content=\"@agencia_infra\" \/>\n<meta name=\"twitter:label1\" content=\"Escrito por\" \/>\n\t<meta name=\"twitter:data1\" content=\"Ag\u00eancia iNFRA\" \/>\n\t<meta name=\"twitter:label2\" content=\"Est. tempo de leitura\" \/>\n\t<meta name=\"twitter:data2\" content=\"1 minuto\" \/>\n<script type=\"application\/ld+json\" class=\"yoast-schema-graph\">{\"@context\":\"https:\/\/schema.org\",\"@graph\":[{\"@type\":\"Article\",\"@id\":\"https:\/\/agenciainfra.com\/blog\/recursos-da-anac-e-da-antaq-estao-garantidos-diz-ministro\/#article\",\"isPartOf\":{\"@id\":\"https:\/\/agenciainfra.com\/blog\/recursos-da-anac-e-da-antaq-estao-garantidos-diz-ministro\/\"},\"author\":{\"name\":\"Ag\u00eancia iNFRA\",\"@id\":\"https:\/\/agenciainfra.com\/blog\/#\/schema\/person\/34af08dff6adea4cb22b06612ba7acfa\"},\"headline\":\"Recursos da ANAC e da ANTAQ est\u00e3o garantidos, diz ministro\",\"datePublished\":\"2025-09-18T16:24:22+00:00\",\"dateModified\":\"2025-09-18T16:24:24+00:00\",\"mainEntityOfPage\":{\"@id\":\"https:\/\/agenciainfra.com\/blog\/recursos-da-anac-e-da-antaq-estao-garantidos-diz-ministro\/\"},\"wordCount\":218,\"publisher\":{\"@id\":\"https:\/\/agenciainfra.com\/blog\/#organization\"},\"image\":{\"@id\":\"https:\/\/agenciainfra.com\/blog\/recursos-da-anac-e-da-antaq-estao-garantidos-diz-ministro\/#primaryimage\"},\"thumbnailUrl\":\"https:\/\/agenciainfra.com\/blog\/wp-content\/uploads\/2025\/09\/posse-anac-foto-jonilton-lima-ministerio-de-portos-e-aeroportos.jpg\",\"keywords\":[\"Ag\u00eancias Reguladoras\",\"ANAC\",\"ANTAQ\",\"Minist\u00e9rio de Portos e Aeroportos\",\"Or\u00e7amento\",\"Silvio Costa Filho\",\"Tiago Faierstein\"],\"articleSection\":[\"Geral\",\"Giro iNFRA\"],\"inLanguage\":\"pt-BR\",\"copyrightYear\":\"2025\",\"copyrightHolder\":{\"@id\":\"https:\/\/agenciainfra.com\/blog\/#organization\"}},{\"@type\":\"WebPage\",\"@id\":\"https:\/\/agenciainfra.com\/blog\/recursos-da-anac-e-da-antaq-estao-garantidos-diz-ministro\/\",\"url\":\"https:\/\/agenciainfra.com\/blog\/recursos-da-anac-e-da-antaq-estao-garantidos-diz-ministro\/\",\"name\":\"Recursos da ANAC e da ANTAQ est\u00e3o garantidos, diz ministro - Ag\u00eancia iNFRA\",\"isPartOf\":{\"@id\":\"https:\/\/agenciainfra.com\/blog\/#website\"},\"primaryImageOfPage\":{\"@id\":\"https:\/\/agenciainfra.com\/blog\/recursos-da-anac-e-da-antaq-estao-garantidos-diz-ministro\/#primaryimage\"},\"image\":{\"@id\":\"https:\/\/agenciainfra.com\/blog\/recursos-da-anac-e-da-antaq-estao-garantidos-diz-ministro\/#primaryimage\"},\"thumbnailUrl\":\"https:\/\/agenciainfra.com\/blog\/wp-content\/uploads\/2025\/09\/posse-anac-foto-jonilton-lima-ministerio-de-portos-e-aeroportos.jpg\",\"datePublished\":\"2025-09-18T16:24:22+00:00\",\"dateModified\":\"2025-09-18T16:24:24+00:00\",\"breadcrumb\":{\"@id\":\"https:\/\/agenciainfra.com\/blog\/recursos-da-anac-e-da-antaq-estao-garantidos-diz-ministro\/#breadcrumb\"},\"inLanguage\":\"pt-BR\",\"potentialAction\":[{\"@type\":\"ReadAction\",\"target\":[\"https:\/\/agenciainfra.com\/blog\/recursos-da-anac-e-da-antaq-estao-garantidos-diz-ministro\/\"]}]},{\"@type\":\"ImageObject\",\"inLanguage\":\"pt-BR\",\"@id\":\"https:\/\/agenciainfra.com\/blog\/recursos-da-anac-e-da-antaq-estao-garantidos-diz-ministro\/#primaryimage\",\"url\":\"https:\/\/agenciainfra.com\/blog\/wp-content\/uploads\/2025\/09\/posse-anac-foto-jonilton-lima-ministerio-de-portos-e-aeroportos.jpg\",\"contentUrl\":\"https:\/\/agenciainfra.com\/blog\/wp-content\/uploads\/2025\/09\/posse-anac-foto-jonilton-lima-ministerio-de-portos-e-aeroportos.jpg\",\"width\":1280,\"height\":853,\"caption\":\"Foto: Jonilton Lima\/Minist\u00e9rio de Portos e Aeroportos\"},{\"@type\":\"BreadcrumbList\",\"@id\":\"https:\/\/agenciainfra.com\/blog\/recursos-da-anac-e-da-antaq-estao-garantidos-diz-ministro\/#breadcrumb\",\"itemListElement\":[{\"@type\":\"ListItem\",\"position\":1,\"name\":\"In\u00edcio\",\"item\":\"https:\/\/agenciainfra.com\/blog\/\"},{\"@type\":\"ListItem\",\"position\":2,\"name\":\"Recursos da ANAC e da ANTAQ est\u00e3o garantidos, diz ministro\"}]},{\"@type\":\"WebSite\",\"@id\":\"https:\/\/agenciainfra.com\/blog\/#website\",\"url\":\"https:\/\/agenciainfra.com\/blog\/\",\"name\":\"Ag\u00eancia iNFRA\",\"description\":\"Multiplataforma de informa\u00e7\u00e3o jornal\u00edstica refer\u00eancia na \u00e1rea de infraestrutura no Brasil!\",\"publisher\":{\"@id\":\"https:\/\/agenciainfra.com\/blog\/#organization\"},\"potentialAction\":[{\"@type\":\"SearchAction\",\"target\":{\"@type\":\"EntryPoint\",\"urlTemplate\":\"https:\/\/agenciainfra.com\/blog\/?s={search_term_string}\"},\"query-input\":{\"@type\":\"PropertyValueSpecification\",\"valueRequired\":true,\"valueName\":\"search_term_string\"}}],\"inLanguage\":\"pt-BR\"},{\"@type\":\"Organization\",\"@id\":\"https:\/\/agenciainfra.com\/blog\/#organization\",\"name\":\"Ag\u00eancia iNFRA\",\"url\":\"https:\/\/agenciainfra.com\/blog\/\",\"logo\":{\"@type\":\"ImageObject\",\"inLanguage\":\"pt-BR\",\"@id\":\"https:\/\/agenciainfra.com\/blog\/#\/schema\/logo\/image\/\",\"url\":\"https:\/\/agenciainfra.com\/blog\/wp-content\/uploads\/2023\/09\/iNFRA_5-e1761735885940.png\",\"contentUrl\":\"https:\/\/agenciainfra.com\/blog\/wp-content\/uploads\/2023\/09\/iNFRA_5-e1761735885940.png\",\"width\":1672,\"height\":454,\"caption\":\"Ag\u00eancia iNFRA\"},\"image\":{\"@id\":\"https:\/\/agenciainfra.com\/blog\/#\/schema\/logo\/image\/\"},\"sameAs\":[\"https:\/\/www.facebook.com\/ageninfra\",\"https:\/\/x.com\/agencia_infra\",\"https:\/\/www.linkedin.com\/company\/ag\u00eanciainfra\/\",\"https:\/\/www.instagram.com\/agenciainfra\/\"]},{\"@type\":\"Person\",\"@id\":\"https:\/\/agenciainfra.com\/blog\/#\/schema\/person\/34af08dff6adea4cb22b06612ba7acfa\",\"name\":\"Ag\u00eancia iNFRA\",\"image\":{\"@type\":\"ImageObject\",\"inLanguage\":\"pt-BR\",\"@id\":\"https:\/\/agenciainfra.com\/blog\/#\/schema\/person\/image\/\",\"url\":\"https:\/\/secure.gravatar.com\/avatar\/d189e01678f06d8eb84d4e01f08eb848b3fffe3f8443818d3c356c66892f5be8?s=96&d=mm&r=g\",\"contentUrl\":\"https:\/\/secure.gravatar.com\/avatar\/d189e01678f06d8eb84d4e01f08eb848b3fffe3f8443818d3c356c66892f5be8?s=96&d=mm&r=g\",\"caption\":\"Ag\u00eancia iNFRA\"},\"url\":\"https:\/\/agenciainfra.com\/blog\/author\/admin\/\"}]}<\/script>\n<!-- \/ Yoast SEO Premium plugin. -->","yoast_head_json":{"title":"Recursos da ANAC e da ANTAQ est\u00e3o garantidos, diz ministro - Ag\u00eancia iNFRA","robots":{"index":"index","follow":"follow","max-snippet":"max-snippet:-1","max-image-preview":"max-image-preview:large","max-video-preview":"max-video-preview:-1"},"canonical":"https:\/\/agenciainfra.com\/blog\/recursos-da-anac-e-da-antaq-estao-garantidos-diz-ministro\/","og_locale":"pt_BR","og_type":"article","og_title":"Recursos da ANAC e da ANTAQ est\u00e3o garantidos, diz ministro","og_description":"da Ag\u00eancia iNFRA O ministro de Portos e Aeroportos, Silvio Costa Filho, afirmou, nesta quarta-feira (17), que os recursos da ANAC (Ag\u00eancia Nacional de Avia\u00e7\u00e3o Civil) e da ANTAQ (Ag\u00eancia Nacional de Transportes Aquavi\u00e1rios) est\u00e3o garantidos no or\u00e7amento. De acordo com a pasta, Costa Filho disse que conversou com Simone Tebet, ministra do Planejamento e [&hellip;]","og_url":"https:\/\/agenciainfra.com\/blog\/recursos-da-anac-e-da-antaq-estao-garantidos-diz-ministro\/","og_site_name":"Ag\u00eancia iNFRA","article_publisher":"https:\/\/www.facebook.com\/ageninfra","article_published_time":"2025-09-18T16:24:22+00:00","article_modified_time":"2025-09-18T16:24:24+00:00","og_image":[{"width":1280,"height":853,"url":"https:\/\/agenciainfra.com\/blog\/wp-content\/uploads\/2025\/09\/posse-anac-foto-jonilton-lima-ministerio-de-portos-e-aeroportos.jpg","type":"image\/jpeg"}],"author":"Ag\u00eancia iNFRA","twitter_card":"summary_large_image","twitter_creator":"@agencia_infra","twitter_site":"@agencia_infra","twitter_misc":{"Escrito por":"Ag\u00eancia iNFRA","Est. tempo de leitura":"1 minuto"},"schema":{"@context":"https:\/\/schema.org","@graph":[{"@type":"Article","@id":"https:\/\/agenciainfra.com\/blog\/recursos-da-anac-e-da-antaq-estao-garantidos-diz-ministro\/#article","isPartOf":{"@id":"https:\/\/agenciainfra.com\/blog\/recursos-da-anac-e-da-antaq-estao-garantidos-diz-ministro\/"},"author":{"name":"Ag\u00eancia iNFRA","@id":"https:\/\/agenciainfra.com\/blog\/#\/schema\/person\/34af08dff6adea4cb22b06612ba7acfa"},"headline":"Recursos da ANAC e da ANTAQ est\u00e3o garantidos, diz ministro","datePublished":"2025-09-18T16:24:22+00:00","dateModified":"2025-09-18T16:24:24+00:00","mainEntityOfPage":{"@id":"https:\/\/agenciainfra.com\/blog\/recursos-da-anac-e-da-antaq-estao-garantidos-diz-ministro\/"},"wordCount":218,"publisher":{"@id":"https:\/\/agenciainfra.com\/blog\/#organization"},"image":{"@id":"https:\/\/agenciainfra.com\/blog\/recursos-da-anac-e-da-antaq-estao-garantidos-diz-ministro\/#primaryimage"},"thumbnailUrl":"https:\/\/agenciainfra.com\/blog\/wp-content\/uploads\/2025\/09\/posse-anac-foto-jonilton-lima-ministerio-de-portos-e-aeroportos.jpg","keywords":["Ag\u00eancias Reguladoras","ANAC","ANTAQ","Minist\u00e9rio de Portos e Aeroportos","Or\u00e7amento","Silvio Costa Filho","Tiago Faierstein"],"articleSection":["Geral","Giro iNFRA"],"inLanguage":"pt-BR","copyrightYear":"2025","copyrightHolder":{"@id":"https:\/\/agenciainfra.com\/blog\/#organization"}},{"@type":"WebPage","@id":"https:\/\/agenciainfra.com\/blog\/recursos-da-anac-e-da-antaq-estao-garantidos-diz-ministro\/","url":"https:\/\/agenciainfra.com\/blog\/recursos-da-anac-e-da-antaq-estao-garantidos-diz-ministro\/","name":"Recursos da ANAC e da ANTAQ est\u00e3o garantidos, diz ministro - Ag\u00eancia iNFRA","isPartOf":{"@id":"https:\/\/agenciainfra.com\/blog\/#website"},"primaryImageOfPage":{"@id":"https:\/\/agenciainfra.com\/blog\/recursos-da-anac-e-da-antaq-estao-garantidos-diz-ministro\/#primaryimage"},"image":{"@id":"https:\/\/agenciainfra.com\/blog\/recursos-da-anac-e-da-antaq-estao-garantidos-diz-ministro\/#primaryimage"},"thumbnailUrl":"https:\/\/agenciainfra.com\/blog\/wp-content\/uploads\/2025\/09\/posse-anac-foto-jonilton-lima-ministerio-de-portos-e-aeroportos.jpg","datePublished":"2025-09-18T16:24:22+00:00","dateModified":"2025-09-18T16:24:24+00:00","breadcrumb":{"@id":"https:\/\/agenciainfra.com\/blog\/recursos-da-anac-e-da-antaq-estao-garantidos-diz-ministro\/#breadcrumb"},"inLanguage":"pt-BR","potentialAction":[{"@type":"ReadAction","target":["https:\/\/agenciainfra.com\/blog\/recursos-da-anac-e-da-antaq-estao-garantidos-diz-ministro\/"]}]},{"@type":"ImageObject","inLanguage":"pt-BR","@id":"https:\/\/agenciainfra.com\/blog\/recursos-da-anac-e-da-antaq-estao-garantidos-diz-ministro\/#primaryimage","url":"https:\/\/agenciainfra.com\/blog\/wp-content\/uploads\/2025\/09\/posse-anac-foto-jonilton-lima-ministerio-de-portos-e-aeroportos.jpg","contentUrl":"https:\/\/agenciainfra.com\/blog\/wp-content\/uploads\/2025\/09\/posse-anac-foto-jonilton-lima-ministerio-de-portos-e-aeroportos.jpg","width":1280,"height":853,"caption":"Foto: Jonilton Lima\/Minist\u00e9rio de Portos e Aeroportos"},{"@type":"BreadcrumbList","@id":"https:\/\/agenciainfra.com\/blog\/recursos-da-anac-e-da-antaq-estao-garantidos-diz-ministro\/#breadcrumb","itemListElement":[{"@type":"ListItem","position":1,"name":"In\u00edcio","item":"https:\/\/agenciainfra.com\/blog\/"},{"@type":"ListItem","position":2,"name":"Recursos da ANAC e da ANTAQ est\u00e3o garantidos, diz ministro"}]},{"@type":"WebSite","@id":"https:\/\/agenciainfra.com\/blog\/#website","url":"https:\/\/agenciainfra.com\/blog\/","name":"Ag\u00eancia iNFRA","description":"Multiplataforma de informa\u00e7\u00e3o jornal\u00edstica refer\u00eancia na \u00e1rea de infraestrutura no Brasil!","publisher":{"@id":"https:\/\/agenciainfra.com\/blog\/#organization"},"potentialAction":[{"@type":"SearchAction","target":{"@type":"EntryPoint","urlTemplate":"https:\/\/agenciainfra.com\/blog\/?s={search_term_string}"},"query-input":{"@type":"PropertyValueSpecification","valueRequired":true,"valueName":"search_term_string"}}],"inLanguage":"pt-BR"},{"@type":"Organization","@id":"https:\/\/agenciainfra.com\/blog\/#organization","name":"Ag\u00eancia iNFRA","url":"https:\/\/agenciainfra.com\/blog\/","logo":{"@type":"ImageObject","inLanguage":"pt-BR","@id":"https:\/\/agenciainfra.com\/blog\/#\/schema\/logo\/image\/","url":"https:\/\/agenciainfra.com\/blog\/wp-content\/uploads\/2023\/09\/iNFRA_5-e1761735885940.png","contentUrl":"https:\/\/agenciainfra.com\/blog\/wp-content\/uploads\/2023\/09\/iNFRA_5-e1761735885940.png","width":1672,"height":454,"caption":"Ag\u00eancia iNFRA"},"image":{"@id":"https:\/\/agenciainfra.com\/blog\/#\/schema\/logo\/image\/"},"sameAs":["https:\/\/www.facebook.com\/ageninfra","https:\/\/x.com\/agencia_infra","https:\/\/www.linkedin.com\/company\/ag\u00eanciainfra\/","https:\/\/www.instagram.com\/agenciainfra\/"]},{"@type":"Person","@id":"https:\/\/agenciainfra.com\/blog\/#\/schema\/person\/34af08dff6adea4cb22b06612ba7acfa","name":"Ag\u00eancia iNFRA","image":{"@type":"ImageObject","inLanguage":"pt-BR","@id":"https:\/\/agenciainfra.com\/blog\/#\/schema\/person\/image\/","url":"https:\/\/secure.gravatar.com\/avatar\/d189e01678f06d8eb84d4e01f08eb848b3fffe3f8443818d3c356c66892f5be8?s=96&d=mm&r=g","contentUrl":"https:\/\/secure.gravatar.com\/avatar\/d189e01678f06d8eb84d4e01f08eb848b3fffe3f8443818d3c356c66892f5be8?s=96&d=mm&r=g","caption":"Ag\u00eancia iNFRA"},"url":"https:\/\/agenciainfra.com\/blog\/author\/admin\/"}]}},"_links":{"self":[{"href":"https:\/\/agenciainfra.com\/blog\/wp-json\/wp\/v2\/posts\/28074","targetHints":{"allow":["GET"]}}],"collection":[{"href":"https:\/\/agenciainfra.com\/blog\/wp-json\/wp\/v2\/posts"}],"about":[{"href":"https:\/\/agenciainfra.com\/blog\/wp-json\/wp\/v2\/types\/post"}],"author":[{"embeddable":true,"href":"https:\/\/agenciainfra.com\/blog\/wp-json\/wp\/v2\/users\/1"}],"replies":[{"embeddable":true,"href":"https:\/\/agenciainfra.com\/blog\/wp-json\/wp\/v2\/comments?post=28074"}],"version-history":[{"count":1,"href":"https:\/\/agenciainfra.com\/blog\/wp-json\/wp\/v2\/posts\/28074\/revisions"}],"predecessor-version":[{"id":28079,"href":"https:\/\/agenciainfra.com\/blog\/wp-json\/wp\/v2\/posts\/28074\/revisions\/28079"}],"wp:featuredmedia":[{"embeddable":true,"href":"https:\/\/agenciainfra.com\/blog\/wp-json\/wp\/v2\/media\/28078"}],"wp:attachment":[{"href":"https:\/\/agenciainfra.com\/blog\/wp-json\/wp\/v2\/media?parent=28074"}],"wp:term":[{"taxonomy":"category","embeddable":true,"href":"https:\/\/agenciainfra.com\/blog\/wp-json\/wp\/v2\/categories?post=28074"},{"taxonomy":"post_tag","embeddable":true,"href":"https:\/\/agenciainfra.com\/blog\/wp-json\/wp\/v2\/tags?post=28074"}],"curies":[{"name":"wp","href":"https:\/\/api.w.org\/{rel}","templated":true}]}}