{"id":28081,"date":"2025-09-18T14:57:35","date_gmt":"2025-09-18T17:57:35","guid":{"rendered":"https:\/\/agenciainfra.com\/blog\/?p=28081"},"modified":"2025-09-19T09:08:03","modified_gmt":"2025-09-19T12:08:03","slug":"consorcio-rota-da-liberdade-vence-leilao-do-lote-ouro-preto-mariana","status":"publish","type":"post","link":"https:\/\/agenciainfra.com\/blog\/consorcio-rota-da-liberdade-vence-leilao-do-lote-ouro-preto-mariana\/","title":{"rendered":"Cons\u00f3rcio Rota da Liberdade vence leil\u00e3o do lote Ouro Preto-Mariana"},"content":{"rendered":"\n<p class=\"has-text-align-right\"><strong>Mar\u00edlia Sena, da Ag\u00eancia iNFRA<\/strong><\/p>\n\n\n\n<p>O cons\u00f3rcio Rota da Liberdade venceu, nesta quinta-feira (18), o leil\u00e3o da PPP (Parceria P\u00fablico-Privada) Via Liberdade, realizado na sede da B3, em S\u00e3o Paulo. A menor contrapresta\u00e7\u00e3o p\u00fablica ofertada foi de R$ 1.702.476.148,74, contra R$ 1.961.070.918,22 apresentada pela Houer Concess\u00f5es, no certame promovido pelo governo de Minas Gerais. O des\u00e1gio da vencedora foi de 13,20%, ante 0,02% da concorrente.&nbsp;<\/p>\n\n\n\n<p>O lote abrange a BR-356, delegada pelo governo federal, al\u00e9m das rodovias MG-329 e MG-262. De acordo com o governo de Minas Gerais, a PPP possibilitar\u00e1 a duplica\u00e7\u00e3o integral da BR-356 e promover\u00e1 melhorias no trecho que conecta a MG-329, em Rio Casca, passando pela MG-262 e BR-356, at\u00e9 a BR-040, em Nova Lima.<\/p>\n\n\n\n<p><\/p>\n","protected":false},"excerpt":{"rendered":"<p>Mar\u00edlia Sena, da Ag\u00eancia iNFRA O cons\u00f3rcio Rota da Liberdade venceu, nesta quinta-feira (18), o leil\u00e3o da PPP (Parceria P\u00fablico-Privada) Via Liberdade, realizado na sede da B3, em S\u00e3o Paulo. A menor contrapresta\u00e7\u00e3o p\u00fablica ofertada foi de R$ 1.702.476.148,74, contra R$ 1.961.070.918,22 apresentada pela Houer Concess\u00f5es, no certame promovido pelo governo de Minas Gerais. O [&hellip;]<\/p>\n","protected":false},"author":1,"featured_media":7059,"comment_status":"closed","ping_status":"closed","sticky":false,"template":"","format":"standard","meta":{"_monsterinsights_skip_tracking":false,"_monsterinsights_sitenote_active":false,"_monsterinsights_sitenote_note":"","_monsterinsights_sitenote_category":0,"footnotes":""},"categories":[7250,1,7],"tags":[4822,4996,4044,10318,12585,11654,15450,15449,15373,15448],"class_list":["post-28081","post","type-post","status-publish","format-standard","has-post-thumbnail","hentry","category-destaque-lista","category-geral","category-infratransporte","tag-b3","tag-br-356","tag-desagio","tag-leilao-rodoviario","tag-lote-ouro-preto-mariana","tag-marilia-sena","tag-mg-262","tag-mg-329","tag-ppp-via-liberdade","tag-rota-da-liberdade"],"yoast_head":"<!-- This site is optimized with the Yoast SEO Premium plugin v25.4 (Yoast SEO v26.0) - https:\/\/yoast.com\/wordpress\/plugins\/seo\/ -->\n<title>Cons\u00f3rcio Rota da Liberdade vence leil\u00e3o do lote Ouro Preto-Mariana - Ag\u00eancia iNFRA<\/title>\n<meta name=\"robots\" content=\"index, follow, max-snippet:-1, max-image-preview:large, max-video-preview:-1\" \/>\n<link rel=\"canonical\" href=\"https:\/\/agenciainfra.com\/blog\/consorcio-rota-da-liberdade-vence-leilao-do-lote-ouro-preto-mariana\/\" \/>\n<meta property=\"og:locale\" content=\"pt_BR\" \/>\n<meta property=\"og:type\" content=\"article\" \/>\n<meta property=\"og:title\" content=\"Cons\u00f3rcio Rota da Liberdade vence leil\u00e3o do lote Ouro Preto-Mariana\" \/>\n<meta property=\"og:description\" content=\"Mar\u00edlia Sena, da Ag\u00eancia iNFRA O cons\u00f3rcio Rota da Liberdade venceu, nesta quinta-feira (18), o leil\u00e3o da PPP (Parceria P\u00fablico-Privada) Via Liberdade, realizado na sede da B3, em S\u00e3o Paulo. A menor contrapresta\u00e7\u00e3o p\u00fablica ofertada foi de R$ 1.702.476.148,74, contra R$ 1.961.070.918,22 apresentada pela Houer Concess\u00f5es, no certame promovido pelo governo de Minas Gerais. O [&hellip;]\" \/>\n<meta property=\"og:url\" content=\"https:\/\/agenciainfra.com\/blog\/consorcio-rota-da-liberdade-vence-leilao-do-lote-ouro-preto-mariana\/\" \/>\n<meta property=\"og:site_name\" content=\"Ag\u00eancia iNFRA\" \/>\n<meta property=\"article:publisher\" content=\"https:\/\/www.facebook.com\/ageninfra\" \/>\n<meta property=\"article:published_time\" content=\"2025-09-18T17:57:35+00:00\" \/>\n<meta property=\"article:modified_time\" content=\"2025-09-19T12:08:03+00:00\" \/>\n<meta property=\"og:image\" content=\"https:\/\/agenciainfra.com\/blog\/wp-content\/uploads\/2021\/04\/leilao-b3-foto-ricardo-botelho-minfra.jpeg\" \/>\n\t<meta property=\"og:image:width\" content=\"1280\" \/>\n\t<meta property=\"og:image:height\" content=\"854\" \/>\n\t<meta property=\"og:image:type\" content=\"image\/jpeg\" \/>\n<meta name=\"author\" content=\"Ag\u00eancia iNFRA\" \/>\n<meta name=\"twitter:card\" content=\"summary_large_image\" \/>\n<meta name=\"twitter:creator\" content=\"@agencia_infra\" \/>\n<meta name=\"twitter:site\" content=\"@agencia_infra\" \/>\n<meta name=\"twitter:label1\" content=\"Escrito por\" \/>\n\t<meta name=\"twitter:data1\" content=\"Ag\u00eancia iNFRA\" \/>\n\t<meta name=\"twitter:label2\" content=\"Est. tempo de leitura\" \/>\n\t<meta name=\"twitter:data2\" content=\"1 minuto\" \/>\n<script type=\"application\/ld+json\" class=\"yoast-schema-graph\">{\"@context\":\"https:\/\/schema.org\",\"@graph\":[{\"@type\":\"Article\",\"@id\":\"https:\/\/agenciainfra.com\/blog\/consorcio-rota-da-liberdade-vence-leilao-do-lote-ouro-preto-mariana\/#article\",\"isPartOf\":{\"@id\":\"https:\/\/agenciainfra.com\/blog\/consorcio-rota-da-liberdade-vence-leilao-do-lote-ouro-preto-mariana\/\"},\"author\":{\"name\":\"Ag\u00eancia iNFRA\",\"@id\":\"https:\/\/agenciainfra.com\/blog\/#\/schema\/person\/34af08dff6adea4cb22b06612ba7acfa\"},\"headline\":\"Cons\u00f3rcio Rota da Liberdade vence leil\u00e3o do lote Ouro Preto-Mariana\",\"datePublished\":\"2025-09-18T17:57:35+00:00\",\"dateModified\":\"2025-09-19T12:08:03+00:00\",\"mainEntityOfPage\":{\"@id\":\"https:\/\/agenciainfra.com\/blog\/consorcio-rota-da-liberdade-vence-leilao-do-lote-ouro-preto-mariana\/\"},\"wordCount\":139,\"publisher\":{\"@id\":\"https:\/\/agenciainfra.com\/blog\/#organization\"},\"image\":{\"@id\":\"https:\/\/agenciainfra.com\/blog\/consorcio-rota-da-liberdade-vence-leilao-do-lote-ouro-preto-mariana\/#primaryimage\"},\"thumbnailUrl\":\"https:\/\/agenciainfra.com\/blog\/wp-content\/uploads\/2021\/04\/leilao-b3-foto-ricardo-botelho-minfra.jpeg\",\"keywords\":[\"B3\",\"BR-356\",\"des\u00e1gio\",\"leil\u00e3o rodovi\u00e1rio\",\"Lote Ouro Preto-Mariana\",\"Mar\u00edlia Sena\",\"MG-262\",\"MG-329\",\"PPP Via Liberdade\",\"Rota da Liberdade\"],\"articleSection\":[\"Destaque lista\",\"Geral\",\"iNFRATransporte\"],\"inLanguage\":\"pt-BR\",\"copyrightYear\":\"2025\",\"copyrightHolder\":{\"@id\":\"https:\/\/agenciainfra.com\/blog\/#organization\"}},{\"@type\":\"WebPage\",\"@id\":\"https:\/\/agenciainfra.com\/blog\/consorcio-rota-da-liberdade-vence-leilao-do-lote-ouro-preto-mariana\/\",\"url\":\"https:\/\/agenciainfra.com\/blog\/consorcio-rota-da-liberdade-vence-leilao-do-lote-ouro-preto-mariana\/\",\"name\":\"Cons\u00f3rcio Rota da Liberdade vence leil\u00e3o do lote Ouro Preto-Mariana - Ag\u00eancia iNFRA\",\"isPartOf\":{\"@id\":\"https:\/\/agenciainfra.com\/blog\/#website\"},\"primaryImageOfPage\":{\"@id\":\"https:\/\/agenciainfra.com\/blog\/consorcio-rota-da-liberdade-vence-leilao-do-lote-ouro-preto-mariana\/#primaryimage\"},\"image\":{\"@id\":\"https:\/\/agenciainfra.com\/blog\/consorcio-rota-da-liberdade-vence-leilao-do-lote-ouro-preto-mariana\/#primaryimage\"},\"thumbnailUrl\":\"https:\/\/agenciainfra.com\/blog\/wp-content\/uploads\/2021\/04\/leilao-b3-foto-ricardo-botelho-minfra.jpeg\",\"datePublished\":\"2025-09-18T17:57:35+00:00\",\"dateModified\":\"2025-09-19T12:08:03+00:00\",\"breadcrumb\":{\"@id\":\"https:\/\/agenciainfra.com\/blog\/consorcio-rota-da-liberdade-vence-leilao-do-lote-ouro-preto-mariana\/#breadcrumb\"},\"inLanguage\":\"pt-BR\",\"potentialAction\":[{\"@type\":\"ReadAction\",\"target\":[\"https:\/\/agenciainfra.com\/blog\/consorcio-rota-da-liberdade-vence-leilao-do-lote-ouro-preto-mariana\/\"]}]},{\"@type\":\"ImageObject\",\"inLanguage\":\"pt-BR\",\"@id\":\"https:\/\/agenciainfra.com\/blog\/consorcio-rota-da-liberdade-vence-leilao-do-lote-ouro-preto-mariana\/#primaryimage\",\"url\":\"https:\/\/agenciainfra.com\/blog\/wp-content\/uploads\/2021\/04\/leilao-b3-foto-ricardo-botelho-minfra.jpeg\",\"contentUrl\":\"https:\/\/agenciainfra.com\/blog\/wp-content\/uploads\/2021\/04\/leilao-b3-foto-ricardo-botelho-minfra.jpeg\",\"width\":1280,\"height\":854,\"caption\":\"Foto: Ricardo Botelho\/Minfra\"},{\"@type\":\"BreadcrumbList\",\"@id\":\"https:\/\/agenciainfra.com\/blog\/consorcio-rota-da-liberdade-vence-leilao-do-lote-ouro-preto-mariana\/#breadcrumb\",\"itemListElement\":[{\"@type\":\"ListItem\",\"position\":1,\"name\":\"In\u00edcio\",\"item\":\"https:\/\/agenciainfra.com\/blog\/\"},{\"@type\":\"ListItem\",\"position\":2,\"name\":\"Cons\u00f3rcio Rota da Liberdade vence leil\u00e3o do lote Ouro Preto-Mariana\"}]},{\"@type\":\"WebSite\",\"@id\":\"https:\/\/agenciainfra.com\/blog\/#website\",\"url\":\"https:\/\/agenciainfra.com\/blog\/\",\"name\":\"Ag\u00eancia iNFRA\",\"description\":\"Multiplataforma de informa\u00e7\u00e3o jornal\u00edstica refer\u00eancia na \u00e1rea de infraestrutura no Brasil!\",\"publisher\":{\"@id\":\"https:\/\/agenciainfra.com\/blog\/#organization\"},\"potentialAction\":[{\"@type\":\"SearchAction\",\"target\":{\"@type\":\"EntryPoint\",\"urlTemplate\":\"https:\/\/agenciainfra.com\/blog\/?s={search_term_string}\"},\"query-input\":{\"@type\":\"PropertyValueSpecification\",\"valueRequired\":true,\"valueName\":\"search_term_string\"}}],\"inLanguage\":\"pt-BR\"},{\"@type\":\"Organization\",\"@id\":\"https:\/\/agenciainfra.com\/blog\/#organization\",\"name\":\"Ag\u00eancia iNFRA\",\"url\":\"https:\/\/agenciainfra.com\/blog\/\",\"logo\":{\"@type\":\"ImageObject\",\"inLanguage\":\"pt-BR\",\"@id\":\"https:\/\/agenciainfra.com\/blog\/#\/schema\/logo\/image\/\",\"url\":\"https:\/\/agenciainfra.com\/blog\/wp-content\/uploads\/2023\/09\/iNFRA_5-e1761735885940.png\",\"contentUrl\":\"https:\/\/agenciainfra.com\/blog\/wp-content\/uploads\/2023\/09\/iNFRA_5-e1761735885940.png\",\"width\":1672,\"height\":454,\"caption\":\"Ag\u00eancia iNFRA\"},\"image\":{\"@id\":\"https:\/\/agenciainfra.com\/blog\/#\/schema\/logo\/image\/\"},\"sameAs\":[\"https:\/\/www.facebook.com\/ageninfra\",\"https:\/\/x.com\/agencia_infra\",\"https:\/\/www.linkedin.com\/company\/ag\u00eanciainfra\/\",\"https:\/\/www.instagram.com\/agenciainfra\/\"]},{\"@type\":\"Person\",\"@id\":\"https:\/\/agenciainfra.com\/blog\/#\/schema\/person\/34af08dff6adea4cb22b06612ba7acfa\",\"name\":\"Ag\u00eancia iNFRA\",\"image\":{\"@type\":\"ImageObject\",\"inLanguage\":\"pt-BR\",\"@id\":\"https:\/\/agenciainfra.com\/blog\/#\/schema\/person\/image\/\",\"url\":\"https:\/\/secure.gravatar.com\/avatar\/d189e01678f06d8eb84d4e01f08eb848b3fffe3f8443818d3c356c66892f5be8?s=96&d=mm&r=g\",\"contentUrl\":\"https:\/\/secure.gravatar.com\/avatar\/d189e01678f06d8eb84d4e01f08eb848b3fffe3f8443818d3c356c66892f5be8?s=96&d=mm&r=g\",\"caption\":\"Ag\u00eancia iNFRA\"},\"url\":\"https:\/\/agenciainfra.com\/blog\/author\/admin\/\"}]}<\/script>\n<!-- \/ Yoast SEO Premium plugin. -->","yoast_head_json":{"title":"Cons\u00f3rcio Rota da Liberdade vence leil\u00e3o do lote Ouro Preto-Mariana - Ag\u00eancia iNFRA","robots":{"index":"index","follow":"follow","max-snippet":"max-snippet:-1","max-image-preview":"max-image-preview:large","max-video-preview":"max-video-preview:-1"},"canonical":"https:\/\/agenciainfra.com\/blog\/consorcio-rota-da-liberdade-vence-leilao-do-lote-ouro-preto-mariana\/","og_locale":"pt_BR","og_type":"article","og_title":"Cons\u00f3rcio Rota da Liberdade vence leil\u00e3o do lote Ouro Preto-Mariana","og_description":"Mar\u00edlia Sena, da Ag\u00eancia iNFRA O cons\u00f3rcio Rota da Liberdade venceu, nesta quinta-feira (18), o leil\u00e3o da PPP (Parceria P\u00fablico-Privada) Via Liberdade, realizado na sede da B3, em S\u00e3o Paulo. A menor contrapresta\u00e7\u00e3o p\u00fablica ofertada foi de R$ 1.702.476.148,74, contra R$ 1.961.070.918,22 apresentada pela Houer Concess\u00f5es, no certame promovido pelo governo de Minas Gerais. O [&hellip;]","og_url":"https:\/\/agenciainfra.com\/blog\/consorcio-rota-da-liberdade-vence-leilao-do-lote-ouro-preto-mariana\/","og_site_name":"Ag\u00eancia iNFRA","article_publisher":"https:\/\/www.facebook.com\/ageninfra","article_published_time":"2025-09-18T17:57:35+00:00","article_modified_time":"2025-09-19T12:08:03+00:00","og_image":[{"width":1280,"height":854,"url":"https:\/\/agenciainfra.com\/blog\/wp-content\/uploads\/2021\/04\/leilao-b3-foto-ricardo-botelho-minfra.jpeg","type":"image\/jpeg"}],"author":"Ag\u00eancia iNFRA","twitter_card":"summary_large_image","twitter_creator":"@agencia_infra","twitter_site":"@agencia_infra","twitter_misc":{"Escrito por":"Ag\u00eancia iNFRA","Est. tempo de leitura":"1 minuto"},"schema":{"@context":"https:\/\/schema.org","@graph":[{"@type":"Article","@id":"https:\/\/agenciainfra.com\/blog\/consorcio-rota-da-liberdade-vence-leilao-do-lote-ouro-preto-mariana\/#article","isPartOf":{"@id":"https:\/\/agenciainfra.com\/blog\/consorcio-rota-da-liberdade-vence-leilao-do-lote-ouro-preto-mariana\/"},"author":{"name":"Ag\u00eancia iNFRA","@id":"https:\/\/agenciainfra.com\/blog\/#\/schema\/person\/34af08dff6adea4cb22b06612ba7acfa"},"headline":"Cons\u00f3rcio Rota da Liberdade vence leil\u00e3o do lote Ouro Preto-Mariana","datePublished":"2025-09-18T17:57:35+00:00","dateModified":"2025-09-19T12:08:03+00:00","mainEntityOfPage":{"@id":"https:\/\/agenciainfra.com\/blog\/consorcio-rota-da-liberdade-vence-leilao-do-lote-ouro-preto-mariana\/"},"wordCount":139,"publisher":{"@id":"https:\/\/agenciainfra.com\/blog\/#organization"},"image":{"@id":"https:\/\/agenciainfra.com\/blog\/consorcio-rota-da-liberdade-vence-leilao-do-lote-ouro-preto-mariana\/#primaryimage"},"thumbnailUrl":"https:\/\/agenciainfra.com\/blog\/wp-content\/uploads\/2021\/04\/leilao-b3-foto-ricardo-botelho-minfra.jpeg","keywords":["B3","BR-356","des\u00e1gio","leil\u00e3o rodovi\u00e1rio","Lote Ouro Preto-Mariana","Mar\u00edlia Sena","MG-262","MG-329","PPP Via Liberdade","Rota da Liberdade"],"articleSection":["Destaque lista","Geral","iNFRATransporte"],"inLanguage":"pt-BR","copyrightYear":"2025","copyrightHolder":{"@id":"https:\/\/agenciainfra.com\/blog\/#organization"}},{"@type":"WebPage","@id":"https:\/\/agenciainfra.com\/blog\/consorcio-rota-da-liberdade-vence-leilao-do-lote-ouro-preto-mariana\/","url":"https:\/\/agenciainfra.com\/blog\/consorcio-rota-da-liberdade-vence-leilao-do-lote-ouro-preto-mariana\/","name":"Cons\u00f3rcio Rota da Liberdade vence leil\u00e3o do lote Ouro Preto-Mariana - Ag\u00eancia iNFRA","isPartOf":{"@id":"https:\/\/agenciainfra.com\/blog\/#website"},"primaryImageOfPage":{"@id":"https:\/\/agenciainfra.com\/blog\/consorcio-rota-da-liberdade-vence-leilao-do-lote-ouro-preto-mariana\/#primaryimage"},"image":{"@id":"https:\/\/agenciainfra.com\/blog\/consorcio-rota-da-liberdade-vence-leilao-do-lote-ouro-preto-mariana\/#primaryimage"},"thumbnailUrl":"https:\/\/agenciainfra.com\/blog\/wp-content\/uploads\/2021\/04\/leilao-b3-foto-ricardo-botelho-minfra.jpeg","datePublished":"2025-09-18T17:57:35+00:00","dateModified":"2025-09-19T12:08:03+00:00","breadcrumb":{"@id":"https:\/\/agenciainfra.com\/blog\/consorcio-rota-da-liberdade-vence-leilao-do-lote-ouro-preto-mariana\/#breadcrumb"},"inLanguage":"pt-BR","potentialAction":[{"@type":"ReadAction","target":["https:\/\/agenciainfra.com\/blog\/consorcio-rota-da-liberdade-vence-leilao-do-lote-ouro-preto-mariana\/"]}]},{"@type":"ImageObject","inLanguage":"pt-BR","@id":"https:\/\/agenciainfra.com\/blog\/consorcio-rota-da-liberdade-vence-leilao-do-lote-ouro-preto-mariana\/#primaryimage","url":"https:\/\/agenciainfra.com\/blog\/wp-content\/uploads\/2021\/04\/leilao-b3-foto-ricardo-botelho-minfra.jpeg","contentUrl":"https:\/\/agenciainfra.com\/blog\/wp-content\/uploads\/2021\/04\/leilao-b3-foto-ricardo-botelho-minfra.jpeg","width":1280,"height":854,"caption":"Foto: Ricardo Botelho\/Minfra"},{"@type":"BreadcrumbList","@id":"https:\/\/agenciainfra.com\/blog\/consorcio-rota-da-liberdade-vence-leilao-do-lote-ouro-preto-mariana\/#breadcrumb","itemListElement":[{"@type":"ListItem","position":1,"name":"In\u00edcio","item":"https:\/\/agenciainfra.com\/blog\/"},{"@type":"ListItem","position":2,"name":"Cons\u00f3rcio Rota da Liberdade vence leil\u00e3o do lote Ouro Preto-Mariana"}]},{"@type":"WebSite","@id":"https:\/\/agenciainfra.com\/blog\/#website","url":"https:\/\/agenciainfra.com\/blog\/","name":"Ag\u00eancia iNFRA","description":"Multiplataforma de informa\u00e7\u00e3o jornal\u00edstica refer\u00eancia na \u00e1rea de infraestrutura no Brasil!","publisher":{"@id":"https:\/\/agenciainfra.com\/blog\/#organization"},"potentialAction":[{"@type":"SearchAction","target":{"@type":"EntryPoint","urlTemplate":"https:\/\/agenciainfra.com\/blog\/?s={search_term_string}"},"query-input":{"@type":"PropertyValueSpecification","valueRequired":true,"valueName":"search_term_string"}}],"inLanguage":"pt-BR"},{"@type":"Organization","@id":"https:\/\/agenciainfra.com\/blog\/#organization","name":"Ag\u00eancia iNFRA","url":"https:\/\/agenciainfra.com\/blog\/","logo":{"@type":"ImageObject","inLanguage":"pt-BR","@id":"https:\/\/agenciainfra.com\/blog\/#\/schema\/logo\/image\/","url":"https:\/\/agenciainfra.com\/blog\/wp-content\/uploads\/2023\/09\/iNFRA_5-e1761735885940.png","contentUrl":"https:\/\/agenciainfra.com\/blog\/wp-content\/uploads\/2023\/09\/iNFRA_5-e1761735885940.png","width":1672,"height":454,"caption":"Ag\u00eancia iNFRA"},"image":{"@id":"https:\/\/agenciainfra.com\/blog\/#\/schema\/logo\/image\/"},"sameAs":["https:\/\/www.facebook.com\/ageninfra","https:\/\/x.com\/agencia_infra","https:\/\/www.linkedin.com\/company\/ag\u00eanciainfra\/","https:\/\/www.instagram.com\/agenciainfra\/"]},{"@type":"Person","@id":"https:\/\/agenciainfra.com\/blog\/#\/schema\/person\/34af08dff6adea4cb22b06612ba7acfa","name":"Ag\u00eancia iNFRA","image":{"@type":"ImageObject","inLanguage":"pt-BR","@id":"https:\/\/agenciainfra.com\/blog\/#\/schema\/person\/image\/","url":"https:\/\/secure.gravatar.com\/avatar\/d189e01678f06d8eb84d4e01f08eb848b3fffe3f8443818d3c356c66892f5be8?s=96&d=mm&r=g","contentUrl":"https:\/\/secure.gravatar.com\/avatar\/d189e01678f06d8eb84d4e01f08eb848b3fffe3f8443818d3c356c66892f5be8?s=96&d=mm&r=g","caption":"Ag\u00eancia iNFRA"},"url":"https:\/\/agenciainfra.com\/blog\/author\/admin\/"}]}},"_links":{"self":[{"href":"https:\/\/agenciainfra.com\/blog\/wp-json\/wp\/v2\/posts\/28081","targetHints":{"allow":["GET"]}}],"collection":[{"href":"https:\/\/agenciainfra.com\/blog\/wp-json\/wp\/v2\/posts"}],"about":[{"href":"https:\/\/agenciainfra.com\/blog\/wp-json\/wp\/v2\/types\/post"}],"author":[{"embeddable":true,"href":"https:\/\/agenciainfra.com\/blog\/wp-json\/wp\/v2\/users\/1"}],"replies":[{"embeddable":true,"href":"https:\/\/agenciainfra.com\/blog\/wp-json\/wp\/v2\/comments?post=28081"}],"version-history":[{"count":2,"href":"https:\/\/agenciainfra.com\/blog\/wp-json\/wp\/v2\/posts\/28081\/revisions"}],"predecessor-version":[{"id":28145,"href":"https:\/\/agenciainfra.com\/blog\/wp-json\/wp\/v2\/posts\/28081\/revisions\/28145"}],"wp:featuredmedia":[{"embeddable":true,"href":"https:\/\/agenciainfra.com\/blog\/wp-json\/wp\/v2\/media\/7059"}],"wp:attachment":[{"href":"https:\/\/agenciainfra.com\/blog\/wp-json\/wp\/v2\/media?parent=28081"}],"wp:term":[{"taxonomy":"category","embeddable":true,"href":"https:\/\/agenciainfra.com\/blog\/wp-json\/wp\/v2\/categories?post=28081"},{"taxonomy":"post_tag","embeddable":true,"href":"https:\/\/agenciainfra.com\/blog\/wp-json\/wp\/v2\/tags?post=28081"}],"curies":[{"name":"wp","href":"https:\/\/api.w.org\/{rel}","templated":true}]}}