{"id":28087,"date":"2025-09-18T15:14:52","date_gmt":"2025-09-18T18:14:52","guid":{"rendered":"https:\/\/agenciainfra.com\/blog\/?p=28087"},"modified":"2025-09-19T18:38:50","modified_gmt":"2025-09-19T21:38:50","slug":"chuvas-acima-da-media-na-primavera-devem-recuperar-reservatorios-diz-nottus","status":"publish","type":"post","link":"https:\/\/agenciainfra.com\/blog\/chuvas-acima-da-media-na-primavera-devem-recuperar-reservatorios-diz-nottus\/","title":{"rendered":"Chuvas acima da m\u00e9dia na primavera devem recuperar reservat\u00f3rios, diz Nottus"},"content":{"rendered":"\n<p class=\"has-text-align-right\"><strong>Geraldo Campos Jr., da Ag\u00eancia iNFRA<\/strong><\/p>\n\n\n\n<p>O per\u00edodo \u00famido deve come\u00e7ar sem atrasos em 2025, com a chuva voltando e se intensificando aos poucos pelo pa\u00eds a partir da entrada da primavera na pr\u00f3xima segunda-feira (22). \u00c9 o que indica proje\u00e7\u00e3o da Nottus, empresa de consultoria meteorol\u00f3gica que faz parte do grupo Thymos Energia.<\/p>\n\n\n\n<p>Segundo Desir\u00e9e Brandt, s\u00f3cia-executiva e meteorologista da Nottus, a expectativa \u00e9 de chuvas acima da m\u00e9dia para a esta\u00e7\u00e3o entre setembro e dezembro. Esse cen\u00e1rio, segundo ela, deve permitir uma recupera\u00e7\u00e3o gradativa dos reservat\u00f3rios do sistema el\u00e9trico antes da chegada do ver\u00e3o, quando o consumo de energia costuma se elevar.<\/p>\n\n\n\n<p>\u201cOs modelos apontam uma primavera mais chuvosa que o normal. Ou, no m\u00ednimo, ficando na m\u00e9dia hist\u00f3rica. No in\u00edcio de outubro essa chuva fica mais para o Sul e na segunda quinzena come\u00e7a a subir para as regi\u00f5es Sudeste e Centro-Oeste, chegando mais forte ao Nordeste em novembro. Mas tudo aponta que essa primavera ser\u00e1 mais molhada do que o habitual\u201d, afirmou Desir\u00e9e em entrevista a jornalistas.<\/p>\n\n\n\n<p>Segundo as previs\u00f5es da Nottus, \u00e9 baixa a chance de grandes ondas de calor na primavera, o que eleva o consumo de energia. Por outro lado, ao passo que os reservat\u00f3rios devem se recuperar gradativamente, as gera\u00e7\u00f5es e\u00f3lica e solar tendem a se reduzir naturalmente tamb\u00e9m nos pr\u00f3ximos meses em fun\u00e7\u00e3o das chuvas.<\/p>\n\n\n\n<p>Alexandre Nascimento, s\u00f3cio-diretor e meteorologista da Nottus, explicou que h\u00e1 v\u00e1rias semanas t\u00eam se observado chuvas na bacia Amaz\u00f4nica, o que j\u00e1 t\u00eam ajudado reservat\u00f3rios do Norte. Ele lembra que \u00e9 da regi\u00e3o que v\u00eam a umidade que se espalha para o resto do pa\u00eds, o que deve permitir nos pr\u00f3ximos dias os primeiros epis\u00f3dios de chuva t\u00edpicos do in\u00edcio da primavera nas regi\u00f5es Sudeste e Centro-Oeste.<\/p>\n","protected":false},"excerpt":{"rendered":"<p>Geraldo Campos Jr., da Ag\u00eancia iNFRA O per\u00edodo \u00famido deve come\u00e7ar sem atrasos em 2025, com a chuva voltando e se intensificando aos poucos pelo pa\u00eds a partir da entrada da primavera na pr\u00f3xima segunda-feira (22). \u00c9 o que indica proje\u00e7\u00e3o da Nottus, empresa de consultoria meteorol\u00f3gica que faz parte do grupo Thymos Energia. Segundo [&hellip;]<\/p>\n","protected":false},"author":1,"featured_media":12482,"comment_status":"closed","ping_status":"closed","sticky":false,"template":"","format":"standard","meta":{"_monsterinsights_skip_tracking":false,"_monsterinsights_sitenote_active":false,"_monsterinsights_sitenote_note":"","_monsterinsights_sitenote_category":0,"footnotes":""},"categories":[1],"tags":[742,11594,15452,12232,1819,54,3049,1170],"class_list":["post-28087","post","type-post","status-publish","format-standard","has-post-thumbnail","hentry","category-geral","tag-chuvas","tag-geraldo-campos-jr","tag-nottus","tag-periodo-chuvoso","tag-reservatorios","tag-setor-eletrico","tag-sistema-eletrico","tag-thymos"],"yoast_head":"<!-- This site is optimized with the Yoast SEO Premium plugin v25.4 (Yoast SEO v26.0) - https:\/\/yoast.com\/wordpress\/plugins\/seo\/ -->\n<title>Chuvas acima da m\u00e9dia na primavera devem recuperar reservat\u00f3rios<\/title>\n<meta name=\"robots\" content=\"index, follow, max-snippet:-1, max-image-preview:large, max-video-preview:-1\" \/>\n<link rel=\"canonical\" href=\"https:\/\/agenciainfra.com\/blog\/chuvas-acima-da-media-na-primavera-devem-recuperar-reservatorios-diz-nottus\/\" \/>\n<meta property=\"og:locale\" content=\"pt_BR\" \/>\n<meta property=\"og:type\" content=\"article\" \/>\n<meta property=\"og:title\" content=\"Chuvas acima da m\u00e9dia na primavera devem recuperar reservat\u00f3rios, diz Nottus\" \/>\n<meta property=\"og:description\" content=\"Geraldo Campos Jr., da Ag\u00eancia iNFRA O per\u00edodo \u00famido deve come\u00e7ar sem atrasos em 2025, com a chuva voltando e se intensificando aos poucos pelo pa\u00eds a partir da entrada da primavera na pr\u00f3xima segunda-feira (22). \u00c9 o que indica proje\u00e7\u00e3o da Nottus, empresa de consultoria meteorol\u00f3gica que faz parte do grupo Thymos Energia. Segundo [&hellip;]\" \/>\n<meta property=\"og:url\" content=\"https:\/\/agenciainfra.com\/blog\/chuvas-acima-da-media-na-primavera-devem-recuperar-reservatorios-diz-nottus\/\" \/>\n<meta property=\"og:site_name\" content=\"Ag\u00eancia iNFRA\" \/>\n<meta property=\"article:publisher\" content=\"https:\/\/www.facebook.com\/ageninfra\" \/>\n<meta property=\"article:published_time\" content=\"2025-09-18T18:14:52+00:00\" \/>\n<meta property=\"article:modified_time\" content=\"2025-09-19T21:38:50+00:00\" \/>\n<meta property=\"og:image\" content=\"https:\/\/agenciainfra.com\/blog\/wp-content\/uploads\/2023\/04\/usina-hidreletrica-de-agua-vermelha-foto-aes-brasil.jpg\" \/>\n\t<meta property=\"og:image:width\" content=\"1200\" \/>\n\t<meta property=\"og:image:height\" content=\"800\" \/>\n\t<meta property=\"og:image:type\" content=\"image\/jpeg\" \/>\n<meta name=\"author\" content=\"Ag\u00eancia iNFRA\" \/>\n<meta name=\"twitter:card\" content=\"summary_large_image\" \/>\n<meta name=\"twitter:creator\" content=\"@agencia_infra\" \/>\n<meta name=\"twitter:site\" content=\"@agencia_infra\" \/>\n<meta name=\"twitter:label1\" content=\"Escrito por\" \/>\n\t<meta name=\"twitter:data1\" content=\"Ag\u00eancia iNFRA\" \/>\n\t<meta name=\"twitter:label2\" content=\"Est. tempo de leitura\" \/>\n\t<meta name=\"twitter:data2\" content=\"2 minutos\" \/>\n<script type=\"application\/ld+json\" class=\"yoast-schema-graph\">{\"@context\":\"https:\/\/schema.org\",\"@graph\":[{\"@type\":\"Article\",\"@id\":\"https:\/\/agenciainfra.com\/blog\/chuvas-acima-da-media-na-primavera-devem-recuperar-reservatorios-diz-nottus\/#article\",\"isPartOf\":{\"@id\":\"https:\/\/agenciainfra.com\/blog\/chuvas-acima-da-media-na-primavera-devem-recuperar-reservatorios-diz-nottus\/\"},\"author\":{\"name\":\"Ag\u00eancia iNFRA\",\"@id\":\"https:\/\/agenciainfra.com\/blog\/#\/schema\/person\/34af08dff6adea4cb22b06612ba7acfa\"},\"headline\":\"Chuvas acima da m\u00e9dia na primavera devem recuperar reservat\u00f3rios, diz Nottus\",\"datePublished\":\"2025-09-18T18:14:52+00:00\",\"dateModified\":\"2025-09-19T21:38:50+00:00\",\"mainEntityOfPage\":{\"@id\":\"https:\/\/agenciainfra.com\/blog\/chuvas-acima-da-media-na-primavera-devem-recuperar-reservatorios-diz-nottus\/\"},\"wordCount\":342,\"publisher\":{\"@id\":\"https:\/\/agenciainfra.com\/blog\/#organization\"},\"image\":{\"@id\":\"https:\/\/agenciainfra.com\/blog\/chuvas-acima-da-media-na-primavera-devem-recuperar-reservatorios-diz-nottus\/#primaryimage\"},\"thumbnailUrl\":\"https:\/\/agenciainfra.com\/blog\/wp-content\/uploads\/2023\/04\/usina-hidreletrica-de-agua-vermelha-foto-aes-brasil.jpg\",\"keywords\":[\"chuvas\",\"Geraldo Campos Jr.\",\"Nottus\",\"per\u00edodo chuvoso\",\"reservat\u00f3rios\",\"Setor El\u00e9trico\",\"sistema el\u00e9trico\",\"Thymos\"],\"articleSection\":[\"Geral\"],\"inLanguage\":\"pt-BR\",\"copyrightYear\":\"2025\",\"copyrightHolder\":{\"@id\":\"https:\/\/agenciainfra.com\/blog\/#organization\"}},{\"@type\":\"WebPage\",\"@id\":\"https:\/\/agenciainfra.com\/blog\/chuvas-acima-da-media-na-primavera-devem-recuperar-reservatorios-diz-nottus\/\",\"url\":\"https:\/\/agenciainfra.com\/blog\/chuvas-acima-da-media-na-primavera-devem-recuperar-reservatorios-diz-nottus\/\",\"name\":\"Chuvas acima da m\u00e9dia na primavera devem recuperar reservat\u00f3rios\",\"isPartOf\":{\"@id\":\"https:\/\/agenciainfra.com\/blog\/#website\"},\"primaryImageOfPage\":{\"@id\":\"https:\/\/agenciainfra.com\/blog\/chuvas-acima-da-media-na-primavera-devem-recuperar-reservatorios-diz-nottus\/#primaryimage\"},\"image\":{\"@id\":\"https:\/\/agenciainfra.com\/blog\/chuvas-acima-da-media-na-primavera-devem-recuperar-reservatorios-diz-nottus\/#primaryimage\"},\"thumbnailUrl\":\"https:\/\/agenciainfra.com\/blog\/wp-content\/uploads\/2023\/04\/usina-hidreletrica-de-agua-vermelha-foto-aes-brasil.jpg\",\"datePublished\":\"2025-09-18T18:14:52+00:00\",\"dateModified\":\"2025-09-19T21:38:50+00:00\",\"breadcrumb\":{\"@id\":\"https:\/\/agenciainfra.com\/blog\/chuvas-acima-da-media-na-primavera-devem-recuperar-reservatorios-diz-nottus\/#breadcrumb\"},\"inLanguage\":\"pt-BR\",\"potentialAction\":[{\"@type\":\"ReadAction\",\"target\":[\"https:\/\/agenciainfra.com\/blog\/chuvas-acima-da-media-na-primavera-devem-recuperar-reservatorios-diz-nottus\/\"]}]},{\"@type\":\"ImageObject\",\"inLanguage\":\"pt-BR\",\"@id\":\"https:\/\/agenciainfra.com\/blog\/chuvas-acima-da-media-na-primavera-devem-recuperar-reservatorios-diz-nottus\/#primaryimage\",\"url\":\"https:\/\/agenciainfra.com\/blog\/wp-content\/uploads\/2023\/04\/usina-hidreletrica-de-agua-vermelha-foto-aes-brasil.jpg\",\"contentUrl\":\"https:\/\/agenciainfra.com\/blog\/wp-content\/uploads\/2023\/04\/usina-hidreletrica-de-agua-vermelha-foto-aes-brasil.jpg\",\"width\":1200,\"height\":800,\"caption\":\"Foto: AES Brasil\/Divulga\u00e7\u00e3o\"},{\"@type\":\"BreadcrumbList\",\"@id\":\"https:\/\/agenciainfra.com\/blog\/chuvas-acima-da-media-na-primavera-devem-recuperar-reservatorios-diz-nottus\/#breadcrumb\",\"itemListElement\":[{\"@type\":\"ListItem\",\"position\":1,\"name\":\"In\u00edcio\",\"item\":\"https:\/\/agenciainfra.com\/blog\/\"},{\"@type\":\"ListItem\",\"position\":2,\"name\":\"Chuvas acima da m\u00e9dia na primavera devem recuperar reservat\u00f3rios, diz Nottus\"}]},{\"@type\":\"WebSite\",\"@id\":\"https:\/\/agenciainfra.com\/blog\/#website\",\"url\":\"https:\/\/agenciainfra.com\/blog\/\",\"name\":\"Ag\u00eancia iNFRA\",\"description\":\"Multiplataforma de informa\u00e7\u00e3o jornal\u00edstica refer\u00eancia na \u00e1rea de infraestrutura no Brasil!\",\"publisher\":{\"@id\":\"https:\/\/agenciainfra.com\/blog\/#organization\"},\"potentialAction\":[{\"@type\":\"SearchAction\",\"target\":{\"@type\":\"EntryPoint\",\"urlTemplate\":\"https:\/\/agenciainfra.com\/blog\/?s={search_term_string}\"},\"query-input\":{\"@type\":\"PropertyValueSpecification\",\"valueRequired\":true,\"valueName\":\"search_term_string\"}}],\"inLanguage\":\"pt-BR\"},{\"@type\":\"Organization\",\"@id\":\"https:\/\/agenciainfra.com\/blog\/#organization\",\"name\":\"Ag\u00eancia iNFRA\",\"url\":\"https:\/\/agenciainfra.com\/blog\/\",\"logo\":{\"@type\":\"ImageObject\",\"inLanguage\":\"pt-BR\",\"@id\":\"https:\/\/agenciainfra.com\/blog\/#\/schema\/logo\/image\/\",\"url\":\"https:\/\/agenciainfra.com\/blog\/wp-content\/uploads\/2023\/09\/iNFRA_5-e1761735885940.png\",\"contentUrl\":\"https:\/\/agenciainfra.com\/blog\/wp-content\/uploads\/2023\/09\/iNFRA_5-e1761735885940.png\",\"width\":1672,\"height\":454,\"caption\":\"Ag\u00eancia iNFRA\"},\"image\":{\"@id\":\"https:\/\/agenciainfra.com\/blog\/#\/schema\/logo\/image\/\"},\"sameAs\":[\"https:\/\/www.facebook.com\/ageninfra\",\"https:\/\/x.com\/agencia_infra\",\"https:\/\/www.linkedin.com\/company\/ag\u00eanciainfra\/\",\"https:\/\/www.instagram.com\/agenciainfra\/\"]},{\"@type\":\"Person\",\"@id\":\"https:\/\/agenciainfra.com\/blog\/#\/schema\/person\/34af08dff6adea4cb22b06612ba7acfa\",\"name\":\"Ag\u00eancia iNFRA\",\"image\":{\"@type\":\"ImageObject\",\"inLanguage\":\"pt-BR\",\"@id\":\"https:\/\/agenciainfra.com\/blog\/#\/schema\/person\/image\/\",\"url\":\"https:\/\/secure.gravatar.com\/avatar\/d189e01678f06d8eb84d4e01f08eb848b3fffe3f8443818d3c356c66892f5be8?s=96&d=mm&r=g\",\"contentUrl\":\"https:\/\/secure.gravatar.com\/avatar\/d189e01678f06d8eb84d4e01f08eb848b3fffe3f8443818d3c356c66892f5be8?s=96&d=mm&r=g\",\"caption\":\"Ag\u00eancia iNFRA\"},\"url\":\"https:\/\/agenciainfra.com\/blog\/author\/admin\/\"}]}<\/script>\n<!-- \/ Yoast SEO Premium plugin. -->","yoast_head_json":{"title":"Chuvas acima da m\u00e9dia na primavera devem recuperar reservat\u00f3rios","robots":{"index":"index","follow":"follow","max-snippet":"max-snippet:-1","max-image-preview":"max-image-preview:large","max-video-preview":"max-video-preview:-1"},"canonical":"https:\/\/agenciainfra.com\/blog\/chuvas-acima-da-media-na-primavera-devem-recuperar-reservatorios-diz-nottus\/","og_locale":"pt_BR","og_type":"article","og_title":"Chuvas acima da m\u00e9dia na primavera devem recuperar reservat\u00f3rios, diz Nottus","og_description":"Geraldo Campos Jr., da Ag\u00eancia iNFRA O per\u00edodo \u00famido deve come\u00e7ar sem atrasos em 2025, com a chuva voltando e se intensificando aos poucos pelo pa\u00eds a partir da entrada da primavera na pr\u00f3xima segunda-feira (22). \u00c9 o que indica proje\u00e7\u00e3o da Nottus, empresa de consultoria meteorol\u00f3gica que faz parte do grupo Thymos Energia. Segundo [&hellip;]","og_url":"https:\/\/agenciainfra.com\/blog\/chuvas-acima-da-media-na-primavera-devem-recuperar-reservatorios-diz-nottus\/","og_site_name":"Ag\u00eancia iNFRA","article_publisher":"https:\/\/www.facebook.com\/ageninfra","article_published_time":"2025-09-18T18:14:52+00:00","article_modified_time":"2025-09-19T21:38:50+00:00","og_image":[{"width":1200,"height":800,"url":"https:\/\/agenciainfra.com\/blog\/wp-content\/uploads\/2023\/04\/usina-hidreletrica-de-agua-vermelha-foto-aes-brasil.jpg","type":"image\/jpeg"}],"author":"Ag\u00eancia iNFRA","twitter_card":"summary_large_image","twitter_creator":"@agencia_infra","twitter_site":"@agencia_infra","twitter_misc":{"Escrito por":"Ag\u00eancia iNFRA","Est. tempo de leitura":"2 minutos"},"schema":{"@context":"https:\/\/schema.org","@graph":[{"@type":"Article","@id":"https:\/\/agenciainfra.com\/blog\/chuvas-acima-da-media-na-primavera-devem-recuperar-reservatorios-diz-nottus\/#article","isPartOf":{"@id":"https:\/\/agenciainfra.com\/blog\/chuvas-acima-da-media-na-primavera-devem-recuperar-reservatorios-diz-nottus\/"},"author":{"name":"Ag\u00eancia iNFRA","@id":"https:\/\/agenciainfra.com\/blog\/#\/schema\/person\/34af08dff6adea4cb22b06612ba7acfa"},"headline":"Chuvas acima da m\u00e9dia na primavera devem recuperar reservat\u00f3rios, diz Nottus","datePublished":"2025-09-18T18:14:52+00:00","dateModified":"2025-09-19T21:38:50+00:00","mainEntityOfPage":{"@id":"https:\/\/agenciainfra.com\/blog\/chuvas-acima-da-media-na-primavera-devem-recuperar-reservatorios-diz-nottus\/"},"wordCount":342,"publisher":{"@id":"https:\/\/agenciainfra.com\/blog\/#organization"},"image":{"@id":"https:\/\/agenciainfra.com\/blog\/chuvas-acima-da-media-na-primavera-devem-recuperar-reservatorios-diz-nottus\/#primaryimage"},"thumbnailUrl":"https:\/\/agenciainfra.com\/blog\/wp-content\/uploads\/2023\/04\/usina-hidreletrica-de-agua-vermelha-foto-aes-brasil.jpg","keywords":["chuvas","Geraldo Campos Jr.","Nottus","per\u00edodo chuvoso","reservat\u00f3rios","Setor El\u00e9trico","sistema el\u00e9trico","Thymos"],"articleSection":["Geral"],"inLanguage":"pt-BR","copyrightYear":"2025","copyrightHolder":{"@id":"https:\/\/agenciainfra.com\/blog\/#organization"}},{"@type":"WebPage","@id":"https:\/\/agenciainfra.com\/blog\/chuvas-acima-da-media-na-primavera-devem-recuperar-reservatorios-diz-nottus\/","url":"https:\/\/agenciainfra.com\/blog\/chuvas-acima-da-media-na-primavera-devem-recuperar-reservatorios-diz-nottus\/","name":"Chuvas acima da m\u00e9dia na primavera devem recuperar reservat\u00f3rios","isPartOf":{"@id":"https:\/\/agenciainfra.com\/blog\/#website"},"primaryImageOfPage":{"@id":"https:\/\/agenciainfra.com\/blog\/chuvas-acima-da-media-na-primavera-devem-recuperar-reservatorios-diz-nottus\/#primaryimage"},"image":{"@id":"https:\/\/agenciainfra.com\/blog\/chuvas-acima-da-media-na-primavera-devem-recuperar-reservatorios-diz-nottus\/#primaryimage"},"thumbnailUrl":"https:\/\/agenciainfra.com\/blog\/wp-content\/uploads\/2023\/04\/usina-hidreletrica-de-agua-vermelha-foto-aes-brasil.jpg","datePublished":"2025-09-18T18:14:52+00:00","dateModified":"2025-09-19T21:38:50+00:00","breadcrumb":{"@id":"https:\/\/agenciainfra.com\/blog\/chuvas-acima-da-media-na-primavera-devem-recuperar-reservatorios-diz-nottus\/#breadcrumb"},"inLanguage":"pt-BR","potentialAction":[{"@type":"ReadAction","target":["https:\/\/agenciainfra.com\/blog\/chuvas-acima-da-media-na-primavera-devem-recuperar-reservatorios-diz-nottus\/"]}]},{"@type":"ImageObject","inLanguage":"pt-BR","@id":"https:\/\/agenciainfra.com\/blog\/chuvas-acima-da-media-na-primavera-devem-recuperar-reservatorios-diz-nottus\/#primaryimage","url":"https:\/\/agenciainfra.com\/blog\/wp-content\/uploads\/2023\/04\/usina-hidreletrica-de-agua-vermelha-foto-aes-brasil.jpg","contentUrl":"https:\/\/agenciainfra.com\/blog\/wp-content\/uploads\/2023\/04\/usina-hidreletrica-de-agua-vermelha-foto-aes-brasil.jpg","width":1200,"height":800,"caption":"Foto: AES Brasil\/Divulga\u00e7\u00e3o"},{"@type":"BreadcrumbList","@id":"https:\/\/agenciainfra.com\/blog\/chuvas-acima-da-media-na-primavera-devem-recuperar-reservatorios-diz-nottus\/#breadcrumb","itemListElement":[{"@type":"ListItem","position":1,"name":"In\u00edcio","item":"https:\/\/agenciainfra.com\/blog\/"},{"@type":"ListItem","position":2,"name":"Chuvas acima da m\u00e9dia na primavera devem recuperar reservat\u00f3rios, diz Nottus"}]},{"@type":"WebSite","@id":"https:\/\/agenciainfra.com\/blog\/#website","url":"https:\/\/agenciainfra.com\/blog\/","name":"Ag\u00eancia iNFRA","description":"Multiplataforma de informa\u00e7\u00e3o jornal\u00edstica refer\u00eancia na \u00e1rea de infraestrutura no Brasil!","publisher":{"@id":"https:\/\/agenciainfra.com\/blog\/#organization"},"potentialAction":[{"@type":"SearchAction","target":{"@type":"EntryPoint","urlTemplate":"https:\/\/agenciainfra.com\/blog\/?s={search_term_string}"},"query-input":{"@type":"PropertyValueSpecification","valueRequired":true,"valueName":"search_term_string"}}],"inLanguage":"pt-BR"},{"@type":"Organization","@id":"https:\/\/agenciainfra.com\/blog\/#organization","name":"Ag\u00eancia iNFRA","url":"https:\/\/agenciainfra.com\/blog\/","logo":{"@type":"ImageObject","inLanguage":"pt-BR","@id":"https:\/\/agenciainfra.com\/blog\/#\/schema\/logo\/image\/","url":"https:\/\/agenciainfra.com\/blog\/wp-content\/uploads\/2023\/09\/iNFRA_5-e1761735885940.png","contentUrl":"https:\/\/agenciainfra.com\/blog\/wp-content\/uploads\/2023\/09\/iNFRA_5-e1761735885940.png","width":1672,"height":454,"caption":"Ag\u00eancia iNFRA"},"image":{"@id":"https:\/\/agenciainfra.com\/blog\/#\/schema\/logo\/image\/"},"sameAs":["https:\/\/www.facebook.com\/ageninfra","https:\/\/x.com\/agencia_infra","https:\/\/www.linkedin.com\/company\/ag\u00eanciainfra\/","https:\/\/www.instagram.com\/agenciainfra\/"]},{"@type":"Person","@id":"https:\/\/agenciainfra.com\/blog\/#\/schema\/person\/34af08dff6adea4cb22b06612ba7acfa","name":"Ag\u00eancia iNFRA","image":{"@type":"ImageObject","inLanguage":"pt-BR","@id":"https:\/\/agenciainfra.com\/blog\/#\/schema\/person\/image\/","url":"https:\/\/secure.gravatar.com\/avatar\/d189e01678f06d8eb84d4e01f08eb848b3fffe3f8443818d3c356c66892f5be8?s=96&d=mm&r=g","contentUrl":"https:\/\/secure.gravatar.com\/avatar\/d189e01678f06d8eb84d4e01f08eb848b3fffe3f8443818d3c356c66892f5be8?s=96&d=mm&r=g","caption":"Ag\u00eancia iNFRA"},"url":"https:\/\/agenciainfra.com\/blog\/author\/admin\/"}]}},"_links":{"self":[{"href":"https:\/\/agenciainfra.com\/blog\/wp-json\/wp\/v2\/posts\/28087","targetHints":{"allow":["GET"]}}],"collection":[{"href":"https:\/\/agenciainfra.com\/blog\/wp-json\/wp\/v2\/posts"}],"about":[{"href":"https:\/\/agenciainfra.com\/blog\/wp-json\/wp\/v2\/types\/post"}],"author":[{"embeddable":true,"href":"https:\/\/agenciainfra.com\/blog\/wp-json\/wp\/v2\/users\/1"}],"replies":[{"embeddable":true,"href":"https:\/\/agenciainfra.com\/blog\/wp-json\/wp\/v2\/comments?post=28087"}],"version-history":[{"count":1,"href":"https:\/\/agenciainfra.com\/blog\/wp-json\/wp\/v2\/posts\/28087\/revisions"}],"predecessor-version":[{"id":28088,"href":"https:\/\/agenciainfra.com\/blog\/wp-json\/wp\/v2\/posts\/28087\/revisions\/28088"}],"wp:featuredmedia":[{"embeddable":true,"href":"https:\/\/agenciainfra.com\/blog\/wp-json\/wp\/v2\/media\/12482"}],"wp:attachment":[{"href":"https:\/\/agenciainfra.com\/blog\/wp-json\/wp\/v2\/media?parent=28087"}],"wp:term":[{"taxonomy":"category","embeddable":true,"href":"https:\/\/agenciainfra.com\/blog\/wp-json\/wp\/v2\/categories?post=28087"},{"taxonomy":"post_tag","embeddable":true,"href":"https:\/\/agenciainfra.com\/blog\/wp-json\/wp\/v2\/tags?post=28087"}],"curies":[{"name":"wp","href":"https:\/\/api.w.org\/{rel}","templated":true}]}}