{"id":28105,"date":"2025-09-18T18:29:59","date_gmt":"2025-09-18T21:29:59","guid":{"rendered":"https:\/\/agenciainfra.com\/blog\/?p=28105"},"modified":"2025-09-18T18:30:01","modified_gmt":"2025-09-18T21:30:01","slug":"antt-inaugura-frota-com-15-drones-para-reforcar-fiscalizacao-ferroviaria","status":"publish","type":"post","link":"https:\/\/agenciainfra.com\/blog\/antt-inaugura-frota-com-15-drones-para-reforcar-fiscalizacao-ferroviaria\/","title":{"rendered":"ANTT inaugura frota com 15 drones para refor\u00e7ar fiscaliza\u00e7\u00e3o ferrovi\u00e1ria"},"content":{"rendered":"\n<p class=\"has-text-align-right\"><strong>da Ag\u00eancia iNFRA<\/strong><\/p>\n\n\n\n<p>A ANTT (Ag\u00eancia Nacional de Transportes Terrestres) apresentou na quarta-feira (17), em Bras\u00edlia, uma frota de 15 drones profissionais que passam a apoiar a fiscaliza\u00e7\u00e3o das ferrovias federais concedidas.<\/p>\n\n\n\n<p>A Ag\u00eancia fez um voo inaugural, realizado no estacionamento da sede da ANTT. A iniciativa \u00e9 resultado de uma parceria in\u00e9dita com a concession\u00e1ria Rumo, viabilizada por meio do mecanismo de Recursos para Desenvolvimento Tecnol\u00f3gico.<\/p>\n\n\n\n<p>A ANTT direciona recursos de outorgas de concess\u00f5es ferrovi\u00e1rias para projetos estrat\u00e9gicos de inova\u00e7\u00e3o, garantindo investimentos que fortalecem a fiscaliza\u00e7\u00e3o e a gest\u00e3o do transporte ferrovi\u00e1rio.<\/p>\n\n\n\n<p>Tecnologia na fiscaliza\u00e7\u00e3o<br>A frota de drones permitir\u00e1 que a fiscaliza\u00e7\u00e3o alcance trechos de dif\u00edcil acesso, aumentando a precis\u00e3o das vistorias, agilizando o acompanhamento das opera\u00e7\u00f5es e reduzindo custos, de acordo com o superintendente de Transporte Ferrovi\u00e1rio, Alessandro Baumgartner.<\/p>\n\n\n\n<p>&#8220;Na fiscaliza\u00e7\u00e3o do dia a dia, muitas vezes enfrentamos trechos extensos e de dif\u00edcil acesso. Os drones chegam para otimizar esse trabalho, oferecendo mais alcance, precis\u00e3o e agilidade. \u00c9 um salto de qualidade para o nosso time de fiscais&#8221;, explicou.<\/p>\n\n\n\n<p>Al\u00e9m da entrega dos equipamentos, a ANTT dar\u00e1 in\u00edcio ao treinamento dos fiscais, garantindo que a frota seja plenamente incorporada \u00e0s atividades de fiscaliza\u00e7\u00e3o.<\/p>\n\n\n\n<p><\/p>\n","protected":false},"excerpt":{"rendered":"<p>da Ag\u00eancia iNFRA A ANTT (Ag\u00eancia Nacional de Transportes Terrestres) apresentou na quarta-feira (17), em Bras\u00edlia, uma frota de 15 drones profissionais que passam a apoiar a fiscaliza\u00e7\u00e3o das ferrovias federais concedidas. A Ag\u00eancia fez um voo inaugural, realizado no estacionamento da sede da ANTT. A iniciativa \u00e9 resultado de uma parceria in\u00e9dita com a [&hellip;]<\/p>\n","protected":false},"author":1,"featured_media":28106,"comment_status":"closed","ping_status":"closed","sticky":false,"template":"","format":"standard","meta":{"_monsterinsights_skip_tracking":false,"_monsterinsights_sitenote_active":false,"_monsterinsights_sitenote_note":"","_monsterinsights_sitenote_category":0,"footnotes":""},"categories":[1,13576],"tags":[19,15463,380,80],"class_list":["post-28105","post","type-post","status-publish","format-standard","has-post-thumbnail","hentry","category-geral","category-giro-infra","tag-antt","tag-drones","tag-fiscalizacao","tag-rumo"],"yoast_head":"<!-- This site is optimized with the Yoast SEO Premium plugin v25.4 (Yoast SEO v26.0) - https:\/\/yoast.com\/wordpress\/plugins\/seo\/ -->\n<title>ANTT inaugura frota com 15 drones para refor\u00e7ar fiscaliza\u00e7\u00e3o ferrovi\u00e1ria - Ag\u00eancia iNFRA<\/title>\n<meta name=\"robots\" content=\"index, follow, max-snippet:-1, max-image-preview:large, max-video-preview:-1\" \/>\n<link rel=\"canonical\" href=\"https:\/\/agenciainfra.com\/blog\/antt-inaugura-frota-com-15-drones-para-reforcar-fiscalizacao-ferroviaria\/\" \/>\n<meta property=\"og:locale\" content=\"pt_BR\" \/>\n<meta property=\"og:type\" content=\"article\" \/>\n<meta property=\"og:title\" content=\"ANTT inaugura frota com 15 drones para refor\u00e7ar fiscaliza\u00e7\u00e3o ferrovi\u00e1ria\" \/>\n<meta property=\"og:description\" content=\"da Ag\u00eancia iNFRA A ANTT (Ag\u00eancia Nacional de Transportes Terrestres) apresentou na quarta-feira (17), em Bras\u00edlia, uma frota de 15 drones profissionais que passam a apoiar a fiscaliza\u00e7\u00e3o das ferrovias federais concedidas. A Ag\u00eancia fez um voo inaugural, realizado no estacionamento da sede da ANTT. A iniciativa \u00e9 resultado de uma parceria in\u00e9dita com a [&hellip;]\" \/>\n<meta property=\"og:url\" content=\"https:\/\/agenciainfra.com\/blog\/antt-inaugura-frota-com-15-drones-para-reforcar-fiscalizacao-ferroviaria\/\" \/>\n<meta property=\"og:site_name\" content=\"Ag\u00eancia iNFRA\" \/>\n<meta property=\"article:publisher\" content=\"https:\/\/www.facebook.com\/ageninfra\" \/>\n<meta property=\"article:published_time\" content=\"2025-09-18T21:29:59+00:00\" \/>\n<meta property=\"article:modified_time\" content=\"2025-09-18T21:30:01+00:00\" \/>\n<meta property=\"og:image\" content=\"https:\/\/agenciainfra.com\/blog\/wp-content\/uploads\/2025\/09\/drones-antt-rumo-fiscalizacao-foto-cassia-freitas-antt.jpg\" \/>\n\t<meta property=\"og:image:width\" content=\"1619\" \/>\n\t<meta property=\"og:image:height\" content=\"1080\" \/>\n\t<meta property=\"og:image:type\" content=\"image\/jpeg\" \/>\n<meta name=\"author\" content=\"Ag\u00eancia iNFRA\" \/>\n<meta name=\"twitter:card\" content=\"summary_large_image\" \/>\n<meta name=\"twitter:creator\" content=\"@agencia_infra\" \/>\n<meta name=\"twitter:site\" content=\"@agencia_infra\" \/>\n<meta name=\"twitter:label1\" content=\"Escrito por\" \/>\n\t<meta name=\"twitter:data1\" content=\"Ag\u00eancia iNFRA\" \/>\n\t<meta name=\"twitter:label2\" content=\"Est. tempo de leitura\" \/>\n\t<meta name=\"twitter:data2\" content=\"1 minuto\" \/>\n<script type=\"application\/ld+json\" class=\"yoast-schema-graph\">{\"@context\":\"https:\/\/schema.org\",\"@graph\":[{\"@type\":\"Article\",\"@id\":\"https:\/\/agenciainfra.com\/blog\/antt-inaugura-frota-com-15-drones-para-reforcar-fiscalizacao-ferroviaria\/#article\",\"isPartOf\":{\"@id\":\"https:\/\/agenciainfra.com\/blog\/antt-inaugura-frota-com-15-drones-para-reforcar-fiscalizacao-ferroviaria\/\"},\"author\":{\"name\":\"Ag\u00eancia iNFRA\",\"@id\":\"https:\/\/agenciainfra.com\/blog\/#\/schema\/person\/34af08dff6adea4cb22b06612ba7acfa\"},\"headline\":\"ANTT inaugura frota com 15 drones para refor\u00e7ar fiscaliza\u00e7\u00e3o ferrovi\u00e1ria\",\"datePublished\":\"2025-09-18T21:29:59+00:00\",\"dateModified\":\"2025-09-18T21:30:01+00:00\",\"mainEntityOfPage\":{\"@id\":\"https:\/\/agenciainfra.com\/blog\/antt-inaugura-frota-com-15-drones-para-reforcar-fiscalizacao-ferroviaria\/\"},\"wordCount\":230,\"publisher\":{\"@id\":\"https:\/\/agenciainfra.com\/blog\/#organization\"},\"image\":{\"@id\":\"https:\/\/agenciainfra.com\/blog\/antt-inaugura-frota-com-15-drones-para-reforcar-fiscalizacao-ferroviaria\/#primaryimage\"},\"thumbnailUrl\":\"https:\/\/agenciainfra.com\/blog\/wp-content\/uploads\/2025\/09\/drones-antt-rumo-fiscalizacao-foto-cassia-freitas-antt.jpg\",\"keywords\":[\"ANTT\",\"drones\",\"fiscaliza\u00e7\u00e3o\",\"Rumo\"],\"articleSection\":[\"Geral\",\"Giro iNFRA\"],\"inLanguage\":\"pt-BR\",\"copyrightYear\":\"2025\",\"copyrightHolder\":{\"@id\":\"https:\/\/agenciainfra.com\/blog\/#organization\"}},{\"@type\":\"WebPage\",\"@id\":\"https:\/\/agenciainfra.com\/blog\/antt-inaugura-frota-com-15-drones-para-reforcar-fiscalizacao-ferroviaria\/\",\"url\":\"https:\/\/agenciainfra.com\/blog\/antt-inaugura-frota-com-15-drones-para-reforcar-fiscalizacao-ferroviaria\/\",\"name\":\"ANTT inaugura frota com 15 drones para refor\u00e7ar fiscaliza\u00e7\u00e3o ferrovi\u00e1ria - Ag\u00eancia iNFRA\",\"isPartOf\":{\"@id\":\"https:\/\/agenciainfra.com\/blog\/#website\"},\"primaryImageOfPage\":{\"@id\":\"https:\/\/agenciainfra.com\/blog\/antt-inaugura-frota-com-15-drones-para-reforcar-fiscalizacao-ferroviaria\/#primaryimage\"},\"image\":{\"@id\":\"https:\/\/agenciainfra.com\/blog\/antt-inaugura-frota-com-15-drones-para-reforcar-fiscalizacao-ferroviaria\/#primaryimage\"},\"thumbnailUrl\":\"https:\/\/agenciainfra.com\/blog\/wp-content\/uploads\/2025\/09\/drones-antt-rumo-fiscalizacao-foto-cassia-freitas-antt.jpg\",\"datePublished\":\"2025-09-18T21:29:59+00:00\",\"dateModified\":\"2025-09-18T21:30:01+00:00\",\"breadcrumb\":{\"@id\":\"https:\/\/agenciainfra.com\/blog\/antt-inaugura-frota-com-15-drones-para-reforcar-fiscalizacao-ferroviaria\/#breadcrumb\"},\"inLanguage\":\"pt-BR\",\"potentialAction\":[{\"@type\":\"ReadAction\",\"target\":[\"https:\/\/agenciainfra.com\/blog\/antt-inaugura-frota-com-15-drones-para-reforcar-fiscalizacao-ferroviaria\/\"]}]},{\"@type\":\"ImageObject\",\"inLanguage\":\"pt-BR\",\"@id\":\"https:\/\/agenciainfra.com\/blog\/antt-inaugura-frota-com-15-drones-para-reforcar-fiscalizacao-ferroviaria\/#primaryimage\",\"url\":\"https:\/\/agenciainfra.com\/blog\/wp-content\/uploads\/2025\/09\/drones-antt-rumo-fiscalizacao-foto-cassia-freitas-antt.jpg\",\"contentUrl\":\"https:\/\/agenciainfra.com\/blog\/wp-content\/uploads\/2025\/09\/drones-antt-rumo-fiscalizacao-foto-cassia-freitas-antt.jpg\",\"width\":1619,\"height\":1080,\"caption\":\"Foto: C\u00e1ssia Freitas\/ANTT\"},{\"@type\":\"BreadcrumbList\",\"@id\":\"https:\/\/agenciainfra.com\/blog\/antt-inaugura-frota-com-15-drones-para-reforcar-fiscalizacao-ferroviaria\/#breadcrumb\",\"itemListElement\":[{\"@type\":\"ListItem\",\"position\":1,\"name\":\"In\u00edcio\",\"item\":\"https:\/\/agenciainfra.com\/blog\/\"},{\"@type\":\"ListItem\",\"position\":2,\"name\":\"ANTT inaugura frota com 15 drones para refor\u00e7ar fiscaliza\u00e7\u00e3o ferrovi\u00e1ria\"}]},{\"@type\":\"WebSite\",\"@id\":\"https:\/\/agenciainfra.com\/blog\/#website\",\"url\":\"https:\/\/agenciainfra.com\/blog\/\",\"name\":\"Ag\u00eancia iNFRA\",\"description\":\"Multiplataforma de informa\u00e7\u00e3o jornal\u00edstica refer\u00eancia na \u00e1rea de infraestrutura no Brasil!\",\"publisher\":{\"@id\":\"https:\/\/agenciainfra.com\/blog\/#organization\"},\"potentialAction\":[{\"@type\":\"SearchAction\",\"target\":{\"@type\":\"EntryPoint\",\"urlTemplate\":\"https:\/\/agenciainfra.com\/blog\/?s={search_term_string}\"},\"query-input\":{\"@type\":\"PropertyValueSpecification\",\"valueRequired\":true,\"valueName\":\"search_term_string\"}}],\"inLanguage\":\"pt-BR\"},{\"@type\":\"Organization\",\"@id\":\"https:\/\/agenciainfra.com\/blog\/#organization\",\"name\":\"Ag\u00eancia iNFRA\",\"url\":\"https:\/\/agenciainfra.com\/blog\/\",\"logo\":{\"@type\":\"ImageObject\",\"inLanguage\":\"pt-BR\",\"@id\":\"https:\/\/agenciainfra.com\/blog\/#\/schema\/logo\/image\/\",\"url\":\"https:\/\/agenciainfra.com\/blog\/wp-content\/uploads\/2023\/09\/iNFRA_5-e1761735885940.png\",\"contentUrl\":\"https:\/\/agenciainfra.com\/blog\/wp-content\/uploads\/2023\/09\/iNFRA_5-e1761735885940.png\",\"width\":1672,\"height\":454,\"caption\":\"Ag\u00eancia iNFRA\"},\"image\":{\"@id\":\"https:\/\/agenciainfra.com\/blog\/#\/schema\/logo\/image\/\"},\"sameAs\":[\"https:\/\/www.facebook.com\/ageninfra\",\"https:\/\/x.com\/agencia_infra\",\"https:\/\/www.linkedin.com\/company\/ag\u00eanciainfra\/\",\"https:\/\/www.instagram.com\/agenciainfra\/\"]},{\"@type\":\"Person\",\"@id\":\"https:\/\/agenciainfra.com\/blog\/#\/schema\/person\/34af08dff6adea4cb22b06612ba7acfa\",\"name\":\"Ag\u00eancia iNFRA\",\"image\":{\"@type\":\"ImageObject\",\"inLanguage\":\"pt-BR\",\"@id\":\"https:\/\/agenciainfra.com\/blog\/#\/schema\/person\/image\/\",\"url\":\"https:\/\/secure.gravatar.com\/avatar\/d189e01678f06d8eb84d4e01f08eb848b3fffe3f8443818d3c356c66892f5be8?s=96&d=mm&r=g\",\"contentUrl\":\"https:\/\/secure.gravatar.com\/avatar\/d189e01678f06d8eb84d4e01f08eb848b3fffe3f8443818d3c356c66892f5be8?s=96&d=mm&r=g\",\"caption\":\"Ag\u00eancia iNFRA\"},\"url\":\"https:\/\/agenciainfra.com\/blog\/author\/admin\/\"}]}<\/script>\n<!-- \/ Yoast SEO Premium plugin. -->","yoast_head_json":{"title":"ANTT inaugura frota com 15 drones para refor\u00e7ar fiscaliza\u00e7\u00e3o ferrovi\u00e1ria - Ag\u00eancia iNFRA","robots":{"index":"index","follow":"follow","max-snippet":"max-snippet:-1","max-image-preview":"max-image-preview:large","max-video-preview":"max-video-preview:-1"},"canonical":"https:\/\/agenciainfra.com\/blog\/antt-inaugura-frota-com-15-drones-para-reforcar-fiscalizacao-ferroviaria\/","og_locale":"pt_BR","og_type":"article","og_title":"ANTT inaugura frota com 15 drones para refor\u00e7ar fiscaliza\u00e7\u00e3o ferrovi\u00e1ria","og_description":"da Ag\u00eancia iNFRA A ANTT (Ag\u00eancia Nacional de Transportes Terrestres) apresentou na quarta-feira (17), em Bras\u00edlia, uma frota de 15 drones profissionais que passam a apoiar a fiscaliza\u00e7\u00e3o das ferrovias federais concedidas. A Ag\u00eancia fez um voo inaugural, realizado no estacionamento da sede da ANTT. A iniciativa \u00e9 resultado de uma parceria in\u00e9dita com a [&hellip;]","og_url":"https:\/\/agenciainfra.com\/blog\/antt-inaugura-frota-com-15-drones-para-reforcar-fiscalizacao-ferroviaria\/","og_site_name":"Ag\u00eancia iNFRA","article_publisher":"https:\/\/www.facebook.com\/ageninfra","article_published_time":"2025-09-18T21:29:59+00:00","article_modified_time":"2025-09-18T21:30:01+00:00","og_image":[{"width":1619,"height":1080,"url":"https:\/\/agenciainfra.com\/blog\/wp-content\/uploads\/2025\/09\/drones-antt-rumo-fiscalizacao-foto-cassia-freitas-antt.jpg","type":"image\/jpeg"}],"author":"Ag\u00eancia iNFRA","twitter_card":"summary_large_image","twitter_creator":"@agencia_infra","twitter_site":"@agencia_infra","twitter_misc":{"Escrito por":"Ag\u00eancia iNFRA","Est. tempo de leitura":"1 minuto"},"schema":{"@context":"https:\/\/schema.org","@graph":[{"@type":"Article","@id":"https:\/\/agenciainfra.com\/blog\/antt-inaugura-frota-com-15-drones-para-reforcar-fiscalizacao-ferroviaria\/#article","isPartOf":{"@id":"https:\/\/agenciainfra.com\/blog\/antt-inaugura-frota-com-15-drones-para-reforcar-fiscalizacao-ferroviaria\/"},"author":{"name":"Ag\u00eancia iNFRA","@id":"https:\/\/agenciainfra.com\/blog\/#\/schema\/person\/34af08dff6adea4cb22b06612ba7acfa"},"headline":"ANTT inaugura frota com 15 drones para refor\u00e7ar fiscaliza\u00e7\u00e3o ferrovi\u00e1ria","datePublished":"2025-09-18T21:29:59+00:00","dateModified":"2025-09-18T21:30:01+00:00","mainEntityOfPage":{"@id":"https:\/\/agenciainfra.com\/blog\/antt-inaugura-frota-com-15-drones-para-reforcar-fiscalizacao-ferroviaria\/"},"wordCount":230,"publisher":{"@id":"https:\/\/agenciainfra.com\/blog\/#organization"},"image":{"@id":"https:\/\/agenciainfra.com\/blog\/antt-inaugura-frota-com-15-drones-para-reforcar-fiscalizacao-ferroviaria\/#primaryimage"},"thumbnailUrl":"https:\/\/agenciainfra.com\/blog\/wp-content\/uploads\/2025\/09\/drones-antt-rumo-fiscalizacao-foto-cassia-freitas-antt.jpg","keywords":["ANTT","drones","fiscaliza\u00e7\u00e3o","Rumo"],"articleSection":["Geral","Giro iNFRA"],"inLanguage":"pt-BR","copyrightYear":"2025","copyrightHolder":{"@id":"https:\/\/agenciainfra.com\/blog\/#organization"}},{"@type":"WebPage","@id":"https:\/\/agenciainfra.com\/blog\/antt-inaugura-frota-com-15-drones-para-reforcar-fiscalizacao-ferroviaria\/","url":"https:\/\/agenciainfra.com\/blog\/antt-inaugura-frota-com-15-drones-para-reforcar-fiscalizacao-ferroviaria\/","name":"ANTT inaugura frota com 15 drones para refor\u00e7ar fiscaliza\u00e7\u00e3o ferrovi\u00e1ria - Ag\u00eancia iNFRA","isPartOf":{"@id":"https:\/\/agenciainfra.com\/blog\/#website"},"primaryImageOfPage":{"@id":"https:\/\/agenciainfra.com\/blog\/antt-inaugura-frota-com-15-drones-para-reforcar-fiscalizacao-ferroviaria\/#primaryimage"},"image":{"@id":"https:\/\/agenciainfra.com\/blog\/antt-inaugura-frota-com-15-drones-para-reforcar-fiscalizacao-ferroviaria\/#primaryimage"},"thumbnailUrl":"https:\/\/agenciainfra.com\/blog\/wp-content\/uploads\/2025\/09\/drones-antt-rumo-fiscalizacao-foto-cassia-freitas-antt.jpg","datePublished":"2025-09-18T21:29:59+00:00","dateModified":"2025-09-18T21:30:01+00:00","breadcrumb":{"@id":"https:\/\/agenciainfra.com\/blog\/antt-inaugura-frota-com-15-drones-para-reforcar-fiscalizacao-ferroviaria\/#breadcrumb"},"inLanguage":"pt-BR","potentialAction":[{"@type":"ReadAction","target":["https:\/\/agenciainfra.com\/blog\/antt-inaugura-frota-com-15-drones-para-reforcar-fiscalizacao-ferroviaria\/"]}]},{"@type":"ImageObject","inLanguage":"pt-BR","@id":"https:\/\/agenciainfra.com\/blog\/antt-inaugura-frota-com-15-drones-para-reforcar-fiscalizacao-ferroviaria\/#primaryimage","url":"https:\/\/agenciainfra.com\/blog\/wp-content\/uploads\/2025\/09\/drones-antt-rumo-fiscalizacao-foto-cassia-freitas-antt.jpg","contentUrl":"https:\/\/agenciainfra.com\/blog\/wp-content\/uploads\/2025\/09\/drones-antt-rumo-fiscalizacao-foto-cassia-freitas-antt.jpg","width":1619,"height":1080,"caption":"Foto: C\u00e1ssia Freitas\/ANTT"},{"@type":"BreadcrumbList","@id":"https:\/\/agenciainfra.com\/blog\/antt-inaugura-frota-com-15-drones-para-reforcar-fiscalizacao-ferroviaria\/#breadcrumb","itemListElement":[{"@type":"ListItem","position":1,"name":"In\u00edcio","item":"https:\/\/agenciainfra.com\/blog\/"},{"@type":"ListItem","position":2,"name":"ANTT inaugura frota com 15 drones para refor\u00e7ar fiscaliza\u00e7\u00e3o ferrovi\u00e1ria"}]},{"@type":"WebSite","@id":"https:\/\/agenciainfra.com\/blog\/#website","url":"https:\/\/agenciainfra.com\/blog\/","name":"Ag\u00eancia iNFRA","description":"Multiplataforma de informa\u00e7\u00e3o jornal\u00edstica refer\u00eancia na \u00e1rea de infraestrutura no Brasil!","publisher":{"@id":"https:\/\/agenciainfra.com\/blog\/#organization"},"potentialAction":[{"@type":"SearchAction","target":{"@type":"EntryPoint","urlTemplate":"https:\/\/agenciainfra.com\/blog\/?s={search_term_string}"},"query-input":{"@type":"PropertyValueSpecification","valueRequired":true,"valueName":"search_term_string"}}],"inLanguage":"pt-BR"},{"@type":"Organization","@id":"https:\/\/agenciainfra.com\/blog\/#organization","name":"Ag\u00eancia iNFRA","url":"https:\/\/agenciainfra.com\/blog\/","logo":{"@type":"ImageObject","inLanguage":"pt-BR","@id":"https:\/\/agenciainfra.com\/blog\/#\/schema\/logo\/image\/","url":"https:\/\/agenciainfra.com\/blog\/wp-content\/uploads\/2023\/09\/iNFRA_5-e1761735885940.png","contentUrl":"https:\/\/agenciainfra.com\/blog\/wp-content\/uploads\/2023\/09\/iNFRA_5-e1761735885940.png","width":1672,"height":454,"caption":"Ag\u00eancia iNFRA"},"image":{"@id":"https:\/\/agenciainfra.com\/blog\/#\/schema\/logo\/image\/"},"sameAs":["https:\/\/www.facebook.com\/ageninfra","https:\/\/x.com\/agencia_infra","https:\/\/www.linkedin.com\/company\/ag\u00eanciainfra\/","https:\/\/www.instagram.com\/agenciainfra\/"]},{"@type":"Person","@id":"https:\/\/agenciainfra.com\/blog\/#\/schema\/person\/34af08dff6adea4cb22b06612ba7acfa","name":"Ag\u00eancia iNFRA","image":{"@type":"ImageObject","inLanguage":"pt-BR","@id":"https:\/\/agenciainfra.com\/blog\/#\/schema\/person\/image\/","url":"https:\/\/secure.gravatar.com\/avatar\/d189e01678f06d8eb84d4e01f08eb848b3fffe3f8443818d3c356c66892f5be8?s=96&d=mm&r=g","contentUrl":"https:\/\/secure.gravatar.com\/avatar\/d189e01678f06d8eb84d4e01f08eb848b3fffe3f8443818d3c356c66892f5be8?s=96&d=mm&r=g","caption":"Ag\u00eancia iNFRA"},"url":"https:\/\/agenciainfra.com\/blog\/author\/admin\/"}]}},"_links":{"self":[{"href":"https:\/\/agenciainfra.com\/blog\/wp-json\/wp\/v2\/posts\/28105","targetHints":{"allow":["GET"]}}],"collection":[{"href":"https:\/\/agenciainfra.com\/blog\/wp-json\/wp\/v2\/posts"}],"about":[{"href":"https:\/\/agenciainfra.com\/blog\/wp-json\/wp\/v2\/types\/post"}],"author":[{"embeddable":true,"href":"https:\/\/agenciainfra.com\/blog\/wp-json\/wp\/v2\/users\/1"}],"replies":[{"embeddable":true,"href":"https:\/\/agenciainfra.com\/blog\/wp-json\/wp\/v2\/comments?post=28105"}],"version-history":[{"count":1,"href":"https:\/\/agenciainfra.com\/blog\/wp-json\/wp\/v2\/posts\/28105\/revisions"}],"predecessor-version":[{"id":28107,"href":"https:\/\/agenciainfra.com\/blog\/wp-json\/wp\/v2\/posts\/28105\/revisions\/28107"}],"wp:featuredmedia":[{"embeddable":true,"href":"https:\/\/agenciainfra.com\/blog\/wp-json\/wp\/v2\/media\/28106"}],"wp:attachment":[{"href":"https:\/\/agenciainfra.com\/blog\/wp-json\/wp\/v2\/media?parent=28105"}],"wp:term":[{"taxonomy":"category","embeddable":true,"href":"https:\/\/agenciainfra.com\/blog\/wp-json\/wp\/v2\/categories?post=28105"},{"taxonomy":"post_tag","embeddable":true,"href":"https:\/\/agenciainfra.com\/blog\/wp-json\/wp\/v2\/tags?post=28105"}],"curies":[{"name":"wp","href":"https:\/\/api.w.org\/{rel}","templated":true}]}}