{"id":28108,"date":"2025-09-18T18:36:23","date_gmt":"2025-09-18T21:36:23","guid":{"rendered":"https:\/\/agenciainfra.com\/blog\/?p=28108"},"modified":"2025-09-22T07:29:27","modified_gmt":"2025-09-22T10:29:27","slug":"tecon-10-pomini-cita-concentracao-e-diz-que-decisao-da-antaq-e-adequada","status":"publish","type":"post","link":"https:\/\/agenciainfra.com\/blog\/tecon-10-pomini-cita-concentracao-e-diz-que-decisao-da-antaq-e-adequada\/","title":{"rendered":"Tecon 10: Pomini cita concentra\u00e7\u00e3o e diz que decis\u00e3o da ANTAQ \u00e9 adequada"},"content":{"rendered":"\n<p class=\"has-text-align-right\"><strong>Mar\u00edlia Sena, da Ag\u00eancia iNFRA<\/strong><\/p>\n\n\n\n<p>O presidente da APS (Autoridade Portu\u00e1ria de Santos), Anderson Pomini, disse nesta quinta-feira (18) respeitar a decis\u00e3o da ANTAQ (Ag\u00eancia Nacional de Transportes Aquavi\u00e1rios) e do TCU (Tribunal de Contas da Uni\u00e3o) sobre o modelo do leil\u00e3o do Tecon Santos 10. Para Pomini &#8220;n\u00e3o h\u00e1 d\u00favida&#8221; que haver\u00e1 mais concentra\u00e7\u00e3o no porto se uma das empresas que j\u00e1 opera em Santos levar o ativo \u2013 e quem dir\u00e1 se a concentra\u00e7\u00e3o \u00e9 boa ou ruim \u00e9 a ANTAQ e o TCU, disse.<\/p>\n\n\n\n<p>&#8220;Eu n\u00e3o tenho d\u00favida que tem concentra\u00e7\u00e3o. Se n\u00f3s temos tr\u00eas grandes empresas que operam cont\u00eaineres, qualquer uma delas autorizadas a participar, que passar a concentrar mais 3,5 milh\u00f5es de cont\u00eaineres, por \u00f3bvio que vai concentrar. A d\u00favida \u00e9 essa concentra\u00e7\u00e3o \u00e9 boa ou ruim para o Porto Santos, para o Complexo Portu\u00e1rio Nacional? Quem tem que dizer isso \u00e9 a ag\u00eancia reguladora e o Tribunal de Contas da Uni\u00e3o&#8221;, afirmou Pomini.<\/p>\n\n\n\n<p>Atualmente adotando um tom de maior endosso \u00e0 ANTAQ, Pomini j\u00e1 indicou no passado recente que teria uma posi\u00e7\u00e3o mais favor\u00e1vel \u00e0 abertura do leil\u00e3o. Em <a href=\"https:\/\/agenciainfra.com\/blog\/presidente-da-aps-diz-ser-razoavel-deixar-atuais-operadores-disputarem-tecon-10-na-etapa-inicial\/\">entrevista<\/a> \u00e0 <strong>Ag\u00eancia iNFRA<\/strong> em julho, ele considerou \u201crazo\u00e1vel\u201d permitir que empresas que j\u00e1 operam no Porto de Santos participassem do certame logo na primeira etapa, havendo a obriga\u00e7\u00e3o de desinventimento se alguma delas sair vencedora.<\/p>\n\n\n\n<p>Mais recentemente, seu discurso passou a se alinhar com o do MPor (Minist\u00e9rio de Portos e Aeroportos) no apoio \u00e0 decis\u00e3o da ANTAQ. A declara\u00e7\u00e3o desta quinta foi dada durante coletiva de imprensa na sede da APS, em Santos. Embora tenha voltado a falar que uma maior concorr\u00eancia no leil\u00e3o gerar\u00e1 maior outorga e recursos para o porto, Pomini disse ser preciso levar em considera\u00e7\u00e3o o que foi apontado pela ag\u00eancia reguladora.<\/p>\n\n\n\n<p>\u201c\u00c9 preciso levar em considera\u00e7\u00e3o que criamos uma ag\u00eancia reguladora e temos um \u00f3rg\u00e3o de controle que analisa o aspecto legal da regula\u00e7\u00e3o justamente para isso. Ou seja, esses \u00f3rg\u00e3os foram criados para determinar se h\u00e1 ou n\u00e3o concentra\u00e7\u00e3o\u201d, disse o presidente da APS, lembrando de outros leil\u00f5es que tamb\u00e9m tiveram recomenda\u00e7\u00e3o de restri\u00e7\u00e3o pela ANTAQ.<\/p>\n\n\n\n<p>Ele ainda naturalizou os questionamentos ao modelo escolhido pela ag\u00eancia. \u201cOutras empresas que executam opera\u00e7\u00f5es portu\u00e1rias aqui j\u00e1 foram proibidas de participar justamente para evitar a concentra\u00e7\u00e3o de mercado. Esse n\u00e3o \u00e9 um tema novo, mas, claro, se eu fosse operador, tamb\u00e9m estaria reclamando e judicializando \u2013 isso faz parte do mercado\u201d, afirmou.<\/p>\n\n\n\n<p><strong>Prazo<\/strong><br>Nesta quarta-feira (17), o ministro de Portos e Aeroportos, Silvio Costa Filho, voltou a dizer que o certame deve ocorrer na segunda quinzena de dezembro. A previs\u00e3o foi dada durante audi\u00eancia que discutiu o PL (Projeto de Lei) 733\/2025, que prop\u00f5e a moderniza\u00e7\u00e3o da legisla\u00e7\u00e3o portu\u00e1ria, na C\u00e2mara dos Deputados. O calend\u00e1rio, contudo, \u00e9 apertado, j\u00e1 que o processo ainda n\u00e3o foi julgado pelo TCU. Na semana passada, a pasta pediu mais prazo para responder aos questionamentos da corte sobre o projeto.<\/p>\n\n\n\n<p>Sobre a recomenda\u00e7\u00e3o que leil\u00f5es desse porte tenham uma janela de 100 dias entre a divulga\u00e7\u00e3o do edital e o leil\u00e3o, o secret\u00e1rio nacional de Portos, Alex \u00c1vila, afirmou nesta quarta que o prazo \u00e9 apenas uma sugest\u00e3o e refor\u00e7ou a possibilidade de a licita\u00e7\u00e3o ocorrer ainda este ano.<\/p>\n\n\n\n<p>Para Pomini, as discuss\u00f5es sobre o certame n\u00e3o devem atrapalhar sua realiza\u00e7\u00e3o, e a possibilidade de judicializa\u00e7\u00e3o do tema \u201c\u00e9 absolutamente normal\u201d.<\/p>\n\n\n\n<p>\u201cO que est\u00e1 em jogo, na verdade, \u00e9 que quem vencer este leil\u00e3o passar\u00e1 a controlar a movimenta\u00e7\u00e3o de cont\u00eaineres do pa\u00eds. Trata-se de um terminal extremamente importante para os armadores, da\u00ed surgirem as discuss\u00f5es e as teses. Pelo porto, o que precisamos \u00e9 da realiza\u00e7\u00e3o do leil\u00e3o, independentemente do formato\u201d, afirmou.<\/p>\n\n\n\n<p>Os investimentos previstos com a realiza\u00e7\u00e3o do certame somam cerca de R$ 5,6 bilh\u00f5es. Al\u00e9m disso, a autoridade portu\u00e1ria receber\u00e1 parte da outorga paga pela empresa vencedora para operar o terminal. No modelo definido pela ANTAQ, os operadores j\u00e1 presentes no porto s\u00f3 poder\u00e3o participar da concorr\u00eancia caso a primeira etapa seja deserta. Se conseguirem participar de uma segunda fase e levarem o ativo, ter\u00e3o de se desfazer das opera\u00e7\u00f5es atuais no porto.<\/p>\n\n\n\n<p><\/p>\n","protected":false},"excerpt":{"rendered":"<p>Mar\u00edlia Sena, da Ag\u00eancia iNFRA O presidente da APS (Autoridade Portu\u00e1ria de Santos), Anderson Pomini, disse nesta quinta-feira (18) respeitar a decis\u00e3o da ANTAQ (Ag\u00eancia Nacional de Transportes Aquavi\u00e1rios) e do TCU (Tribunal de Contas da Uni\u00e3o) sobre o modelo do leil\u00e3o do Tecon Santos 10. Para Pomini &#8220;n\u00e3o h\u00e1 d\u00favida&#8221; que haver\u00e1 mais concentra\u00e7\u00e3o [&hellip;]<\/p>\n","protected":false},"author":1,"featured_media":9858,"comment_status":"closed","ping_status":"closed","sticky":false,"template":"","format":"standard","meta":{"_monsterinsights_skip_tracking":false,"_monsterinsights_sitenote_active":false,"_monsterinsights_sitenote_note":"","_monsterinsights_sitenote_category":0,"footnotes":""},"categories":[7250,1,7],"tags":[6855,86,6854,4918,18,12352],"class_list":["post-28108","post","type-post","status-publish","format-standard","has-post-thumbnail","hentry","category-destaque-lista","category-geral","category-infratransporte","tag-anderson-pomini","tag-antaq","tag-aps","tag-autoridade-portuaria-de-santos","tag-tcu","tag-tecon-10"],"yoast_head":"<!-- This site is optimized with the Yoast SEO Premium plugin v25.4 (Yoast SEO v26.0) - https:\/\/yoast.com\/wordpress\/plugins\/seo\/ -->\n<title>Tecon 10: Pomini cita concentra\u00e7\u00e3o e diz que decis\u00e3o da ANTAQ \u00e9 adequada - Ag\u00eancia iNFRA<\/title>\n<meta name=\"robots\" content=\"index, follow, max-snippet:-1, max-image-preview:large, max-video-preview:-1\" \/>\n<link rel=\"canonical\" href=\"https:\/\/agenciainfra.com\/blog\/tecon-10-pomini-cita-concentracao-e-diz-que-decisao-da-antaq-e-adequada\/\" \/>\n<meta property=\"og:locale\" content=\"pt_BR\" \/>\n<meta property=\"og:type\" content=\"article\" \/>\n<meta property=\"og:title\" content=\"Tecon 10: Pomini cita concentra\u00e7\u00e3o e diz que decis\u00e3o da ANTAQ \u00e9 adequada\" \/>\n<meta property=\"og:description\" content=\"Mar\u00edlia Sena, da Ag\u00eancia iNFRA O presidente da APS (Autoridade Portu\u00e1ria de Santos), Anderson Pomini, disse nesta quinta-feira (18) respeitar a decis\u00e3o da ANTAQ (Ag\u00eancia Nacional de Transportes Aquavi\u00e1rios) e do TCU (Tribunal de Contas da Uni\u00e3o) sobre o modelo do leil\u00e3o do Tecon Santos 10. Para Pomini &#8220;n\u00e3o h\u00e1 d\u00favida&#8221; que haver\u00e1 mais concentra\u00e7\u00e3o [&hellip;]\" \/>\n<meta property=\"og:url\" content=\"https:\/\/agenciainfra.com\/blog\/tecon-10-pomini-cita-concentracao-e-diz-que-decisao-da-antaq-e-adequada\/\" \/>\n<meta property=\"og:site_name\" content=\"Ag\u00eancia iNFRA\" \/>\n<meta property=\"article:publisher\" content=\"https:\/\/www.facebook.com\/ageninfra\" \/>\n<meta property=\"article:published_time\" content=\"2025-09-18T21:36:23+00:00\" \/>\n<meta property=\"article:modified_time\" content=\"2025-09-22T10:29:27+00:00\" \/>\n<meta property=\"og:image\" content=\"https:\/\/agenciainfra.com\/blog\/wp-content\/uploads\/2022\/03\/tecon-suape-foto-suape.jpeg\" \/>\n\t<meta property=\"og:image:width\" content=\"1280\" \/>\n\t<meta property=\"og:image:height\" content=\"720\" \/>\n\t<meta property=\"og:image:type\" content=\"image\/jpeg\" \/>\n<meta name=\"author\" content=\"Ag\u00eancia iNFRA\" \/>\n<meta name=\"twitter:card\" content=\"summary_large_image\" \/>\n<meta name=\"twitter:creator\" content=\"@agencia_infra\" \/>\n<meta name=\"twitter:site\" content=\"@agencia_infra\" \/>\n<meta name=\"twitter:label1\" content=\"Escrito por\" \/>\n\t<meta name=\"twitter:data1\" content=\"Ag\u00eancia iNFRA\" \/>\n\t<meta name=\"twitter:label2\" content=\"Est. tempo de leitura\" \/>\n\t<meta name=\"twitter:data2\" content=\"4 minutos\" \/>\n<script type=\"application\/ld+json\" class=\"yoast-schema-graph\">{\"@context\":\"https:\/\/schema.org\",\"@graph\":[{\"@type\":\"Article\",\"@id\":\"https:\/\/agenciainfra.com\/blog\/tecon-10-pomini-cita-concentracao-e-diz-que-decisao-da-antaq-e-adequada\/#article\",\"isPartOf\":{\"@id\":\"https:\/\/agenciainfra.com\/blog\/tecon-10-pomini-cita-concentracao-e-diz-que-decisao-da-antaq-e-adequada\/\"},\"author\":{\"name\":\"Ag\u00eancia iNFRA\",\"@id\":\"https:\/\/agenciainfra.com\/blog\/#\/schema\/person\/34af08dff6adea4cb22b06612ba7acfa\"},\"headline\":\"Tecon 10: Pomini cita concentra\u00e7\u00e3o e diz que decis\u00e3o da ANTAQ \u00e9 adequada\",\"datePublished\":\"2025-09-18T21:36:23+00:00\",\"dateModified\":\"2025-09-22T10:29:27+00:00\",\"mainEntityOfPage\":{\"@id\":\"https:\/\/agenciainfra.com\/blog\/tecon-10-pomini-cita-concentracao-e-diz-que-decisao-da-antaq-e-adequada\/\"},\"wordCount\":760,\"publisher\":{\"@id\":\"https:\/\/agenciainfra.com\/blog\/#organization\"},\"image\":{\"@id\":\"https:\/\/agenciainfra.com\/blog\/tecon-10-pomini-cita-concentracao-e-diz-que-decisao-da-antaq-e-adequada\/#primaryimage\"},\"thumbnailUrl\":\"https:\/\/agenciainfra.com\/blog\/wp-content\/uploads\/2022\/03\/tecon-suape-foto-suape.jpeg\",\"keywords\":[\"Anderson Pomini\",\"ANTAQ\",\"APS\",\"Autoridade Portu\u00e1ria de Santos\",\"TCU\",\"Tecon 10\"],\"articleSection\":[\"Destaque lista\",\"Geral\",\"iNFRATransporte\"],\"inLanguage\":\"pt-BR\",\"copyrightYear\":\"2025\",\"copyrightHolder\":{\"@id\":\"https:\/\/agenciainfra.com\/blog\/#organization\"}},{\"@type\":\"WebPage\",\"@id\":\"https:\/\/agenciainfra.com\/blog\/tecon-10-pomini-cita-concentracao-e-diz-que-decisao-da-antaq-e-adequada\/\",\"url\":\"https:\/\/agenciainfra.com\/blog\/tecon-10-pomini-cita-concentracao-e-diz-que-decisao-da-antaq-e-adequada\/\",\"name\":\"Tecon 10: Pomini cita concentra\u00e7\u00e3o e diz que decis\u00e3o da ANTAQ \u00e9 adequada - Ag\u00eancia iNFRA\",\"isPartOf\":{\"@id\":\"https:\/\/agenciainfra.com\/blog\/#website\"},\"primaryImageOfPage\":{\"@id\":\"https:\/\/agenciainfra.com\/blog\/tecon-10-pomini-cita-concentracao-e-diz-que-decisao-da-antaq-e-adequada\/#primaryimage\"},\"image\":{\"@id\":\"https:\/\/agenciainfra.com\/blog\/tecon-10-pomini-cita-concentracao-e-diz-que-decisao-da-antaq-e-adequada\/#primaryimage\"},\"thumbnailUrl\":\"https:\/\/agenciainfra.com\/blog\/wp-content\/uploads\/2022\/03\/tecon-suape-foto-suape.jpeg\",\"datePublished\":\"2025-09-18T21:36:23+00:00\",\"dateModified\":\"2025-09-22T10:29:27+00:00\",\"breadcrumb\":{\"@id\":\"https:\/\/agenciainfra.com\/blog\/tecon-10-pomini-cita-concentracao-e-diz-que-decisao-da-antaq-e-adequada\/#breadcrumb\"},\"inLanguage\":\"pt-BR\",\"potentialAction\":[{\"@type\":\"ReadAction\",\"target\":[\"https:\/\/agenciainfra.com\/blog\/tecon-10-pomini-cita-concentracao-e-diz-que-decisao-da-antaq-e-adequada\/\"]}]},{\"@type\":\"ImageObject\",\"inLanguage\":\"pt-BR\",\"@id\":\"https:\/\/agenciainfra.com\/blog\/tecon-10-pomini-cita-concentracao-e-diz-que-decisao-da-antaq-e-adequada\/#primaryimage\",\"url\":\"https:\/\/agenciainfra.com\/blog\/wp-content\/uploads\/2022\/03\/tecon-suape-foto-suape.jpeg\",\"contentUrl\":\"https:\/\/agenciainfra.com\/blog\/wp-content\/uploads\/2022\/03\/tecon-suape-foto-suape.jpeg\",\"width\":1280,\"height\":720,\"caption\":\"Foto: Porto de Suape\"},{\"@type\":\"BreadcrumbList\",\"@id\":\"https:\/\/agenciainfra.com\/blog\/tecon-10-pomini-cita-concentracao-e-diz-que-decisao-da-antaq-e-adequada\/#breadcrumb\",\"itemListElement\":[{\"@type\":\"ListItem\",\"position\":1,\"name\":\"In\u00edcio\",\"item\":\"https:\/\/agenciainfra.com\/blog\/\"},{\"@type\":\"ListItem\",\"position\":2,\"name\":\"Tecon 10: Pomini cita concentra\u00e7\u00e3o e diz que decis\u00e3o da ANTAQ \u00e9 adequada\"}]},{\"@type\":\"WebSite\",\"@id\":\"https:\/\/agenciainfra.com\/blog\/#website\",\"url\":\"https:\/\/agenciainfra.com\/blog\/\",\"name\":\"Ag\u00eancia iNFRA\",\"description\":\"Multiplataforma de informa\u00e7\u00e3o jornal\u00edstica refer\u00eancia na \u00e1rea de infraestrutura no Brasil!\",\"publisher\":{\"@id\":\"https:\/\/agenciainfra.com\/blog\/#organization\"},\"potentialAction\":[{\"@type\":\"SearchAction\",\"target\":{\"@type\":\"EntryPoint\",\"urlTemplate\":\"https:\/\/agenciainfra.com\/blog\/?s={search_term_string}\"},\"query-input\":{\"@type\":\"PropertyValueSpecification\",\"valueRequired\":true,\"valueName\":\"search_term_string\"}}],\"inLanguage\":\"pt-BR\"},{\"@type\":\"Organization\",\"@id\":\"https:\/\/agenciainfra.com\/blog\/#organization\",\"name\":\"Ag\u00eancia iNFRA\",\"url\":\"https:\/\/agenciainfra.com\/blog\/\",\"logo\":{\"@type\":\"ImageObject\",\"inLanguage\":\"pt-BR\",\"@id\":\"https:\/\/agenciainfra.com\/blog\/#\/schema\/logo\/image\/\",\"url\":\"https:\/\/agenciainfra.com\/blog\/wp-content\/uploads\/2023\/09\/iNFRA_5-e1761735885940.png\",\"contentUrl\":\"https:\/\/agenciainfra.com\/blog\/wp-content\/uploads\/2023\/09\/iNFRA_5-e1761735885940.png\",\"width\":1672,\"height\":454,\"caption\":\"Ag\u00eancia iNFRA\"},\"image\":{\"@id\":\"https:\/\/agenciainfra.com\/blog\/#\/schema\/logo\/image\/\"},\"sameAs\":[\"https:\/\/www.facebook.com\/ageninfra\",\"https:\/\/x.com\/agencia_infra\",\"https:\/\/www.linkedin.com\/company\/ag\u00eanciainfra\/\",\"https:\/\/www.instagram.com\/agenciainfra\/\"]},{\"@type\":\"Person\",\"@id\":\"https:\/\/agenciainfra.com\/blog\/#\/schema\/person\/34af08dff6adea4cb22b06612ba7acfa\",\"name\":\"Ag\u00eancia iNFRA\",\"image\":{\"@type\":\"ImageObject\",\"inLanguage\":\"pt-BR\",\"@id\":\"https:\/\/agenciainfra.com\/blog\/#\/schema\/person\/image\/\",\"url\":\"https:\/\/secure.gravatar.com\/avatar\/d189e01678f06d8eb84d4e01f08eb848b3fffe3f8443818d3c356c66892f5be8?s=96&d=mm&r=g\",\"contentUrl\":\"https:\/\/secure.gravatar.com\/avatar\/d189e01678f06d8eb84d4e01f08eb848b3fffe3f8443818d3c356c66892f5be8?s=96&d=mm&r=g\",\"caption\":\"Ag\u00eancia iNFRA\"},\"url\":\"https:\/\/agenciainfra.com\/blog\/author\/admin\/\"}]}<\/script>\n<!-- \/ Yoast SEO Premium plugin. -->","yoast_head_json":{"title":"Tecon 10: Pomini cita concentra\u00e7\u00e3o e diz que decis\u00e3o da ANTAQ \u00e9 adequada - Ag\u00eancia iNFRA","robots":{"index":"index","follow":"follow","max-snippet":"max-snippet:-1","max-image-preview":"max-image-preview:large","max-video-preview":"max-video-preview:-1"},"canonical":"https:\/\/agenciainfra.com\/blog\/tecon-10-pomini-cita-concentracao-e-diz-que-decisao-da-antaq-e-adequada\/","og_locale":"pt_BR","og_type":"article","og_title":"Tecon 10: Pomini cita concentra\u00e7\u00e3o e diz que decis\u00e3o da ANTAQ \u00e9 adequada","og_description":"Mar\u00edlia Sena, da Ag\u00eancia iNFRA O presidente da APS (Autoridade Portu\u00e1ria de Santos), Anderson Pomini, disse nesta quinta-feira (18) respeitar a decis\u00e3o da ANTAQ (Ag\u00eancia Nacional de Transportes Aquavi\u00e1rios) e do TCU (Tribunal de Contas da Uni\u00e3o) sobre o modelo do leil\u00e3o do Tecon Santos 10. Para Pomini &#8220;n\u00e3o h\u00e1 d\u00favida&#8221; que haver\u00e1 mais concentra\u00e7\u00e3o [&hellip;]","og_url":"https:\/\/agenciainfra.com\/blog\/tecon-10-pomini-cita-concentracao-e-diz-que-decisao-da-antaq-e-adequada\/","og_site_name":"Ag\u00eancia iNFRA","article_publisher":"https:\/\/www.facebook.com\/ageninfra","article_published_time":"2025-09-18T21:36:23+00:00","article_modified_time":"2025-09-22T10:29:27+00:00","og_image":[{"width":1280,"height":720,"url":"https:\/\/agenciainfra.com\/blog\/wp-content\/uploads\/2022\/03\/tecon-suape-foto-suape.jpeg","type":"image\/jpeg"}],"author":"Ag\u00eancia iNFRA","twitter_card":"summary_large_image","twitter_creator":"@agencia_infra","twitter_site":"@agencia_infra","twitter_misc":{"Escrito por":"Ag\u00eancia iNFRA","Est. tempo de leitura":"4 minutos"},"schema":{"@context":"https:\/\/schema.org","@graph":[{"@type":"Article","@id":"https:\/\/agenciainfra.com\/blog\/tecon-10-pomini-cita-concentracao-e-diz-que-decisao-da-antaq-e-adequada\/#article","isPartOf":{"@id":"https:\/\/agenciainfra.com\/blog\/tecon-10-pomini-cita-concentracao-e-diz-que-decisao-da-antaq-e-adequada\/"},"author":{"name":"Ag\u00eancia iNFRA","@id":"https:\/\/agenciainfra.com\/blog\/#\/schema\/person\/34af08dff6adea4cb22b06612ba7acfa"},"headline":"Tecon 10: Pomini cita concentra\u00e7\u00e3o e diz que decis\u00e3o da ANTAQ \u00e9 adequada","datePublished":"2025-09-18T21:36:23+00:00","dateModified":"2025-09-22T10:29:27+00:00","mainEntityOfPage":{"@id":"https:\/\/agenciainfra.com\/blog\/tecon-10-pomini-cita-concentracao-e-diz-que-decisao-da-antaq-e-adequada\/"},"wordCount":760,"publisher":{"@id":"https:\/\/agenciainfra.com\/blog\/#organization"},"image":{"@id":"https:\/\/agenciainfra.com\/blog\/tecon-10-pomini-cita-concentracao-e-diz-que-decisao-da-antaq-e-adequada\/#primaryimage"},"thumbnailUrl":"https:\/\/agenciainfra.com\/blog\/wp-content\/uploads\/2022\/03\/tecon-suape-foto-suape.jpeg","keywords":["Anderson Pomini","ANTAQ","APS","Autoridade Portu\u00e1ria de Santos","TCU","Tecon 10"],"articleSection":["Destaque lista","Geral","iNFRATransporte"],"inLanguage":"pt-BR","copyrightYear":"2025","copyrightHolder":{"@id":"https:\/\/agenciainfra.com\/blog\/#organization"}},{"@type":"WebPage","@id":"https:\/\/agenciainfra.com\/blog\/tecon-10-pomini-cita-concentracao-e-diz-que-decisao-da-antaq-e-adequada\/","url":"https:\/\/agenciainfra.com\/blog\/tecon-10-pomini-cita-concentracao-e-diz-que-decisao-da-antaq-e-adequada\/","name":"Tecon 10: Pomini cita concentra\u00e7\u00e3o e diz que decis\u00e3o da ANTAQ \u00e9 adequada - Ag\u00eancia iNFRA","isPartOf":{"@id":"https:\/\/agenciainfra.com\/blog\/#website"},"primaryImageOfPage":{"@id":"https:\/\/agenciainfra.com\/blog\/tecon-10-pomini-cita-concentracao-e-diz-que-decisao-da-antaq-e-adequada\/#primaryimage"},"image":{"@id":"https:\/\/agenciainfra.com\/blog\/tecon-10-pomini-cita-concentracao-e-diz-que-decisao-da-antaq-e-adequada\/#primaryimage"},"thumbnailUrl":"https:\/\/agenciainfra.com\/blog\/wp-content\/uploads\/2022\/03\/tecon-suape-foto-suape.jpeg","datePublished":"2025-09-18T21:36:23+00:00","dateModified":"2025-09-22T10:29:27+00:00","breadcrumb":{"@id":"https:\/\/agenciainfra.com\/blog\/tecon-10-pomini-cita-concentracao-e-diz-que-decisao-da-antaq-e-adequada\/#breadcrumb"},"inLanguage":"pt-BR","potentialAction":[{"@type":"ReadAction","target":["https:\/\/agenciainfra.com\/blog\/tecon-10-pomini-cita-concentracao-e-diz-que-decisao-da-antaq-e-adequada\/"]}]},{"@type":"ImageObject","inLanguage":"pt-BR","@id":"https:\/\/agenciainfra.com\/blog\/tecon-10-pomini-cita-concentracao-e-diz-que-decisao-da-antaq-e-adequada\/#primaryimage","url":"https:\/\/agenciainfra.com\/blog\/wp-content\/uploads\/2022\/03\/tecon-suape-foto-suape.jpeg","contentUrl":"https:\/\/agenciainfra.com\/blog\/wp-content\/uploads\/2022\/03\/tecon-suape-foto-suape.jpeg","width":1280,"height":720,"caption":"Foto: Porto de Suape"},{"@type":"BreadcrumbList","@id":"https:\/\/agenciainfra.com\/blog\/tecon-10-pomini-cita-concentracao-e-diz-que-decisao-da-antaq-e-adequada\/#breadcrumb","itemListElement":[{"@type":"ListItem","position":1,"name":"In\u00edcio","item":"https:\/\/agenciainfra.com\/blog\/"},{"@type":"ListItem","position":2,"name":"Tecon 10: Pomini cita concentra\u00e7\u00e3o e diz que decis\u00e3o da ANTAQ \u00e9 adequada"}]},{"@type":"WebSite","@id":"https:\/\/agenciainfra.com\/blog\/#website","url":"https:\/\/agenciainfra.com\/blog\/","name":"Ag\u00eancia iNFRA","description":"Multiplataforma de informa\u00e7\u00e3o jornal\u00edstica refer\u00eancia na \u00e1rea de infraestrutura no Brasil!","publisher":{"@id":"https:\/\/agenciainfra.com\/blog\/#organization"},"potentialAction":[{"@type":"SearchAction","target":{"@type":"EntryPoint","urlTemplate":"https:\/\/agenciainfra.com\/blog\/?s={search_term_string}"},"query-input":{"@type":"PropertyValueSpecification","valueRequired":true,"valueName":"search_term_string"}}],"inLanguage":"pt-BR"},{"@type":"Organization","@id":"https:\/\/agenciainfra.com\/blog\/#organization","name":"Ag\u00eancia iNFRA","url":"https:\/\/agenciainfra.com\/blog\/","logo":{"@type":"ImageObject","inLanguage":"pt-BR","@id":"https:\/\/agenciainfra.com\/blog\/#\/schema\/logo\/image\/","url":"https:\/\/agenciainfra.com\/blog\/wp-content\/uploads\/2023\/09\/iNFRA_5-e1761735885940.png","contentUrl":"https:\/\/agenciainfra.com\/blog\/wp-content\/uploads\/2023\/09\/iNFRA_5-e1761735885940.png","width":1672,"height":454,"caption":"Ag\u00eancia iNFRA"},"image":{"@id":"https:\/\/agenciainfra.com\/blog\/#\/schema\/logo\/image\/"},"sameAs":["https:\/\/www.facebook.com\/ageninfra","https:\/\/x.com\/agencia_infra","https:\/\/www.linkedin.com\/company\/ag\u00eanciainfra\/","https:\/\/www.instagram.com\/agenciainfra\/"]},{"@type":"Person","@id":"https:\/\/agenciainfra.com\/blog\/#\/schema\/person\/34af08dff6adea4cb22b06612ba7acfa","name":"Ag\u00eancia iNFRA","image":{"@type":"ImageObject","inLanguage":"pt-BR","@id":"https:\/\/agenciainfra.com\/blog\/#\/schema\/person\/image\/","url":"https:\/\/secure.gravatar.com\/avatar\/d189e01678f06d8eb84d4e01f08eb848b3fffe3f8443818d3c356c66892f5be8?s=96&d=mm&r=g","contentUrl":"https:\/\/secure.gravatar.com\/avatar\/d189e01678f06d8eb84d4e01f08eb848b3fffe3f8443818d3c356c66892f5be8?s=96&d=mm&r=g","caption":"Ag\u00eancia iNFRA"},"url":"https:\/\/agenciainfra.com\/blog\/author\/admin\/"}]}},"_links":{"self":[{"href":"https:\/\/agenciainfra.com\/blog\/wp-json\/wp\/v2\/posts\/28108","targetHints":{"allow":["GET"]}}],"collection":[{"href":"https:\/\/agenciainfra.com\/blog\/wp-json\/wp\/v2\/posts"}],"about":[{"href":"https:\/\/agenciainfra.com\/blog\/wp-json\/wp\/v2\/types\/post"}],"author":[{"embeddable":true,"href":"https:\/\/agenciainfra.com\/blog\/wp-json\/wp\/v2\/users\/1"}],"replies":[{"embeddable":true,"href":"https:\/\/agenciainfra.com\/blog\/wp-json\/wp\/v2\/comments?post=28108"}],"version-history":[{"count":2,"href":"https:\/\/agenciainfra.com\/blog\/wp-json\/wp\/v2\/posts\/28108\/revisions"}],"predecessor-version":[{"id":28111,"href":"https:\/\/agenciainfra.com\/blog\/wp-json\/wp\/v2\/posts\/28108\/revisions\/28111"}],"wp:featuredmedia":[{"embeddable":true,"href":"https:\/\/agenciainfra.com\/blog\/wp-json\/wp\/v2\/media\/9858"}],"wp:attachment":[{"href":"https:\/\/agenciainfra.com\/blog\/wp-json\/wp\/v2\/media?parent=28108"}],"wp:term":[{"taxonomy":"category","embeddable":true,"href":"https:\/\/agenciainfra.com\/blog\/wp-json\/wp\/v2\/categories?post=28108"},{"taxonomy":"post_tag","embeddable":true,"href":"https:\/\/agenciainfra.com\/blog\/wp-json\/wp\/v2\/tags?post=28108"}],"curies":[{"name":"wp","href":"https:\/\/api.w.org\/{rel}","templated":true}]}}