{"id":28120,"date":"2025-09-18T20:36:34","date_gmt":"2025-09-18T23:36:34","guid":{"rendered":"https:\/\/agenciainfra.com\/blog\/?p=28120"},"modified":"2025-09-22T08:16:03","modified_gmt":"2025-09-22T11:16:03","slug":"anp-tera-consulta-publica-sobre-transparencia-em-precos-de-combustiveis","status":"publish","type":"post","link":"https:\/\/agenciainfra.com\/blog\/anp-tera-consulta-publica-sobre-transparencia-em-precos-de-combustiveis\/","title":{"rendered":"ANP ter\u00e1 consulta p\u00fablica sobre transpar\u00eancia em pre\u00e7os de combust\u00edveis"},"content":{"rendered":"\n<p class=\"has-text-align-right\"><strong>Gabriel Vasconcelos, da Ag\u00eancia iNFRA<\/strong><\/p>\n\n\n\n<p>A diretoria colegiada da ANP (Ag\u00eancia Nacional do Petr\u00f3leo, G\u00e1s Natural e Biocombust\u00edveis) aprovou nesta quinta-feira (18) a realiza\u00e7\u00e3o de consulta p\u00fablica sobre a revis\u00e3o da resolu\u00e7\u00e3o 795\/2019, que diz sobre a obrigatoriedade de apresenta\u00e7\u00e3o de dados de pre\u00e7os relativos \u00e0 comercializa\u00e7\u00e3o de combust\u00edveis por produtores, importadores e distribuidores. A consulta ter\u00e1 dura\u00e7\u00e3o de 45 dias.<\/p>\n\n\n\n<p>A proposta da \u00e1rea t\u00e9cnica, endossada pelo relator Pietro Mendes e pelos diretores Artur Watt e Daniel Maia, imp\u00f5e novas e antigas exig\u00eancias para &#8220;agentes com representatividade&#8221;, ou seja mais de 1% de participa\u00e7\u00e3o de mercado, o que exclui importadores pontuais, por exemplo. Al\u00e9m disso, obriga os agentes visados a comunicar os pre\u00e7os praticados em leil\u00f5es, por vezes acima do pre\u00e7o de lista, e a abrir as metodologias de c\u00e1lculo e vari\u00e1veis &#8220;end\u00f3genas e ex\u00f3genas&#8221; para a forma\u00e7\u00e3o e reajuste de pre\u00e7os. Em seu voto, Pietro Mendes definiu essa \u00faltima mudan\u00e7a como a &#8220;grande novidade&#8221; do processo regulat\u00f3rio em quest\u00e3o.<\/p>\n\n\n\n<p>Ele fez um recorrido do surgimento da resolu\u00e7\u00e3o 795\/2019, uma das solu\u00e7\u00f5es \u00e0 crise de pre\u00e7os do setor em 2018, quando os pre\u00e7os dos combust\u00edveis da Petrobras eram reajustados diariamente em uma din\u00e2mica que, junto a outros fatores, desembocou na greve dos caminhoneiros. Para Pietro e os t\u00e9cnicos da ANP, as novas regras trouxeram maior previsibildiade ao mercado, mas o problema regulat\u00f3rio central persiste: assimetria de informa\u00e7\u00f5es sobre forma\u00e7\u00e3o de pre\u00e7os e fornecimento de derivados, como resultado de &#8220;contratos com par\u00e2metros de pre\u00e7os unilaterais e pouco transparentes&#8221;.<\/p>\n\n\n\n<p>Segundo Mendes, a maior preocupa\u00e7\u00e3o de momento sua e da \u00e1rea t\u00e9cnica \u00e9 com os pre\u00e7os praticados em leil\u00f5es de combust\u00edveis.<\/p>\n\n\n\n<p>&#8220;Temos tido leil\u00f5es de GLP, por exemplo, com pre\u00e7os muito acima do pre\u00e7o de lista, que deveria ser o pre\u00e7o m\u00e1ximo. E tamb\u00e9m leil\u00f5es de gasolina e diesel, cujos pre\u00e7os n\u00e3o chegam a superar o pre\u00e7o de lista, mas ficam bem pr\u00f3ximos. De qualquer forma, estamos com essa assimetria de informa\u00e7\u00f5es do que acontece nos leil\u00f5es, tanto na parte de pre\u00e7os, quanto de volumes, o que pode levar a an\u00e1lises equivocadas quando vamos ver assimetrias de transmiss\u00e3o de pre\u00e7o&#8221;, diz Mendes. Ele faz refer\u00eancia aos crescentes questionamentos sobre pre\u00e7os descasados ao longo da cadeia que t\u00eam, por tr\u00e1s, um pre\u00e7o real de fornecedor acima do listado, possivelmente em fun\u00e7\u00e3o da ocorr\u00eancia de leil\u00f5es.<\/p>\n\n\n\n<p>Al\u00e9m das modifica\u00e7\u00f5es nas regras de transpar\u00eancia, a minuta da \u00e1rea t\u00e9cnica muda a obrigatoriedade de an\u00e1lise, pela ANP, de todos os contratos de compra e venda de combust\u00edveis entre agentes por uma an\u00e1lise pr\u00e9via dos modelos gen\u00e9ricos de contrato e uma fiscaliza\u00e7\u00e3o amostral a posteriori desses documentos. Essa mudan\u00e7a ser\u00e1 complementada por outro processo aberto pela antiga ocupante da diretoria 4 da ANP, Patr\u00edcia Baran, e segue agora sob a relatoria de Mendes. Mas as mudan\u00e7as j\u00e1 propostas foram louvadas pelo diretor Daniel Maia que, no voto, falou em &#8220;redu\u00e7\u00e3o de fardo&#8221; para a ag\u00eancia.<\/p>\n\n\n\n<p><\/p>\n","protected":false},"excerpt":{"rendered":"<p>Gabriel Vasconcelos, da Ag\u00eancia iNFRA A diretoria colegiada da ANP (Ag\u00eancia Nacional do Petr\u00f3leo, G\u00e1s Natural e Biocombust\u00edveis) aprovou nesta quinta-feira (18) a realiza\u00e7\u00e3o de consulta p\u00fablica sobre a revis\u00e3o da resolu\u00e7\u00e3o 795\/2019, que diz sobre a obrigatoriedade de apresenta\u00e7\u00e3o de dados de pre\u00e7os relativos \u00e0 comercializa\u00e7\u00e3o de combust\u00edveis por produtores, importadores e distribuidores. A [&hellip;]<\/p>\n","protected":false},"author":1,"featured_media":7212,"comment_status":"closed","ping_status":"closed","sticky":false,"template":"","format":"standard","meta":{"_monsterinsights_skip_tracking":false,"_monsterinsights_sitenote_active":false,"_monsterinsights_sitenote_note":"","_monsterinsights_sitenote_category":0,"footnotes":""},"categories":[7250,1,13271],"tags":[1101,345,13251,11694],"class_list":["post-28120","post","type-post","status-publish","format-standard","has-post-thumbnail","hentry","category-destaque-lista","category-geral","category-oleo-gas","tag-anp","tag-consulta-publica","tag-gabriel-vasconcelos","tag-precos-de-combustiveis"],"yoast_head":"<!-- This site is optimized with the Yoast SEO Premium plugin v25.4 (Yoast SEO v26.0) - https:\/\/yoast.com\/wordpress\/plugins\/seo\/ -->\n<title>ANP ter\u00e1 consulta p\u00fablica sobre transpar\u00eancia em pre\u00e7os de combust\u00edveis - Ag\u00eancia iNFRA<\/title>\n<meta name=\"robots\" content=\"index, follow, max-snippet:-1, max-image-preview:large, max-video-preview:-1\" \/>\n<link rel=\"canonical\" href=\"https:\/\/agenciainfra.com\/blog\/anp-tera-consulta-publica-sobre-transparencia-em-precos-de-combustiveis\/\" \/>\n<meta property=\"og:locale\" content=\"pt_BR\" \/>\n<meta property=\"og:type\" content=\"article\" \/>\n<meta property=\"og:title\" content=\"ANP ter\u00e1 consulta p\u00fablica sobre transpar\u00eancia em pre\u00e7os de combust\u00edveis\" \/>\n<meta property=\"og:description\" content=\"Gabriel Vasconcelos, da Ag\u00eancia iNFRA A diretoria colegiada da ANP (Ag\u00eancia Nacional do Petr\u00f3leo, G\u00e1s Natural e Biocombust\u00edveis) aprovou nesta quinta-feira (18) a realiza\u00e7\u00e3o de consulta p\u00fablica sobre a revis\u00e3o da resolu\u00e7\u00e3o 795\/2019, que diz sobre a obrigatoriedade de apresenta\u00e7\u00e3o de dados de pre\u00e7os relativos \u00e0 comercializa\u00e7\u00e3o de combust\u00edveis por produtores, importadores e distribuidores. A [&hellip;]\" \/>\n<meta property=\"og:url\" content=\"https:\/\/agenciainfra.com\/blog\/anp-tera-consulta-publica-sobre-transparencia-em-precos-de-combustiveis\/\" \/>\n<meta property=\"og:site_name\" content=\"Ag\u00eancia iNFRA\" \/>\n<meta property=\"article:publisher\" content=\"https:\/\/www.facebook.com\/ageninfra\" \/>\n<meta property=\"article:published_time\" content=\"2025-09-18T23:36:34+00:00\" \/>\n<meta property=\"article:modified_time\" content=\"2025-09-22T11:16:03+00:00\" \/>\n<meta property=\"og:image\" content=\"https:\/\/agenciainfra.com\/blog\/wp-content\/uploads\/2021\/05\/gasolina-foto-marcelo-camargo-agencia-brasil.jpeg\" \/>\n\t<meta property=\"og:image:width\" content=\"1280\" \/>\n\t<meta property=\"og:image:height\" content=\"715\" \/>\n\t<meta property=\"og:image:type\" content=\"image\/jpeg\" \/>\n<meta name=\"author\" content=\"Ag\u00eancia iNFRA\" \/>\n<meta name=\"twitter:card\" content=\"summary_large_image\" \/>\n<meta name=\"twitter:creator\" content=\"@agencia_infra\" \/>\n<meta name=\"twitter:site\" content=\"@agencia_infra\" \/>\n<meta name=\"twitter:label1\" content=\"Escrito por\" \/>\n\t<meta name=\"twitter:data1\" content=\"Ag\u00eancia iNFRA\" \/>\n\t<meta name=\"twitter:label2\" content=\"Est. tempo de leitura\" \/>\n\t<meta name=\"twitter:data2\" content=\"3 minutos\" \/>\n<script type=\"application\/ld+json\" class=\"yoast-schema-graph\">{\"@context\":\"https:\/\/schema.org\",\"@graph\":[{\"@type\":\"Article\",\"@id\":\"https:\/\/agenciainfra.com\/blog\/anp-tera-consulta-publica-sobre-transparencia-em-precos-de-combustiveis\/#article\",\"isPartOf\":{\"@id\":\"https:\/\/agenciainfra.com\/blog\/anp-tera-consulta-publica-sobre-transparencia-em-precos-de-combustiveis\/\"},\"author\":{\"name\":\"Ag\u00eancia iNFRA\",\"@id\":\"https:\/\/agenciainfra.com\/blog\/#\/schema\/person\/34af08dff6adea4cb22b06612ba7acfa\"},\"headline\":\"ANP ter\u00e1 consulta p\u00fablica sobre transpar\u00eancia em pre\u00e7os de combust\u00edveis\",\"datePublished\":\"2025-09-18T23:36:34+00:00\",\"dateModified\":\"2025-09-22T11:16:03+00:00\",\"mainEntityOfPage\":{\"@id\":\"https:\/\/agenciainfra.com\/blog\/anp-tera-consulta-publica-sobre-transparencia-em-precos-de-combustiveis\/\"},\"wordCount\":571,\"publisher\":{\"@id\":\"https:\/\/agenciainfra.com\/blog\/#organization\"},\"image\":{\"@id\":\"https:\/\/agenciainfra.com\/blog\/anp-tera-consulta-publica-sobre-transparencia-em-precos-de-combustiveis\/#primaryimage\"},\"thumbnailUrl\":\"https:\/\/agenciainfra.com\/blog\/wp-content\/uploads\/2021\/05\/gasolina-foto-marcelo-camargo-agencia-brasil.jpeg\",\"keywords\":[\"ANP\",\"consulta p\u00fablica\",\"Gabriel Vasconcelos\",\"Pre\u00e7os de combust\u00edveis\"],\"articleSection\":[\"Destaque lista\",\"Geral\",\"\u00d3leo &amp; G\u00e1s\"],\"inLanguage\":\"pt-BR\",\"copyrightYear\":\"2025\",\"copyrightHolder\":{\"@id\":\"https:\/\/agenciainfra.com\/blog\/#organization\"}},{\"@type\":\"WebPage\",\"@id\":\"https:\/\/agenciainfra.com\/blog\/anp-tera-consulta-publica-sobre-transparencia-em-precos-de-combustiveis\/\",\"url\":\"https:\/\/agenciainfra.com\/blog\/anp-tera-consulta-publica-sobre-transparencia-em-precos-de-combustiveis\/\",\"name\":\"ANP ter\u00e1 consulta p\u00fablica sobre transpar\u00eancia em pre\u00e7os de combust\u00edveis - Ag\u00eancia iNFRA\",\"isPartOf\":{\"@id\":\"https:\/\/agenciainfra.com\/blog\/#website\"},\"primaryImageOfPage\":{\"@id\":\"https:\/\/agenciainfra.com\/blog\/anp-tera-consulta-publica-sobre-transparencia-em-precos-de-combustiveis\/#primaryimage\"},\"image\":{\"@id\":\"https:\/\/agenciainfra.com\/blog\/anp-tera-consulta-publica-sobre-transparencia-em-precos-de-combustiveis\/#primaryimage\"},\"thumbnailUrl\":\"https:\/\/agenciainfra.com\/blog\/wp-content\/uploads\/2021\/05\/gasolina-foto-marcelo-camargo-agencia-brasil.jpeg\",\"datePublished\":\"2025-09-18T23:36:34+00:00\",\"dateModified\":\"2025-09-22T11:16:03+00:00\",\"breadcrumb\":{\"@id\":\"https:\/\/agenciainfra.com\/blog\/anp-tera-consulta-publica-sobre-transparencia-em-precos-de-combustiveis\/#breadcrumb\"},\"inLanguage\":\"pt-BR\",\"potentialAction\":[{\"@type\":\"ReadAction\",\"target\":[\"https:\/\/agenciainfra.com\/blog\/anp-tera-consulta-publica-sobre-transparencia-em-precos-de-combustiveis\/\"]}]},{\"@type\":\"ImageObject\",\"inLanguage\":\"pt-BR\",\"@id\":\"https:\/\/agenciainfra.com\/blog\/anp-tera-consulta-publica-sobre-transparencia-em-precos-de-combustiveis\/#primaryimage\",\"url\":\"https:\/\/agenciainfra.com\/blog\/wp-content\/uploads\/2021\/05\/gasolina-foto-marcelo-camargo-agencia-brasil.jpeg\",\"contentUrl\":\"https:\/\/agenciainfra.com\/blog\/wp-content\/uploads\/2021\/05\/gasolina-foto-marcelo-camargo-agencia-brasil.jpeg\",\"width\":1280,\"height\":715,\"caption\":\"Foto: Marcelo Camargo\/Ag\u00eancia Brasil\"},{\"@type\":\"BreadcrumbList\",\"@id\":\"https:\/\/agenciainfra.com\/blog\/anp-tera-consulta-publica-sobre-transparencia-em-precos-de-combustiveis\/#breadcrumb\",\"itemListElement\":[{\"@type\":\"ListItem\",\"position\":1,\"name\":\"In\u00edcio\",\"item\":\"https:\/\/agenciainfra.com\/blog\/\"},{\"@type\":\"ListItem\",\"position\":2,\"name\":\"ANP ter\u00e1 consulta p\u00fablica sobre transpar\u00eancia em pre\u00e7os de combust\u00edveis\"}]},{\"@type\":\"WebSite\",\"@id\":\"https:\/\/agenciainfra.com\/blog\/#website\",\"url\":\"https:\/\/agenciainfra.com\/blog\/\",\"name\":\"Ag\u00eancia iNFRA\",\"description\":\"Multiplataforma de informa\u00e7\u00e3o jornal\u00edstica refer\u00eancia na \u00e1rea de infraestrutura no Brasil!\",\"publisher\":{\"@id\":\"https:\/\/agenciainfra.com\/blog\/#organization\"},\"potentialAction\":[{\"@type\":\"SearchAction\",\"target\":{\"@type\":\"EntryPoint\",\"urlTemplate\":\"https:\/\/agenciainfra.com\/blog\/?s={search_term_string}\"},\"query-input\":{\"@type\":\"PropertyValueSpecification\",\"valueRequired\":true,\"valueName\":\"search_term_string\"}}],\"inLanguage\":\"pt-BR\"},{\"@type\":\"Organization\",\"@id\":\"https:\/\/agenciainfra.com\/blog\/#organization\",\"name\":\"Ag\u00eancia iNFRA\",\"url\":\"https:\/\/agenciainfra.com\/blog\/\",\"logo\":{\"@type\":\"ImageObject\",\"inLanguage\":\"pt-BR\",\"@id\":\"https:\/\/agenciainfra.com\/blog\/#\/schema\/logo\/image\/\",\"url\":\"https:\/\/agenciainfra.com\/blog\/wp-content\/uploads\/2023\/09\/iNFRA_5-e1761735885940.png\",\"contentUrl\":\"https:\/\/agenciainfra.com\/blog\/wp-content\/uploads\/2023\/09\/iNFRA_5-e1761735885940.png\",\"width\":1672,\"height\":454,\"caption\":\"Ag\u00eancia iNFRA\"},\"image\":{\"@id\":\"https:\/\/agenciainfra.com\/blog\/#\/schema\/logo\/image\/\"},\"sameAs\":[\"https:\/\/www.facebook.com\/ageninfra\",\"https:\/\/x.com\/agencia_infra\",\"https:\/\/www.linkedin.com\/company\/ag\u00eanciainfra\/\",\"https:\/\/www.instagram.com\/agenciainfra\/\"]},{\"@type\":\"Person\",\"@id\":\"https:\/\/agenciainfra.com\/blog\/#\/schema\/person\/34af08dff6adea4cb22b06612ba7acfa\",\"name\":\"Ag\u00eancia iNFRA\",\"image\":{\"@type\":\"ImageObject\",\"inLanguage\":\"pt-BR\",\"@id\":\"https:\/\/agenciainfra.com\/blog\/#\/schema\/person\/image\/\",\"url\":\"https:\/\/secure.gravatar.com\/avatar\/d189e01678f06d8eb84d4e01f08eb848b3fffe3f8443818d3c356c66892f5be8?s=96&d=mm&r=g\",\"contentUrl\":\"https:\/\/secure.gravatar.com\/avatar\/d189e01678f06d8eb84d4e01f08eb848b3fffe3f8443818d3c356c66892f5be8?s=96&d=mm&r=g\",\"caption\":\"Ag\u00eancia iNFRA\"},\"url\":\"https:\/\/agenciainfra.com\/blog\/author\/admin\/\"}]}<\/script>\n<!-- \/ Yoast SEO Premium plugin. -->","yoast_head_json":{"title":"ANP ter\u00e1 consulta p\u00fablica sobre transpar\u00eancia em pre\u00e7os de combust\u00edveis - Ag\u00eancia iNFRA","robots":{"index":"index","follow":"follow","max-snippet":"max-snippet:-1","max-image-preview":"max-image-preview:large","max-video-preview":"max-video-preview:-1"},"canonical":"https:\/\/agenciainfra.com\/blog\/anp-tera-consulta-publica-sobre-transparencia-em-precos-de-combustiveis\/","og_locale":"pt_BR","og_type":"article","og_title":"ANP ter\u00e1 consulta p\u00fablica sobre transpar\u00eancia em pre\u00e7os de combust\u00edveis","og_description":"Gabriel Vasconcelos, da Ag\u00eancia iNFRA A diretoria colegiada da ANP (Ag\u00eancia Nacional do Petr\u00f3leo, G\u00e1s Natural e Biocombust\u00edveis) aprovou nesta quinta-feira (18) a realiza\u00e7\u00e3o de consulta p\u00fablica sobre a revis\u00e3o da resolu\u00e7\u00e3o 795\/2019, que diz sobre a obrigatoriedade de apresenta\u00e7\u00e3o de dados de pre\u00e7os relativos \u00e0 comercializa\u00e7\u00e3o de combust\u00edveis por produtores, importadores e distribuidores. A [&hellip;]","og_url":"https:\/\/agenciainfra.com\/blog\/anp-tera-consulta-publica-sobre-transparencia-em-precos-de-combustiveis\/","og_site_name":"Ag\u00eancia iNFRA","article_publisher":"https:\/\/www.facebook.com\/ageninfra","article_published_time":"2025-09-18T23:36:34+00:00","article_modified_time":"2025-09-22T11:16:03+00:00","og_image":[{"width":1280,"height":715,"url":"https:\/\/agenciainfra.com\/blog\/wp-content\/uploads\/2021\/05\/gasolina-foto-marcelo-camargo-agencia-brasil.jpeg","type":"image\/jpeg"}],"author":"Ag\u00eancia iNFRA","twitter_card":"summary_large_image","twitter_creator":"@agencia_infra","twitter_site":"@agencia_infra","twitter_misc":{"Escrito por":"Ag\u00eancia iNFRA","Est. tempo de leitura":"3 minutos"},"schema":{"@context":"https:\/\/schema.org","@graph":[{"@type":"Article","@id":"https:\/\/agenciainfra.com\/blog\/anp-tera-consulta-publica-sobre-transparencia-em-precos-de-combustiveis\/#article","isPartOf":{"@id":"https:\/\/agenciainfra.com\/blog\/anp-tera-consulta-publica-sobre-transparencia-em-precos-de-combustiveis\/"},"author":{"name":"Ag\u00eancia iNFRA","@id":"https:\/\/agenciainfra.com\/blog\/#\/schema\/person\/34af08dff6adea4cb22b06612ba7acfa"},"headline":"ANP ter\u00e1 consulta p\u00fablica sobre transpar\u00eancia em pre\u00e7os de combust\u00edveis","datePublished":"2025-09-18T23:36:34+00:00","dateModified":"2025-09-22T11:16:03+00:00","mainEntityOfPage":{"@id":"https:\/\/agenciainfra.com\/blog\/anp-tera-consulta-publica-sobre-transparencia-em-precos-de-combustiveis\/"},"wordCount":571,"publisher":{"@id":"https:\/\/agenciainfra.com\/blog\/#organization"},"image":{"@id":"https:\/\/agenciainfra.com\/blog\/anp-tera-consulta-publica-sobre-transparencia-em-precos-de-combustiveis\/#primaryimage"},"thumbnailUrl":"https:\/\/agenciainfra.com\/blog\/wp-content\/uploads\/2021\/05\/gasolina-foto-marcelo-camargo-agencia-brasil.jpeg","keywords":["ANP","consulta p\u00fablica","Gabriel Vasconcelos","Pre\u00e7os de combust\u00edveis"],"articleSection":["Destaque lista","Geral","\u00d3leo &amp; G\u00e1s"],"inLanguage":"pt-BR","copyrightYear":"2025","copyrightHolder":{"@id":"https:\/\/agenciainfra.com\/blog\/#organization"}},{"@type":"WebPage","@id":"https:\/\/agenciainfra.com\/blog\/anp-tera-consulta-publica-sobre-transparencia-em-precos-de-combustiveis\/","url":"https:\/\/agenciainfra.com\/blog\/anp-tera-consulta-publica-sobre-transparencia-em-precos-de-combustiveis\/","name":"ANP ter\u00e1 consulta p\u00fablica sobre transpar\u00eancia em pre\u00e7os de combust\u00edveis - Ag\u00eancia iNFRA","isPartOf":{"@id":"https:\/\/agenciainfra.com\/blog\/#website"},"primaryImageOfPage":{"@id":"https:\/\/agenciainfra.com\/blog\/anp-tera-consulta-publica-sobre-transparencia-em-precos-de-combustiveis\/#primaryimage"},"image":{"@id":"https:\/\/agenciainfra.com\/blog\/anp-tera-consulta-publica-sobre-transparencia-em-precos-de-combustiveis\/#primaryimage"},"thumbnailUrl":"https:\/\/agenciainfra.com\/blog\/wp-content\/uploads\/2021\/05\/gasolina-foto-marcelo-camargo-agencia-brasil.jpeg","datePublished":"2025-09-18T23:36:34+00:00","dateModified":"2025-09-22T11:16:03+00:00","breadcrumb":{"@id":"https:\/\/agenciainfra.com\/blog\/anp-tera-consulta-publica-sobre-transparencia-em-precos-de-combustiveis\/#breadcrumb"},"inLanguage":"pt-BR","potentialAction":[{"@type":"ReadAction","target":["https:\/\/agenciainfra.com\/blog\/anp-tera-consulta-publica-sobre-transparencia-em-precos-de-combustiveis\/"]}]},{"@type":"ImageObject","inLanguage":"pt-BR","@id":"https:\/\/agenciainfra.com\/blog\/anp-tera-consulta-publica-sobre-transparencia-em-precos-de-combustiveis\/#primaryimage","url":"https:\/\/agenciainfra.com\/blog\/wp-content\/uploads\/2021\/05\/gasolina-foto-marcelo-camargo-agencia-brasil.jpeg","contentUrl":"https:\/\/agenciainfra.com\/blog\/wp-content\/uploads\/2021\/05\/gasolina-foto-marcelo-camargo-agencia-brasil.jpeg","width":1280,"height":715,"caption":"Foto: Marcelo Camargo\/Ag\u00eancia Brasil"},{"@type":"BreadcrumbList","@id":"https:\/\/agenciainfra.com\/blog\/anp-tera-consulta-publica-sobre-transparencia-em-precos-de-combustiveis\/#breadcrumb","itemListElement":[{"@type":"ListItem","position":1,"name":"In\u00edcio","item":"https:\/\/agenciainfra.com\/blog\/"},{"@type":"ListItem","position":2,"name":"ANP ter\u00e1 consulta p\u00fablica sobre transpar\u00eancia em pre\u00e7os de combust\u00edveis"}]},{"@type":"WebSite","@id":"https:\/\/agenciainfra.com\/blog\/#website","url":"https:\/\/agenciainfra.com\/blog\/","name":"Ag\u00eancia iNFRA","description":"Multiplataforma de informa\u00e7\u00e3o jornal\u00edstica refer\u00eancia na \u00e1rea de infraestrutura no Brasil!","publisher":{"@id":"https:\/\/agenciainfra.com\/blog\/#organization"},"potentialAction":[{"@type":"SearchAction","target":{"@type":"EntryPoint","urlTemplate":"https:\/\/agenciainfra.com\/blog\/?s={search_term_string}"},"query-input":{"@type":"PropertyValueSpecification","valueRequired":true,"valueName":"search_term_string"}}],"inLanguage":"pt-BR"},{"@type":"Organization","@id":"https:\/\/agenciainfra.com\/blog\/#organization","name":"Ag\u00eancia iNFRA","url":"https:\/\/agenciainfra.com\/blog\/","logo":{"@type":"ImageObject","inLanguage":"pt-BR","@id":"https:\/\/agenciainfra.com\/blog\/#\/schema\/logo\/image\/","url":"https:\/\/agenciainfra.com\/blog\/wp-content\/uploads\/2023\/09\/iNFRA_5-e1761735885940.png","contentUrl":"https:\/\/agenciainfra.com\/blog\/wp-content\/uploads\/2023\/09\/iNFRA_5-e1761735885940.png","width":1672,"height":454,"caption":"Ag\u00eancia iNFRA"},"image":{"@id":"https:\/\/agenciainfra.com\/blog\/#\/schema\/logo\/image\/"},"sameAs":["https:\/\/www.facebook.com\/ageninfra","https:\/\/x.com\/agencia_infra","https:\/\/www.linkedin.com\/company\/ag\u00eanciainfra\/","https:\/\/www.instagram.com\/agenciainfra\/"]},{"@type":"Person","@id":"https:\/\/agenciainfra.com\/blog\/#\/schema\/person\/34af08dff6adea4cb22b06612ba7acfa","name":"Ag\u00eancia iNFRA","image":{"@type":"ImageObject","inLanguage":"pt-BR","@id":"https:\/\/agenciainfra.com\/blog\/#\/schema\/person\/image\/","url":"https:\/\/secure.gravatar.com\/avatar\/d189e01678f06d8eb84d4e01f08eb848b3fffe3f8443818d3c356c66892f5be8?s=96&d=mm&r=g","contentUrl":"https:\/\/secure.gravatar.com\/avatar\/d189e01678f06d8eb84d4e01f08eb848b3fffe3f8443818d3c356c66892f5be8?s=96&d=mm&r=g","caption":"Ag\u00eancia iNFRA"},"url":"https:\/\/agenciainfra.com\/blog\/author\/admin\/"}]}},"_links":{"self":[{"href":"https:\/\/agenciainfra.com\/blog\/wp-json\/wp\/v2\/posts\/28120","targetHints":{"allow":["GET"]}}],"collection":[{"href":"https:\/\/agenciainfra.com\/blog\/wp-json\/wp\/v2\/posts"}],"about":[{"href":"https:\/\/agenciainfra.com\/blog\/wp-json\/wp\/v2\/types\/post"}],"author":[{"embeddable":true,"href":"https:\/\/agenciainfra.com\/blog\/wp-json\/wp\/v2\/users\/1"}],"replies":[{"embeddable":true,"href":"https:\/\/agenciainfra.com\/blog\/wp-json\/wp\/v2\/comments?post=28120"}],"version-history":[{"count":1,"href":"https:\/\/agenciainfra.com\/blog\/wp-json\/wp\/v2\/posts\/28120\/revisions"}],"predecessor-version":[{"id":28121,"href":"https:\/\/agenciainfra.com\/blog\/wp-json\/wp\/v2\/posts\/28120\/revisions\/28121"}],"wp:featuredmedia":[{"embeddable":true,"href":"https:\/\/agenciainfra.com\/blog\/wp-json\/wp\/v2\/media\/7212"}],"wp:attachment":[{"href":"https:\/\/agenciainfra.com\/blog\/wp-json\/wp\/v2\/media?parent=28120"}],"wp:term":[{"taxonomy":"category","embeddable":true,"href":"https:\/\/agenciainfra.com\/blog\/wp-json\/wp\/v2\/categories?post=28120"},{"taxonomy":"post_tag","embeddable":true,"href":"https:\/\/agenciainfra.com\/blog\/wp-json\/wp\/v2\/tags?post=28120"}],"curies":[{"name":"wp","href":"https:\/\/api.w.org\/{rel}","templated":true}]}}