{"id":28124,"date":"2025-09-18T21:05:51","date_gmt":"2025-09-19T00:05:51","guid":{"rendered":"https:\/\/agenciainfra.com\/blog\/?p=28124"},"modified":"2025-09-22T09:19:16","modified_gmt":"2025-09-22T12:19:16","slug":"pl-dos-minerais-criticos-sera-discutida-em-comissao-especial","status":"publish","type":"post","link":"https:\/\/agenciainfra.com\/blog\/pl-dos-minerais-criticos-sera-discutida-em-comissao-especial\/","title":{"rendered":"PL dos minerais cr\u00edticos ser\u00e1 discutido em Comiss\u00e3o Especial"},"content":{"rendered":"\n<p class=\"has-text-align-right\"><strong>Rafael Bitencourt, da Ag\u00eancia iNFRA<\/strong><\/p>\n\n\n\n<p>O PL (Projeto de Lei) 2.780\/2024, que institui a <a href=\"https:\/\/agenciainfra.com\/blog\/debate-sobre-minerais-criticos-vai-de-debentures-incentivadas-a-busca-por-capital-estrangeiro\/\">Pol\u00edtica Nacional de Minerais Cr\u00edticos e Estrat\u00e9gicos<\/a>, sofreu um rev\u00e9s nesta quinta-feira (18) em tramita\u00e7\u00e3o no plen\u00e1rio da C\u00e2mara dos Deputados. Poucas horas depois de ter aprovado o <a href=\"https:\/\/agenciainfra.com\/blog\/camara-aprova-urgencia-para-politica-de-minerais-criticos\/\">regime de urg\u00eancia<\/a> em sess\u00e3o conduzida pelo presidente da Casa, Hugo Motta (Republicanos-PB), a Mesa Diretora decidiu que a mat\u00e9ria ser\u00e1 levada ao debate e \u00e0 vota\u00e7\u00e3o em comiss\u00e3o especial a ser constitu\u00edda, frustrando expectativas com a vota\u00e7\u00e3o diretamente no plen\u00e1rio.<\/p>\n\n\n\n<p>A tramita\u00e7\u00e3o em comiss\u00e3o especial foi justificada pela necessidade de apensar oito propostas legislativas. S\u00e3o elas: PL 3659\/2025, PL 3699\/2025, PL 3829\/2025, PL 4404\/2025, PL 4428\/2025, PL 4429\/2025, PL 4430\/2025 e PL 4442\/2025.<\/p>\n\n\n\n<p>Pego de surpresa, o autor do PL 2.780\/2024, deputado Z\u00e9 Silva (Solidariedade-MG), disse que achou \u201cruim\u201d que o projeto n\u00e3o siga de imediato para vota\u00e7\u00e3o em plen\u00e1rio. \u201cNossa expectativa era de vota\u00e7\u00e3o final, com a urg\u00eancia aprovada, direto no plen\u00e1rio. N\u00e3o queremos correr o risco de perder a corrida pelos minerais cr\u00edticos no cen\u00e1rio internacional\u201d, disse o parlamentar&#8221;, ao saber da manobra quando questionado pela reportagem \u00e0 <strong>Ag\u00eancia iNFRA<\/strong>.<\/p>\n\n\n\n<p>Z\u00e9 Silva \u00e9 presidente da FPMin (Frente Parlamentar da Minera\u00e7\u00e3o Sustent\u00e1vel). Nas \u00faltimas semanas, havia puxado a <a href=\"https:\/\/agenciainfra.com\/blog\/frente-parlamentar-busca-apoio-de-lideres-para-garantir-urgencia-na-aprovacao-da-politica-de-minerais-criticos\/\">mobiliza\u00e7\u00e3o<\/a> pela coleta do n\u00famero m\u00ednimo de assinaturas para submeter o requerimento de urg\u00eancia ao plen\u00e1rio.<\/p>\n\n\n\n<p>A manuten\u00e7\u00e3o do deputado Arnaldo Jardim (Cidadania-SP) como relator da mat\u00e9ria foi a \u00fanica parte da decis\u00e3o da C\u00e2mara esperada pelos parlamentares envolvidos no debate sobre minerais cr\u00edticos.<\/p>\n\n\n\n<p><strong>Riscos na tramita\u00e7\u00e3o<\/strong><br>Observadores mais atentos \u00e0s manobras regimentais no Congresso lembram que a decis\u00e3o de instalar uma comiss\u00e3o especial pode, por um lado, encurtar o caminho de aprova\u00e7\u00e3o de projetos ou, por outro, significar o completo esquecimento de uma mat\u00e9ria legislativa.<\/p>\n\n\n\n<p>O segundo caso, indesejado para os parlamentares interessados na aprova\u00e7\u00e3o, p\u00f4de ser observado na tramita\u00e7\u00e3o da reforma do setor el\u00e9trico que previa a portabilidade da conta de luz \u2013 direto de escolha do fornecedor de energia \u2013, previsto no PL 414\/2021. Naquela ocasi\u00e3o, o ent\u00e3o presidente da Casa, Arthur Lira (PP-AL), criou uma comiss\u00e3o especial para que houvesse o aprofundamento sobre quest\u00f5es t\u00e9cnicas, mas o colegiado nunca foi instaurado e seus membros indicados. \u00c9 o risco observado, agora, na tramita\u00e7\u00e3o da pol\u00edtica de minerais&nbsp;cr\u00edticos.<\/p>\n","protected":false},"excerpt":{"rendered":"<p>Rafael Bitencourt, da Ag\u00eancia iNFRA O PL (Projeto de Lei) 2.780\/2024, que institui a Pol\u00edtica Nacional de Minerais Cr\u00edticos e Estrat\u00e9gicos, sofreu um rev\u00e9s nesta quinta-feira (18) em tramita\u00e7\u00e3o no plen\u00e1rio da C\u00e2mara dos Deputados. Poucas horas depois de ter aprovado o regime de urg\u00eancia em sess\u00e3o conduzida pelo presidente da Casa, Hugo Motta (Republicanos-PB), [&hellip;]<\/p>\n","protected":false},"author":1,"featured_media":14894,"comment_status":"closed","ping_status":"closed","sticky":false,"template":"","format":"standard","meta":{"_monsterinsights_skip_tracking":false,"_monsterinsights_sitenote_active":false,"_monsterinsights_sitenote_note":"","_monsterinsights_sitenote_category":0,"footnotes":""},"categories":[7250,1,13239],"tags":[888,15024,2415,14124,1985,839,13228,13749,13231,13813,15025,13333,14265],"class_list":["post-28124","post","type-post","status-publish","format-standard","has-post-thumbnail","hentry","category-destaque-lista","category-geral","category-mineracao","tag-arnaldo-jardim","tag-frente-parlamentar-da-mineracao-sustentavel","tag-hugo-motta","tag-mel","tag-minas-gerais","tag-mineracao","tag-minerais-criticos","tag-minerais-estrategicos","tag-pl-2-780-2024","tag-rafael-bitencourt","tag-soberania-nacional","tag-terras-raras","tag-ze-silva"],"yoast_head":"<!-- This site is optimized with the Yoast SEO Premium plugin v25.4 (Yoast SEO v26.0) - https:\/\/yoast.com\/wordpress\/plugins\/seo\/ -->\n<title>PL dos minerais cr\u00edticos ser\u00e1 discutido em Comiss\u00e3o Especial - Ag\u00eancia iNFRA<\/title>\n<meta name=\"robots\" content=\"index, follow, max-snippet:-1, max-image-preview:large, max-video-preview:-1\" \/>\n<link rel=\"canonical\" href=\"https:\/\/agenciainfra.com\/blog\/pl-dos-minerais-criticos-sera-discutida-em-comissao-especial\/\" \/>\n<meta property=\"og:locale\" content=\"pt_BR\" \/>\n<meta property=\"og:type\" content=\"article\" \/>\n<meta property=\"og:title\" content=\"PL dos minerais cr\u00edticos ser\u00e1 discutido em Comiss\u00e3o Especial\" \/>\n<meta property=\"og:description\" content=\"Rafael Bitencourt, da Ag\u00eancia iNFRA O PL (Projeto de Lei) 2.780\/2024, que institui a Pol\u00edtica Nacional de Minerais Cr\u00edticos e Estrat\u00e9gicos, sofreu um rev\u00e9s nesta quinta-feira (18) em tramita\u00e7\u00e3o no plen\u00e1rio da C\u00e2mara dos Deputados. Poucas horas depois de ter aprovado o regime de urg\u00eancia em sess\u00e3o conduzida pelo presidente da Casa, Hugo Motta (Republicanos-PB), [&hellip;]\" \/>\n<meta property=\"og:url\" content=\"https:\/\/agenciainfra.com\/blog\/pl-dos-minerais-criticos-sera-discutida-em-comissao-especial\/\" \/>\n<meta property=\"og:site_name\" content=\"Ag\u00eancia iNFRA\" \/>\n<meta property=\"article:publisher\" content=\"https:\/\/www.facebook.com\/ageninfra\" \/>\n<meta property=\"article:published_time\" content=\"2025-09-19T00:05:51+00:00\" \/>\n<meta property=\"article:modified_time\" content=\"2025-09-22T12:19:16+00:00\" \/>\n<meta property=\"og:image\" content=\"https:\/\/agenciainfra.com\/blog\/wp-content\/uploads\/2023\/11\/plenario-camara-dos-deputados-foto-agencia-camara-zeca-ribeiro.jpg\" \/>\n\t<meta property=\"og:image:width\" content=\"1202\" \/>\n\t<meta property=\"og:image:height\" content=\"741\" \/>\n\t<meta property=\"og:image:type\" content=\"image\/jpeg\" \/>\n<meta name=\"author\" content=\"Ag\u00eancia iNFRA\" \/>\n<meta name=\"twitter:card\" content=\"summary_large_image\" \/>\n<meta name=\"twitter:creator\" content=\"@agencia_infra\" \/>\n<meta name=\"twitter:site\" content=\"@agencia_infra\" \/>\n<meta name=\"twitter:label1\" content=\"Escrito por\" \/>\n\t<meta name=\"twitter:data1\" content=\"Ag\u00eancia iNFRA\" \/>\n\t<meta name=\"twitter:label2\" content=\"Est. tempo de leitura\" \/>\n\t<meta name=\"twitter:data2\" content=\"2 minutos\" \/>\n<script type=\"application\/ld+json\" class=\"yoast-schema-graph\">{\"@context\":\"https:\/\/schema.org\",\"@graph\":[{\"@type\":\"Article\",\"@id\":\"https:\/\/agenciainfra.com\/blog\/pl-dos-minerais-criticos-sera-discutida-em-comissao-especial\/#article\",\"isPartOf\":{\"@id\":\"https:\/\/agenciainfra.com\/blog\/pl-dos-minerais-criticos-sera-discutida-em-comissao-especial\/\"},\"author\":{\"name\":\"Ag\u00eancia iNFRA\",\"@id\":\"https:\/\/agenciainfra.com\/blog\/#\/schema\/person\/34af08dff6adea4cb22b06612ba7acfa\"},\"headline\":\"PL dos minerais cr\u00edticos ser\u00e1 discutido em Comiss\u00e3o Especial\",\"datePublished\":\"2025-09-19T00:05:51+00:00\",\"dateModified\":\"2025-09-22T12:19:16+00:00\",\"mainEntityOfPage\":{\"@id\":\"https:\/\/agenciainfra.com\/blog\/pl-dos-minerais-criticos-sera-discutida-em-comissao-especial\/\"},\"wordCount\":425,\"publisher\":{\"@id\":\"https:\/\/agenciainfra.com\/blog\/#organization\"},\"image\":{\"@id\":\"https:\/\/agenciainfra.com\/blog\/pl-dos-minerais-criticos-sera-discutida-em-comissao-especial\/#primaryimage\"},\"thumbnailUrl\":\"https:\/\/agenciainfra.com\/blog\/wp-content\/uploads\/2023\/11\/plenario-camara-dos-deputados-foto-agencia-camara-zeca-ribeiro.jpg\",\"keywords\":[\"Arnaldo Jardim\",\"Frente Parlamentar da Minera\u00e7\u00e3o Sustent\u00e1vel\",\"Hugo Motta\",\"MEL\",\"Minas Gerais\",\"minera\u00e7\u00e3o\",\"minerais cr\u00edticos\",\"minerais estrat\u00e9gicos\",\"pl 2.780\/2024\",\"Rafael Bitencourt\",\"soberania nacional\",\"terras raras\",\"Z\u00e9 Silva\"],\"articleSection\":[\"Destaque lista\",\"Geral\",\"Minera\u00e7\u00e3o\"],\"inLanguage\":\"pt-BR\",\"copyrightYear\":\"2025\",\"copyrightHolder\":{\"@id\":\"https:\/\/agenciainfra.com\/blog\/#organization\"}},{\"@type\":\"WebPage\",\"@id\":\"https:\/\/agenciainfra.com\/blog\/pl-dos-minerais-criticos-sera-discutida-em-comissao-especial\/\",\"url\":\"https:\/\/agenciainfra.com\/blog\/pl-dos-minerais-criticos-sera-discutida-em-comissao-especial\/\",\"name\":\"PL dos minerais cr\u00edticos ser\u00e1 discutido em Comiss\u00e3o Especial - Ag\u00eancia iNFRA\",\"isPartOf\":{\"@id\":\"https:\/\/agenciainfra.com\/blog\/#website\"},\"primaryImageOfPage\":{\"@id\":\"https:\/\/agenciainfra.com\/blog\/pl-dos-minerais-criticos-sera-discutida-em-comissao-especial\/#primaryimage\"},\"image\":{\"@id\":\"https:\/\/agenciainfra.com\/blog\/pl-dos-minerais-criticos-sera-discutida-em-comissao-especial\/#primaryimage\"},\"thumbnailUrl\":\"https:\/\/agenciainfra.com\/blog\/wp-content\/uploads\/2023\/11\/plenario-camara-dos-deputados-foto-agencia-camara-zeca-ribeiro.jpg\",\"datePublished\":\"2025-09-19T00:05:51+00:00\",\"dateModified\":\"2025-09-22T12:19:16+00:00\",\"breadcrumb\":{\"@id\":\"https:\/\/agenciainfra.com\/blog\/pl-dos-minerais-criticos-sera-discutida-em-comissao-especial\/#breadcrumb\"},\"inLanguage\":\"pt-BR\",\"potentialAction\":[{\"@type\":\"ReadAction\",\"target\":[\"https:\/\/agenciainfra.com\/blog\/pl-dos-minerais-criticos-sera-discutida-em-comissao-especial\/\"]}]},{\"@type\":\"ImageObject\",\"inLanguage\":\"pt-BR\",\"@id\":\"https:\/\/agenciainfra.com\/blog\/pl-dos-minerais-criticos-sera-discutida-em-comissao-especial\/#primaryimage\",\"url\":\"https:\/\/agenciainfra.com\/blog\/wp-content\/uploads\/2023\/11\/plenario-camara-dos-deputados-foto-agencia-camara-zeca-ribeiro.jpg\",\"contentUrl\":\"https:\/\/agenciainfra.com\/blog\/wp-content\/uploads\/2023\/11\/plenario-camara-dos-deputados-foto-agencia-camara-zeca-ribeiro.jpg\",\"width\":1202,\"height\":741},{\"@type\":\"BreadcrumbList\",\"@id\":\"https:\/\/agenciainfra.com\/blog\/pl-dos-minerais-criticos-sera-discutida-em-comissao-especial\/#breadcrumb\",\"itemListElement\":[{\"@type\":\"ListItem\",\"position\":1,\"name\":\"In\u00edcio\",\"item\":\"https:\/\/agenciainfra.com\/blog\/\"},{\"@type\":\"ListItem\",\"position\":2,\"name\":\"PL dos minerais cr\u00edticos ser\u00e1 discutido em Comiss\u00e3o Especial\"}]},{\"@type\":\"WebSite\",\"@id\":\"https:\/\/agenciainfra.com\/blog\/#website\",\"url\":\"https:\/\/agenciainfra.com\/blog\/\",\"name\":\"Ag\u00eancia iNFRA\",\"description\":\"Multiplataforma de informa\u00e7\u00e3o jornal\u00edstica refer\u00eancia na \u00e1rea de infraestrutura no Brasil!\",\"publisher\":{\"@id\":\"https:\/\/agenciainfra.com\/blog\/#organization\"},\"potentialAction\":[{\"@type\":\"SearchAction\",\"target\":{\"@type\":\"EntryPoint\",\"urlTemplate\":\"https:\/\/agenciainfra.com\/blog\/?s={search_term_string}\"},\"query-input\":{\"@type\":\"PropertyValueSpecification\",\"valueRequired\":true,\"valueName\":\"search_term_string\"}}],\"inLanguage\":\"pt-BR\"},{\"@type\":\"Organization\",\"@id\":\"https:\/\/agenciainfra.com\/blog\/#organization\",\"name\":\"Ag\u00eancia iNFRA\",\"url\":\"https:\/\/agenciainfra.com\/blog\/\",\"logo\":{\"@type\":\"ImageObject\",\"inLanguage\":\"pt-BR\",\"@id\":\"https:\/\/agenciainfra.com\/blog\/#\/schema\/logo\/image\/\",\"url\":\"https:\/\/agenciainfra.com\/blog\/wp-content\/uploads\/2023\/09\/iNFRA_5-e1761735885940.png\",\"contentUrl\":\"https:\/\/agenciainfra.com\/blog\/wp-content\/uploads\/2023\/09\/iNFRA_5-e1761735885940.png\",\"width\":1672,\"height\":454,\"caption\":\"Ag\u00eancia iNFRA\"},\"image\":{\"@id\":\"https:\/\/agenciainfra.com\/blog\/#\/schema\/logo\/image\/\"},\"sameAs\":[\"https:\/\/www.facebook.com\/ageninfra\",\"https:\/\/x.com\/agencia_infra\",\"https:\/\/www.linkedin.com\/company\/ag\u00eanciainfra\/\",\"https:\/\/www.instagram.com\/agenciainfra\/\"]},{\"@type\":\"Person\",\"@id\":\"https:\/\/agenciainfra.com\/blog\/#\/schema\/person\/34af08dff6adea4cb22b06612ba7acfa\",\"name\":\"Ag\u00eancia iNFRA\",\"image\":{\"@type\":\"ImageObject\",\"inLanguage\":\"pt-BR\",\"@id\":\"https:\/\/agenciainfra.com\/blog\/#\/schema\/person\/image\/\",\"url\":\"https:\/\/secure.gravatar.com\/avatar\/d189e01678f06d8eb84d4e01f08eb848b3fffe3f8443818d3c356c66892f5be8?s=96&d=mm&r=g\",\"contentUrl\":\"https:\/\/secure.gravatar.com\/avatar\/d189e01678f06d8eb84d4e01f08eb848b3fffe3f8443818d3c356c66892f5be8?s=96&d=mm&r=g\",\"caption\":\"Ag\u00eancia iNFRA\"},\"url\":\"https:\/\/agenciainfra.com\/blog\/author\/admin\/\"}]}<\/script>\n<!-- \/ Yoast SEO Premium plugin. -->","yoast_head_json":{"title":"PL dos minerais cr\u00edticos ser\u00e1 discutido em Comiss\u00e3o Especial - Ag\u00eancia iNFRA","robots":{"index":"index","follow":"follow","max-snippet":"max-snippet:-1","max-image-preview":"max-image-preview:large","max-video-preview":"max-video-preview:-1"},"canonical":"https:\/\/agenciainfra.com\/blog\/pl-dos-minerais-criticos-sera-discutida-em-comissao-especial\/","og_locale":"pt_BR","og_type":"article","og_title":"PL dos minerais cr\u00edticos ser\u00e1 discutido em Comiss\u00e3o Especial","og_description":"Rafael Bitencourt, da Ag\u00eancia iNFRA O PL (Projeto de Lei) 2.780\/2024, que institui a Pol\u00edtica Nacional de Minerais Cr\u00edticos e Estrat\u00e9gicos, sofreu um rev\u00e9s nesta quinta-feira (18) em tramita\u00e7\u00e3o no plen\u00e1rio da C\u00e2mara dos Deputados. Poucas horas depois de ter aprovado o regime de urg\u00eancia em sess\u00e3o conduzida pelo presidente da Casa, Hugo Motta (Republicanos-PB), [&hellip;]","og_url":"https:\/\/agenciainfra.com\/blog\/pl-dos-minerais-criticos-sera-discutida-em-comissao-especial\/","og_site_name":"Ag\u00eancia iNFRA","article_publisher":"https:\/\/www.facebook.com\/ageninfra","article_published_time":"2025-09-19T00:05:51+00:00","article_modified_time":"2025-09-22T12:19:16+00:00","og_image":[{"width":1202,"height":741,"url":"https:\/\/agenciainfra.com\/blog\/wp-content\/uploads\/2023\/11\/plenario-camara-dos-deputados-foto-agencia-camara-zeca-ribeiro.jpg","type":"image\/jpeg"}],"author":"Ag\u00eancia iNFRA","twitter_card":"summary_large_image","twitter_creator":"@agencia_infra","twitter_site":"@agencia_infra","twitter_misc":{"Escrito por":"Ag\u00eancia iNFRA","Est. tempo de leitura":"2 minutos"},"schema":{"@context":"https:\/\/schema.org","@graph":[{"@type":"Article","@id":"https:\/\/agenciainfra.com\/blog\/pl-dos-minerais-criticos-sera-discutida-em-comissao-especial\/#article","isPartOf":{"@id":"https:\/\/agenciainfra.com\/blog\/pl-dos-minerais-criticos-sera-discutida-em-comissao-especial\/"},"author":{"name":"Ag\u00eancia iNFRA","@id":"https:\/\/agenciainfra.com\/blog\/#\/schema\/person\/34af08dff6adea4cb22b06612ba7acfa"},"headline":"PL dos minerais cr\u00edticos ser\u00e1 discutido em Comiss\u00e3o Especial","datePublished":"2025-09-19T00:05:51+00:00","dateModified":"2025-09-22T12:19:16+00:00","mainEntityOfPage":{"@id":"https:\/\/agenciainfra.com\/blog\/pl-dos-minerais-criticos-sera-discutida-em-comissao-especial\/"},"wordCount":425,"publisher":{"@id":"https:\/\/agenciainfra.com\/blog\/#organization"},"image":{"@id":"https:\/\/agenciainfra.com\/blog\/pl-dos-minerais-criticos-sera-discutida-em-comissao-especial\/#primaryimage"},"thumbnailUrl":"https:\/\/agenciainfra.com\/blog\/wp-content\/uploads\/2023\/11\/plenario-camara-dos-deputados-foto-agencia-camara-zeca-ribeiro.jpg","keywords":["Arnaldo Jardim","Frente Parlamentar da Minera\u00e7\u00e3o Sustent\u00e1vel","Hugo Motta","MEL","Minas Gerais","minera\u00e7\u00e3o","minerais cr\u00edticos","minerais estrat\u00e9gicos","pl 2.780\/2024","Rafael Bitencourt","soberania nacional","terras raras","Z\u00e9 Silva"],"articleSection":["Destaque lista","Geral","Minera\u00e7\u00e3o"],"inLanguage":"pt-BR","copyrightYear":"2025","copyrightHolder":{"@id":"https:\/\/agenciainfra.com\/blog\/#organization"}},{"@type":"WebPage","@id":"https:\/\/agenciainfra.com\/blog\/pl-dos-minerais-criticos-sera-discutida-em-comissao-especial\/","url":"https:\/\/agenciainfra.com\/blog\/pl-dos-minerais-criticos-sera-discutida-em-comissao-especial\/","name":"PL dos minerais cr\u00edticos ser\u00e1 discutido em Comiss\u00e3o Especial - Ag\u00eancia iNFRA","isPartOf":{"@id":"https:\/\/agenciainfra.com\/blog\/#website"},"primaryImageOfPage":{"@id":"https:\/\/agenciainfra.com\/blog\/pl-dos-minerais-criticos-sera-discutida-em-comissao-especial\/#primaryimage"},"image":{"@id":"https:\/\/agenciainfra.com\/blog\/pl-dos-minerais-criticos-sera-discutida-em-comissao-especial\/#primaryimage"},"thumbnailUrl":"https:\/\/agenciainfra.com\/blog\/wp-content\/uploads\/2023\/11\/plenario-camara-dos-deputados-foto-agencia-camara-zeca-ribeiro.jpg","datePublished":"2025-09-19T00:05:51+00:00","dateModified":"2025-09-22T12:19:16+00:00","breadcrumb":{"@id":"https:\/\/agenciainfra.com\/blog\/pl-dos-minerais-criticos-sera-discutida-em-comissao-especial\/#breadcrumb"},"inLanguage":"pt-BR","potentialAction":[{"@type":"ReadAction","target":["https:\/\/agenciainfra.com\/blog\/pl-dos-minerais-criticos-sera-discutida-em-comissao-especial\/"]}]},{"@type":"ImageObject","inLanguage":"pt-BR","@id":"https:\/\/agenciainfra.com\/blog\/pl-dos-minerais-criticos-sera-discutida-em-comissao-especial\/#primaryimage","url":"https:\/\/agenciainfra.com\/blog\/wp-content\/uploads\/2023\/11\/plenario-camara-dos-deputados-foto-agencia-camara-zeca-ribeiro.jpg","contentUrl":"https:\/\/agenciainfra.com\/blog\/wp-content\/uploads\/2023\/11\/plenario-camara-dos-deputados-foto-agencia-camara-zeca-ribeiro.jpg","width":1202,"height":741},{"@type":"BreadcrumbList","@id":"https:\/\/agenciainfra.com\/blog\/pl-dos-minerais-criticos-sera-discutida-em-comissao-especial\/#breadcrumb","itemListElement":[{"@type":"ListItem","position":1,"name":"In\u00edcio","item":"https:\/\/agenciainfra.com\/blog\/"},{"@type":"ListItem","position":2,"name":"PL dos minerais cr\u00edticos ser\u00e1 discutido em Comiss\u00e3o Especial"}]},{"@type":"WebSite","@id":"https:\/\/agenciainfra.com\/blog\/#website","url":"https:\/\/agenciainfra.com\/blog\/","name":"Ag\u00eancia iNFRA","description":"Multiplataforma de informa\u00e7\u00e3o jornal\u00edstica refer\u00eancia na \u00e1rea de infraestrutura no Brasil!","publisher":{"@id":"https:\/\/agenciainfra.com\/blog\/#organization"},"potentialAction":[{"@type":"SearchAction","target":{"@type":"EntryPoint","urlTemplate":"https:\/\/agenciainfra.com\/blog\/?s={search_term_string}"},"query-input":{"@type":"PropertyValueSpecification","valueRequired":true,"valueName":"search_term_string"}}],"inLanguage":"pt-BR"},{"@type":"Organization","@id":"https:\/\/agenciainfra.com\/blog\/#organization","name":"Ag\u00eancia iNFRA","url":"https:\/\/agenciainfra.com\/blog\/","logo":{"@type":"ImageObject","inLanguage":"pt-BR","@id":"https:\/\/agenciainfra.com\/blog\/#\/schema\/logo\/image\/","url":"https:\/\/agenciainfra.com\/blog\/wp-content\/uploads\/2023\/09\/iNFRA_5-e1761735885940.png","contentUrl":"https:\/\/agenciainfra.com\/blog\/wp-content\/uploads\/2023\/09\/iNFRA_5-e1761735885940.png","width":1672,"height":454,"caption":"Ag\u00eancia iNFRA"},"image":{"@id":"https:\/\/agenciainfra.com\/blog\/#\/schema\/logo\/image\/"},"sameAs":["https:\/\/www.facebook.com\/ageninfra","https:\/\/x.com\/agencia_infra","https:\/\/www.linkedin.com\/company\/ag\u00eanciainfra\/","https:\/\/www.instagram.com\/agenciainfra\/"]},{"@type":"Person","@id":"https:\/\/agenciainfra.com\/blog\/#\/schema\/person\/34af08dff6adea4cb22b06612ba7acfa","name":"Ag\u00eancia iNFRA","image":{"@type":"ImageObject","inLanguage":"pt-BR","@id":"https:\/\/agenciainfra.com\/blog\/#\/schema\/person\/image\/","url":"https:\/\/secure.gravatar.com\/avatar\/d189e01678f06d8eb84d4e01f08eb848b3fffe3f8443818d3c356c66892f5be8?s=96&d=mm&r=g","contentUrl":"https:\/\/secure.gravatar.com\/avatar\/d189e01678f06d8eb84d4e01f08eb848b3fffe3f8443818d3c356c66892f5be8?s=96&d=mm&r=g","caption":"Ag\u00eancia iNFRA"},"url":"https:\/\/agenciainfra.com\/blog\/author\/admin\/"}]}},"_links":{"self":[{"href":"https:\/\/agenciainfra.com\/blog\/wp-json\/wp\/v2\/posts\/28124","targetHints":{"allow":["GET"]}}],"collection":[{"href":"https:\/\/agenciainfra.com\/blog\/wp-json\/wp\/v2\/posts"}],"about":[{"href":"https:\/\/agenciainfra.com\/blog\/wp-json\/wp\/v2\/types\/post"}],"author":[{"embeddable":true,"href":"https:\/\/agenciainfra.com\/blog\/wp-json\/wp\/v2\/users\/1"}],"replies":[{"embeddable":true,"href":"https:\/\/agenciainfra.com\/blog\/wp-json\/wp\/v2\/comments?post=28124"}],"version-history":[{"count":4,"href":"https:\/\/agenciainfra.com\/blog\/wp-json\/wp\/v2\/posts\/28124\/revisions"}],"predecessor-version":[{"id":28132,"href":"https:\/\/agenciainfra.com\/blog\/wp-json\/wp\/v2\/posts\/28124\/revisions\/28132"}],"wp:featuredmedia":[{"embeddable":true,"href":"https:\/\/agenciainfra.com\/blog\/wp-json\/wp\/v2\/media\/14894"}],"wp:attachment":[{"href":"https:\/\/agenciainfra.com\/blog\/wp-json\/wp\/v2\/media?parent=28124"}],"wp:term":[{"taxonomy":"category","embeddable":true,"href":"https:\/\/agenciainfra.com\/blog\/wp-json\/wp\/v2\/categories?post=28124"},{"taxonomy":"post_tag","embeddable":true,"href":"https:\/\/agenciainfra.com\/blog\/wp-json\/wp\/v2\/tags?post=28124"}],"curies":[{"name":"wp","href":"https:\/\/api.w.org\/{rel}","templated":true}]}}