{"id":2813,"date":"2019-01-26T04:00:34","date_gmt":"2019-01-26T07:00:34","guid":{"rendered":"http:\/\/www.agenciainfra.com\/blog\/?p=2813"},"modified":"2019-01-24T08:17:20","modified_gmt":"2019-01-24T11:17:20","slug":"secretaria-integrara-planos-de-infraestrutura-e-avaliara-efeitos-na-economia","status":"publish","type":"post","link":"https:\/\/agenciainfra.com\/blog\/secretaria-integrara-planos-de-infraestrutura-e-avaliara-efeitos-na-economia\/","title":{"rendered":"Secretaria integrar\u00e1 planos de infraestrutura e avaliar\u00e1 efeitos na economia"},"content":{"rendered":"<div>\n<h5 style=\"text-align: right;\"><strong>Dimmi Amora,\u00a0da Ag\u00eancia iNFRA<\/strong><\/h5>\n<p>A nova configura\u00e7\u00e3o da SDI (Secretaria de Desenvolvimento da Infraestrutura), ligada ao Minist\u00e9rio da Economia, vai ter a miss\u00e3o de trabalhar em um planejamento de longo prazo, integrando os v\u00e1rios setores da infraestrutura do pa\u00eds, e criar m\u00e9todos que possam avaliar de forma mais efetiva os impactos da execu\u00e7\u00e3o de projetos do setor na economia.<\/p>\n<p>\u00c9 o que informa o novo secret\u00e1rio do \u00f3rg\u00e3o, Diogo Mac Cord, que \u00e9 subordinado \u00e0 Secretaria Especial de Produtividade, Emprego e Competitividade do minist\u00e9rio, em entrevista \u00e0\u00a0<strong>Ag\u00eancia iNFRA<\/strong>.<\/p>\n<p>A secretaria, que estava vinculada ao Minist\u00e9rio do Planejamento at\u00e9 o ano passado, vinculou-se \u00e0 secretaria da Produtividade, que recebeu ainda outros \u00f3rg\u00e3os que estavam na Fazenda, na Ind\u00fastria e Com\u00e9rcio e no Trabalho. Mac Cord avalia que a nova configura\u00e7\u00e3o ser\u00e1 boa para ajudar a trabalhar temas da infraestrutura em diferentes \u00e1reas.<\/p>\n<p>Se entre sua cria\u00e7\u00e3o e\u00a02018 a SDI\u00a0ficou fortemente vinculada ao PAC, Mac Cord informa que esse n\u00e3o ser\u00e1 mais o tema principal da pasta. Obras de grande porte que estavam no programa e a atribui\u00e7\u00e3o de ajudar os estados e munic\u00edpios passaram para o PPI e o restante das obras ficar\u00e1 sob responsabilidade de cada pasta.<\/p>\n<p>A ideia \u00e9 apoiar com mais presen\u00e7a, no in\u00edcio, as \u00e1reas de saneamento e mobilidade, que est\u00e3o em grau mais baixo de desenvolvimento que outras.<\/p>\n<p>&#8220;A SDI como existia n\u00e3o existe mais. Agora nossa atribui\u00e7\u00e3o \u00e9 pensar no futuro&#8221;, disse Mac Cord.<\/p>\n<p><strong>Taxa de Retorno Econ\u00f4mica<\/strong><br \/>\nA SDI ter\u00e1 como miss\u00e3o\u00a0estabelecer\u00a0Taxa\u00a0de Retorno Econ\u00f4mica &#8211; que n\u00e3o contabiliza apenas o retorno interno e financeiro do projeto &#8211; para os projetos para tentar fazer com que o pa\u00eds tenha uma carteira racional de investimentos em infraestrutura\u00a0e possa fazer adequadamente a prioriza\u00e7\u00e3o de projetos, por exemplo.<\/p>\n<p>Para isso, a secretaria quer criar mecanismos que possam medir\u00a0o impacto de implementa\u00e7\u00e3o de um grande plano de obras em algum setor dentro da sociedade para saber se haver\u00e1 m\u00e3o de obra, material e equipamentos, entre outros.<\/p>\n<p>Segundo ele, h\u00e1 estudos que mostram gargalos e necessidades de investimentos em diferentes \u00e1reas, mas nada que informe os impactos de sua realiza\u00e7\u00e3o ou da realiza\u00e7\u00e3o de v\u00e1rios deles ao mesmo tempo.<\/p>\n<p>&#8220;Qual seria o crescimento do pa\u00eds? E da infla\u00e7\u00e3o? H\u00e1 m\u00e3o de obra? Qual \u00e9 o impacto na produtividade do pa\u00eds se uma obra sair?&#8221;, lista Mac Cord alguma das perguntas que o trabalho da secretaria pretende responder.<\/p>\n<p><strong>Futuro da Infraestrutura<\/strong><br \/>\nMac Cord diz que outra miss\u00e3o da secretaria ser\u00e1 pensar a infraestrutura do pa\u00eds para daqui a 30 anos e planejar um horizonte de empreendimentos. Segundo ele, por ter um estoque de infraestrutura muito baixo, o Brasil pode pensar em fazer algo que seja voltado para as novas tecnologias.<\/p>\n<p>Para ele, isso ajudar\u00e1 o pa\u00eds no futuro, mas tamb\u00e9m no presente, trazendo\u00a0empresas que querem ter a seguran\u00e7a de que ter\u00e3o projetos para tocar n\u00e3o apenas no horizonte de um governo, mas de uma gera\u00e7\u00e3o.<\/p>\n<p>&#8220;Se voc\u00ea traz mais empresas pensando em 20 ou 30 anos, voc\u00ea traz mais concorr\u00eancia para hoje&#8221;, afirmou o secret\u00e1rio.<\/p>\n<\/div>\n","protected":false},"excerpt":{"rendered":"<p>Dimmi Amora,\u00a0da Ag\u00eancia iNFRA A nova configura\u00e7\u00e3o da SDI (Secretaria de Desenvolvimento da Infraestrutura), ligada ao Minist\u00e9rio da Economia, vai ter a miss\u00e3o de trabalhar em um planejamento de longo prazo, integrando os v\u00e1rios setores da infraestrutura do pa\u00eds, e criar m\u00e9todos que possam avaliar de forma mais efetiva os impactos da execu\u00e7\u00e3o de projetos [&hellip;]<\/p>\n","protected":false},"author":9,"featured_media":2818,"comment_status":"closed","ping_status":"open","sticky":false,"template":"","format":"standard","meta":{"_monsterinsights_skip_tracking":false,"_monsterinsights_sitenote_active":false,"_monsterinsights_sitenote_note":"","_monsterinsights_sitenote_category":0,"footnotes":""},"categories":[7],"tags":[768,34,766,765,767],"class_list":["post-2813","post","type-post","status-publish","format-standard","has-post-thumbnail","hentry","category-infratransporte","tag-diogo-mac-cord","tag-infraestrutura","tag-ministerio-da-economia","tag-secretaria-de-desenvolvimento-da-infraestrutura","tag-taxa-de-retorno-economica"],"yoast_head":"<!-- This site is optimized with the Yoast SEO Premium plugin v25.4 (Yoast SEO v26.0) - https:\/\/yoast.com\/wordpress\/plugins\/seo\/ -->\n<title>Secretaria integrar\u00e1 planos de infraestrutura e avaliar\u00e1 efeitos na economia - Ag\u00eancia iNFRA<\/title>\n<meta name=\"robots\" content=\"index, follow, max-snippet:-1, max-image-preview:large, max-video-preview:-1\" \/>\n<link rel=\"canonical\" href=\"https:\/\/agenciainfra.com\/blog\/secretaria-integrara-planos-de-infraestrutura-e-avaliara-efeitos-na-economia\/\" \/>\n<meta property=\"og:locale\" content=\"pt_BR\" \/>\n<meta property=\"og:type\" content=\"article\" \/>\n<meta property=\"og:title\" content=\"Secretaria integrar\u00e1 planos de infraestrutura e avaliar\u00e1 efeitos na economia\" \/>\n<meta property=\"og:description\" content=\"Dimmi Amora,\u00a0da Ag\u00eancia iNFRA A nova configura\u00e7\u00e3o da SDI (Secretaria de Desenvolvimento da Infraestrutura), ligada ao Minist\u00e9rio da Economia, vai ter a miss\u00e3o de trabalhar em um planejamento de longo prazo, integrando os v\u00e1rios setores da infraestrutura do pa\u00eds, e criar m\u00e9todos que possam avaliar de forma mais efetiva os impactos da execu\u00e7\u00e3o de projetos [&hellip;]\" \/>\n<meta property=\"og:url\" content=\"https:\/\/agenciainfra.com\/blog\/secretaria-integrara-planos-de-infraestrutura-e-avaliara-efeitos-na-economia\/\" \/>\n<meta property=\"og:site_name\" content=\"Ag\u00eancia iNFRA\" \/>\n<meta property=\"article:publisher\" content=\"https:\/\/www.facebook.com\/ageninfra\" \/>\n<meta property=\"article:published_time\" content=\"2019-01-26T07:00:34+00:00\" \/>\n<meta property=\"og:image\" content=\"https:\/\/agenciainfra.com\/blog\/wp-content\/uploads\/2019\/01\/Diogo-Mac-Cord-CACB.jpg\" \/>\n\t<meta property=\"og:image:width\" content=\"768\" \/>\n\t<meta property=\"og:image:height\" content=\"512\" \/>\n\t<meta property=\"og:image:type\" content=\"image\/jpeg\" \/>\n<meta name=\"author\" content=\"Rodrigo Zuquim\" \/>\n<meta name=\"twitter:card\" content=\"summary_large_image\" \/>\n<meta name=\"twitter:creator\" content=\"@agencia_infra\" \/>\n<meta name=\"twitter:site\" content=\"@agencia_infra\" \/>\n<meta name=\"twitter:label1\" content=\"Escrito por\" \/>\n\t<meta name=\"twitter:data1\" content=\"Rodrigo Zuquim\" \/>\n\t<meta name=\"twitter:label2\" content=\"Est. tempo de leitura\" \/>\n\t<meta name=\"twitter:data2\" content=\"3 minutos\" \/>\n<script type=\"application\/ld+json\" class=\"yoast-schema-graph\">{\"@context\":\"https:\/\/schema.org\",\"@graph\":[{\"@type\":\"Article\",\"@id\":\"https:\/\/agenciainfra.com\/blog\/secretaria-integrara-planos-de-infraestrutura-e-avaliara-efeitos-na-economia\/#article\",\"isPartOf\":{\"@id\":\"https:\/\/agenciainfra.com\/blog\/secretaria-integrara-planos-de-infraestrutura-e-avaliara-efeitos-na-economia\/\"},\"author\":{\"name\":\"Rodrigo Zuquim\",\"@id\":\"https:\/\/agenciainfra.com\/blog\/#\/schema\/person\/04dbb79bd6d8951f063da71f3e4c1eb1\"},\"headline\":\"Secretaria integrar\u00e1 planos de infraestrutura e avaliar\u00e1 efeitos na economia\",\"datePublished\":\"2019-01-26T07:00:34+00:00\",\"mainEntityOfPage\":{\"@id\":\"https:\/\/agenciainfra.com\/blog\/secretaria-integrara-planos-de-infraestrutura-e-avaliara-efeitos-na-economia\/\"},\"wordCount\":563,\"publisher\":{\"@id\":\"https:\/\/agenciainfra.com\/blog\/#organization\"},\"image\":{\"@id\":\"https:\/\/agenciainfra.com\/blog\/secretaria-integrara-planos-de-infraestrutura-e-avaliara-efeitos-na-economia\/#primaryimage\"},\"thumbnailUrl\":\"https:\/\/agenciainfra.com\/blog\/wp-content\/uploads\/2019\/01\/Diogo-Mac-Cord-CACB.jpg\",\"keywords\":[\"Diogo Mac Cord\",\"Infraestrutura\",\"Minist\u00e9rio da Economia\",\"Secretaria de Desenvolvimento da Infraestrutura\",\"Taxa de Retorno Econ\u00f4mica\"],\"articleSection\":[\"iNFRATransporte\"],\"inLanguage\":\"pt-BR\",\"copyrightYear\":\"2019\",\"copyrightHolder\":{\"@id\":\"https:\/\/agenciainfra.com\/blog\/#organization\"}},{\"@type\":\"WebPage\",\"@id\":\"https:\/\/agenciainfra.com\/blog\/secretaria-integrara-planos-de-infraestrutura-e-avaliara-efeitos-na-economia\/\",\"url\":\"https:\/\/agenciainfra.com\/blog\/secretaria-integrara-planos-de-infraestrutura-e-avaliara-efeitos-na-economia\/\",\"name\":\"Secretaria integrar\u00e1 planos de infraestrutura e avaliar\u00e1 efeitos na economia - Ag\u00eancia iNFRA\",\"isPartOf\":{\"@id\":\"https:\/\/agenciainfra.com\/blog\/#website\"},\"primaryImageOfPage\":{\"@id\":\"https:\/\/agenciainfra.com\/blog\/secretaria-integrara-planos-de-infraestrutura-e-avaliara-efeitos-na-economia\/#primaryimage\"},\"image\":{\"@id\":\"https:\/\/agenciainfra.com\/blog\/secretaria-integrara-planos-de-infraestrutura-e-avaliara-efeitos-na-economia\/#primaryimage\"},\"thumbnailUrl\":\"https:\/\/agenciainfra.com\/blog\/wp-content\/uploads\/2019\/01\/Diogo-Mac-Cord-CACB.jpg\",\"datePublished\":\"2019-01-26T07:00:34+00:00\",\"breadcrumb\":{\"@id\":\"https:\/\/agenciainfra.com\/blog\/secretaria-integrara-planos-de-infraestrutura-e-avaliara-efeitos-na-economia\/#breadcrumb\"},\"inLanguage\":\"pt-BR\",\"potentialAction\":[{\"@type\":\"ReadAction\",\"target\":[\"https:\/\/agenciainfra.com\/blog\/secretaria-integrara-planos-de-infraestrutura-e-avaliara-efeitos-na-economia\/\"]}]},{\"@type\":\"ImageObject\",\"inLanguage\":\"pt-BR\",\"@id\":\"https:\/\/agenciainfra.com\/blog\/secretaria-integrara-planos-de-infraestrutura-e-avaliara-efeitos-na-economia\/#primaryimage\",\"url\":\"https:\/\/agenciainfra.com\/blog\/wp-content\/uploads\/2019\/01\/Diogo-Mac-Cord-CACB.jpg\",\"contentUrl\":\"https:\/\/agenciainfra.com\/blog\/wp-content\/uploads\/2019\/01\/Diogo-Mac-Cord-CACB.jpg\",\"width\":768,\"height\":512},{\"@type\":\"BreadcrumbList\",\"@id\":\"https:\/\/agenciainfra.com\/blog\/secretaria-integrara-planos-de-infraestrutura-e-avaliara-efeitos-na-economia\/#breadcrumb\",\"itemListElement\":[{\"@type\":\"ListItem\",\"position\":1,\"name\":\"In\u00edcio\",\"item\":\"https:\/\/agenciainfra.com\/blog\/\"},{\"@type\":\"ListItem\",\"position\":2,\"name\":\"Secretaria integrar\u00e1 planos de infraestrutura e avaliar\u00e1 efeitos na economia\"}]},{\"@type\":\"WebSite\",\"@id\":\"https:\/\/agenciainfra.com\/blog\/#website\",\"url\":\"https:\/\/agenciainfra.com\/blog\/\",\"name\":\"Ag\u00eancia iNFRA\",\"description\":\"Multiplataforma de informa\u00e7\u00e3o jornal\u00edstica refer\u00eancia na \u00e1rea de infraestrutura no Brasil!\",\"publisher\":{\"@id\":\"https:\/\/agenciainfra.com\/blog\/#organization\"},\"potentialAction\":[{\"@type\":\"SearchAction\",\"target\":{\"@type\":\"EntryPoint\",\"urlTemplate\":\"https:\/\/agenciainfra.com\/blog\/?s={search_term_string}\"},\"query-input\":{\"@type\":\"PropertyValueSpecification\",\"valueRequired\":true,\"valueName\":\"search_term_string\"}}],\"inLanguage\":\"pt-BR\"},{\"@type\":\"Organization\",\"@id\":\"https:\/\/agenciainfra.com\/blog\/#organization\",\"name\":\"Ag\u00eancia iNFRA\",\"url\":\"https:\/\/agenciainfra.com\/blog\/\",\"logo\":{\"@type\":\"ImageObject\",\"inLanguage\":\"pt-BR\",\"@id\":\"https:\/\/agenciainfra.com\/blog\/#\/schema\/logo\/image\/\",\"url\":\"https:\/\/agenciainfra.com\/blog\/wp-content\/uploads\/2023\/09\/iNFRA_5-e1761735885940.png\",\"contentUrl\":\"https:\/\/agenciainfra.com\/blog\/wp-content\/uploads\/2023\/09\/iNFRA_5-e1761735885940.png\",\"width\":1672,\"height\":454,\"caption\":\"Ag\u00eancia iNFRA\"},\"image\":{\"@id\":\"https:\/\/agenciainfra.com\/blog\/#\/schema\/logo\/image\/\"},\"sameAs\":[\"https:\/\/www.facebook.com\/ageninfra\",\"https:\/\/x.com\/agencia_infra\",\"https:\/\/www.linkedin.com\/company\/ag\u00eanciainfra\/\",\"https:\/\/www.instagram.com\/agenciainfra\/\"]},{\"@type\":\"Person\",\"@id\":\"https:\/\/agenciainfra.com\/blog\/#\/schema\/person\/04dbb79bd6d8951f063da71f3e4c1eb1\",\"name\":\"Rodrigo Zuquim\",\"image\":{\"@type\":\"ImageObject\",\"inLanguage\":\"pt-BR\",\"@id\":\"https:\/\/agenciainfra.com\/blog\/#\/schema\/person\/image\/\",\"url\":\"https:\/\/secure.gravatar.com\/avatar\/594abfe82761d620726242ff34ca472a705a4b97f16c790053a6b4c4035274d0?s=96&d=mm&r=g\",\"contentUrl\":\"https:\/\/secure.gravatar.com\/avatar\/594abfe82761d620726242ff34ca472a705a4b97f16c790053a6b4c4035274d0?s=96&d=mm&r=g\",\"caption\":\"Rodrigo Zuquim\"},\"url\":\"https:\/\/agenciainfra.com\/blog\/author\/rodrigo-zuquim\/\"}]}<\/script>\n<!-- \/ Yoast SEO Premium plugin. -->","yoast_head_json":{"title":"Secretaria integrar\u00e1 planos de infraestrutura e avaliar\u00e1 efeitos na economia - Ag\u00eancia iNFRA","robots":{"index":"index","follow":"follow","max-snippet":"max-snippet:-1","max-image-preview":"max-image-preview:large","max-video-preview":"max-video-preview:-1"},"canonical":"https:\/\/agenciainfra.com\/blog\/secretaria-integrara-planos-de-infraestrutura-e-avaliara-efeitos-na-economia\/","og_locale":"pt_BR","og_type":"article","og_title":"Secretaria integrar\u00e1 planos de infraestrutura e avaliar\u00e1 efeitos na economia","og_description":"Dimmi Amora,\u00a0da Ag\u00eancia iNFRA A nova configura\u00e7\u00e3o da SDI (Secretaria de Desenvolvimento da Infraestrutura), ligada ao Minist\u00e9rio da Economia, vai ter a miss\u00e3o de trabalhar em um planejamento de longo prazo, integrando os v\u00e1rios setores da infraestrutura do pa\u00eds, e criar m\u00e9todos que possam avaliar de forma mais efetiva os impactos da execu\u00e7\u00e3o de projetos [&hellip;]","og_url":"https:\/\/agenciainfra.com\/blog\/secretaria-integrara-planos-de-infraestrutura-e-avaliara-efeitos-na-economia\/","og_site_name":"Ag\u00eancia iNFRA","article_publisher":"https:\/\/www.facebook.com\/ageninfra","article_published_time":"2019-01-26T07:00:34+00:00","og_image":[{"width":768,"height":512,"url":"https:\/\/agenciainfra.com\/blog\/wp-content\/uploads\/2019\/01\/Diogo-Mac-Cord-CACB.jpg","type":"image\/jpeg"}],"author":"Rodrigo Zuquim","twitter_card":"summary_large_image","twitter_creator":"@agencia_infra","twitter_site":"@agencia_infra","twitter_misc":{"Escrito por":"Rodrigo Zuquim","Est. tempo de leitura":"3 minutos"},"schema":{"@context":"https:\/\/schema.org","@graph":[{"@type":"Article","@id":"https:\/\/agenciainfra.com\/blog\/secretaria-integrara-planos-de-infraestrutura-e-avaliara-efeitos-na-economia\/#article","isPartOf":{"@id":"https:\/\/agenciainfra.com\/blog\/secretaria-integrara-planos-de-infraestrutura-e-avaliara-efeitos-na-economia\/"},"author":{"name":"Rodrigo Zuquim","@id":"https:\/\/agenciainfra.com\/blog\/#\/schema\/person\/04dbb79bd6d8951f063da71f3e4c1eb1"},"headline":"Secretaria integrar\u00e1 planos de infraestrutura e avaliar\u00e1 efeitos na economia","datePublished":"2019-01-26T07:00:34+00:00","mainEntityOfPage":{"@id":"https:\/\/agenciainfra.com\/blog\/secretaria-integrara-planos-de-infraestrutura-e-avaliara-efeitos-na-economia\/"},"wordCount":563,"publisher":{"@id":"https:\/\/agenciainfra.com\/blog\/#organization"},"image":{"@id":"https:\/\/agenciainfra.com\/blog\/secretaria-integrara-planos-de-infraestrutura-e-avaliara-efeitos-na-economia\/#primaryimage"},"thumbnailUrl":"https:\/\/agenciainfra.com\/blog\/wp-content\/uploads\/2019\/01\/Diogo-Mac-Cord-CACB.jpg","keywords":["Diogo Mac Cord","Infraestrutura","Minist\u00e9rio da Economia","Secretaria de Desenvolvimento da Infraestrutura","Taxa de Retorno Econ\u00f4mica"],"articleSection":["iNFRATransporte"],"inLanguage":"pt-BR","copyrightYear":"2019","copyrightHolder":{"@id":"https:\/\/agenciainfra.com\/blog\/#organization"}},{"@type":"WebPage","@id":"https:\/\/agenciainfra.com\/blog\/secretaria-integrara-planos-de-infraestrutura-e-avaliara-efeitos-na-economia\/","url":"https:\/\/agenciainfra.com\/blog\/secretaria-integrara-planos-de-infraestrutura-e-avaliara-efeitos-na-economia\/","name":"Secretaria integrar\u00e1 planos de infraestrutura e avaliar\u00e1 efeitos na economia - Ag\u00eancia iNFRA","isPartOf":{"@id":"https:\/\/agenciainfra.com\/blog\/#website"},"primaryImageOfPage":{"@id":"https:\/\/agenciainfra.com\/blog\/secretaria-integrara-planos-de-infraestrutura-e-avaliara-efeitos-na-economia\/#primaryimage"},"image":{"@id":"https:\/\/agenciainfra.com\/blog\/secretaria-integrara-planos-de-infraestrutura-e-avaliara-efeitos-na-economia\/#primaryimage"},"thumbnailUrl":"https:\/\/agenciainfra.com\/blog\/wp-content\/uploads\/2019\/01\/Diogo-Mac-Cord-CACB.jpg","datePublished":"2019-01-26T07:00:34+00:00","breadcrumb":{"@id":"https:\/\/agenciainfra.com\/blog\/secretaria-integrara-planos-de-infraestrutura-e-avaliara-efeitos-na-economia\/#breadcrumb"},"inLanguage":"pt-BR","potentialAction":[{"@type":"ReadAction","target":["https:\/\/agenciainfra.com\/blog\/secretaria-integrara-planos-de-infraestrutura-e-avaliara-efeitos-na-economia\/"]}]},{"@type":"ImageObject","inLanguage":"pt-BR","@id":"https:\/\/agenciainfra.com\/blog\/secretaria-integrara-planos-de-infraestrutura-e-avaliara-efeitos-na-economia\/#primaryimage","url":"https:\/\/agenciainfra.com\/blog\/wp-content\/uploads\/2019\/01\/Diogo-Mac-Cord-CACB.jpg","contentUrl":"https:\/\/agenciainfra.com\/blog\/wp-content\/uploads\/2019\/01\/Diogo-Mac-Cord-CACB.jpg","width":768,"height":512},{"@type":"BreadcrumbList","@id":"https:\/\/agenciainfra.com\/blog\/secretaria-integrara-planos-de-infraestrutura-e-avaliara-efeitos-na-economia\/#breadcrumb","itemListElement":[{"@type":"ListItem","position":1,"name":"In\u00edcio","item":"https:\/\/agenciainfra.com\/blog\/"},{"@type":"ListItem","position":2,"name":"Secretaria integrar\u00e1 planos de infraestrutura e avaliar\u00e1 efeitos na economia"}]},{"@type":"WebSite","@id":"https:\/\/agenciainfra.com\/blog\/#website","url":"https:\/\/agenciainfra.com\/blog\/","name":"Ag\u00eancia iNFRA","description":"Multiplataforma de informa\u00e7\u00e3o jornal\u00edstica refer\u00eancia na \u00e1rea de infraestrutura no Brasil!","publisher":{"@id":"https:\/\/agenciainfra.com\/blog\/#organization"},"potentialAction":[{"@type":"SearchAction","target":{"@type":"EntryPoint","urlTemplate":"https:\/\/agenciainfra.com\/blog\/?s={search_term_string}"},"query-input":{"@type":"PropertyValueSpecification","valueRequired":true,"valueName":"search_term_string"}}],"inLanguage":"pt-BR"},{"@type":"Organization","@id":"https:\/\/agenciainfra.com\/blog\/#organization","name":"Ag\u00eancia iNFRA","url":"https:\/\/agenciainfra.com\/blog\/","logo":{"@type":"ImageObject","inLanguage":"pt-BR","@id":"https:\/\/agenciainfra.com\/blog\/#\/schema\/logo\/image\/","url":"https:\/\/agenciainfra.com\/blog\/wp-content\/uploads\/2023\/09\/iNFRA_5-e1761735885940.png","contentUrl":"https:\/\/agenciainfra.com\/blog\/wp-content\/uploads\/2023\/09\/iNFRA_5-e1761735885940.png","width":1672,"height":454,"caption":"Ag\u00eancia iNFRA"},"image":{"@id":"https:\/\/agenciainfra.com\/blog\/#\/schema\/logo\/image\/"},"sameAs":["https:\/\/www.facebook.com\/ageninfra","https:\/\/x.com\/agencia_infra","https:\/\/www.linkedin.com\/company\/ag\u00eanciainfra\/","https:\/\/www.instagram.com\/agenciainfra\/"]},{"@type":"Person","@id":"https:\/\/agenciainfra.com\/blog\/#\/schema\/person\/04dbb79bd6d8951f063da71f3e4c1eb1","name":"Rodrigo Zuquim","image":{"@type":"ImageObject","inLanguage":"pt-BR","@id":"https:\/\/agenciainfra.com\/blog\/#\/schema\/person\/image\/","url":"https:\/\/secure.gravatar.com\/avatar\/594abfe82761d620726242ff34ca472a705a4b97f16c790053a6b4c4035274d0?s=96&d=mm&r=g","contentUrl":"https:\/\/secure.gravatar.com\/avatar\/594abfe82761d620726242ff34ca472a705a4b97f16c790053a6b4c4035274d0?s=96&d=mm&r=g","caption":"Rodrigo Zuquim"},"url":"https:\/\/agenciainfra.com\/blog\/author\/rodrigo-zuquim\/"}]}},"_links":{"self":[{"href":"https:\/\/agenciainfra.com\/blog\/wp-json\/wp\/v2\/posts\/2813","targetHints":{"allow":["GET"]}}],"collection":[{"href":"https:\/\/agenciainfra.com\/blog\/wp-json\/wp\/v2\/posts"}],"about":[{"href":"https:\/\/agenciainfra.com\/blog\/wp-json\/wp\/v2\/types\/post"}],"author":[{"embeddable":true,"href":"https:\/\/agenciainfra.com\/blog\/wp-json\/wp\/v2\/users\/9"}],"replies":[{"embeddable":true,"href":"https:\/\/agenciainfra.com\/blog\/wp-json\/wp\/v2\/comments?post=2813"}],"version-history":[{"count":0,"href":"https:\/\/agenciainfra.com\/blog\/wp-json\/wp\/v2\/posts\/2813\/revisions"}],"wp:featuredmedia":[{"embeddable":true,"href":"https:\/\/agenciainfra.com\/blog\/wp-json\/wp\/v2\/media\/2818"}],"wp:attachment":[{"href":"https:\/\/agenciainfra.com\/blog\/wp-json\/wp\/v2\/media?parent=2813"}],"wp:term":[{"taxonomy":"category","embeddable":true,"href":"https:\/\/agenciainfra.com\/blog\/wp-json\/wp\/v2\/categories?post=2813"},{"taxonomy":"post_tag","embeddable":true,"href":"https:\/\/agenciainfra.com\/blog\/wp-json\/wp\/v2\/tags?post=2813"}],"curies":[{"name":"wp","href":"https:\/\/api.w.org\/{rel}","templated":true}]}}