{"id":2814,"date":"2019-01-28T04:00:43","date_gmt":"2019-01-28T07:00:43","guid":{"rendered":"http:\/\/www.agenciainfra.com\/blog\/?p=2814"},"modified":"2019-01-24T08:46:53","modified_gmt":"2019-01-24T11:46:53","slug":"tcu-pode-rever-rescisao-de-contratos-da-libra-no-porto-de-santos","status":"publish","type":"post","link":"https:\/\/agenciainfra.com\/blog\/tcu-pode-rever-rescisao-de-contratos-da-libra-no-porto-de-santos\/","title":{"rendered":"TCU pode rever rescis\u00e3o de contratos da Libra no Porto de Santos"},"content":{"rendered":"<div>\n<h5 style=\"text-align: right;\"><strong>da Ag\u00eancia iNFRA<\/strong><\/h5>\n<p>O TCU (Tribunal de Contas da Uni\u00e3o) poder\u00e1 rever sua decis\u00e3o de determinar ao governo a rescis\u00e3o de contratos da Libra Terminais no Porto de Santos (SP). A decis\u00e3o foi tomada no Ac\u00f3rd\u00e3o 1.171\/2018 do plen\u00e1rio e anulava um termo aditivo que unificou \u00e1reas de tr\u00eas contratos do terminal de cont\u00eaineres da empresa e ampliou o prazo de arrendamento at\u00e9 2032.<\/p>\n<p>O entendimento dos ministros \u00e9 que o aditivo era ilegal porque a Libra n\u00e3o estava cumprindo o contrato &#8211; a empresa n\u00e3o pagava o valor dos arrendamentos e n\u00e3o havia feito todos os investimentos previstos. A determina\u00e7\u00e3o foi por anular o aditivo e fazer novas licita\u00e7\u00f5es.<\/p>\n<p>O governo tinha at\u00e9 esta semana para fazer as rescis\u00f5es dos contratos vencidos (um deles vence em maio de 2020 e poderia ser mantido), mas o TCU ampliou esse prazo at\u00e9 a decis\u00e3o do julgamento do processo\u00a0024.631\/2016-7, um agravo da Libra e da Uni\u00e3o em rela\u00e7\u00e3o \u00e0 decis\u00e3o do ano passado.<\/p>\n<p>A previs\u00e3o era que a decis\u00e3o nesse processo fosse realizada na sess\u00e3o da \u00faltima quarta-feira (23), mas o ministro-substituto Andr\u00e9 Luiz de Carvalho pediu vista do processo, que passou a ser relatado pelo ministro Raimundo Carreiro.<\/p>\n<p>Carreiro havia dado provimento a parte dos recursos, suspendendo as decis\u00f5es que determinavam a revis\u00e3o do contrato. H\u00e1 preocupa\u00e7\u00e3o da pr\u00f3pria Uni\u00e3o de que a decis\u00e3o do TCU, se mantida como est\u00e1, prejudique o processo de arbitragem que j\u00e1 foi vencido pelo governo e a Codesp.<\/p>\n<p>Os \u00e1rbitros entenderam que a Libra \u00e9 quem tem que pagar \u00e0 Uni\u00e3o pelos atrasos e que o governo n\u00e3o tem responsabilidade pelos problemas apontados pela empresa. De acordo com o ministro Bruno Dantas, se a decis\u00e3o for mantida na forma atual, isso poderia levar \u00e0 judicializa\u00e7\u00e3o do processo.<\/p>\n<p>A preocupa\u00e7\u00e3o dos ministros \u00e9 que o governo tenha uma solu\u00e7\u00e3o r\u00e1pida para a relicita\u00e7\u00e3o das \u00e1reas, visto que a Libra continua operando, mesmo em situa\u00e7\u00e3o irregular.<\/p>\n<p><strong>Agravo Negado<\/strong><br \/>\nEm outro processo, os ministros negaram \u00e0 ANTAQ (Ag\u00eancia Nacional de Transportes Aquavi\u00e1rios) pedido de reexame do ac\u00f3rd\u00e3o 2.486\/2018 que analisou atos da diretoria da Ag\u00eancia referentes \u00e0s prorroga\u00e7\u00f5es antecipadas de contratos de terminais portu\u00e1rios.<\/p>\n<p>O relator, ministro Raimundo Carreiro, entendeu que o recurso n\u00e3o deveria ser conhecido por n\u00e3o ser a modalidade apropriada. A ANTAQ queria rever os itens que impediam cautelarmente a assinatura de novas prorroga\u00e7\u00f5es contratuais.<\/p>\n<p>O TCU tamb\u00e9m confirmou cautelar que suspendeu processo de contrata\u00e7\u00e3o pela ANTT (Ag\u00eancia Nacional de Transportes Terrestres) de empresa de consultoria para apoio da ag\u00eancia na fiscaliza\u00e7\u00e3o e elabora\u00e7\u00e3o de concess\u00f5es.<\/p>\n<\/div>\n","protected":false},"excerpt":{"rendered":"<p>da Ag\u00eancia iNFRA O TCU (Tribunal de Contas da Uni\u00e3o) poder\u00e1 rever sua decis\u00e3o de determinar ao governo a rescis\u00e3o de contratos da Libra Terminais no Porto de Santos (SP). A decis\u00e3o foi tomada no Ac\u00f3rd\u00e3o 1.171\/2018 do plen\u00e1rio e anulava um termo aditivo que unificou \u00e1reas de tr\u00eas contratos do terminal de cont\u00eaineres da [&hellip;]<\/p>\n","protected":false},"author":9,"featured_media":2820,"comment_status":"closed","ping_status":"open","sticky":false,"template":"","format":"standard","meta":{"_monsterinsights_skip_tracking":false,"_monsterinsights_sitenote_active":false,"_monsterinsights_sitenote_note":"","_monsterinsights_sitenote_category":0,"footnotes":""},"categories":[7],"tags":[86,307,769,260,18],"class_list":["post-2814","post","type-post","status-publish","format-standard","has-post-thumbnail","hentry","category-infratransporte","tag-antaq","tag-codesp","tag-libra-terminais","tag-porto-de-santos","tag-tcu"],"yoast_head":"<!-- This site is optimized with the Yoast SEO Premium plugin v25.4 (Yoast SEO v26.0) - https:\/\/yoast.com\/wordpress\/plugins\/seo\/ -->\n<title>TCU pode rever rescis\u00e3o de contratos da Libra no Porto de Santos - Ag\u00eancia iNFRA<\/title>\n<meta name=\"robots\" content=\"index, follow, max-snippet:-1, max-image-preview:large, max-video-preview:-1\" \/>\n<link rel=\"canonical\" href=\"https:\/\/agenciainfra.com\/blog\/tcu-pode-rever-rescisao-de-contratos-da-libra-no-porto-de-santos\/\" \/>\n<meta property=\"og:locale\" content=\"pt_BR\" \/>\n<meta property=\"og:type\" content=\"article\" \/>\n<meta property=\"og:title\" content=\"TCU pode rever rescis\u00e3o de contratos da Libra no Porto de Santos\" \/>\n<meta property=\"og:description\" content=\"da Ag\u00eancia iNFRA O TCU (Tribunal de Contas da Uni\u00e3o) poder\u00e1 rever sua decis\u00e3o de determinar ao governo a rescis\u00e3o de contratos da Libra Terminais no Porto de Santos (SP). A decis\u00e3o foi tomada no Ac\u00f3rd\u00e3o 1.171\/2018 do plen\u00e1rio e anulava um termo aditivo que unificou \u00e1reas de tr\u00eas contratos do terminal de cont\u00eaineres da [&hellip;]\" \/>\n<meta property=\"og:url\" content=\"https:\/\/agenciainfra.com\/blog\/tcu-pode-rever-rescisao-de-contratos-da-libra-no-porto-de-santos\/\" \/>\n<meta property=\"og:site_name\" content=\"Ag\u00eancia iNFRA\" \/>\n<meta property=\"article:publisher\" content=\"https:\/\/www.facebook.com\/ageninfra\" \/>\n<meta property=\"article:published_time\" content=\"2019-01-28T07:00:43+00:00\" \/>\n<meta property=\"og:image\" content=\"https:\/\/agenciainfra.com\/blog\/wp-content\/uploads\/2019\/01\/porto-de-santos-sergio-coelho-ministerio-dos-transportes.jpeg\" \/>\n\t<meta property=\"og:image:width\" content=\"960\" \/>\n\t<meta property=\"og:image:height\" content=\"501\" \/>\n\t<meta property=\"og:image:type\" content=\"image\/jpeg\" \/>\n<meta name=\"author\" content=\"Rodrigo Zuquim\" \/>\n<meta name=\"twitter:card\" content=\"summary_large_image\" \/>\n<meta name=\"twitter:creator\" content=\"@agencia_infra\" \/>\n<meta name=\"twitter:site\" content=\"@agencia_infra\" \/>\n<meta name=\"twitter:label1\" content=\"Escrito por\" \/>\n\t<meta name=\"twitter:data1\" content=\"Rodrigo Zuquim\" \/>\n\t<meta name=\"twitter:label2\" content=\"Est. tempo de leitura\" \/>\n\t<meta name=\"twitter:data2\" content=\"2 minutos\" \/>\n<script type=\"application\/ld+json\" class=\"yoast-schema-graph\">{\"@context\":\"https:\/\/schema.org\",\"@graph\":[{\"@type\":\"Article\",\"@id\":\"https:\/\/agenciainfra.com\/blog\/tcu-pode-rever-rescisao-de-contratos-da-libra-no-porto-de-santos\/#article\",\"isPartOf\":{\"@id\":\"https:\/\/agenciainfra.com\/blog\/tcu-pode-rever-rescisao-de-contratos-da-libra-no-porto-de-santos\/\"},\"author\":{\"name\":\"Rodrigo Zuquim\",\"@id\":\"https:\/\/agenciainfra.com\/blog\/#\/schema\/person\/04dbb79bd6d8951f063da71f3e4c1eb1\"},\"headline\":\"TCU pode rever rescis\u00e3o de contratos da Libra no Porto de Santos\",\"datePublished\":\"2019-01-28T07:00:43+00:00\",\"mainEntityOfPage\":{\"@id\":\"https:\/\/agenciainfra.com\/blog\/tcu-pode-rever-rescisao-de-contratos-da-libra-no-porto-de-santos\/\"},\"wordCount\":478,\"publisher\":{\"@id\":\"https:\/\/agenciainfra.com\/blog\/#organization\"},\"image\":{\"@id\":\"https:\/\/agenciainfra.com\/blog\/tcu-pode-rever-rescisao-de-contratos-da-libra-no-porto-de-santos\/#primaryimage\"},\"thumbnailUrl\":\"https:\/\/agenciainfra.com\/blog\/wp-content\/uploads\/2019\/01\/porto-de-santos-sergio-coelho-ministerio-dos-transportes.jpeg\",\"keywords\":[\"ANTAQ\",\"Codesp\",\"Libra Terminais\",\"Porto de Santos\",\"TCU\"],\"articleSection\":[\"iNFRATransporte\"],\"inLanguage\":\"pt-BR\",\"copyrightYear\":\"2019\",\"copyrightHolder\":{\"@id\":\"https:\/\/agenciainfra.com\/blog\/#organization\"}},{\"@type\":\"WebPage\",\"@id\":\"https:\/\/agenciainfra.com\/blog\/tcu-pode-rever-rescisao-de-contratos-da-libra-no-porto-de-santos\/\",\"url\":\"https:\/\/agenciainfra.com\/blog\/tcu-pode-rever-rescisao-de-contratos-da-libra-no-porto-de-santos\/\",\"name\":\"TCU pode rever rescis\u00e3o de contratos da Libra no Porto de Santos - Ag\u00eancia iNFRA\",\"isPartOf\":{\"@id\":\"https:\/\/agenciainfra.com\/blog\/#website\"},\"primaryImageOfPage\":{\"@id\":\"https:\/\/agenciainfra.com\/blog\/tcu-pode-rever-rescisao-de-contratos-da-libra-no-porto-de-santos\/#primaryimage\"},\"image\":{\"@id\":\"https:\/\/agenciainfra.com\/blog\/tcu-pode-rever-rescisao-de-contratos-da-libra-no-porto-de-santos\/#primaryimage\"},\"thumbnailUrl\":\"https:\/\/agenciainfra.com\/blog\/wp-content\/uploads\/2019\/01\/porto-de-santos-sergio-coelho-ministerio-dos-transportes.jpeg\",\"datePublished\":\"2019-01-28T07:00:43+00:00\",\"breadcrumb\":{\"@id\":\"https:\/\/agenciainfra.com\/blog\/tcu-pode-rever-rescisao-de-contratos-da-libra-no-porto-de-santos\/#breadcrumb\"},\"inLanguage\":\"pt-BR\",\"potentialAction\":[{\"@type\":\"ReadAction\",\"target\":[\"https:\/\/agenciainfra.com\/blog\/tcu-pode-rever-rescisao-de-contratos-da-libra-no-porto-de-santos\/\"]}]},{\"@type\":\"ImageObject\",\"inLanguage\":\"pt-BR\",\"@id\":\"https:\/\/agenciainfra.com\/blog\/tcu-pode-rever-rescisao-de-contratos-da-libra-no-porto-de-santos\/#primaryimage\",\"url\":\"https:\/\/agenciainfra.com\/blog\/wp-content\/uploads\/2019\/01\/porto-de-santos-sergio-coelho-ministerio-dos-transportes.jpeg\",\"contentUrl\":\"https:\/\/agenciainfra.com\/blog\/wp-content\/uploads\/2019\/01\/porto-de-santos-sergio-coelho-ministerio-dos-transportes.jpeg\",\"width\":960,\"height\":501},{\"@type\":\"BreadcrumbList\",\"@id\":\"https:\/\/agenciainfra.com\/blog\/tcu-pode-rever-rescisao-de-contratos-da-libra-no-porto-de-santos\/#breadcrumb\",\"itemListElement\":[{\"@type\":\"ListItem\",\"position\":1,\"name\":\"In\u00edcio\",\"item\":\"https:\/\/agenciainfra.com\/blog\/\"},{\"@type\":\"ListItem\",\"position\":2,\"name\":\"TCU pode rever rescis\u00e3o de contratos da Libra no Porto de Santos\"}]},{\"@type\":\"WebSite\",\"@id\":\"https:\/\/agenciainfra.com\/blog\/#website\",\"url\":\"https:\/\/agenciainfra.com\/blog\/\",\"name\":\"Ag\u00eancia iNFRA\",\"description\":\"Multiplataforma de informa\u00e7\u00e3o jornal\u00edstica refer\u00eancia na \u00e1rea de infraestrutura no Brasil!\",\"publisher\":{\"@id\":\"https:\/\/agenciainfra.com\/blog\/#organization\"},\"potentialAction\":[{\"@type\":\"SearchAction\",\"target\":{\"@type\":\"EntryPoint\",\"urlTemplate\":\"https:\/\/agenciainfra.com\/blog\/?s={search_term_string}\"},\"query-input\":{\"@type\":\"PropertyValueSpecification\",\"valueRequired\":true,\"valueName\":\"search_term_string\"}}],\"inLanguage\":\"pt-BR\"},{\"@type\":\"Organization\",\"@id\":\"https:\/\/agenciainfra.com\/blog\/#organization\",\"name\":\"Ag\u00eancia iNFRA\",\"url\":\"https:\/\/agenciainfra.com\/blog\/\",\"logo\":{\"@type\":\"ImageObject\",\"inLanguage\":\"pt-BR\",\"@id\":\"https:\/\/agenciainfra.com\/blog\/#\/schema\/logo\/image\/\",\"url\":\"https:\/\/agenciainfra.com\/blog\/wp-content\/uploads\/2023\/09\/iNFRA_5-e1761735885940.png\",\"contentUrl\":\"https:\/\/agenciainfra.com\/blog\/wp-content\/uploads\/2023\/09\/iNFRA_5-e1761735885940.png\",\"width\":1672,\"height\":454,\"caption\":\"Ag\u00eancia iNFRA\"},\"image\":{\"@id\":\"https:\/\/agenciainfra.com\/blog\/#\/schema\/logo\/image\/\"},\"sameAs\":[\"https:\/\/www.facebook.com\/ageninfra\",\"https:\/\/x.com\/agencia_infra\",\"https:\/\/www.linkedin.com\/company\/ag\u00eanciainfra\/\",\"https:\/\/www.instagram.com\/agenciainfra\/\"]},{\"@type\":\"Person\",\"@id\":\"https:\/\/agenciainfra.com\/blog\/#\/schema\/person\/04dbb79bd6d8951f063da71f3e4c1eb1\",\"name\":\"Rodrigo Zuquim\",\"image\":{\"@type\":\"ImageObject\",\"inLanguage\":\"pt-BR\",\"@id\":\"https:\/\/agenciainfra.com\/blog\/#\/schema\/person\/image\/\",\"url\":\"https:\/\/secure.gravatar.com\/avatar\/594abfe82761d620726242ff34ca472a705a4b97f16c790053a6b4c4035274d0?s=96&d=mm&r=g\",\"contentUrl\":\"https:\/\/secure.gravatar.com\/avatar\/594abfe82761d620726242ff34ca472a705a4b97f16c790053a6b4c4035274d0?s=96&d=mm&r=g\",\"caption\":\"Rodrigo Zuquim\"},\"url\":\"https:\/\/agenciainfra.com\/blog\/author\/rodrigo-zuquim\/\"}]}<\/script>\n<!-- \/ Yoast SEO Premium plugin. -->","yoast_head_json":{"title":"TCU pode rever rescis\u00e3o de contratos da Libra no Porto de Santos - Ag\u00eancia iNFRA","robots":{"index":"index","follow":"follow","max-snippet":"max-snippet:-1","max-image-preview":"max-image-preview:large","max-video-preview":"max-video-preview:-1"},"canonical":"https:\/\/agenciainfra.com\/blog\/tcu-pode-rever-rescisao-de-contratos-da-libra-no-porto-de-santos\/","og_locale":"pt_BR","og_type":"article","og_title":"TCU pode rever rescis\u00e3o de contratos da Libra no Porto de Santos","og_description":"da Ag\u00eancia iNFRA O TCU (Tribunal de Contas da Uni\u00e3o) poder\u00e1 rever sua decis\u00e3o de determinar ao governo a rescis\u00e3o de contratos da Libra Terminais no Porto de Santos (SP). A decis\u00e3o foi tomada no Ac\u00f3rd\u00e3o 1.171\/2018 do plen\u00e1rio e anulava um termo aditivo que unificou \u00e1reas de tr\u00eas contratos do terminal de cont\u00eaineres da [&hellip;]","og_url":"https:\/\/agenciainfra.com\/blog\/tcu-pode-rever-rescisao-de-contratos-da-libra-no-porto-de-santos\/","og_site_name":"Ag\u00eancia iNFRA","article_publisher":"https:\/\/www.facebook.com\/ageninfra","article_published_time":"2019-01-28T07:00:43+00:00","og_image":[{"width":960,"height":501,"url":"https:\/\/agenciainfra.com\/blog\/wp-content\/uploads\/2019\/01\/porto-de-santos-sergio-coelho-ministerio-dos-transportes.jpeg","type":"image\/jpeg"}],"author":"Rodrigo Zuquim","twitter_card":"summary_large_image","twitter_creator":"@agencia_infra","twitter_site":"@agencia_infra","twitter_misc":{"Escrito por":"Rodrigo Zuquim","Est. tempo de leitura":"2 minutos"},"schema":{"@context":"https:\/\/schema.org","@graph":[{"@type":"Article","@id":"https:\/\/agenciainfra.com\/blog\/tcu-pode-rever-rescisao-de-contratos-da-libra-no-porto-de-santos\/#article","isPartOf":{"@id":"https:\/\/agenciainfra.com\/blog\/tcu-pode-rever-rescisao-de-contratos-da-libra-no-porto-de-santos\/"},"author":{"name":"Rodrigo Zuquim","@id":"https:\/\/agenciainfra.com\/blog\/#\/schema\/person\/04dbb79bd6d8951f063da71f3e4c1eb1"},"headline":"TCU pode rever rescis\u00e3o de contratos da Libra no Porto de Santos","datePublished":"2019-01-28T07:00:43+00:00","mainEntityOfPage":{"@id":"https:\/\/agenciainfra.com\/blog\/tcu-pode-rever-rescisao-de-contratos-da-libra-no-porto-de-santos\/"},"wordCount":478,"publisher":{"@id":"https:\/\/agenciainfra.com\/blog\/#organization"},"image":{"@id":"https:\/\/agenciainfra.com\/blog\/tcu-pode-rever-rescisao-de-contratos-da-libra-no-porto-de-santos\/#primaryimage"},"thumbnailUrl":"https:\/\/agenciainfra.com\/blog\/wp-content\/uploads\/2019\/01\/porto-de-santos-sergio-coelho-ministerio-dos-transportes.jpeg","keywords":["ANTAQ","Codesp","Libra Terminais","Porto de Santos","TCU"],"articleSection":["iNFRATransporte"],"inLanguage":"pt-BR","copyrightYear":"2019","copyrightHolder":{"@id":"https:\/\/agenciainfra.com\/blog\/#organization"}},{"@type":"WebPage","@id":"https:\/\/agenciainfra.com\/blog\/tcu-pode-rever-rescisao-de-contratos-da-libra-no-porto-de-santos\/","url":"https:\/\/agenciainfra.com\/blog\/tcu-pode-rever-rescisao-de-contratos-da-libra-no-porto-de-santos\/","name":"TCU pode rever rescis\u00e3o de contratos da Libra no Porto de Santos - Ag\u00eancia iNFRA","isPartOf":{"@id":"https:\/\/agenciainfra.com\/blog\/#website"},"primaryImageOfPage":{"@id":"https:\/\/agenciainfra.com\/blog\/tcu-pode-rever-rescisao-de-contratos-da-libra-no-porto-de-santos\/#primaryimage"},"image":{"@id":"https:\/\/agenciainfra.com\/blog\/tcu-pode-rever-rescisao-de-contratos-da-libra-no-porto-de-santos\/#primaryimage"},"thumbnailUrl":"https:\/\/agenciainfra.com\/blog\/wp-content\/uploads\/2019\/01\/porto-de-santos-sergio-coelho-ministerio-dos-transportes.jpeg","datePublished":"2019-01-28T07:00:43+00:00","breadcrumb":{"@id":"https:\/\/agenciainfra.com\/blog\/tcu-pode-rever-rescisao-de-contratos-da-libra-no-porto-de-santos\/#breadcrumb"},"inLanguage":"pt-BR","potentialAction":[{"@type":"ReadAction","target":["https:\/\/agenciainfra.com\/blog\/tcu-pode-rever-rescisao-de-contratos-da-libra-no-porto-de-santos\/"]}]},{"@type":"ImageObject","inLanguage":"pt-BR","@id":"https:\/\/agenciainfra.com\/blog\/tcu-pode-rever-rescisao-de-contratos-da-libra-no-porto-de-santos\/#primaryimage","url":"https:\/\/agenciainfra.com\/blog\/wp-content\/uploads\/2019\/01\/porto-de-santos-sergio-coelho-ministerio-dos-transportes.jpeg","contentUrl":"https:\/\/agenciainfra.com\/blog\/wp-content\/uploads\/2019\/01\/porto-de-santos-sergio-coelho-ministerio-dos-transportes.jpeg","width":960,"height":501},{"@type":"BreadcrumbList","@id":"https:\/\/agenciainfra.com\/blog\/tcu-pode-rever-rescisao-de-contratos-da-libra-no-porto-de-santos\/#breadcrumb","itemListElement":[{"@type":"ListItem","position":1,"name":"In\u00edcio","item":"https:\/\/agenciainfra.com\/blog\/"},{"@type":"ListItem","position":2,"name":"TCU pode rever rescis\u00e3o de contratos da Libra no Porto de Santos"}]},{"@type":"WebSite","@id":"https:\/\/agenciainfra.com\/blog\/#website","url":"https:\/\/agenciainfra.com\/blog\/","name":"Ag\u00eancia iNFRA","description":"Multiplataforma de informa\u00e7\u00e3o jornal\u00edstica refer\u00eancia na \u00e1rea de infraestrutura no Brasil!","publisher":{"@id":"https:\/\/agenciainfra.com\/blog\/#organization"},"potentialAction":[{"@type":"SearchAction","target":{"@type":"EntryPoint","urlTemplate":"https:\/\/agenciainfra.com\/blog\/?s={search_term_string}"},"query-input":{"@type":"PropertyValueSpecification","valueRequired":true,"valueName":"search_term_string"}}],"inLanguage":"pt-BR"},{"@type":"Organization","@id":"https:\/\/agenciainfra.com\/blog\/#organization","name":"Ag\u00eancia iNFRA","url":"https:\/\/agenciainfra.com\/blog\/","logo":{"@type":"ImageObject","inLanguage":"pt-BR","@id":"https:\/\/agenciainfra.com\/blog\/#\/schema\/logo\/image\/","url":"https:\/\/agenciainfra.com\/blog\/wp-content\/uploads\/2023\/09\/iNFRA_5-e1761735885940.png","contentUrl":"https:\/\/agenciainfra.com\/blog\/wp-content\/uploads\/2023\/09\/iNFRA_5-e1761735885940.png","width":1672,"height":454,"caption":"Ag\u00eancia iNFRA"},"image":{"@id":"https:\/\/agenciainfra.com\/blog\/#\/schema\/logo\/image\/"},"sameAs":["https:\/\/www.facebook.com\/ageninfra","https:\/\/x.com\/agencia_infra","https:\/\/www.linkedin.com\/company\/ag\u00eanciainfra\/","https:\/\/www.instagram.com\/agenciainfra\/"]},{"@type":"Person","@id":"https:\/\/agenciainfra.com\/blog\/#\/schema\/person\/04dbb79bd6d8951f063da71f3e4c1eb1","name":"Rodrigo Zuquim","image":{"@type":"ImageObject","inLanguage":"pt-BR","@id":"https:\/\/agenciainfra.com\/blog\/#\/schema\/person\/image\/","url":"https:\/\/secure.gravatar.com\/avatar\/594abfe82761d620726242ff34ca472a705a4b97f16c790053a6b4c4035274d0?s=96&d=mm&r=g","contentUrl":"https:\/\/secure.gravatar.com\/avatar\/594abfe82761d620726242ff34ca472a705a4b97f16c790053a6b4c4035274d0?s=96&d=mm&r=g","caption":"Rodrigo Zuquim"},"url":"https:\/\/agenciainfra.com\/blog\/author\/rodrigo-zuquim\/"}]}},"_links":{"self":[{"href":"https:\/\/agenciainfra.com\/blog\/wp-json\/wp\/v2\/posts\/2814","targetHints":{"allow":["GET"]}}],"collection":[{"href":"https:\/\/agenciainfra.com\/blog\/wp-json\/wp\/v2\/posts"}],"about":[{"href":"https:\/\/agenciainfra.com\/blog\/wp-json\/wp\/v2\/types\/post"}],"author":[{"embeddable":true,"href":"https:\/\/agenciainfra.com\/blog\/wp-json\/wp\/v2\/users\/9"}],"replies":[{"embeddable":true,"href":"https:\/\/agenciainfra.com\/blog\/wp-json\/wp\/v2\/comments?post=2814"}],"version-history":[{"count":0,"href":"https:\/\/agenciainfra.com\/blog\/wp-json\/wp\/v2\/posts\/2814\/revisions"}],"wp:featuredmedia":[{"embeddable":true,"href":"https:\/\/agenciainfra.com\/blog\/wp-json\/wp\/v2\/media\/2820"}],"wp:attachment":[{"href":"https:\/\/agenciainfra.com\/blog\/wp-json\/wp\/v2\/media?parent=2814"}],"wp:term":[{"taxonomy":"category","embeddable":true,"href":"https:\/\/agenciainfra.com\/blog\/wp-json\/wp\/v2\/categories?post=2814"},{"taxonomy":"post_tag","embeddable":true,"href":"https:\/\/agenciainfra.com\/blog\/wp-json\/wp\/v2\/tags?post=2814"}],"curies":[{"name":"wp","href":"https:\/\/api.w.org\/{rel}","templated":true}]}}