{"id":28141,"date":"2025-09-20T10:00:00","date_gmt":"2025-09-20T13:00:00","guid":{"rendered":"https:\/\/agenciainfra.com\/blog\/?p=28141"},"modified":"2025-09-22T21:27:01","modified_gmt":"2025-09-23T00:27:01","slug":"marcos-rogerio-assume-relatoria-de-pl-que-suspende-multas-do-free-flow","status":"publish","type":"post","link":"https:\/\/agenciainfra.com\/blog\/marcos-rogerio-assume-relatoria-de-pl-que-suspende-multas-do-free-flow\/","title":{"rendered":"Marcos Rog\u00e9rio assume relatoria de PL que suspende multas do free flow"},"content":{"rendered":"\n<p class=\"has-text-align-right\"><strong>Amanda Pupo, da Ag\u00eancia iNFRA<\/strong><\/p>\n\n\n\n<p>O presidente da CI (Comiss\u00e3o de Servi\u00e7os de Infraestrutura) do Senado, Marcos Rog\u00e9rio (PL-RO), decidiu assumir a relatoria do&nbsp;<a href=\"https:\/\/www25.senado.leg.br\/web\/atividade\/materias\/-\/materia\/144735\" target=\"_blank\" rel=\"noreferrer noopener\">PL (Projeto de Lei) 4.643\/2020<\/a>&nbsp;que, entre outros pontos, suspende por doze meses as multas aplicadas em rodovias que operam com o sistema free flow. Essa previs\u00e3o foi aprovada no fim do ano passado pela C\u00e2mara dos Deputados, mas Marcos Rog\u00e9rio est\u00e1 em conversas com o governo e a ANTT (Ag\u00eancia Nacional de Transportes Terrestres) para encontrar uma nova solu\u00e7\u00e3o que resolva apenas as infra\u00e7\u00f5es que j\u00e1 ocorreram, sem afetar as novas opera\u00e7\u00f5es.&nbsp;<br><br>O senador disse entender que o futuro do free flow e a comunica\u00e7\u00e3o com o usu\u00e1rio sobre as penalidades j\u00e1 estariam endere\u00e7ados com as regulamenta\u00e7\u00f5es tocadas pelo Minist\u00e9rio dos Transportes. Assim, n\u00e3o demandariam uma mudan\u00e7a legal. \u201cPara frente, eu acho que a partir de dezembro a gente consegue resolver&#8221;, disse \u00e0&nbsp;<strong>Ag\u00eancia iNFRA<\/strong>.&nbsp;<br><br>O secret\u00e1rio nacional de Tr\u00e2nsito, Adrualdo de Lima Cat\u00e3o, explicou \u00e0 reportagem que as concession\u00e1rias t\u00eam at\u00e9 dezembro para fazer a integra\u00e7\u00e3o necess\u00e1ria com os sistemas da Senatran (Secretaria Nacional de Tr\u00e2nsito) para promover a interoperabilidade. Isso vai permitir que as informa\u00e7\u00f5es sobre as cobran\u00e7as sejam centralizadas na CDT (Carteira Digital de Tr\u00e2nsito).&nbsp;<br><br>\u201cAs concession\u00e1rias j\u00e1 est\u00e3o em tratativas bem t\u00e9cnicas com o Serpro, que \u00e9 quem operacionaliza esses sistemas da Senatran. N\u00f3s teremos um evento agora segunda-feira para fechar e apresentar para o mercado todos esses detalhes t\u00e9cnicos\u201d, contou o secret\u00e1rio.<br><br>No momento, o presidente da CI discute com os t\u00e9cnicos do governo como endere\u00e7ar o passivo de penalidades aplicadas a quem n\u00e3o pagou, e se eventualmente seria poss\u00edvel atenuar as preocupa\u00e7\u00f5es do Congresso com regras infralegais, sem altera\u00e7\u00f5es na lei. Segundo o senador, que se reuniu com representantes da ANTT e do Minist\u00e9rio dos Transportes na segunda-feira (15), j\u00e1 houve um \u201cavan\u00e7o de 80%\u201d com as conversas.&nbsp;<br><br>Para ele, embora o PL aprovado pela C\u00e2mara tenha colocado uma solu\u00e7\u00e3o \u00e0 mesa, h\u00e1 uma preocupa\u00e7\u00e3o do setor privado sobre a mensagem que ser\u00e1 passada com a altera\u00e7\u00e3o legal. \u201cO que est\u00e1 se buscando \u00e9 uma forma de resolver o problema, mas sem criar problema de inseguran\u00e7a para o setor\u201d, disse.<br><br><strong>Crescimento das multas<\/strong><br>O avan\u00e7o de experi\u00eancias com o free flow no pa\u00eds mobilizou o Congresso diante do crescimento de multas por evas\u00e3o. Parlamentares come\u00e7aram a articular projetos de anistia a san\u00e7\u00f5es partindo da avalia\u00e7\u00e3o de que o usu\u00e1rio ainda n\u00e3o estaria plenamente subsidiado de informa\u00e7\u00f5es sobre a nova forma de cobran\u00e7a.<br><br>A interoperabilidade e a centraliza\u00e7\u00e3o das informa\u00e7\u00f5es na CDT tiveram suas diretrizes definidas por portaria da Senatran publicada em junho. O texto define que as concession\u00e1rias que operam o free flow t\u00eam de enviar uma s\u00e9rie de informa\u00e7\u00f5es cadastrais \u00e0 Senatran, desde os dados sobre o \u00f3rg\u00e3o com circunscri\u00e7\u00e3o sobre a via at\u00e9 informa\u00e7\u00f5es sobre as fornecedoras de VPO (Vale-Ped\u00e1gio Obrigat\u00f3rio).<\/p>\n","protected":false},"excerpt":{"rendered":"<p>Amanda Pupo, da Ag\u00eancia iNFRA O presidente da CI (Comiss\u00e3o de Servi\u00e7os de Infraestrutura) do Senado, Marcos Rog\u00e9rio (PL-RO), decidiu assumir a relatoria do&nbsp;PL (Projeto de Lei) 4.643\/2020&nbsp;que, entre outros pontos, suspende por doze meses as multas aplicadas em rodovias que operam com o sistema free flow. Essa previs\u00e3o foi aprovada no fim do ano [&hellip;]<\/p>\n","protected":false},"author":1,"featured_media":27258,"comment_status":"closed","ping_status":"closed","sticky":false,"template":"","format":"standard","meta":{"_monsterinsights_skip_tracking":false,"_monsterinsights_sitenote_active":false,"_monsterinsights_sitenote_note":"","_monsterinsights_sitenote_category":0,"footnotes":""},"categories":[1,7],"tags":[220,13354,1106,1843,15469,20,9905,15468,13274,1842,70,11964],"class_list":["post-28141","post","type-post","status-publish","format-standard","has-post-thumbnail","hentry","category-geral","category-infratransporte","tag-agencia-infra","tag-amanda-pupo","tag-free-flow","tag-multas","tag-multas-do-free-flow","tag-pedagio","tag-pedagio-eletronico","tag-pl-do-free-flow","tag-senador-marcos-rogerio","tag-transito","tag-transportes","tag-vale-pedagio"],"yoast_head":"<!-- This site is optimized with the Yoast SEO Premium plugin v25.4 (Yoast SEO v26.0) - https:\/\/yoast.com\/wordpress\/plugins\/seo\/ -->\n<title>Marcos Rog\u00e9rio assume relatoria de PL que suspende multas do free flow - Ag\u00eancia iNFRA<\/title>\n<meta name=\"robots\" content=\"index, follow, max-snippet:-1, max-image-preview:large, max-video-preview:-1\" \/>\n<link rel=\"canonical\" href=\"https:\/\/agenciainfra.com\/blog\/marcos-rogerio-assume-relatoria-de-pl-que-suspende-multas-do-free-flow\/\" \/>\n<meta property=\"og:locale\" content=\"pt_BR\" \/>\n<meta property=\"og:type\" content=\"article\" \/>\n<meta property=\"og:title\" content=\"Marcos Rog\u00e9rio assume relatoria de PL que suspende multas do free flow\" \/>\n<meta property=\"og:description\" content=\"Amanda Pupo, da Ag\u00eancia iNFRA O presidente da CI (Comiss\u00e3o de Servi\u00e7os de Infraestrutura) do Senado, Marcos Rog\u00e9rio (PL-RO), decidiu assumir a relatoria do&nbsp;PL (Projeto de Lei) 4.643\/2020&nbsp;que, entre outros pontos, suspende por doze meses as multas aplicadas em rodovias que operam com o sistema free flow. Essa previs\u00e3o foi aprovada no fim do ano [&hellip;]\" \/>\n<meta property=\"og:url\" content=\"https:\/\/agenciainfra.com\/blog\/marcos-rogerio-assume-relatoria-de-pl-que-suspende-multas-do-free-flow\/\" \/>\n<meta property=\"og:site_name\" content=\"Ag\u00eancia iNFRA\" \/>\n<meta property=\"article:publisher\" content=\"https:\/\/www.facebook.com\/ageninfra\" \/>\n<meta property=\"article:published_time\" content=\"2025-09-20T13:00:00+00:00\" \/>\n<meta property=\"article:modified_time\" content=\"2025-09-23T00:27:01+00:00\" \/>\n<meta property=\"og:image\" content=\"https:\/\/agenciainfra.com\/blog\/wp-content\/uploads\/2025\/09\/marcos-rogerio-foto-saulo-cruz-agencia-senado.jpg\" \/>\n\t<meta property=\"og:image:width\" content=\"1280\" \/>\n\t<meta property=\"og:image:height\" content=\"853\" \/>\n\t<meta property=\"og:image:type\" content=\"image\/jpeg\" \/>\n<meta name=\"author\" content=\"Ag\u00eancia iNFRA\" \/>\n<meta name=\"twitter:card\" content=\"summary_large_image\" \/>\n<meta name=\"twitter:creator\" content=\"@agencia_infra\" \/>\n<meta name=\"twitter:site\" content=\"@agencia_infra\" \/>\n<meta name=\"twitter:label1\" content=\"Escrito por\" \/>\n\t<meta name=\"twitter:data1\" content=\"Ag\u00eancia iNFRA\" \/>\n\t<meta name=\"twitter:label2\" content=\"Est. tempo de leitura\" \/>\n\t<meta name=\"twitter:data2\" content=\"3 minutos\" \/>\n<script type=\"application\/ld+json\" class=\"yoast-schema-graph\">{\"@context\":\"https:\/\/schema.org\",\"@graph\":[{\"@type\":\"Article\",\"@id\":\"https:\/\/agenciainfra.com\/blog\/marcos-rogerio-assume-relatoria-de-pl-que-suspende-multas-do-free-flow\/#article\",\"isPartOf\":{\"@id\":\"https:\/\/agenciainfra.com\/blog\/marcos-rogerio-assume-relatoria-de-pl-que-suspende-multas-do-free-flow\/\"},\"author\":{\"name\":\"Ag\u00eancia iNFRA\",\"@id\":\"https:\/\/agenciainfra.com\/blog\/#\/schema\/person\/34af08dff6adea4cb22b06612ba7acfa\"},\"headline\":\"Marcos Rog\u00e9rio assume relatoria de PL que suspende multas do free flow\",\"datePublished\":\"2025-09-20T13:00:00+00:00\",\"dateModified\":\"2025-09-23T00:27:01+00:00\",\"mainEntityOfPage\":{\"@id\":\"https:\/\/agenciainfra.com\/blog\/marcos-rogerio-assume-relatoria-de-pl-que-suspende-multas-do-free-flow\/\"},\"wordCount\":556,\"publisher\":{\"@id\":\"https:\/\/agenciainfra.com\/blog\/#organization\"},\"image\":{\"@id\":\"https:\/\/agenciainfra.com\/blog\/marcos-rogerio-assume-relatoria-de-pl-que-suspende-multas-do-free-flow\/#primaryimage\"},\"thumbnailUrl\":\"https:\/\/agenciainfra.com\/blog\/wp-content\/uploads\/2025\/09\/marcos-rogerio-foto-saulo-cruz-agencia-senado.jpg\",\"keywords\":[\"Ag\u00eancia iNFRA\",\"Amanda Pupo\",\"free flow\",\"multas\",\"multas do free flow\",\"Ped\u00e1gio\",\"ped\u00e1gio eletr\u00f4nico\",\"PL do free flow\",\"senador marcos rog\u00e9rio\",\"tr\u00e2nsito\",\"transportes\",\"vale-ped\u00e1gio\"],\"articleSection\":[\"Geral\",\"iNFRATransporte\"],\"inLanguage\":\"pt-BR\",\"copyrightYear\":\"2025\",\"copyrightHolder\":{\"@id\":\"https:\/\/agenciainfra.com\/blog\/#organization\"}},{\"@type\":\"WebPage\",\"@id\":\"https:\/\/agenciainfra.com\/blog\/marcos-rogerio-assume-relatoria-de-pl-que-suspende-multas-do-free-flow\/\",\"url\":\"https:\/\/agenciainfra.com\/blog\/marcos-rogerio-assume-relatoria-de-pl-que-suspende-multas-do-free-flow\/\",\"name\":\"Marcos Rog\u00e9rio assume relatoria de PL que suspende multas do free flow - Ag\u00eancia iNFRA\",\"isPartOf\":{\"@id\":\"https:\/\/agenciainfra.com\/blog\/#website\"},\"primaryImageOfPage\":{\"@id\":\"https:\/\/agenciainfra.com\/blog\/marcos-rogerio-assume-relatoria-de-pl-que-suspende-multas-do-free-flow\/#primaryimage\"},\"image\":{\"@id\":\"https:\/\/agenciainfra.com\/blog\/marcos-rogerio-assume-relatoria-de-pl-que-suspende-multas-do-free-flow\/#primaryimage\"},\"thumbnailUrl\":\"https:\/\/agenciainfra.com\/blog\/wp-content\/uploads\/2025\/09\/marcos-rogerio-foto-saulo-cruz-agencia-senado.jpg\",\"datePublished\":\"2025-09-20T13:00:00+00:00\",\"dateModified\":\"2025-09-23T00:27:01+00:00\",\"breadcrumb\":{\"@id\":\"https:\/\/agenciainfra.com\/blog\/marcos-rogerio-assume-relatoria-de-pl-que-suspende-multas-do-free-flow\/#breadcrumb\"},\"inLanguage\":\"pt-BR\",\"potentialAction\":[{\"@type\":\"ReadAction\",\"target\":[\"https:\/\/agenciainfra.com\/blog\/marcos-rogerio-assume-relatoria-de-pl-que-suspende-multas-do-free-flow\/\"]}]},{\"@type\":\"ImageObject\",\"inLanguage\":\"pt-BR\",\"@id\":\"https:\/\/agenciainfra.com\/blog\/marcos-rogerio-assume-relatoria-de-pl-que-suspende-multas-do-free-flow\/#primaryimage\",\"url\":\"https:\/\/agenciainfra.com\/blog\/wp-content\/uploads\/2025\/09\/marcos-rogerio-foto-saulo-cruz-agencia-senado.jpg\",\"contentUrl\":\"https:\/\/agenciainfra.com\/blog\/wp-content\/uploads\/2025\/09\/marcos-rogerio-foto-saulo-cruz-agencia-senado.jpg\",\"width\":1280,\"height\":853,\"caption\":\"Foto: Saulo Cruz\/Ag\u00eancia Senado\"},{\"@type\":\"BreadcrumbList\",\"@id\":\"https:\/\/agenciainfra.com\/blog\/marcos-rogerio-assume-relatoria-de-pl-que-suspende-multas-do-free-flow\/#breadcrumb\",\"itemListElement\":[{\"@type\":\"ListItem\",\"position\":1,\"name\":\"In\u00edcio\",\"item\":\"https:\/\/agenciainfra.com\/blog\/\"},{\"@type\":\"ListItem\",\"position\":2,\"name\":\"Marcos Rog\u00e9rio assume relatoria de PL que suspende multas do free flow\"}]},{\"@type\":\"WebSite\",\"@id\":\"https:\/\/agenciainfra.com\/blog\/#website\",\"url\":\"https:\/\/agenciainfra.com\/blog\/\",\"name\":\"Ag\u00eancia iNFRA\",\"description\":\"Multiplataforma de informa\u00e7\u00e3o jornal\u00edstica refer\u00eancia na \u00e1rea de infraestrutura no Brasil!\",\"publisher\":{\"@id\":\"https:\/\/agenciainfra.com\/blog\/#organization\"},\"potentialAction\":[{\"@type\":\"SearchAction\",\"target\":{\"@type\":\"EntryPoint\",\"urlTemplate\":\"https:\/\/agenciainfra.com\/blog\/?s={search_term_string}\"},\"query-input\":{\"@type\":\"PropertyValueSpecification\",\"valueRequired\":true,\"valueName\":\"search_term_string\"}}],\"inLanguage\":\"pt-BR\"},{\"@type\":\"Organization\",\"@id\":\"https:\/\/agenciainfra.com\/blog\/#organization\",\"name\":\"Ag\u00eancia iNFRA\",\"url\":\"https:\/\/agenciainfra.com\/blog\/\",\"logo\":{\"@type\":\"ImageObject\",\"inLanguage\":\"pt-BR\",\"@id\":\"https:\/\/agenciainfra.com\/blog\/#\/schema\/logo\/image\/\",\"url\":\"https:\/\/agenciainfra.com\/blog\/wp-content\/uploads\/2023\/09\/iNFRA_5-e1761735885940.png\",\"contentUrl\":\"https:\/\/agenciainfra.com\/blog\/wp-content\/uploads\/2023\/09\/iNFRA_5-e1761735885940.png\",\"width\":1672,\"height\":454,\"caption\":\"Ag\u00eancia iNFRA\"},\"image\":{\"@id\":\"https:\/\/agenciainfra.com\/blog\/#\/schema\/logo\/image\/\"},\"sameAs\":[\"https:\/\/www.facebook.com\/ageninfra\",\"https:\/\/x.com\/agencia_infra\",\"https:\/\/www.linkedin.com\/company\/ag\u00eanciainfra\/\",\"https:\/\/www.instagram.com\/agenciainfra\/\"]},{\"@type\":\"Person\",\"@id\":\"https:\/\/agenciainfra.com\/blog\/#\/schema\/person\/34af08dff6adea4cb22b06612ba7acfa\",\"name\":\"Ag\u00eancia iNFRA\",\"image\":{\"@type\":\"ImageObject\",\"inLanguage\":\"pt-BR\",\"@id\":\"https:\/\/agenciainfra.com\/blog\/#\/schema\/person\/image\/\",\"url\":\"https:\/\/secure.gravatar.com\/avatar\/d189e01678f06d8eb84d4e01f08eb848b3fffe3f8443818d3c356c66892f5be8?s=96&d=mm&r=g\",\"contentUrl\":\"https:\/\/secure.gravatar.com\/avatar\/d189e01678f06d8eb84d4e01f08eb848b3fffe3f8443818d3c356c66892f5be8?s=96&d=mm&r=g\",\"caption\":\"Ag\u00eancia iNFRA\"},\"url\":\"https:\/\/agenciainfra.com\/blog\/author\/admin\/\"}]}<\/script>\n<!-- \/ Yoast SEO Premium plugin. -->","yoast_head_json":{"title":"Marcos Rog\u00e9rio assume relatoria de PL que suspende multas do free flow - Ag\u00eancia iNFRA","robots":{"index":"index","follow":"follow","max-snippet":"max-snippet:-1","max-image-preview":"max-image-preview:large","max-video-preview":"max-video-preview:-1"},"canonical":"https:\/\/agenciainfra.com\/blog\/marcos-rogerio-assume-relatoria-de-pl-que-suspende-multas-do-free-flow\/","og_locale":"pt_BR","og_type":"article","og_title":"Marcos Rog\u00e9rio assume relatoria de PL que suspende multas do free flow","og_description":"Amanda Pupo, da Ag\u00eancia iNFRA O presidente da CI (Comiss\u00e3o de Servi\u00e7os de Infraestrutura) do Senado, Marcos Rog\u00e9rio (PL-RO), decidiu assumir a relatoria do&nbsp;PL (Projeto de Lei) 4.643\/2020&nbsp;que, entre outros pontos, suspende por doze meses as multas aplicadas em rodovias que operam com o sistema free flow. Essa previs\u00e3o foi aprovada no fim do ano [&hellip;]","og_url":"https:\/\/agenciainfra.com\/blog\/marcos-rogerio-assume-relatoria-de-pl-que-suspende-multas-do-free-flow\/","og_site_name":"Ag\u00eancia iNFRA","article_publisher":"https:\/\/www.facebook.com\/ageninfra","article_published_time":"2025-09-20T13:00:00+00:00","article_modified_time":"2025-09-23T00:27:01+00:00","og_image":[{"width":1280,"height":853,"url":"https:\/\/agenciainfra.com\/blog\/wp-content\/uploads\/2025\/09\/marcos-rogerio-foto-saulo-cruz-agencia-senado.jpg","type":"image\/jpeg"}],"author":"Ag\u00eancia iNFRA","twitter_card":"summary_large_image","twitter_creator":"@agencia_infra","twitter_site":"@agencia_infra","twitter_misc":{"Escrito por":"Ag\u00eancia iNFRA","Est. tempo de leitura":"3 minutos"},"schema":{"@context":"https:\/\/schema.org","@graph":[{"@type":"Article","@id":"https:\/\/agenciainfra.com\/blog\/marcos-rogerio-assume-relatoria-de-pl-que-suspende-multas-do-free-flow\/#article","isPartOf":{"@id":"https:\/\/agenciainfra.com\/blog\/marcos-rogerio-assume-relatoria-de-pl-que-suspende-multas-do-free-flow\/"},"author":{"name":"Ag\u00eancia iNFRA","@id":"https:\/\/agenciainfra.com\/blog\/#\/schema\/person\/34af08dff6adea4cb22b06612ba7acfa"},"headline":"Marcos Rog\u00e9rio assume relatoria de PL que suspende multas do free flow","datePublished":"2025-09-20T13:00:00+00:00","dateModified":"2025-09-23T00:27:01+00:00","mainEntityOfPage":{"@id":"https:\/\/agenciainfra.com\/blog\/marcos-rogerio-assume-relatoria-de-pl-que-suspende-multas-do-free-flow\/"},"wordCount":556,"publisher":{"@id":"https:\/\/agenciainfra.com\/blog\/#organization"},"image":{"@id":"https:\/\/agenciainfra.com\/blog\/marcos-rogerio-assume-relatoria-de-pl-que-suspende-multas-do-free-flow\/#primaryimage"},"thumbnailUrl":"https:\/\/agenciainfra.com\/blog\/wp-content\/uploads\/2025\/09\/marcos-rogerio-foto-saulo-cruz-agencia-senado.jpg","keywords":["Ag\u00eancia iNFRA","Amanda Pupo","free flow","multas","multas do free flow","Ped\u00e1gio","ped\u00e1gio eletr\u00f4nico","PL do free flow","senador marcos rog\u00e9rio","tr\u00e2nsito","transportes","vale-ped\u00e1gio"],"articleSection":["Geral","iNFRATransporte"],"inLanguage":"pt-BR","copyrightYear":"2025","copyrightHolder":{"@id":"https:\/\/agenciainfra.com\/blog\/#organization"}},{"@type":"WebPage","@id":"https:\/\/agenciainfra.com\/blog\/marcos-rogerio-assume-relatoria-de-pl-que-suspende-multas-do-free-flow\/","url":"https:\/\/agenciainfra.com\/blog\/marcos-rogerio-assume-relatoria-de-pl-que-suspende-multas-do-free-flow\/","name":"Marcos Rog\u00e9rio assume relatoria de PL que suspende multas do free flow - Ag\u00eancia iNFRA","isPartOf":{"@id":"https:\/\/agenciainfra.com\/blog\/#website"},"primaryImageOfPage":{"@id":"https:\/\/agenciainfra.com\/blog\/marcos-rogerio-assume-relatoria-de-pl-que-suspende-multas-do-free-flow\/#primaryimage"},"image":{"@id":"https:\/\/agenciainfra.com\/blog\/marcos-rogerio-assume-relatoria-de-pl-que-suspende-multas-do-free-flow\/#primaryimage"},"thumbnailUrl":"https:\/\/agenciainfra.com\/blog\/wp-content\/uploads\/2025\/09\/marcos-rogerio-foto-saulo-cruz-agencia-senado.jpg","datePublished":"2025-09-20T13:00:00+00:00","dateModified":"2025-09-23T00:27:01+00:00","breadcrumb":{"@id":"https:\/\/agenciainfra.com\/blog\/marcos-rogerio-assume-relatoria-de-pl-que-suspende-multas-do-free-flow\/#breadcrumb"},"inLanguage":"pt-BR","potentialAction":[{"@type":"ReadAction","target":["https:\/\/agenciainfra.com\/blog\/marcos-rogerio-assume-relatoria-de-pl-que-suspende-multas-do-free-flow\/"]}]},{"@type":"ImageObject","inLanguage":"pt-BR","@id":"https:\/\/agenciainfra.com\/blog\/marcos-rogerio-assume-relatoria-de-pl-que-suspende-multas-do-free-flow\/#primaryimage","url":"https:\/\/agenciainfra.com\/blog\/wp-content\/uploads\/2025\/09\/marcos-rogerio-foto-saulo-cruz-agencia-senado.jpg","contentUrl":"https:\/\/agenciainfra.com\/blog\/wp-content\/uploads\/2025\/09\/marcos-rogerio-foto-saulo-cruz-agencia-senado.jpg","width":1280,"height":853,"caption":"Foto: Saulo Cruz\/Ag\u00eancia Senado"},{"@type":"BreadcrumbList","@id":"https:\/\/agenciainfra.com\/blog\/marcos-rogerio-assume-relatoria-de-pl-que-suspende-multas-do-free-flow\/#breadcrumb","itemListElement":[{"@type":"ListItem","position":1,"name":"In\u00edcio","item":"https:\/\/agenciainfra.com\/blog\/"},{"@type":"ListItem","position":2,"name":"Marcos Rog\u00e9rio assume relatoria de PL que suspende multas do free flow"}]},{"@type":"WebSite","@id":"https:\/\/agenciainfra.com\/blog\/#website","url":"https:\/\/agenciainfra.com\/blog\/","name":"Ag\u00eancia iNFRA","description":"Multiplataforma de informa\u00e7\u00e3o jornal\u00edstica refer\u00eancia na \u00e1rea de infraestrutura no Brasil!","publisher":{"@id":"https:\/\/agenciainfra.com\/blog\/#organization"},"potentialAction":[{"@type":"SearchAction","target":{"@type":"EntryPoint","urlTemplate":"https:\/\/agenciainfra.com\/blog\/?s={search_term_string}"},"query-input":{"@type":"PropertyValueSpecification","valueRequired":true,"valueName":"search_term_string"}}],"inLanguage":"pt-BR"},{"@type":"Organization","@id":"https:\/\/agenciainfra.com\/blog\/#organization","name":"Ag\u00eancia iNFRA","url":"https:\/\/agenciainfra.com\/blog\/","logo":{"@type":"ImageObject","inLanguage":"pt-BR","@id":"https:\/\/agenciainfra.com\/blog\/#\/schema\/logo\/image\/","url":"https:\/\/agenciainfra.com\/blog\/wp-content\/uploads\/2023\/09\/iNFRA_5-e1761735885940.png","contentUrl":"https:\/\/agenciainfra.com\/blog\/wp-content\/uploads\/2023\/09\/iNFRA_5-e1761735885940.png","width":1672,"height":454,"caption":"Ag\u00eancia iNFRA"},"image":{"@id":"https:\/\/agenciainfra.com\/blog\/#\/schema\/logo\/image\/"},"sameAs":["https:\/\/www.facebook.com\/ageninfra","https:\/\/x.com\/agencia_infra","https:\/\/www.linkedin.com\/company\/ag\u00eanciainfra\/","https:\/\/www.instagram.com\/agenciainfra\/"]},{"@type":"Person","@id":"https:\/\/agenciainfra.com\/blog\/#\/schema\/person\/34af08dff6adea4cb22b06612ba7acfa","name":"Ag\u00eancia iNFRA","image":{"@type":"ImageObject","inLanguage":"pt-BR","@id":"https:\/\/agenciainfra.com\/blog\/#\/schema\/person\/image\/","url":"https:\/\/secure.gravatar.com\/avatar\/d189e01678f06d8eb84d4e01f08eb848b3fffe3f8443818d3c356c66892f5be8?s=96&d=mm&r=g","contentUrl":"https:\/\/secure.gravatar.com\/avatar\/d189e01678f06d8eb84d4e01f08eb848b3fffe3f8443818d3c356c66892f5be8?s=96&d=mm&r=g","caption":"Ag\u00eancia iNFRA"},"url":"https:\/\/agenciainfra.com\/blog\/author\/admin\/"}]}},"_links":{"self":[{"href":"https:\/\/agenciainfra.com\/blog\/wp-json\/wp\/v2\/posts\/28141","targetHints":{"allow":["GET"]}}],"collection":[{"href":"https:\/\/agenciainfra.com\/blog\/wp-json\/wp\/v2\/posts"}],"about":[{"href":"https:\/\/agenciainfra.com\/blog\/wp-json\/wp\/v2\/types\/post"}],"author":[{"embeddable":true,"href":"https:\/\/agenciainfra.com\/blog\/wp-json\/wp\/v2\/users\/1"}],"replies":[{"embeddable":true,"href":"https:\/\/agenciainfra.com\/blog\/wp-json\/wp\/v2\/comments?post=28141"}],"version-history":[{"count":1,"href":"https:\/\/agenciainfra.com\/blog\/wp-json\/wp\/v2\/posts\/28141\/revisions"}],"predecessor-version":[{"id":28142,"href":"https:\/\/agenciainfra.com\/blog\/wp-json\/wp\/v2\/posts\/28141\/revisions\/28142"}],"wp:featuredmedia":[{"embeddable":true,"href":"https:\/\/agenciainfra.com\/blog\/wp-json\/wp\/v2\/media\/27258"}],"wp:attachment":[{"href":"https:\/\/agenciainfra.com\/blog\/wp-json\/wp\/v2\/media?parent=28141"}],"wp:term":[{"taxonomy":"category","embeddable":true,"href":"https:\/\/agenciainfra.com\/blog\/wp-json\/wp\/v2\/categories?post=28141"},{"taxonomy":"post_tag","embeddable":true,"href":"https:\/\/agenciainfra.com\/blog\/wp-json\/wp\/v2\/tags?post=28141"}],"curies":[{"name":"wp","href":"https:\/\/api.w.org\/{rel}","templated":true}]}}