{"id":28143,"date":"2025-09-22T08:00:00","date_gmt":"2025-09-22T11:00:00","guid":{"rendered":"https:\/\/agenciainfra.com\/blog\/?p=28143"},"modified":"2025-09-22T21:27:40","modified_gmt":"2025-09-23T00:27:40","slug":"com-free-flow-br-381-mg-aposta-em-comunicacao-contra-inadimplencia","status":"publish","type":"post","link":"https:\/\/agenciainfra.com\/blog\/com-free-flow-br-381-mg-aposta-em-comunicacao-contra-inadimplencia\/","title":{"rendered":"Com free flow, BR-381\/MG aposta em comunica\u00e7\u00e3o contra inadimpl\u00eancia"},"content":{"rendered":"\n<p class=\"has-text-align-right\"><strong>Gabriela Vila\u00e7a, para a Ag\u00eancia iNFRA<\/strong><\/p>\n\n\n\n<p>A Nova 381, concession\u00e1ria respons\u00e1vel pela gest\u00e3o de 303,4 quil\u00f4metros da BR-381 em Minas Gerais, ser\u00e1 a primeira rodovia federal a operar com cobran\u00e7a de ped\u00e1gio 100% no sistema free flow. O in\u00edcio est\u00e1 previsto para o dia 27 de setembro, com dois p\u00f3rticos em opera\u00e7\u00e3o (Caet\u00e9 e Jo\u00e3o Monlevade), enquanto os demais devem ser ativados at\u00e9 novembro.<br><br>O contrato original previa cinco pra\u00e7as f\u00edsicas de ped\u00e1gio, mas a concession\u00e1ria firmou um aditivo com a ANTT (Ag\u00eancia Nacional de Transportes Terrestres) em mar\u00e7o, permitindo a migra\u00e7\u00e3o integral para o sistema de passagem autom\u00e1tica.\u00a0<br><br>\u201cO free flow \u00e9 o futuro das concess\u00f5es. Houve interesse nosso, abertura da ag\u00eancia para essa modifica\u00e7\u00e3o e existe um n\u00edvel de regula\u00e7\u00e3o suficiente para dar seguran\u00e7a ao investidor, embora ainda haja muita discuss\u00e3o sobre o tema\u201d, comentou em entrevista \u00e0<strong>\u00a0Ag\u00eancia iNFRA<\/strong>\u00a0o CEO da Nova 381, Marcelo Boaventura.<br><br>Segundo ele, a decis\u00e3o por um modelo 100% free flow tamb\u00e9m se apoiou em ganhos de efici\u00eancia, seguran\u00e7a e sustentabilidade. \u201cAs pra\u00e7as f\u00edsicas t\u00eam custo elevado de implanta\u00e7\u00e3o e opera\u00e7\u00e3o. O free flow reduz emiss\u00f5es, trazendo benef\u00edcios ambientais, e seguran\u00e7a vi\u00e1ria, ao melhorar a fluidez\u201d, disse.<br><br>Boaventura reconhece, por\u00e9m, o temor da inadimpl\u00eancia e a\u00a0<a href=\"https:\/\/agenciainfra.com\/blog\/concessionarias-cobram-integracao-e-regras-claras-para-o-free-flow\/\" target=\"_blank\" rel=\"noreferrer noopener\">\u201cimaturidade\u201d regulat\u00f3ria<\/a>\u00a0ainda existente. Ele lembrou que o modelo \u00e9 novo para todo o ecossistema, mas, segundo o executivo, est\u00e3o sendo realizadas reuni\u00f5es semanais com a ANTT e as concession\u00e1rias para buscar uma regula\u00e7\u00e3o mais objetiva e transparente, j\u00e1 que o momento \u00e9 de \u201centrar no detalhe\u201d de como ser\u00e3o as regras.\u00a0<br><br>Sobre a preocupa\u00e7\u00e3o com a inadimpl\u00eancia, Boaventura disse que a concession\u00e1ria entende que pode haver uma curva de evas\u00e3o maior nos primeiros meses, mas a aposta \u00e9 em campanhas de comunica\u00e7\u00e3o e m\u00faltiplos canais de pagamento para mitigar esse efeito. \u201cO usu\u00e1rio vai perceber a rela\u00e7\u00e3o direta entre tarifa e qualidade da rodovia\u201d, enfatizou.\u00a0<br><br><strong>Passado<\/strong><br>A concession\u00e1ria assumiu a 381, conhecida como a \u201cRodovia da Morte\u201d, em fevereiro. \u201cEra uma rodovia marcada pela falta de manuten\u00e7\u00e3o, com muito desgaste no pavimento, abandono e sinaliza\u00e7\u00e3o prec\u00e1ria. J\u00e1 aplicamos mais de 145 mil toneladas de asfalto, o dobro do previsto nos projetos iniciais. Esse n\u00famero \u00e9 muito acima do razo\u00e1vel para trabalhos iniciais, e reflete o desgaste que a via tinha\u201d, afirma.<br><br>Al\u00e9m do ped\u00e1gio autom\u00e1tico, a empresa antecipou a instala\u00e7\u00e3o de cobertura 4G, j\u00e1 presente em 100% da via (segundo a concession\u00e1ria, a cobertura atingia 50% do trecho at\u00e9 ent\u00e3o), e negocia com a ANTT a substitui\u00e7\u00e3o das tr\u00eas balan\u00e7as tradicionais previstas em contrato pelo modelo de pesagem em movimento (HSWim), com previs\u00e3o para o final de 2026.<br><br><strong>Nova 364, em Rond\u00f4nia, segue mesma rota<\/strong><br>Na BR-364, em Rond\u00f4nia, a Nova 364, concession\u00e1ria do grupo 4UM,\u00a0prepara a implementa\u00e7\u00e3o de sete p\u00f3rticos de free flow ao longo dos 686,7 km concedidos. Trata-se da primeira concess\u00e3o no estado, que j\u00e1 come\u00e7ar\u00e1 a cobran\u00e7a em 2026 no modelo 100% free flow, com todos os p\u00f3rticos em opera\u00e7\u00e3o.\u00a0<br><br>O contrato tamb\u00e9m previa pra\u00e7as f\u00edsicas, mas um aditivo permitiu a migra\u00e7\u00e3o integral para o modelo de passagem autom\u00e1tica. Segundo o CEO da Nova 364, Wagner Martins, o tr\u00e1fego no trecho \u00e9 60% composto por caminh\u00f5es. As pra\u00e7as de ped\u00e1gio tradicionais gerariam gargalos log\u00edsticos e impacto direto no custo do transporte, explicou.\u00a0<br><br>\u201cO free flow elimina esse estrangulamento, melhora a seguran\u00e7a e reduz emiss\u00f5es, o que \u00e9 importante, j\u00e1 que estamos em uma regi\u00e3o de floresta amaz\u00f4nica\u201d, disse \u00e0\u00a0<strong>Ag\u00eancia iNFRA.<\/strong><br>\u00a0<br>A concession\u00e1ria tamb\u00e9m decidiu antecipar a cobertura 4G, prevista originalmente para o terceiro ano de contrato. At\u00e9 agosto de 2026, ser\u00e3o instaladas 93 torres, permitindo a cobertura de 100% do trecho. \u201cIdentificamos que entre Porto Velho e Vilhena a defici\u00eancia de sinal era cr\u00edtica. Antecipamos porque entendemos que \u00e9 um benef\u00edcio imediato para o usu\u00e1rio e para a pr\u00f3pria opera\u00e7\u00e3o da rodovia\u201d, afirmou.<br><br>Na mesma rota da Nova 381, a concession\u00e1ria ainda discute com a ANTT a ado\u00e7\u00e3o do HSWim\u00a0em substitui\u00e7\u00e3o \u00e0s balan\u00e7as tradicionais \u2013\u00a0cujas instala\u00e7\u00f5es est\u00e3o previstas para os tr\u00eas primeiros anos de contrato.<\/p>\n","protected":false},"excerpt":{"rendered":"<p>Gabriela Vila\u00e7a, para a Ag\u00eancia iNFRA A Nova 381, concession\u00e1ria respons\u00e1vel pela gest\u00e3o de 303,4 quil\u00f4metros da BR-381 em Minas Gerais, ser\u00e1 a primeira rodovia federal a operar com cobran\u00e7a de ped\u00e1gio 100% no sistema free flow. O in\u00edcio est\u00e1 previsto para o dia 27 de setembro, com dois p\u00f3rticos em opera\u00e7\u00e3o (Caet\u00e9 e Jo\u00e3o [&hellip;]<\/p>\n","protected":false},"author":1,"featured_media":15725,"comment_status":"closed","ping_status":"closed","sticky":false,"template":"","format":"standard","meta":{"_monsterinsights_skip_tracking":false,"_monsterinsights_sitenote_active":false,"_monsterinsights_sitenote_note":"","_monsterinsights_sitenote_category":0,"footnotes":""},"categories":[1,7],"tags":[220,19,5491,1106,13222,15470,12284,11823,20,9905,126,70,11964],"class_list":["post-28143","post","type-post","status-publish","format-standard","has-post-thumbnail","hentry","category-geral","category-infratransporte","tag-agencia-infra","tag-antt","tag-br-381-mg","tag-free-flow","tag-gabriela-vilaca","tag-marcelo-boaventura","tag-nova-381","tag-pagamento-de-pedagio","tag-pedagio","tag-pedagio-eletronico","tag-rodovias","tag-transportes","tag-vale-pedagio"],"yoast_head":"<!-- This site is optimized with the Yoast SEO Premium plugin v25.4 (Yoast SEO v26.0) - https:\/\/yoast.com\/wordpress\/plugins\/seo\/ -->\n<title>Com free flow, BR-381\/MG aposta em comunica\u00e7\u00e3o contra inadimpl\u00eancia - Ag\u00eancia iNFRA<\/title>\n<meta name=\"robots\" content=\"index, follow, max-snippet:-1, max-image-preview:large, max-video-preview:-1\" \/>\n<link rel=\"canonical\" href=\"https:\/\/agenciainfra.com\/blog\/com-free-flow-br-381-mg-aposta-em-comunicacao-contra-inadimplencia\/\" \/>\n<meta property=\"og:locale\" content=\"pt_BR\" \/>\n<meta property=\"og:type\" content=\"article\" \/>\n<meta property=\"og:title\" content=\"Com free flow, BR-381\/MG aposta em comunica\u00e7\u00e3o contra inadimpl\u00eancia\" \/>\n<meta property=\"og:description\" content=\"Gabriela Vila\u00e7a, para a Ag\u00eancia iNFRA A Nova 381, concession\u00e1ria respons\u00e1vel pela gest\u00e3o de 303,4 quil\u00f4metros da BR-381 em Minas Gerais, ser\u00e1 a primeira rodovia federal a operar com cobran\u00e7a de ped\u00e1gio 100% no sistema free flow. O in\u00edcio est\u00e1 previsto para o dia 27 de setembro, com dois p\u00f3rticos em opera\u00e7\u00e3o (Caet\u00e9 e Jo\u00e3o [&hellip;]\" \/>\n<meta property=\"og:url\" content=\"https:\/\/agenciainfra.com\/blog\/com-free-flow-br-381-mg-aposta-em-comunicacao-contra-inadimplencia\/\" \/>\n<meta property=\"og:site_name\" content=\"Ag\u00eancia iNFRA\" \/>\n<meta property=\"article:publisher\" content=\"https:\/\/www.facebook.com\/ageninfra\" \/>\n<meta property=\"article:published_time\" content=\"2025-09-22T11:00:00+00:00\" \/>\n<meta property=\"article:modified_time\" content=\"2025-09-23T00:27:40+00:00\" \/>\n<meta property=\"og:image\" content=\"https:\/\/agenciainfra.com\/blog\/wp-content\/uploads\/2024\/03\/free-flow-foto-ANTT-divulgacao.jpg\" \/>\n\t<meta property=\"og:image:width\" content=\"1202\" \/>\n\t<meta property=\"og:image:height\" content=\"676\" \/>\n\t<meta property=\"og:image:type\" content=\"image\/jpeg\" \/>\n<meta name=\"author\" content=\"Ag\u00eancia iNFRA\" \/>\n<meta name=\"twitter:card\" content=\"summary_large_image\" \/>\n<meta name=\"twitter:creator\" content=\"@agencia_infra\" \/>\n<meta name=\"twitter:site\" content=\"@agencia_infra\" \/>\n<meta name=\"twitter:label1\" content=\"Escrito por\" \/>\n\t<meta name=\"twitter:data1\" content=\"Ag\u00eancia iNFRA\" \/>\n\t<meta name=\"twitter:label2\" content=\"Est. tempo de leitura\" \/>\n\t<meta name=\"twitter:data2\" content=\"4 minutos\" \/>\n<script type=\"application\/ld+json\" class=\"yoast-schema-graph\">{\"@context\":\"https:\/\/schema.org\",\"@graph\":[{\"@type\":\"Article\",\"@id\":\"https:\/\/agenciainfra.com\/blog\/com-free-flow-br-381-mg-aposta-em-comunicacao-contra-inadimplencia\/#article\",\"isPartOf\":{\"@id\":\"https:\/\/agenciainfra.com\/blog\/com-free-flow-br-381-mg-aposta-em-comunicacao-contra-inadimplencia\/\"},\"author\":{\"name\":\"Ag\u00eancia iNFRA\",\"@id\":\"https:\/\/agenciainfra.com\/blog\/#\/schema\/person\/34af08dff6adea4cb22b06612ba7acfa\"},\"headline\":\"Com free flow, BR-381\/MG aposta em comunica\u00e7\u00e3o contra inadimpl\u00eancia\",\"datePublished\":\"2025-09-22T11:00:00+00:00\",\"dateModified\":\"2025-09-23T00:27:40+00:00\",\"mainEntityOfPage\":{\"@id\":\"https:\/\/agenciainfra.com\/blog\/com-free-flow-br-381-mg-aposta-em-comunicacao-contra-inadimplencia\/\"},\"wordCount\":761,\"publisher\":{\"@id\":\"https:\/\/agenciainfra.com\/blog\/#organization\"},\"image\":{\"@id\":\"https:\/\/agenciainfra.com\/blog\/com-free-flow-br-381-mg-aposta-em-comunicacao-contra-inadimplencia\/#primaryimage\"},\"thumbnailUrl\":\"https:\/\/agenciainfra.com\/blog\/wp-content\/uploads\/2024\/03\/free-flow-foto-ANTT-divulgacao.jpg\",\"keywords\":[\"Ag\u00eancia iNFRA\",\"ANTT\",\"BR-381\/MG\",\"free flow\",\"gabriela vila\u00e7a\",\"Marcelo Boaventura\",\"Nova 381\",\"pagamento de ped\u00e1gio\",\"Ped\u00e1gio\",\"ped\u00e1gio eletr\u00f4nico\",\"rodovias\",\"transportes\",\"vale-ped\u00e1gio\"],\"articleSection\":[\"Geral\",\"iNFRATransporte\"],\"inLanguage\":\"pt-BR\",\"copyrightYear\":\"2025\",\"copyrightHolder\":{\"@id\":\"https:\/\/agenciainfra.com\/blog\/#organization\"}},{\"@type\":\"WebPage\",\"@id\":\"https:\/\/agenciainfra.com\/blog\/com-free-flow-br-381-mg-aposta-em-comunicacao-contra-inadimplencia\/\",\"url\":\"https:\/\/agenciainfra.com\/blog\/com-free-flow-br-381-mg-aposta-em-comunicacao-contra-inadimplencia\/\",\"name\":\"Com free flow, BR-381\/MG aposta em comunica\u00e7\u00e3o contra inadimpl\u00eancia - Ag\u00eancia iNFRA\",\"isPartOf\":{\"@id\":\"https:\/\/agenciainfra.com\/blog\/#website\"},\"primaryImageOfPage\":{\"@id\":\"https:\/\/agenciainfra.com\/blog\/com-free-flow-br-381-mg-aposta-em-comunicacao-contra-inadimplencia\/#primaryimage\"},\"image\":{\"@id\":\"https:\/\/agenciainfra.com\/blog\/com-free-flow-br-381-mg-aposta-em-comunicacao-contra-inadimplencia\/#primaryimage\"},\"thumbnailUrl\":\"https:\/\/agenciainfra.com\/blog\/wp-content\/uploads\/2024\/03\/free-flow-foto-ANTT-divulgacao.jpg\",\"datePublished\":\"2025-09-22T11:00:00+00:00\",\"dateModified\":\"2025-09-23T00:27:40+00:00\",\"breadcrumb\":{\"@id\":\"https:\/\/agenciainfra.com\/blog\/com-free-flow-br-381-mg-aposta-em-comunicacao-contra-inadimplencia\/#breadcrumb\"},\"inLanguage\":\"pt-BR\",\"potentialAction\":[{\"@type\":\"ReadAction\",\"target\":[\"https:\/\/agenciainfra.com\/blog\/com-free-flow-br-381-mg-aposta-em-comunicacao-contra-inadimplencia\/\"]}]},{\"@type\":\"ImageObject\",\"inLanguage\":\"pt-BR\",\"@id\":\"https:\/\/agenciainfra.com\/blog\/com-free-flow-br-381-mg-aposta-em-comunicacao-contra-inadimplencia\/#primaryimage\",\"url\":\"https:\/\/agenciainfra.com\/blog\/wp-content\/uploads\/2024\/03\/free-flow-foto-ANTT-divulgacao.jpg\",\"contentUrl\":\"https:\/\/agenciainfra.com\/blog\/wp-content\/uploads\/2024\/03\/free-flow-foto-ANTT-divulgacao.jpg\",\"width\":1202,\"height\":676,\"caption\":\"Foto: ANTT\"},{\"@type\":\"BreadcrumbList\",\"@id\":\"https:\/\/agenciainfra.com\/blog\/com-free-flow-br-381-mg-aposta-em-comunicacao-contra-inadimplencia\/#breadcrumb\",\"itemListElement\":[{\"@type\":\"ListItem\",\"position\":1,\"name\":\"In\u00edcio\",\"item\":\"https:\/\/agenciainfra.com\/blog\/\"},{\"@type\":\"ListItem\",\"position\":2,\"name\":\"Com free flow, BR-381\/MG aposta em comunica\u00e7\u00e3o contra inadimpl\u00eancia\"}]},{\"@type\":\"WebSite\",\"@id\":\"https:\/\/agenciainfra.com\/blog\/#website\",\"url\":\"https:\/\/agenciainfra.com\/blog\/\",\"name\":\"Ag\u00eancia iNFRA\",\"description\":\"Multiplataforma de informa\u00e7\u00e3o jornal\u00edstica refer\u00eancia na \u00e1rea de infraestrutura no Brasil!\",\"publisher\":{\"@id\":\"https:\/\/agenciainfra.com\/blog\/#organization\"},\"potentialAction\":[{\"@type\":\"SearchAction\",\"target\":{\"@type\":\"EntryPoint\",\"urlTemplate\":\"https:\/\/agenciainfra.com\/blog\/?s={search_term_string}\"},\"query-input\":{\"@type\":\"PropertyValueSpecification\",\"valueRequired\":true,\"valueName\":\"search_term_string\"}}],\"inLanguage\":\"pt-BR\"},{\"@type\":\"Organization\",\"@id\":\"https:\/\/agenciainfra.com\/blog\/#organization\",\"name\":\"Ag\u00eancia iNFRA\",\"url\":\"https:\/\/agenciainfra.com\/blog\/\",\"logo\":{\"@type\":\"ImageObject\",\"inLanguage\":\"pt-BR\",\"@id\":\"https:\/\/agenciainfra.com\/blog\/#\/schema\/logo\/image\/\",\"url\":\"https:\/\/agenciainfra.com\/blog\/wp-content\/uploads\/2023\/09\/iNFRA_5-e1761735885940.png\",\"contentUrl\":\"https:\/\/agenciainfra.com\/blog\/wp-content\/uploads\/2023\/09\/iNFRA_5-e1761735885940.png\",\"width\":1672,\"height\":454,\"caption\":\"Ag\u00eancia iNFRA\"},\"image\":{\"@id\":\"https:\/\/agenciainfra.com\/blog\/#\/schema\/logo\/image\/\"},\"sameAs\":[\"https:\/\/www.facebook.com\/ageninfra\",\"https:\/\/x.com\/agencia_infra\",\"https:\/\/www.linkedin.com\/company\/ag\u00eanciainfra\/\",\"https:\/\/www.instagram.com\/agenciainfra\/\"]},{\"@type\":\"Person\",\"@id\":\"https:\/\/agenciainfra.com\/blog\/#\/schema\/person\/34af08dff6adea4cb22b06612ba7acfa\",\"name\":\"Ag\u00eancia iNFRA\",\"image\":{\"@type\":\"ImageObject\",\"inLanguage\":\"pt-BR\",\"@id\":\"https:\/\/agenciainfra.com\/blog\/#\/schema\/person\/image\/\",\"url\":\"https:\/\/secure.gravatar.com\/avatar\/d189e01678f06d8eb84d4e01f08eb848b3fffe3f8443818d3c356c66892f5be8?s=96&d=mm&r=g\",\"contentUrl\":\"https:\/\/secure.gravatar.com\/avatar\/d189e01678f06d8eb84d4e01f08eb848b3fffe3f8443818d3c356c66892f5be8?s=96&d=mm&r=g\",\"caption\":\"Ag\u00eancia iNFRA\"},\"url\":\"https:\/\/agenciainfra.com\/blog\/author\/admin\/\"}]}<\/script>\n<!-- \/ Yoast SEO Premium plugin. -->","yoast_head_json":{"title":"Com free flow, BR-381\/MG aposta em comunica\u00e7\u00e3o contra inadimpl\u00eancia - Ag\u00eancia iNFRA","robots":{"index":"index","follow":"follow","max-snippet":"max-snippet:-1","max-image-preview":"max-image-preview:large","max-video-preview":"max-video-preview:-1"},"canonical":"https:\/\/agenciainfra.com\/blog\/com-free-flow-br-381-mg-aposta-em-comunicacao-contra-inadimplencia\/","og_locale":"pt_BR","og_type":"article","og_title":"Com free flow, BR-381\/MG aposta em comunica\u00e7\u00e3o contra inadimpl\u00eancia","og_description":"Gabriela Vila\u00e7a, para a Ag\u00eancia iNFRA A Nova 381, concession\u00e1ria respons\u00e1vel pela gest\u00e3o de 303,4 quil\u00f4metros da BR-381 em Minas Gerais, ser\u00e1 a primeira rodovia federal a operar com cobran\u00e7a de ped\u00e1gio 100% no sistema free flow. O in\u00edcio est\u00e1 previsto para o dia 27 de setembro, com dois p\u00f3rticos em opera\u00e7\u00e3o (Caet\u00e9 e Jo\u00e3o [&hellip;]","og_url":"https:\/\/agenciainfra.com\/blog\/com-free-flow-br-381-mg-aposta-em-comunicacao-contra-inadimplencia\/","og_site_name":"Ag\u00eancia iNFRA","article_publisher":"https:\/\/www.facebook.com\/ageninfra","article_published_time":"2025-09-22T11:00:00+00:00","article_modified_time":"2025-09-23T00:27:40+00:00","og_image":[{"width":1202,"height":676,"url":"https:\/\/agenciainfra.com\/blog\/wp-content\/uploads\/2024\/03\/free-flow-foto-ANTT-divulgacao.jpg","type":"image\/jpeg"}],"author":"Ag\u00eancia iNFRA","twitter_card":"summary_large_image","twitter_creator":"@agencia_infra","twitter_site":"@agencia_infra","twitter_misc":{"Escrito por":"Ag\u00eancia iNFRA","Est. tempo de leitura":"4 minutos"},"schema":{"@context":"https:\/\/schema.org","@graph":[{"@type":"Article","@id":"https:\/\/agenciainfra.com\/blog\/com-free-flow-br-381-mg-aposta-em-comunicacao-contra-inadimplencia\/#article","isPartOf":{"@id":"https:\/\/agenciainfra.com\/blog\/com-free-flow-br-381-mg-aposta-em-comunicacao-contra-inadimplencia\/"},"author":{"name":"Ag\u00eancia iNFRA","@id":"https:\/\/agenciainfra.com\/blog\/#\/schema\/person\/34af08dff6adea4cb22b06612ba7acfa"},"headline":"Com free flow, BR-381\/MG aposta em comunica\u00e7\u00e3o contra inadimpl\u00eancia","datePublished":"2025-09-22T11:00:00+00:00","dateModified":"2025-09-23T00:27:40+00:00","mainEntityOfPage":{"@id":"https:\/\/agenciainfra.com\/blog\/com-free-flow-br-381-mg-aposta-em-comunicacao-contra-inadimplencia\/"},"wordCount":761,"publisher":{"@id":"https:\/\/agenciainfra.com\/blog\/#organization"},"image":{"@id":"https:\/\/agenciainfra.com\/blog\/com-free-flow-br-381-mg-aposta-em-comunicacao-contra-inadimplencia\/#primaryimage"},"thumbnailUrl":"https:\/\/agenciainfra.com\/blog\/wp-content\/uploads\/2024\/03\/free-flow-foto-ANTT-divulgacao.jpg","keywords":["Ag\u00eancia iNFRA","ANTT","BR-381\/MG","free flow","gabriela vila\u00e7a","Marcelo Boaventura","Nova 381","pagamento de ped\u00e1gio","Ped\u00e1gio","ped\u00e1gio eletr\u00f4nico","rodovias","transportes","vale-ped\u00e1gio"],"articleSection":["Geral","iNFRATransporte"],"inLanguage":"pt-BR","copyrightYear":"2025","copyrightHolder":{"@id":"https:\/\/agenciainfra.com\/blog\/#organization"}},{"@type":"WebPage","@id":"https:\/\/agenciainfra.com\/blog\/com-free-flow-br-381-mg-aposta-em-comunicacao-contra-inadimplencia\/","url":"https:\/\/agenciainfra.com\/blog\/com-free-flow-br-381-mg-aposta-em-comunicacao-contra-inadimplencia\/","name":"Com free flow, BR-381\/MG aposta em comunica\u00e7\u00e3o contra inadimpl\u00eancia - Ag\u00eancia iNFRA","isPartOf":{"@id":"https:\/\/agenciainfra.com\/blog\/#website"},"primaryImageOfPage":{"@id":"https:\/\/agenciainfra.com\/blog\/com-free-flow-br-381-mg-aposta-em-comunicacao-contra-inadimplencia\/#primaryimage"},"image":{"@id":"https:\/\/agenciainfra.com\/blog\/com-free-flow-br-381-mg-aposta-em-comunicacao-contra-inadimplencia\/#primaryimage"},"thumbnailUrl":"https:\/\/agenciainfra.com\/blog\/wp-content\/uploads\/2024\/03\/free-flow-foto-ANTT-divulgacao.jpg","datePublished":"2025-09-22T11:00:00+00:00","dateModified":"2025-09-23T00:27:40+00:00","breadcrumb":{"@id":"https:\/\/agenciainfra.com\/blog\/com-free-flow-br-381-mg-aposta-em-comunicacao-contra-inadimplencia\/#breadcrumb"},"inLanguage":"pt-BR","potentialAction":[{"@type":"ReadAction","target":["https:\/\/agenciainfra.com\/blog\/com-free-flow-br-381-mg-aposta-em-comunicacao-contra-inadimplencia\/"]}]},{"@type":"ImageObject","inLanguage":"pt-BR","@id":"https:\/\/agenciainfra.com\/blog\/com-free-flow-br-381-mg-aposta-em-comunicacao-contra-inadimplencia\/#primaryimage","url":"https:\/\/agenciainfra.com\/blog\/wp-content\/uploads\/2024\/03\/free-flow-foto-ANTT-divulgacao.jpg","contentUrl":"https:\/\/agenciainfra.com\/blog\/wp-content\/uploads\/2024\/03\/free-flow-foto-ANTT-divulgacao.jpg","width":1202,"height":676,"caption":"Foto: ANTT"},{"@type":"BreadcrumbList","@id":"https:\/\/agenciainfra.com\/blog\/com-free-flow-br-381-mg-aposta-em-comunicacao-contra-inadimplencia\/#breadcrumb","itemListElement":[{"@type":"ListItem","position":1,"name":"In\u00edcio","item":"https:\/\/agenciainfra.com\/blog\/"},{"@type":"ListItem","position":2,"name":"Com free flow, BR-381\/MG aposta em comunica\u00e7\u00e3o contra inadimpl\u00eancia"}]},{"@type":"WebSite","@id":"https:\/\/agenciainfra.com\/blog\/#website","url":"https:\/\/agenciainfra.com\/blog\/","name":"Ag\u00eancia iNFRA","description":"Multiplataforma de informa\u00e7\u00e3o jornal\u00edstica refer\u00eancia na \u00e1rea de infraestrutura no Brasil!","publisher":{"@id":"https:\/\/agenciainfra.com\/blog\/#organization"},"potentialAction":[{"@type":"SearchAction","target":{"@type":"EntryPoint","urlTemplate":"https:\/\/agenciainfra.com\/blog\/?s={search_term_string}"},"query-input":{"@type":"PropertyValueSpecification","valueRequired":true,"valueName":"search_term_string"}}],"inLanguage":"pt-BR"},{"@type":"Organization","@id":"https:\/\/agenciainfra.com\/blog\/#organization","name":"Ag\u00eancia iNFRA","url":"https:\/\/agenciainfra.com\/blog\/","logo":{"@type":"ImageObject","inLanguage":"pt-BR","@id":"https:\/\/agenciainfra.com\/blog\/#\/schema\/logo\/image\/","url":"https:\/\/agenciainfra.com\/blog\/wp-content\/uploads\/2023\/09\/iNFRA_5-e1761735885940.png","contentUrl":"https:\/\/agenciainfra.com\/blog\/wp-content\/uploads\/2023\/09\/iNFRA_5-e1761735885940.png","width":1672,"height":454,"caption":"Ag\u00eancia iNFRA"},"image":{"@id":"https:\/\/agenciainfra.com\/blog\/#\/schema\/logo\/image\/"},"sameAs":["https:\/\/www.facebook.com\/ageninfra","https:\/\/x.com\/agencia_infra","https:\/\/www.linkedin.com\/company\/ag\u00eanciainfra\/","https:\/\/www.instagram.com\/agenciainfra\/"]},{"@type":"Person","@id":"https:\/\/agenciainfra.com\/blog\/#\/schema\/person\/34af08dff6adea4cb22b06612ba7acfa","name":"Ag\u00eancia iNFRA","image":{"@type":"ImageObject","inLanguage":"pt-BR","@id":"https:\/\/agenciainfra.com\/blog\/#\/schema\/person\/image\/","url":"https:\/\/secure.gravatar.com\/avatar\/d189e01678f06d8eb84d4e01f08eb848b3fffe3f8443818d3c356c66892f5be8?s=96&d=mm&r=g","contentUrl":"https:\/\/secure.gravatar.com\/avatar\/d189e01678f06d8eb84d4e01f08eb848b3fffe3f8443818d3c356c66892f5be8?s=96&d=mm&r=g","caption":"Ag\u00eancia iNFRA"},"url":"https:\/\/agenciainfra.com\/blog\/author\/admin\/"}]}},"_links":{"self":[{"href":"https:\/\/agenciainfra.com\/blog\/wp-json\/wp\/v2\/posts\/28143","targetHints":{"allow":["GET"]}}],"collection":[{"href":"https:\/\/agenciainfra.com\/blog\/wp-json\/wp\/v2\/posts"}],"about":[{"href":"https:\/\/agenciainfra.com\/blog\/wp-json\/wp\/v2\/types\/post"}],"author":[{"embeddable":true,"href":"https:\/\/agenciainfra.com\/blog\/wp-json\/wp\/v2\/users\/1"}],"replies":[{"embeddable":true,"href":"https:\/\/agenciainfra.com\/blog\/wp-json\/wp\/v2\/comments?post=28143"}],"version-history":[{"count":3,"href":"https:\/\/agenciainfra.com\/blog\/wp-json\/wp\/v2\/posts\/28143\/revisions"}],"predecessor-version":[{"id":28246,"href":"https:\/\/agenciainfra.com\/blog\/wp-json\/wp\/v2\/posts\/28143\/revisions\/28246"}],"wp:featuredmedia":[{"embeddable":true,"href":"https:\/\/agenciainfra.com\/blog\/wp-json\/wp\/v2\/media\/15725"}],"wp:attachment":[{"href":"https:\/\/agenciainfra.com\/blog\/wp-json\/wp\/v2\/media?parent=28143"}],"wp:term":[{"taxonomy":"category","embeddable":true,"href":"https:\/\/agenciainfra.com\/blog\/wp-json\/wp\/v2\/categories?post=28143"},{"taxonomy":"post_tag","embeddable":true,"href":"https:\/\/agenciainfra.com\/blog\/wp-json\/wp\/v2\/tags?post=28143"}],"curies":[{"name":"wp","href":"https:\/\/api.w.org\/{rel}","templated":true}]}}