{"id":28165,"date":"2025-09-19T12:42:09","date_gmt":"2025-09-19T15:42:09","guid":{"rendered":"https:\/\/agenciainfra.com\/blog\/?p=28165"},"modified":"2025-09-19T12:44:01","modified_gmt":"2025-09-19T15:44:01","slug":"porto-do-recife-tera-dragagem-de-r-100-mi-e-novo-terminal","status":"publish","type":"post","link":"https:\/\/agenciainfra.com\/blog\/porto-do-recife-tera-dragagem-de-r-100-mi-e-novo-terminal\/","title":{"rendered":"Porto do Recife ter\u00e1 dragagem de R$ 100 mi e novo terminal"},"content":{"rendered":"\n<p class=\"has-text-align-right\"><strong>da Ag\u00eancia iNFRA<\/strong><\/p>\n\n\n\n<p>O ministro de Portos e Aeroportos, Silvio Costa Filho, anunciou nesta sexta-feira (19) um pacote de investimentos estrat\u00e9gicos para o Porto do Recife (PE). Foi assinado o termo de compromisso para a dragagem de readequa\u00e7\u00e3o do porto e lan\u00e7ado o edital de arrendamento do TMP (Terminal Mar\u00edtimo de Passageiros) Recife. A cerim\u00f4nia contou com a presen\u00e7a da governadora de Pernambuco, Raquel Lyra (PSD), e do presidente do Porto do Recife, Tito L\u00edvio de Morais.<\/p>\n\n\n\n<p>A obra de dragagem, estimada em R$ 100 milh\u00f5es, vai ampliar a profundidade dos canais internos e externos, permitindo calado de at\u00e9 12 metros. A medida possibilitar\u00e1 a atraca\u00e7\u00e3o de navios de maior porte, aumentando a seguran\u00e7a e a efici\u00eancia da opera\u00e7\u00e3o.<\/p>\n\n\n\n<p>Segundo o governo federal, os investimentos t\u00eam como objetivo reduzir custos log\u00edsticos, atrair novas cargas e fortalecer o turismo na regi\u00e3o. Em 2024, o setor portu\u00e1rio registrou o maior volume de movimenta\u00e7\u00e3o da hist\u00f3ria, superando 1,3 bilh\u00e3o de toneladas, e no primeiro semestre de 2025 j\u00e1 houve crescimento de mais de 4% em rela\u00e7\u00e3o ao ano anterior.<\/p>\n\n\n\n<p><\/p>\n","protected":false},"excerpt":{"rendered":"<p>da Ag\u00eancia iNFRA O ministro de Portos e Aeroportos, Silvio Costa Filho, anunciou nesta sexta-feira (19) um pacote de investimentos estrat\u00e9gicos para o Porto do Recife (PE). Foi assinado o termo de compromisso para a dragagem de readequa\u00e7\u00e3o do porto e lan\u00e7ado o edital de arrendamento do TMP (Terminal Mar\u00edtimo de Passageiros) Recife. A cerim\u00f4nia [&hellip;]<\/p>\n","protected":false},"author":1,"featured_media":28168,"comment_status":"closed","ping_status":"closed","sticky":false,"template":"","format":"standard","meta":{"_monsterinsights_skip_tracking":false,"_monsterinsights_sitenote_active":false,"_monsterinsights_sitenote_note":"","_monsterinsights_sitenote_category":0,"footnotes":""},"categories":[1,13576],"tags":[220,3082,15477,34,32,13017,6919,15475,310,8941,15476],"class_list":["post-28165","post","type-post","status-publish","format-standard","has-post-thumbnail","hentry","category-geral","category-giro-infra","tag-agencia-infra","tag-dragagem-2","tag-dragagem-portuaria","tag-infraestrutura","tag-investimentos","tag-ministro-silvio-costa-filho","tag-mpor","tag-porto-do-recife","tag-portos","tag-portos-brasileiros","tag-tmp-recife"],"yoast_head":"<!-- This site is optimized with the Yoast SEO Premium plugin v25.4 (Yoast SEO v26.0) - https:\/\/yoast.com\/wordpress\/plugins\/seo\/ -->\n<title>Porto do Recife ter\u00e1 dragagem de R$ 100 mi e novo terminal - Ag\u00eancia iNFRA<\/title>\n<meta name=\"robots\" content=\"index, follow, max-snippet:-1, max-image-preview:large, max-video-preview:-1\" \/>\n<link rel=\"canonical\" href=\"https:\/\/agenciainfra.com\/blog\/porto-do-recife-tera-dragagem-de-r-100-mi-e-novo-terminal\/\" \/>\n<meta property=\"og:locale\" content=\"pt_BR\" \/>\n<meta property=\"og:type\" content=\"article\" \/>\n<meta property=\"og:title\" content=\"Porto do Recife ter\u00e1 dragagem de R$ 100 mi e novo terminal\" \/>\n<meta property=\"og:description\" content=\"da Ag\u00eancia iNFRA O ministro de Portos e Aeroportos, Silvio Costa Filho, anunciou nesta sexta-feira (19) um pacote de investimentos estrat\u00e9gicos para o Porto do Recife (PE). Foi assinado o termo de compromisso para a dragagem de readequa\u00e7\u00e3o do porto e lan\u00e7ado o edital de arrendamento do TMP (Terminal Mar\u00edtimo de Passageiros) Recife. A cerim\u00f4nia [&hellip;]\" \/>\n<meta property=\"og:url\" content=\"https:\/\/agenciainfra.com\/blog\/porto-do-recife-tera-dragagem-de-r-100-mi-e-novo-terminal\/\" \/>\n<meta property=\"og:site_name\" content=\"Ag\u00eancia iNFRA\" \/>\n<meta property=\"article:publisher\" content=\"https:\/\/www.facebook.com\/ageninfra\" \/>\n<meta property=\"article:published_time\" content=\"2025-09-19T15:42:09+00:00\" \/>\n<meta property=\"article:modified_time\" content=\"2025-09-19T15:44:01+00:00\" \/>\n<meta property=\"og:image\" content=\"https:\/\/agenciainfra.com\/blog\/wp-content\/uploads\/2025\/09\/mpor-foto-eduardo_oliveira_mpor.jpg\" \/>\n\t<meta property=\"og:image:width\" content=\"1280\" \/>\n\t<meta property=\"og:image:height\" content=\"853\" \/>\n\t<meta property=\"og:image:type\" content=\"image\/jpeg\" \/>\n<meta name=\"author\" content=\"Ag\u00eancia iNFRA\" \/>\n<meta name=\"twitter:card\" content=\"summary_large_image\" \/>\n<meta name=\"twitter:creator\" content=\"@agencia_infra\" \/>\n<meta name=\"twitter:site\" content=\"@agencia_infra\" \/>\n<meta name=\"twitter:label1\" content=\"Escrito por\" \/>\n\t<meta name=\"twitter:data1\" content=\"Ag\u00eancia iNFRA\" \/>\n\t<meta name=\"twitter:label2\" content=\"Est. tempo de leitura\" \/>\n\t<meta name=\"twitter:data2\" content=\"1 minuto\" \/>\n<script type=\"application\/ld+json\" class=\"yoast-schema-graph\">{\"@context\":\"https:\/\/schema.org\",\"@graph\":[{\"@type\":\"Article\",\"@id\":\"https:\/\/agenciainfra.com\/blog\/porto-do-recife-tera-dragagem-de-r-100-mi-e-novo-terminal\/#article\",\"isPartOf\":{\"@id\":\"https:\/\/agenciainfra.com\/blog\/porto-do-recife-tera-dragagem-de-r-100-mi-e-novo-terminal\/\"},\"author\":{\"name\":\"Ag\u00eancia iNFRA\",\"@id\":\"https:\/\/agenciainfra.com\/blog\/#\/schema\/person\/34af08dff6adea4cb22b06612ba7acfa\"},\"headline\":\"Porto do Recife ter\u00e1 dragagem de R$ 100 mi e novo terminal\",\"datePublished\":\"2025-09-19T15:42:09+00:00\",\"dateModified\":\"2025-09-19T15:44:01+00:00\",\"mainEntityOfPage\":{\"@id\":\"https:\/\/agenciainfra.com\/blog\/porto-do-recife-tera-dragagem-de-r-100-mi-e-novo-terminal\/\"},\"wordCount\":201,\"publisher\":{\"@id\":\"https:\/\/agenciainfra.com\/blog\/#organization\"},\"image\":{\"@id\":\"https:\/\/agenciainfra.com\/blog\/porto-do-recife-tera-dragagem-de-r-100-mi-e-novo-terminal\/#primaryimage\"},\"thumbnailUrl\":\"https:\/\/agenciainfra.com\/blog\/wp-content\/uploads\/2025\/09\/mpor-foto-eduardo_oliveira_mpor.jpg\",\"keywords\":[\"Ag\u00eancia iNFRA\",\"dragagem\",\"dragagem portu\u00e1ria\",\"Infraestrutura\",\"Investimentos\",\"ministro Silvio Costa Filho\",\"MPor\",\"Porto do Recife\",\"portos\",\"Portos brasileiros\",\"TMP Recife\"],\"articleSection\":[\"Geral\",\"Giro iNFRA\"],\"inLanguage\":\"pt-BR\",\"copyrightYear\":\"2025\",\"copyrightHolder\":{\"@id\":\"https:\/\/agenciainfra.com\/blog\/#organization\"}},{\"@type\":\"WebPage\",\"@id\":\"https:\/\/agenciainfra.com\/blog\/porto-do-recife-tera-dragagem-de-r-100-mi-e-novo-terminal\/\",\"url\":\"https:\/\/agenciainfra.com\/blog\/porto-do-recife-tera-dragagem-de-r-100-mi-e-novo-terminal\/\",\"name\":\"Porto do Recife ter\u00e1 dragagem de R$ 100 mi e novo terminal - Ag\u00eancia iNFRA\",\"isPartOf\":{\"@id\":\"https:\/\/agenciainfra.com\/blog\/#website\"},\"primaryImageOfPage\":{\"@id\":\"https:\/\/agenciainfra.com\/blog\/porto-do-recife-tera-dragagem-de-r-100-mi-e-novo-terminal\/#primaryimage\"},\"image\":{\"@id\":\"https:\/\/agenciainfra.com\/blog\/porto-do-recife-tera-dragagem-de-r-100-mi-e-novo-terminal\/#primaryimage\"},\"thumbnailUrl\":\"https:\/\/agenciainfra.com\/blog\/wp-content\/uploads\/2025\/09\/mpor-foto-eduardo_oliveira_mpor.jpg\",\"datePublished\":\"2025-09-19T15:42:09+00:00\",\"dateModified\":\"2025-09-19T15:44:01+00:00\",\"breadcrumb\":{\"@id\":\"https:\/\/agenciainfra.com\/blog\/porto-do-recife-tera-dragagem-de-r-100-mi-e-novo-terminal\/#breadcrumb\"},\"inLanguage\":\"pt-BR\",\"potentialAction\":[{\"@type\":\"ReadAction\",\"target\":[\"https:\/\/agenciainfra.com\/blog\/porto-do-recife-tera-dragagem-de-r-100-mi-e-novo-terminal\/\"]}]},{\"@type\":\"ImageObject\",\"inLanguage\":\"pt-BR\",\"@id\":\"https:\/\/agenciainfra.com\/blog\/porto-do-recife-tera-dragagem-de-r-100-mi-e-novo-terminal\/#primaryimage\",\"url\":\"https:\/\/agenciainfra.com\/blog\/wp-content\/uploads\/2025\/09\/mpor-foto-eduardo_oliveira_mpor.jpg\",\"contentUrl\":\"https:\/\/agenciainfra.com\/blog\/wp-content\/uploads\/2025\/09\/mpor-foto-eduardo_oliveira_mpor.jpg\",\"width\":1280,\"height\":853,\"caption\":\"Foto: Eduardo Oliveira\/MPor\"},{\"@type\":\"BreadcrumbList\",\"@id\":\"https:\/\/agenciainfra.com\/blog\/porto-do-recife-tera-dragagem-de-r-100-mi-e-novo-terminal\/#breadcrumb\",\"itemListElement\":[{\"@type\":\"ListItem\",\"position\":1,\"name\":\"In\u00edcio\",\"item\":\"https:\/\/agenciainfra.com\/blog\/\"},{\"@type\":\"ListItem\",\"position\":2,\"name\":\"Porto do Recife ter\u00e1 dragagem de R$ 100 mi e novo terminal\"}]},{\"@type\":\"WebSite\",\"@id\":\"https:\/\/agenciainfra.com\/blog\/#website\",\"url\":\"https:\/\/agenciainfra.com\/blog\/\",\"name\":\"Ag\u00eancia iNFRA\",\"description\":\"Multiplataforma de informa\u00e7\u00e3o jornal\u00edstica refer\u00eancia na \u00e1rea de infraestrutura no Brasil!\",\"publisher\":{\"@id\":\"https:\/\/agenciainfra.com\/blog\/#organization\"},\"potentialAction\":[{\"@type\":\"SearchAction\",\"target\":{\"@type\":\"EntryPoint\",\"urlTemplate\":\"https:\/\/agenciainfra.com\/blog\/?s={search_term_string}\"},\"query-input\":{\"@type\":\"PropertyValueSpecification\",\"valueRequired\":true,\"valueName\":\"search_term_string\"}}],\"inLanguage\":\"pt-BR\"},{\"@type\":\"Organization\",\"@id\":\"https:\/\/agenciainfra.com\/blog\/#organization\",\"name\":\"Ag\u00eancia iNFRA\",\"url\":\"https:\/\/agenciainfra.com\/blog\/\",\"logo\":{\"@type\":\"ImageObject\",\"inLanguage\":\"pt-BR\",\"@id\":\"https:\/\/agenciainfra.com\/blog\/#\/schema\/logo\/image\/\",\"url\":\"https:\/\/agenciainfra.com\/blog\/wp-content\/uploads\/2023\/09\/iNFRA_5-e1761735885940.png\",\"contentUrl\":\"https:\/\/agenciainfra.com\/blog\/wp-content\/uploads\/2023\/09\/iNFRA_5-e1761735885940.png\",\"width\":1672,\"height\":454,\"caption\":\"Ag\u00eancia iNFRA\"},\"image\":{\"@id\":\"https:\/\/agenciainfra.com\/blog\/#\/schema\/logo\/image\/\"},\"sameAs\":[\"https:\/\/www.facebook.com\/ageninfra\",\"https:\/\/x.com\/agencia_infra\",\"https:\/\/www.linkedin.com\/company\/ag\u00eanciainfra\/\",\"https:\/\/www.instagram.com\/agenciainfra\/\"]},{\"@type\":\"Person\",\"@id\":\"https:\/\/agenciainfra.com\/blog\/#\/schema\/person\/34af08dff6adea4cb22b06612ba7acfa\",\"name\":\"Ag\u00eancia iNFRA\",\"image\":{\"@type\":\"ImageObject\",\"inLanguage\":\"pt-BR\",\"@id\":\"https:\/\/agenciainfra.com\/blog\/#\/schema\/person\/image\/\",\"url\":\"https:\/\/secure.gravatar.com\/avatar\/d189e01678f06d8eb84d4e01f08eb848b3fffe3f8443818d3c356c66892f5be8?s=96&d=mm&r=g\",\"contentUrl\":\"https:\/\/secure.gravatar.com\/avatar\/d189e01678f06d8eb84d4e01f08eb848b3fffe3f8443818d3c356c66892f5be8?s=96&d=mm&r=g\",\"caption\":\"Ag\u00eancia iNFRA\"},\"url\":\"https:\/\/agenciainfra.com\/blog\/author\/admin\/\"}]}<\/script>\n<!-- \/ Yoast SEO Premium plugin. -->","yoast_head_json":{"title":"Porto do Recife ter\u00e1 dragagem de R$ 100 mi e novo terminal - Ag\u00eancia iNFRA","robots":{"index":"index","follow":"follow","max-snippet":"max-snippet:-1","max-image-preview":"max-image-preview:large","max-video-preview":"max-video-preview:-1"},"canonical":"https:\/\/agenciainfra.com\/blog\/porto-do-recife-tera-dragagem-de-r-100-mi-e-novo-terminal\/","og_locale":"pt_BR","og_type":"article","og_title":"Porto do Recife ter\u00e1 dragagem de R$ 100 mi e novo terminal","og_description":"da Ag\u00eancia iNFRA O ministro de Portos e Aeroportos, Silvio Costa Filho, anunciou nesta sexta-feira (19) um pacote de investimentos estrat\u00e9gicos para o Porto do Recife (PE). Foi assinado o termo de compromisso para a dragagem de readequa\u00e7\u00e3o do porto e lan\u00e7ado o edital de arrendamento do TMP (Terminal Mar\u00edtimo de Passageiros) Recife. A cerim\u00f4nia [&hellip;]","og_url":"https:\/\/agenciainfra.com\/blog\/porto-do-recife-tera-dragagem-de-r-100-mi-e-novo-terminal\/","og_site_name":"Ag\u00eancia iNFRA","article_publisher":"https:\/\/www.facebook.com\/ageninfra","article_published_time":"2025-09-19T15:42:09+00:00","article_modified_time":"2025-09-19T15:44:01+00:00","og_image":[{"width":1280,"height":853,"url":"https:\/\/agenciainfra.com\/blog\/wp-content\/uploads\/2025\/09\/mpor-foto-eduardo_oliveira_mpor.jpg","type":"image\/jpeg"}],"author":"Ag\u00eancia iNFRA","twitter_card":"summary_large_image","twitter_creator":"@agencia_infra","twitter_site":"@agencia_infra","twitter_misc":{"Escrito por":"Ag\u00eancia iNFRA","Est. tempo de leitura":"1 minuto"},"schema":{"@context":"https:\/\/schema.org","@graph":[{"@type":"Article","@id":"https:\/\/agenciainfra.com\/blog\/porto-do-recife-tera-dragagem-de-r-100-mi-e-novo-terminal\/#article","isPartOf":{"@id":"https:\/\/agenciainfra.com\/blog\/porto-do-recife-tera-dragagem-de-r-100-mi-e-novo-terminal\/"},"author":{"name":"Ag\u00eancia iNFRA","@id":"https:\/\/agenciainfra.com\/blog\/#\/schema\/person\/34af08dff6adea4cb22b06612ba7acfa"},"headline":"Porto do Recife ter\u00e1 dragagem de R$ 100 mi e novo terminal","datePublished":"2025-09-19T15:42:09+00:00","dateModified":"2025-09-19T15:44:01+00:00","mainEntityOfPage":{"@id":"https:\/\/agenciainfra.com\/blog\/porto-do-recife-tera-dragagem-de-r-100-mi-e-novo-terminal\/"},"wordCount":201,"publisher":{"@id":"https:\/\/agenciainfra.com\/blog\/#organization"},"image":{"@id":"https:\/\/agenciainfra.com\/blog\/porto-do-recife-tera-dragagem-de-r-100-mi-e-novo-terminal\/#primaryimage"},"thumbnailUrl":"https:\/\/agenciainfra.com\/blog\/wp-content\/uploads\/2025\/09\/mpor-foto-eduardo_oliveira_mpor.jpg","keywords":["Ag\u00eancia iNFRA","dragagem","dragagem portu\u00e1ria","Infraestrutura","Investimentos","ministro Silvio Costa Filho","MPor","Porto do Recife","portos","Portos brasileiros","TMP Recife"],"articleSection":["Geral","Giro iNFRA"],"inLanguage":"pt-BR","copyrightYear":"2025","copyrightHolder":{"@id":"https:\/\/agenciainfra.com\/blog\/#organization"}},{"@type":"WebPage","@id":"https:\/\/agenciainfra.com\/blog\/porto-do-recife-tera-dragagem-de-r-100-mi-e-novo-terminal\/","url":"https:\/\/agenciainfra.com\/blog\/porto-do-recife-tera-dragagem-de-r-100-mi-e-novo-terminal\/","name":"Porto do Recife ter\u00e1 dragagem de R$ 100 mi e novo terminal - Ag\u00eancia iNFRA","isPartOf":{"@id":"https:\/\/agenciainfra.com\/blog\/#website"},"primaryImageOfPage":{"@id":"https:\/\/agenciainfra.com\/blog\/porto-do-recife-tera-dragagem-de-r-100-mi-e-novo-terminal\/#primaryimage"},"image":{"@id":"https:\/\/agenciainfra.com\/blog\/porto-do-recife-tera-dragagem-de-r-100-mi-e-novo-terminal\/#primaryimage"},"thumbnailUrl":"https:\/\/agenciainfra.com\/blog\/wp-content\/uploads\/2025\/09\/mpor-foto-eduardo_oliveira_mpor.jpg","datePublished":"2025-09-19T15:42:09+00:00","dateModified":"2025-09-19T15:44:01+00:00","breadcrumb":{"@id":"https:\/\/agenciainfra.com\/blog\/porto-do-recife-tera-dragagem-de-r-100-mi-e-novo-terminal\/#breadcrumb"},"inLanguage":"pt-BR","potentialAction":[{"@type":"ReadAction","target":["https:\/\/agenciainfra.com\/blog\/porto-do-recife-tera-dragagem-de-r-100-mi-e-novo-terminal\/"]}]},{"@type":"ImageObject","inLanguage":"pt-BR","@id":"https:\/\/agenciainfra.com\/blog\/porto-do-recife-tera-dragagem-de-r-100-mi-e-novo-terminal\/#primaryimage","url":"https:\/\/agenciainfra.com\/blog\/wp-content\/uploads\/2025\/09\/mpor-foto-eduardo_oliveira_mpor.jpg","contentUrl":"https:\/\/agenciainfra.com\/blog\/wp-content\/uploads\/2025\/09\/mpor-foto-eduardo_oliveira_mpor.jpg","width":1280,"height":853,"caption":"Foto: Eduardo Oliveira\/MPor"},{"@type":"BreadcrumbList","@id":"https:\/\/agenciainfra.com\/blog\/porto-do-recife-tera-dragagem-de-r-100-mi-e-novo-terminal\/#breadcrumb","itemListElement":[{"@type":"ListItem","position":1,"name":"In\u00edcio","item":"https:\/\/agenciainfra.com\/blog\/"},{"@type":"ListItem","position":2,"name":"Porto do Recife ter\u00e1 dragagem de R$ 100 mi e novo terminal"}]},{"@type":"WebSite","@id":"https:\/\/agenciainfra.com\/blog\/#website","url":"https:\/\/agenciainfra.com\/blog\/","name":"Ag\u00eancia iNFRA","description":"Multiplataforma de informa\u00e7\u00e3o jornal\u00edstica refer\u00eancia na \u00e1rea de infraestrutura no Brasil!","publisher":{"@id":"https:\/\/agenciainfra.com\/blog\/#organization"},"potentialAction":[{"@type":"SearchAction","target":{"@type":"EntryPoint","urlTemplate":"https:\/\/agenciainfra.com\/blog\/?s={search_term_string}"},"query-input":{"@type":"PropertyValueSpecification","valueRequired":true,"valueName":"search_term_string"}}],"inLanguage":"pt-BR"},{"@type":"Organization","@id":"https:\/\/agenciainfra.com\/blog\/#organization","name":"Ag\u00eancia iNFRA","url":"https:\/\/agenciainfra.com\/blog\/","logo":{"@type":"ImageObject","inLanguage":"pt-BR","@id":"https:\/\/agenciainfra.com\/blog\/#\/schema\/logo\/image\/","url":"https:\/\/agenciainfra.com\/blog\/wp-content\/uploads\/2023\/09\/iNFRA_5-e1761735885940.png","contentUrl":"https:\/\/agenciainfra.com\/blog\/wp-content\/uploads\/2023\/09\/iNFRA_5-e1761735885940.png","width":1672,"height":454,"caption":"Ag\u00eancia iNFRA"},"image":{"@id":"https:\/\/agenciainfra.com\/blog\/#\/schema\/logo\/image\/"},"sameAs":["https:\/\/www.facebook.com\/ageninfra","https:\/\/x.com\/agencia_infra","https:\/\/www.linkedin.com\/company\/ag\u00eanciainfra\/","https:\/\/www.instagram.com\/agenciainfra\/"]},{"@type":"Person","@id":"https:\/\/agenciainfra.com\/blog\/#\/schema\/person\/34af08dff6adea4cb22b06612ba7acfa","name":"Ag\u00eancia iNFRA","image":{"@type":"ImageObject","inLanguage":"pt-BR","@id":"https:\/\/agenciainfra.com\/blog\/#\/schema\/person\/image\/","url":"https:\/\/secure.gravatar.com\/avatar\/d189e01678f06d8eb84d4e01f08eb848b3fffe3f8443818d3c356c66892f5be8?s=96&d=mm&r=g","contentUrl":"https:\/\/secure.gravatar.com\/avatar\/d189e01678f06d8eb84d4e01f08eb848b3fffe3f8443818d3c356c66892f5be8?s=96&d=mm&r=g","caption":"Ag\u00eancia iNFRA"},"url":"https:\/\/agenciainfra.com\/blog\/author\/admin\/"}]}},"_links":{"self":[{"href":"https:\/\/agenciainfra.com\/blog\/wp-json\/wp\/v2\/posts\/28165","targetHints":{"allow":["GET"]}}],"collection":[{"href":"https:\/\/agenciainfra.com\/blog\/wp-json\/wp\/v2\/posts"}],"about":[{"href":"https:\/\/agenciainfra.com\/blog\/wp-json\/wp\/v2\/types\/post"}],"author":[{"embeddable":true,"href":"https:\/\/agenciainfra.com\/blog\/wp-json\/wp\/v2\/users\/1"}],"replies":[{"embeddable":true,"href":"https:\/\/agenciainfra.com\/blog\/wp-json\/wp\/v2\/comments?post=28165"}],"version-history":[{"count":2,"href":"https:\/\/agenciainfra.com\/blog\/wp-json\/wp\/v2\/posts\/28165\/revisions"}],"predecessor-version":[{"id":28169,"href":"https:\/\/agenciainfra.com\/blog\/wp-json\/wp\/v2\/posts\/28165\/revisions\/28169"}],"wp:featuredmedia":[{"embeddable":true,"href":"https:\/\/agenciainfra.com\/blog\/wp-json\/wp\/v2\/media\/28168"}],"wp:attachment":[{"href":"https:\/\/agenciainfra.com\/blog\/wp-json\/wp\/v2\/media?parent=28165"}],"wp:term":[{"taxonomy":"category","embeddable":true,"href":"https:\/\/agenciainfra.com\/blog\/wp-json\/wp\/v2\/categories?post=28165"},{"taxonomy":"post_tag","embeddable":true,"href":"https:\/\/agenciainfra.com\/blog\/wp-json\/wp\/v2\/tags?post=28165"}],"curies":[{"name":"wp","href":"https:\/\/api.w.org\/{rel}","templated":true}]}}