{"id":28193,"date":"2025-09-19T17:43:22","date_gmt":"2025-09-19T20:43:22","guid":{"rendered":"https:\/\/agenciainfra.com\/blog\/?p=28193"},"modified":"2025-09-22T14:26:55","modified_gmt":"2025-09-22T17:26:55","slug":"tecon-10-juiz-rejeita-questionamento-a-processo-sobre-modelo-do-leilao","status":"publish","type":"post","link":"https:\/\/agenciainfra.com\/blog\/tecon-10-juiz-rejeita-questionamento-a-processo-sobre-modelo-do-leilao\/","title":{"rendered":"Tecon 10: Juiz rejeita questionamento a processo sobre modelo do leil\u00e3o"},"content":{"rendered":"\n<p class=\"has-text-align-right\"><strong>da Ag\u00eancia iNFRA<\/strong><\/p>\n\n\n\n<p>O juiz federal Paulo Cezar Neves Junior, da 21\u00aa Vara C\u00edvel Federal de S\u00e3o Paulo, negou o pedido da Maersk que questionava o processo da ANTAQ (Ag\u00eancia Nacional de Transportes Aquavi\u00e1rios) respons\u00e1vel por definir o modelo de leil\u00e3o do Tecon Santos 10. <\/p>\n\n\n\n<p>No final de julho, o magistrado j\u00e1 havia negado o pedido liminar da empresa para suspender os atos da ag\u00eancia. Em nova decis\u00e3o assinada nesta quinta-feira (18), ele afirmou que os fundamentos expostos naquela decis\u00e3o n\u00e3o foram alternados ap\u00f3s a manifesta\u00e7\u00e3o do MPF (Minist\u00e9rio P\u00fablico Federal). Leia <a href=\"https:\/\/agenciainfra.com\/blog\/wp-content\/uploads\/2025\/09\/%C2%B7-Processo-Judicial-Eletronico-TRF3-1o-Grau.pdf\">aqui<\/a> a senten\u00e7a.<\/p>\n\n\n\n<p>A empresa, que j\u00e1 opera no Porto de Santos pelo terminal da BTP, contestou a decis\u00e3o da ANTAQ no Judici\u00e1rio ap\u00f3s a ag\u00eancia definir que os operadores que j\u00e1 est\u00e3o no porto n\u00e3o poder\u00e3o participar da primeira fase do certame. Eles somente ser\u00e3o habilitados caso a primeira etapa do leil\u00e3o n\u00e3o receba propostas.<\/p>\n\n\n\n<p>Na peti\u00e7\u00e3o inicial \u00e0 Justi\u00e7a, a empresa afirmou que a restri\u00e7\u00e3o alterou substancialmente a minuta do edital e deveria ter sido submetida \u00e0 nova Audi\u00eancia P\u00fablica. Por isso, pedia que o judici\u00e1rio determinasse nova consulta sobre este processo.<\/p>\n\n\n\n<p>\u201cSe a minuta do Edital n\u00e3o previa restri\u00e7\u00f5es, foi submetida \u00e0 Audi\u00eancia P\u00fablica e, depois, a ANTAQ resolve incluir uma restri\u00e7\u00e3o absoluta da participa\u00e7\u00e3o dos atuais incumbentes do Porto no certame, que nem sequer havia sido cogitada nem discutida anteriormente, \u00e9 evidente que tal brusca altera\u00e7\u00e3o deveria ser objeto de nova consulta p\u00fablica\u201d, afirmava a empresa.<\/p>\n\n\n\n<p>\u201cEvidente que a an\u00e1lise do m\u00e9rito da decis\u00e3o que restringiu a participa\u00e7\u00e3o de licitantes, ou seja, se isso fere ou n\u00e3o o princ\u00edpio da concorr\u00eancia na licita\u00e7\u00e3o, demandaria dila\u00e7\u00e3o probat\u00f3ria, incompat\u00edvel com esta a\u00e7\u00e3o mandamental\u201d, disse o magistrado&nbsp;na primeira decis\u00e3o, que foi refor\u00e7ada por ele na nova senten\u00e7a.<\/p>\n\n\n\n<p>&#8220;A\u00a0fundamenta\u00e7\u00e3o da presente decis\u00e3o se d\u00e1 de forma referenciada ao amparo f\u00e1tico e legal mencionado quando da an\u00e1lise do pedido de liminar&#8221;, escreveu. Segundo o juiz, o MPF (Minist\u00e9rio P\u00fablico Federal) n\u00e3o se manifestou sobre a a\u00e7\u00e3o por n\u00e3o &#8220;vislumbrar manifesto interesse&#8221; do \u00f3rg\u00e3o no processo. <\/p>\n\n\n\n<p>Em nota, a Maersk afirmou que defende a ampla participa\u00e7\u00e3o no debate sobre o futuro leil\u00e3o do Tecon Santos 10, considerando a relev\u00e2ncia estrat\u00e9gica desse ativo para o com\u00e9rcio exterior brasileiro. Para a companhia, garantir igualdade a todos os interessados que atendam \u00e0s exig\u00eancias do certame \u00e9 fundamental para assegurar uma competi\u00e7\u00e3o efetiva e priorizar a efici\u00eancia operacional no futuro terminal. <\/p>\n\n\n\n<p>&#8220;Esse entendimento est\u00e1 alinhado \u00e0 pol\u00edtica setorial definida pelo MPor, \u00e0s justas preocupa\u00e7\u00f5es manifestadas pela ANTAQ, bem como ao parecer do Minist\u00e9rio da Fazenda e a manifesta\u00e7\u00f5es anteriores\u00a0do\u00a0Cade&#8221;, disse.<\/p>\n\n\n\n<p><strong>TCU<\/strong><br>O processo do Tecon 10 est\u00e1 em avalia\u00e7\u00e3o pelo TCU (Tribunal de Contas da Uni\u00e3o). Em relat\u00f3rio preliminar, a \u00e1rea t\u00e9cnica da corte indicou que&nbsp;deve se opor ao modelo de leil\u00e3o faseado do projeto.<\/p>\n\n\n\n<p>Neste documento pr\u00e9vio, a AudPortoFerrovia (Unidade de Auditoria Especializada em Infraestrutura Portu\u00e1ria e Ferrovi\u00e1ria) da corte recomenda que o governo realize o certame em uma \u00fanica etapa, sem veto \u00e0 participa\u00e7\u00e3o de empresas que j\u00e1 est\u00e3o no Porto de Santos. Se uma dessas companhias vencer a licita\u00e7\u00e3o, teriam ent\u00e3o de realizar o desinvestimento de seus ativos atuais.<\/p>\n\n\n\n<p>Esse relat\u00f3rio&nbsp;foi encaminhado no fim de agosto para coment\u00e1rios dos gestores, que teriam&nbsp;prazo de 15 dias para apresentar pondera\u00e7\u00f5es ou justificativas. A ANTAQ respondeu no prazo, mas o MPor (Minist\u00e9rio de Portos e Aeroportos) pediu mais tempo e dever\u00e1 enviar sua manifesta\u00e7\u00e3o at\u00e9 sexta-feira (26). S\u00f3 depois dessa fase a unidade t\u00e9cnica vai finalizar o relat\u00f3rio para ser enviado ao relator do caso, ministro Antonio Anastasia.&nbsp;<\/p>\n\n\n\n<p><\/p>\n\n\n\n<p><\/p>\n\n\n\n<p><\/p>\n\n\n\n<p><\/p>\n","protected":false},"excerpt":{"rendered":"<p>da Ag\u00eancia iNFRA O juiz federal Paulo Cezar Neves Junior, da 21\u00aa Vara C\u00edvel Federal de S\u00e3o Paulo, negou o pedido da Maersk que questionava o processo da ANTAQ (Ag\u00eancia Nacional de Transportes Aquavi\u00e1rios) respons\u00e1vel por definir o modelo de leil\u00e3o do Tecon Santos 10. No final de julho, o magistrado j\u00e1 havia negado o [&hellip;]<\/p>\n","protected":false},"author":1,"featured_media":22209,"comment_status":"closed","ping_status":"closed","sticky":false,"template":"","format":"standard","meta":{"_monsterinsights_skip_tracking":false,"_monsterinsights_sitenote_active":false,"_monsterinsights_sitenote_note":"","_monsterinsights_sitenote_category":0,"footnotes":""},"categories":[7250,1,7],"tags":[15490,86,1030,1057,15489,625,12352],"class_list":["post-28193","post","type-post","status-publish","format-standard","has-post-thumbnail","hentry","category-destaque-lista","category-geral","category-infratransporte","tag-21a-vara-civel-federal","tag-antaq","tag-btp","tag-maersk","tag-paulo-cezar-neves-junior","tag-santos","tag-tecon-10"],"yoast_head":"<!-- This site is optimized with the Yoast SEO Premium plugin v25.4 (Yoast SEO v26.0) - https:\/\/yoast.com\/wordpress\/plugins\/seo\/ -->\n<title>Tecon 10: Juiz rejeita questionamento a processo sobre modelo do leil\u00e3o - Ag\u00eancia iNFRA<\/title>\n<meta name=\"robots\" content=\"index, follow, max-snippet:-1, max-image-preview:large, max-video-preview:-1\" \/>\n<link rel=\"canonical\" href=\"https:\/\/agenciainfra.com\/blog\/tecon-10-juiz-rejeita-questionamento-a-processo-sobre-modelo-do-leilao\/\" \/>\n<meta property=\"og:locale\" content=\"pt_BR\" \/>\n<meta property=\"og:type\" content=\"article\" \/>\n<meta property=\"og:title\" content=\"Tecon 10: Juiz rejeita questionamento a processo sobre modelo do leil\u00e3o\" \/>\n<meta property=\"og:description\" content=\"da Ag\u00eancia iNFRA O juiz federal Paulo Cezar Neves Junior, da 21\u00aa Vara C\u00edvel Federal de S\u00e3o Paulo, negou o pedido da Maersk que questionava o processo da ANTAQ (Ag\u00eancia Nacional de Transportes Aquavi\u00e1rios) respons\u00e1vel por definir o modelo de leil\u00e3o do Tecon Santos 10. No final de julho, o magistrado j\u00e1 havia negado o [&hellip;]\" \/>\n<meta property=\"og:url\" content=\"https:\/\/agenciainfra.com\/blog\/tecon-10-juiz-rejeita-questionamento-a-processo-sobre-modelo-do-leilao\/\" \/>\n<meta property=\"og:site_name\" content=\"Ag\u00eancia iNFRA\" \/>\n<meta property=\"article:publisher\" content=\"https:\/\/www.facebook.com\/ageninfra\" \/>\n<meta property=\"article:published_time\" content=\"2025-09-19T20:43:22+00:00\" \/>\n<meta property=\"article:modified_time\" content=\"2025-09-22T17:26:55+00:00\" \/>\n<meta property=\"og:image\" content=\"https:\/\/agenciainfra.com\/blog\/wp-content\/uploads\/2025\/05\/porto-de-santos-foto-porto-de-santos-1024x767-1.jpeg\" \/>\n\t<meta property=\"og:image:width\" content=\"1024\" \/>\n\t<meta property=\"og:image:height\" content=\"767\" \/>\n\t<meta property=\"og:image:type\" content=\"image\/jpeg\" \/>\n<meta name=\"author\" content=\"Ag\u00eancia iNFRA\" \/>\n<meta name=\"twitter:card\" content=\"summary_large_image\" \/>\n<meta name=\"twitter:creator\" content=\"@agencia_infra\" \/>\n<meta name=\"twitter:site\" content=\"@agencia_infra\" \/>\n<meta name=\"twitter:label1\" content=\"Escrito por\" \/>\n\t<meta name=\"twitter:data1\" content=\"Ag\u00eancia iNFRA\" \/>\n\t<meta name=\"twitter:label2\" content=\"Est. tempo de leitura\" \/>\n\t<meta name=\"twitter:data2\" content=\"3 minutos\" \/>\n<script type=\"application\/ld+json\" class=\"yoast-schema-graph\">{\"@context\":\"https:\/\/schema.org\",\"@graph\":[{\"@type\":\"Article\",\"@id\":\"https:\/\/agenciainfra.com\/blog\/tecon-10-juiz-rejeita-questionamento-a-processo-sobre-modelo-do-leilao\/#article\",\"isPartOf\":{\"@id\":\"https:\/\/agenciainfra.com\/blog\/tecon-10-juiz-rejeita-questionamento-a-processo-sobre-modelo-do-leilao\/\"},\"author\":{\"name\":\"Ag\u00eancia iNFRA\",\"@id\":\"https:\/\/agenciainfra.com\/blog\/#\/schema\/person\/34af08dff6adea4cb22b06612ba7acfa\"},\"headline\":\"Tecon 10: Juiz rejeita questionamento a processo sobre modelo do leil\u00e3o\",\"datePublished\":\"2025-09-19T20:43:22+00:00\",\"dateModified\":\"2025-09-22T17:26:55+00:00\",\"mainEntityOfPage\":{\"@id\":\"https:\/\/agenciainfra.com\/blog\/tecon-10-juiz-rejeita-questionamento-a-processo-sobre-modelo-do-leilao\/\"},\"wordCount\":689,\"publisher\":{\"@id\":\"https:\/\/agenciainfra.com\/blog\/#organization\"},\"image\":{\"@id\":\"https:\/\/agenciainfra.com\/blog\/tecon-10-juiz-rejeita-questionamento-a-processo-sobre-modelo-do-leilao\/#primaryimage\"},\"thumbnailUrl\":\"https:\/\/agenciainfra.com\/blog\/wp-content\/uploads\/2025\/05\/porto-de-santos-foto-porto-de-santos-1024x767-1.jpeg\",\"keywords\":[\"21\u00aa Vara C\u00edvel Federal\",\"ANTAQ\",\"BTP\",\"Maersk\",\"Paulo Cezar Neves Junior\",\"Santos\",\"Tecon 10\"],\"articleSection\":[\"Destaque lista\",\"Geral\",\"iNFRATransporte\"],\"inLanguage\":\"pt-BR\",\"copyrightYear\":\"2025\",\"copyrightHolder\":{\"@id\":\"https:\/\/agenciainfra.com\/blog\/#organization\"}},{\"@type\":\"WebPage\",\"@id\":\"https:\/\/agenciainfra.com\/blog\/tecon-10-juiz-rejeita-questionamento-a-processo-sobre-modelo-do-leilao\/\",\"url\":\"https:\/\/agenciainfra.com\/blog\/tecon-10-juiz-rejeita-questionamento-a-processo-sobre-modelo-do-leilao\/\",\"name\":\"Tecon 10: Juiz rejeita questionamento a processo sobre modelo do leil\u00e3o - Ag\u00eancia iNFRA\",\"isPartOf\":{\"@id\":\"https:\/\/agenciainfra.com\/blog\/#website\"},\"primaryImageOfPage\":{\"@id\":\"https:\/\/agenciainfra.com\/blog\/tecon-10-juiz-rejeita-questionamento-a-processo-sobre-modelo-do-leilao\/#primaryimage\"},\"image\":{\"@id\":\"https:\/\/agenciainfra.com\/blog\/tecon-10-juiz-rejeita-questionamento-a-processo-sobre-modelo-do-leilao\/#primaryimage\"},\"thumbnailUrl\":\"https:\/\/agenciainfra.com\/blog\/wp-content\/uploads\/2025\/05\/porto-de-santos-foto-porto-de-santos-1024x767-1.jpeg\",\"datePublished\":\"2025-09-19T20:43:22+00:00\",\"dateModified\":\"2025-09-22T17:26:55+00:00\",\"breadcrumb\":{\"@id\":\"https:\/\/agenciainfra.com\/blog\/tecon-10-juiz-rejeita-questionamento-a-processo-sobre-modelo-do-leilao\/#breadcrumb\"},\"inLanguage\":\"pt-BR\",\"potentialAction\":[{\"@type\":\"ReadAction\",\"target\":[\"https:\/\/agenciainfra.com\/blog\/tecon-10-juiz-rejeita-questionamento-a-processo-sobre-modelo-do-leilao\/\"]}]},{\"@type\":\"ImageObject\",\"inLanguage\":\"pt-BR\",\"@id\":\"https:\/\/agenciainfra.com\/blog\/tecon-10-juiz-rejeita-questionamento-a-processo-sobre-modelo-do-leilao\/#primaryimage\",\"url\":\"https:\/\/agenciainfra.com\/blog\/wp-content\/uploads\/2025\/05\/porto-de-santos-foto-porto-de-santos-1024x767-1.jpeg\",\"contentUrl\":\"https:\/\/agenciainfra.com\/blog\/wp-content\/uploads\/2025\/05\/porto-de-santos-foto-porto-de-santos-1024x767-1.jpeg\",\"width\":1024,\"height\":767,\"caption\":\"Foto: Porto de Santos\"},{\"@type\":\"BreadcrumbList\",\"@id\":\"https:\/\/agenciainfra.com\/blog\/tecon-10-juiz-rejeita-questionamento-a-processo-sobre-modelo-do-leilao\/#breadcrumb\",\"itemListElement\":[{\"@type\":\"ListItem\",\"position\":1,\"name\":\"In\u00edcio\",\"item\":\"https:\/\/agenciainfra.com\/blog\/\"},{\"@type\":\"ListItem\",\"position\":2,\"name\":\"Tecon 10: Juiz rejeita questionamento a processo sobre modelo do leil\u00e3o\"}]},{\"@type\":\"WebSite\",\"@id\":\"https:\/\/agenciainfra.com\/blog\/#website\",\"url\":\"https:\/\/agenciainfra.com\/blog\/\",\"name\":\"Ag\u00eancia iNFRA\",\"description\":\"Multiplataforma de informa\u00e7\u00e3o jornal\u00edstica refer\u00eancia na \u00e1rea de infraestrutura no Brasil!\",\"publisher\":{\"@id\":\"https:\/\/agenciainfra.com\/blog\/#organization\"},\"potentialAction\":[{\"@type\":\"SearchAction\",\"target\":{\"@type\":\"EntryPoint\",\"urlTemplate\":\"https:\/\/agenciainfra.com\/blog\/?s={search_term_string}\"},\"query-input\":{\"@type\":\"PropertyValueSpecification\",\"valueRequired\":true,\"valueName\":\"search_term_string\"}}],\"inLanguage\":\"pt-BR\"},{\"@type\":\"Organization\",\"@id\":\"https:\/\/agenciainfra.com\/blog\/#organization\",\"name\":\"Ag\u00eancia iNFRA\",\"url\":\"https:\/\/agenciainfra.com\/blog\/\",\"logo\":{\"@type\":\"ImageObject\",\"inLanguage\":\"pt-BR\",\"@id\":\"https:\/\/agenciainfra.com\/blog\/#\/schema\/logo\/image\/\",\"url\":\"https:\/\/agenciainfra.com\/blog\/wp-content\/uploads\/2023\/09\/iNFRA_5-e1761735885940.png\",\"contentUrl\":\"https:\/\/agenciainfra.com\/blog\/wp-content\/uploads\/2023\/09\/iNFRA_5-e1761735885940.png\",\"width\":1672,\"height\":454,\"caption\":\"Ag\u00eancia iNFRA\"},\"image\":{\"@id\":\"https:\/\/agenciainfra.com\/blog\/#\/schema\/logo\/image\/\"},\"sameAs\":[\"https:\/\/www.facebook.com\/ageninfra\",\"https:\/\/x.com\/agencia_infra\",\"https:\/\/www.linkedin.com\/company\/ag\u00eanciainfra\/\",\"https:\/\/www.instagram.com\/agenciainfra\/\"]},{\"@type\":\"Person\",\"@id\":\"https:\/\/agenciainfra.com\/blog\/#\/schema\/person\/34af08dff6adea4cb22b06612ba7acfa\",\"name\":\"Ag\u00eancia iNFRA\",\"image\":{\"@type\":\"ImageObject\",\"inLanguage\":\"pt-BR\",\"@id\":\"https:\/\/agenciainfra.com\/blog\/#\/schema\/person\/image\/\",\"url\":\"https:\/\/secure.gravatar.com\/avatar\/d189e01678f06d8eb84d4e01f08eb848b3fffe3f8443818d3c356c66892f5be8?s=96&d=mm&r=g\",\"contentUrl\":\"https:\/\/secure.gravatar.com\/avatar\/d189e01678f06d8eb84d4e01f08eb848b3fffe3f8443818d3c356c66892f5be8?s=96&d=mm&r=g\",\"caption\":\"Ag\u00eancia iNFRA\"},\"url\":\"https:\/\/agenciainfra.com\/blog\/author\/admin\/\"}]}<\/script>\n<!-- \/ Yoast SEO Premium plugin. -->","yoast_head_json":{"title":"Tecon 10: Juiz rejeita questionamento a processo sobre modelo do leil\u00e3o - Ag\u00eancia iNFRA","robots":{"index":"index","follow":"follow","max-snippet":"max-snippet:-1","max-image-preview":"max-image-preview:large","max-video-preview":"max-video-preview:-1"},"canonical":"https:\/\/agenciainfra.com\/blog\/tecon-10-juiz-rejeita-questionamento-a-processo-sobre-modelo-do-leilao\/","og_locale":"pt_BR","og_type":"article","og_title":"Tecon 10: Juiz rejeita questionamento a processo sobre modelo do leil\u00e3o","og_description":"da Ag\u00eancia iNFRA O juiz federal Paulo Cezar Neves Junior, da 21\u00aa Vara C\u00edvel Federal de S\u00e3o Paulo, negou o pedido da Maersk que questionava o processo da ANTAQ (Ag\u00eancia Nacional de Transportes Aquavi\u00e1rios) respons\u00e1vel por definir o modelo de leil\u00e3o do Tecon Santos 10. No final de julho, o magistrado j\u00e1 havia negado o [&hellip;]","og_url":"https:\/\/agenciainfra.com\/blog\/tecon-10-juiz-rejeita-questionamento-a-processo-sobre-modelo-do-leilao\/","og_site_name":"Ag\u00eancia iNFRA","article_publisher":"https:\/\/www.facebook.com\/ageninfra","article_published_time":"2025-09-19T20:43:22+00:00","article_modified_time":"2025-09-22T17:26:55+00:00","og_image":[{"width":1024,"height":767,"url":"https:\/\/agenciainfra.com\/blog\/wp-content\/uploads\/2025\/05\/porto-de-santos-foto-porto-de-santos-1024x767-1.jpeg","type":"image\/jpeg"}],"author":"Ag\u00eancia iNFRA","twitter_card":"summary_large_image","twitter_creator":"@agencia_infra","twitter_site":"@agencia_infra","twitter_misc":{"Escrito por":"Ag\u00eancia iNFRA","Est. tempo de leitura":"3 minutos"},"schema":{"@context":"https:\/\/schema.org","@graph":[{"@type":"Article","@id":"https:\/\/agenciainfra.com\/blog\/tecon-10-juiz-rejeita-questionamento-a-processo-sobre-modelo-do-leilao\/#article","isPartOf":{"@id":"https:\/\/agenciainfra.com\/blog\/tecon-10-juiz-rejeita-questionamento-a-processo-sobre-modelo-do-leilao\/"},"author":{"name":"Ag\u00eancia iNFRA","@id":"https:\/\/agenciainfra.com\/blog\/#\/schema\/person\/34af08dff6adea4cb22b06612ba7acfa"},"headline":"Tecon 10: Juiz rejeita questionamento a processo sobre modelo do leil\u00e3o","datePublished":"2025-09-19T20:43:22+00:00","dateModified":"2025-09-22T17:26:55+00:00","mainEntityOfPage":{"@id":"https:\/\/agenciainfra.com\/blog\/tecon-10-juiz-rejeita-questionamento-a-processo-sobre-modelo-do-leilao\/"},"wordCount":689,"publisher":{"@id":"https:\/\/agenciainfra.com\/blog\/#organization"},"image":{"@id":"https:\/\/agenciainfra.com\/blog\/tecon-10-juiz-rejeita-questionamento-a-processo-sobre-modelo-do-leilao\/#primaryimage"},"thumbnailUrl":"https:\/\/agenciainfra.com\/blog\/wp-content\/uploads\/2025\/05\/porto-de-santos-foto-porto-de-santos-1024x767-1.jpeg","keywords":["21\u00aa Vara C\u00edvel Federal","ANTAQ","BTP","Maersk","Paulo Cezar Neves Junior","Santos","Tecon 10"],"articleSection":["Destaque lista","Geral","iNFRATransporte"],"inLanguage":"pt-BR","copyrightYear":"2025","copyrightHolder":{"@id":"https:\/\/agenciainfra.com\/blog\/#organization"}},{"@type":"WebPage","@id":"https:\/\/agenciainfra.com\/blog\/tecon-10-juiz-rejeita-questionamento-a-processo-sobre-modelo-do-leilao\/","url":"https:\/\/agenciainfra.com\/blog\/tecon-10-juiz-rejeita-questionamento-a-processo-sobre-modelo-do-leilao\/","name":"Tecon 10: Juiz rejeita questionamento a processo sobre modelo do leil\u00e3o - Ag\u00eancia iNFRA","isPartOf":{"@id":"https:\/\/agenciainfra.com\/blog\/#website"},"primaryImageOfPage":{"@id":"https:\/\/agenciainfra.com\/blog\/tecon-10-juiz-rejeita-questionamento-a-processo-sobre-modelo-do-leilao\/#primaryimage"},"image":{"@id":"https:\/\/agenciainfra.com\/blog\/tecon-10-juiz-rejeita-questionamento-a-processo-sobre-modelo-do-leilao\/#primaryimage"},"thumbnailUrl":"https:\/\/agenciainfra.com\/blog\/wp-content\/uploads\/2025\/05\/porto-de-santos-foto-porto-de-santos-1024x767-1.jpeg","datePublished":"2025-09-19T20:43:22+00:00","dateModified":"2025-09-22T17:26:55+00:00","breadcrumb":{"@id":"https:\/\/agenciainfra.com\/blog\/tecon-10-juiz-rejeita-questionamento-a-processo-sobre-modelo-do-leilao\/#breadcrumb"},"inLanguage":"pt-BR","potentialAction":[{"@type":"ReadAction","target":["https:\/\/agenciainfra.com\/blog\/tecon-10-juiz-rejeita-questionamento-a-processo-sobre-modelo-do-leilao\/"]}]},{"@type":"ImageObject","inLanguage":"pt-BR","@id":"https:\/\/agenciainfra.com\/blog\/tecon-10-juiz-rejeita-questionamento-a-processo-sobre-modelo-do-leilao\/#primaryimage","url":"https:\/\/agenciainfra.com\/blog\/wp-content\/uploads\/2025\/05\/porto-de-santos-foto-porto-de-santos-1024x767-1.jpeg","contentUrl":"https:\/\/agenciainfra.com\/blog\/wp-content\/uploads\/2025\/05\/porto-de-santos-foto-porto-de-santos-1024x767-1.jpeg","width":1024,"height":767,"caption":"Foto: Porto de Santos"},{"@type":"BreadcrumbList","@id":"https:\/\/agenciainfra.com\/blog\/tecon-10-juiz-rejeita-questionamento-a-processo-sobre-modelo-do-leilao\/#breadcrumb","itemListElement":[{"@type":"ListItem","position":1,"name":"In\u00edcio","item":"https:\/\/agenciainfra.com\/blog\/"},{"@type":"ListItem","position":2,"name":"Tecon 10: Juiz rejeita questionamento a processo sobre modelo do leil\u00e3o"}]},{"@type":"WebSite","@id":"https:\/\/agenciainfra.com\/blog\/#website","url":"https:\/\/agenciainfra.com\/blog\/","name":"Ag\u00eancia iNFRA","description":"Multiplataforma de informa\u00e7\u00e3o jornal\u00edstica refer\u00eancia na \u00e1rea de infraestrutura no Brasil!","publisher":{"@id":"https:\/\/agenciainfra.com\/blog\/#organization"},"potentialAction":[{"@type":"SearchAction","target":{"@type":"EntryPoint","urlTemplate":"https:\/\/agenciainfra.com\/blog\/?s={search_term_string}"},"query-input":{"@type":"PropertyValueSpecification","valueRequired":true,"valueName":"search_term_string"}}],"inLanguage":"pt-BR"},{"@type":"Organization","@id":"https:\/\/agenciainfra.com\/blog\/#organization","name":"Ag\u00eancia iNFRA","url":"https:\/\/agenciainfra.com\/blog\/","logo":{"@type":"ImageObject","inLanguage":"pt-BR","@id":"https:\/\/agenciainfra.com\/blog\/#\/schema\/logo\/image\/","url":"https:\/\/agenciainfra.com\/blog\/wp-content\/uploads\/2023\/09\/iNFRA_5-e1761735885940.png","contentUrl":"https:\/\/agenciainfra.com\/blog\/wp-content\/uploads\/2023\/09\/iNFRA_5-e1761735885940.png","width":1672,"height":454,"caption":"Ag\u00eancia iNFRA"},"image":{"@id":"https:\/\/agenciainfra.com\/blog\/#\/schema\/logo\/image\/"},"sameAs":["https:\/\/www.facebook.com\/ageninfra","https:\/\/x.com\/agencia_infra","https:\/\/www.linkedin.com\/company\/ag\u00eanciainfra\/","https:\/\/www.instagram.com\/agenciainfra\/"]},{"@type":"Person","@id":"https:\/\/agenciainfra.com\/blog\/#\/schema\/person\/34af08dff6adea4cb22b06612ba7acfa","name":"Ag\u00eancia iNFRA","image":{"@type":"ImageObject","inLanguage":"pt-BR","@id":"https:\/\/agenciainfra.com\/blog\/#\/schema\/person\/image\/","url":"https:\/\/secure.gravatar.com\/avatar\/d189e01678f06d8eb84d4e01f08eb848b3fffe3f8443818d3c356c66892f5be8?s=96&d=mm&r=g","contentUrl":"https:\/\/secure.gravatar.com\/avatar\/d189e01678f06d8eb84d4e01f08eb848b3fffe3f8443818d3c356c66892f5be8?s=96&d=mm&r=g","caption":"Ag\u00eancia iNFRA"},"url":"https:\/\/agenciainfra.com\/blog\/author\/admin\/"}]}},"_links":{"self":[{"href":"https:\/\/agenciainfra.com\/blog\/wp-json\/wp\/v2\/posts\/28193","targetHints":{"allow":["GET"]}}],"collection":[{"href":"https:\/\/agenciainfra.com\/blog\/wp-json\/wp\/v2\/posts"}],"about":[{"href":"https:\/\/agenciainfra.com\/blog\/wp-json\/wp\/v2\/types\/post"}],"author":[{"embeddable":true,"href":"https:\/\/agenciainfra.com\/blog\/wp-json\/wp\/v2\/users\/1"}],"replies":[{"embeddable":true,"href":"https:\/\/agenciainfra.com\/blog\/wp-json\/wp\/v2\/comments?post=28193"}],"version-history":[{"count":4,"href":"https:\/\/agenciainfra.com\/blog\/wp-json\/wp\/v2\/posts\/28193\/revisions"}],"predecessor-version":[{"id":28224,"href":"https:\/\/agenciainfra.com\/blog\/wp-json\/wp\/v2\/posts\/28193\/revisions\/28224"}],"wp:featuredmedia":[{"embeddable":true,"href":"https:\/\/agenciainfra.com\/blog\/wp-json\/wp\/v2\/media\/22209"}],"wp:attachment":[{"href":"https:\/\/agenciainfra.com\/blog\/wp-json\/wp\/v2\/media?parent=28193"}],"wp:term":[{"taxonomy":"category","embeddable":true,"href":"https:\/\/agenciainfra.com\/blog\/wp-json\/wp\/v2\/categories?post=28193"},{"taxonomy":"post_tag","embeddable":true,"href":"https:\/\/agenciainfra.com\/blog\/wp-json\/wp\/v2\/tags?post=28193"}],"curies":[{"name":"wp","href":"https:\/\/api.w.org\/{rel}","templated":true}]}}