{"id":28236,"date":"2025-09-22T10:17:24","date_gmt":"2025-09-22T13:17:24","guid":{"rendered":"https:\/\/agenciainfra.com\/blog\/?p=28236"},"modified":"2025-09-23T10:09:11","modified_gmt":"2025-09-23T13:09:11","slug":"arnaldo-jardim-avanca-em-parecer-sobre-minerais-criticos-veja-mudancas","status":"publish","type":"post","link":"https:\/\/agenciainfra.com\/blog\/arnaldo-jardim-avanca-em-parecer-sobre-minerais-criticos-veja-mudancas\/","title":{"rendered":"Arnaldo Jardim avan\u00e7a em parecer sobre minerais cr\u00edticos; veja mudan\u00e7as"},"content":{"rendered":"\n<p class=\"has-text-align-right\"><strong>Rafael Bitencourt, da Ag\u00eancia iNFRA<\/strong><\/p>\n\n\n\n<p>O deputado federal Arnaldo Jardim (Cidadania-SP) trabalha na conclus\u00e3o do relat\u00f3rio sobre a Pol\u00edtica Nacional de Minerais Cr\u00edticos e Estrat\u00e9gicos, prevista no <a href=\"https:\/\/www.camara.leg.br\/proposicoesWeb\/fichadetramitacao?idProposicao=2447259\">PL (Projeto de Lei) 2.780\/2024<\/a>. Em entrevista \u00e0&nbsp;<strong>Ag\u00eancia iNFRA<\/strong>, o parlamentar antecipou algumas das mudan\u00e7as sugeridas no projeto e afirmou que o seu parecer \u201cest\u00e1 pronto\u201d, mas, para torn\u00e1-lo p\u00fablico, precisa ter um \u00faltimo encontro de alinhamento com o MME (Minist\u00e9rio de Minas e Energia).<\/p>\n\n\n\n<p>\u201cAcho que eu avancei muito significativamente no parecer, mas tenho um compromisso&nbsp;com o ministro Alexandre [Silveira] que tem sido muito atencioso comigo e vice-versa. J\u00e1 fizemos boas parcerias na formula\u00e7\u00e3o de normas para o setor, e quero manter isso\u201d, disse Jardim.<\/p>\n\n\n\n<p>A tramita\u00e7\u00e3o do PL na \u00faltima quinta-feira (18) foi marcada por&nbsp;expectativas positivas geradas com a aprova\u00e7\u00e3o do <a href=\"https:\/\/agenciainfra.com\/blog\/camara-aprova-urgencia-para-politica-de-minerais-criticos\/\">regime de urg\u00eancia<\/a> e, logo depois, pela frustra\u00e7\u00e3o com a ordem da Mesa Diretora&nbsp;de submeter a proposta&nbsp;a&nbsp;ciclo de debate e <a href=\"https:\/\/agenciainfra.com\/blog\/pl-dos-minerais-criticos-sera-discutida-em-comissao-especial\/\">vota\u00e7\u00e3o em comiss\u00e3o especial<\/a>, sem mais encurtar o caminho com aprecia\u00e7\u00e3o direta em plen\u00e1rio. Jardim, pelo menos, seguir\u00e1 como relator, o que era esperado pelos parlamentares que aguardam a aprova\u00e7\u00e3o do projeto.<\/p>\n\n\n\n<p>Fontes do setor de minera\u00e7\u00e3o&nbsp;que acompanham o debate sobre o projeto&nbsp;avaliam que a aprova\u00e7\u00e3o do regime de urg\u00eancia tende a&nbsp;estimular o governo a avan\u00e7ar na negocia\u00e7\u00e3o com o Congresso sobre a nova pol\u00edtica. Nos \u00faltimos meses, Silveira&nbsp;disse&nbsp;que considerava o envio de uma MP (Medida Provis\u00f3ria), previamente acertada com o Legislativo, para garantir a efic\u00e1cia imediata das medidas. J\u00e1 nas \u00faltimas declara\u00e7\u00f5es, o ministro afirmou que, antes de tomar uma decis\u00e3o, ir\u00e1 submeter o assunto ao CNPM (Conselho Nacional de Pol\u00edtica Mineral).<\/p>\n\n\n\n<p><strong>Mudan\u00e7as propostas<\/strong><br>Em entrevista \u00e0&nbsp;<strong>Ag\u00eancia iNFRA<\/strong>, Jardim apresentou tr\u00eas sugest\u00f5es de acr\u00e9scimos \u00e0 proposta&nbsp;da&nbsp;Pol\u00edtica Nacional de Minerais Cr\u00edticos e Estrat\u00e9gicos:<\/p>\n\n\n\n<ul class=\"wp-block-list\">\n<li>Incluir a categoria dos minerais \u201cessenciais para a transi\u00e7\u00e3o energ\u00e9tica\u201d, al\u00e9m dos cr\u00edticos e estrat\u00e9gicos. S\u00e3o cinco: l\u00edtio, cobre, n\u00edquel, grafita e elementos de terras raras;<\/li>\n\n\n\n<li>Criar a isen\u00e7\u00e3o tribut\u00e1ria para pessoas f\u00edsicas e jur\u00eddicas que comprarem a\u00e7\u00f5es de mineradoras na fase inicial de explora\u00e7\u00e3o \u2013 \u201cjunior companies\u201d ou \u201cjunior minings\u201d \u2013 dentro do modelo conhecido como \u201cFlow-Throw Shares\u201d, sendo inspirada na proposta canadense e adaptada \u00e0 realidade brasileira; e<\/li>\n\n\n\n<li>Estimular o desenvolvimento da \u201cminera\u00e7\u00e3o urbana\u201d para melhor aproveitar o lixo eletr\u00f4nico descartado com a estrat\u00e9gia de recupera\u00e7\u00e3o e reinser\u00e7\u00e3o dos minerais cr\u00edticos desses equipamentos na cadeia produtiva.<\/li>\n<\/ul>\n\n\n\n<p><\/p>\n\n\n\n<p><strong>Minerais essenciais<\/strong><br>Jardim ressalta que, apesar de pouco falada, a pol\u00edtica para estimular a explora\u00e7\u00e3o de minerais estrat\u00e9gicos no Brasil j\u00e1 existe, criada pelo governo anterior. Contudo, ele considera que, dado o enfoque mais abrangente, o programa atual n\u00e3o deu aten\u00e7\u00e3o devida ao grupo de cinco minerais classificados como \u201cessenciais para a transi\u00e7\u00e3o\u201d. E cita que, entre os os 26 projetos aprovados pelo Comit\u00ea Interministerial de An\u00e1lise de Projetos de Minerais Estrat\u00e9gicos, 14 s\u00e3o dedicados \u00e0 explora\u00e7\u00e3o de ouro e min\u00e9rio de ferro \u2013 estes s\u00e3o considerado importantes para nova fase da ind\u00fastria, mas n\u00e3o est\u00e3o no centro da disputa geopol\u00edtica relacionada a&nbsp;transi\u00e7\u00e3o energ\u00e9tica e tecnologias de ponta.<\/p>\n\n\n\n<p>Se essa proposta do relator for acolhida, os&nbsp;minerais l\u00edtio, cobre, n\u00edquel, grafita e terras raras&nbsp;ter\u00e3o a an\u00e1lise de projetos e incentivos econ\u00f4micos espec\u00edficos. Isso, segundo Jardim, n\u00e3o diminuir\u00e1 a import\u00e2ncia de minerais que tamb\u00e9m t\u00eam um&nbsp;n\u00edvel elevado de \u201ccriticidade\u201d na avalia\u00e7\u00e3o do governo brasileiro, como \u00e9 o caso do pot\u00e1ssio usado na produ\u00e7\u00e3o de fertilizantes. Existe o&nbsp;interesse de&nbsp;reduzir a importa\u00e7\u00e3o do insumo usado na produ\u00e7\u00e3o agr\u00edcola. Isso j\u00e1 levou&nbsp;o MME a marcar&nbsp;posi\u00e7\u00e3o sobre a necessidade de valorizar os minerais relacionados \u00e0 seguran\u00e7a alimentar na nova pol\u00edtica.<\/p>\n\n\n\n<p><\/p>\n\n\n\n<p><strong>Flow-Through Shares<\/strong><br>A isen\u00e7\u00e3o de IR (Imposto de Renda) no investimento&nbsp;de pessoas e empresas em pap\u00e9is das junior minings j\u00e1 constava em outro projeto&nbsp;(PL 5.424\/2023), de autoria tamb\u00e9m do deputado Z\u00e9 Silva. Ele \u00e9 presidente da FPMin (Frente Parlamentar da Minera\u00e7\u00e3o Sustent\u00e1vel). Com essa iniciativa, Jardim espera refor\u00e7ar os investimentos no setor via mercado de capitais.<\/p>\n\n\n\n<p><\/p>\n\n\n\n<p>\u201cPrecisando acertar isso com o governo porque estamos falando de est\u00edmulos fiscais e tribut\u00e1rios para as empresas. Nos inspiramos um pouco na experi\u00eancia do Canad\u00e1 de apoio \u00e0s empresas juniores na etapa mais desafiadora da minera\u00e7\u00e3o. Elas operam exatamente no momento de maior risco do neg\u00f3cio\u201d, disse Jardim, em entrevista \u00e0&nbsp;<strong>Ag\u00eancia iNFRA<\/strong>.<\/p>\n\n\n\n<p><\/p>\n\n\n\n<p><strong>Minera\u00e7\u00e3o urbana<\/strong><br>Questionado se a minera\u00e7\u00e3o urbana seria tratada no parecer, Jardim confirmou que ir\u00e1 inclu\u00ed-la, pois o assunto tem ganhado relev\u00e2ncia no debate mais amplo&nbsp;sobre sustentabilidade em todas as etapas de comercializa\u00e7\u00e3o de&nbsp;bens minerais. O deputado j\u00e1 vinha fazendo refer\u00eancias ao tema em artigos assinados por ele.<\/p>\n\n\n\n<p>\u201cNosso projeto vai versar sobre isso sim. E o&nbsp;conceito que usamos \u00e9 de economia circular como forma de concretizar parte da nossa Pol\u00edtica Nacional de Res\u00edduos S\u00f3lidos\u201d, disse o parlamentar, lembrando que tamb\u00e9m foi relator&nbsp;desse marco legal h\u00e1 16 anos. \u201cHoje, n\u00f3s temos um descarte n\u00e3o organizado, n\u00e3o padronizado, de eletr\u00f4nicos e tudo mais. A ideia \u00e9 dar uma organicidade a isso\u201d, acrescentou. Segundo ele, faltam est\u00edmulos econ\u00f4micos para desenvolver a minera\u00e7\u00e3o urbana no pa\u00eds.<\/p>\n\n\n\n<p>O relator do PL ressalta que pa\u00edses europeu j\u00e1 se destacam na recupera\u00e7\u00e3o de minerais cr\u00edticos extra\u00eddos de placas de circuito, computadores, eletrodom\u00e9stico e smartphones, buscando inclusive a compra&nbsp;de sucata no exterior. \u201cAt\u00e9 agora, temos colocado tudo num cont\u00eainer e mandado como esse lixo, que considero&nbsp;valioso, para fora do pa\u00eds. A nossa ideia \u00e9 estabelecermos aqui um mecanismo de processamento desse material\u201d, afirmou.<\/p>\n\n\n\n<p><strong>Outros incentivos<\/strong><br>Jardim admitiu que j\u00e1 recebeu pleitos espec\u00edficos de empresas e entidades do setor nessa reta final de elabora\u00e7\u00e3o do parecer. Ele, contudo, n\u00e3o quis detalhar o que ser\u00e1, ou n\u00e3o,&nbsp;incorporado \u00e0 \u00faltima vers\u00e3o. O parlamentar afirmou que trocou ideias sobre a alternativa de uso do direito de lavra como garantia na tomada de empr\u00e9stimos \u2013 a falta de garantia se tornou uma queixa generalizada do setor \u2013 e cria\u00e7\u00e3o de um fundo garantidor. \u201cN\u00e3o est\u00e1 descartada essa hip\u00f3tese\u201d, disse o relator, sobre o&nbsp;fundo.<\/p>\n\n\n\n<p>A&nbsp;<strong>Ag\u00eancia iNFRA<\/strong>&nbsp;apurou que as&nbsp;mineradoras ainda t\u00eam reivindicado: incentivos para que grandes companhias coloquem recursos nos fundos de fomento que apoiam as junior minings;&nbsp;novos est\u00edmulos para as etapas de beneficiamento dos minerais cr\u00edticos; e&nbsp;mecanismo&nbsp;de rastreabilidade dos&nbsp;minerais&nbsp;cr\u00edticos e estrat\u00e9gicos.<\/p>\n","protected":false},"excerpt":{"rendered":"<p>Rafael Bitencourt, da Ag\u00eancia iNFRA O deputado federal Arnaldo Jardim (Cidadania-SP) trabalha na conclus\u00e3o do relat\u00f3rio sobre a Pol\u00edtica Nacional de Minerais Cr\u00edticos e Estrat\u00e9gicos, prevista no PL (Projeto de Lei) 2.780\/2024. Em entrevista \u00e0&nbsp;Ag\u00eancia iNFRA, o parlamentar antecipou algumas das mudan\u00e7as sugeridas no projeto e afirmou que o seu parecer \u201cest\u00e1 pronto\u201d, mas, para [&hellip;]<\/p>\n","protected":false},"author":1,"featured_media":28240,"comment_status":"closed","ping_status":"closed","sticky":false,"template":"","format":"standard","meta":{"_monsterinsights_skip_tracking":false,"_monsterinsights_sitenote_active":false,"_monsterinsights_sitenote_note":"","_monsterinsights_sitenote_category":0,"footnotes":""},"categories":[7250,1,13239],"tags":[888,12705,13230,15024,2415,14124,1985,839,13228,13749,13231,13813,15025,13333,14265],"class_list":["post-28236","post","type-post","status-publish","format-standard","has-post-thumbnail","hentry","category-destaque-lista","category-geral","category-mineracao","tag-arnaldo-jardim","tag-deputado-arnaldo-jardim","tag-deputado-ze-silva","tag-frente-parlamentar-da-mineracao-sustentavel","tag-hugo-motta","tag-mel","tag-minas-gerais","tag-mineracao","tag-minerais-criticos","tag-minerais-estrategicos","tag-pl-2-780-2024","tag-rafael-bitencourt","tag-soberania-nacional","tag-terras-raras","tag-ze-silva"],"yoast_head":"<!-- This site is optimized with the Yoast SEO Premium plugin v25.4 (Yoast SEO v26.0) - https:\/\/yoast.com\/wordpress\/plugins\/seo\/ -->\n<title>Arnaldo Jardim avan\u00e7a em parecer sobre minerais cr\u00edticos; veja mudan\u00e7as - Ag\u00eancia iNFRA<\/title>\n<meta name=\"robots\" content=\"index, follow, max-snippet:-1, max-image-preview:large, max-video-preview:-1\" \/>\n<link rel=\"canonical\" href=\"https:\/\/agenciainfra.com\/blog\/arnaldo-jardim-avanca-em-parecer-sobre-minerais-criticos-veja-mudancas\/\" \/>\n<meta property=\"og:locale\" content=\"pt_BR\" \/>\n<meta property=\"og:type\" content=\"article\" \/>\n<meta property=\"og:title\" content=\"Arnaldo Jardim avan\u00e7a em parecer sobre minerais cr\u00edticos; veja mudan\u00e7as\" \/>\n<meta property=\"og:description\" content=\"Rafael Bitencourt, da Ag\u00eancia iNFRA O deputado federal Arnaldo Jardim (Cidadania-SP) trabalha na conclus\u00e3o do relat\u00f3rio sobre a Pol\u00edtica Nacional de Minerais Cr\u00edticos e Estrat\u00e9gicos, prevista no PL (Projeto de Lei) 2.780\/2024. Em entrevista \u00e0&nbsp;Ag\u00eancia iNFRA, o parlamentar antecipou algumas das mudan\u00e7as sugeridas no projeto e afirmou que o seu parecer \u201cest\u00e1 pronto\u201d, mas, para [&hellip;]\" \/>\n<meta property=\"og:url\" content=\"https:\/\/agenciainfra.com\/blog\/arnaldo-jardim-avanca-em-parecer-sobre-minerais-criticos-veja-mudancas\/\" \/>\n<meta property=\"og:site_name\" content=\"Ag\u00eancia iNFRA\" \/>\n<meta property=\"article:publisher\" content=\"https:\/\/www.facebook.com\/ageninfra\" \/>\n<meta property=\"article:published_time\" content=\"2025-09-22T13:17:24+00:00\" \/>\n<meta property=\"article:modified_time\" content=\"2025-09-23T13:09:11+00:00\" \/>\n<meta property=\"og:image\" content=\"https:\/\/agenciainfra.com\/blog\/wp-content\/uploads\/2025\/09\/arnaldo-jardim-foto-vinicius-loures_camara-scaled.jpg\" \/>\n\t<meta property=\"og:image:width\" content=\"2560\" \/>\n\t<meta property=\"og:image:height\" content=\"1578\" \/>\n\t<meta property=\"og:image:type\" content=\"image\/jpeg\" \/>\n<meta name=\"author\" content=\"Ag\u00eancia iNFRA\" \/>\n<meta name=\"twitter:card\" content=\"summary_large_image\" \/>\n<meta name=\"twitter:creator\" content=\"@agencia_infra\" \/>\n<meta name=\"twitter:site\" content=\"@agencia_infra\" \/>\n<meta name=\"twitter:label1\" content=\"Escrito por\" \/>\n\t<meta name=\"twitter:data1\" content=\"Ag\u00eancia iNFRA\" \/>\n\t<meta name=\"twitter:label2\" content=\"Est. tempo de leitura\" \/>\n\t<meta name=\"twitter:data2\" content=\"6 minutos\" \/>\n<script type=\"application\/ld+json\" class=\"yoast-schema-graph\">{\"@context\":\"https:\/\/schema.org\",\"@graph\":[{\"@type\":\"Article\",\"@id\":\"https:\/\/agenciainfra.com\/blog\/arnaldo-jardim-avanca-em-parecer-sobre-minerais-criticos-veja-mudancas\/#article\",\"isPartOf\":{\"@id\":\"https:\/\/agenciainfra.com\/blog\/arnaldo-jardim-avanca-em-parecer-sobre-minerais-criticos-veja-mudancas\/\"},\"author\":{\"name\":\"Ag\u00eancia iNFRA\",\"@id\":\"https:\/\/agenciainfra.com\/blog\/#\/schema\/person\/34af08dff6adea4cb22b06612ba7acfa\"},\"headline\":\"Arnaldo Jardim avan\u00e7a em parecer sobre minerais cr\u00edticos; veja mudan\u00e7as\",\"datePublished\":\"2025-09-22T13:17:24+00:00\",\"dateModified\":\"2025-09-23T13:09:11+00:00\",\"mainEntityOfPage\":{\"@id\":\"https:\/\/agenciainfra.com\/blog\/arnaldo-jardim-avanca-em-parecer-sobre-minerais-criticos-veja-mudancas\/\"},\"wordCount\":1212,\"publisher\":{\"@id\":\"https:\/\/agenciainfra.com\/blog\/#organization\"},\"image\":{\"@id\":\"https:\/\/agenciainfra.com\/blog\/arnaldo-jardim-avanca-em-parecer-sobre-minerais-criticos-veja-mudancas\/#primaryimage\"},\"thumbnailUrl\":\"https:\/\/agenciainfra.com\/blog\/wp-content\/uploads\/2025\/09\/arnaldo-jardim-foto-vinicius-loures_camara-scaled.jpg\",\"keywords\":[\"Arnaldo Jardim\",\"deputado arnaldo jardim\",\"deputado z\u00e9 silva\",\"Frente Parlamentar da Minera\u00e7\u00e3o Sustent\u00e1vel\",\"Hugo Motta\",\"MEL\",\"Minas Gerais\",\"minera\u00e7\u00e3o\",\"minerais cr\u00edticos\",\"minerais estrat\u00e9gicos\",\"pl 2.780\/2024\",\"Rafael Bitencourt\",\"soberania nacional\",\"terras raras\",\"Z\u00e9 Silva\"],\"articleSection\":[\"Destaque lista\",\"Geral\",\"Minera\u00e7\u00e3o\"],\"inLanguage\":\"pt-BR\",\"copyrightYear\":\"2025\",\"copyrightHolder\":{\"@id\":\"https:\/\/agenciainfra.com\/blog\/#organization\"}},{\"@type\":\"WebPage\",\"@id\":\"https:\/\/agenciainfra.com\/blog\/arnaldo-jardim-avanca-em-parecer-sobre-minerais-criticos-veja-mudancas\/\",\"url\":\"https:\/\/agenciainfra.com\/blog\/arnaldo-jardim-avanca-em-parecer-sobre-minerais-criticos-veja-mudancas\/\",\"name\":\"Arnaldo Jardim avan\u00e7a em parecer sobre minerais cr\u00edticos; veja mudan\u00e7as - Ag\u00eancia iNFRA\",\"isPartOf\":{\"@id\":\"https:\/\/agenciainfra.com\/blog\/#website\"},\"primaryImageOfPage\":{\"@id\":\"https:\/\/agenciainfra.com\/blog\/arnaldo-jardim-avanca-em-parecer-sobre-minerais-criticos-veja-mudancas\/#primaryimage\"},\"image\":{\"@id\":\"https:\/\/agenciainfra.com\/blog\/arnaldo-jardim-avanca-em-parecer-sobre-minerais-criticos-veja-mudancas\/#primaryimage\"},\"thumbnailUrl\":\"https:\/\/agenciainfra.com\/blog\/wp-content\/uploads\/2025\/09\/arnaldo-jardim-foto-vinicius-loures_camara-scaled.jpg\",\"datePublished\":\"2025-09-22T13:17:24+00:00\",\"dateModified\":\"2025-09-23T13:09:11+00:00\",\"breadcrumb\":{\"@id\":\"https:\/\/agenciainfra.com\/blog\/arnaldo-jardim-avanca-em-parecer-sobre-minerais-criticos-veja-mudancas\/#breadcrumb\"},\"inLanguage\":\"pt-BR\",\"potentialAction\":[{\"@type\":\"ReadAction\",\"target\":[\"https:\/\/agenciainfra.com\/blog\/arnaldo-jardim-avanca-em-parecer-sobre-minerais-criticos-veja-mudancas\/\"]}]},{\"@type\":\"ImageObject\",\"inLanguage\":\"pt-BR\",\"@id\":\"https:\/\/agenciainfra.com\/blog\/arnaldo-jardim-avanca-em-parecer-sobre-minerais-criticos-veja-mudancas\/#primaryimage\",\"url\":\"https:\/\/agenciainfra.com\/blog\/wp-content\/uploads\/2025\/09\/arnaldo-jardim-foto-vinicius-loures_camara-scaled.jpg\",\"contentUrl\":\"https:\/\/agenciainfra.com\/blog\/wp-content\/uploads\/2025\/09\/arnaldo-jardim-foto-vinicius-loures_camara-scaled.jpg\",\"width\":2560,\"height\":1578,\"caption\":\"Foto: Vinicius Loures\/C\u00e2mara dos Deputados\"},{\"@type\":\"BreadcrumbList\",\"@id\":\"https:\/\/agenciainfra.com\/blog\/arnaldo-jardim-avanca-em-parecer-sobre-minerais-criticos-veja-mudancas\/#breadcrumb\",\"itemListElement\":[{\"@type\":\"ListItem\",\"position\":1,\"name\":\"In\u00edcio\",\"item\":\"https:\/\/agenciainfra.com\/blog\/\"},{\"@type\":\"ListItem\",\"position\":2,\"name\":\"Arnaldo Jardim avan\u00e7a em parecer sobre minerais cr\u00edticos; veja mudan\u00e7as\"}]},{\"@type\":\"WebSite\",\"@id\":\"https:\/\/agenciainfra.com\/blog\/#website\",\"url\":\"https:\/\/agenciainfra.com\/blog\/\",\"name\":\"Ag\u00eancia iNFRA\",\"description\":\"Multiplataforma de informa\u00e7\u00e3o jornal\u00edstica refer\u00eancia na \u00e1rea de infraestrutura no Brasil!\",\"publisher\":{\"@id\":\"https:\/\/agenciainfra.com\/blog\/#organization\"},\"potentialAction\":[{\"@type\":\"SearchAction\",\"target\":{\"@type\":\"EntryPoint\",\"urlTemplate\":\"https:\/\/agenciainfra.com\/blog\/?s={search_term_string}\"},\"query-input\":{\"@type\":\"PropertyValueSpecification\",\"valueRequired\":true,\"valueName\":\"search_term_string\"}}],\"inLanguage\":\"pt-BR\"},{\"@type\":\"Organization\",\"@id\":\"https:\/\/agenciainfra.com\/blog\/#organization\",\"name\":\"Ag\u00eancia iNFRA\",\"url\":\"https:\/\/agenciainfra.com\/blog\/\",\"logo\":{\"@type\":\"ImageObject\",\"inLanguage\":\"pt-BR\",\"@id\":\"https:\/\/agenciainfra.com\/blog\/#\/schema\/logo\/image\/\",\"url\":\"https:\/\/agenciainfra.com\/blog\/wp-content\/uploads\/2023\/09\/iNFRA_5-e1761735885940.png\",\"contentUrl\":\"https:\/\/agenciainfra.com\/blog\/wp-content\/uploads\/2023\/09\/iNFRA_5-e1761735885940.png\",\"width\":1672,\"height\":454,\"caption\":\"Ag\u00eancia iNFRA\"},\"image\":{\"@id\":\"https:\/\/agenciainfra.com\/blog\/#\/schema\/logo\/image\/\"},\"sameAs\":[\"https:\/\/www.facebook.com\/ageninfra\",\"https:\/\/x.com\/agencia_infra\",\"https:\/\/www.linkedin.com\/company\/ag\u00eanciainfra\/\",\"https:\/\/www.instagram.com\/agenciainfra\/\"]},{\"@type\":\"Person\",\"@id\":\"https:\/\/agenciainfra.com\/blog\/#\/schema\/person\/34af08dff6adea4cb22b06612ba7acfa\",\"name\":\"Ag\u00eancia iNFRA\",\"image\":{\"@type\":\"ImageObject\",\"inLanguage\":\"pt-BR\",\"@id\":\"https:\/\/agenciainfra.com\/blog\/#\/schema\/person\/image\/\",\"url\":\"https:\/\/secure.gravatar.com\/avatar\/d189e01678f06d8eb84d4e01f08eb848b3fffe3f8443818d3c356c66892f5be8?s=96&d=mm&r=g\",\"contentUrl\":\"https:\/\/secure.gravatar.com\/avatar\/d189e01678f06d8eb84d4e01f08eb848b3fffe3f8443818d3c356c66892f5be8?s=96&d=mm&r=g\",\"caption\":\"Ag\u00eancia iNFRA\"},\"url\":\"https:\/\/agenciainfra.com\/blog\/author\/admin\/\"}]}<\/script>\n<!-- \/ Yoast SEO Premium plugin. -->","yoast_head_json":{"title":"Arnaldo Jardim avan\u00e7a em parecer sobre minerais cr\u00edticos; veja mudan\u00e7as - Ag\u00eancia iNFRA","robots":{"index":"index","follow":"follow","max-snippet":"max-snippet:-1","max-image-preview":"max-image-preview:large","max-video-preview":"max-video-preview:-1"},"canonical":"https:\/\/agenciainfra.com\/blog\/arnaldo-jardim-avanca-em-parecer-sobre-minerais-criticos-veja-mudancas\/","og_locale":"pt_BR","og_type":"article","og_title":"Arnaldo Jardim avan\u00e7a em parecer sobre minerais cr\u00edticos; veja mudan\u00e7as","og_description":"Rafael Bitencourt, da Ag\u00eancia iNFRA O deputado federal Arnaldo Jardim (Cidadania-SP) trabalha na conclus\u00e3o do relat\u00f3rio sobre a Pol\u00edtica Nacional de Minerais Cr\u00edticos e Estrat\u00e9gicos, prevista no PL (Projeto de Lei) 2.780\/2024. Em entrevista \u00e0&nbsp;Ag\u00eancia iNFRA, o parlamentar antecipou algumas das mudan\u00e7as sugeridas no projeto e afirmou que o seu parecer \u201cest\u00e1 pronto\u201d, mas, para [&hellip;]","og_url":"https:\/\/agenciainfra.com\/blog\/arnaldo-jardim-avanca-em-parecer-sobre-minerais-criticos-veja-mudancas\/","og_site_name":"Ag\u00eancia iNFRA","article_publisher":"https:\/\/www.facebook.com\/ageninfra","article_published_time":"2025-09-22T13:17:24+00:00","article_modified_time":"2025-09-23T13:09:11+00:00","og_image":[{"width":2560,"height":1578,"url":"https:\/\/agenciainfra.com\/blog\/wp-content\/uploads\/2025\/09\/arnaldo-jardim-foto-vinicius-loures_camara-scaled.jpg","type":"image\/jpeg"}],"author":"Ag\u00eancia iNFRA","twitter_card":"summary_large_image","twitter_creator":"@agencia_infra","twitter_site":"@agencia_infra","twitter_misc":{"Escrito por":"Ag\u00eancia iNFRA","Est. tempo de leitura":"6 minutos"},"schema":{"@context":"https:\/\/schema.org","@graph":[{"@type":"Article","@id":"https:\/\/agenciainfra.com\/blog\/arnaldo-jardim-avanca-em-parecer-sobre-minerais-criticos-veja-mudancas\/#article","isPartOf":{"@id":"https:\/\/agenciainfra.com\/blog\/arnaldo-jardim-avanca-em-parecer-sobre-minerais-criticos-veja-mudancas\/"},"author":{"name":"Ag\u00eancia iNFRA","@id":"https:\/\/agenciainfra.com\/blog\/#\/schema\/person\/34af08dff6adea4cb22b06612ba7acfa"},"headline":"Arnaldo Jardim avan\u00e7a em parecer sobre minerais cr\u00edticos; veja mudan\u00e7as","datePublished":"2025-09-22T13:17:24+00:00","dateModified":"2025-09-23T13:09:11+00:00","mainEntityOfPage":{"@id":"https:\/\/agenciainfra.com\/blog\/arnaldo-jardim-avanca-em-parecer-sobre-minerais-criticos-veja-mudancas\/"},"wordCount":1212,"publisher":{"@id":"https:\/\/agenciainfra.com\/blog\/#organization"},"image":{"@id":"https:\/\/agenciainfra.com\/blog\/arnaldo-jardim-avanca-em-parecer-sobre-minerais-criticos-veja-mudancas\/#primaryimage"},"thumbnailUrl":"https:\/\/agenciainfra.com\/blog\/wp-content\/uploads\/2025\/09\/arnaldo-jardim-foto-vinicius-loures_camara-scaled.jpg","keywords":["Arnaldo Jardim","deputado arnaldo jardim","deputado z\u00e9 silva","Frente Parlamentar da Minera\u00e7\u00e3o Sustent\u00e1vel","Hugo Motta","MEL","Minas Gerais","minera\u00e7\u00e3o","minerais cr\u00edticos","minerais estrat\u00e9gicos","pl 2.780\/2024","Rafael Bitencourt","soberania nacional","terras raras","Z\u00e9 Silva"],"articleSection":["Destaque lista","Geral","Minera\u00e7\u00e3o"],"inLanguage":"pt-BR","copyrightYear":"2025","copyrightHolder":{"@id":"https:\/\/agenciainfra.com\/blog\/#organization"}},{"@type":"WebPage","@id":"https:\/\/agenciainfra.com\/blog\/arnaldo-jardim-avanca-em-parecer-sobre-minerais-criticos-veja-mudancas\/","url":"https:\/\/agenciainfra.com\/blog\/arnaldo-jardim-avanca-em-parecer-sobre-minerais-criticos-veja-mudancas\/","name":"Arnaldo Jardim avan\u00e7a em parecer sobre minerais cr\u00edticos; veja mudan\u00e7as - Ag\u00eancia iNFRA","isPartOf":{"@id":"https:\/\/agenciainfra.com\/blog\/#website"},"primaryImageOfPage":{"@id":"https:\/\/agenciainfra.com\/blog\/arnaldo-jardim-avanca-em-parecer-sobre-minerais-criticos-veja-mudancas\/#primaryimage"},"image":{"@id":"https:\/\/agenciainfra.com\/blog\/arnaldo-jardim-avanca-em-parecer-sobre-minerais-criticos-veja-mudancas\/#primaryimage"},"thumbnailUrl":"https:\/\/agenciainfra.com\/blog\/wp-content\/uploads\/2025\/09\/arnaldo-jardim-foto-vinicius-loures_camara-scaled.jpg","datePublished":"2025-09-22T13:17:24+00:00","dateModified":"2025-09-23T13:09:11+00:00","breadcrumb":{"@id":"https:\/\/agenciainfra.com\/blog\/arnaldo-jardim-avanca-em-parecer-sobre-minerais-criticos-veja-mudancas\/#breadcrumb"},"inLanguage":"pt-BR","potentialAction":[{"@type":"ReadAction","target":["https:\/\/agenciainfra.com\/blog\/arnaldo-jardim-avanca-em-parecer-sobre-minerais-criticos-veja-mudancas\/"]}]},{"@type":"ImageObject","inLanguage":"pt-BR","@id":"https:\/\/agenciainfra.com\/blog\/arnaldo-jardim-avanca-em-parecer-sobre-minerais-criticos-veja-mudancas\/#primaryimage","url":"https:\/\/agenciainfra.com\/blog\/wp-content\/uploads\/2025\/09\/arnaldo-jardim-foto-vinicius-loures_camara-scaled.jpg","contentUrl":"https:\/\/agenciainfra.com\/blog\/wp-content\/uploads\/2025\/09\/arnaldo-jardim-foto-vinicius-loures_camara-scaled.jpg","width":2560,"height":1578,"caption":"Foto: Vinicius Loures\/C\u00e2mara dos Deputados"},{"@type":"BreadcrumbList","@id":"https:\/\/agenciainfra.com\/blog\/arnaldo-jardim-avanca-em-parecer-sobre-minerais-criticos-veja-mudancas\/#breadcrumb","itemListElement":[{"@type":"ListItem","position":1,"name":"In\u00edcio","item":"https:\/\/agenciainfra.com\/blog\/"},{"@type":"ListItem","position":2,"name":"Arnaldo Jardim avan\u00e7a em parecer sobre minerais cr\u00edticos; veja mudan\u00e7as"}]},{"@type":"WebSite","@id":"https:\/\/agenciainfra.com\/blog\/#website","url":"https:\/\/agenciainfra.com\/blog\/","name":"Ag\u00eancia iNFRA","description":"Multiplataforma de informa\u00e7\u00e3o jornal\u00edstica refer\u00eancia na \u00e1rea de infraestrutura no Brasil!","publisher":{"@id":"https:\/\/agenciainfra.com\/blog\/#organization"},"potentialAction":[{"@type":"SearchAction","target":{"@type":"EntryPoint","urlTemplate":"https:\/\/agenciainfra.com\/blog\/?s={search_term_string}"},"query-input":{"@type":"PropertyValueSpecification","valueRequired":true,"valueName":"search_term_string"}}],"inLanguage":"pt-BR"},{"@type":"Organization","@id":"https:\/\/agenciainfra.com\/blog\/#organization","name":"Ag\u00eancia iNFRA","url":"https:\/\/agenciainfra.com\/blog\/","logo":{"@type":"ImageObject","inLanguage":"pt-BR","@id":"https:\/\/agenciainfra.com\/blog\/#\/schema\/logo\/image\/","url":"https:\/\/agenciainfra.com\/blog\/wp-content\/uploads\/2023\/09\/iNFRA_5-e1761735885940.png","contentUrl":"https:\/\/agenciainfra.com\/blog\/wp-content\/uploads\/2023\/09\/iNFRA_5-e1761735885940.png","width":1672,"height":454,"caption":"Ag\u00eancia iNFRA"},"image":{"@id":"https:\/\/agenciainfra.com\/blog\/#\/schema\/logo\/image\/"},"sameAs":["https:\/\/www.facebook.com\/ageninfra","https:\/\/x.com\/agencia_infra","https:\/\/www.linkedin.com\/company\/ag\u00eanciainfra\/","https:\/\/www.instagram.com\/agenciainfra\/"]},{"@type":"Person","@id":"https:\/\/agenciainfra.com\/blog\/#\/schema\/person\/34af08dff6adea4cb22b06612ba7acfa","name":"Ag\u00eancia iNFRA","image":{"@type":"ImageObject","inLanguage":"pt-BR","@id":"https:\/\/agenciainfra.com\/blog\/#\/schema\/person\/image\/","url":"https:\/\/secure.gravatar.com\/avatar\/d189e01678f06d8eb84d4e01f08eb848b3fffe3f8443818d3c356c66892f5be8?s=96&d=mm&r=g","contentUrl":"https:\/\/secure.gravatar.com\/avatar\/d189e01678f06d8eb84d4e01f08eb848b3fffe3f8443818d3c356c66892f5be8?s=96&d=mm&r=g","caption":"Ag\u00eancia iNFRA"},"url":"https:\/\/agenciainfra.com\/blog\/author\/admin\/"}]}},"_links":{"self":[{"href":"https:\/\/agenciainfra.com\/blog\/wp-json\/wp\/v2\/posts\/28236","targetHints":{"allow":["GET"]}}],"collection":[{"href":"https:\/\/agenciainfra.com\/blog\/wp-json\/wp\/v2\/posts"}],"about":[{"href":"https:\/\/agenciainfra.com\/blog\/wp-json\/wp\/v2\/types\/post"}],"author":[{"embeddable":true,"href":"https:\/\/agenciainfra.com\/blog\/wp-json\/wp\/v2\/users\/1"}],"replies":[{"embeddable":true,"href":"https:\/\/agenciainfra.com\/blog\/wp-json\/wp\/v2\/comments?post=28236"}],"version-history":[{"count":5,"href":"https:\/\/agenciainfra.com\/blog\/wp-json\/wp\/v2\/posts\/28236\/revisions"}],"predecessor-version":[{"id":28259,"href":"https:\/\/agenciainfra.com\/blog\/wp-json\/wp\/v2\/posts\/28236\/revisions\/28259"}],"wp:featuredmedia":[{"embeddable":true,"href":"https:\/\/agenciainfra.com\/blog\/wp-json\/wp\/v2\/media\/28240"}],"wp:attachment":[{"href":"https:\/\/agenciainfra.com\/blog\/wp-json\/wp\/v2\/media?parent=28236"}],"wp:term":[{"taxonomy":"category","embeddable":true,"href":"https:\/\/agenciainfra.com\/blog\/wp-json\/wp\/v2\/categories?post=28236"},{"taxonomy":"post_tag","embeddable":true,"href":"https:\/\/agenciainfra.com\/blog\/wp-json\/wp\/v2\/tags?post=28236"}],"curies":[{"name":"wp","href":"https:\/\/api.w.org\/{rel}","templated":true}]}}