{"id":28273,"date":"2025-09-22T14:22:16","date_gmt":"2025-09-22T17:22:16","guid":{"rendered":"https:\/\/agenciainfra.com\/blog\/?p=28273"},"modified":"2025-09-23T12:42:00","modified_gmt":"2025-09-23T15:42:00","slug":"silveira-quer-que-fazenda-libere-incentivo-para-a-cadeia-do-aco-verde","status":"publish","type":"post","link":"https:\/\/agenciainfra.com\/blog\/silveira-quer-que-fazenda-libere-incentivo-para-a-cadeia-do-aco-verde\/","title":{"rendered":"Silveira quer que Fazenda libere incentivo para a cadeia do a\u00e7o \u2018verde\u2019"},"content":{"rendered":"\n<p class=\"has-text-align-right\"><strong>Rafael Bitencourt, da Ag\u00eancia iNFRA<\/strong><\/p>\n\n\n\n<p>Ao falar da <a href=\"https:\/\/agenciainfra.com\/blog\/debate-sobre-minerais-criticos-vai-de-debentures-incentivadas-a-busca-por-capital-estrangeiro\/\">pol\u00edtica nacional de minerais cr\u00edticos<\/a>, o ministro de Minas e Energia, Alexandre Silveira, afirmou nesta segunda-feira (22) que tem tentado convencer a equipe econ\u00f4mica do governo a aprovar incentivo tribut\u00e1rio para a cadeia de produ\u00e7\u00e3o do min\u00e9rio de ferro em processo com baixa emiss\u00e3o de poluentes. Durante evento em Minas Gerais, ele citou o min\u00e9rio de ferro de \u201calta redu\u00e7\u00e3o\u201d, como j\u00e1 faz a Vale na fabrica\u00e7\u00e3o dos chamados \u201cbriquetes\u201d que favorecem a produ\u00e7\u00e3o do a\u00e7o \u201cverde\u201d.<\/p>\n\n\n\n<p>\u201cTrabalhamos para valorizar no curto prazo o min\u00e9rio de ferro de alta redu\u00e7\u00e3o para a produ\u00e7\u00e3o do a\u00e7o \u2018verde\u2019\u201d, afirmou Silveira, no Elos Minera\u00e7\u00e3o, <a href=\"https:\/\/agenciainfra.com\/blog\/silveira-cnpm-tera-1a-reuniao-em-outubro-com-participacao-de-lula\/\">evento realizado em Nova Lima<\/a> (MG). \u201cEssa \u00e9 uma tend\u00eancia global. Pude ver na China, Estados Unidos e Europa. Tenho lutado junto com o Minist\u00e9rio da Fazenda para que aceite considerar o min\u00e9rio de ferro de alta redu\u00e7\u00e3o entre os minerais estrat\u00e9gicos que possam receber incentivo tribut\u00e1rio. J\u00e1 obtivemos vit\u00f3rias em n\u00edquel, cobalto, terras raras, cobre e l\u00edtio\u201d, completou, mencionando os minerais presentes em discuss\u00f5es e estrat\u00e9gias geopol\u00edticas.<\/p>\n\n\n\n<p>No evento, o ministro refor\u00e7ou que a pol\u00edtica nacional de minerais cr\u00edticos e estrat\u00e9gicos ser\u00e1 lan\u00e7ada ainda este ano. Ele disse que a iniciativa do governo \u201cpermitir\u00e1 enfrentar os desafios de desenvolver a cadeia da transforma\u00e7\u00e3o mineral\u201d e fazer o mapeamento geol\u00f3gico \u201cem ritmo muito mais acelerado\u201d.<\/p>\n\n\n\n<p>Silveira defendeu que a ind\u00fastria de processamento de min\u00e9rio de ferro deve receber aten\u00e7\u00e3o. \u201cO Brasil precisa reduzir o pre\u00e7o de insumos para incentivar a cadeia mineral como um todo e, em especial, a siderurgia nacional, cada vez menos competitiva no mundo. Vamos avan\u00e7ar nesse sentido\u201d,&nbsp;garantiu.<\/p>\n","protected":false},"excerpt":{"rendered":"<p>Rafael Bitencourt, da Ag\u00eancia iNFRA Ao falar da pol\u00edtica nacional de minerais cr\u00edticos, o ministro de Minas e Energia, Alexandre Silveira, afirmou nesta segunda-feira (22) que tem tentado convencer a equipe econ\u00f4mica do governo a aprovar incentivo tribut\u00e1rio para a cadeia de produ\u00e7\u00e3o do min\u00e9rio de ferro em processo com baixa emiss\u00e3o de poluentes. Durante [&hellip;]<\/p>\n","protected":false},"author":1,"featured_media":25405,"comment_status":"closed","ping_status":"closed","sticky":false,"template":"","format":"standard","meta":{"_monsterinsights_skip_tracking":false,"_monsterinsights_sitenote_active":false,"_monsterinsights_sitenote_note":"","_monsterinsights_sitenote_category":0,"footnotes":""},"categories":[1,13239],"tags":[15506,6040,15508,7802,6718,15507,1728,15006,14121,3922,5509,15005,15304,1985,13228,6585,14052,13174,15510,13333,2598,14679],"class_list":["post-28273","post","type-post","status-publish","format-standard","has-post-thumbnail","hentry","category-geral","category-mineracao","tag-aco-verde","tag-alexandre-silveira","tag-alta-reducao","tag-baixa-emissao","tag-brasil","tag-briquetes","tag-china","tag-cobalto","tag-cobre","tag-eua","tag-europa","tag-litio","tag-mapeamento-geologico","tag-minas-gerais","tag-minerais-criticos","tag-ministerio-da-fazenda","tag-mme-ministerio-de-minas-e-energia","tag-niquel","tag-nova-lima","tag-terras-raras","tag-transformacao-mineral","tag-vale-s-a"],"yoast_head":"<!-- This site is optimized with the Yoast SEO Premium plugin v25.4 (Yoast SEO v26.0) - https:\/\/yoast.com\/wordpress\/plugins\/seo\/ -->\n<title>Silveira quer que Fazenda libere incentivo para a cadeia do a\u00e7o \u2018verde\u2019 - Ag\u00eancia iNFRA<\/title>\n<meta name=\"robots\" content=\"index, follow, max-snippet:-1, max-image-preview:large, max-video-preview:-1\" \/>\n<link rel=\"canonical\" href=\"https:\/\/agenciainfra.com\/blog\/silveira-quer-que-fazenda-libere-incentivo-para-a-cadeia-do-aco-verde\/\" \/>\n<meta property=\"og:locale\" content=\"pt_BR\" \/>\n<meta property=\"og:type\" content=\"article\" \/>\n<meta property=\"og:title\" content=\"Silveira quer que Fazenda libere incentivo para a cadeia do a\u00e7o \u2018verde\u2019\" \/>\n<meta property=\"og:description\" content=\"Rafael Bitencourt, da Ag\u00eancia iNFRA Ao falar da pol\u00edtica nacional de minerais cr\u00edticos, o ministro de Minas e Energia, Alexandre Silveira, afirmou nesta segunda-feira (22) que tem tentado convencer a equipe econ\u00f4mica do governo a aprovar incentivo tribut\u00e1rio para a cadeia de produ\u00e7\u00e3o do min\u00e9rio de ferro em processo com baixa emiss\u00e3o de poluentes. Durante [&hellip;]\" \/>\n<meta property=\"og:url\" content=\"https:\/\/agenciainfra.com\/blog\/silveira-quer-que-fazenda-libere-incentivo-para-a-cadeia-do-aco-verde\/\" \/>\n<meta property=\"og:site_name\" content=\"Ag\u00eancia iNFRA\" \/>\n<meta property=\"article:publisher\" content=\"https:\/\/www.facebook.com\/ageninfra\" \/>\n<meta property=\"article:published_time\" content=\"2025-09-22T17:22:16+00:00\" \/>\n<meta property=\"article:modified_time\" content=\"2025-09-23T15:42:00+00:00\" \/>\n<meta property=\"og:image\" content=\"https:\/\/agenciainfra.com\/blog\/wp-content\/uploads\/2025\/07\/Usiminas-Divulgacao-Aco-1.jpeg\" \/>\n\t<meta property=\"og:image:width\" content=\"1280\" \/>\n\t<meta property=\"og:image:height\" content=\"852\" \/>\n\t<meta property=\"og:image:type\" content=\"image\/jpeg\" \/>\n<meta name=\"author\" content=\"Ag\u00eancia iNFRA\" \/>\n<meta name=\"twitter:card\" content=\"summary_large_image\" \/>\n<meta name=\"twitter:creator\" content=\"@agencia_infra\" \/>\n<meta name=\"twitter:site\" content=\"@agencia_infra\" \/>\n<meta name=\"twitter:label1\" content=\"Escrito por\" \/>\n\t<meta name=\"twitter:data1\" content=\"Ag\u00eancia iNFRA\" \/>\n\t<meta name=\"twitter:label2\" content=\"Est. tempo de leitura\" \/>\n\t<meta name=\"twitter:data2\" content=\"2 minutos\" \/>\n<script type=\"application\/ld+json\" class=\"yoast-schema-graph\">{\"@context\":\"https:\/\/schema.org\",\"@graph\":[{\"@type\":\"Article\",\"@id\":\"https:\/\/agenciainfra.com\/blog\/silveira-quer-que-fazenda-libere-incentivo-para-a-cadeia-do-aco-verde\/#article\",\"isPartOf\":{\"@id\":\"https:\/\/agenciainfra.com\/blog\/silveira-quer-que-fazenda-libere-incentivo-para-a-cadeia-do-aco-verde\/\"},\"author\":{\"name\":\"Ag\u00eancia iNFRA\",\"@id\":\"https:\/\/agenciainfra.com\/blog\/#\/schema\/person\/34af08dff6adea4cb22b06612ba7acfa\"},\"headline\":\"Silveira quer que Fazenda libere incentivo para a cadeia do a\u00e7o \u2018verde\u2019\",\"datePublished\":\"2025-09-22T17:22:16+00:00\",\"dateModified\":\"2025-09-23T15:42:00+00:00\",\"mainEntityOfPage\":{\"@id\":\"https:\/\/agenciainfra.com\/blog\/silveira-quer-que-fazenda-libere-incentivo-para-a-cadeia-do-aco-verde\/\"},\"wordCount\":325,\"publisher\":{\"@id\":\"https:\/\/agenciainfra.com\/blog\/#organization\"},\"image\":{\"@id\":\"https:\/\/agenciainfra.com\/blog\/silveira-quer-que-fazenda-libere-incentivo-para-a-cadeia-do-aco-verde\/#primaryimage\"},\"thumbnailUrl\":\"https:\/\/agenciainfra.com\/blog\/wp-content\/uploads\/2025\/07\/Usiminas-Divulgacao-Aco-1.jpeg\",\"keywords\":[\"a\u00e7o verde\",\"Alexandre Silveira\",\"alta redu\u00e7\u00e3o\",\"baixa emiss\u00e3o\",\"Brasil\",\"briquetes\",\"China\",\"cobalto\",\"cobre\",\"EUA\",\"Europa\",\"l\u00edtio\",\"Mapeamento geol\u00f3gico\",\"Minas Gerais\",\"minerais cr\u00edticos\",\"Minist\u00e9rio da Fazenda\",\"MME (Minist\u00e9rio de Minas e Energia)\",\"n\u00edquel\",\"Nova Lima\",\"terras raras\",\"transforma\u00e7\u00e3o mineral\",\"Vale S.A.\"],\"articleSection\":[\"Geral\",\"Minera\u00e7\u00e3o\"],\"inLanguage\":\"pt-BR\",\"copyrightYear\":\"2025\",\"copyrightHolder\":{\"@id\":\"https:\/\/agenciainfra.com\/blog\/#organization\"}},{\"@type\":\"WebPage\",\"@id\":\"https:\/\/agenciainfra.com\/blog\/silveira-quer-que-fazenda-libere-incentivo-para-a-cadeia-do-aco-verde\/\",\"url\":\"https:\/\/agenciainfra.com\/blog\/silveira-quer-que-fazenda-libere-incentivo-para-a-cadeia-do-aco-verde\/\",\"name\":\"Silveira quer que Fazenda libere incentivo para a cadeia do a\u00e7o \u2018verde\u2019 - Ag\u00eancia iNFRA\",\"isPartOf\":{\"@id\":\"https:\/\/agenciainfra.com\/blog\/#website\"},\"primaryImageOfPage\":{\"@id\":\"https:\/\/agenciainfra.com\/blog\/silveira-quer-que-fazenda-libere-incentivo-para-a-cadeia-do-aco-verde\/#primaryimage\"},\"image\":{\"@id\":\"https:\/\/agenciainfra.com\/blog\/silveira-quer-que-fazenda-libere-incentivo-para-a-cadeia-do-aco-verde\/#primaryimage\"},\"thumbnailUrl\":\"https:\/\/agenciainfra.com\/blog\/wp-content\/uploads\/2025\/07\/Usiminas-Divulgacao-Aco-1.jpeg\",\"datePublished\":\"2025-09-22T17:22:16+00:00\",\"dateModified\":\"2025-09-23T15:42:00+00:00\",\"breadcrumb\":{\"@id\":\"https:\/\/agenciainfra.com\/blog\/silveira-quer-que-fazenda-libere-incentivo-para-a-cadeia-do-aco-verde\/#breadcrumb\"},\"inLanguage\":\"pt-BR\",\"potentialAction\":[{\"@type\":\"ReadAction\",\"target\":[\"https:\/\/agenciainfra.com\/blog\/silveira-quer-que-fazenda-libere-incentivo-para-a-cadeia-do-aco-verde\/\"]}]},{\"@type\":\"ImageObject\",\"inLanguage\":\"pt-BR\",\"@id\":\"https:\/\/agenciainfra.com\/blog\/silveira-quer-que-fazenda-libere-incentivo-para-a-cadeia-do-aco-verde\/#primaryimage\",\"url\":\"https:\/\/agenciainfra.com\/blog\/wp-content\/uploads\/2025\/07\/Usiminas-Divulgacao-Aco-1.jpeg\",\"contentUrl\":\"https:\/\/agenciainfra.com\/blog\/wp-content\/uploads\/2025\/07\/Usiminas-Divulgacao-Aco-1.jpeg\",\"width\":1280,\"height\":852,\"caption\":\"Foto: Usiminas\"},{\"@type\":\"BreadcrumbList\",\"@id\":\"https:\/\/agenciainfra.com\/blog\/silveira-quer-que-fazenda-libere-incentivo-para-a-cadeia-do-aco-verde\/#breadcrumb\",\"itemListElement\":[{\"@type\":\"ListItem\",\"position\":1,\"name\":\"In\u00edcio\",\"item\":\"https:\/\/agenciainfra.com\/blog\/\"},{\"@type\":\"ListItem\",\"position\":2,\"name\":\"Silveira quer que Fazenda libere incentivo para a cadeia do a\u00e7o \u2018verde\u2019\"}]},{\"@type\":\"WebSite\",\"@id\":\"https:\/\/agenciainfra.com\/blog\/#website\",\"url\":\"https:\/\/agenciainfra.com\/blog\/\",\"name\":\"Ag\u00eancia iNFRA\",\"description\":\"Multiplataforma de informa\u00e7\u00e3o jornal\u00edstica refer\u00eancia na \u00e1rea de infraestrutura no Brasil!\",\"publisher\":{\"@id\":\"https:\/\/agenciainfra.com\/blog\/#organization\"},\"potentialAction\":[{\"@type\":\"SearchAction\",\"target\":{\"@type\":\"EntryPoint\",\"urlTemplate\":\"https:\/\/agenciainfra.com\/blog\/?s={search_term_string}\"},\"query-input\":{\"@type\":\"PropertyValueSpecification\",\"valueRequired\":true,\"valueName\":\"search_term_string\"}}],\"inLanguage\":\"pt-BR\"},{\"@type\":\"Organization\",\"@id\":\"https:\/\/agenciainfra.com\/blog\/#organization\",\"name\":\"Ag\u00eancia iNFRA\",\"url\":\"https:\/\/agenciainfra.com\/blog\/\",\"logo\":{\"@type\":\"ImageObject\",\"inLanguage\":\"pt-BR\",\"@id\":\"https:\/\/agenciainfra.com\/blog\/#\/schema\/logo\/image\/\",\"url\":\"https:\/\/agenciainfra.com\/blog\/wp-content\/uploads\/2023\/09\/iNFRA_5-e1761735885940.png\",\"contentUrl\":\"https:\/\/agenciainfra.com\/blog\/wp-content\/uploads\/2023\/09\/iNFRA_5-e1761735885940.png\",\"width\":1672,\"height\":454,\"caption\":\"Ag\u00eancia iNFRA\"},\"image\":{\"@id\":\"https:\/\/agenciainfra.com\/blog\/#\/schema\/logo\/image\/\"},\"sameAs\":[\"https:\/\/www.facebook.com\/ageninfra\",\"https:\/\/x.com\/agencia_infra\",\"https:\/\/www.linkedin.com\/company\/ag\u00eanciainfra\/\",\"https:\/\/www.instagram.com\/agenciainfra\/\"]},{\"@type\":\"Person\",\"@id\":\"https:\/\/agenciainfra.com\/blog\/#\/schema\/person\/34af08dff6adea4cb22b06612ba7acfa\",\"name\":\"Ag\u00eancia iNFRA\",\"image\":{\"@type\":\"ImageObject\",\"inLanguage\":\"pt-BR\",\"@id\":\"https:\/\/agenciainfra.com\/blog\/#\/schema\/person\/image\/\",\"url\":\"https:\/\/secure.gravatar.com\/avatar\/d189e01678f06d8eb84d4e01f08eb848b3fffe3f8443818d3c356c66892f5be8?s=96&d=mm&r=g\",\"contentUrl\":\"https:\/\/secure.gravatar.com\/avatar\/d189e01678f06d8eb84d4e01f08eb848b3fffe3f8443818d3c356c66892f5be8?s=96&d=mm&r=g\",\"caption\":\"Ag\u00eancia iNFRA\"},\"url\":\"https:\/\/agenciainfra.com\/blog\/author\/admin\/\"}]}<\/script>\n<!-- \/ Yoast SEO Premium plugin. -->","yoast_head_json":{"title":"Silveira quer que Fazenda libere incentivo para a cadeia do a\u00e7o \u2018verde\u2019 - Ag\u00eancia iNFRA","robots":{"index":"index","follow":"follow","max-snippet":"max-snippet:-1","max-image-preview":"max-image-preview:large","max-video-preview":"max-video-preview:-1"},"canonical":"https:\/\/agenciainfra.com\/blog\/silveira-quer-que-fazenda-libere-incentivo-para-a-cadeia-do-aco-verde\/","og_locale":"pt_BR","og_type":"article","og_title":"Silveira quer que Fazenda libere incentivo para a cadeia do a\u00e7o \u2018verde\u2019","og_description":"Rafael Bitencourt, da Ag\u00eancia iNFRA Ao falar da pol\u00edtica nacional de minerais cr\u00edticos, o ministro de Minas e Energia, Alexandre Silveira, afirmou nesta segunda-feira (22) que tem tentado convencer a equipe econ\u00f4mica do governo a aprovar incentivo tribut\u00e1rio para a cadeia de produ\u00e7\u00e3o do min\u00e9rio de ferro em processo com baixa emiss\u00e3o de poluentes. Durante [&hellip;]","og_url":"https:\/\/agenciainfra.com\/blog\/silveira-quer-que-fazenda-libere-incentivo-para-a-cadeia-do-aco-verde\/","og_site_name":"Ag\u00eancia iNFRA","article_publisher":"https:\/\/www.facebook.com\/ageninfra","article_published_time":"2025-09-22T17:22:16+00:00","article_modified_time":"2025-09-23T15:42:00+00:00","og_image":[{"width":1280,"height":852,"url":"https:\/\/agenciainfra.com\/blog\/wp-content\/uploads\/2025\/07\/Usiminas-Divulgacao-Aco-1.jpeg","type":"image\/jpeg"}],"author":"Ag\u00eancia iNFRA","twitter_card":"summary_large_image","twitter_creator":"@agencia_infra","twitter_site":"@agencia_infra","twitter_misc":{"Escrito por":"Ag\u00eancia iNFRA","Est. tempo de leitura":"2 minutos"},"schema":{"@context":"https:\/\/schema.org","@graph":[{"@type":"Article","@id":"https:\/\/agenciainfra.com\/blog\/silveira-quer-que-fazenda-libere-incentivo-para-a-cadeia-do-aco-verde\/#article","isPartOf":{"@id":"https:\/\/agenciainfra.com\/blog\/silveira-quer-que-fazenda-libere-incentivo-para-a-cadeia-do-aco-verde\/"},"author":{"name":"Ag\u00eancia iNFRA","@id":"https:\/\/agenciainfra.com\/blog\/#\/schema\/person\/34af08dff6adea4cb22b06612ba7acfa"},"headline":"Silveira quer que Fazenda libere incentivo para a cadeia do a\u00e7o \u2018verde\u2019","datePublished":"2025-09-22T17:22:16+00:00","dateModified":"2025-09-23T15:42:00+00:00","mainEntityOfPage":{"@id":"https:\/\/agenciainfra.com\/blog\/silveira-quer-que-fazenda-libere-incentivo-para-a-cadeia-do-aco-verde\/"},"wordCount":325,"publisher":{"@id":"https:\/\/agenciainfra.com\/blog\/#organization"},"image":{"@id":"https:\/\/agenciainfra.com\/blog\/silveira-quer-que-fazenda-libere-incentivo-para-a-cadeia-do-aco-verde\/#primaryimage"},"thumbnailUrl":"https:\/\/agenciainfra.com\/blog\/wp-content\/uploads\/2025\/07\/Usiminas-Divulgacao-Aco-1.jpeg","keywords":["a\u00e7o verde","Alexandre Silveira","alta redu\u00e7\u00e3o","baixa emiss\u00e3o","Brasil","briquetes","China","cobalto","cobre","EUA","Europa","l\u00edtio","Mapeamento geol\u00f3gico","Minas Gerais","minerais cr\u00edticos","Minist\u00e9rio da Fazenda","MME (Minist\u00e9rio de Minas e Energia)","n\u00edquel","Nova Lima","terras raras","transforma\u00e7\u00e3o mineral","Vale S.A."],"articleSection":["Geral","Minera\u00e7\u00e3o"],"inLanguage":"pt-BR","copyrightYear":"2025","copyrightHolder":{"@id":"https:\/\/agenciainfra.com\/blog\/#organization"}},{"@type":"WebPage","@id":"https:\/\/agenciainfra.com\/blog\/silveira-quer-que-fazenda-libere-incentivo-para-a-cadeia-do-aco-verde\/","url":"https:\/\/agenciainfra.com\/blog\/silveira-quer-que-fazenda-libere-incentivo-para-a-cadeia-do-aco-verde\/","name":"Silveira quer que Fazenda libere incentivo para a cadeia do a\u00e7o \u2018verde\u2019 - Ag\u00eancia iNFRA","isPartOf":{"@id":"https:\/\/agenciainfra.com\/blog\/#website"},"primaryImageOfPage":{"@id":"https:\/\/agenciainfra.com\/blog\/silveira-quer-que-fazenda-libere-incentivo-para-a-cadeia-do-aco-verde\/#primaryimage"},"image":{"@id":"https:\/\/agenciainfra.com\/blog\/silveira-quer-que-fazenda-libere-incentivo-para-a-cadeia-do-aco-verde\/#primaryimage"},"thumbnailUrl":"https:\/\/agenciainfra.com\/blog\/wp-content\/uploads\/2025\/07\/Usiminas-Divulgacao-Aco-1.jpeg","datePublished":"2025-09-22T17:22:16+00:00","dateModified":"2025-09-23T15:42:00+00:00","breadcrumb":{"@id":"https:\/\/agenciainfra.com\/blog\/silveira-quer-que-fazenda-libere-incentivo-para-a-cadeia-do-aco-verde\/#breadcrumb"},"inLanguage":"pt-BR","potentialAction":[{"@type":"ReadAction","target":["https:\/\/agenciainfra.com\/blog\/silveira-quer-que-fazenda-libere-incentivo-para-a-cadeia-do-aco-verde\/"]}]},{"@type":"ImageObject","inLanguage":"pt-BR","@id":"https:\/\/agenciainfra.com\/blog\/silveira-quer-que-fazenda-libere-incentivo-para-a-cadeia-do-aco-verde\/#primaryimage","url":"https:\/\/agenciainfra.com\/blog\/wp-content\/uploads\/2025\/07\/Usiminas-Divulgacao-Aco-1.jpeg","contentUrl":"https:\/\/agenciainfra.com\/blog\/wp-content\/uploads\/2025\/07\/Usiminas-Divulgacao-Aco-1.jpeg","width":1280,"height":852,"caption":"Foto: Usiminas"},{"@type":"BreadcrumbList","@id":"https:\/\/agenciainfra.com\/blog\/silveira-quer-que-fazenda-libere-incentivo-para-a-cadeia-do-aco-verde\/#breadcrumb","itemListElement":[{"@type":"ListItem","position":1,"name":"In\u00edcio","item":"https:\/\/agenciainfra.com\/blog\/"},{"@type":"ListItem","position":2,"name":"Silveira quer que Fazenda libere incentivo para a cadeia do a\u00e7o \u2018verde\u2019"}]},{"@type":"WebSite","@id":"https:\/\/agenciainfra.com\/blog\/#website","url":"https:\/\/agenciainfra.com\/blog\/","name":"Ag\u00eancia iNFRA","description":"Multiplataforma de informa\u00e7\u00e3o jornal\u00edstica refer\u00eancia na \u00e1rea de infraestrutura no Brasil!","publisher":{"@id":"https:\/\/agenciainfra.com\/blog\/#organization"},"potentialAction":[{"@type":"SearchAction","target":{"@type":"EntryPoint","urlTemplate":"https:\/\/agenciainfra.com\/blog\/?s={search_term_string}"},"query-input":{"@type":"PropertyValueSpecification","valueRequired":true,"valueName":"search_term_string"}}],"inLanguage":"pt-BR"},{"@type":"Organization","@id":"https:\/\/agenciainfra.com\/blog\/#organization","name":"Ag\u00eancia iNFRA","url":"https:\/\/agenciainfra.com\/blog\/","logo":{"@type":"ImageObject","inLanguage":"pt-BR","@id":"https:\/\/agenciainfra.com\/blog\/#\/schema\/logo\/image\/","url":"https:\/\/agenciainfra.com\/blog\/wp-content\/uploads\/2023\/09\/iNFRA_5-e1761735885940.png","contentUrl":"https:\/\/agenciainfra.com\/blog\/wp-content\/uploads\/2023\/09\/iNFRA_5-e1761735885940.png","width":1672,"height":454,"caption":"Ag\u00eancia iNFRA"},"image":{"@id":"https:\/\/agenciainfra.com\/blog\/#\/schema\/logo\/image\/"},"sameAs":["https:\/\/www.facebook.com\/ageninfra","https:\/\/x.com\/agencia_infra","https:\/\/www.linkedin.com\/company\/ag\u00eanciainfra\/","https:\/\/www.instagram.com\/agenciainfra\/"]},{"@type":"Person","@id":"https:\/\/agenciainfra.com\/blog\/#\/schema\/person\/34af08dff6adea4cb22b06612ba7acfa","name":"Ag\u00eancia iNFRA","image":{"@type":"ImageObject","inLanguage":"pt-BR","@id":"https:\/\/agenciainfra.com\/blog\/#\/schema\/person\/image\/","url":"https:\/\/secure.gravatar.com\/avatar\/d189e01678f06d8eb84d4e01f08eb848b3fffe3f8443818d3c356c66892f5be8?s=96&d=mm&r=g","contentUrl":"https:\/\/secure.gravatar.com\/avatar\/d189e01678f06d8eb84d4e01f08eb848b3fffe3f8443818d3c356c66892f5be8?s=96&d=mm&r=g","caption":"Ag\u00eancia iNFRA"},"url":"https:\/\/agenciainfra.com\/blog\/author\/admin\/"}]}},"_links":{"self":[{"href":"https:\/\/agenciainfra.com\/blog\/wp-json\/wp\/v2\/posts\/28273","targetHints":{"allow":["GET"]}}],"collection":[{"href":"https:\/\/agenciainfra.com\/blog\/wp-json\/wp\/v2\/posts"}],"about":[{"href":"https:\/\/agenciainfra.com\/blog\/wp-json\/wp\/v2\/types\/post"}],"author":[{"embeddable":true,"href":"https:\/\/agenciainfra.com\/blog\/wp-json\/wp\/v2\/users\/1"}],"replies":[{"embeddable":true,"href":"https:\/\/agenciainfra.com\/blog\/wp-json\/wp\/v2\/comments?post=28273"}],"version-history":[{"count":2,"href":"https:\/\/agenciainfra.com\/blog\/wp-json\/wp\/v2\/posts\/28273\/revisions"}],"predecessor-version":[{"id":28278,"href":"https:\/\/agenciainfra.com\/blog\/wp-json\/wp\/v2\/posts\/28273\/revisions\/28278"}],"wp:featuredmedia":[{"embeddable":true,"href":"https:\/\/agenciainfra.com\/blog\/wp-json\/wp\/v2\/media\/25405"}],"wp:attachment":[{"href":"https:\/\/agenciainfra.com\/blog\/wp-json\/wp\/v2\/media?parent=28273"}],"wp:term":[{"taxonomy":"category","embeddable":true,"href":"https:\/\/agenciainfra.com\/blog\/wp-json\/wp\/v2\/categories?post=28273"},{"taxonomy":"post_tag","embeddable":true,"href":"https:\/\/agenciainfra.com\/blog\/wp-json\/wp\/v2\/tags?post=28273"}],"curies":[{"name":"wp","href":"https:\/\/api.w.org\/{rel}","templated":true}]}}