{"id":28288,"date":"2025-09-22T17:47:39","date_gmt":"2025-09-22T20:47:39","guid":{"rendered":"https:\/\/agenciainfra.com\/blog\/?p=28288"},"modified":"2025-09-23T13:03:19","modified_gmt":"2025-09-23T16:03:19","slug":"aneel-diminui-prazo-para-processos-ficarem-sob-pedido-de-vista","status":"publish","type":"post","link":"https:\/\/agenciainfra.com\/blog\/aneel-diminui-prazo-para-processos-ficarem-sob-pedido-de-vista\/","title":{"rendered":"ANEEL diminui prazo para processos ficarem sob pedido de vista"},"content":{"rendered":"\n<p class=\"has-text-align-right\"><strong>Geraldo Campos Jr., da Ag\u00eancia iNFRA<\/strong><\/p>\n\n\n\n<p>Foi publicada nesta segunda-feira (22) uma <a href=\"https:\/\/www.in.gov.br\/en\/web\/dou\/-\/resolucao-normativa-n-1.133-de-25-de-agosto-de-2025-657210440\">nova norma<\/a> que revisa as regras do processo decis\u00f3rio da ANEEL (Ag\u00eancia Nacional de Energia El\u00e9trica). Dentre as novidades, est\u00e1 a redu\u00e7\u00e3o do tempo que um processo pode ficar sob pedido de vista da diretoria.<\/p>\n\n\n\n<p>O atual prazo de oito semanas para vista, que pode ser prorrogado indefinidamente a crit\u00e9rio da maioria da diretoria colegiada, passa a ser de 60 dias para mat\u00e9rias do setor el\u00e9trico e 30 dias para mat\u00e9rias administrativas, sendo permitida a prorroga\u00e7\u00e3o por uma \u00fanica vez.<\/p>\n\n\n\n<p>A exce\u00e7\u00e3o \u00e0 regra, segundo a ANEEL, ser\u00e1 em casos \u201cem que o processo estiver, de forma devidamente justificada, em instru\u00e7\u00e3o nas unidades organizacionais, na Procuradoria ou em dilig\u00eancia externa, situa\u00e7\u00f5es em que o prazo poder\u00e1 ser prorrogado\u201d.<\/p>\n\n\n\n<p>Al\u00e9m disso, ap\u00f3s o retorno de um processo que estava sob pedido de vista para delibera\u00e7\u00e3o da diretoria, um eventual novo pedido por outro diretor ser\u00e1 considerado como vista coletiva. Pela regra, neste caso o julgamento ficar\u00e1 adiado por prazo improrrog\u00e1vel de 60 dias, salvo exce\u00e7\u00f5es previstas.<\/p>\n\n\n\n<p>A norma tamb\u00e9m disciplina que os votos dos processos dever\u00e3o ser disponibilizados pelos diretores at\u00e9 o in\u00edcio das reuni\u00f5es colegiadas.<\/p>\n\n\n\n<p><strong>Vota\u00e7\u00e3o virtual<\/strong><br>O novo regimento cria uma possibilidade in\u00e9dita de delibera\u00e7\u00e3o colegiada na ANEEL: a vota\u00e7\u00e3o virtual, sem a realiza\u00e7\u00e3o de reuni\u00f5es. O mecanismo foi batizado de Circuito Deliberativo e ter\u00e1 votos entregues por cada diretor por meio eletr\u00f4nico, numa esp\u00e9cie de \u201cplen\u00e1rio virtual\u201d que j\u00e1 existe em alguns tribunais e outras ag\u00eancias reguladoras como ANATEL, ANTT e ANAC.<\/p>\n\n\n\n<p>Pela regra, as sess\u00f5es virtuais ser\u00e3o realizadas ordinariamente, com a pauta devendo ser divulgada tr\u00eas dias antes do seu in\u00edcio e o voto do relator disponibilizado previamente para aprecia\u00e7\u00e3o dos demais diretores. Os diretores poder\u00e3o enviar os votos no prazo entre as 8h e \u00e0s 18h do terceiro dia \u00fatil ap\u00f3s a divulga\u00e7\u00e3o da pauta.<\/p>\n","protected":false},"excerpt":{"rendered":"<p>Geraldo Campos Jr., da Ag\u00eancia iNFRA Foi publicada nesta segunda-feira (22) uma nova norma que revisa as regras do processo decis\u00f3rio da ANEEL (Ag\u00eancia Nacional de Energia El\u00e9trica). Dentre as novidades, est\u00e1 a redu\u00e7\u00e3o do tempo que um processo pode ficar sob pedido de vista da diretoria. O atual prazo de oito semanas para vista, [&hellip;]<\/p>\n","protected":false},"author":1,"featured_media":10065,"comment_status":"closed","ping_status":"closed","sticky":false,"template":"","format":"standard","meta":{"_monsterinsights_skip_tracking":false,"_monsterinsights_sitenote_active":false,"_monsterinsights_sitenote_note":"","_monsterinsights_sitenote_category":0,"footnotes":""},"categories":[7250,1,10],"tags":[53,15517,15515,11594,12732,14671,54,15516],"class_list":["post-28288","post","type-post","status-publish","format-standard","has-post-thumbnail","hentry","category-destaque-lista","category-geral","category-infraenergia","tag-aneel","tag-circuito-deliberativo","tag-diretoria-colegiada-da-aneel","tag-geraldo-campos-jr","tag-pedidos-de-vista","tag-reuniao-de-diretoria-da-aneel","tag-setor-eletrico","tag-votacao-virtual"],"yoast_head":"<!-- This site is optimized with the Yoast SEO Premium plugin v25.4 (Yoast SEO v26.0) - https:\/\/yoast.com\/wordpress\/plugins\/seo\/ -->\n<title>ANEEL diminui prazo para processos ficarem sob pedido de vista - Ag\u00eancia iNFRA<\/title>\n<meta name=\"robots\" content=\"index, follow, max-snippet:-1, max-image-preview:large, max-video-preview:-1\" \/>\n<link rel=\"canonical\" href=\"https:\/\/agenciainfra.com\/blog\/aneel-diminui-prazo-para-processos-ficarem-sob-pedido-de-vista\/\" \/>\n<meta property=\"og:locale\" content=\"pt_BR\" \/>\n<meta property=\"og:type\" content=\"article\" \/>\n<meta property=\"og:title\" content=\"ANEEL diminui prazo para processos ficarem sob pedido de vista\" \/>\n<meta property=\"og:description\" content=\"Geraldo Campos Jr., da Ag\u00eancia iNFRA Foi publicada nesta segunda-feira (22) uma nova norma que revisa as regras do processo decis\u00f3rio da ANEEL (Ag\u00eancia Nacional de Energia El\u00e9trica). Dentre as novidades, est\u00e1 a redu\u00e7\u00e3o do tempo que um processo pode ficar sob pedido de vista da diretoria. O atual prazo de oito semanas para vista, [&hellip;]\" \/>\n<meta property=\"og:url\" content=\"https:\/\/agenciainfra.com\/blog\/aneel-diminui-prazo-para-processos-ficarem-sob-pedido-de-vista\/\" \/>\n<meta property=\"og:site_name\" content=\"Ag\u00eancia iNFRA\" \/>\n<meta property=\"article:publisher\" content=\"https:\/\/www.facebook.com\/ageninfra\" \/>\n<meta property=\"article:published_time\" content=\"2025-09-22T20:47:39+00:00\" \/>\n<meta property=\"article:modified_time\" content=\"2025-09-23T16:03:19+00:00\" \/>\n<meta property=\"og:image\" content=\"https:\/\/agenciainfra.com\/blog\/wp-content\/uploads\/2022\/04\/divulgacao-aneel-scaled.jpeg\" \/>\n\t<meta property=\"og:image:width\" content=\"2560\" \/>\n\t<meta property=\"og:image:height\" content=\"1707\" \/>\n\t<meta property=\"og:image:type\" content=\"image\/jpeg\" \/>\n<meta name=\"author\" content=\"Ag\u00eancia iNFRA\" \/>\n<meta name=\"twitter:card\" content=\"summary_large_image\" \/>\n<meta name=\"twitter:creator\" content=\"@agencia_infra\" \/>\n<meta name=\"twitter:site\" content=\"@agencia_infra\" \/>\n<meta name=\"twitter:label1\" content=\"Escrito por\" \/>\n\t<meta name=\"twitter:data1\" content=\"Ag\u00eancia iNFRA\" \/>\n\t<meta name=\"twitter:label2\" content=\"Est. tempo de leitura\" \/>\n\t<meta name=\"twitter:data2\" content=\"2 minutos\" \/>\n<script type=\"application\/ld+json\" class=\"yoast-schema-graph\">{\"@context\":\"https:\/\/schema.org\",\"@graph\":[{\"@type\":\"Article\",\"@id\":\"https:\/\/agenciainfra.com\/blog\/aneel-diminui-prazo-para-processos-ficarem-sob-pedido-de-vista\/#article\",\"isPartOf\":{\"@id\":\"https:\/\/agenciainfra.com\/blog\/aneel-diminui-prazo-para-processos-ficarem-sob-pedido-de-vista\/\"},\"author\":{\"name\":\"Ag\u00eancia iNFRA\",\"@id\":\"https:\/\/agenciainfra.com\/blog\/#\/schema\/person\/34af08dff6adea4cb22b06612ba7acfa\"},\"headline\":\"ANEEL diminui prazo para processos ficarem sob pedido de vista\",\"datePublished\":\"2025-09-22T20:47:39+00:00\",\"dateModified\":\"2025-09-23T16:03:19+00:00\",\"mainEntityOfPage\":{\"@id\":\"https:\/\/agenciainfra.com\/blog\/aneel-diminui-prazo-para-processos-ficarem-sob-pedido-de-vista\/\"},\"wordCount\":357,\"publisher\":{\"@id\":\"https:\/\/agenciainfra.com\/blog\/#organization\"},\"image\":{\"@id\":\"https:\/\/agenciainfra.com\/blog\/aneel-diminui-prazo-para-processos-ficarem-sob-pedido-de-vista\/#primaryimage\"},\"thumbnailUrl\":\"https:\/\/agenciainfra.com\/blog\/wp-content\/uploads\/2022\/04\/divulgacao-aneel-scaled-e1770122374333.jpeg\",\"keywords\":[\"ANEEL\",\"Circuito Deliberativo\",\"diretoria colegiada da ANEEL\",\"Geraldo Campos Jr.\",\"pedidos de vista\",\"reuni\u00e3o de diretoria da ANEEL\",\"Setor El\u00e9trico\",\"vota\u00e7\u00e3o virtual\"],\"articleSection\":[\"Destaque lista\",\"Geral\",\"iNFRAEnergia\"],\"inLanguage\":\"pt-BR\",\"copyrightYear\":\"2025\",\"copyrightHolder\":{\"@id\":\"https:\/\/agenciainfra.com\/blog\/#organization\"}},{\"@type\":\"WebPage\",\"@id\":\"https:\/\/agenciainfra.com\/blog\/aneel-diminui-prazo-para-processos-ficarem-sob-pedido-de-vista\/\",\"url\":\"https:\/\/agenciainfra.com\/blog\/aneel-diminui-prazo-para-processos-ficarem-sob-pedido-de-vista\/\",\"name\":\"ANEEL diminui prazo para processos ficarem sob pedido de vista - Ag\u00eancia iNFRA\",\"isPartOf\":{\"@id\":\"https:\/\/agenciainfra.com\/blog\/#website\"},\"primaryImageOfPage\":{\"@id\":\"https:\/\/agenciainfra.com\/blog\/aneel-diminui-prazo-para-processos-ficarem-sob-pedido-de-vista\/#primaryimage\"},\"image\":{\"@id\":\"https:\/\/agenciainfra.com\/blog\/aneel-diminui-prazo-para-processos-ficarem-sob-pedido-de-vista\/#primaryimage\"},\"thumbnailUrl\":\"https:\/\/agenciainfra.com\/blog\/wp-content\/uploads\/2022\/04\/divulgacao-aneel-scaled-e1770122374333.jpeg\",\"datePublished\":\"2025-09-22T20:47:39+00:00\",\"dateModified\":\"2025-09-23T16:03:19+00:00\",\"breadcrumb\":{\"@id\":\"https:\/\/agenciainfra.com\/blog\/aneel-diminui-prazo-para-processos-ficarem-sob-pedido-de-vista\/#breadcrumb\"},\"inLanguage\":\"pt-BR\",\"potentialAction\":[{\"@type\":\"ReadAction\",\"target\":[\"https:\/\/agenciainfra.com\/blog\/aneel-diminui-prazo-para-processos-ficarem-sob-pedido-de-vista\/\"]}]},{\"@type\":\"ImageObject\",\"inLanguage\":\"pt-BR\",\"@id\":\"https:\/\/agenciainfra.com\/blog\/aneel-diminui-prazo-para-processos-ficarem-sob-pedido-de-vista\/#primaryimage\",\"url\":\"https:\/\/agenciainfra.com\/blog\/wp-content\/uploads\/2022\/04\/divulgacao-aneel-scaled-e1770122374333.jpeg\",\"contentUrl\":\"https:\/\/agenciainfra.com\/blog\/wp-content\/uploads\/2022\/04\/divulgacao-aneel-scaled-e1770122374333.jpeg\",\"width\":1280,\"height\":750,\"caption\":\"Foto: ANEEL\"},{\"@type\":\"BreadcrumbList\",\"@id\":\"https:\/\/agenciainfra.com\/blog\/aneel-diminui-prazo-para-processos-ficarem-sob-pedido-de-vista\/#breadcrumb\",\"itemListElement\":[{\"@type\":\"ListItem\",\"position\":1,\"name\":\"In\u00edcio\",\"item\":\"https:\/\/agenciainfra.com\/blog\/\"},{\"@type\":\"ListItem\",\"position\":2,\"name\":\"ANEEL diminui prazo para processos ficarem sob pedido de vista\"}]},{\"@type\":\"WebSite\",\"@id\":\"https:\/\/agenciainfra.com\/blog\/#website\",\"url\":\"https:\/\/agenciainfra.com\/blog\/\",\"name\":\"Ag\u00eancia iNFRA\",\"description\":\"Multiplataforma de informa\u00e7\u00e3o jornal\u00edstica refer\u00eancia na \u00e1rea de infraestrutura no Brasil!\",\"publisher\":{\"@id\":\"https:\/\/agenciainfra.com\/blog\/#organization\"},\"potentialAction\":[{\"@type\":\"SearchAction\",\"target\":{\"@type\":\"EntryPoint\",\"urlTemplate\":\"https:\/\/agenciainfra.com\/blog\/?s={search_term_string}\"},\"query-input\":{\"@type\":\"PropertyValueSpecification\",\"valueRequired\":true,\"valueName\":\"search_term_string\"}}],\"inLanguage\":\"pt-BR\"},{\"@type\":\"Organization\",\"@id\":\"https:\/\/agenciainfra.com\/blog\/#organization\",\"name\":\"Ag\u00eancia iNFRA\",\"url\":\"https:\/\/agenciainfra.com\/blog\/\",\"logo\":{\"@type\":\"ImageObject\",\"inLanguage\":\"pt-BR\",\"@id\":\"https:\/\/agenciainfra.com\/blog\/#\/schema\/logo\/image\/\",\"url\":\"https:\/\/agenciainfra.com\/blog\/wp-content\/uploads\/2023\/09\/iNFRA_5-e1761735885940.png\",\"contentUrl\":\"https:\/\/agenciainfra.com\/blog\/wp-content\/uploads\/2023\/09\/iNFRA_5-e1761735885940.png\",\"width\":1672,\"height\":454,\"caption\":\"Ag\u00eancia iNFRA\"},\"image\":{\"@id\":\"https:\/\/agenciainfra.com\/blog\/#\/schema\/logo\/image\/\"},\"sameAs\":[\"https:\/\/www.facebook.com\/ageninfra\",\"https:\/\/x.com\/agencia_infra\",\"https:\/\/www.linkedin.com\/company\/ag\u00eanciainfra\/\",\"https:\/\/www.instagram.com\/agenciainfra\/\"]},{\"@type\":\"Person\",\"@id\":\"https:\/\/agenciainfra.com\/blog\/#\/schema\/person\/34af08dff6adea4cb22b06612ba7acfa\",\"name\":\"Ag\u00eancia iNFRA\",\"image\":{\"@type\":\"ImageObject\",\"inLanguage\":\"pt-BR\",\"@id\":\"https:\/\/agenciainfra.com\/blog\/#\/schema\/person\/image\/\",\"url\":\"https:\/\/secure.gravatar.com\/avatar\/d189e01678f06d8eb84d4e01f08eb848b3fffe3f8443818d3c356c66892f5be8?s=96&d=mm&r=g\",\"contentUrl\":\"https:\/\/secure.gravatar.com\/avatar\/d189e01678f06d8eb84d4e01f08eb848b3fffe3f8443818d3c356c66892f5be8?s=96&d=mm&r=g\",\"caption\":\"Ag\u00eancia iNFRA\"},\"url\":\"https:\/\/agenciainfra.com\/blog\/author\/admin\/\"}]}<\/script>\n<!-- \/ Yoast SEO Premium plugin. -->","yoast_head_json":{"title":"ANEEL diminui prazo para processos ficarem sob pedido de vista - Ag\u00eancia iNFRA","robots":{"index":"index","follow":"follow","max-snippet":"max-snippet:-1","max-image-preview":"max-image-preview:large","max-video-preview":"max-video-preview:-1"},"canonical":"https:\/\/agenciainfra.com\/blog\/aneel-diminui-prazo-para-processos-ficarem-sob-pedido-de-vista\/","og_locale":"pt_BR","og_type":"article","og_title":"ANEEL diminui prazo para processos ficarem sob pedido de vista","og_description":"Geraldo Campos Jr., da Ag\u00eancia iNFRA Foi publicada nesta segunda-feira (22) uma nova norma que revisa as regras do processo decis\u00f3rio da ANEEL (Ag\u00eancia Nacional de Energia El\u00e9trica). Dentre as novidades, est\u00e1 a redu\u00e7\u00e3o do tempo que um processo pode ficar sob pedido de vista da diretoria. O atual prazo de oito semanas para vista, [&hellip;]","og_url":"https:\/\/agenciainfra.com\/blog\/aneel-diminui-prazo-para-processos-ficarem-sob-pedido-de-vista\/","og_site_name":"Ag\u00eancia iNFRA","article_publisher":"https:\/\/www.facebook.com\/ageninfra","article_published_time":"2025-09-22T20:47:39+00:00","article_modified_time":"2025-09-23T16:03:19+00:00","og_image":[{"width":2560,"height":1707,"url":"https:\/\/agenciainfra.com\/blog\/wp-content\/uploads\/2022\/04\/divulgacao-aneel-scaled.jpeg","type":"image\/jpeg"}],"author":"Ag\u00eancia iNFRA","twitter_card":"summary_large_image","twitter_creator":"@agencia_infra","twitter_site":"@agencia_infra","twitter_misc":{"Escrito por":"Ag\u00eancia iNFRA","Est. tempo de leitura":"2 minutos"},"schema":{"@context":"https:\/\/schema.org","@graph":[{"@type":"Article","@id":"https:\/\/agenciainfra.com\/blog\/aneel-diminui-prazo-para-processos-ficarem-sob-pedido-de-vista\/#article","isPartOf":{"@id":"https:\/\/agenciainfra.com\/blog\/aneel-diminui-prazo-para-processos-ficarem-sob-pedido-de-vista\/"},"author":{"name":"Ag\u00eancia iNFRA","@id":"https:\/\/agenciainfra.com\/blog\/#\/schema\/person\/34af08dff6adea4cb22b06612ba7acfa"},"headline":"ANEEL diminui prazo para processos ficarem sob pedido de vista","datePublished":"2025-09-22T20:47:39+00:00","dateModified":"2025-09-23T16:03:19+00:00","mainEntityOfPage":{"@id":"https:\/\/agenciainfra.com\/blog\/aneel-diminui-prazo-para-processos-ficarem-sob-pedido-de-vista\/"},"wordCount":357,"publisher":{"@id":"https:\/\/agenciainfra.com\/blog\/#organization"},"image":{"@id":"https:\/\/agenciainfra.com\/blog\/aneel-diminui-prazo-para-processos-ficarem-sob-pedido-de-vista\/#primaryimage"},"thumbnailUrl":"https:\/\/agenciainfra.com\/blog\/wp-content\/uploads\/2022\/04\/divulgacao-aneel-scaled-e1770122374333.jpeg","keywords":["ANEEL","Circuito Deliberativo","diretoria colegiada da ANEEL","Geraldo Campos Jr.","pedidos de vista","reuni\u00e3o de diretoria da ANEEL","Setor El\u00e9trico","vota\u00e7\u00e3o virtual"],"articleSection":["Destaque lista","Geral","iNFRAEnergia"],"inLanguage":"pt-BR","copyrightYear":"2025","copyrightHolder":{"@id":"https:\/\/agenciainfra.com\/blog\/#organization"}},{"@type":"WebPage","@id":"https:\/\/agenciainfra.com\/blog\/aneel-diminui-prazo-para-processos-ficarem-sob-pedido-de-vista\/","url":"https:\/\/agenciainfra.com\/blog\/aneel-diminui-prazo-para-processos-ficarem-sob-pedido-de-vista\/","name":"ANEEL diminui prazo para processos ficarem sob pedido de vista - Ag\u00eancia iNFRA","isPartOf":{"@id":"https:\/\/agenciainfra.com\/blog\/#website"},"primaryImageOfPage":{"@id":"https:\/\/agenciainfra.com\/blog\/aneel-diminui-prazo-para-processos-ficarem-sob-pedido-de-vista\/#primaryimage"},"image":{"@id":"https:\/\/agenciainfra.com\/blog\/aneel-diminui-prazo-para-processos-ficarem-sob-pedido-de-vista\/#primaryimage"},"thumbnailUrl":"https:\/\/agenciainfra.com\/blog\/wp-content\/uploads\/2022\/04\/divulgacao-aneel-scaled-e1770122374333.jpeg","datePublished":"2025-09-22T20:47:39+00:00","dateModified":"2025-09-23T16:03:19+00:00","breadcrumb":{"@id":"https:\/\/agenciainfra.com\/blog\/aneel-diminui-prazo-para-processos-ficarem-sob-pedido-de-vista\/#breadcrumb"},"inLanguage":"pt-BR","potentialAction":[{"@type":"ReadAction","target":["https:\/\/agenciainfra.com\/blog\/aneel-diminui-prazo-para-processos-ficarem-sob-pedido-de-vista\/"]}]},{"@type":"ImageObject","inLanguage":"pt-BR","@id":"https:\/\/agenciainfra.com\/blog\/aneel-diminui-prazo-para-processos-ficarem-sob-pedido-de-vista\/#primaryimage","url":"https:\/\/agenciainfra.com\/blog\/wp-content\/uploads\/2022\/04\/divulgacao-aneel-scaled-e1770122374333.jpeg","contentUrl":"https:\/\/agenciainfra.com\/blog\/wp-content\/uploads\/2022\/04\/divulgacao-aneel-scaled-e1770122374333.jpeg","width":1280,"height":750,"caption":"Foto: ANEEL"},{"@type":"BreadcrumbList","@id":"https:\/\/agenciainfra.com\/blog\/aneel-diminui-prazo-para-processos-ficarem-sob-pedido-de-vista\/#breadcrumb","itemListElement":[{"@type":"ListItem","position":1,"name":"In\u00edcio","item":"https:\/\/agenciainfra.com\/blog\/"},{"@type":"ListItem","position":2,"name":"ANEEL diminui prazo para processos ficarem sob pedido de vista"}]},{"@type":"WebSite","@id":"https:\/\/agenciainfra.com\/blog\/#website","url":"https:\/\/agenciainfra.com\/blog\/","name":"Ag\u00eancia iNFRA","description":"Multiplataforma de informa\u00e7\u00e3o jornal\u00edstica refer\u00eancia na \u00e1rea de infraestrutura no Brasil!","publisher":{"@id":"https:\/\/agenciainfra.com\/blog\/#organization"},"potentialAction":[{"@type":"SearchAction","target":{"@type":"EntryPoint","urlTemplate":"https:\/\/agenciainfra.com\/blog\/?s={search_term_string}"},"query-input":{"@type":"PropertyValueSpecification","valueRequired":true,"valueName":"search_term_string"}}],"inLanguage":"pt-BR"},{"@type":"Organization","@id":"https:\/\/agenciainfra.com\/blog\/#organization","name":"Ag\u00eancia iNFRA","url":"https:\/\/agenciainfra.com\/blog\/","logo":{"@type":"ImageObject","inLanguage":"pt-BR","@id":"https:\/\/agenciainfra.com\/blog\/#\/schema\/logo\/image\/","url":"https:\/\/agenciainfra.com\/blog\/wp-content\/uploads\/2023\/09\/iNFRA_5-e1761735885940.png","contentUrl":"https:\/\/agenciainfra.com\/blog\/wp-content\/uploads\/2023\/09\/iNFRA_5-e1761735885940.png","width":1672,"height":454,"caption":"Ag\u00eancia iNFRA"},"image":{"@id":"https:\/\/agenciainfra.com\/blog\/#\/schema\/logo\/image\/"},"sameAs":["https:\/\/www.facebook.com\/ageninfra","https:\/\/x.com\/agencia_infra","https:\/\/www.linkedin.com\/company\/ag\u00eanciainfra\/","https:\/\/www.instagram.com\/agenciainfra\/"]},{"@type":"Person","@id":"https:\/\/agenciainfra.com\/blog\/#\/schema\/person\/34af08dff6adea4cb22b06612ba7acfa","name":"Ag\u00eancia iNFRA","image":{"@type":"ImageObject","inLanguage":"pt-BR","@id":"https:\/\/agenciainfra.com\/blog\/#\/schema\/person\/image\/","url":"https:\/\/secure.gravatar.com\/avatar\/d189e01678f06d8eb84d4e01f08eb848b3fffe3f8443818d3c356c66892f5be8?s=96&d=mm&r=g","contentUrl":"https:\/\/secure.gravatar.com\/avatar\/d189e01678f06d8eb84d4e01f08eb848b3fffe3f8443818d3c356c66892f5be8?s=96&d=mm&r=g","caption":"Ag\u00eancia iNFRA"},"url":"https:\/\/agenciainfra.com\/blog\/author\/admin\/"}]}},"_links":{"self":[{"href":"https:\/\/agenciainfra.com\/blog\/wp-json\/wp\/v2\/posts\/28288","targetHints":{"allow":["GET"]}}],"collection":[{"href":"https:\/\/agenciainfra.com\/blog\/wp-json\/wp\/v2\/posts"}],"about":[{"href":"https:\/\/agenciainfra.com\/blog\/wp-json\/wp\/v2\/types\/post"}],"author":[{"embeddable":true,"href":"https:\/\/agenciainfra.com\/blog\/wp-json\/wp\/v2\/users\/1"}],"replies":[{"embeddable":true,"href":"https:\/\/agenciainfra.com\/blog\/wp-json\/wp\/v2\/comments?post=28288"}],"version-history":[{"count":3,"href":"https:\/\/agenciainfra.com\/blog\/wp-json\/wp\/v2\/posts\/28288\/revisions"}],"predecessor-version":[{"id":28341,"href":"https:\/\/agenciainfra.com\/blog\/wp-json\/wp\/v2\/posts\/28288\/revisions\/28341"}],"wp:featuredmedia":[{"embeddable":true,"href":"https:\/\/agenciainfra.com\/blog\/wp-json\/wp\/v2\/media\/10065"}],"wp:attachment":[{"href":"https:\/\/agenciainfra.com\/blog\/wp-json\/wp\/v2\/media?parent=28288"}],"wp:term":[{"taxonomy":"category","embeddable":true,"href":"https:\/\/agenciainfra.com\/blog\/wp-json\/wp\/v2\/categories?post=28288"},{"taxonomy":"post_tag","embeddable":true,"href":"https:\/\/agenciainfra.com\/blog\/wp-json\/wp\/v2\/tags?post=28288"}],"curies":[{"name":"wp","href":"https:\/\/api.w.org\/{rel}","templated":true}]}}