{"id":2830,"date":"2019-01-29T04:00:06","date_gmt":"2019-01-29T07:00:06","guid":{"rendered":"http:\/\/www.agenciainfra.com\/blog\/?p=2830"},"modified":"2019-01-28T10:41:07","modified_gmt":"2019-01-28T13:41:07","slug":"maioria-de-servidores-consultados-nao-aprova-fusao-de-antt-e-antaq","status":"publish","type":"post","link":"https:\/\/agenciainfra.com\/blog\/maioria-de-servidores-consultados-nao-aprova-fusao-de-antt-e-antaq\/","title":{"rendered":"Maioria de servidores consultados n\u00e3o aprova fus\u00e3o de ANTT e ANTAQ"},"content":{"rendered":"<div>\n<h5 style=\"text-align: right;\"><strong>Dimmi Amora e Bernardo Gonzaga,\u00a0da Ag\u00eancia iNFRA<\/strong><\/h5>\n<p>A pedido do Minist\u00e9rio da Infraestrutura, as associa\u00e7\u00f5es de servidores da ANTT (Ag\u00eancia Nacional de Transportes Terrestres) e da ANTAQ (Ag\u00eancia Nacional de Transportes Aquavi\u00e1rios) fizeram pesquisas com servidores\u00a0para saber a opini\u00e3o sobre a proposta de cria\u00e7\u00e3o de uma nova ag\u00eancia unificando os dois \u00f3rg\u00e3os.<\/p>\n<p>Em nenhum dos dois levantamentos houve maioria de concord\u00e2ncia pela fus\u00e3o. No caso da ANTT, a Associa\u00e7\u00e3o dos Servidores mostrou que 46% dos entrevistados que responderam foram a favor e 31% contra. Mas, uma parte significativa apontou n\u00e3o ter opini\u00e3o formada sobre a medida, 23%. Somados a um lado ou outro, esses ainda sem opini\u00e3o dariam maioria a qualquer dos lados.<\/p>\n<p>Votaram cerca de um ter\u00e7o dos servidores e o que prevaleceu foi um sentimento de que s\u00e3o necess\u00e1rios mais dados para saber o que ocorreria com a fus\u00e3o das duas ag\u00eancias, principalmente em rela\u00e7\u00e3o \u00e0 seguran\u00e7a jur\u00eddica dos processos em andamento e aos planos de carreira das institui\u00e7\u00f5es.<\/p>\n<p>Na ANTAQ, o resultado foi mais desfavor\u00e1vel ao governo. Dos cerca de um quarto de servidores que votaram, 71% foram contra\u00a0e 29%\u00a0a favor da fus\u00e3o. A ANTAQ tem cerca de 35% do n\u00famero de servidores da ANTT e tamb\u00e9m tem apenas tr\u00eas diretores, contra cinco da ag\u00eancia de transportes terrestres.<\/p>\n<p>De acordo com a Associa\u00e7\u00e3o dos Servidores da ANTAQ, Os principais motivos apresentados pelos servidores que votaram foram a inseguran\u00e7a jur\u00eddica, o trabalho que j\u00e1 \u00e9 feito para a coleta de dados do setor e tamb\u00e9m os riscos de processos de reequil\u00edbrio contratual e leil\u00f5es em andamento.<\/p>\n<p>Uma carta apontando os motivos para a contrariedade dos servidores da ag\u00eancia dever\u00e1 ser entregue ao ministro Tarc\u00edsio de Freitas quando ocorrer o encontro, anunciado por ele, para tratar do tema com os servidores.<\/p>\n<p><strong>Mudan\u00e7as de diretores<\/strong><br \/>\nAinda que n\u00e3o seja feita uma mudan\u00e7a via Medida Provis\u00f3ria, como se chegou a se cogitar no fim do ano passado, haver\u00e1 mudan\u00e7as nas ag\u00eancias ao longo deste ano e do pr\u00f3ximo, com as trocas nas diretorias.<\/p>\n<p>No caso da ANTT, o diretor S\u00e9rgio Lobo deixar\u00e1 o posto em fevereiro. O governo consulta nomes para substitui-lo, entre servidores e na \u00e1rea de controle externo, e dever\u00e1 nomear o novo diretor escolhido como diretor-geral da ag\u00eancia, em lugar de M\u00e1rio Rodrigues. Em fevereiro de 2020, dois diretores ter\u00e3o os mandatos encerrados, Elizabeth Braga e o pr\u00f3prio Rodrigues.<\/p>\n<p>Na ANTAQ, o governo poderia, se aprovado o PL das Ag\u00eancias, nomear mais dois diretores para o \u00f3rg\u00e3o. Al\u00e9m disso, o atual diretor, M\u00e1rio Povia, terminar\u00e1 seu mandato em fevereiro de 2020.<\/p>\n<\/div>\n","protected":false},"excerpt":{"rendered":"<p>Dimmi Amora e Bernardo Gonzaga,\u00a0da Ag\u00eancia iNFRA A pedido do Minist\u00e9rio da Infraestrutura, as associa\u00e7\u00f5es de servidores da ANTT (Ag\u00eancia Nacional de Transportes Terrestres) e da ANTAQ (Ag\u00eancia Nacional de Transportes Aquavi\u00e1rios) fizeram pesquisas com servidores\u00a0para saber a opini\u00e3o sobre a proposta de cria\u00e7\u00e3o de uma nova ag\u00eancia unificando os dois \u00f3rg\u00e3os. Em nenhum dos [&hellip;]<\/p>\n","protected":false},"author":9,"featured_media":2831,"comment_status":"closed","ping_status":"open","sticky":false,"template":"","format":"standard","meta":{"_monsterinsights_skip_tracking":false,"_monsterinsights_sitenote_active":false,"_monsterinsights_sitenote_note":"","_monsterinsights_sitenote_category":0,"footnotes":""},"categories":[7],"tags":[86,19,776,775],"class_list":["post-2830","post","type-post","status-publish","format-standard","has-post-thumbnail","hentry","category-infratransporte","tag-antaq","tag-antt","tag-fusao-de-agencias","tag-ministerio-da-infraestrutura"],"yoast_head":"<!-- This site is optimized with the Yoast SEO Premium plugin v25.4 (Yoast SEO v26.0) - https:\/\/yoast.com\/wordpress\/plugins\/seo\/ -->\n<title>Maioria de servidores consultados n\u00e3o aprova fus\u00e3o de ANTT e ANTAQ - Ag\u00eancia iNFRA<\/title>\n<meta name=\"robots\" content=\"index, follow, max-snippet:-1, max-image-preview:large, max-video-preview:-1\" \/>\n<link rel=\"canonical\" href=\"https:\/\/agenciainfra.com\/blog\/maioria-de-servidores-consultados-nao-aprova-fusao-de-antt-e-antaq\/\" \/>\n<meta property=\"og:locale\" content=\"pt_BR\" \/>\n<meta property=\"og:type\" content=\"article\" \/>\n<meta property=\"og:title\" content=\"Maioria de servidores consultados n\u00e3o aprova fus\u00e3o de ANTT e ANTAQ\" \/>\n<meta property=\"og:description\" content=\"Dimmi Amora e Bernardo Gonzaga,\u00a0da Ag\u00eancia iNFRA A pedido do Minist\u00e9rio da Infraestrutura, as associa\u00e7\u00f5es de servidores da ANTT (Ag\u00eancia Nacional de Transportes Terrestres) e da ANTAQ (Ag\u00eancia Nacional de Transportes Aquavi\u00e1rios) fizeram pesquisas com servidores\u00a0para saber a opini\u00e3o sobre a proposta de cria\u00e7\u00e3o de uma nova ag\u00eancia unificando os dois \u00f3rg\u00e3os. Em nenhum dos [&hellip;]\" \/>\n<meta property=\"og:url\" content=\"https:\/\/agenciainfra.com\/blog\/maioria-de-servidores-consultados-nao-aprova-fusao-de-antt-e-antaq\/\" \/>\n<meta property=\"og:site_name\" content=\"Ag\u00eancia iNFRA\" \/>\n<meta property=\"article:publisher\" content=\"https:\/\/www.facebook.com\/ageninfra\" \/>\n<meta property=\"article:published_time\" content=\"2019-01-29T07:00:06+00:00\" \/>\n<meta property=\"og:image\" content=\"https:\/\/agenciainfra.com\/blog\/wp-content\/uploads\/2019\/01\/marco-aurelio-esparza-creative-commons.jpg\" \/>\n\t<meta property=\"og:image:width\" content=\"800\" \/>\n\t<meta property=\"og:image:height\" content=\"565\" \/>\n\t<meta property=\"og:image:type\" content=\"image\/jpeg\" \/>\n<meta name=\"author\" content=\"Rodrigo Zuquim\" \/>\n<meta name=\"twitter:card\" content=\"summary_large_image\" \/>\n<meta name=\"twitter:creator\" content=\"@agencia_infra\" \/>\n<meta name=\"twitter:site\" content=\"@agencia_infra\" \/>\n<meta name=\"twitter:label1\" content=\"Escrito por\" \/>\n\t<meta name=\"twitter:data1\" content=\"Rodrigo Zuquim\" \/>\n\t<meta name=\"twitter:label2\" content=\"Est. tempo de leitura\" \/>\n\t<meta name=\"twitter:data2\" content=\"2 minutos\" \/>\n<script type=\"application\/ld+json\" class=\"yoast-schema-graph\">{\"@context\":\"https:\/\/schema.org\",\"@graph\":[{\"@type\":\"Article\",\"@id\":\"https:\/\/agenciainfra.com\/blog\/maioria-de-servidores-consultados-nao-aprova-fusao-de-antt-e-antaq\/#article\",\"isPartOf\":{\"@id\":\"https:\/\/agenciainfra.com\/blog\/maioria-de-servidores-consultados-nao-aprova-fusao-de-antt-e-antaq\/\"},\"author\":{\"name\":\"Rodrigo Zuquim\",\"@id\":\"https:\/\/agenciainfra.com\/blog\/#\/schema\/person\/04dbb79bd6d8951f063da71f3e4c1eb1\"},\"headline\":\"Maioria de servidores consultados n\u00e3o aprova fus\u00e3o de ANTT e ANTAQ\",\"datePublished\":\"2019-01-29T07:00:06+00:00\",\"mainEntityOfPage\":{\"@id\":\"https:\/\/agenciainfra.com\/blog\/maioria-de-servidores-consultados-nao-aprova-fusao-de-antt-e-antaq\/\"},\"wordCount\":485,\"publisher\":{\"@id\":\"https:\/\/agenciainfra.com\/blog\/#organization\"},\"image\":{\"@id\":\"https:\/\/agenciainfra.com\/blog\/maioria-de-servidores-consultados-nao-aprova-fusao-de-antt-e-antaq\/#primaryimage\"},\"thumbnailUrl\":\"https:\/\/agenciainfra.com\/blog\/wp-content\/uploads\/2019\/01\/marco-aurelio-esparza-creative-commons.jpg\",\"keywords\":[\"ANTAQ\",\"ANTT\",\"fus\u00e3o de ag\u00eancias\",\"Minist\u00e9rio da Infraestrutura\"],\"articleSection\":[\"iNFRATransporte\"],\"inLanguage\":\"pt-BR\",\"copyrightYear\":\"2019\",\"copyrightHolder\":{\"@id\":\"https:\/\/agenciainfra.com\/blog\/#organization\"}},{\"@type\":\"WebPage\",\"@id\":\"https:\/\/agenciainfra.com\/blog\/maioria-de-servidores-consultados-nao-aprova-fusao-de-antt-e-antaq\/\",\"url\":\"https:\/\/agenciainfra.com\/blog\/maioria-de-servidores-consultados-nao-aprova-fusao-de-antt-e-antaq\/\",\"name\":\"Maioria de servidores consultados n\u00e3o aprova fus\u00e3o de ANTT e ANTAQ - Ag\u00eancia iNFRA\",\"isPartOf\":{\"@id\":\"https:\/\/agenciainfra.com\/blog\/#website\"},\"primaryImageOfPage\":{\"@id\":\"https:\/\/agenciainfra.com\/blog\/maioria-de-servidores-consultados-nao-aprova-fusao-de-antt-e-antaq\/#primaryimage\"},\"image\":{\"@id\":\"https:\/\/agenciainfra.com\/blog\/maioria-de-servidores-consultados-nao-aprova-fusao-de-antt-e-antaq\/#primaryimage\"},\"thumbnailUrl\":\"https:\/\/agenciainfra.com\/blog\/wp-content\/uploads\/2019\/01\/marco-aurelio-esparza-creative-commons.jpg\",\"datePublished\":\"2019-01-29T07:00:06+00:00\",\"breadcrumb\":{\"@id\":\"https:\/\/agenciainfra.com\/blog\/maioria-de-servidores-consultados-nao-aprova-fusao-de-antt-e-antaq\/#breadcrumb\"},\"inLanguage\":\"pt-BR\",\"potentialAction\":[{\"@type\":\"ReadAction\",\"target\":[\"https:\/\/agenciainfra.com\/blog\/maioria-de-servidores-consultados-nao-aprova-fusao-de-antt-e-antaq\/\"]}]},{\"@type\":\"ImageObject\",\"inLanguage\":\"pt-BR\",\"@id\":\"https:\/\/agenciainfra.com\/blog\/maioria-de-servidores-consultados-nao-aprova-fusao-de-antt-e-antaq\/#primaryimage\",\"url\":\"https:\/\/agenciainfra.com\/blog\/wp-content\/uploads\/2019\/01\/marco-aurelio-esparza-creative-commons.jpg\",\"contentUrl\":\"https:\/\/agenciainfra.com\/blog\/wp-content\/uploads\/2019\/01\/marco-aurelio-esparza-creative-commons.jpg\",\"width\":800,\"height\":565},{\"@type\":\"BreadcrumbList\",\"@id\":\"https:\/\/agenciainfra.com\/blog\/maioria-de-servidores-consultados-nao-aprova-fusao-de-antt-e-antaq\/#breadcrumb\",\"itemListElement\":[{\"@type\":\"ListItem\",\"position\":1,\"name\":\"In\u00edcio\",\"item\":\"https:\/\/agenciainfra.com\/blog\/\"},{\"@type\":\"ListItem\",\"position\":2,\"name\":\"Maioria de servidores consultados n\u00e3o aprova fus\u00e3o de ANTT e ANTAQ\"}]},{\"@type\":\"WebSite\",\"@id\":\"https:\/\/agenciainfra.com\/blog\/#website\",\"url\":\"https:\/\/agenciainfra.com\/blog\/\",\"name\":\"Ag\u00eancia iNFRA\",\"description\":\"Multiplataforma de informa\u00e7\u00e3o jornal\u00edstica refer\u00eancia na \u00e1rea de infraestrutura no Brasil!\",\"publisher\":{\"@id\":\"https:\/\/agenciainfra.com\/blog\/#organization\"},\"potentialAction\":[{\"@type\":\"SearchAction\",\"target\":{\"@type\":\"EntryPoint\",\"urlTemplate\":\"https:\/\/agenciainfra.com\/blog\/?s={search_term_string}\"},\"query-input\":{\"@type\":\"PropertyValueSpecification\",\"valueRequired\":true,\"valueName\":\"search_term_string\"}}],\"inLanguage\":\"pt-BR\"},{\"@type\":\"Organization\",\"@id\":\"https:\/\/agenciainfra.com\/blog\/#organization\",\"name\":\"Ag\u00eancia iNFRA\",\"url\":\"https:\/\/agenciainfra.com\/blog\/\",\"logo\":{\"@type\":\"ImageObject\",\"inLanguage\":\"pt-BR\",\"@id\":\"https:\/\/agenciainfra.com\/blog\/#\/schema\/logo\/image\/\",\"url\":\"https:\/\/agenciainfra.com\/blog\/wp-content\/uploads\/2023\/09\/iNFRA_5-e1761735885940.png\",\"contentUrl\":\"https:\/\/agenciainfra.com\/blog\/wp-content\/uploads\/2023\/09\/iNFRA_5-e1761735885940.png\",\"width\":1672,\"height\":454,\"caption\":\"Ag\u00eancia iNFRA\"},\"image\":{\"@id\":\"https:\/\/agenciainfra.com\/blog\/#\/schema\/logo\/image\/\"},\"sameAs\":[\"https:\/\/www.facebook.com\/ageninfra\",\"https:\/\/x.com\/agencia_infra\",\"https:\/\/www.linkedin.com\/company\/ag\u00eanciainfra\/\",\"https:\/\/www.instagram.com\/agenciainfra\/\"]},{\"@type\":\"Person\",\"@id\":\"https:\/\/agenciainfra.com\/blog\/#\/schema\/person\/04dbb79bd6d8951f063da71f3e4c1eb1\",\"name\":\"Rodrigo Zuquim\",\"image\":{\"@type\":\"ImageObject\",\"inLanguage\":\"pt-BR\",\"@id\":\"https:\/\/agenciainfra.com\/blog\/#\/schema\/person\/image\/\",\"url\":\"https:\/\/secure.gravatar.com\/avatar\/594abfe82761d620726242ff34ca472a705a4b97f16c790053a6b4c4035274d0?s=96&d=mm&r=g\",\"contentUrl\":\"https:\/\/secure.gravatar.com\/avatar\/594abfe82761d620726242ff34ca472a705a4b97f16c790053a6b4c4035274d0?s=96&d=mm&r=g\",\"caption\":\"Rodrigo Zuquim\"},\"url\":\"https:\/\/agenciainfra.com\/blog\/author\/rodrigo-zuquim\/\"}]}<\/script>\n<!-- \/ Yoast SEO Premium plugin. -->","yoast_head_json":{"title":"Maioria de servidores consultados n\u00e3o aprova fus\u00e3o de ANTT e ANTAQ - Ag\u00eancia iNFRA","robots":{"index":"index","follow":"follow","max-snippet":"max-snippet:-1","max-image-preview":"max-image-preview:large","max-video-preview":"max-video-preview:-1"},"canonical":"https:\/\/agenciainfra.com\/blog\/maioria-de-servidores-consultados-nao-aprova-fusao-de-antt-e-antaq\/","og_locale":"pt_BR","og_type":"article","og_title":"Maioria de servidores consultados n\u00e3o aprova fus\u00e3o de ANTT e ANTAQ","og_description":"Dimmi Amora e Bernardo Gonzaga,\u00a0da Ag\u00eancia iNFRA A pedido do Minist\u00e9rio da Infraestrutura, as associa\u00e7\u00f5es de servidores da ANTT (Ag\u00eancia Nacional de Transportes Terrestres) e da ANTAQ (Ag\u00eancia Nacional de Transportes Aquavi\u00e1rios) fizeram pesquisas com servidores\u00a0para saber a opini\u00e3o sobre a proposta de cria\u00e7\u00e3o de uma nova ag\u00eancia unificando os dois \u00f3rg\u00e3os. Em nenhum dos [&hellip;]","og_url":"https:\/\/agenciainfra.com\/blog\/maioria-de-servidores-consultados-nao-aprova-fusao-de-antt-e-antaq\/","og_site_name":"Ag\u00eancia iNFRA","article_publisher":"https:\/\/www.facebook.com\/ageninfra","article_published_time":"2019-01-29T07:00:06+00:00","og_image":[{"width":800,"height":565,"url":"https:\/\/agenciainfra.com\/blog\/wp-content\/uploads\/2019\/01\/marco-aurelio-esparza-creative-commons.jpg","type":"image\/jpeg"}],"author":"Rodrigo Zuquim","twitter_card":"summary_large_image","twitter_creator":"@agencia_infra","twitter_site":"@agencia_infra","twitter_misc":{"Escrito por":"Rodrigo Zuquim","Est. tempo de leitura":"2 minutos"},"schema":{"@context":"https:\/\/schema.org","@graph":[{"@type":"Article","@id":"https:\/\/agenciainfra.com\/blog\/maioria-de-servidores-consultados-nao-aprova-fusao-de-antt-e-antaq\/#article","isPartOf":{"@id":"https:\/\/agenciainfra.com\/blog\/maioria-de-servidores-consultados-nao-aprova-fusao-de-antt-e-antaq\/"},"author":{"name":"Rodrigo Zuquim","@id":"https:\/\/agenciainfra.com\/blog\/#\/schema\/person\/04dbb79bd6d8951f063da71f3e4c1eb1"},"headline":"Maioria de servidores consultados n\u00e3o aprova fus\u00e3o de ANTT e ANTAQ","datePublished":"2019-01-29T07:00:06+00:00","mainEntityOfPage":{"@id":"https:\/\/agenciainfra.com\/blog\/maioria-de-servidores-consultados-nao-aprova-fusao-de-antt-e-antaq\/"},"wordCount":485,"publisher":{"@id":"https:\/\/agenciainfra.com\/blog\/#organization"},"image":{"@id":"https:\/\/agenciainfra.com\/blog\/maioria-de-servidores-consultados-nao-aprova-fusao-de-antt-e-antaq\/#primaryimage"},"thumbnailUrl":"https:\/\/agenciainfra.com\/blog\/wp-content\/uploads\/2019\/01\/marco-aurelio-esparza-creative-commons.jpg","keywords":["ANTAQ","ANTT","fus\u00e3o de ag\u00eancias","Minist\u00e9rio da Infraestrutura"],"articleSection":["iNFRATransporte"],"inLanguage":"pt-BR","copyrightYear":"2019","copyrightHolder":{"@id":"https:\/\/agenciainfra.com\/blog\/#organization"}},{"@type":"WebPage","@id":"https:\/\/agenciainfra.com\/blog\/maioria-de-servidores-consultados-nao-aprova-fusao-de-antt-e-antaq\/","url":"https:\/\/agenciainfra.com\/blog\/maioria-de-servidores-consultados-nao-aprova-fusao-de-antt-e-antaq\/","name":"Maioria de servidores consultados n\u00e3o aprova fus\u00e3o de ANTT e ANTAQ - Ag\u00eancia iNFRA","isPartOf":{"@id":"https:\/\/agenciainfra.com\/blog\/#website"},"primaryImageOfPage":{"@id":"https:\/\/agenciainfra.com\/blog\/maioria-de-servidores-consultados-nao-aprova-fusao-de-antt-e-antaq\/#primaryimage"},"image":{"@id":"https:\/\/agenciainfra.com\/blog\/maioria-de-servidores-consultados-nao-aprova-fusao-de-antt-e-antaq\/#primaryimage"},"thumbnailUrl":"https:\/\/agenciainfra.com\/blog\/wp-content\/uploads\/2019\/01\/marco-aurelio-esparza-creative-commons.jpg","datePublished":"2019-01-29T07:00:06+00:00","breadcrumb":{"@id":"https:\/\/agenciainfra.com\/blog\/maioria-de-servidores-consultados-nao-aprova-fusao-de-antt-e-antaq\/#breadcrumb"},"inLanguage":"pt-BR","potentialAction":[{"@type":"ReadAction","target":["https:\/\/agenciainfra.com\/blog\/maioria-de-servidores-consultados-nao-aprova-fusao-de-antt-e-antaq\/"]}]},{"@type":"ImageObject","inLanguage":"pt-BR","@id":"https:\/\/agenciainfra.com\/blog\/maioria-de-servidores-consultados-nao-aprova-fusao-de-antt-e-antaq\/#primaryimage","url":"https:\/\/agenciainfra.com\/blog\/wp-content\/uploads\/2019\/01\/marco-aurelio-esparza-creative-commons.jpg","contentUrl":"https:\/\/agenciainfra.com\/blog\/wp-content\/uploads\/2019\/01\/marco-aurelio-esparza-creative-commons.jpg","width":800,"height":565},{"@type":"BreadcrumbList","@id":"https:\/\/agenciainfra.com\/blog\/maioria-de-servidores-consultados-nao-aprova-fusao-de-antt-e-antaq\/#breadcrumb","itemListElement":[{"@type":"ListItem","position":1,"name":"In\u00edcio","item":"https:\/\/agenciainfra.com\/blog\/"},{"@type":"ListItem","position":2,"name":"Maioria de servidores consultados n\u00e3o aprova fus\u00e3o de ANTT e ANTAQ"}]},{"@type":"WebSite","@id":"https:\/\/agenciainfra.com\/blog\/#website","url":"https:\/\/agenciainfra.com\/blog\/","name":"Ag\u00eancia iNFRA","description":"Multiplataforma de informa\u00e7\u00e3o jornal\u00edstica refer\u00eancia na \u00e1rea de infraestrutura no Brasil!","publisher":{"@id":"https:\/\/agenciainfra.com\/blog\/#organization"},"potentialAction":[{"@type":"SearchAction","target":{"@type":"EntryPoint","urlTemplate":"https:\/\/agenciainfra.com\/blog\/?s={search_term_string}"},"query-input":{"@type":"PropertyValueSpecification","valueRequired":true,"valueName":"search_term_string"}}],"inLanguage":"pt-BR"},{"@type":"Organization","@id":"https:\/\/agenciainfra.com\/blog\/#organization","name":"Ag\u00eancia iNFRA","url":"https:\/\/agenciainfra.com\/blog\/","logo":{"@type":"ImageObject","inLanguage":"pt-BR","@id":"https:\/\/agenciainfra.com\/blog\/#\/schema\/logo\/image\/","url":"https:\/\/agenciainfra.com\/blog\/wp-content\/uploads\/2023\/09\/iNFRA_5-e1761735885940.png","contentUrl":"https:\/\/agenciainfra.com\/blog\/wp-content\/uploads\/2023\/09\/iNFRA_5-e1761735885940.png","width":1672,"height":454,"caption":"Ag\u00eancia iNFRA"},"image":{"@id":"https:\/\/agenciainfra.com\/blog\/#\/schema\/logo\/image\/"},"sameAs":["https:\/\/www.facebook.com\/ageninfra","https:\/\/x.com\/agencia_infra","https:\/\/www.linkedin.com\/company\/ag\u00eanciainfra\/","https:\/\/www.instagram.com\/agenciainfra\/"]},{"@type":"Person","@id":"https:\/\/agenciainfra.com\/blog\/#\/schema\/person\/04dbb79bd6d8951f063da71f3e4c1eb1","name":"Rodrigo Zuquim","image":{"@type":"ImageObject","inLanguage":"pt-BR","@id":"https:\/\/agenciainfra.com\/blog\/#\/schema\/person\/image\/","url":"https:\/\/secure.gravatar.com\/avatar\/594abfe82761d620726242ff34ca472a705a4b97f16c790053a6b4c4035274d0?s=96&d=mm&r=g","contentUrl":"https:\/\/secure.gravatar.com\/avatar\/594abfe82761d620726242ff34ca472a705a4b97f16c790053a6b4c4035274d0?s=96&d=mm&r=g","caption":"Rodrigo Zuquim"},"url":"https:\/\/agenciainfra.com\/blog\/author\/rodrigo-zuquim\/"}]}},"_links":{"self":[{"href":"https:\/\/agenciainfra.com\/blog\/wp-json\/wp\/v2\/posts\/2830","targetHints":{"allow":["GET"]}}],"collection":[{"href":"https:\/\/agenciainfra.com\/blog\/wp-json\/wp\/v2\/posts"}],"about":[{"href":"https:\/\/agenciainfra.com\/blog\/wp-json\/wp\/v2\/types\/post"}],"author":[{"embeddable":true,"href":"https:\/\/agenciainfra.com\/blog\/wp-json\/wp\/v2\/users\/9"}],"replies":[{"embeddable":true,"href":"https:\/\/agenciainfra.com\/blog\/wp-json\/wp\/v2\/comments?post=2830"}],"version-history":[{"count":0,"href":"https:\/\/agenciainfra.com\/blog\/wp-json\/wp\/v2\/posts\/2830\/revisions"}],"wp:featuredmedia":[{"embeddable":true,"href":"https:\/\/agenciainfra.com\/blog\/wp-json\/wp\/v2\/media\/2831"}],"wp:attachment":[{"href":"https:\/\/agenciainfra.com\/blog\/wp-json\/wp\/v2\/media?parent=2830"}],"wp:term":[{"taxonomy":"category","embeddable":true,"href":"https:\/\/agenciainfra.com\/blog\/wp-json\/wp\/v2\/categories?post=2830"},{"taxonomy":"post_tag","embeddable":true,"href":"https:\/\/agenciainfra.com\/blog\/wp-json\/wp\/v2\/tags?post=2830"}],"curies":[{"name":"wp","href":"https:\/\/api.w.org\/{rel}","templated":true}]}}