{"id":28316,"date":"2025-09-23T09:00:00","date_gmt":"2025-09-23T12:00:00","guid":{"rendered":"https:\/\/agenciainfra.com\/blog\/?p=28316"},"modified":"2025-09-23T19:39:19","modified_gmt":"2025-09-23T22:39:19","slug":"aneel-exclui-maior-lote-do-leilao-de-sistemas-isolados-de-sexta-26","status":"publish","type":"post","link":"https:\/\/agenciainfra.com\/blog\/aneel-exclui-maior-lote-do-leilao-de-sistemas-isolados-de-sexta-26\/","title":{"rendered":"ANEEL exclui maior lote do leil\u00e3o de sistemas isolados de sexta (26)"},"content":{"rendered":"\n<p class=\"has-text-align-right\"><strong>Gabriel Vasconcelos, Lais Carregosa e Marisa Wanzeller, da Ag\u00eancia iNFRA<\/strong><\/p>\n\n\n\n<p>A Comiss\u00e3o Permanente de Leil\u00f5es da ANEEL (Ag\u00eancia Nacional de Energia El\u00e9trica) retirou na segunda-feira (22) o maior lote do leil\u00e3o de sistemas isolados (lote II), marcado para 26 de setembro. A decis\u00e3o se deve a incertezas com rela\u00e7\u00e3o \u00e0s tarifas de transporte de g\u00e1s a serem praticadas ap\u00f3s 2030 no gasoduto no Urucu-Coari-Manaus, da TAG.\u00a0<br><br>O MME (Minist\u00e9rio de Minas e Energia) enviou um\u00a0<a href=\"https:\/\/agenciainfra.us14.list-manage.com\/track\/click?u=d460dd1bcf9ba0ae040e1fc0f&amp;id=5b67286bb7&amp;e=1192c754bc\" target=\"_blank\" rel=\"noreferrer noopener\">of\u00edcio<\/a>\u00a0\u00e0 ag\u00eancia solicitando a retirada, no qual cita o fim do contrato legado (estabelecido antes da privatiza\u00e7\u00e3o do servi\u00e7o de transporte de g\u00e1s) entre Petrobras e TAG, iniciado em 2010 e com t\u00e9rmino em 2030. Esse contrato garante o carregamento, pela Petrobras, de 6,7 milh\u00f5es de metros c\u00fabicos por dia do g\u00e1s produzido na regi\u00e3o de Urucu para Manaus e outras sete cidades do Amazonas por meio do duto da TAG.\u00a0<br><br>O fim do contrato vai exigir novos termos para essa log\u00edstica. Nesse contexto, o MME cita \u201cincertezas quanto ao fornecimento de g\u00e1s na regi\u00e3o\u201d, que se devem \u00e0 imprevisibilidade de novas tarifas e sua evolu\u00e7\u00e3o depois de 2030, ap\u00f3s o fim do contrato legado, quando os novos contratos de suprimento das termel\u00e9tricas contratadas pelo leil\u00e3o estariam ativos, possivelmente, apoiados no uso da malha da TAG.<br><br>O MME tamb\u00e9m aponta incertezas quanto \u00e0 consulta p\u00fablica na ANP (Ag\u00eancia Nacional do Petr\u00f3leo, G\u00e1s Natural e Biocombust\u00edveis) que trata da revis\u00e3o tarif\u00e1ria do transporte de g\u00e1s. A revis\u00e3o tarif\u00e1ria da chamada malha Norte s\u00f3 vai acontecer no final de 2030, com o encerramento do contrato legado da Petrobras. Mas a revis\u00e3o tarif\u00e1ria da malha do Nordeste j\u00e1 tem provocado diverg\u00eancias no mercado, com agentes p\u00fablicos e consumidores defendendo redu\u00e7\u00e3o nas tarifas, enquanto as transportadoras t\u00eam apresentado propostas de aumento.\u00a0<br><br><strong>\u2018Estabilidade tarif\u00e1ria\u2019<\/strong><br>O MME provocou a TAG formalmente para obter previs\u00e3o sobre as tarifas de transporte no horizonte p\u00f3s-2030. Em trecho dessa comunica\u00e7\u00e3o destacado pelo minist\u00e9rio no of\u00edcio \u00e0 ANEEL, a TAG diz que o contrato legado em vigor responde a regras de tarifa\u00e7\u00e3o anteriores \u00e0 Nova Lei do G\u00e1s, sugerindo necessidade de revis\u00e3o ap\u00f3s 2030. E lembrou que a manuten\u00e7\u00e3o da \u201cestabilidade tarif\u00e1ria\u201d est\u00e1 diretamente ligada \u00e0 preserva\u00e7\u00e3o do volume de transporte contratado, o que passa pela atividade das termel\u00e9tricas j\u00e1 conectadas na estrutura.\u00a0<br><br>\u201cA eventual descontinuidade das usinas termel\u00e9tricas atualmente conectadas ao gasoduto Urucu-Coari-Manaus, cujos contratos de venda de energia (PPA) tamb\u00e9m se encerram em 2030, pode comprometer o equil\u00edbrio econ\u00f4mico-financeiro da infraestrutura\u201d, disse a TAG ao MME.<br><br>O futuro econ\u00f4mico-financeiro dos projetos que venceriam o lote do leil\u00e3o de sistemas isolados em quest\u00e3o dependeria, portanto, de ambos os fatores: a rela\u00e7\u00e3o da transportadora com a Petrobras e a demanda futura de termel\u00e9tricas ligadas no gasoduto, em fun\u00e7\u00e3o da l\u00f3gica tarif\u00e1ria condominial desse tipo de estrutura. Ou seja, a tarifa de transporte \u00e9 calculada com base na divis\u00e3o da receita m\u00e1xima permitida pelo volume efetivamente contratado, de forma que uma retra\u00e7\u00e3o na demanda implica aumento proporcional da tarifa unit\u00e1ria.<br><br><strong>Posi\u00e7\u00e3o da TAG<\/strong><br>Procurada, a TAG respondeu \u00e0\u00a0<strong>Ag\u00eancia iNFRA<\/strong>\u00a0que a decis\u00e3o de exclus\u00e3o do lote cabe ao MME, mas que, ao ser consultada oficialmente, sinalizou \u00e0 pasta tend\u00eancia de redu\u00e7\u00e3o real das tarifas da malha Norte, caso os volumes de contrata\u00e7\u00e3o de capacidade permane\u00e7am iguais aos atuais ou aumentem.\u00a0<br><br>Segundo o diretor comercial e regulat\u00f3rio da TAG, Ov\u00eddio Quintana, o \u201cfator determinante\u201d no cen\u00e1rio p\u00f3s-2030 est\u00e1 ligado \u00e0 continuidade das usinas termel\u00e9tricas atualmente conectadas ao gasoduto. \u201cMais de 90% do consumo de g\u00e1s natural na regi\u00e3o \u00e9 destinado \u00e0 gera\u00e7\u00e3o termel\u00e9trica\u201d, diz Quintana.<br><br>As principais termel\u00e9tricas atendidas pelo gasoduto Urucu-Coari-Manaus s\u00e3o Manauara, Tambaqui, Jaraqui, Aparecida, Mau\u00e1, Cristiano Rocha e Ponta Negra, instaladas em Manaus e munic\u00edpios pr\u00f3ximos. O executivo defendeu a continuidade da conex\u00e3o das unidades ao gasoduto, por este ser infraestrutura \u201cexistente e consolidada\u201d, o que reduz a necessidade de investimentos adicionais.\u00a0<br><br>Quintana observou, ainda, que outro aspecto fundamental neste contexto tarif\u00e1rio ser\u00e1 o tratamento dado pelo poder p\u00fablico ao mecanismo da CDE (Conta de Desenvolvimento Econ\u00f4mico), redutor de pre\u00e7o e vigente desde a decis\u00e3o de investimento original no gasoduto.<br><br><strong>Adiamento do certame<\/strong><br>Gustavo De Marchi, consultor da FGV Energia, defende que o leil\u00e3o seja adiado para adequa\u00e7\u00e3o da minuta de contrato, de forma que n\u00e3o seja necess\u00e1rio retirar o maior lote do certame. O especialista sugere a inclus\u00e3o de um &#8220;gatilho&#8221; que reflita automaticamente qualquer altera\u00e7\u00e3o futura na tarifa da TAG, garantindo que seja um fator neutro para os participantes.<br><br>De Marchi pondera que a atual\u00a0<a href=\"https:\/\/agenciainfra.us14.list-manage.com\/track\/click?u=d460dd1bcf9ba0ae040e1fc0f&amp;id=dd913f24eb&amp;e=1192c754bc\" target=\"_blank\" rel=\"noreferrer noopener\">minuta<\/a>\u00a0do contrato para os vencedores do certame j\u00e1 apresenta o mesmo princ\u00edpio ao prever a possibilidade de adequa\u00e7\u00e3o da \u201creceita da venda\u201d caso novos tributos ou encargos setoriais entrem em vigor \u201cde forma a aumentar ou diminuir o \u00f4nus das partes&#8221;. \u201cTalvez pudesse ser avaliado, j\u00e1 que h\u00e1 um grau de incerteza muito grande relacionado ao que vai ser o resultado da tarifa da TAG, seguir a mesma sorte, ou seja, que toda e qualquer altera\u00e7\u00e3o seja refletida automaticamente no contrato como gatilho&#8221;, aponta o consultor.<br><br>Na vis\u00e3o do especialista, aguardar um desfecho para o processo de revis\u00e3o tarif\u00e1ria da TAG demandar\u00e1 muito tempo e pode, inclusive, colocar em risco o suprimento de energia para a regi\u00e3o.<br><br>Ele pondera ainda que os agentes j\u00e1 realizaram investimentos financeiros \u2013 como as garantias, estudos de modelagem, financiamento \u2013, que seriam perdidos em caso de cancelamento do lote. Conforme o edital, o aporte das garantias de fiel cumprimento, no valor de 1% do investimento declarado, deveria ser feito at\u00e9 o dia 17 de setembro. O comunicado relevante emitido pela comiss\u00e3o da ANEEL afirma que os valores aportados ser\u00e3o devolvidos no prazo de cinco dias \u00fateis.\u00a0<br><br><strong>Lote retirado<\/strong><br>O lote II \u00e9 o maior do leil\u00e3o com pot\u00eancia requerida de 48,25 MW (megawatts), do total de 66 MW a serem contratados no certame, e j\u00e1 havia recebido inscri\u00e7\u00e3o de 29 projetos, dos 80 totais. O atendimento seria destinado \u00e0s localidades de Anam\u00e3, Anori, Caapiranga, Codaj\u00e1s e Coari, no Amazonas.\u00a0<br><br>Em carta \u00e0 ANEEL, o ministro Alexandre Silveira afirma que o MME \u201catuar\u00e1 junto \u00e0s institui\u00e7\u00f5es competentes para garantir a seguran\u00e7a no fornecimento necess\u00e1ria\u201d aos munic\u00edpios atendidos pelo lote, \u201cincluindo os horizontes conjuntural e estrutural\u201d. Entre as cidades do lote II, Anam\u00e3 e Caapiranga haviam sido\u00a0<a href=\"https:\/\/agenciainfra.us14.list-manage.com\/track\/click?u=d460dd1bcf9ba0ae040e1fc0f&amp;id=6730ff3a2c&amp;e=1192c754bc\" target=\"_blank\" rel=\"noreferrer noopener\">reconhecidas<\/a>\u00a0pelo MME como tendo necessidade imediata de in\u00edcio de suprimento, o que poderia implicar antecipa\u00e7\u00e3o da opera\u00e7\u00e3o comercial das usinas.<br><br>O minist\u00e9rio aponta, no entanto, que \u201ca manuten\u00e7\u00e3o do lote II no leil\u00e3o sob as atuais condi\u00e7\u00f5es de incerteza apresenta maior potencial de arrependimento do que sua retirada, at\u00e9 que haja maior previsibilidade dos custos de transporte de g\u00e1s natural para aquela regi\u00e3o&#8221;.<br><br><strong>Pedido de impugna\u00e7\u00e3o<\/strong><br>Antes do envio do of\u00edcio pelo MME, a ANEEL negou pedidos de agentes pela impugna\u00e7\u00e3o do edital do certame. Dentre as justificativas, a reguladora apontava que a utiliza\u00e7\u00e3o de gasodutos n\u00e3o \u00e9 a \u00fanica solu\u00e7\u00e3o t\u00e9cnica aceit\u00e1vel para participa\u00e7\u00e3o no leil\u00e3o.<br><br>A Energy Assets, uma das empresas que recorreram \u00e0 reguladora contra o leil\u00e3o, alega que a TAG \u201cn\u00e3o tem apresentado o pre\u00e7o de refer\u00eancia associado \u00e0 parcela do transporte do g\u00e1s natural\u201d, o que impossibilita que as empresas que pretendem participar do certame calculem as tarifas com assertividade, o que gera um \u201crisco de inviabilidade econ\u00f4mico-financeira quanto ao seu pre\u00e7o de refer\u00eancia a partir de 2030&#8243;.\u00a0<br><br>A empresa tamb\u00e9m questiona a exig\u00eancia de equipamentos novos para a participa\u00e7\u00e3o no leil\u00e3o. Segundo o agente, al\u00e9m dos custos elevados para se instalar novas m\u00e1quinas, a medida fere o \u201cprinc\u00edpio da ampla concorr\u00eancia\u201d ao inviabilizar empreendimentos j\u00e1 existentes.\u00a0<br><br>Segundo a ANEEL, a alega\u00e7\u00e3o de instabilidade sobre as tarifas de transporte de g\u00e1s configura-se na verdade em uma dificuldade encontrada pela empresa \u201cem compor os custos\u201d associados \u00e0 fonte energ\u00e9tica do empreendimento. Al\u00e9m disso, argumenta que as diretrizes para o leil\u00e3o j\u00e1 est\u00e3o p\u00fablicas h\u00e1 mais de nove meses.<br><br>Sobre os equipamentos novos, a ag\u00eancia ressalta que a diretriz dada pelo MME se justifica na \u201cbusca de confiabilidade e efici\u00eancia no atendimento do fornecimento de energia e pot\u00eancia&#8221;, visto que \u00e9 comum a exist\u00eancia de um \u00fanico supridor de energia el\u00e9trica em sistemas isolados.\u00a0<br><br>\u201cA confiabilidade e a efici\u00eancia de equipamentos el\u00e9tricos e mec\u00e2nicos est\u00e1 diretamente ligada ao tempo de utiliza\u00e7\u00e3o e a idade dos equipamentos, logo, a taxa de disponibilidade e a efici\u00eancia das centrais geradoras que utilizem equipamentos novos tendem a ser maiores do que em centrais geradoras que empreguem equipamentos j\u00e1 utilizados&#8221;, afirma\u00a0<a href=\"https:\/\/agenciainfra.us14.list-manage.com\/track\/click?u=d460dd1bcf9ba0ae040e1fc0f&amp;id=ad37a7740e&amp;e=1192c754bc\" target=\"_blank\" rel=\"noreferrer noopener\">nota t\u00e9cnica<\/a>\u00a0publicada pela reguladora.\u00a0<br><br>\u00c0\u00a0<strong>Ag\u00eancia iNFRA<\/strong>, fontes afirmaram que outros agentes tamb\u00e9m questionaram a exig\u00eancia de usinas novas para suprimento na regi\u00e3o, com in\u00edcio de suprimento em 2027. Isso porque algumas empresas que atuam no estado tinham usinas contratadas at\u00e9 2030 e gostariam de participar do certame para suprimento a partir daquele ano.<br><br>Al\u00e9m disso, elas argumentam que as novas usinas contratadas ficariam sem gerar por tr\u00eas anos at\u00e9 o t\u00e9rmino do suprimento dos empreendimentos contratados atualmente.<br><br><strong>Planejamento do leil\u00e3o<\/strong><br>O leil\u00e3o de sistemas isolados estava separado em tr\u00eas lotes, com in\u00edcio de suprimento em 2027, \u00e0 exce\u00e7\u00e3o de Coari (lote II) em 2030:<\/p>\n\n\n\n<ul class=\"wp-block-list\">\n<li>Lote I: Amazonas, com pot\u00eancia requerida de 8,8 MW;<\/li>\n\n\n\n<li>Lote II: Amazonas, com pot\u00eancia requerida de 48,2 MW \u2013 retirado;<\/li>\n\n\n\n<li>Lote III: Par\u00e1, com pot\u00eancia requerida de 9,9 MW.<\/li>\n<\/ul>\n\n\n\n<p>De acordo com dados da EPE, 80 solu\u00e7\u00f5es de suprimento foram cadastradas para o certame, totalizando 1.870 MW, dos quais 32% s\u00e3o t\u00e9rmicas a g\u00e1s natural, 31% solu\u00e7\u00f5es que combinam usinas solares com t\u00e9rmicas a diesel e a biocombust\u00edvel e 28% combinam usinas solares com t\u00e9rmicas a g\u00e1s natural.<\/p>\n","protected":false},"excerpt":{"rendered":"<p>Gabriel Vasconcelos, Lais Carregosa e Marisa Wanzeller, da Ag\u00eancia iNFRA A Comiss\u00e3o Permanente de Leil\u00f5es da ANEEL (Ag\u00eancia Nacional de Energia El\u00e9trica) retirou na segunda-feira (22) o maior lote do leil\u00e3o de sistemas isolados (lote II), marcado para 26 de setembro. A decis\u00e3o se deve a incertezas com rela\u00e7\u00e3o \u00e0s tarifas de transporte de g\u00e1s [&hellip;]<\/p>\n","protected":false},"author":1,"featured_media":8985,"comment_status":"closed","ping_status":"closed","sticky":false,"template":"","format":"standard","meta":{"_monsterinsights_skip_tracking":false,"_monsterinsights_sitenote_active":false,"_monsterinsights_sitenote_note":"","_monsterinsights_sitenote_category":0,"footnotes":""},"categories":[7250,1,10],"tags":[53,13251,882,13132,254,11785,7366,54,5906,14606,13643],"class_list":["post-28316","post","type-post","status-publish","format-standard","has-post-thumbnail","hentry","category-destaque-lista","category-geral","category-infraenergia","tag-aneel","tag-gabriel-vasconcelos","tag-gas-natural","tag-lais-carregosa","tag-leilao","tag-leilao-de-sistemas-isolados","tag-marisa-wanzeller","tag-setor-eletrico","tag-sistemas-isolados","tag-tarifas-de-gas","tag-transporte-de-gas"],"yoast_head":"<!-- This site is optimized with the Yoast SEO Premium plugin v25.4 (Yoast SEO v26.0) - https:\/\/yoast.com\/wordpress\/plugins\/seo\/ -->\n<title>ANEEL exclui maior lote do leil\u00e3o de sistemas isolados de sexta (26) - Ag\u00eancia iNFRA<\/title>\n<meta name=\"robots\" content=\"index, follow, max-snippet:-1, max-image-preview:large, max-video-preview:-1\" \/>\n<link rel=\"canonical\" href=\"https:\/\/agenciainfra.com\/blog\/aneel-exclui-maior-lote-do-leilao-de-sistemas-isolados-de-sexta-26\/\" \/>\n<meta property=\"og:locale\" content=\"pt_BR\" \/>\n<meta property=\"og:type\" content=\"article\" \/>\n<meta property=\"og:title\" content=\"ANEEL exclui maior lote do leil\u00e3o de sistemas isolados de sexta (26)\" \/>\n<meta property=\"og:description\" content=\"Gabriel Vasconcelos, Lais Carregosa e Marisa Wanzeller, da Ag\u00eancia iNFRA A Comiss\u00e3o Permanente de Leil\u00f5es da ANEEL (Ag\u00eancia Nacional de Energia El\u00e9trica) retirou na segunda-feira (22) o maior lote do leil\u00e3o de sistemas isolados (lote II), marcado para 26 de setembro. A decis\u00e3o se deve a incertezas com rela\u00e7\u00e3o \u00e0s tarifas de transporte de g\u00e1s [&hellip;]\" \/>\n<meta property=\"og:url\" content=\"https:\/\/agenciainfra.com\/blog\/aneel-exclui-maior-lote-do-leilao-de-sistemas-isolados-de-sexta-26\/\" \/>\n<meta property=\"og:site_name\" content=\"Ag\u00eancia iNFRA\" \/>\n<meta property=\"article:publisher\" content=\"https:\/\/www.facebook.com\/ageninfra\" \/>\n<meta property=\"article:published_time\" content=\"2025-09-23T12:00:00+00:00\" \/>\n<meta property=\"article:modified_time\" content=\"2025-09-23T22:39:19+00:00\" \/>\n<meta property=\"og:image\" content=\"https:\/\/agenciainfra.com\/blog\/wp-content\/uploads\/2021\/11\/leilao-foto-ricardo-botelho-minfra.jpeg\" \/>\n\t<meta property=\"og:image:width\" content=\"1280\" \/>\n\t<meta property=\"og:image:height\" content=\"853\" \/>\n\t<meta property=\"og:image:type\" content=\"image\/jpeg\" \/>\n<meta name=\"author\" content=\"Ag\u00eancia iNFRA\" \/>\n<meta name=\"twitter:card\" content=\"summary_large_image\" \/>\n<meta name=\"twitter:creator\" content=\"@agencia_infra\" \/>\n<meta name=\"twitter:site\" content=\"@agencia_infra\" \/>\n<meta name=\"twitter:label1\" content=\"Escrito por\" \/>\n\t<meta name=\"twitter:data1\" content=\"Ag\u00eancia iNFRA\" \/>\n\t<meta name=\"twitter:label2\" content=\"Est. tempo de leitura\" \/>\n\t<meta name=\"twitter:data2\" content=\"9 minutos\" \/>\n<script type=\"application\/ld+json\" class=\"yoast-schema-graph\">{\"@context\":\"https:\/\/schema.org\",\"@graph\":[{\"@type\":\"Article\",\"@id\":\"https:\/\/agenciainfra.com\/blog\/aneel-exclui-maior-lote-do-leilao-de-sistemas-isolados-de-sexta-26\/#article\",\"isPartOf\":{\"@id\":\"https:\/\/agenciainfra.com\/blog\/aneel-exclui-maior-lote-do-leilao-de-sistemas-isolados-de-sexta-26\/\"},\"author\":{\"name\":\"Ag\u00eancia iNFRA\",\"@id\":\"https:\/\/agenciainfra.com\/blog\/#\/schema\/person\/34af08dff6adea4cb22b06612ba7acfa\"},\"headline\":\"ANEEL exclui maior lote do leil\u00e3o de sistemas isolados de sexta (26)\",\"datePublished\":\"2025-09-23T12:00:00+00:00\",\"dateModified\":\"2025-09-23T22:39:19+00:00\",\"mainEntityOfPage\":{\"@id\":\"https:\/\/agenciainfra.com\/blog\/aneel-exclui-maior-lote-do-leilao-de-sistemas-isolados-de-sexta-26\/\"},\"wordCount\":1741,\"publisher\":{\"@id\":\"https:\/\/agenciainfra.com\/blog\/#organization\"},\"image\":{\"@id\":\"https:\/\/agenciainfra.com\/blog\/aneel-exclui-maior-lote-do-leilao-de-sistemas-isolados-de-sexta-26\/#primaryimage\"},\"thumbnailUrl\":\"https:\/\/agenciainfra.com\/blog\/wp-content\/uploads\/2021\/11\/leilao-foto-ricardo-botelho-minfra.jpeg\",\"keywords\":[\"ANEEL\",\"Gabriel Vasconcelos\",\"g\u00e1s natural\",\"Lais Carregosa\",\"leil\u00e3o\",\"leil\u00e3o de sistemas isolados\",\"Marisa Wanzeller\",\"Setor El\u00e9trico\",\"sistemas isolados\",\"tarifas de g\u00e1s\",\"transporte de g\u00e1s\"],\"articleSection\":[\"Destaque lista\",\"Geral\",\"iNFRAEnergia\"],\"inLanguage\":\"pt-BR\",\"copyrightYear\":\"2025\",\"copyrightHolder\":{\"@id\":\"https:\/\/agenciainfra.com\/blog\/#organization\"}},{\"@type\":\"WebPage\",\"@id\":\"https:\/\/agenciainfra.com\/blog\/aneel-exclui-maior-lote-do-leilao-de-sistemas-isolados-de-sexta-26\/\",\"url\":\"https:\/\/agenciainfra.com\/blog\/aneel-exclui-maior-lote-do-leilao-de-sistemas-isolados-de-sexta-26\/\",\"name\":\"ANEEL exclui maior lote do leil\u00e3o de sistemas isolados de sexta (26) - Ag\u00eancia iNFRA\",\"isPartOf\":{\"@id\":\"https:\/\/agenciainfra.com\/blog\/#website\"},\"primaryImageOfPage\":{\"@id\":\"https:\/\/agenciainfra.com\/blog\/aneel-exclui-maior-lote-do-leilao-de-sistemas-isolados-de-sexta-26\/#primaryimage\"},\"image\":{\"@id\":\"https:\/\/agenciainfra.com\/blog\/aneel-exclui-maior-lote-do-leilao-de-sistemas-isolados-de-sexta-26\/#primaryimage\"},\"thumbnailUrl\":\"https:\/\/agenciainfra.com\/blog\/wp-content\/uploads\/2021\/11\/leilao-foto-ricardo-botelho-minfra.jpeg\",\"datePublished\":\"2025-09-23T12:00:00+00:00\",\"dateModified\":\"2025-09-23T22:39:19+00:00\",\"breadcrumb\":{\"@id\":\"https:\/\/agenciainfra.com\/blog\/aneel-exclui-maior-lote-do-leilao-de-sistemas-isolados-de-sexta-26\/#breadcrumb\"},\"inLanguage\":\"pt-BR\",\"potentialAction\":[{\"@type\":\"ReadAction\",\"target\":[\"https:\/\/agenciainfra.com\/blog\/aneel-exclui-maior-lote-do-leilao-de-sistemas-isolados-de-sexta-26\/\"]}]},{\"@type\":\"ImageObject\",\"inLanguage\":\"pt-BR\",\"@id\":\"https:\/\/agenciainfra.com\/blog\/aneel-exclui-maior-lote-do-leilao-de-sistemas-isolados-de-sexta-26\/#primaryimage\",\"url\":\"https:\/\/agenciainfra.com\/blog\/wp-content\/uploads\/2021\/11\/leilao-foto-ricardo-botelho-minfra.jpeg\",\"contentUrl\":\"https:\/\/agenciainfra.com\/blog\/wp-content\/uploads\/2021\/11\/leilao-foto-ricardo-botelho-minfra.jpeg\",\"width\":1280,\"height\":853,\"caption\":\"Foto: Ricardo Botelho\/Minfra\"},{\"@type\":\"BreadcrumbList\",\"@id\":\"https:\/\/agenciainfra.com\/blog\/aneel-exclui-maior-lote-do-leilao-de-sistemas-isolados-de-sexta-26\/#breadcrumb\",\"itemListElement\":[{\"@type\":\"ListItem\",\"position\":1,\"name\":\"In\u00edcio\",\"item\":\"https:\/\/agenciainfra.com\/blog\/\"},{\"@type\":\"ListItem\",\"position\":2,\"name\":\"ANEEL exclui maior lote do leil\u00e3o de sistemas isolados de sexta (26)\"}]},{\"@type\":\"WebSite\",\"@id\":\"https:\/\/agenciainfra.com\/blog\/#website\",\"url\":\"https:\/\/agenciainfra.com\/blog\/\",\"name\":\"Ag\u00eancia iNFRA\",\"description\":\"Multiplataforma de informa\u00e7\u00e3o jornal\u00edstica refer\u00eancia na \u00e1rea de infraestrutura no Brasil!\",\"publisher\":{\"@id\":\"https:\/\/agenciainfra.com\/blog\/#organization\"},\"potentialAction\":[{\"@type\":\"SearchAction\",\"target\":{\"@type\":\"EntryPoint\",\"urlTemplate\":\"https:\/\/agenciainfra.com\/blog\/?s={search_term_string}\"},\"query-input\":{\"@type\":\"PropertyValueSpecification\",\"valueRequired\":true,\"valueName\":\"search_term_string\"}}],\"inLanguage\":\"pt-BR\"},{\"@type\":\"Organization\",\"@id\":\"https:\/\/agenciainfra.com\/blog\/#organization\",\"name\":\"Ag\u00eancia iNFRA\",\"url\":\"https:\/\/agenciainfra.com\/blog\/\",\"logo\":{\"@type\":\"ImageObject\",\"inLanguage\":\"pt-BR\",\"@id\":\"https:\/\/agenciainfra.com\/blog\/#\/schema\/logo\/image\/\",\"url\":\"https:\/\/agenciainfra.com\/blog\/wp-content\/uploads\/2023\/09\/iNFRA_5-e1761735885940.png\",\"contentUrl\":\"https:\/\/agenciainfra.com\/blog\/wp-content\/uploads\/2023\/09\/iNFRA_5-e1761735885940.png\",\"width\":1672,\"height\":454,\"caption\":\"Ag\u00eancia iNFRA\"},\"image\":{\"@id\":\"https:\/\/agenciainfra.com\/blog\/#\/schema\/logo\/image\/\"},\"sameAs\":[\"https:\/\/www.facebook.com\/ageninfra\",\"https:\/\/x.com\/agencia_infra\",\"https:\/\/www.linkedin.com\/company\/ag\u00eanciainfra\/\",\"https:\/\/www.instagram.com\/agenciainfra\/\"]},{\"@type\":\"Person\",\"@id\":\"https:\/\/agenciainfra.com\/blog\/#\/schema\/person\/34af08dff6adea4cb22b06612ba7acfa\",\"name\":\"Ag\u00eancia iNFRA\",\"image\":{\"@type\":\"ImageObject\",\"inLanguage\":\"pt-BR\",\"@id\":\"https:\/\/agenciainfra.com\/blog\/#\/schema\/person\/image\/\",\"url\":\"https:\/\/secure.gravatar.com\/avatar\/d189e01678f06d8eb84d4e01f08eb848b3fffe3f8443818d3c356c66892f5be8?s=96&d=mm&r=g\",\"contentUrl\":\"https:\/\/secure.gravatar.com\/avatar\/d189e01678f06d8eb84d4e01f08eb848b3fffe3f8443818d3c356c66892f5be8?s=96&d=mm&r=g\",\"caption\":\"Ag\u00eancia iNFRA\"},\"url\":\"https:\/\/agenciainfra.com\/blog\/author\/admin\/\"}]}<\/script>\n<!-- \/ Yoast SEO Premium plugin. -->","yoast_head_json":{"title":"ANEEL exclui maior lote do leil\u00e3o de sistemas isolados de sexta (26) - Ag\u00eancia iNFRA","robots":{"index":"index","follow":"follow","max-snippet":"max-snippet:-1","max-image-preview":"max-image-preview:large","max-video-preview":"max-video-preview:-1"},"canonical":"https:\/\/agenciainfra.com\/blog\/aneel-exclui-maior-lote-do-leilao-de-sistemas-isolados-de-sexta-26\/","og_locale":"pt_BR","og_type":"article","og_title":"ANEEL exclui maior lote do leil\u00e3o de sistemas isolados de sexta (26)","og_description":"Gabriel Vasconcelos, Lais Carregosa e Marisa Wanzeller, da Ag\u00eancia iNFRA A Comiss\u00e3o Permanente de Leil\u00f5es da ANEEL (Ag\u00eancia Nacional de Energia El\u00e9trica) retirou na segunda-feira (22) o maior lote do leil\u00e3o de sistemas isolados (lote II), marcado para 26 de setembro. A decis\u00e3o se deve a incertezas com rela\u00e7\u00e3o \u00e0s tarifas de transporte de g\u00e1s [&hellip;]","og_url":"https:\/\/agenciainfra.com\/blog\/aneel-exclui-maior-lote-do-leilao-de-sistemas-isolados-de-sexta-26\/","og_site_name":"Ag\u00eancia iNFRA","article_publisher":"https:\/\/www.facebook.com\/ageninfra","article_published_time":"2025-09-23T12:00:00+00:00","article_modified_time":"2025-09-23T22:39:19+00:00","og_image":[{"width":1280,"height":853,"url":"https:\/\/agenciainfra.com\/blog\/wp-content\/uploads\/2021\/11\/leilao-foto-ricardo-botelho-minfra.jpeg","type":"image\/jpeg"}],"author":"Ag\u00eancia iNFRA","twitter_card":"summary_large_image","twitter_creator":"@agencia_infra","twitter_site":"@agencia_infra","twitter_misc":{"Escrito por":"Ag\u00eancia iNFRA","Est. tempo de leitura":"9 minutos"},"schema":{"@context":"https:\/\/schema.org","@graph":[{"@type":"Article","@id":"https:\/\/agenciainfra.com\/blog\/aneel-exclui-maior-lote-do-leilao-de-sistemas-isolados-de-sexta-26\/#article","isPartOf":{"@id":"https:\/\/agenciainfra.com\/blog\/aneel-exclui-maior-lote-do-leilao-de-sistemas-isolados-de-sexta-26\/"},"author":{"name":"Ag\u00eancia iNFRA","@id":"https:\/\/agenciainfra.com\/blog\/#\/schema\/person\/34af08dff6adea4cb22b06612ba7acfa"},"headline":"ANEEL exclui maior lote do leil\u00e3o de sistemas isolados de sexta (26)","datePublished":"2025-09-23T12:00:00+00:00","dateModified":"2025-09-23T22:39:19+00:00","mainEntityOfPage":{"@id":"https:\/\/agenciainfra.com\/blog\/aneel-exclui-maior-lote-do-leilao-de-sistemas-isolados-de-sexta-26\/"},"wordCount":1741,"publisher":{"@id":"https:\/\/agenciainfra.com\/blog\/#organization"},"image":{"@id":"https:\/\/agenciainfra.com\/blog\/aneel-exclui-maior-lote-do-leilao-de-sistemas-isolados-de-sexta-26\/#primaryimage"},"thumbnailUrl":"https:\/\/agenciainfra.com\/blog\/wp-content\/uploads\/2021\/11\/leilao-foto-ricardo-botelho-minfra.jpeg","keywords":["ANEEL","Gabriel Vasconcelos","g\u00e1s natural","Lais Carregosa","leil\u00e3o","leil\u00e3o de sistemas isolados","Marisa Wanzeller","Setor El\u00e9trico","sistemas isolados","tarifas de g\u00e1s","transporte de g\u00e1s"],"articleSection":["Destaque lista","Geral","iNFRAEnergia"],"inLanguage":"pt-BR","copyrightYear":"2025","copyrightHolder":{"@id":"https:\/\/agenciainfra.com\/blog\/#organization"}},{"@type":"WebPage","@id":"https:\/\/agenciainfra.com\/blog\/aneel-exclui-maior-lote-do-leilao-de-sistemas-isolados-de-sexta-26\/","url":"https:\/\/agenciainfra.com\/blog\/aneel-exclui-maior-lote-do-leilao-de-sistemas-isolados-de-sexta-26\/","name":"ANEEL exclui maior lote do leil\u00e3o de sistemas isolados de sexta (26) - Ag\u00eancia iNFRA","isPartOf":{"@id":"https:\/\/agenciainfra.com\/blog\/#website"},"primaryImageOfPage":{"@id":"https:\/\/agenciainfra.com\/blog\/aneel-exclui-maior-lote-do-leilao-de-sistemas-isolados-de-sexta-26\/#primaryimage"},"image":{"@id":"https:\/\/agenciainfra.com\/blog\/aneel-exclui-maior-lote-do-leilao-de-sistemas-isolados-de-sexta-26\/#primaryimage"},"thumbnailUrl":"https:\/\/agenciainfra.com\/blog\/wp-content\/uploads\/2021\/11\/leilao-foto-ricardo-botelho-minfra.jpeg","datePublished":"2025-09-23T12:00:00+00:00","dateModified":"2025-09-23T22:39:19+00:00","breadcrumb":{"@id":"https:\/\/agenciainfra.com\/blog\/aneel-exclui-maior-lote-do-leilao-de-sistemas-isolados-de-sexta-26\/#breadcrumb"},"inLanguage":"pt-BR","potentialAction":[{"@type":"ReadAction","target":["https:\/\/agenciainfra.com\/blog\/aneel-exclui-maior-lote-do-leilao-de-sistemas-isolados-de-sexta-26\/"]}]},{"@type":"ImageObject","inLanguage":"pt-BR","@id":"https:\/\/agenciainfra.com\/blog\/aneel-exclui-maior-lote-do-leilao-de-sistemas-isolados-de-sexta-26\/#primaryimage","url":"https:\/\/agenciainfra.com\/blog\/wp-content\/uploads\/2021\/11\/leilao-foto-ricardo-botelho-minfra.jpeg","contentUrl":"https:\/\/agenciainfra.com\/blog\/wp-content\/uploads\/2021\/11\/leilao-foto-ricardo-botelho-minfra.jpeg","width":1280,"height":853,"caption":"Foto: Ricardo Botelho\/Minfra"},{"@type":"BreadcrumbList","@id":"https:\/\/agenciainfra.com\/blog\/aneel-exclui-maior-lote-do-leilao-de-sistemas-isolados-de-sexta-26\/#breadcrumb","itemListElement":[{"@type":"ListItem","position":1,"name":"In\u00edcio","item":"https:\/\/agenciainfra.com\/blog\/"},{"@type":"ListItem","position":2,"name":"ANEEL exclui maior lote do leil\u00e3o de sistemas isolados de sexta (26)"}]},{"@type":"WebSite","@id":"https:\/\/agenciainfra.com\/blog\/#website","url":"https:\/\/agenciainfra.com\/blog\/","name":"Ag\u00eancia iNFRA","description":"Multiplataforma de informa\u00e7\u00e3o jornal\u00edstica refer\u00eancia na \u00e1rea de infraestrutura no Brasil!","publisher":{"@id":"https:\/\/agenciainfra.com\/blog\/#organization"},"potentialAction":[{"@type":"SearchAction","target":{"@type":"EntryPoint","urlTemplate":"https:\/\/agenciainfra.com\/blog\/?s={search_term_string}"},"query-input":{"@type":"PropertyValueSpecification","valueRequired":true,"valueName":"search_term_string"}}],"inLanguage":"pt-BR"},{"@type":"Organization","@id":"https:\/\/agenciainfra.com\/blog\/#organization","name":"Ag\u00eancia iNFRA","url":"https:\/\/agenciainfra.com\/blog\/","logo":{"@type":"ImageObject","inLanguage":"pt-BR","@id":"https:\/\/agenciainfra.com\/blog\/#\/schema\/logo\/image\/","url":"https:\/\/agenciainfra.com\/blog\/wp-content\/uploads\/2023\/09\/iNFRA_5-e1761735885940.png","contentUrl":"https:\/\/agenciainfra.com\/blog\/wp-content\/uploads\/2023\/09\/iNFRA_5-e1761735885940.png","width":1672,"height":454,"caption":"Ag\u00eancia iNFRA"},"image":{"@id":"https:\/\/agenciainfra.com\/blog\/#\/schema\/logo\/image\/"},"sameAs":["https:\/\/www.facebook.com\/ageninfra","https:\/\/x.com\/agencia_infra","https:\/\/www.linkedin.com\/company\/ag\u00eanciainfra\/","https:\/\/www.instagram.com\/agenciainfra\/"]},{"@type":"Person","@id":"https:\/\/agenciainfra.com\/blog\/#\/schema\/person\/34af08dff6adea4cb22b06612ba7acfa","name":"Ag\u00eancia iNFRA","image":{"@type":"ImageObject","inLanguage":"pt-BR","@id":"https:\/\/agenciainfra.com\/blog\/#\/schema\/person\/image\/","url":"https:\/\/secure.gravatar.com\/avatar\/d189e01678f06d8eb84d4e01f08eb848b3fffe3f8443818d3c356c66892f5be8?s=96&d=mm&r=g","contentUrl":"https:\/\/secure.gravatar.com\/avatar\/d189e01678f06d8eb84d4e01f08eb848b3fffe3f8443818d3c356c66892f5be8?s=96&d=mm&r=g","caption":"Ag\u00eancia iNFRA"},"url":"https:\/\/agenciainfra.com\/blog\/author\/admin\/"}]}},"_links":{"self":[{"href":"https:\/\/agenciainfra.com\/blog\/wp-json\/wp\/v2\/posts\/28316","targetHints":{"allow":["GET"]}}],"collection":[{"href":"https:\/\/agenciainfra.com\/blog\/wp-json\/wp\/v2\/posts"}],"about":[{"href":"https:\/\/agenciainfra.com\/blog\/wp-json\/wp\/v2\/types\/post"}],"author":[{"embeddable":true,"href":"https:\/\/agenciainfra.com\/blog\/wp-json\/wp\/v2\/users\/1"}],"replies":[{"embeddable":true,"href":"https:\/\/agenciainfra.com\/blog\/wp-json\/wp\/v2\/comments?post=28316"}],"version-history":[{"count":4,"href":"https:\/\/agenciainfra.com\/blog\/wp-json\/wp\/v2\/posts\/28316\/revisions"}],"predecessor-version":[{"id":28467,"href":"https:\/\/agenciainfra.com\/blog\/wp-json\/wp\/v2\/posts\/28316\/revisions\/28467"}],"wp:featuredmedia":[{"embeddable":true,"href":"https:\/\/agenciainfra.com\/blog\/wp-json\/wp\/v2\/media\/8985"}],"wp:attachment":[{"href":"https:\/\/agenciainfra.com\/blog\/wp-json\/wp\/v2\/media?parent=28316"}],"wp:term":[{"taxonomy":"category","embeddable":true,"href":"https:\/\/agenciainfra.com\/blog\/wp-json\/wp\/v2\/categories?post=28316"},{"taxonomy":"post_tag","embeddable":true,"href":"https:\/\/agenciainfra.com\/blog\/wp-json\/wp\/v2\/tags?post=28316"}],"curies":[{"name":"wp","href":"https:\/\/api.w.org\/{rel}","templated":true}]}}