{"id":2833,"date":"2019-01-29T11:00:54","date_gmt":"2019-01-29T14:00:54","guid":{"rendered":"http:\/\/www.agenciainfra.com\/blog\/?p=2833"},"modified":"2019-01-29T09:08:04","modified_gmt":"2019-01-29T12:08:04","slug":"infradebate-as-ferrovias-o-ministro-e-o-para-por-adnan-demachki","status":"publish","type":"post","link":"https:\/\/agenciainfra.com\/blog\/infradebate-as-ferrovias-o-ministro-e-o-para-por-adnan-demachki\/","title":{"rendered":"iNFRADebate: As Ferrovias, o Ministro e o Par\u00e1, por Adnan Demachki"},"content":{"rendered":"<h5 style=\"text-align: right;\"><strong>Adnan Demachki*<\/strong><\/h5>\n<p>Nos \u00faltimos dias, o Ministro de Infraestrutura Tarc\u00edsio Freitas gravou um v\u00eddeo, relatando os planos do novo Governo, na \u00e1rea de ferrovias. E para quem n\u00e3o conhece o Ministro Tarc\u00edsio do Governo Bolsonaro, ele ocupava a fun\u00e7\u00e3o de Secret\u00e1rio de Coordena\u00e7\u00e3o de Projetos do Programa de Parcerias e Investimentos do Governo Temer.<\/p>\n<p>S\u00f3 esse fato, induz-se a pensar que nada mudar\u00e1. E pelo depoimento do agora Ministro, realmente nada mudar\u00e1. S\u00e3o os mesmos projetos do PPI, que o Sr. Ministro insiste em dizer que o conceito do seu programa \u00e9 \u201cplanejar a malha ferrovi\u00e1ria\u201d, quando Bras\u00edlia deveria priorizar o \u201cplanejamento do desenvolvimento regional\u201d.<\/p>\n<p>No que se refere ao nosso Estado do Par\u00e1, a s\u00edntese (dito pelo Ministro) \u00e9 a seguinte:<\/p>\n<p>O Governo Federal (doravante usarei a sigla GF) dever\u00e1 renovar de forma antecipada (3 anos antes do vencimento do contrato e sem nova licita\u00e7\u00e3o) por mais 30 anos as concess\u00f5es das Ferrovias de Caraj\u00e1s e Vit\u00f3ria-Minas (Ferrovias da Vale) pelo valor de 4 bilh\u00f5es de reais, enquanto o mercado claramente diz que as concess\u00f5es das duas Ferrovias valem 20 bilh\u00f5es;<\/p>\n<p>O GF ir\u00e1 determinar que com esses 4 bilh\u00f5es, a VALE construa uma nova ferrovia &#8211;<em> n\u00e3o no Par\u00e1 onde os seus projetos minerais e a sua ferrovia causam enormes impactos socioambientais (A Vale extraiu de 8 minas no Par\u00e1 em 2017, mais de 187 milh\u00f5es de toneladas de min\u00e9rio) &#8211; <\/em>mas construir uma nova ferrovia no Centro Oeste, ferrovia essa chamada FICO interligando \u00c1gua Boa no MT a Campinorte em GO, para transportar a soja do MT at\u00e9 a Ferrovia Norte Sul (que passa em Campinorte);<\/p>\n<p>Algu\u00e9m pode dizer: Mas o Par\u00e1 j\u00e1 foi contemplado, pois a Vale duplicou a Ferrovia de Caraj\u00e1s. \u00c9 verdade, mas ela tem o monop\u00f3lio de transporte de min\u00e9rio dessa ferrovia que passa somente em 2 ou 3 munic\u00edpios do Par\u00e1 e leva o min\u00e9rio da Vale para o Porto de S\u00e3o Lu\u00eds no Maranh\u00e3o.<\/p>\n<p>A ferrovia de Caraj\u00e1s atende \u00e0 Vale e n\u00e3o ao desenvolvimento do Par\u00e1, ela resume-se a uma \u201ccorreia transportadora de min\u00e9rios da Vale\u201d.<\/p>\n<p>O GF atrav\u00e9s do Ministro, tamb\u00e9m n\u00e3o anunciou o planejamento da constru\u00e7\u00e3o da perna da Ferrovia Norte Sul de A\u00e7ail\u00e2ndia at\u00e9 Barcarena, cujo Fundo Ferrovi\u00e1rio que o Governo Temer criou por Medida Provis\u00f3ria (MP) no final do ano passado, com recursos iniciais \u201cassegurados\u201d de R$ 1 bilh\u00e3o, n\u00e3o foi \u00e0 frente, j\u00e1 que a MP n\u00e3o foi aprovada pelo Congresso Nacional;<\/p>\n<p>E por fim, o GF ir\u00e1 licitar a concess\u00e3o da Ferrogr\u00e3o para o setor privado, interligando Sinop-MT a Itaituba-Par\u00e1.<\/p>\n<p>H\u00e1 outras renova\u00e7\u00f5es e concess\u00f5es, mas n\u00e3o no Estado do Par\u00e1. Pelo volume dos projetos, entende-se que pelos pr\u00f3ximos 10 anos, essa ser\u00e1 a agenda ferrovi\u00e1ria do Governo Federal.<\/p>\n<p>Bom, e quais s\u00e3o os impactos dessa agenda no Estado do Par\u00e1?<\/p>\n<p>No Eixo Leste, nem a FEPASA &#8211; Ferrovia Paraense (projeto pronto, carga assegurada e empresas chinesas e russa interessadas) e nem a extens\u00e3o da Ferrovia Norte Sul de A\u00e7ail\u00e2ndia at\u00e9 Barcarena est\u00e3o previstas.<\/p>\n<p>Esta \u00faltima por ser federal, at\u00e9 que contemplaria parte do nosso Estado, inclusive a minha cidade de Paragominas, mas n\u00e3o contemplaria o Sul do Par\u00e1 como a FEPASA contempla;<\/p>\n<p>O GF vai usar recursos que foram gerados em raz\u00e3o dos enormes impactos ambientais e sociais que a Vale causa ao nosso Estado, no Centro Oeste.<\/p>\n<p>Esta decis\u00e3o afronta a todos n\u00f3s paraenses. E o maior beneficiado dessa agenda \u00e9 a pr\u00f3pria Vale. Veja, a Vale vai pagar um valor subestimado pela renova\u00e7\u00e3o da concess\u00e3o de sua Ferrovia no Par\u00e1.<\/p>\n<p>Indaga-se: o GF est\u00e1 concedendo s\u00f3 esse benef\u00edcio pra Vale? Claro que n\u00e3o. Primeiro, ao determinar que a Vale construa a FICO no Centro Oeste e n\u00e3o Ferrovias no Par\u00e1, Minas Gerais e Espirito Santo, onde a Vale opera e causa impactos ambientais, o GF mant\u00e9m o monop\u00f3lio da Vale na explora\u00e7\u00e3o mineral, pois impede que novas mineradoras concorrentes surjam para explorar novas minas nos territ\u00f3rios que a Vale explora.<\/p>\n<p>Ademais, o GF ir\u00e1 gerar novas receitas pra Vale. A Vale atrav\u00e9s de sua coligada na \u00e1rea ferrovi\u00e1ria &#8211; a VLI Log\u00edstica, opera 720 km da FNS &#8211; Ferrovia Norte Sul que vai de Porto Nacional (TO) at\u00e9 A\u00e7ail\u00e2ndia (MA), trecho esse da FNS, que dever\u00e1 passar a soja que vir\u00e1 do MT pela futura Ferrovia FICO.<\/p>\n<p>Portanto, pelo tarif\u00e1rio da ANTT os propriet\u00e1rios dessa soja ir\u00e3o pagar para a VLI a bagatela anual de R$ 1,028 bilh\u00e3o pela passagem da soja nesse trecho da FNS que a Vale det\u00e9m.<\/p>\n<p>Mas a FNS termina em A\u00e7ail\u00e2ndia e em A\u00e7ail\u00e2ndia tem Porto? Claro que n\u00e3o. A soja tem que ser exportada por um Porto. E novamente ser\u00e1 um grande neg\u00f3cio pra Vale, pois ela transportar\u00e1 essa soja de A\u00e7ail\u00e2ndia at\u00e9 S\u00e3o Luiz pela Ferrovia de Caraj\u00e1s, faturando ao ano (tabela da ANTT) mais R$ 647 milh\u00f5es.<\/p>\n<p>Ora, \u00e9 um neg\u00f3cio da China pra Vale. E pro Par\u00e1? Infelizmente, o Par\u00e1 ser\u00e1 novamente relegado.<\/p>\n<p>No Eixo Oeste, a Ferrogr\u00e3o \u00e9 important\u00edssima para o Mato Grosso, mas beneficia pouqu\u00edssimo o nosso Estado.<\/p>\n<p>Precisamos sim contribuir com o Brasil, mas passou da hora do Brasil tamb\u00e9m contribuir com o Par\u00e1.<\/p>\n<p>O GF ignora tanto nosso Estado que sequer o incluiu nas audi\u00eancias p\u00fablicas da Ferrogr\u00e3o. Agendou s\u00f3 audi\u00eancias em Bras\u00edlia e Cuiab\u00e1. Depois de muita insist\u00eancia agendou audi\u00eancias tamb\u00e9m em Bel\u00e9m e em munic\u00edpios da BR-163.<\/p>\n<p>Bom, estudei bastante o EVTEA do projeto da Ferrogr\u00e3o, que dever\u00e1 ser licitado, e menciona que esta ferrovia transportar\u00e1 somente cargas do MT e at\u00e9 ent\u00e3o n\u00e3o contemplava nenhuma plataforma para embarque da produ\u00e7\u00e3o paraense da BR-163.<\/p>\n<p>Pior, a Ferrogr\u00e3o n\u00e3o transportar\u00e1 passageiros. Os paraenses dever\u00e3o continuar transitando por ve\u00edculos pela Rodovia BR-163.<\/p>\n<p>O grande interesse do GF pelo Eixo Oeste (ferrovia e rodovia) \u00e9 somente transportar cargas do MT. Quando a ferrovia estiver pronta, n\u00e3o h\u00e1 nenhuma garantia de que o GF ir\u00e1 manter em condi\u00e7\u00f5es de tr\u00e1fego a BR-163 &#8211; j\u00e1 que ela n\u00e3o ter\u00e1 mais carga &#8211; criando uma d\u00favida aos paraenses que se deslocam pela estrada.<\/p>\n<p>H\u00e1 quem diga: mas a Ferrogr\u00e3o vai gerar empregos nos portos de Itaituba. Ora, grande parte destes empregos j\u00e1 existem, pois a soja j\u00e1 \u00e9 transportada por caminh\u00f5es at\u00e9 os portos do Oeste do Par\u00e1.<\/p>\n<p>Deve-se atentar que a Ferrogr\u00e3o tamb\u00e9m causar\u00e1 algum desemprego para os caminhoneiros, desemprego nos postos de gasolina, restaurantes, borracharias, etc, ao longo da estrada.<\/p>\n<p>Uma outra demonstra\u00e7\u00e3o de desprezo pelo nosso Estado foi que o GF lutou bastante para a regulariza\u00e7\u00e3o fundi\u00e1ria da \u00e1rea que a Ferrogr\u00e3o ir\u00e1 passar, mas n\u00e3o moveu nenhuma palha para regularizar as \u00e1reas dos produtores rurais \u00e0s margens da BR-163.<\/p>\n<p>Inclusive no EVTEA est\u00e3o previstos R$ 300 milh\u00f5es de reais para investimentos na \u00e1rea ambiental por onde a ferrovia passar\u00e1, mas nenhum centavo para regulariza\u00e7\u00e3o fundi\u00e1ria das propriedades rurais paraenses que a ferrovia cortar\u00e1.<\/p>\n<p>A Ferrogr\u00e3o \u00e9 importante sim para o Brasil, mas precisa beneficiar muito mais o nosso Estado, muito al\u00e9m do que consta no seu EVTEA. Precisa ir at\u00e9 Santar\u00e9m (tamb\u00e9m tem portos), precisa transportar os paraenses, precisa ser um vetor de desenvolvimento da regi\u00e3o Oeste do Par\u00e1 mais consistente.<\/p>\n<p>Sob pena de impor ao nosso Estado a condi\u00e7\u00e3o somente de ser <em>corredor de passagem<\/em>!<\/p>\n<p>Reafirmo o que tenho dito nos \u00faltimos anos. S\u00f3 mudaremos essa realidade imposta ao nosso Estado se a classe pol\u00edtica se unir, independente de partidos e deixando de lado vaidades; e se isso n\u00e3o for poss\u00edvel, s\u00f3 restar\u00e1 uma alternativa \u00e0 sociedade paraense, que \u00e9 a de honrar seu passado, se rebelando e fazendo uma nova cabanagem.<\/p>\n<h6><\/h6>\n<h6>*Adnan Demachki \u00e9 Advogado. Ex-prefeito de Paragominas (PA) e ex-secret\u00e1rio de Desenvolvimento Econ\u00f4mico do Estado do Par\u00e1<\/h6>\n<h5>O iNFRADebate \u00e9 o espa\u00e7o de artigos da Ag\u00eancia iNFRA com opini\u00f5es de seus atores que n\u00e3o refletem necessariamente o pensamento da Ag\u00eancia iNFRA, sendo de total responsabilidade do autor as informa\u00e7\u00f5es, ju\u00edzos de valor e conceitos descritos no texto.<\/h5>\n","protected":false},"excerpt":{"rendered":"<p>Adnan Demachki* Nos \u00faltimos dias, o Ministro de Infraestrutura Tarc\u00edsio Freitas gravou um v\u00eddeo, relatando os planos do novo Governo, na \u00e1rea de ferrovias. E para quem n\u00e3o conhece o Ministro Tarc\u00edsio do Governo Bolsonaro, ele ocupava a fun\u00e7\u00e3o de Secret\u00e1rio de Coordena\u00e7\u00e3o de Projetos do Programa de Parcerias e Investimentos do Governo Temer. S\u00f3 [&hellip;]<\/p>\n","protected":false},"author":1,"featured_media":2834,"comment_status":"closed","ping_status":"open","sticky":false,"template":"","format":"standard","meta":{"_monsterinsights_skip_tracking":false,"_monsterinsights_sitenote_active":false,"_monsterinsights_sitenote_note":"","_monsterinsights_sitenote_category":0,"footnotes":""},"categories":[1],"tags":[546,228,79,472,34,688,83],"class_list":["post-2833","post","type-post","status-publish","format-standard","has-post-thumbnail","hentry","category-geral","tag-carajas","tag-efvm","tag-ferrovia","tag-fico","tag-infraestrutura","tag-para","tag-vale"],"yoast_head":"<!-- This site is optimized with the Yoast SEO Premium plugin v25.4 (Yoast SEO v26.0) - https:\/\/yoast.com\/wordpress\/plugins\/seo\/ -->\n<title>iNFRADebate: As Ferrovias, o Ministro e o Par\u00e1, por Adnan Demachki - Ag\u00eancia iNFRA<\/title>\n<meta name=\"robots\" content=\"index, follow, max-snippet:-1, max-image-preview:large, max-video-preview:-1\" \/>\n<link rel=\"canonical\" href=\"https:\/\/agenciainfra.com\/blog\/infradebate-as-ferrovias-o-ministro-e-o-para-por-adnan-demachki\/\" \/>\n<meta property=\"og:locale\" content=\"pt_BR\" \/>\n<meta property=\"og:type\" content=\"article\" \/>\n<meta property=\"og:title\" content=\"iNFRADebate: As Ferrovias, o Ministro e o Par\u00e1, por Adnan Demachki\" \/>\n<meta property=\"og:description\" content=\"Adnan Demachki* Nos \u00faltimos dias, o Ministro de Infraestrutura Tarc\u00edsio Freitas gravou um v\u00eddeo, relatando os planos do novo Governo, na \u00e1rea de ferrovias. E para quem n\u00e3o conhece o Ministro Tarc\u00edsio do Governo Bolsonaro, ele ocupava a fun\u00e7\u00e3o de Secret\u00e1rio de Coordena\u00e7\u00e3o de Projetos do Programa de Parcerias e Investimentos do Governo Temer. S\u00f3 [&hellip;]\" \/>\n<meta property=\"og:url\" content=\"https:\/\/agenciainfra.com\/blog\/infradebate-as-ferrovias-o-ministro-e-o-para-por-adnan-demachki\/\" \/>\n<meta property=\"og:site_name\" content=\"Ag\u00eancia iNFRA\" \/>\n<meta property=\"article:publisher\" content=\"https:\/\/www.facebook.com\/ageninfra\" \/>\n<meta property=\"article:published_time\" content=\"2019-01-29T14:00:54+00:00\" \/>\n<meta property=\"og:image\" content=\"https:\/\/agenciainfra.com\/blog\/wp-content\/uploads\/2019\/01\/adnan_antonio_silva.jpg\" \/>\n\t<meta property=\"og:image:width\" content=\"2048\" \/>\n\t<meta property=\"og:image:height\" content=\"1365\" \/>\n\t<meta property=\"og:image:type\" content=\"image\/jpeg\" \/>\n<meta name=\"author\" content=\"Ag\u00eancia iNFRA\" \/>\n<meta name=\"twitter:card\" content=\"summary_large_image\" \/>\n<meta name=\"twitter:creator\" content=\"@agencia_infra\" \/>\n<meta name=\"twitter:site\" content=\"@agencia_infra\" \/>\n<meta name=\"twitter:label1\" content=\"Escrito por\" \/>\n\t<meta name=\"twitter:data1\" content=\"Ag\u00eancia iNFRA\" \/>\n\t<meta name=\"twitter:label2\" content=\"Est. tempo de leitura\" \/>\n\t<meta name=\"twitter:data2\" content=\"7 minutos\" \/>\n<script type=\"application\/ld+json\" class=\"yoast-schema-graph\">{\"@context\":\"https:\/\/schema.org\",\"@graph\":[{\"@type\":\"Article\",\"@id\":\"https:\/\/agenciainfra.com\/blog\/infradebate-as-ferrovias-o-ministro-e-o-para-por-adnan-demachki\/#article\",\"isPartOf\":{\"@id\":\"https:\/\/agenciainfra.com\/blog\/infradebate-as-ferrovias-o-ministro-e-o-para-por-adnan-demachki\/\"},\"author\":{\"name\":\"Ag\u00eancia iNFRA\",\"@id\":\"https:\/\/agenciainfra.com\/blog\/#\/schema\/person\/34af08dff6adea4cb22b06612ba7acfa\"},\"headline\":\"iNFRADebate: As Ferrovias, o Ministro e o Par\u00e1, por Adnan Demachki\",\"datePublished\":\"2019-01-29T14:00:54+00:00\",\"mainEntityOfPage\":{\"@id\":\"https:\/\/agenciainfra.com\/blog\/infradebate-as-ferrovias-o-ministro-e-o-para-por-adnan-demachki\/\"},\"wordCount\":1443,\"publisher\":{\"@id\":\"https:\/\/agenciainfra.com\/blog\/#organization\"},\"image\":{\"@id\":\"https:\/\/agenciainfra.com\/blog\/infradebate-as-ferrovias-o-ministro-e-o-para-por-adnan-demachki\/#primaryimage\"},\"thumbnailUrl\":\"https:\/\/agenciainfra.com\/blog\/wp-content\/uploads\/2019\/01\/adnan_antonio_silva.jpg\",\"keywords\":[\"Caraj\u00e1s\",\"EFVM\",\"Ferrovia\",\"FICO\",\"Infraestrutura\",\"Par\u00e1\",\"Vale\"],\"articleSection\":[\"Geral\"],\"inLanguage\":\"pt-BR\",\"copyrightYear\":\"2019\",\"copyrightHolder\":{\"@id\":\"https:\/\/agenciainfra.com\/blog\/#organization\"}},{\"@type\":\"WebPage\",\"@id\":\"https:\/\/agenciainfra.com\/blog\/infradebate-as-ferrovias-o-ministro-e-o-para-por-adnan-demachki\/\",\"url\":\"https:\/\/agenciainfra.com\/blog\/infradebate-as-ferrovias-o-ministro-e-o-para-por-adnan-demachki\/\",\"name\":\"iNFRADebate: As Ferrovias, o Ministro e o Par\u00e1, por Adnan Demachki - Ag\u00eancia iNFRA\",\"isPartOf\":{\"@id\":\"https:\/\/agenciainfra.com\/blog\/#website\"},\"primaryImageOfPage\":{\"@id\":\"https:\/\/agenciainfra.com\/blog\/infradebate-as-ferrovias-o-ministro-e-o-para-por-adnan-demachki\/#primaryimage\"},\"image\":{\"@id\":\"https:\/\/agenciainfra.com\/blog\/infradebate-as-ferrovias-o-ministro-e-o-para-por-adnan-demachki\/#primaryimage\"},\"thumbnailUrl\":\"https:\/\/agenciainfra.com\/blog\/wp-content\/uploads\/2019\/01\/adnan_antonio_silva.jpg\",\"datePublished\":\"2019-01-29T14:00:54+00:00\",\"breadcrumb\":{\"@id\":\"https:\/\/agenciainfra.com\/blog\/infradebate-as-ferrovias-o-ministro-e-o-para-por-adnan-demachki\/#breadcrumb\"},\"inLanguage\":\"pt-BR\",\"potentialAction\":[{\"@type\":\"ReadAction\",\"target\":[\"https:\/\/agenciainfra.com\/blog\/infradebate-as-ferrovias-o-ministro-e-o-para-por-adnan-demachki\/\"]}]},{\"@type\":\"ImageObject\",\"inLanguage\":\"pt-BR\",\"@id\":\"https:\/\/agenciainfra.com\/blog\/infradebate-as-ferrovias-o-ministro-e-o-para-por-adnan-demachki\/#primaryimage\",\"url\":\"https:\/\/agenciainfra.com\/blog\/wp-content\/uploads\/2019\/01\/adnan_antonio_silva.jpg\",\"contentUrl\":\"https:\/\/agenciainfra.com\/blog\/wp-content\/uploads\/2019\/01\/adnan_antonio_silva.jpg\",\"width\":2048,\"height\":1365},{\"@type\":\"BreadcrumbList\",\"@id\":\"https:\/\/agenciainfra.com\/blog\/infradebate-as-ferrovias-o-ministro-e-o-para-por-adnan-demachki\/#breadcrumb\",\"itemListElement\":[{\"@type\":\"ListItem\",\"position\":1,\"name\":\"In\u00edcio\",\"item\":\"https:\/\/agenciainfra.com\/blog\/\"},{\"@type\":\"ListItem\",\"position\":2,\"name\":\"iNFRADebate: As Ferrovias, o Ministro e o Par\u00e1, por Adnan Demachki\"}]},{\"@type\":\"WebSite\",\"@id\":\"https:\/\/agenciainfra.com\/blog\/#website\",\"url\":\"https:\/\/agenciainfra.com\/blog\/\",\"name\":\"Ag\u00eancia iNFRA\",\"description\":\"Multiplataforma de informa\u00e7\u00e3o jornal\u00edstica refer\u00eancia na \u00e1rea de infraestrutura no Brasil!\",\"publisher\":{\"@id\":\"https:\/\/agenciainfra.com\/blog\/#organization\"},\"potentialAction\":[{\"@type\":\"SearchAction\",\"target\":{\"@type\":\"EntryPoint\",\"urlTemplate\":\"https:\/\/agenciainfra.com\/blog\/?s={search_term_string}\"},\"query-input\":{\"@type\":\"PropertyValueSpecification\",\"valueRequired\":true,\"valueName\":\"search_term_string\"}}],\"inLanguage\":\"pt-BR\"},{\"@type\":\"Organization\",\"@id\":\"https:\/\/agenciainfra.com\/blog\/#organization\",\"name\":\"Ag\u00eancia iNFRA\",\"url\":\"https:\/\/agenciainfra.com\/blog\/\",\"logo\":{\"@type\":\"ImageObject\",\"inLanguage\":\"pt-BR\",\"@id\":\"https:\/\/agenciainfra.com\/blog\/#\/schema\/logo\/image\/\",\"url\":\"https:\/\/agenciainfra.com\/blog\/wp-content\/uploads\/2023\/09\/iNFRA_5-e1761735885940.png\",\"contentUrl\":\"https:\/\/agenciainfra.com\/blog\/wp-content\/uploads\/2023\/09\/iNFRA_5-e1761735885940.png\",\"width\":1672,\"height\":454,\"caption\":\"Ag\u00eancia iNFRA\"},\"image\":{\"@id\":\"https:\/\/agenciainfra.com\/blog\/#\/schema\/logo\/image\/\"},\"sameAs\":[\"https:\/\/www.facebook.com\/ageninfra\",\"https:\/\/x.com\/agencia_infra\",\"https:\/\/www.linkedin.com\/company\/ag\u00eanciainfra\/\",\"https:\/\/www.instagram.com\/agenciainfra\/\"]},{\"@type\":\"Person\",\"@id\":\"https:\/\/agenciainfra.com\/blog\/#\/schema\/person\/34af08dff6adea4cb22b06612ba7acfa\",\"name\":\"Ag\u00eancia iNFRA\",\"image\":{\"@type\":\"ImageObject\",\"inLanguage\":\"pt-BR\",\"@id\":\"https:\/\/agenciainfra.com\/blog\/#\/schema\/person\/image\/\",\"url\":\"https:\/\/secure.gravatar.com\/avatar\/d189e01678f06d8eb84d4e01f08eb848b3fffe3f8443818d3c356c66892f5be8?s=96&d=mm&r=g\",\"contentUrl\":\"https:\/\/secure.gravatar.com\/avatar\/d189e01678f06d8eb84d4e01f08eb848b3fffe3f8443818d3c356c66892f5be8?s=96&d=mm&r=g\",\"caption\":\"Ag\u00eancia iNFRA\"},\"url\":\"https:\/\/agenciainfra.com\/blog\/author\/admin\/\"}]}<\/script>\n<!-- \/ Yoast SEO Premium plugin. -->","yoast_head_json":{"title":"iNFRADebate: As Ferrovias, o Ministro e o Par\u00e1, por Adnan Demachki - Ag\u00eancia iNFRA","robots":{"index":"index","follow":"follow","max-snippet":"max-snippet:-1","max-image-preview":"max-image-preview:large","max-video-preview":"max-video-preview:-1"},"canonical":"https:\/\/agenciainfra.com\/blog\/infradebate-as-ferrovias-o-ministro-e-o-para-por-adnan-demachki\/","og_locale":"pt_BR","og_type":"article","og_title":"iNFRADebate: As Ferrovias, o Ministro e o Par\u00e1, por Adnan Demachki","og_description":"Adnan Demachki* Nos \u00faltimos dias, o Ministro de Infraestrutura Tarc\u00edsio Freitas gravou um v\u00eddeo, relatando os planos do novo Governo, na \u00e1rea de ferrovias. E para quem n\u00e3o conhece o Ministro Tarc\u00edsio do Governo Bolsonaro, ele ocupava a fun\u00e7\u00e3o de Secret\u00e1rio de Coordena\u00e7\u00e3o de Projetos do Programa de Parcerias e Investimentos do Governo Temer. S\u00f3 [&hellip;]","og_url":"https:\/\/agenciainfra.com\/blog\/infradebate-as-ferrovias-o-ministro-e-o-para-por-adnan-demachki\/","og_site_name":"Ag\u00eancia iNFRA","article_publisher":"https:\/\/www.facebook.com\/ageninfra","article_published_time":"2019-01-29T14:00:54+00:00","og_image":[{"width":2048,"height":1365,"url":"https:\/\/agenciainfra.com\/blog\/wp-content\/uploads\/2019\/01\/adnan_antonio_silva.jpg","type":"image\/jpeg"}],"author":"Ag\u00eancia iNFRA","twitter_card":"summary_large_image","twitter_creator":"@agencia_infra","twitter_site":"@agencia_infra","twitter_misc":{"Escrito por":"Ag\u00eancia iNFRA","Est. tempo de leitura":"7 minutos"},"schema":{"@context":"https:\/\/schema.org","@graph":[{"@type":"Article","@id":"https:\/\/agenciainfra.com\/blog\/infradebate-as-ferrovias-o-ministro-e-o-para-por-adnan-demachki\/#article","isPartOf":{"@id":"https:\/\/agenciainfra.com\/blog\/infradebate-as-ferrovias-o-ministro-e-o-para-por-adnan-demachki\/"},"author":{"name":"Ag\u00eancia iNFRA","@id":"https:\/\/agenciainfra.com\/blog\/#\/schema\/person\/34af08dff6adea4cb22b06612ba7acfa"},"headline":"iNFRADebate: As Ferrovias, o Ministro e o Par\u00e1, por Adnan Demachki","datePublished":"2019-01-29T14:00:54+00:00","mainEntityOfPage":{"@id":"https:\/\/agenciainfra.com\/blog\/infradebate-as-ferrovias-o-ministro-e-o-para-por-adnan-demachki\/"},"wordCount":1443,"publisher":{"@id":"https:\/\/agenciainfra.com\/blog\/#organization"},"image":{"@id":"https:\/\/agenciainfra.com\/blog\/infradebate-as-ferrovias-o-ministro-e-o-para-por-adnan-demachki\/#primaryimage"},"thumbnailUrl":"https:\/\/agenciainfra.com\/blog\/wp-content\/uploads\/2019\/01\/adnan_antonio_silva.jpg","keywords":["Caraj\u00e1s","EFVM","Ferrovia","FICO","Infraestrutura","Par\u00e1","Vale"],"articleSection":["Geral"],"inLanguage":"pt-BR","copyrightYear":"2019","copyrightHolder":{"@id":"https:\/\/agenciainfra.com\/blog\/#organization"}},{"@type":"WebPage","@id":"https:\/\/agenciainfra.com\/blog\/infradebate-as-ferrovias-o-ministro-e-o-para-por-adnan-demachki\/","url":"https:\/\/agenciainfra.com\/blog\/infradebate-as-ferrovias-o-ministro-e-o-para-por-adnan-demachki\/","name":"iNFRADebate: As Ferrovias, o Ministro e o Par\u00e1, por Adnan Demachki - Ag\u00eancia iNFRA","isPartOf":{"@id":"https:\/\/agenciainfra.com\/blog\/#website"},"primaryImageOfPage":{"@id":"https:\/\/agenciainfra.com\/blog\/infradebate-as-ferrovias-o-ministro-e-o-para-por-adnan-demachki\/#primaryimage"},"image":{"@id":"https:\/\/agenciainfra.com\/blog\/infradebate-as-ferrovias-o-ministro-e-o-para-por-adnan-demachki\/#primaryimage"},"thumbnailUrl":"https:\/\/agenciainfra.com\/blog\/wp-content\/uploads\/2019\/01\/adnan_antonio_silva.jpg","datePublished":"2019-01-29T14:00:54+00:00","breadcrumb":{"@id":"https:\/\/agenciainfra.com\/blog\/infradebate-as-ferrovias-o-ministro-e-o-para-por-adnan-demachki\/#breadcrumb"},"inLanguage":"pt-BR","potentialAction":[{"@type":"ReadAction","target":["https:\/\/agenciainfra.com\/blog\/infradebate-as-ferrovias-o-ministro-e-o-para-por-adnan-demachki\/"]}]},{"@type":"ImageObject","inLanguage":"pt-BR","@id":"https:\/\/agenciainfra.com\/blog\/infradebate-as-ferrovias-o-ministro-e-o-para-por-adnan-demachki\/#primaryimage","url":"https:\/\/agenciainfra.com\/blog\/wp-content\/uploads\/2019\/01\/adnan_antonio_silva.jpg","contentUrl":"https:\/\/agenciainfra.com\/blog\/wp-content\/uploads\/2019\/01\/adnan_antonio_silva.jpg","width":2048,"height":1365},{"@type":"BreadcrumbList","@id":"https:\/\/agenciainfra.com\/blog\/infradebate-as-ferrovias-o-ministro-e-o-para-por-adnan-demachki\/#breadcrumb","itemListElement":[{"@type":"ListItem","position":1,"name":"In\u00edcio","item":"https:\/\/agenciainfra.com\/blog\/"},{"@type":"ListItem","position":2,"name":"iNFRADebate: As Ferrovias, o Ministro e o Par\u00e1, por Adnan Demachki"}]},{"@type":"WebSite","@id":"https:\/\/agenciainfra.com\/blog\/#website","url":"https:\/\/agenciainfra.com\/blog\/","name":"Ag\u00eancia iNFRA","description":"Multiplataforma de informa\u00e7\u00e3o jornal\u00edstica refer\u00eancia na \u00e1rea de infraestrutura no Brasil!","publisher":{"@id":"https:\/\/agenciainfra.com\/blog\/#organization"},"potentialAction":[{"@type":"SearchAction","target":{"@type":"EntryPoint","urlTemplate":"https:\/\/agenciainfra.com\/blog\/?s={search_term_string}"},"query-input":{"@type":"PropertyValueSpecification","valueRequired":true,"valueName":"search_term_string"}}],"inLanguage":"pt-BR"},{"@type":"Organization","@id":"https:\/\/agenciainfra.com\/blog\/#organization","name":"Ag\u00eancia iNFRA","url":"https:\/\/agenciainfra.com\/blog\/","logo":{"@type":"ImageObject","inLanguage":"pt-BR","@id":"https:\/\/agenciainfra.com\/blog\/#\/schema\/logo\/image\/","url":"https:\/\/agenciainfra.com\/blog\/wp-content\/uploads\/2023\/09\/iNFRA_5-e1761735885940.png","contentUrl":"https:\/\/agenciainfra.com\/blog\/wp-content\/uploads\/2023\/09\/iNFRA_5-e1761735885940.png","width":1672,"height":454,"caption":"Ag\u00eancia iNFRA"},"image":{"@id":"https:\/\/agenciainfra.com\/blog\/#\/schema\/logo\/image\/"},"sameAs":["https:\/\/www.facebook.com\/ageninfra","https:\/\/x.com\/agencia_infra","https:\/\/www.linkedin.com\/company\/ag\u00eanciainfra\/","https:\/\/www.instagram.com\/agenciainfra\/"]},{"@type":"Person","@id":"https:\/\/agenciainfra.com\/blog\/#\/schema\/person\/34af08dff6adea4cb22b06612ba7acfa","name":"Ag\u00eancia iNFRA","image":{"@type":"ImageObject","inLanguage":"pt-BR","@id":"https:\/\/agenciainfra.com\/blog\/#\/schema\/person\/image\/","url":"https:\/\/secure.gravatar.com\/avatar\/d189e01678f06d8eb84d4e01f08eb848b3fffe3f8443818d3c356c66892f5be8?s=96&d=mm&r=g","contentUrl":"https:\/\/secure.gravatar.com\/avatar\/d189e01678f06d8eb84d4e01f08eb848b3fffe3f8443818d3c356c66892f5be8?s=96&d=mm&r=g","caption":"Ag\u00eancia iNFRA"},"url":"https:\/\/agenciainfra.com\/blog\/author\/admin\/"}]}},"_links":{"self":[{"href":"https:\/\/agenciainfra.com\/blog\/wp-json\/wp\/v2\/posts\/2833","targetHints":{"allow":["GET"]}}],"collection":[{"href":"https:\/\/agenciainfra.com\/blog\/wp-json\/wp\/v2\/posts"}],"about":[{"href":"https:\/\/agenciainfra.com\/blog\/wp-json\/wp\/v2\/types\/post"}],"author":[{"embeddable":true,"href":"https:\/\/agenciainfra.com\/blog\/wp-json\/wp\/v2\/users\/1"}],"replies":[{"embeddable":true,"href":"https:\/\/agenciainfra.com\/blog\/wp-json\/wp\/v2\/comments?post=2833"}],"version-history":[{"count":0,"href":"https:\/\/agenciainfra.com\/blog\/wp-json\/wp\/v2\/posts\/2833\/revisions"}],"wp:featuredmedia":[{"embeddable":true,"href":"https:\/\/agenciainfra.com\/blog\/wp-json\/wp\/v2\/media\/2834"}],"wp:attachment":[{"href":"https:\/\/agenciainfra.com\/blog\/wp-json\/wp\/v2\/media?parent=2833"}],"wp:term":[{"taxonomy":"category","embeddable":true,"href":"https:\/\/agenciainfra.com\/blog\/wp-json\/wp\/v2\/categories?post=2833"},{"taxonomy":"post_tag","embeddable":true,"href":"https:\/\/agenciainfra.com\/blog\/wp-json\/wp\/v2\/tags?post=2833"}],"curies":[{"name":"wp","href":"https:\/\/api.w.org\/{rel}","templated":true}]}}