{"id":28333,"date":"2025-09-23T10:08:24","date_gmt":"2025-09-23T13:08:24","guid":{"rendered":"https:\/\/agenciainfra.com\/blog\/?p=28333"},"modified":"2025-09-23T19:33:06","modified_gmt":"2025-09-23T22:33:06","slug":"reunioes-presenciais-da-diretoria-da-aneel-passarao-a-ser-quinzenais","status":"publish","type":"post","link":"https:\/\/agenciainfra.com\/blog\/reunioes-presenciais-da-diretoria-da-aneel-passarao-a-ser-quinzenais\/","title":{"rendered":"Reuni\u00f5es presenciais da diretoria da ANEEL passar\u00e3o a ser quinzenais"},"content":{"rendered":"\n<p class=\"has-text-align-right\"><strong>Geraldo Campos Jr., da Ag\u00eancia iNFRA<\/strong><\/p>\n\n\n\n<p>A diretoria da ANEEL (Ag\u00eancia Nacional de Energia El\u00e9trica) deixar\u00e1 de ter reuni\u00f5es deliberativas semanais a partir da pr\u00f3xima semana. Com a implanta\u00e7\u00e3o do chamado Circuito Deliberativo, que consiste em vota\u00e7\u00f5es on-line, as chamadas RPOs (Reuni\u00f5es P\u00fablicas Ordin\u00e1rias) passar\u00e3o a ser quinzenais, intercalando semana a semana com a delibera\u00e7\u00e3o virtual.<\/p>\n\n\n\n<p>A primeira vota\u00e7\u00e3o via Circuito Deliberativo ser\u00e1 na pr\u00f3xima ter\u00e7a-feira (30), com pauta disponibilizada na quinta-feira (25). Os diretores ter\u00e3o das 8h \u00e0s 18h para enviarem os votos no sistema. Haver\u00e1 possibilidade de um diretor destacar algum processo para delibera\u00e7\u00e3o presencial em reuni\u00e3o na semana seguinte. As atas de cada reuni\u00e3o virtual ser\u00e3o divulgadas em at\u00e9 cinco dias ap\u00f3s o fechamento da vota\u00e7\u00e3o.<\/p>\n\n\n\n<p>O modelo est\u00e1 previsto na Norma de Organiza\u00e7\u00e3o 1, novo regimento interno da ANEEL <a href=\"https:\/\/agenciainfra.com\/blog\/aneel-diminui-prazo-para-processos-ficarem-sob-pedido-de-vista\/\">publicado<\/a> na segunda-feira (22). J\u00e1 nesta ter\u00e7a-feira (23), foi publicada <a href=\"https:\/\/www.in.gov.br\/en\/web\/dou\/-\/portaria-n-6.999-de-22-de-setembro-de-2025-657766740\">portaria<\/a> com o novo calend\u00e1rio de reuni\u00f5es da diretoria at\u00e9 o fim do ano. Foram fixados cinco Circuitos Deliberativos at\u00e9 o fim do ano: 30 de setembro, 14 e 28 de outubro e 14 e 25 de novembro.<\/p>\n\n\n\n<p>At\u00e9 o momento, a ANEEL era a \u00fanica ag\u00eancia federal com reuni\u00e3o presencial semanal, sendo que mais de 70% das reguladoras tamb\u00e9m usam vota\u00e7\u00f5es virtuais, conforme <a href=\"https:\/\/www.gov.br\/aneel\/pt-br\/assuntos\/noticias\/2025\/publicada-norma-que-preve-aprovacao-das-decisoes-da-diretoria-da-aneel-em-circuito-deliberativo\">comunicado<\/a> da ag\u00eancia.<\/p>\n\n\n\n<p>O diretor-geral da ANEEL, Sandoval Feitosa, defendeu durante a reuni\u00e3o desta ter\u00e7a-feira que n\u00e3o haver\u00e1 \u201cperda de transpar\u00eancia\u201d. \u201cO que h\u00e1 na verdade \u00e9 celeridade maior nas delibera\u00e7\u00f5es. Tenho certeza que essa forma de atuar nos permitir\u00e1 nos envolver com maior profundidade nos temas mais relevantes\u201d, disse.<\/p>\n\n\n\n<p>Tanto a revis\u00e3o do regimento como as regras para o Circuito Deliberativo foram aprovadas pela diretoria em reuni\u00e3o administrativa realizada em agosto.<\/p>\n\n\n\n<p><strong>Avan\u00e7os na gest\u00e3o<\/strong><\/p>\n\n\n\n<p>Sandoval Feitosa destacou ainda que a implanta\u00e7\u00e3o do Circuito Deliberativo ser\u00e1 mais um ganho de efici\u00eancia para a ANEEL, citando outros resultados da gest\u00e3o, como a ado\u00e7\u00e3o do sistema SEI, que resultou numa economia de R$ 400 mil com a extin\u00e7\u00e3o do antigo sistema pr\u00f3prio da ag\u00eancia.<\/p>\n\n\n\n<p>Ele tamb\u00e9m mencionou a reestrutura\u00e7\u00e3o interna das unidades organizacionais, &#8220;que conferiu efici\u00eancia de mais de 60% no estoque dos processos acumulados na diretoria n\u00f3s \u00faltimos tr\u00eas anos, acelerando as delibera\u00e7\u00f5es&#8221;, disse o diretor-geral.<br><\/p>\n\n\n\n<p><\/p>\n","protected":false},"excerpt":{"rendered":"<p>Geraldo Campos Jr., da Ag\u00eancia iNFRA A diretoria da ANEEL (Ag\u00eancia Nacional de Energia El\u00e9trica) deixar\u00e1 de ter reuni\u00f5es deliberativas semanais a partir da pr\u00f3xima semana. Com a implanta\u00e7\u00e3o do chamado Circuito Deliberativo, que consiste em vota\u00e7\u00f5es on-line, as chamadas RPOs (Reuni\u00f5es P\u00fablicas Ordin\u00e1rias) passar\u00e3o a ser quinzenais, intercalando semana a semana com a delibera\u00e7\u00e3o [&hellip;]<\/p>\n","protected":false},"author":1,"featured_media":28345,"comment_status":"closed","ping_status":"closed","sticky":false,"template":"","format":"standard","meta":{"_monsterinsights_skip_tracking":false,"_monsterinsights_sitenote_active":false,"_monsterinsights_sitenote_note":"","_monsterinsights_sitenote_category":0,"footnotes":""},"categories":[1,10],"tags":[72,53,14115,11594,12770,15539],"class_list":["post-28333","post","type-post","status-publish","format-standard","has-post-thumbnail","hentry","category-geral","category-infraenergia","tag-agencia-reguladora","tag-aneel","tag-diretoria-aneel","tag-geraldo-campos-jr","tag-reuniao-aneel","tag-reunioes-presenciais"],"yoast_head":"<!-- This site is optimized with the Yoast SEO Premium plugin v25.4 (Yoast SEO v26.0) - https:\/\/yoast.com\/wordpress\/plugins\/seo\/ -->\n<title>Reuni\u00f5es presenciais da diretoria da ANEEL passar\u00e3o a ser quinzenais - Ag\u00eancia iNFRA<\/title>\n<meta name=\"robots\" content=\"index, follow, max-snippet:-1, max-image-preview:large, max-video-preview:-1\" \/>\n<link rel=\"canonical\" href=\"https:\/\/agenciainfra.com\/blog\/reunioes-presenciais-da-diretoria-da-aneel-passarao-a-ser-quinzenais\/\" \/>\n<meta property=\"og:locale\" content=\"pt_BR\" \/>\n<meta property=\"og:type\" content=\"article\" \/>\n<meta property=\"og:title\" content=\"Reuni\u00f5es presenciais da diretoria da ANEEL passar\u00e3o a ser quinzenais\" \/>\n<meta property=\"og:description\" content=\"Geraldo Campos Jr., da Ag\u00eancia iNFRA A diretoria da ANEEL (Ag\u00eancia Nacional de Energia El\u00e9trica) deixar\u00e1 de ter reuni\u00f5es deliberativas semanais a partir da pr\u00f3xima semana. Com a implanta\u00e7\u00e3o do chamado Circuito Deliberativo, que consiste em vota\u00e7\u00f5es on-line, as chamadas RPOs (Reuni\u00f5es P\u00fablicas Ordin\u00e1rias) passar\u00e3o a ser quinzenais, intercalando semana a semana com a delibera\u00e7\u00e3o [&hellip;]\" \/>\n<meta property=\"og:url\" content=\"https:\/\/agenciainfra.com\/blog\/reunioes-presenciais-da-diretoria-da-aneel-passarao-a-ser-quinzenais\/\" \/>\n<meta property=\"og:site_name\" content=\"Ag\u00eancia iNFRA\" \/>\n<meta property=\"article:publisher\" content=\"https:\/\/www.facebook.com\/ageninfra\" \/>\n<meta property=\"article:published_time\" content=\"2025-09-23T13:08:24+00:00\" \/>\n<meta property=\"article:modified_time\" content=\"2025-09-23T22:33:06+00:00\" \/>\n<meta property=\"og:image\" content=\"https:\/\/agenciainfra.com\/blog\/wp-content\/uploads\/2025\/09\/reuniao-aneel-foto-victoria-santos-aneel.jpg\" \/>\n\t<meta property=\"og:image:width\" content=\"1280\" \/>\n\t<meta property=\"og:image:height\" content=\"853\" \/>\n\t<meta property=\"og:image:type\" content=\"image\/jpeg\" \/>\n<meta name=\"author\" content=\"Ag\u00eancia iNFRA\" \/>\n<meta name=\"twitter:card\" content=\"summary_large_image\" \/>\n<meta name=\"twitter:creator\" content=\"@agencia_infra\" \/>\n<meta name=\"twitter:site\" content=\"@agencia_infra\" \/>\n<meta name=\"twitter:label1\" content=\"Escrito por\" \/>\n\t<meta name=\"twitter:data1\" content=\"Ag\u00eancia iNFRA\" \/>\n\t<meta name=\"twitter:label2\" content=\"Est. tempo de leitura\" \/>\n\t<meta name=\"twitter:data2\" content=\"2 minutos\" \/>\n<script type=\"application\/ld+json\" class=\"yoast-schema-graph\">{\"@context\":\"https:\/\/schema.org\",\"@graph\":[{\"@type\":\"Article\",\"@id\":\"https:\/\/agenciainfra.com\/blog\/reunioes-presenciais-da-diretoria-da-aneel-passarao-a-ser-quinzenais\/#article\",\"isPartOf\":{\"@id\":\"https:\/\/agenciainfra.com\/blog\/reunioes-presenciais-da-diretoria-da-aneel-passarao-a-ser-quinzenais\/\"},\"author\":{\"name\":\"Ag\u00eancia iNFRA\",\"@id\":\"https:\/\/agenciainfra.com\/blog\/#\/schema\/person\/34af08dff6adea4cb22b06612ba7acfa\"},\"headline\":\"Reuni\u00f5es presenciais da diretoria da ANEEL passar\u00e3o a ser quinzenais\",\"datePublished\":\"2025-09-23T13:08:24+00:00\",\"dateModified\":\"2025-09-23T22:33:06+00:00\",\"mainEntityOfPage\":{\"@id\":\"https:\/\/agenciainfra.com\/blog\/reunioes-presenciais-da-diretoria-da-aneel-passarao-a-ser-quinzenais\/\"},\"wordCount\":413,\"publisher\":{\"@id\":\"https:\/\/agenciainfra.com\/blog\/#organization\"},\"image\":{\"@id\":\"https:\/\/agenciainfra.com\/blog\/reunioes-presenciais-da-diretoria-da-aneel-passarao-a-ser-quinzenais\/#primaryimage\"},\"thumbnailUrl\":\"https:\/\/agenciainfra.com\/blog\/wp-content\/uploads\/2025\/09\/reuniao-aneel-foto-victoria-santos-aneel.jpg\",\"keywords\":[\"ag\u00eancia reguladora\",\"ANEEL\",\"diretoria aneel\",\"Geraldo Campos Jr.\",\"reuni\u00e3o aneel\",\"reuni\u00f5es presenciais\"],\"articleSection\":[\"Geral\",\"iNFRAEnergia\"],\"inLanguage\":\"pt-BR\",\"copyrightYear\":\"2025\",\"copyrightHolder\":{\"@id\":\"https:\/\/agenciainfra.com\/blog\/#organization\"}},{\"@type\":\"WebPage\",\"@id\":\"https:\/\/agenciainfra.com\/blog\/reunioes-presenciais-da-diretoria-da-aneel-passarao-a-ser-quinzenais\/\",\"url\":\"https:\/\/agenciainfra.com\/blog\/reunioes-presenciais-da-diretoria-da-aneel-passarao-a-ser-quinzenais\/\",\"name\":\"Reuni\u00f5es presenciais da diretoria da ANEEL passar\u00e3o a ser quinzenais - Ag\u00eancia iNFRA\",\"isPartOf\":{\"@id\":\"https:\/\/agenciainfra.com\/blog\/#website\"},\"primaryImageOfPage\":{\"@id\":\"https:\/\/agenciainfra.com\/blog\/reunioes-presenciais-da-diretoria-da-aneel-passarao-a-ser-quinzenais\/#primaryimage\"},\"image\":{\"@id\":\"https:\/\/agenciainfra.com\/blog\/reunioes-presenciais-da-diretoria-da-aneel-passarao-a-ser-quinzenais\/#primaryimage\"},\"thumbnailUrl\":\"https:\/\/agenciainfra.com\/blog\/wp-content\/uploads\/2025\/09\/reuniao-aneel-foto-victoria-santos-aneel.jpg\",\"datePublished\":\"2025-09-23T13:08:24+00:00\",\"dateModified\":\"2025-09-23T22:33:06+00:00\",\"breadcrumb\":{\"@id\":\"https:\/\/agenciainfra.com\/blog\/reunioes-presenciais-da-diretoria-da-aneel-passarao-a-ser-quinzenais\/#breadcrumb\"},\"inLanguage\":\"pt-BR\",\"potentialAction\":[{\"@type\":\"ReadAction\",\"target\":[\"https:\/\/agenciainfra.com\/blog\/reunioes-presenciais-da-diretoria-da-aneel-passarao-a-ser-quinzenais\/\"]}]},{\"@type\":\"ImageObject\",\"inLanguage\":\"pt-BR\",\"@id\":\"https:\/\/agenciainfra.com\/blog\/reunioes-presenciais-da-diretoria-da-aneel-passarao-a-ser-quinzenais\/#primaryimage\",\"url\":\"https:\/\/agenciainfra.com\/blog\/wp-content\/uploads\/2025\/09\/reuniao-aneel-foto-victoria-santos-aneel.jpg\",\"contentUrl\":\"https:\/\/agenciainfra.com\/blog\/wp-content\/uploads\/2025\/09\/reuniao-aneel-foto-victoria-santos-aneel.jpg\",\"width\":1280,\"height\":853,\"caption\":\"Foto: Vict\u00f3ria Santos\/ANEEL\"},{\"@type\":\"BreadcrumbList\",\"@id\":\"https:\/\/agenciainfra.com\/blog\/reunioes-presenciais-da-diretoria-da-aneel-passarao-a-ser-quinzenais\/#breadcrumb\",\"itemListElement\":[{\"@type\":\"ListItem\",\"position\":1,\"name\":\"In\u00edcio\",\"item\":\"https:\/\/agenciainfra.com\/blog\/\"},{\"@type\":\"ListItem\",\"position\":2,\"name\":\"Reuni\u00f5es presenciais da diretoria da ANEEL passar\u00e3o a ser quinzenais\"}]},{\"@type\":\"WebSite\",\"@id\":\"https:\/\/agenciainfra.com\/blog\/#website\",\"url\":\"https:\/\/agenciainfra.com\/blog\/\",\"name\":\"Ag\u00eancia iNFRA\",\"description\":\"Multiplataforma de informa\u00e7\u00e3o jornal\u00edstica refer\u00eancia na \u00e1rea de infraestrutura no Brasil!\",\"publisher\":{\"@id\":\"https:\/\/agenciainfra.com\/blog\/#organization\"},\"potentialAction\":[{\"@type\":\"SearchAction\",\"target\":{\"@type\":\"EntryPoint\",\"urlTemplate\":\"https:\/\/agenciainfra.com\/blog\/?s={search_term_string}\"},\"query-input\":{\"@type\":\"PropertyValueSpecification\",\"valueRequired\":true,\"valueName\":\"search_term_string\"}}],\"inLanguage\":\"pt-BR\"},{\"@type\":\"Organization\",\"@id\":\"https:\/\/agenciainfra.com\/blog\/#organization\",\"name\":\"Ag\u00eancia iNFRA\",\"url\":\"https:\/\/agenciainfra.com\/blog\/\",\"logo\":{\"@type\":\"ImageObject\",\"inLanguage\":\"pt-BR\",\"@id\":\"https:\/\/agenciainfra.com\/blog\/#\/schema\/logo\/image\/\",\"url\":\"https:\/\/agenciainfra.com\/blog\/wp-content\/uploads\/2023\/09\/iNFRA_5-e1761735885940.png\",\"contentUrl\":\"https:\/\/agenciainfra.com\/blog\/wp-content\/uploads\/2023\/09\/iNFRA_5-e1761735885940.png\",\"width\":1672,\"height\":454,\"caption\":\"Ag\u00eancia iNFRA\"},\"image\":{\"@id\":\"https:\/\/agenciainfra.com\/blog\/#\/schema\/logo\/image\/\"},\"sameAs\":[\"https:\/\/www.facebook.com\/ageninfra\",\"https:\/\/x.com\/agencia_infra\",\"https:\/\/www.linkedin.com\/company\/ag\u00eanciainfra\/\",\"https:\/\/www.instagram.com\/agenciainfra\/\"]},{\"@type\":\"Person\",\"@id\":\"https:\/\/agenciainfra.com\/blog\/#\/schema\/person\/34af08dff6adea4cb22b06612ba7acfa\",\"name\":\"Ag\u00eancia iNFRA\",\"image\":{\"@type\":\"ImageObject\",\"inLanguage\":\"pt-BR\",\"@id\":\"https:\/\/agenciainfra.com\/blog\/#\/schema\/person\/image\/\",\"url\":\"https:\/\/secure.gravatar.com\/avatar\/d189e01678f06d8eb84d4e01f08eb848b3fffe3f8443818d3c356c66892f5be8?s=96&d=mm&r=g\",\"contentUrl\":\"https:\/\/secure.gravatar.com\/avatar\/d189e01678f06d8eb84d4e01f08eb848b3fffe3f8443818d3c356c66892f5be8?s=96&d=mm&r=g\",\"caption\":\"Ag\u00eancia iNFRA\"},\"url\":\"https:\/\/agenciainfra.com\/blog\/author\/admin\/\"}]}<\/script>\n<!-- \/ Yoast SEO Premium plugin. -->","yoast_head_json":{"title":"Reuni\u00f5es presenciais da diretoria da ANEEL passar\u00e3o a ser quinzenais - Ag\u00eancia iNFRA","robots":{"index":"index","follow":"follow","max-snippet":"max-snippet:-1","max-image-preview":"max-image-preview:large","max-video-preview":"max-video-preview:-1"},"canonical":"https:\/\/agenciainfra.com\/blog\/reunioes-presenciais-da-diretoria-da-aneel-passarao-a-ser-quinzenais\/","og_locale":"pt_BR","og_type":"article","og_title":"Reuni\u00f5es presenciais da diretoria da ANEEL passar\u00e3o a ser quinzenais","og_description":"Geraldo Campos Jr., da Ag\u00eancia iNFRA A diretoria da ANEEL (Ag\u00eancia Nacional de Energia El\u00e9trica) deixar\u00e1 de ter reuni\u00f5es deliberativas semanais a partir da pr\u00f3xima semana. Com a implanta\u00e7\u00e3o do chamado Circuito Deliberativo, que consiste em vota\u00e7\u00f5es on-line, as chamadas RPOs (Reuni\u00f5es P\u00fablicas Ordin\u00e1rias) passar\u00e3o a ser quinzenais, intercalando semana a semana com a delibera\u00e7\u00e3o [&hellip;]","og_url":"https:\/\/agenciainfra.com\/blog\/reunioes-presenciais-da-diretoria-da-aneel-passarao-a-ser-quinzenais\/","og_site_name":"Ag\u00eancia iNFRA","article_publisher":"https:\/\/www.facebook.com\/ageninfra","article_published_time":"2025-09-23T13:08:24+00:00","article_modified_time":"2025-09-23T22:33:06+00:00","og_image":[{"width":1280,"height":853,"url":"https:\/\/agenciainfra.com\/blog\/wp-content\/uploads\/2025\/09\/reuniao-aneel-foto-victoria-santos-aneel.jpg","type":"image\/jpeg"}],"author":"Ag\u00eancia iNFRA","twitter_card":"summary_large_image","twitter_creator":"@agencia_infra","twitter_site":"@agencia_infra","twitter_misc":{"Escrito por":"Ag\u00eancia iNFRA","Est. tempo de leitura":"2 minutos"},"schema":{"@context":"https:\/\/schema.org","@graph":[{"@type":"Article","@id":"https:\/\/agenciainfra.com\/blog\/reunioes-presenciais-da-diretoria-da-aneel-passarao-a-ser-quinzenais\/#article","isPartOf":{"@id":"https:\/\/agenciainfra.com\/blog\/reunioes-presenciais-da-diretoria-da-aneel-passarao-a-ser-quinzenais\/"},"author":{"name":"Ag\u00eancia iNFRA","@id":"https:\/\/agenciainfra.com\/blog\/#\/schema\/person\/34af08dff6adea4cb22b06612ba7acfa"},"headline":"Reuni\u00f5es presenciais da diretoria da ANEEL passar\u00e3o a ser quinzenais","datePublished":"2025-09-23T13:08:24+00:00","dateModified":"2025-09-23T22:33:06+00:00","mainEntityOfPage":{"@id":"https:\/\/agenciainfra.com\/blog\/reunioes-presenciais-da-diretoria-da-aneel-passarao-a-ser-quinzenais\/"},"wordCount":413,"publisher":{"@id":"https:\/\/agenciainfra.com\/blog\/#organization"},"image":{"@id":"https:\/\/agenciainfra.com\/blog\/reunioes-presenciais-da-diretoria-da-aneel-passarao-a-ser-quinzenais\/#primaryimage"},"thumbnailUrl":"https:\/\/agenciainfra.com\/blog\/wp-content\/uploads\/2025\/09\/reuniao-aneel-foto-victoria-santos-aneel.jpg","keywords":["ag\u00eancia reguladora","ANEEL","diretoria aneel","Geraldo Campos Jr.","reuni\u00e3o aneel","reuni\u00f5es presenciais"],"articleSection":["Geral","iNFRAEnergia"],"inLanguage":"pt-BR","copyrightYear":"2025","copyrightHolder":{"@id":"https:\/\/agenciainfra.com\/blog\/#organization"}},{"@type":"WebPage","@id":"https:\/\/agenciainfra.com\/blog\/reunioes-presenciais-da-diretoria-da-aneel-passarao-a-ser-quinzenais\/","url":"https:\/\/agenciainfra.com\/blog\/reunioes-presenciais-da-diretoria-da-aneel-passarao-a-ser-quinzenais\/","name":"Reuni\u00f5es presenciais da diretoria da ANEEL passar\u00e3o a ser quinzenais - Ag\u00eancia iNFRA","isPartOf":{"@id":"https:\/\/agenciainfra.com\/blog\/#website"},"primaryImageOfPage":{"@id":"https:\/\/agenciainfra.com\/blog\/reunioes-presenciais-da-diretoria-da-aneel-passarao-a-ser-quinzenais\/#primaryimage"},"image":{"@id":"https:\/\/agenciainfra.com\/blog\/reunioes-presenciais-da-diretoria-da-aneel-passarao-a-ser-quinzenais\/#primaryimage"},"thumbnailUrl":"https:\/\/agenciainfra.com\/blog\/wp-content\/uploads\/2025\/09\/reuniao-aneel-foto-victoria-santos-aneel.jpg","datePublished":"2025-09-23T13:08:24+00:00","dateModified":"2025-09-23T22:33:06+00:00","breadcrumb":{"@id":"https:\/\/agenciainfra.com\/blog\/reunioes-presenciais-da-diretoria-da-aneel-passarao-a-ser-quinzenais\/#breadcrumb"},"inLanguage":"pt-BR","potentialAction":[{"@type":"ReadAction","target":["https:\/\/agenciainfra.com\/blog\/reunioes-presenciais-da-diretoria-da-aneel-passarao-a-ser-quinzenais\/"]}]},{"@type":"ImageObject","inLanguage":"pt-BR","@id":"https:\/\/agenciainfra.com\/blog\/reunioes-presenciais-da-diretoria-da-aneel-passarao-a-ser-quinzenais\/#primaryimage","url":"https:\/\/agenciainfra.com\/blog\/wp-content\/uploads\/2025\/09\/reuniao-aneel-foto-victoria-santos-aneel.jpg","contentUrl":"https:\/\/agenciainfra.com\/blog\/wp-content\/uploads\/2025\/09\/reuniao-aneel-foto-victoria-santos-aneel.jpg","width":1280,"height":853,"caption":"Foto: Vict\u00f3ria Santos\/ANEEL"},{"@type":"BreadcrumbList","@id":"https:\/\/agenciainfra.com\/blog\/reunioes-presenciais-da-diretoria-da-aneel-passarao-a-ser-quinzenais\/#breadcrumb","itemListElement":[{"@type":"ListItem","position":1,"name":"In\u00edcio","item":"https:\/\/agenciainfra.com\/blog\/"},{"@type":"ListItem","position":2,"name":"Reuni\u00f5es presenciais da diretoria da ANEEL passar\u00e3o a ser quinzenais"}]},{"@type":"WebSite","@id":"https:\/\/agenciainfra.com\/blog\/#website","url":"https:\/\/agenciainfra.com\/blog\/","name":"Ag\u00eancia iNFRA","description":"Multiplataforma de informa\u00e7\u00e3o jornal\u00edstica refer\u00eancia na \u00e1rea de infraestrutura no Brasil!","publisher":{"@id":"https:\/\/agenciainfra.com\/blog\/#organization"},"potentialAction":[{"@type":"SearchAction","target":{"@type":"EntryPoint","urlTemplate":"https:\/\/agenciainfra.com\/blog\/?s={search_term_string}"},"query-input":{"@type":"PropertyValueSpecification","valueRequired":true,"valueName":"search_term_string"}}],"inLanguage":"pt-BR"},{"@type":"Organization","@id":"https:\/\/agenciainfra.com\/blog\/#organization","name":"Ag\u00eancia iNFRA","url":"https:\/\/agenciainfra.com\/blog\/","logo":{"@type":"ImageObject","inLanguage":"pt-BR","@id":"https:\/\/agenciainfra.com\/blog\/#\/schema\/logo\/image\/","url":"https:\/\/agenciainfra.com\/blog\/wp-content\/uploads\/2023\/09\/iNFRA_5-e1761735885940.png","contentUrl":"https:\/\/agenciainfra.com\/blog\/wp-content\/uploads\/2023\/09\/iNFRA_5-e1761735885940.png","width":1672,"height":454,"caption":"Ag\u00eancia iNFRA"},"image":{"@id":"https:\/\/agenciainfra.com\/blog\/#\/schema\/logo\/image\/"},"sameAs":["https:\/\/www.facebook.com\/ageninfra","https:\/\/x.com\/agencia_infra","https:\/\/www.linkedin.com\/company\/ag\u00eanciainfra\/","https:\/\/www.instagram.com\/agenciainfra\/"]},{"@type":"Person","@id":"https:\/\/agenciainfra.com\/blog\/#\/schema\/person\/34af08dff6adea4cb22b06612ba7acfa","name":"Ag\u00eancia iNFRA","image":{"@type":"ImageObject","inLanguage":"pt-BR","@id":"https:\/\/agenciainfra.com\/blog\/#\/schema\/person\/image\/","url":"https:\/\/secure.gravatar.com\/avatar\/d189e01678f06d8eb84d4e01f08eb848b3fffe3f8443818d3c356c66892f5be8?s=96&d=mm&r=g","contentUrl":"https:\/\/secure.gravatar.com\/avatar\/d189e01678f06d8eb84d4e01f08eb848b3fffe3f8443818d3c356c66892f5be8?s=96&d=mm&r=g","caption":"Ag\u00eancia iNFRA"},"url":"https:\/\/agenciainfra.com\/blog\/author\/admin\/"}]}},"_links":{"self":[{"href":"https:\/\/agenciainfra.com\/blog\/wp-json\/wp\/v2\/posts\/28333","targetHints":{"allow":["GET"]}}],"collection":[{"href":"https:\/\/agenciainfra.com\/blog\/wp-json\/wp\/v2\/posts"}],"about":[{"href":"https:\/\/agenciainfra.com\/blog\/wp-json\/wp\/v2\/types\/post"}],"author":[{"embeddable":true,"href":"https:\/\/agenciainfra.com\/blog\/wp-json\/wp\/v2\/users\/1"}],"replies":[{"embeddable":true,"href":"https:\/\/agenciainfra.com\/blog\/wp-json\/wp\/v2\/comments?post=28333"}],"version-history":[{"count":8,"href":"https:\/\/agenciainfra.com\/blog\/wp-json\/wp\/v2\/posts\/28333\/revisions"}],"predecessor-version":[{"id":28426,"href":"https:\/\/agenciainfra.com\/blog\/wp-json\/wp\/v2\/posts\/28333\/revisions\/28426"}],"wp:featuredmedia":[{"embeddable":true,"href":"https:\/\/agenciainfra.com\/blog\/wp-json\/wp\/v2\/media\/28345"}],"wp:attachment":[{"href":"https:\/\/agenciainfra.com\/blog\/wp-json\/wp\/v2\/media?parent=28333"}],"wp:term":[{"taxonomy":"category","embeddable":true,"href":"https:\/\/agenciainfra.com\/blog\/wp-json\/wp\/v2\/categories?post=28333"},{"taxonomy":"post_tag","embeddable":true,"href":"https:\/\/agenciainfra.com\/blog\/wp-json\/wp\/v2\/tags?post=28333"}],"curies":[{"name":"wp","href":"https:\/\/api.w.org\/{rel}","templated":true}]}}