{"id":28336,"date":"2025-09-23T10:34:25","date_gmt":"2025-09-23T13:34:25","guid":{"rendered":"https:\/\/agenciainfra.com\/blog\/?p=28336"},"modified":"2025-09-23T12:29:17","modified_gmt":"2025-09-23T15:29:17","slug":"motiva-inaugura-primeiro-terminal-de-cargas-100-refrigerado-do-pais","status":"publish","type":"post","link":"https:\/\/agenciainfra.com\/blog\/motiva-inaugura-primeiro-terminal-de-cargas-100-refrigerado-do-pais\/","title":{"rendered":"Motiva inaugura primeiro terminal de cargas 100% refrigerado do pa\u00eds"},"content":{"rendered":"\n<p class=\"has-text-align-right\"><strong>da Ag\u00eancia iNFRA<\/strong><\/p>\n\n\n\n<p>A Motiva inaugurou nesta ter\u00e7a-feira (23) as opera\u00e7\u00f5es do primeiro terminal de cargas 100% refrigerado do Brasil, localizado no Aeroporto de Goi\u00e2nia (GO). Segundo a empresa, que administra o terminal a\u00e9reo, o novo espa\u00e7o ser\u00e1 destinado exclusivamente ao armazenamento de produtos farmac\u00eauticos, qu\u00edmicos e hospitalares, segmentos que exigem controles de temperatura e ambiente rigorosos.<\/p>\n\n\n\n<p>O terminal recebeu investimentos de cerca de R$ 25 milh\u00f5es, tem \u00e1rea constru\u00edda de 2.133,31 m\u00b2 e capacidade de armazenamento de 1.531,8 m\u00b3 em c\u00e2maras frias. &#8220;\u00c9 um projeto que refor\u00e7a nosso papel como promotores do desenvolvimento regional, com foco na inova\u00e7\u00e3o e na seguran\u00e7a operacional\u201d, disse a diretora de Neg\u00f3cios Brasil da Motiva Aeroportos, Monique Henriques.<\/p>\n\n\n\n<p>\u201cA ind\u00fastria farmac\u00eautica deve crescer acima da m\u00e9dia nacional nos pr\u00f3ximos anos e este terminal contribuir\u00e1 para uma maior efici\u00eancia da cadeia log\u00edstica deste segmento\u201d, completou.<\/p>\n\n\n\n<p>O terminal j\u00e1 tem licen\u00e7as para operar, incluindo a autoriza\u00e7\u00e3o da ANAC (Ag\u00eancia Nacional de Avia\u00e7\u00e3o Civil) para opera\u00e7\u00f5es de voos cargueiros com aeronaves do modelo Boeing 767. O ativo fica pr\u00f3ximo ao p\u00e1tio de aeronaves e, segundo a Motiva, garante que as cargas n\u00e3o fiquem expostas a varia\u00e7\u00f5es de temperatura desde o desembarque at\u00e9 o armazenamento.<\/p>\n\n\n\n<p>O terminal conta com duas c\u00e2maras frias e est\u00e1 apto a armazenar cargas com temperatura entre -18\u00baC e 25\u00baC. \u201cToda a estrutura do terminal \u00e9 de alta tecnologia, o primeiro 100% climatizado no Brasil (do recebimento at\u00e9 as docas), possibilitando monitoramento de carga em tempo real dentro de uma \u00e1rea controlada do aeroporto, o que aumenta o n\u00edvel de seguran\u00e7a at\u00e9 a \u00e1rea\u201d, disse a empresa em nota sobre a entrada em opera\u00e7\u00e3o&nbsp;do&nbsp;terminal.<\/p>\n","protected":false},"excerpt":{"rendered":"<p>da Ag\u00eancia iNFRA A Motiva inaugurou nesta ter\u00e7a-feira (23) as opera\u00e7\u00f5es do primeiro terminal de cargas 100% refrigerado do Brasil, localizado no Aeroporto de Goi\u00e2nia (GO). Segundo a empresa, que administra o terminal a\u00e9reo, o novo espa\u00e7o ser\u00e1 destinado exclusivamente ao armazenamento de produtos farmac\u00eauticos, qu\u00edmicos e hospitalares, segmentos que exigem controles de temperatura e [&hellip;]<\/p>\n","protected":false},"author":1,"featured_media":28337,"comment_status":"closed","ping_status":"closed","sticky":false,"template":"","format":"standard","meta":{"_monsterinsights_skip_tracking":false,"_monsterinsights_sitenote_active":false,"_monsterinsights_sitenote_note":"","_monsterinsights_sitenote_category":0,"footnotes":""},"categories":[1,13576],"tags":[15541,15540,13199,15542,13712],"class_list":["post-28336","post","type-post","status-publish","format-standard","has-post-thumbnail","hentry","category-geral","category-giro-infra","tag-aeroporto-de-goiania","tag-cargas-refrigeradas","tag-motiva","tag-terminal-aereo","tag-terminal-de-cargas"],"yoast_head":"<!-- This site is optimized with the Yoast SEO Premium plugin v25.4 (Yoast SEO v26.0) - https:\/\/yoast.com\/wordpress\/plugins\/seo\/ -->\n<title>Motiva inaugura primeiro terminal de cargas 100% refrigerado do pa\u00eds - Ag\u00eancia iNFRA<\/title>\n<meta name=\"robots\" content=\"index, follow, max-snippet:-1, max-image-preview:large, max-video-preview:-1\" \/>\n<link rel=\"canonical\" href=\"https:\/\/agenciainfra.com\/blog\/motiva-inaugura-primeiro-terminal-de-cargas-100-refrigerado-do-pais\/\" \/>\n<meta property=\"og:locale\" content=\"pt_BR\" \/>\n<meta property=\"og:type\" content=\"article\" \/>\n<meta property=\"og:title\" content=\"Motiva inaugura primeiro terminal de cargas 100% refrigerado do pa\u00eds\" \/>\n<meta property=\"og:description\" content=\"da Ag\u00eancia iNFRA A Motiva inaugurou nesta ter\u00e7a-feira (23) as opera\u00e7\u00f5es do primeiro terminal de cargas 100% refrigerado do Brasil, localizado no Aeroporto de Goi\u00e2nia (GO). Segundo a empresa, que administra o terminal a\u00e9reo, o novo espa\u00e7o ser\u00e1 destinado exclusivamente ao armazenamento de produtos farmac\u00eauticos, qu\u00edmicos e hospitalares, segmentos que exigem controles de temperatura e [&hellip;]\" \/>\n<meta property=\"og:url\" content=\"https:\/\/agenciainfra.com\/blog\/motiva-inaugura-primeiro-terminal-de-cargas-100-refrigerado-do-pais\/\" \/>\n<meta property=\"og:site_name\" content=\"Ag\u00eancia iNFRA\" \/>\n<meta property=\"article:publisher\" content=\"https:\/\/www.facebook.com\/ageninfra\" \/>\n<meta property=\"article:published_time\" content=\"2025-09-23T13:34:25+00:00\" \/>\n<meta property=\"article:modified_time\" content=\"2025-09-23T15:29:17+00:00\" \/>\n<meta property=\"og:image\" content=\"https:\/\/agenciainfra.com\/blog\/wp-content\/uploads\/2025\/09\/terminal-motiva-foto-divulgacao-1-scaled-e1758634414254.png\" \/>\n\t<meta property=\"og:image:width\" content=\"1281\" \/>\n\t<meta property=\"og:image:height\" content=\"854\" \/>\n\t<meta property=\"og:image:type\" content=\"image\/png\" \/>\n<meta name=\"author\" content=\"Ag\u00eancia iNFRA\" \/>\n<meta name=\"twitter:card\" content=\"summary_large_image\" \/>\n<meta name=\"twitter:creator\" content=\"@agencia_infra\" \/>\n<meta name=\"twitter:site\" content=\"@agencia_infra\" \/>\n<meta name=\"twitter:label1\" content=\"Escrito por\" \/>\n\t<meta name=\"twitter:data1\" content=\"Ag\u00eancia iNFRA\" \/>\n\t<meta name=\"twitter:label2\" content=\"Est. tempo de leitura\" \/>\n\t<meta name=\"twitter:data2\" content=\"2 minutos\" \/>\n<script type=\"application\/ld+json\" class=\"yoast-schema-graph\">{\"@context\":\"https:\/\/schema.org\",\"@graph\":[{\"@type\":\"Article\",\"@id\":\"https:\/\/agenciainfra.com\/blog\/motiva-inaugura-primeiro-terminal-de-cargas-100-refrigerado-do-pais\/#article\",\"isPartOf\":{\"@id\":\"https:\/\/agenciainfra.com\/blog\/motiva-inaugura-primeiro-terminal-de-cargas-100-refrigerado-do-pais\/\"},\"author\":{\"name\":\"Ag\u00eancia iNFRA\",\"@id\":\"https:\/\/agenciainfra.com\/blog\/#\/schema\/person\/34af08dff6adea4cb22b06612ba7acfa\"},\"headline\":\"Motiva inaugura primeiro terminal de cargas 100% refrigerado do pa\u00eds\",\"datePublished\":\"2025-09-23T13:34:25+00:00\",\"dateModified\":\"2025-09-23T15:29:17+00:00\",\"mainEntityOfPage\":{\"@id\":\"https:\/\/agenciainfra.com\/blog\/motiva-inaugura-primeiro-terminal-de-cargas-100-refrigerado-do-pais\/\"},\"wordCount\":310,\"publisher\":{\"@id\":\"https:\/\/agenciainfra.com\/blog\/#organization\"},\"image\":{\"@id\":\"https:\/\/agenciainfra.com\/blog\/motiva-inaugura-primeiro-terminal-de-cargas-100-refrigerado-do-pais\/#primaryimage\"},\"thumbnailUrl\":\"https:\/\/agenciainfra.com\/blog\/wp-content\/uploads\/2025\/09\/terminal-motiva-foto-divulgacao-1-scaled-e1758634414254.png\",\"keywords\":[\"Aeroporto de Goi\u00e2nia\",\"cargas refrigeradas\",\"motiva\",\"terminal a\u00e9reo\",\"terminal de cargas\"],\"articleSection\":[\"Geral\",\"Giro iNFRA\"],\"inLanguage\":\"pt-BR\",\"copyrightYear\":\"2025\",\"copyrightHolder\":{\"@id\":\"https:\/\/agenciainfra.com\/blog\/#organization\"}},{\"@type\":\"WebPage\",\"@id\":\"https:\/\/agenciainfra.com\/blog\/motiva-inaugura-primeiro-terminal-de-cargas-100-refrigerado-do-pais\/\",\"url\":\"https:\/\/agenciainfra.com\/blog\/motiva-inaugura-primeiro-terminal-de-cargas-100-refrigerado-do-pais\/\",\"name\":\"Motiva inaugura primeiro terminal de cargas 100% refrigerado do pa\u00eds - Ag\u00eancia iNFRA\",\"isPartOf\":{\"@id\":\"https:\/\/agenciainfra.com\/blog\/#website\"},\"primaryImageOfPage\":{\"@id\":\"https:\/\/agenciainfra.com\/blog\/motiva-inaugura-primeiro-terminal-de-cargas-100-refrigerado-do-pais\/#primaryimage\"},\"image\":{\"@id\":\"https:\/\/agenciainfra.com\/blog\/motiva-inaugura-primeiro-terminal-de-cargas-100-refrigerado-do-pais\/#primaryimage\"},\"thumbnailUrl\":\"https:\/\/agenciainfra.com\/blog\/wp-content\/uploads\/2025\/09\/terminal-motiva-foto-divulgacao-1-scaled-e1758634414254.png\",\"datePublished\":\"2025-09-23T13:34:25+00:00\",\"dateModified\":\"2025-09-23T15:29:17+00:00\",\"breadcrumb\":{\"@id\":\"https:\/\/agenciainfra.com\/blog\/motiva-inaugura-primeiro-terminal-de-cargas-100-refrigerado-do-pais\/#breadcrumb\"},\"inLanguage\":\"pt-BR\",\"potentialAction\":[{\"@type\":\"ReadAction\",\"target\":[\"https:\/\/agenciainfra.com\/blog\/motiva-inaugura-primeiro-terminal-de-cargas-100-refrigerado-do-pais\/\"]}]},{\"@type\":\"ImageObject\",\"inLanguage\":\"pt-BR\",\"@id\":\"https:\/\/agenciainfra.com\/blog\/motiva-inaugura-primeiro-terminal-de-cargas-100-refrigerado-do-pais\/#primaryimage\",\"url\":\"https:\/\/agenciainfra.com\/blog\/wp-content\/uploads\/2025\/09\/terminal-motiva-foto-divulgacao-1-scaled-e1758634414254.png\",\"contentUrl\":\"https:\/\/agenciainfra.com\/blog\/wp-content\/uploads\/2025\/09\/terminal-motiva-foto-divulgacao-1-scaled-e1758634414254.png\",\"width\":1281,\"height\":854,\"caption\":\"Foto: Motiva\"},{\"@type\":\"BreadcrumbList\",\"@id\":\"https:\/\/agenciainfra.com\/blog\/motiva-inaugura-primeiro-terminal-de-cargas-100-refrigerado-do-pais\/#breadcrumb\",\"itemListElement\":[{\"@type\":\"ListItem\",\"position\":1,\"name\":\"In\u00edcio\",\"item\":\"https:\/\/agenciainfra.com\/blog\/\"},{\"@type\":\"ListItem\",\"position\":2,\"name\":\"Motiva inaugura primeiro terminal de cargas 100% refrigerado do pa\u00eds\"}]},{\"@type\":\"WebSite\",\"@id\":\"https:\/\/agenciainfra.com\/blog\/#website\",\"url\":\"https:\/\/agenciainfra.com\/blog\/\",\"name\":\"Ag\u00eancia iNFRA\",\"description\":\"Multiplataforma de informa\u00e7\u00e3o jornal\u00edstica refer\u00eancia na \u00e1rea de infraestrutura no Brasil!\",\"publisher\":{\"@id\":\"https:\/\/agenciainfra.com\/blog\/#organization\"},\"potentialAction\":[{\"@type\":\"SearchAction\",\"target\":{\"@type\":\"EntryPoint\",\"urlTemplate\":\"https:\/\/agenciainfra.com\/blog\/?s={search_term_string}\"},\"query-input\":{\"@type\":\"PropertyValueSpecification\",\"valueRequired\":true,\"valueName\":\"search_term_string\"}}],\"inLanguage\":\"pt-BR\"},{\"@type\":\"Organization\",\"@id\":\"https:\/\/agenciainfra.com\/blog\/#organization\",\"name\":\"Ag\u00eancia iNFRA\",\"url\":\"https:\/\/agenciainfra.com\/blog\/\",\"logo\":{\"@type\":\"ImageObject\",\"inLanguage\":\"pt-BR\",\"@id\":\"https:\/\/agenciainfra.com\/blog\/#\/schema\/logo\/image\/\",\"url\":\"https:\/\/agenciainfra.com\/blog\/wp-content\/uploads\/2023\/09\/iNFRA_5-e1761735885940.png\",\"contentUrl\":\"https:\/\/agenciainfra.com\/blog\/wp-content\/uploads\/2023\/09\/iNFRA_5-e1761735885940.png\",\"width\":1672,\"height\":454,\"caption\":\"Ag\u00eancia iNFRA\"},\"image\":{\"@id\":\"https:\/\/agenciainfra.com\/blog\/#\/schema\/logo\/image\/\"},\"sameAs\":[\"https:\/\/www.facebook.com\/ageninfra\",\"https:\/\/x.com\/agencia_infra\",\"https:\/\/www.linkedin.com\/company\/ag\u00eanciainfra\/\",\"https:\/\/www.instagram.com\/agenciainfra\/\"]},{\"@type\":\"Person\",\"@id\":\"https:\/\/agenciainfra.com\/blog\/#\/schema\/person\/34af08dff6adea4cb22b06612ba7acfa\",\"name\":\"Ag\u00eancia iNFRA\",\"image\":{\"@type\":\"ImageObject\",\"inLanguage\":\"pt-BR\",\"@id\":\"https:\/\/agenciainfra.com\/blog\/#\/schema\/person\/image\/\",\"url\":\"https:\/\/secure.gravatar.com\/avatar\/d189e01678f06d8eb84d4e01f08eb848b3fffe3f8443818d3c356c66892f5be8?s=96&d=mm&r=g\",\"contentUrl\":\"https:\/\/secure.gravatar.com\/avatar\/d189e01678f06d8eb84d4e01f08eb848b3fffe3f8443818d3c356c66892f5be8?s=96&d=mm&r=g\",\"caption\":\"Ag\u00eancia iNFRA\"},\"url\":\"https:\/\/agenciainfra.com\/blog\/author\/admin\/\"}]}<\/script>\n<!-- \/ Yoast SEO Premium plugin. -->","yoast_head_json":{"title":"Motiva inaugura primeiro terminal de cargas 100% refrigerado do pa\u00eds - Ag\u00eancia iNFRA","robots":{"index":"index","follow":"follow","max-snippet":"max-snippet:-1","max-image-preview":"max-image-preview:large","max-video-preview":"max-video-preview:-1"},"canonical":"https:\/\/agenciainfra.com\/blog\/motiva-inaugura-primeiro-terminal-de-cargas-100-refrigerado-do-pais\/","og_locale":"pt_BR","og_type":"article","og_title":"Motiva inaugura primeiro terminal de cargas 100% refrigerado do pa\u00eds","og_description":"da Ag\u00eancia iNFRA A Motiva inaugurou nesta ter\u00e7a-feira (23) as opera\u00e7\u00f5es do primeiro terminal de cargas 100% refrigerado do Brasil, localizado no Aeroporto de Goi\u00e2nia (GO). Segundo a empresa, que administra o terminal a\u00e9reo, o novo espa\u00e7o ser\u00e1 destinado exclusivamente ao armazenamento de produtos farmac\u00eauticos, qu\u00edmicos e hospitalares, segmentos que exigem controles de temperatura e [&hellip;]","og_url":"https:\/\/agenciainfra.com\/blog\/motiva-inaugura-primeiro-terminal-de-cargas-100-refrigerado-do-pais\/","og_site_name":"Ag\u00eancia iNFRA","article_publisher":"https:\/\/www.facebook.com\/ageninfra","article_published_time":"2025-09-23T13:34:25+00:00","article_modified_time":"2025-09-23T15:29:17+00:00","og_image":[{"width":1281,"height":854,"url":"https:\/\/agenciainfra.com\/blog\/wp-content\/uploads\/2025\/09\/terminal-motiva-foto-divulgacao-1-scaled-e1758634414254.png","type":"image\/png"}],"author":"Ag\u00eancia iNFRA","twitter_card":"summary_large_image","twitter_creator":"@agencia_infra","twitter_site":"@agencia_infra","twitter_misc":{"Escrito por":"Ag\u00eancia iNFRA","Est. tempo de leitura":"2 minutos"},"schema":{"@context":"https:\/\/schema.org","@graph":[{"@type":"Article","@id":"https:\/\/agenciainfra.com\/blog\/motiva-inaugura-primeiro-terminal-de-cargas-100-refrigerado-do-pais\/#article","isPartOf":{"@id":"https:\/\/agenciainfra.com\/blog\/motiva-inaugura-primeiro-terminal-de-cargas-100-refrigerado-do-pais\/"},"author":{"name":"Ag\u00eancia iNFRA","@id":"https:\/\/agenciainfra.com\/blog\/#\/schema\/person\/34af08dff6adea4cb22b06612ba7acfa"},"headline":"Motiva inaugura primeiro terminal de cargas 100% refrigerado do pa\u00eds","datePublished":"2025-09-23T13:34:25+00:00","dateModified":"2025-09-23T15:29:17+00:00","mainEntityOfPage":{"@id":"https:\/\/agenciainfra.com\/blog\/motiva-inaugura-primeiro-terminal-de-cargas-100-refrigerado-do-pais\/"},"wordCount":310,"publisher":{"@id":"https:\/\/agenciainfra.com\/blog\/#organization"},"image":{"@id":"https:\/\/agenciainfra.com\/blog\/motiva-inaugura-primeiro-terminal-de-cargas-100-refrigerado-do-pais\/#primaryimage"},"thumbnailUrl":"https:\/\/agenciainfra.com\/blog\/wp-content\/uploads\/2025\/09\/terminal-motiva-foto-divulgacao-1-scaled-e1758634414254.png","keywords":["Aeroporto de Goi\u00e2nia","cargas refrigeradas","motiva","terminal a\u00e9reo","terminal de cargas"],"articleSection":["Geral","Giro iNFRA"],"inLanguage":"pt-BR","copyrightYear":"2025","copyrightHolder":{"@id":"https:\/\/agenciainfra.com\/blog\/#organization"}},{"@type":"WebPage","@id":"https:\/\/agenciainfra.com\/blog\/motiva-inaugura-primeiro-terminal-de-cargas-100-refrigerado-do-pais\/","url":"https:\/\/agenciainfra.com\/blog\/motiva-inaugura-primeiro-terminal-de-cargas-100-refrigerado-do-pais\/","name":"Motiva inaugura primeiro terminal de cargas 100% refrigerado do pa\u00eds - Ag\u00eancia iNFRA","isPartOf":{"@id":"https:\/\/agenciainfra.com\/blog\/#website"},"primaryImageOfPage":{"@id":"https:\/\/agenciainfra.com\/blog\/motiva-inaugura-primeiro-terminal-de-cargas-100-refrigerado-do-pais\/#primaryimage"},"image":{"@id":"https:\/\/agenciainfra.com\/blog\/motiva-inaugura-primeiro-terminal-de-cargas-100-refrigerado-do-pais\/#primaryimage"},"thumbnailUrl":"https:\/\/agenciainfra.com\/blog\/wp-content\/uploads\/2025\/09\/terminal-motiva-foto-divulgacao-1-scaled-e1758634414254.png","datePublished":"2025-09-23T13:34:25+00:00","dateModified":"2025-09-23T15:29:17+00:00","breadcrumb":{"@id":"https:\/\/agenciainfra.com\/blog\/motiva-inaugura-primeiro-terminal-de-cargas-100-refrigerado-do-pais\/#breadcrumb"},"inLanguage":"pt-BR","potentialAction":[{"@type":"ReadAction","target":["https:\/\/agenciainfra.com\/blog\/motiva-inaugura-primeiro-terminal-de-cargas-100-refrigerado-do-pais\/"]}]},{"@type":"ImageObject","inLanguage":"pt-BR","@id":"https:\/\/agenciainfra.com\/blog\/motiva-inaugura-primeiro-terminal-de-cargas-100-refrigerado-do-pais\/#primaryimage","url":"https:\/\/agenciainfra.com\/blog\/wp-content\/uploads\/2025\/09\/terminal-motiva-foto-divulgacao-1-scaled-e1758634414254.png","contentUrl":"https:\/\/agenciainfra.com\/blog\/wp-content\/uploads\/2025\/09\/terminal-motiva-foto-divulgacao-1-scaled-e1758634414254.png","width":1281,"height":854,"caption":"Foto: Motiva"},{"@type":"BreadcrumbList","@id":"https:\/\/agenciainfra.com\/blog\/motiva-inaugura-primeiro-terminal-de-cargas-100-refrigerado-do-pais\/#breadcrumb","itemListElement":[{"@type":"ListItem","position":1,"name":"In\u00edcio","item":"https:\/\/agenciainfra.com\/blog\/"},{"@type":"ListItem","position":2,"name":"Motiva inaugura primeiro terminal de cargas 100% refrigerado do pa\u00eds"}]},{"@type":"WebSite","@id":"https:\/\/agenciainfra.com\/blog\/#website","url":"https:\/\/agenciainfra.com\/blog\/","name":"Ag\u00eancia iNFRA","description":"Multiplataforma de informa\u00e7\u00e3o jornal\u00edstica refer\u00eancia na \u00e1rea de infraestrutura no Brasil!","publisher":{"@id":"https:\/\/agenciainfra.com\/blog\/#organization"},"potentialAction":[{"@type":"SearchAction","target":{"@type":"EntryPoint","urlTemplate":"https:\/\/agenciainfra.com\/blog\/?s={search_term_string}"},"query-input":{"@type":"PropertyValueSpecification","valueRequired":true,"valueName":"search_term_string"}}],"inLanguage":"pt-BR"},{"@type":"Organization","@id":"https:\/\/agenciainfra.com\/blog\/#organization","name":"Ag\u00eancia iNFRA","url":"https:\/\/agenciainfra.com\/blog\/","logo":{"@type":"ImageObject","inLanguage":"pt-BR","@id":"https:\/\/agenciainfra.com\/blog\/#\/schema\/logo\/image\/","url":"https:\/\/agenciainfra.com\/blog\/wp-content\/uploads\/2023\/09\/iNFRA_5-e1761735885940.png","contentUrl":"https:\/\/agenciainfra.com\/blog\/wp-content\/uploads\/2023\/09\/iNFRA_5-e1761735885940.png","width":1672,"height":454,"caption":"Ag\u00eancia iNFRA"},"image":{"@id":"https:\/\/agenciainfra.com\/blog\/#\/schema\/logo\/image\/"},"sameAs":["https:\/\/www.facebook.com\/ageninfra","https:\/\/x.com\/agencia_infra","https:\/\/www.linkedin.com\/company\/ag\u00eanciainfra\/","https:\/\/www.instagram.com\/agenciainfra\/"]},{"@type":"Person","@id":"https:\/\/agenciainfra.com\/blog\/#\/schema\/person\/34af08dff6adea4cb22b06612ba7acfa","name":"Ag\u00eancia iNFRA","image":{"@type":"ImageObject","inLanguage":"pt-BR","@id":"https:\/\/agenciainfra.com\/blog\/#\/schema\/person\/image\/","url":"https:\/\/secure.gravatar.com\/avatar\/d189e01678f06d8eb84d4e01f08eb848b3fffe3f8443818d3c356c66892f5be8?s=96&d=mm&r=g","contentUrl":"https:\/\/secure.gravatar.com\/avatar\/d189e01678f06d8eb84d4e01f08eb848b3fffe3f8443818d3c356c66892f5be8?s=96&d=mm&r=g","caption":"Ag\u00eancia iNFRA"},"url":"https:\/\/agenciainfra.com\/blog\/author\/admin\/"}]}},"_links":{"self":[{"href":"https:\/\/agenciainfra.com\/blog\/wp-json\/wp\/v2\/posts\/28336","targetHints":{"allow":["GET"]}}],"collection":[{"href":"https:\/\/agenciainfra.com\/blog\/wp-json\/wp\/v2\/posts"}],"about":[{"href":"https:\/\/agenciainfra.com\/blog\/wp-json\/wp\/v2\/types\/post"}],"author":[{"embeddable":true,"href":"https:\/\/agenciainfra.com\/blog\/wp-json\/wp\/v2\/users\/1"}],"replies":[{"embeddable":true,"href":"https:\/\/agenciainfra.com\/blog\/wp-json\/wp\/v2\/comments?post=28336"}],"version-history":[{"count":3,"href":"https:\/\/agenciainfra.com\/blog\/wp-json\/wp\/v2\/posts\/28336\/revisions"}],"predecessor-version":[{"id":28364,"href":"https:\/\/agenciainfra.com\/blog\/wp-json\/wp\/v2\/posts\/28336\/revisions\/28364"}],"wp:featuredmedia":[{"embeddable":true,"href":"https:\/\/agenciainfra.com\/blog\/wp-json\/wp\/v2\/media\/28337"}],"wp:attachment":[{"href":"https:\/\/agenciainfra.com\/blog\/wp-json\/wp\/v2\/media?parent=28336"}],"wp:term":[{"taxonomy":"category","embeddable":true,"href":"https:\/\/agenciainfra.com\/blog\/wp-json\/wp\/v2\/categories?post=28336"},{"taxonomy":"post_tag","embeddable":true,"href":"https:\/\/agenciainfra.com\/blog\/wp-json\/wp\/v2\/tags?post=28336"}],"curies":[{"name":"wp","href":"https:\/\/api.w.org\/{rel}","templated":true}]}}