{"id":28340,"date":"2025-09-23T11:00:04","date_gmt":"2025-09-23T14:00:04","guid":{"rendered":"https:\/\/agenciainfra.com\/blog\/?p=28340"},"modified":"2025-09-23T21:27:49","modified_gmt":"2025-09-24T00:27:49","slug":"diretores-da-aneel-criticam-pedido-para-tirar-lote-do-leilao-de-sexta","status":"publish","type":"post","link":"https:\/\/agenciainfra.com\/blog\/diretores-da-aneel-criticam-pedido-para-tirar-lote-do-leilao-de-sexta\/","title":{"rendered":"Diretores da ANEEL criticam pedido para tirar lote do leil\u00e3o de sexta"},"content":{"rendered":"\n<p class=\"has-text-align-right\"><strong>Geraldo Campos Jr., da Ag\u00eancia iNFRA<\/strong><\/p>\n\n\n\n<p>Diretores da ANEEL (Ag\u00eancia Nacional de Energia El\u00e9trica) fizeram cr\u00edticas nesta ter\u00e7a-feira (23) ao pedido do MME (Minist\u00e9rio de Minas e Energia) de retirada do maior lote do leil\u00e3o de sistemas isolados (lote II), marcado para sexta-feira (26) \u2013 pleito que foi atendido pela comiss\u00e3o de leil\u00f5es da reguladora. Segundo o relator do certame, diretor Fernando Mosna, trata-se de um pedido contradit\u00f3rio da pasta.<\/p>\n\n\n\n<p>Mosna destacou que o lote \u00e9 expressivo e voltado a atender localidades que o minist\u00e9rio classificou como de necessidade de contrata\u00e7\u00e3o emergencial de gera\u00e7\u00e3o, por isso \u00e9 importante que seja apontado o impacto da decis\u00e3o de postergar a licita\u00e7\u00e3o. \u201cN\u00e3o sei como isso vai ser conduzido futuramente, n\u00e3o sei se de modo sucessivo ter\u00e1 aprova\u00e7\u00f5es no CMSE [Comit\u00ea de Monitoramento do Setor El\u00e9trico] para prorrogar contratos, para colocar back-up, mas eu acredito que, da maneira que estava estruturado, era o melhor encaminhamento para aquela regi\u00e3o do Amazonas\u201d, ressaltou Mosna, que disse ainda confiar \u201cno esp\u00edrito p\u00fablico do ministro Alexandre Silveira e que ele vai dar celeridade a esse leil\u00e3o\u201d.<\/p>\n\n\n\n<p>O diretor-geral, Sandoval Feitosa, afirmou que trata-se do terceiro certame que a ANEEL precisa alterar nas v\u00e9speras, mencionando o LRCAP (Leil\u00e3o de Reserva de Pot\u00eancia na forma de Capacidade) e o leil\u00e3o de transmiss\u00e3o. \u201cPela efici\u00eancia da gest\u00e3o dos recursos internos da ag\u00eancia, que s\u00e3o escassos, n\u00e3o podemos nos dar ao luxo de trabalhar, trabalhar, trabalhar e depois ter que parar tudo e ter que come\u00e7ar de novo. O equil\u00edbrio do suprimento \u00e9 responsabilidade do MME, ent\u00e3o tenho certeza que essa decis\u00e3o foi tomada pensando nisso&#8221;, afirmou.<\/p>\n\n\n\n<p>J\u00e1 o diretor Willamy Frota pontuou que a retirada do lote afeta a previsibilidade e que, \u201cal\u00e9m do retrabalho que ser\u00e1 direcionado \u00e0 ag\u00eancia, preocupa o atendimento \u00e0s localidades\u201d. Segundo ele, algumas delas \u201cj\u00e1 est\u00e3o passando por dificuldades com a gera\u00e7\u00e3o dessas usinas\u201d.<\/p>\n","protected":false},"excerpt":{"rendered":"<p>Geraldo Campos Jr., da Ag\u00eancia iNFRA Diretores da ANEEL (Ag\u00eancia Nacional de Energia El\u00e9trica) fizeram cr\u00edticas nesta ter\u00e7a-feira (23) ao pedido do MME (Minist\u00e9rio de Minas e Energia) de retirada do maior lote do leil\u00e3o de sistemas isolados (lote II), marcado para sexta-feira (26) \u2013 pleito que foi atendido pela comiss\u00e3o de leil\u00f5es da reguladora. [&hellip;]<\/p>\n","protected":false},"author":1,"featured_media":28346,"comment_status":"closed","ping_status":"closed","sticky":false,"template":"","format":"standard","meta":{"_monsterinsights_skip_tracking":false,"_monsterinsights_sitenote_active":false,"_monsterinsights_sitenote_note":"","_monsterinsights_sitenote_category":0,"footnotes":""},"categories":[7250,1,10],"tags":[6040,53,792,7014,11594,11785,96,1026,11892],"class_list":["post-28340","post","type-post","status-publish","format-standard","has-post-thumbnail","hentry","category-destaque-lista","category-geral","category-infraenergia","tag-alexandre-silveira","tag-aneel","tag-cmse","tag-fernando-mosna","tag-geraldo-campos-jr","tag-leilao-de-sistemas-isolados","tag-ministerio-de-minas-e-energia","tag-sandoval-feitosa","tag-willamy-frota"],"yoast_head":"<!-- This site is optimized with the Yoast SEO Premium plugin v25.4 (Yoast SEO v26.0) - https:\/\/yoast.com\/wordpress\/plugins\/seo\/ -->\n<title>Diretores da ANEEL criticam pedido para tirar lote do leil\u00e3o de sexta - Ag\u00eancia iNFRA<\/title>\n<meta name=\"robots\" content=\"index, follow, max-snippet:-1, max-image-preview:large, max-video-preview:-1\" \/>\n<link rel=\"canonical\" href=\"https:\/\/agenciainfra.com\/blog\/diretores-da-aneel-criticam-pedido-para-tirar-lote-do-leilao-de-sexta\/\" \/>\n<meta property=\"og:locale\" content=\"pt_BR\" \/>\n<meta property=\"og:type\" content=\"article\" \/>\n<meta property=\"og:title\" content=\"Diretores da ANEEL criticam pedido para tirar lote do leil\u00e3o de sexta\" \/>\n<meta property=\"og:description\" content=\"Geraldo Campos Jr., da Ag\u00eancia iNFRA Diretores da ANEEL (Ag\u00eancia Nacional de Energia El\u00e9trica) fizeram cr\u00edticas nesta ter\u00e7a-feira (23) ao pedido do MME (Minist\u00e9rio de Minas e Energia) de retirada do maior lote do leil\u00e3o de sistemas isolados (lote II), marcado para sexta-feira (26) \u2013 pleito que foi atendido pela comiss\u00e3o de leil\u00f5es da reguladora. [&hellip;]\" \/>\n<meta property=\"og:url\" content=\"https:\/\/agenciainfra.com\/blog\/diretores-da-aneel-criticam-pedido-para-tirar-lote-do-leilao-de-sexta\/\" \/>\n<meta property=\"og:site_name\" content=\"Ag\u00eancia iNFRA\" \/>\n<meta property=\"article:publisher\" content=\"https:\/\/www.facebook.com\/ageninfra\" \/>\n<meta property=\"article:published_time\" content=\"2025-09-23T14:00:04+00:00\" \/>\n<meta property=\"article:modified_time\" content=\"2025-09-24T00:27:49+00:00\" \/>\n<meta property=\"og:image\" content=\"https:\/\/agenciainfra.com\/blog\/wp-content\/uploads\/2025\/09\/sandoval-feitosa-foto-victoria-santos-aneel.jpg\" \/>\n\t<meta property=\"og:image:width\" content=\"1280\" \/>\n\t<meta property=\"og:image:height\" content=\"853\" \/>\n\t<meta property=\"og:image:type\" content=\"image\/jpeg\" \/>\n<meta name=\"author\" content=\"Ag\u00eancia iNFRA\" \/>\n<meta name=\"twitter:card\" content=\"summary_large_image\" \/>\n<meta name=\"twitter:creator\" content=\"@agencia_infra\" \/>\n<meta name=\"twitter:site\" content=\"@agencia_infra\" \/>\n<meta name=\"twitter:label1\" content=\"Escrito por\" \/>\n\t<meta name=\"twitter:data1\" content=\"Ag\u00eancia iNFRA\" \/>\n\t<meta name=\"twitter:label2\" content=\"Est. tempo de leitura\" \/>\n\t<meta name=\"twitter:data2\" content=\"2 minutos\" \/>\n<script type=\"application\/ld+json\" class=\"yoast-schema-graph\">{\"@context\":\"https:\/\/schema.org\",\"@graph\":[{\"@type\":\"Article\",\"@id\":\"https:\/\/agenciainfra.com\/blog\/diretores-da-aneel-criticam-pedido-para-tirar-lote-do-leilao-de-sexta\/#article\",\"isPartOf\":{\"@id\":\"https:\/\/agenciainfra.com\/blog\/diretores-da-aneel-criticam-pedido-para-tirar-lote-do-leilao-de-sexta\/\"},\"author\":{\"name\":\"Ag\u00eancia iNFRA\",\"@id\":\"https:\/\/agenciainfra.com\/blog\/#\/schema\/person\/34af08dff6adea4cb22b06612ba7acfa\"},\"headline\":\"Diretores da ANEEL criticam pedido para tirar lote do leil\u00e3o de sexta\",\"datePublished\":\"2025-09-23T14:00:04+00:00\",\"dateModified\":\"2025-09-24T00:27:49+00:00\",\"mainEntityOfPage\":{\"@id\":\"https:\/\/agenciainfra.com\/blog\/diretores-da-aneel-criticam-pedido-para-tirar-lote-do-leilao-de-sexta\/\"},\"wordCount\":356,\"publisher\":{\"@id\":\"https:\/\/agenciainfra.com\/blog\/#organization\"},\"image\":{\"@id\":\"https:\/\/agenciainfra.com\/blog\/diretores-da-aneel-criticam-pedido-para-tirar-lote-do-leilao-de-sexta\/#primaryimage\"},\"thumbnailUrl\":\"https:\/\/agenciainfra.com\/blog\/wp-content\/uploads\/2025\/09\/sandoval-feitosa-foto-victoria-santos-aneel.jpg\",\"keywords\":[\"Alexandre Silveira\",\"ANEEL\",\"CMSE\",\"Fernando Mosna\",\"Geraldo Campos Jr.\",\"leil\u00e3o de sistemas isolados\",\"Minist\u00e9rio de Minas e Energia\",\"Sandoval Feitosa\",\"Willamy Frota\"],\"articleSection\":[\"Destaque lista\",\"Geral\",\"iNFRAEnergia\"],\"inLanguage\":\"pt-BR\",\"copyrightYear\":\"2025\",\"copyrightHolder\":{\"@id\":\"https:\/\/agenciainfra.com\/blog\/#organization\"}},{\"@type\":\"WebPage\",\"@id\":\"https:\/\/agenciainfra.com\/blog\/diretores-da-aneel-criticam-pedido-para-tirar-lote-do-leilao-de-sexta\/\",\"url\":\"https:\/\/agenciainfra.com\/blog\/diretores-da-aneel-criticam-pedido-para-tirar-lote-do-leilao-de-sexta\/\",\"name\":\"Diretores da ANEEL criticam pedido para tirar lote do leil\u00e3o de sexta - Ag\u00eancia iNFRA\",\"isPartOf\":{\"@id\":\"https:\/\/agenciainfra.com\/blog\/#website\"},\"primaryImageOfPage\":{\"@id\":\"https:\/\/agenciainfra.com\/blog\/diretores-da-aneel-criticam-pedido-para-tirar-lote-do-leilao-de-sexta\/#primaryimage\"},\"image\":{\"@id\":\"https:\/\/agenciainfra.com\/blog\/diretores-da-aneel-criticam-pedido-para-tirar-lote-do-leilao-de-sexta\/#primaryimage\"},\"thumbnailUrl\":\"https:\/\/agenciainfra.com\/blog\/wp-content\/uploads\/2025\/09\/sandoval-feitosa-foto-victoria-santos-aneel.jpg\",\"datePublished\":\"2025-09-23T14:00:04+00:00\",\"dateModified\":\"2025-09-24T00:27:49+00:00\",\"breadcrumb\":{\"@id\":\"https:\/\/agenciainfra.com\/blog\/diretores-da-aneel-criticam-pedido-para-tirar-lote-do-leilao-de-sexta\/#breadcrumb\"},\"inLanguage\":\"pt-BR\",\"potentialAction\":[{\"@type\":\"ReadAction\",\"target\":[\"https:\/\/agenciainfra.com\/blog\/diretores-da-aneel-criticam-pedido-para-tirar-lote-do-leilao-de-sexta\/\"]}]},{\"@type\":\"ImageObject\",\"inLanguage\":\"pt-BR\",\"@id\":\"https:\/\/agenciainfra.com\/blog\/diretores-da-aneel-criticam-pedido-para-tirar-lote-do-leilao-de-sexta\/#primaryimage\",\"url\":\"https:\/\/agenciainfra.com\/blog\/wp-content\/uploads\/2025\/09\/sandoval-feitosa-foto-victoria-santos-aneel.jpg\",\"contentUrl\":\"https:\/\/agenciainfra.com\/blog\/wp-content\/uploads\/2025\/09\/sandoval-feitosa-foto-victoria-santos-aneel.jpg\",\"width\":1280,\"height\":853,\"caption\":\"Foto: Vict\u00f3ria Santos\/ANEEL\"},{\"@type\":\"BreadcrumbList\",\"@id\":\"https:\/\/agenciainfra.com\/blog\/diretores-da-aneel-criticam-pedido-para-tirar-lote-do-leilao-de-sexta\/#breadcrumb\",\"itemListElement\":[{\"@type\":\"ListItem\",\"position\":1,\"name\":\"In\u00edcio\",\"item\":\"https:\/\/agenciainfra.com\/blog\/\"},{\"@type\":\"ListItem\",\"position\":2,\"name\":\"Diretores da ANEEL criticam pedido para tirar lote do leil\u00e3o de sexta\"}]},{\"@type\":\"WebSite\",\"@id\":\"https:\/\/agenciainfra.com\/blog\/#website\",\"url\":\"https:\/\/agenciainfra.com\/blog\/\",\"name\":\"Ag\u00eancia iNFRA\",\"description\":\"Multiplataforma de informa\u00e7\u00e3o jornal\u00edstica refer\u00eancia na \u00e1rea de infraestrutura no Brasil!\",\"publisher\":{\"@id\":\"https:\/\/agenciainfra.com\/blog\/#organization\"},\"potentialAction\":[{\"@type\":\"SearchAction\",\"target\":{\"@type\":\"EntryPoint\",\"urlTemplate\":\"https:\/\/agenciainfra.com\/blog\/?s={search_term_string}\"},\"query-input\":{\"@type\":\"PropertyValueSpecification\",\"valueRequired\":true,\"valueName\":\"search_term_string\"}}],\"inLanguage\":\"pt-BR\"},{\"@type\":\"Organization\",\"@id\":\"https:\/\/agenciainfra.com\/blog\/#organization\",\"name\":\"Ag\u00eancia iNFRA\",\"url\":\"https:\/\/agenciainfra.com\/blog\/\",\"logo\":{\"@type\":\"ImageObject\",\"inLanguage\":\"pt-BR\",\"@id\":\"https:\/\/agenciainfra.com\/blog\/#\/schema\/logo\/image\/\",\"url\":\"https:\/\/agenciainfra.com\/blog\/wp-content\/uploads\/2023\/09\/iNFRA_5-e1761735885940.png\",\"contentUrl\":\"https:\/\/agenciainfra.com\/blog\/wp-content\/uploads\/2023\/09\/iNFRA_5-e1761735885940.png\",\"width\":1672,\"height\":454,\"caption\":\"Ag\u00eancia iNFRA\"},\"image\":{\"@id\":\"https:\/\/agenciainfra.com\/blog\/#\/schema\/logo\/image\/\"},\"sameAs\":[\"https:\/\/www.facebook.com\/ageninfra\",\"https:\/\/x.com\/agencia_infra\",\"https:\/\/www.linkedin.com\/company\/ag\u00eanciainfra\/\",\"https:\/\/www.instagram.com\/agenciainfra\/\"]},{\"@type\":\"Person\",\"@id\":\"https:\/\/agenciainfra.com\/blog\/#\/schema\/person\/34af08dff6adea4cb22b06612ba7acfa\",\"name\":\"Ag\u00eancia iNFRA\",\"image\":{\"@type\":\"ImageObject\",\"inLanguage\":\"pt-BR\",\"@id\":\"https:\/\/agenciainfra.com\/blog\/#\/schema\/person\/image\/\",\"url\":\"https:\/\/secure.gravatar.com\/avatar\/d189e01678f06d8eb84d4e01f08eb848b3fffe3f8443818d3c356c66892f5be8?s=96&d=mm&r=g\",\"contentUrl\":\"https:\/\/secure.gravatar.com\/avatar\/d189e01678f06d8eb84d4e01f08eb848b3fffe3f8443818d3c356c66892f5be8?s=96&d=mm&r=g\",\"caption\":\"Ag\u00eancia iNFRA\"},\"url\":\"https:\/\/agenciainfra.com\/blog\/author\/admin\/\"}]}<\/script>\n<!-- \/ Yoast SEO Premium plugin. -->","yoast_head_json":{"title":"Diretores da ANEEL criticam pedido para tirar lote do leil\u00e3o de sexta - Ag\u00eancia iNFRA","robots":{"index":"index","follow":"follow","max-snippet":"max-snippet:-1","max-image-preview":"max-image-preview:large","max-video-preview":"max-video-preview:-1"},"canonical":"https:\/\/agenciainfra.com\/blog\/diretores-da-aneel-criticam-pedido-para-tirar-lote-do-leilao-de-sexta\/","og_locale":"pt_BR","og_type":"article","og_title":"Diretores da ANEEL criticam pedido para tirar lote do leil\u00e3o de sexta","og_description":"Geraldo Campos Jr., da Ag\u00eancia iNFRA Diretores da ANEEL (Ag\u00eancia Nacional de Energia El\u00e9trica) fizeram cr\u00edticas nesta ter\u00e7a-feira (23) ao pedido do MME (Minist\u00e9rio de Minas e Energia) de retirada do maior lote do leil\u00e3o de sistemas isolados (lote II), marcado para sexta-feira (26) \u2013 pleito que foi atendido pela comiss\u00e3o de leil\u00f5es da reguladora. [&hellip;]","og_url":"https:\/\/agenciainfra.com\/blog\/diretores-da-aneel-criticam-pedido-para-tirar-lote-do-leilao-de-sexta\/","og_site_name":"Ag\u00eancia iNFRA","article_publisher":"https:\/\/www.facebook.com\/ageninfra","article_published_time":"2025-09-23T14:00:04+00:00","article_modified_time":"2025-09-24T00:27:49+00:00","og_image":[{"width":1280,"height":853,"url":"https:\/\/agenciainfra.com\/blog\/wp-content\/uploads\/2025\/09\/sandoval-feitosa-foto-victoria-santos-aneel.jpg","type":"image\/jpeg"}],"author":"Ag\u00eancia iNFRA","twitter_card":"summary_large_image","twitter_creator":"@agencia_infra","twitter_site":"@agencia_infra","twitter_misc":{"Escrito por":"Ag\u00eancia iNFRA","Est. tempo de leitura":"2 minutos"},"schema":{"@context":"https:\/\/schema.org","@graph":[{"@type":"Article","@id":"https:\/\/agenciainfra.com\/blog\/diretores-da-aneel-criticam-pedido-para-tirar-lote-do-leilao-de-sexta\/#article","isPartOf":{"@id":"https:\/\/agenciainfra.com\/blog\/diretores-da-aneel-criticam-pedido-para-tirar-lote-do-leilao-de-sexta\/"},"author":{"name":"Ag\u00eancia iNFRA","@id":"https:\/\/agenciainfra.com\/blog\/#\/schema\/person\/34af08dff6adea4cb22b06612ba7acfa"},"headline":"Diretores da ANEEL criticam pedido para tirar lote do leil\u00e3o de sexta","datePublished":"2025-09-23T14:00:04+00:00","dateModified":"2025-09-24T00:27:49+00:00","mainEntityOfPage":{"@id":"https:\/\/agenciainfra.com\/blog\/diretores-da-aneel-criticam-pedido-para-tirar-lote-do-leilao-de-sexta\/"},"wordCount":356,"publisher":{"@id":"https:\/\/agenciainfra.com\/blog\/#organization"},"image":{"@id":"https:\/\/agenciainfra.com\/blog\/diretores-da-aneel-criticam-pedido-para-tirar-lote-do-leilao-de-sexta\/#primaryimage"},"thumbnailUrl":"https:\/\/agenciainfra.com\/blog\/wp-content\/uploads\/2025\/09\/sandoval-feitosa-foto-victoria-santos-aneel.jpg","keywords":["Alexandre Silveira","ANEEL","CMSE","Fernando Mosna","Geraldo Campos Jr.","leil\u00e3o de sistemas isolados","Minist\u00e9rio de Minas e Energia","Sandoval Feitosa","Willamy Frota"],"articleSection":["Destaque lista","Geral","iNFRAEnergia"],"inLanguage":"pt-BR","copyrightYear":"2025","copyrightHolder":{"@id":"https:\/\/agenciainfra.com\/blog\/#organization"}},{"@type":"WebPage","@id":"https:\/\/agenciainfra.com\/blog\/diretores-da-aneel-criticam-pedido-para-tirar-lote-do-leilao-de-sexta\/","url":"https:\/\/agenciainfra.com\/blog\/diretores-da-aneel-criticam-pedido-para-tirar-lote-do-leilao-de-sexta\/","name":"Diretores da ANEEL criticam pedido para tirar lote do leil\u00e3o de sexta - Ag\u00eancia iNFRA","isPartOf":{"@id":"https:\/\/agenciainfra.com\/blog\/#website"},"primaryImageOfPage":{"@id":"https:\/\/agenciainfra.com\/blog\/diretores-da-aneel-criticam-pedido-para-tirar-lote-do-leilao-de-sexta\/#primaryimage"},"image":{"@id":"https:\/\/agenciainfra.com\/blog\/diretores-da-aneel-criticam-pedido-para-tirar-lote-do-leilao-de-sexta\/#primaryimage"},"thumbnailUrl":"https:\/\/agenciainfra.com\/blog\/wp-content\/uploads\/2025\/09\/sandoval-feitosa-foto-victoria-santos-aneel.jpg","datePublished":"2025-09-23T14:00:04+00:00","dateModified":"2025-09-24T00:27:49+00:00","breadcrumb":{"@id":"https:\/\/agenciainfra.com\/blog\/diretores-da-aneel-criticam-pedido-para-tirar-lote-do-leilao-de-sexta\/#breadcrumb"},"inLanguage":"pt-BR","potentialAction":[{"@type":"ReadAction","target":["https:\/\/agenciainfra.com\/blog\/diretores-da-aneel-criticam-pedido-para-tirar-lote-do-leilao-de-sexta\/"]}]},{"@type":"ImageObject","inLanguage":"pt-BR","@id":"https:\/\/agenciainfra.com\/blog\/diretores-da-aneel-criticam-pedido-para-tirar-lote-do-leilao-de-sexta\/#primaryimage","url":"https:\/\/agenciainfra.com\/blog\/wp-content\/uploads\/2025\/09\/sandoval-feitosa-foto-victoria-santos-aneel.jpg","contentUrl":"https:\/\/agenciainfra.com\/blog\/wp-content\/uploads\/2025\/09\/sandoval-feitosa-foto-victoria-santos-aneel.jpg","width":1280,"height":853,"caption":"Foto: Vict\u00f3ria Santos\/ANEEL"},{"@type":"BreadcrumbList","@id":"https:\/\/agenciainfra.com\/blog\/diretores-da-aneel-criticam-pedido-para-tirar-lote-do-leilao-de-sexta\/#breadcrumb","itemListElement":[{"@type":"ListItem","position":1,"name":"In\u00edcio","item":"https:\/\/agenciainfra.com\/blog\/"},{"@type":"ListItem","position":2,"name":"Diretores da ANEEL criticam pedido para tirar lote do leil\u00e3o de sexta"}]},{"@type":"WebSite","@id":"https:\/\/agenciainfra.com\/blog\/#website","url":"https:\/\/agenciainfra.com\/blog\/","name":"Ag\u00eancia iNFRA","description":"Multiplataforma de informa\u00e7\u00e3o jornal\u00edstica refer\u00eancia na \u00e1rea de infraestrutura no Brasil!","publisher":{"@id":"https:\/\/agenciainfra.com\/blog\/#organization"},"potentialAction":[{"@type":"SearchAction","target":{"@type":"EntryPoint","urlTemplate":"https:\/\/agenciainfra.com\/blog\/?s={search_term_string}"},"query-input":{"@type":"PropertyValueSpecification","valueRequired":true,"valueName":"search_term_string"}}],"inLanguage":"pt-BR"},{"@type":"Organization","@id":"https:\/\/agenciainfra.com\/blog\/#organization","name":"Ag\u00eancia iNFRA","url":"https:\/\/agenciainfra.com\/blog\/","logo":{"@type":"ImageObject","inLanguage":"pt-BR","@id":"https:\/\/agenciainfra.com\/blog\/#\/schema\/logo\/image\/","url":"https:\/\/agenciainfra.com\/blog\/wp-content\/uploads\/2023\/09\/iNFRA_5-e1761735885940.png","contentUrl":"https:\/\/agenciainfra.com\/blog\/wp-content\/uploads\/2023\/09\/iNFRA_5-e1761735885940.png","width":1672,"height":454,"caption":"Ag\u00eancia iNFRA"},"image":{"@id":"https:\/\/agenciainfra.com\/blog\/#\/schema\/logo\/image\/"},"sameAs":["https:\/\/www.facebook.com\/ageninfra","https:\/\/x.com\/agencia_infra","https:\/\/www.linkedin.com\/company\/ag\u00eanciainfra\/","https:\/\/www.instagram.com\/agenciainfra\/"]},{"@type":"Person","@id":"https:\/\/agenciainfra.com\/blog\/#\/schema\/person\/34af08dff6adea4cb22b06612ba7acfa","name":"Ag\u00eancia iNFRA","image":{"@type":"ImageObject","inLanguage":"pt-BR","@id":"https:\/\/agenciainfra.com\/blog\/#\/schema\/person\/image\/","url":"https:\/\/secure.gravatar.com\/avatar\/d189e01678f06d8eb84d4e01f08eb848b3fffe3f8443818d3c356c66892f5be8?s=96&d=mm&r=g","contentUrl":"https:\/\/secure.gravatar.com\/avatar\/d189e01678f06d8eb84d4e01f08eb848b3fffe3f8443818d3c356c66892f5be8?s=96&d=mm&r=g","caption":"Ag\u00eancia iNFRA"},"url":"https:\/\/agenciainfra.com\/blog\/author\/admin\/"}]}},"_links":{"self":[{"href":"https:\/\/agenciainfra.com\/blog\/wp-json\/wp\/v2\/posts\/28340","targetHints":{"allow":["GET"]}}],"collection":[{"href":"https:\/\/agenciainfra.com\/blog\/wp-json\/wp\/v2\/posts"}],"about":[{"href":"https:\/\/agenciainfra.com\/blog\/wp-json\/wp\/v2\/types\/post"}],"author":[{"embeddable":true,"href":"https:\/\/agenciainfra.com\/blog\/wp-json\/wp\/v2\/users\/1"}],"replies":[{"embeddable":true,"href":"https:\/\/agenciainfra.com\/blog\/wp-json\/wp\/v2\/comments?post=28340"}],"version-history":[{"count":1,"href":"https:\/\/agenciainfra.com\/blog\/wp-json\/wp\/v2\/posts\/28340\/revisions"}],"predecessor-version":[{"id":28342,"href":"https:\/\/agenciainfra.com\/blog\/wp-json\/wp\/v2\/posts\/28340\/revisions\/28342"}],"wp:featuredmedia":[{"embeddable":true,"href":"https:\/\/agenciainfra.com\/blog\/wp-json\/wp\/v2\/media\/28346"}],"wp:attachment":[{"href":"https:\/\/agenciainfra.com\/blog\/wp-json\/wp\/v2\/media?parent=28340"}],"wp:term":[{"taxonomy":"category","embeddable":true,"href":"https:\/\/agenciainfra.com\/blog\/wp-json\/wp\/v2\/categories?post=28340"},{"taxonomy":"post_tag","embeddable":true,"href":"https:\/\/agenciainfra.com\/blog\/wp-json\/wp\/v2\/tags?post=28340"}],"curies":[{"name":"wp","href":"https:\/\/api.w.org\/{rel}","templated":true}]}}