{"id":28377,"date":"2025-09-23T13:00:00","date_gmt":"2025-09-23T16:00:00","guid":{"rendered":"https:\/\/agenciainfra.com\/blog\/?p=28377"},"modified":"2025-09-24T10:32:10","modified_gmt":"2025-09-24T13:32:10","slug":"corpo-tecnico-da-aneel-tem-que-se-impor-diz-alexandre-silveira","status":"publish","type":"post","link":"https:\/\/agenciainfra.com\/blog\/corpo-tecnico-da-aneel-tem-que-se-impor-diz-alexandre-silveira\/","title":{"rendered":"&#8216;Corpo t\u00e9cnico da ANEEL tem que se impor&#8217;, diz Alexandre Silveira"},"content":{"rendered":"\n<p class=\"has-text-align-right\"><strong>Marisa Wanzeller e Lais Carregosa, da Ag\u00eancia iNFRA<\/strong><\/p>\n\n\n\n<p>O ministro Alexandre Silveira, de Minas e Energia, afirmou que o \u201ccorpo t\u00e9cnico\u201d da ANEEL (Ag\u00eancia Nacional de Energia El\u00e9trica) precisa \u201cse impor\u201d em prol de uma regula\u00e7\u00e3o forte. \u201cOs t\u00e9cnicos t\u00eam que realmente impor sua vis\u00e3o, porque os diretores passam, n\u00f3s pol\u00edticos passamos, mas voc\u00eas v\u00e3o continuar ali&#8221;, disse, nesta ter\u00e7a-feira (23), durante cerim\u00f4nia de renova\u00e7\u00e3o do contrato da Neoenergia Pernambuco, na sede da pasta, em Bras\u00edlia.<\/p>\n\n\n\n<p>\u201cEsse corpo t\u00e9cnico, cada vez mais, garantindo a sua sinergia com a diretoria, tem que se impor para que tenhamos decis\u00f5es firmes, regula\u00e7\u00e3o forte&#8221;, ponderou.<\/p>\n\n\n\n<p>Na \u00faltima semana, durante a posse dos novos diretores da ag\u00eancia, <a href=\"https:\/\/agenciainfra.com\/blog\/silveira-pede-a-aneel-que-avance-com-renovacao-de-distribuidoras\/\">o ministro pediu<\/a> que a reguladora n\u00e3o deixasse que a \u201cpoliticagem\u201d interferisse nos processos de renova\u00e7\u00e3o de concess\u00f5es de distribuidoras de energia.&nbsp;<\/p>\n","protected":false},"excerpt":{"rendered":"<p>Marisa Wanzeller e Lais Carregosa, da Ag\u00eancia iNFRA O ministro Alexandre Silveira, de Minas e Energia, afirmou que o \u201ccorpo t\u00e9cnico\u201d da ANEEL (Ag\u00eancia Nacional de Energia El\u00e9trica) precisa \u201cse impor\u201d em prol de uma regula\u00e7\u00e3o forte. \u201cOs t\u00e9cnicos t\u00eam que realmente impor sua vis\u00e3o, porque os diretores passam, n\u00f3s pol\u00edticos passamos, mas voc\u00eas v\u00e3o [&hellip;]<\/p>\n","protected":false},"author":1,"featured_media":27331,"comment_status":"closed","ping_status":"closed","sticky":false,"template":"","format":"standard","meta":{"_monsterinsights_skip_tracking":false,"_monsterinsights_sitenote_active":false,"_monsterinsights_sitenote_note":"","_monsterinsights_sitenote_category":0,"footnotes":""},"categories":[1,10],"tags":[72,53,13132,7366,96,12541,71,48,54,15543],"class_list":["post-28377","post","type-post","status-publish","format-standard","has-post-thumbnail","hentry","category-geral","category-infraenergia","tag-agencia-reguladora","tag-aneel","tag-lais-carregosa","tag-marisa-wanzeller","tag-ministerio-de-minas-e-energia","tag-ministro-alexandre-silveira","tag-mme","tag-regulacao","tag-setor-eletrico","tag-tecnicos-da-aneel"],"yoast_head":"<!-- This site is optimized with the Yoast SEO Premium plugin v25.4 (Yoast SEO v26.0) - https:\/\/yoast.com\/wordpress\/plugins\/seo\/ -->\n<title>&#039;Corpo t\u00e9cnico da ANEEL tem que se impor&#039;, diz Alexandre Silveira - Ag\u00eancia iNFRA<\/title>\n<meta name=\"robots\" content=\"index, follow, max-snippet:-1, max-image-preview:large, max-video-preview:-1\" \/>\n<link rel=\"canonical\" href=\"https:\/\/agenciainfra.com\/blog\/corpo-tecnico-da-aneel-tem-que-se-impor-diz-alexandre-silveira\/\" \/>\n<meta property=\"og:locale\" content=\"pt_BR\" \/>\n<meta property=\"og:type\" content=\"article\" \/>\n<meta property=\"og:title\" content=\"&#039;Corpo t\u00e9cnico da ANEEL tem que se impor&#039;, diz Alexandre Silveira\" \/>\n<meta property=\"og:description\" content=\"Marisa Wanzeller e Lais Carregosa, da Ag\u00eancia iNFRA O ministro Alexandre Silveira, de Minas e Energia, afirmou que o \u201ccorpo t\u00e9cnico\u201d da ANEEL (Ag\u00eancia Nacional de Energia El\u00e9trica) precisa \u201cse impor\u201d em prol de uma regula\u00e7\u00e3o forte. \u201cOs t\u00e9cnicos t\u00eam que realmente impor sua vis\u00e3o, porque os diretores passam, n\u00f3s pol\u00edticos passamos, mas voc\u00eas v\u00e3o [&hellip;]\" \/>\n<meta property=\"og:url\" content=\"https:\/\/agenciainfra.com\/blog\/corpo-tecnico-da-aneel-tem-que-se-impor-diz-alexandre-silveira\/\" \/>\n<meta property=\"og:site_name\" content=\"Ag\u00eancia iNFRA\" \/>\n<meta property=\"article:publisher\" content=\"https:\/\/www.facebook.com\/ageninfra\" \/>\n<meta property=\"article:published_time\" content=\"2025-09-23T16:00:00+00:00\" \/>\n<meta property=\"article:modified_time\" content=\"2025-09-24T13:32:10+00:00\" \/>\n<meta property=\"og:image\" content=\"https:\/\/agenciainfra.com\/blog\/wp-content\/uploads\/2025\/09\/Silveira-recua-scaled.jpg\" \/>\n\t<meta property=\"og:image:width\" content=\"2560\" \/>\n\t<meta property=\"og:image:height\" content=\"1707\" \/>\n\t<meta property=\"og:image:type\" content=\"image\/jpeg\" \/>\n<meta name=\"author\" content=\"Ag\u00eancia iNFRA\" \/>\n<meta name=\"twitter:card\" content=\"summary_large_image\" \/>\n<meta name=\"twitter:creator\" content=\"@agencia_infra\" \/>\n<meta name=\"twitter:site\" content=\"@agencia_infra\" \/>\n<meta name=\"twitter:label1\" content=\"Escrito por\" \/>\n\t<meta name=\"twitter:data1\" content=\"Ag\u00eancia iNFRA\" \/>\n\t<meta name=\"twitter:label2\" content=\"Est. tempo de leitura\" \/>\n\t<meta name=\"twitter:data2\" content=\"1 minuto\" \/>\n<script type=\"application\/ld+json\" class=\"yoast-schema-graph\">{\"@context\":\"https:\/\/schema.org\",\"@graph\":[{\"@type\":\"Article\",\"@id\":\"https:\/\/agenciainfra.com\/blog\/corpo-tecnico-da-aneel-tem-que-se-impor-diz-alexandre-silveira\/#article\",\"isPartOf\":{\"@id\":\"https:\/\/agenciainfra.com\/blog\/corpo-tecnico-da-aneel-tem-que-se-impor-diz-alexandre-silveira\/\"},\"author\":{\"name\":\"Ag\u00eancia iNFRA\",\"@id\":\"https:\/\/agenciainfra.com\/blog\/#\/schema\/person\/34af08dff6adea4cb22b06612ba7acfa\"},\"headline\":\"&#8216;Corpo t\u00e9cnico da ANEEL tem que se impor&#8217;, diz Alexandre Silveira\",\"datePublished\":\"2025-09-23T16:00:00+00:00\",\"dateModified\":\"2025-09-24T13:32:10+00:00\",\"mainEntityOfPage\":{\"@id\":\"https:\/\/agenciainfra.com\/blog\/corpo-tecnico-da-aneel-tem-que-se-impor-diz-alexandre-silveira\/\"},\"wordCount\":169,\"publisher\":{\"@id\":\"https:\/\/agenciainfra.com\/blog\/#organization\"},\"image\":{\"@id\":\"https:\/\/agenciainfra.com\/blog\/corpo-tecnico-da-aneel-tem-que-se-impor-diz-alexandre-silveira\/#primaryimage\"},\"thumbnailUrl\":\"https:\/\/agenciainfra.com\/blog\/wp-content\/uploads\/2025\/09\/Silveira-recua-scaled.jpg\",\"keywords\":[\"ag\u00eancia reguladora\",\"ANEEL\",\"Lais Carregosa\",\"Marisa Wanzeller\",\"Minist\u00e9rio de Minas e Energia\",\"Ministro Alexandre Silveira\",\"MME\",\"Regula\u00e7\u00e3o\",\"Setor El\u00e9trico\",\"T\u00e9cnicos da ANEEL\"],\"articleSection\":[\"Geral\",\"iNFRAEnergia\"],\"inLanguage\":\"pt-BR\",\"copyrightYear\":\"2025\",\"copyrightHolder\":{\"@id\":\"https:\/\/agenciainfra.com\/blog\/#organization\"}},{\"@type\":\"WebPage\",\"@id\":\"https:\/\/agenciainfra.com\/blog\/corpo-tecnico-da-aneel-tem-que-se-impor-diz-alexandre-silveira\/\",\"url\":\"https:\/\/agenciainfra.com\/blog\/corpo-tecnico-da-aneel-tem-que-se-impor-diz-alexandre-silveira\/\",\"name\":\"'Corpo t\u00e9cnico da ANEEL tem que se impor', diz Alexandre Silveira - Ag\u00eancia iNFRA\",\"isPartOf\":{\"@id\":\"https:\/\/agenciainfra.com\/blog\/#website\"},\"primaryImageOfPage\":{\"@id\":\"https:\/\/agenciainfra.com\/blog\/corpo-tecnico-da-aneel-tem-que-se-impor-diz-alexandre-silveira\/#primaryimage\"},\"image\":{\"@id\":\"https:\/\/agenciainfra.com\/blog\/corpo-tecnico-da-aneel-tem-que-se-impor-diz-alexandre-silveira\/#primaryimage\"},\"thumbnailUrl\":\"https:\/\/agenciainfra.com\/blog\/wp-content\/uploads\/2025\/09\/Silveira-recua-scaled.jpg\",\"datePublished\":\"2025-09-23T16:00:00+00:00\",\"dateModified\":\"2025-09-24T13:32:10+00:00\",\"breadcrumb\":{\"@id\":\"https:\/\/agenciainfra.com\/blog\/corpo-tecnico-da-aneel-tem-que-se-impor-diz-alexandre-silveira\/#breadcrumb\"},\"inLanguage\":\"pt-BR\",\"potentialAction\":[{\"@type\":\"ReadAction\",\"target\":[\"https:\/\/agenciainfra.com\/blog\/corpo-tecnico-da-aneel-tem-que-se-impor-diz-alexandre-silveira\/\"]}]},{\"@type\":\"ImageObject\",\"inLanguage\":\"pt-BR\",\"@id\":\"https:\/\/agenciainfra.com\/blog\/corpo-tecnico-da-aneel-tem-que-se-impor-diz-alexandre-silveira\/#primaryimage\",\"url\":\"https:\/\/agenciainfra.com\/blog\/wp-content\/uploads\/2025\/09\/Silveira-recua-scaled.jpg\",\"contentUrl\":\"https:\/\/agenciainfra.com\/blog\/wp-content\/uploads\/2025\/09\/Silveira-recua-scaled.jpg\",\"width\":2560,\"height\":1707,\"caption\":\"Foto: Marcelo Camargo\/Ag\u00eancia Brasil\"},{\"@type\":\"BreadcrumbList\",\"@id\":\"https:\/\/agenciainfra.com\/blog\/corpo-tecnico-da-aneel-tem-que-se-impor-diz-alexandre-silveira\/#breadcrumb\",\"itemListElement\":[{\"@type\":\"ListItem\",\"position\":1,\"name\":\"In\u00edcio\",\"item\":\"https:\/\/agenciainfra.com\/blog\/\"},{\"@type\":\"ListItem\",\"position\":2,\"name\":\"&#8216;Corpo t\u00e9cnico da ANEEL tem que se impor&#8217;, diz Alexandre Silveira\"}]},{\"@type\":\"WebSite\",\"@id\":\"https:\/\/agenciainfra.com\/blog\/#website\",\"url\":\"https:\/\/agenciainfra.com\/blog\/\",\"name\":\"Ag\u00eancia iNFRA\",\"description\":\"Multiplataforma de informa\u00e7\u00e3o jornal\u00edstica refer\u00eancia na \u00e1rea de infraestrutura no Brasil!\",\"publisher\":{\"@id\":\"https:\/\/agenciainfra.com\/blog\/#organization\"},\"potentialAction\":[{\"@type\":\"SearchAction\",\"target\":{\"@type\":\"EntryPoint\",\"urlTemplate\":\"https:\/\/agenciainfra.com\/blog\/?s={search_term_string}\"},\"query-input\":{\"@type\":\"PropertyValueSpecification\",\"valueRequired\":true,\"valueName\":\"search_term_string\"}}],\"inLanguage\":\"pt-BR\"},{\"@type\":\"Organization\",\"@id\":\"https:\/\/agenciainfra.com\/blog\/#organization\",\"name\":\"Ag\u00eancia iNFRA\",\"url\":\"https:\/\/agenciainfra.com\/blog\/\",\"logo\":{\"@type\":\"ImageObject\",\"inLanguage\":\"pt-BR\",\"@id\":\"https:\/\/agenciainfra.com\/blog\/#\/schema\/logo\/image\/\",\"url\":\"https:\/\/agenciainfra.com\/blog\/wp-content\/uploads\/2023\/09\/iNFRA_5-e1761735885940.png\",\"contentUrl\":\"https:\/\/agenciainfra.com\/blog\/wp-content\/uploads\/2023\/09\/iNFRA_5-e1761735885940.png\",\"width\":1672,\"height\":454,\"caption\":\"Ag\u00eancia iNFRA\"},\"image\":{\"@id\":\"https:\/\/agenciainfra.com\/blog\/#\/schema\/logo\/image\/\"},\"sameAs\":[\"https:\/\/www.facebook.com\/ageninfra\",\"https:\/\/x.com\/agencia_infra\",\"https:\/\/www.linkedin.com\/company\/ag\u00eanciainfra\/\",\"https:\/\/www.instagram.com\/agenciainfra\/\"]},{\"@type\":\"Person\",\"@id\":\"https:\/\/agenciainfra.com\/blog\/#\/schema\/person\/34af08dff6adea4cb22b06612ba7acfa\",\"name\":\"Ag\u00eancia iNFRA\",\"image\":{\"@type\":\"ImageObject\",\"inLanguage\":\"pt-BR\",\"@id\":\"https:\/\/agenciainfra.com\/blog\/#\/schema\/person\/image\/\",\"url\":\"https:\/\/secure.gravatar.com\/avatar\/d189e01678f06d8eb84d4e01f08eb848b3fffe3f8443818d3c356c66892f5be8?s=96&d=mm&r=g\",\"contentUrl\":\"https:\/\/secure.gravatar.com\/avatar\/d189e01678f06d8eb84d4e01f08eb848b3fffe3f8443818d3c356c66892f5be8?s=96&d=mm&r=g\",\"caption\":\"Ag\u00eancia iNFRA\"},\"url\":\"https:\/\/agenciainfra.com\/blog\/author\/admin\/\"}]}<\/script>\n<!-- \/ Yoast SEO Premium plugin. -->","yoast_head_json":{"title":"'Corpo t\u00e9cnico da ANEEL tem que se impor', diz Alexandre Silveira - Ag\u00eancia iNFRA","robots":{"index":"index","follow":"follow","max-snippet":"max-snippet:-1","max-image-preview":"max-image-preview:large","max-video-preview":"max-video-preview:-1"},"canonical":"https:\/\/agenciainfra.com\/blog\/corpo-tecnico-da-aneel-tem-que-se-impor-diz-alexandre-silveira\/","og_locale":"pt_BR","og_type":"article","og_title":"'Corpo t\u00e9cnico da ANEEL tem que se impor', diz Alexandre Silveira","og_description":"Marisa Wanzeller e Lais Carregosa, da Ag\u00eancia iNFRA O ministro Alexandre Silveira, de Minas e Energia, afirmou que o \u201ccorpo t\u00e9cnico\u201d da ANEEL (Ag\u00eancia Nacional de Energia El\u00e9trica) precisa \u201cse impor\u201d em prol de uma regula\u00e7\u00e3o forte. \u201cOs t\u00e9cnicos t\u00eam que realmente impor sua vis\u00e3o, porque os diretores passam, n\u00f3s pol\u00edticos passamos, mas voc\u00eas v\u00e3o [&hellip;]","og_url":"https:\/\/agenciainfra.com\/blog\/corpo-tecnico-da-aneel-tem-que-se-impor-diz-alexandre-silveira\/","og_site_name":"Ag\u00eancia iNFRA","article_publisher":"https:\/\/www.facebook.com\/ageninfra","article_published_time":"2025-09-23T16:00:00+00:00","article_modified_time":"2025-09-24T13:32:10+00:00","og_image":[{"width":2560,"height":1707,"url":"https:\/\/agenciainfra.com\/blog\/wp-content\/uploads\/2025\/09\/Silveira-recua-scaled.jpg","type":"image\/jpeg"}],"author":"Ag\u00eancia iNFRA","twitter_card":"summary_large_image","twitter_creator":"@agencia_infra","twitter_site":"@agencia_infra","twitter_misc":{"Escrito por":"Ag\u00eancia iNFRA","Est. tempo de leitura":"1 minuto"},"schema":{"@context":"https:\/\/schema.org","@graph":[{"@type":"Article","@id":"https:\/\/agenciainfra.com\/blog\/corpo-tecnico-da-aneel-tem-que-se-impor-diz-alexandre-silveira\/#article","isPartOf":{"@id":"https:\/\/agenciainfra.com\/blog\/corpo-tecnico-da-aneel-tem-que-se-impor-diz-alexandre-silveira\/"},"author":{"name":"Ag\u00eancia iNFRA","@id":"https:\/\/agenciainfra.com\/blog\/#\/schema\/person\/34af08dff6adea4cb22b06612ba7acfa"},"headline":"&#8216;Corpo t\u00e9cnico da ANEEL tem que se impor&#8217;, diz Alexandre Silveira","datePublished":"2025-09-23T16:00:00+00:00","dateModified":"2025-09-24T13:32:10+00:00","mainEntityOfPage":{"@id":"https:\/\/agenciainfra.com\/blog\/corpo-tecnico-da-aneel-tem-que-se-impor-diz-alexandre-silveira\/"},"wordCount":169,"publisher":{"@id":"https:\/\/agenciainfra.com\/blog\/#organization"},"image":{"@id":"https:\/\/agenciainfra.com\/blog\/corpo-tecnico-da-aneel-tem-que-se-impor-diz-alexandre-silveira\/#primaryimage"},"thumbnailUrl":"https:\/\/agenciainfra.com\/blog\/wp-content\/uploads\/2025\/09\/Silveira-recua-scaled.jpg","keywords":["ag\u00eancia reguladora","ANEEL","Lais Carregosa","Marisa Wanzeller","Minist\u00e9rio de Minas e Energia","Ministro Alexandre Silveira","MME","Regula\u00e7\u00e3o","Setor El\u00e9trico","T\u00e9cnicos da ANEEL"],"articleSection":["Geral","iNFRAEnergia"],"inLanguage":"pt-BR","copyrightYear":"2025","copyrightHolder":{"@id":"https:\/\/agenciainfra.com\/blog\/#organization"}},{"@type":"WebPage","@id":"https:\/\/agenciainfra.com\/blog\/corpo-tecnico-da-aneel-tem-que-se-impor-diz-alexandre-silveira\/","url":"https:\/\/agenciainfra.com\/blog\/corpo-tecnico-da-aneel-tem-que-se-impor-diz-alexandre-silveira\/","name":"'Corpo t\u00e9cnico da ANEEL tem que se impor', diz Alexandre Silveira - Ag\u00eancia iNFRA","isPartOf":{"@id":"https:\/\/agenciainfra.com\/blog\/#website"},"primaryImageOfPage":{"@id":"https:\/\/agenciainfra.com\/blog\/corpo-tecnico-da-aneel-tem-que-se-impor-diz-alexandre-silveira\/#primaryimage"},"image":{"@id":"https:\/\/agenciainfra.com\/blog\/corpo-tecnico-da-aneel-tem-que-se-impor-diz-alexandre-silveira\/#primaryimage"},"thumbnailUrl":"https:\/\/agenciainfra.com\/blog\/wp-content\/uploads\/2025\/09\/Silveira-recua-scaled.jpg","datePublished":"2025-09-23T16:00:00+00:00","dateModified":"2025-09-24T13:32:10+00:00","breadcrumb":{"@id":"https:\/\/agenciainfra.com\/blog\/corpo-tecnico-da-aneel-tem-que-se-impor-diz-alexandre-silveira\/#breadcrumb"},"inLanguage":"pt-BR","potentialAction":[{"@type":"ReadAction","target":["https:\/\/agenciainfra.com\/blog\/corpo-tecnico-da-aneel-tem-que-se-impor-diz-alexandre-silveira\/"]}]},{"@type":"ImageObject","inLanguage":"pt-BR","@id":"https:\/\/agenciainfra.com\/blog\/corpo-tecnico-da-aneel-tem-que-se-impor-diz-alexandre-silveira\/#primaryimage","url":"https:\/\/agenciainfra.com\/blog\/wp-content\/uploads\/2025\/09\/Silveira-recua-scaled.jpg","contentUrl":"https:\/\/agenciainfra.com\/blog\/wp-content\/uploads\/2025\/09\/Silveira-recua-scaled.jpg","width":2560,"height":1707,"caption":"Foto: Marcelo Camargo\/Ag\u00eancia Brasil"},{"@type":"BreadcrumbList","@id":"https:\/\/agenciainfra.com\/blog\/corpo-tecnico-da-aneel-tem-que-se-impor-diz-alexandre-silveira\/#breadcrumb","itemListElement":[{"@type":"ListItem","position":1,"name":"In\u00edcio","item":"https:\/\/agenciainfra.com\/blog\/"},{"@type":"ListItem","position":2,"name":"&#8216;Corpo t\u00e9cnico da ANEEL tem que se impor&#8217;, diz Alexandre Silveira"}]},{"@type":"WebSite","@id":"https:\/\/agenciainfra.com\/blog\/#website","url":"https:\/\/agenciainfra.com\/blog\/","name":"Ag\u00eancia iNFRA","description":"Multiplataforma de informa\u00e7\u00e3o jornal\u00edstica refer\u00eancia na \u00e1rea de infraestrutura no Brasil!","publisher":{"@id":"https:\/\/agenciainfra.com\/blog\/#organization"},"potentialAction":[{"@type":"SearchAction","target":{"@type":"EntryPoint","urlTemplate":"https:\/\/agenciainfra.com\/blog\/?s={search_term_string}"},"query-input":{"@type":"PropertyValueSpecification","valueRequired":true,"valueName":"search_term_string"}}],"inLanguage":"pt-BR"},{"@type":"Organization","@id":"https:\/\/agenciainfra.com\/blog\/#organization","name":"Ag\u00eancia iNFRA","url":"https:\/\/agenciainfra.com\/blog\/","logo":{"@type":"ImageObject","inLanguage":"pt-BR","@id":"https:\/\/agenciainfra.com\/blog\/#\/schema\/logo\/image\/","url":"https:\/\/agenciainfra.com\/blog\/wp-content\/uploads\/2023\/09\/iNFRA_5-e1761735885940.png","contentUrl":"https:\/\/agenciainfra.com\/blog\/wp-content\/uploads\/2023\/09\/iNFRA_5-e1761735885940.png","width":1672,"height":454,"caption":"Ag\u00eancia iNFRA"},"image":{"@id":"https:\/\/agenciainfra.com\/blog\/#\/schema\/logo\/image\/"},"sameAs":["https:\/\/www.facebook.com\/ageninfra","https:\/\/x.com\/agencia_infra","https:\/\/www.linkedin.com\/company\/ag\u00eanciainfra\/","https:\/\/www.instagram.com\/agenciainfra\/"]},{"@type":"Person","@id":"https:\/\/agenciainfra.com\/blog\/#\/schema\/person\/34af08dff6adea4cb22b06612ba7acfa","name":"Ag\u00eancia iNFRA","image":{"@type":"ImageObject","inLanguage":"pt-BR","@id":"https:\/\/agenciainfra.com\/blog\/#\/schema\/person\/image\/","url":"https:\/\/secure.gravatar.com\/avatar\/d189e01678f06d8eb84d4e01f08eb848b3fffe3f8443818d3c356c66892f5be8?s=96&d=mm&r=g","contentUrl":"https:\/\/secure.gravatar.com\/avatar\/d189e01678f06d8eb84d4e01f08eb848b3fffe3f8443818d3c356c66892f5be8?s=96&d=mm&r=g","caption":"Ag\u00eancia iNFRA"},"url":"https:\/\/agenciainfra.com\/blog\/author\/admin\/"}]}},"_links":{"self":[{"href":"https:\/\/agenciainfra.com\/blog\/wp-json\/wp\/v2\/posts\/28377","targetHints":{"allow":["GET"]}}],"collection":[{"href":"https:\/\/agenciainfra.com\/blog\/wp-json\/wp\/v2\/posts"}],"about":[{"href":"https:\/\/agenciainfra.com\/blog\/wp-json\/wp\/v2\/types\/post"}],"author":[{"embeddable":true,"href":"https:\/\/agenciainfra.com\/blog\/wp-json\/wp\/v2\/users\/1"}],"replies":[{"embeddable":true,"href":"https:\/\/agenciainfra.com\/blog\/wp-json\/wp\/v2\/comments?post=28377"}],"version-history":[{"count":3,"href":"https:\/\/agenciainfra.com\/blog\/wp-json\/wp\/v2\/posts\/28377\/revisions"}],"predecessor-version":[{"id":28492,"href":"https:\/\/agenciainfra.com\/blog\/wp-json\/wp\/v2\/posts\/28377\/revisions\/28492"}],"wp:featuredmedia":[{"embeddable":true,"href":"https:\/\/agenciainfra.com\/blog\/wp-json\/wp\/v2\/media\/27331"}],"wp:attachment":[{"href":"https:\/\/agenciainfra.com\/blog\/wp-json\/wp\/v2\/media?parent=28377"}],"wp:term":[{"taxonomy":"category","embeddable":true,"href":"https:\/\/agenciainfra.com\/blog\/wp-json\/wp\/v2\/categories?post=28377"},{"taxonomy":"post_tag","embeddable":true,"href":"https:\/\/agenciainfra.com\/blog\/wp-json\/wp\/v2\/tags?post=28377"}],"curies":[{"name":"wp","href":"https:\/\/api.w.org\/{rel}","templated":true}]}}