{"id":28392,"date":"2025-09-23T13:17:41","date_gmt":"2025-09-23T16:17:41","guid":{"rendered":"https:\/\/agenciainfra.com\/blog\/?p=28392"},"modified":"2025-09-24T12:05:45","modified_gmt":"2025-09-24T15:05:45","slug":"equinor-conclui-trecho-do-gasoduto-raia-em-aguas-rasas","status":"publish","type":"post","link":"https:\/\/agenciainfra.com\/blog\/equinor-conclui-trecho-do-gasoduto-raia-em-aguas-rasas\/","title":{"rendered":"Equinor conclui trecho do Gasoduto Raia em \u00e1guas rasas"},"content":{"rendered":"\n<p class=\"has-text-align-right\"><strong>Gabriel Vasconcelos, da Ag\u00eancia iNFRA<\/strong><\/p>\n\n\n\n<p>A petroleira norueguesa Equinor informou nessa segunda-feira (22) a conclus\u00e3o de um primeiro trecho, de 15 quil\u00f4metros em \u00e1guas rasas, do gasoduto de seu projeto Raia.<\/p>\n\n\n\n<p>Em julho, a Equinor recebeu do Ibama a licen\u00e7a para instala\u00e7\u00e3o da estrutura, agora em franca constru\u00e7\u00e3o. A instala\u00e7\u00e3o do trecho de \u00e1guas rasas durou cerca de dois meses. As equipes do projeto seguir\u00e3o para a instala\u00e7\u00e3o do trecho terrestre do gasoduto, que ter\u00e1 cerca de quatro quil\u00f4metros at\u00e9 se conectar \u00e0 malha de transporte de g\u00e1s, em Maca\u00e9 (RJ).<\/p>\n\n\n\n<p>O gasoduto Raia ter\u00e1 200 quil\u00f4metros para ligar o navio-plataforma (FPSO) instalado no bloco BM-C-33, na Bacia de Campos, ao Terminal de Cabi\u00fanas, em Maca\u00e9 (RJ). O in\u00edcio da opera\u00e7\u00e3o est\u00e1 previsto para 2028.<\/p>\n\n\n\n<p>O projeto ter\u00e1, segundo a Equinor, uma capacidade de enviar 16 milh\u00f5es de metros c\u00fabicos de g\u00e1s padr\u00e3o por dia (MSm\u00b3\/d) ao mercado brasileiro, o que pode representar at\u00e9 15% da demanda nacional. As reservas recuper\u00e1veis de \u00f3leo\/condensado s\u00e3o superiores a 1 bilh\u00e3o de boe (barris de \u00f3leo equivalente).<\/p>\n\n\n\n<p>O empreendimento ser\u00e1 operado pela Equinor (35%) em cons\u00f3rcio com Repsol Sinopec (35%) e Petrobras (30%). \u00c9 um dos tr\u00eas grandes projetos para incrementar a oferta de g\u00e1s novo ao mercado nacional, junto do Rota 3 (j\u00e1 ativo) e Sergipe-Alagoas, encabe\u00e7ados pela Petrobras. A novidade, em Raia, \u00e9 que o FPSO ser\u00e1 capaz de tratar o \u00f3leo\/condensado e escoar \u201cg\u00e1s pronto\u201d para o mercado, reduzindo a depend\u00eancia de unidades de tratamento em terra. A parte l\u00edquida (petr\u00f3leo) ser\u00e1 descarregada por meio de navios aliviadores.<\/p>\n\n\n\n<p>&#8220;A conclus\u00e3o da constru\u00e7\u00e3o do trecho de \u00e1guas rasas refor\u00e7a a capacidade t\u00e9cnica do nosso time, que, tendo seguran\u00e7a como prioridade, seguir\u00e1 agora para as fases restantes: as instala\u00e7\u00f5es do trecho terrestre e de \u00e1guas profundas at\u00e9 o FPSO&#8221;, disse em nota o gerente do Gasoduto Raia, Pedro Veronesi.<\/p>\n","protected":false},"excerpt":{"rendered":"<p>Gabriel Vasconcelos, da Ag\u00eancia iNFRA A petroleira norueguesa Equinor informou nessa segunda-feira (22) a conclus\u00e3o de um primeiro trecho, de 15 quil\u00f4metros em \u00e1guas rasas, do gasoduto de seu projeto Raia. Em julho, a Equinor recebeu do Ibama a licen\u00e7a para instala\u00e7\u00e3o da estrutura, agora em franca constru\u00e7\u00e3o. A instala\u00e7\u00e3o do trecho de \u00e1guas rasas [&hellip;]<\/p>\n","protected":false},"author":1,"featured_media":24614,"comment_status":"closed","ping_status":"closed","sticky":false,"template":"","format":"standard","meta":{"_monsterinsights_skip_tracking":false,"_monsterinsights_sitenote_active":false,"_monsterinsights_sitenote_note":"","_monsterinsights_sitenote_category":0,"footnotes":""},"categories":[7250,1,13271],"tags":[13560,13426,13251,15544,749,3191,15545,13643],"class_list":["post-28392","post","type-post","status-publish","format-standard","has-post-thumbnail","hentry","category-destaque-lista","category-geral","category-oleo-gas","tag-bacia-de-campos","tag-equinor","tag-gabriel-vasconcelos","tag-gasoduto-raia","tag-ibama","tag-oleo-e-gas","tag-repsol-sinopec","tag-transporte-de-gas"],"yoast_head":"<!-- This site is optimized with the Yoast SEO Premium plugin v25.4 (Yoast SEO v26.0) - https:\/\/yoast.com\/wordpress\/plugins\/seo\/ -->\n<title>Equinor conclui trecho do Gasoduto Raia em \u00e1guas rasas - Ag\u00eancia iNFRA<\/title>\n<meta name=\"robots\" content=\"index, follow, max-snippet:-1, max-image-preview:large, max-video-preview:-1\" \/>\n<link rel=\"canonical\" href=\"https:\/\/agenciainfra.com\/blog\/equinor-conclui-trecho-do-gasoduto-raia-em-aguas-rasas\/\" \/>\n<meta property=\"og:locale\" content=\"pt_BR\" \/>\n<meta property=\"og:type\" content=\"article\" \/>\n<meta property=\"og:title\" content=\"Equinor conclui trecho do Gasoduto Raia em \u00e1guas rasas\" \/>\n<meta property=\"og:description\" content=\"Gabriel Vasconcelos, da Ag\u00eancia iNFRA A petroleira norueguesa Equinor informou nessa segunda-feira (22) a conclus\u00e3o de um primeiro trecho, de 15 quil\u00f4metros em \u00e1guas rasas, do gasoduto de seu projeto Raia. Em julho, a Equinor recebeu do Ibama a licen\u00e7a para instala\u00e7\u00e3o da estrutura, agora em franca constru\u00e7\u00e3o. A instala\u00e7\u00e3o do trecho de \u00e1guas rasas [&hellip;]\" \/>\n<meta property=\"og:url\" content=\"https:\/\/agenciainfra.com\/blog\/equinor-conclui-trecho-do-gasoduto-raia-em-aguas-rasas\/\" \/>\n<meta property=\"og:site_name\" content=\"Ag\u00eancia iNFRA\" \/>\n<meta property=\"article:publisher\" content=\"https:\/\/www.facebook.com\/ageninfra\" \/>\n<meta property=\"article:published_time\" content=\"2025-09-23T16:17:41+00:00\" \/>\n<meta property=\"article:modified_time\" content=\"2025-09-24T15:05:45+00:00\" \/>\n<meta property=\"og:image\" content=\"https:\/\/agenciainfra.com\/blog\/wp-content\/uploads\/2025\/07\/foto-projetoraia-equinor.jpeg\" \/>\n\t<meta property=\"og:image:width\" content=\"919\" \/>\n\t<meta property=\"og:image:height\" content=\"518\" \/>\n\t<meta property=\"og:image:type\" content=\"image\/jpeg\" \/>\n<meta name=\"author\" content=\"Ag\u00eancia iNFRA\" \/>\n<meta name=\"twitter:card\" content=\"summary_large_image\" \/>\n<meta name=\"twitter:creator\" content=\"@agencia_infra\" \/>\n<meta name=\"twitter:site\" content=\"@agencia_infra\" \/>\n<meta name=\"twitter:label1\" content=\"Escrito por\" \/>\n\t<meta name=\"twitter:data1\" content=\"Ag\u00eancia iNFRA\" \/>\n\t<meta name=\"twitter:label2\" content=\"Est. tempo de leitura\" \/>\n\t<meta name=\"twitter:data2\" content=\"2 minutos\" \/>\n<script type=\"application\/ld+json\" class=\"yoast-schema-graph\">{\"@context\":\"https:\/\/schema.org\",\"@graph\":[{\"@type\":\"Article\",\"@id\":\"https:\/\/agenciainfra.com\/blog\/equinor-conclui-trecho-do-gasoduto-raia-em-aguas-rasas\/#article\",\"isPartOf\":{\"@id\":\"https:\/\/agenciainfra.com\/blog\/equinor-conclui-trecho-do-gasoduto-raia-em-aguas-rasas\/\"},\"author\":{\"name\":\"Ag\u00eancia iNFRA\",\"@id\":\"https:\/\/agenciainfra.com\/blog\/#\/schema\/person\/34af08dff6adea4cb22b06612ba7acfa\"},\"headline\":\"Equinor conclui trecho do Gasoduto Raia em \u00e1guas rasas\",\"datePublished\":\"2025-09-23T16:17:41+00:00\",\"dateModified\":\"2025-09-24T15:05:45+00:00\",\"mainEntityOfPage\":{\"@id\":\"https:\/\/agenciainfra.com\/blog\/equinor-conclui-trecho-do-gasoduto-raia-em-aguas-rasas\/\"},\"wordCount\":341,\"publisher\":{\"@id\":\"https:\/\/agenciainfra.com\/blog\/#organization\"},\"image\":{\"@id\":\"https:\/\/agenciainfra.com\/blog\/equinor-conclui-trecho-do-gasoduto-raia-em-aguas-rasas\/#primaryimage\"},\"thumbnailUrl\":\"https:\/\/agenciainfra.com\/blog\/wp-content\/uploads\/2025\/07\/foto-projetoraia-equinor.jpeg\",\"keywords\":[\"Bacia de Campos\",\"Equinor\",\"Gabriel Vasconcelos\",\"Gasoduto Raia\",\"Ibama\",\"\u00f3leo e g\u00e1s\",\"Repsol Sinopec\",\"transporte de g\u00e1s\"],\"articleSection\":[\"Destaque lista\",\"Geral\",\"\u00d3leo &amp; G\u00e1s\"],\"inLanguage\":\"pt-BR\",\"copyrightYear\":\"2025\",\"copyrightHolder\":{\"@id\":\"https:\/\/agenciainfra.com\/blog\/#organization\"}},{\"@type\":\"WebPage\",\"@id\":\"https:\/\/agenciainfra.com\/blog\/equinor-conclui-trecho-do-gasoduto-raia-em-aguas-rasas\/\",\"url\":\"https:\/\/agenciainfra.com\/blog\/equinor-conclui-trecho-do-gasoduto-raia-em-aguas-rasas\/\",\"name\":\"Equinor conclui trecho do Gasoduto Raia em \u00e1guas rasas - Ag\u00eancia iNFRA\",\"isPartOf\":{\"@id\":\"https:\/\/agenciainfra.com\/blog\/#website\"},\"primaryImageOfPage\":{\"@id\":\"https:\/\/agenciainfra.com\/blog\/equinor-conclui-trecho-do-gasoduto-raia-em-aguas-rasas\/#primaryimage\"},\"image\":{\"@id\":\"https:\/\/agenciainfra.com\/blog\/equinor-conclui-trecho-do-gasoduto-raia-em-aguas-rasas\/#primaryimage\"},\"thumbnailUrl\":\"https:\/\/agenciainfra.com\/blog\/wp-content\/uploads\/2025\/07\/foto-projetoraia-equinor.jpeg\",\"datePublished\":\"2025-09-23T16:17:41+00:00\",\"dateModified\":\"2025-09-24T15:05:45+00:00\",\"breadcrumb\":{\"@id\":\"https:\/\/agenciainfra.com\/blog\/equinor-conclui-trecho-do-gasoduto-raia-em-aguas-rasas\/#breadcrumb\"},\"inLanguage\":\"pt-BR\",\"potentialAction\":[{\"@type\":\"ReadAction\",\"target\":[\"https:\/\/agenciainfra.com\/blog\/equinor-conclui-trecho-do-gasoduto-raia-em-aguas-rasas\/\"]}]},{\"@type\":\"ImageObject\",\"inLanguage\":\"pt-BR\",\"@id\":\"https:\/\/agenciainfra.com\/blog\/equinor-conclui-trecho-do-gasoduto-raia-em-aguas-rasas\/#primaryimage\",\"url\":\"https:\/\/agenciainfra.com\/blog\/wp-content\/uploads\/2025\/07\/foto-projetoraia-equinor.jpeg\",\"contentUrl\":\"https:\/\/agenciainfra.com\/blog\/wp-content\/uploads\/2025\/07\/foto-projetoraia-equinor.jpeg\",\"width\":919,\"height\":518,\"caption\":\"Foto: Tenaris\"},{\"@type\":\"BreadcrumbList\",\"@id\":\"https:\/\/agenciainfra.com\/blog\/equinor-conclui-trecho-do-gasoduto-raia-em-aguas-rasas\/#breadcrumb\",\"itemListElement\":[{\"@type\":\"ListItem\",\"position\":1,\"name\":\"In\u00edcio\",\"item\":\"https:\/\/agenciainfra.com\/blog\/\"},{\"@type\":\"ListItem\",\"position\":2,\"name\":\"Equinor conclui trecho do Gasoduto Raia em \u00e1guas rasas\"}]},{\"@type\":\"WebSite\",\"@id\":\"https:\/\/agenciainfra.com\/blog\/#website\",\"url\":\"https:\/\/agenciainfra.com\/blog\/\",\"name\":\"Ag\u00eancia iNFRA\",\"description\":\"Multiplataforma de informa\u00e7\u00e3o jornal\u00edstica refer\u00eancia na \u00e1rea de infraestrutura no Brasil!\",\"publisher\":{\"@id\":\"https:\/\/agenciainfra.com\/blog\/#organization\"},\"potentialAction\":[{\"@type\":\"SearchAction\",\"target\":{\"@type\":\"EntryPoint\",\"urlTemplate\":\"https:\/\/agenciainfra.com\/blog\/?s={search_term_string}\"},\"query-input\":{\"@type\":\"PropertyValueSpecification\",\"valueRequired\":true,\"valueName\":\"search_term_string\"}}],\"inLanguage\":\"pt-BR\"},{\"@type\":\"Organization\",\"@id\":\"https:\/\/agenciainfra.com\/blog\/#organization\",\"name\":\"Ag\u00eancia iNFRA\",\"url\":\"https:\/\/agenciainfra.com\/blog\/\",\"logo\":{\"@type\":\"ImageObject\",\"inLanguage\":\"pt-BR\",\"@id\":\"https:\/\/agenciainfra.com\/blog\/#\/schema\/logo\/image\/\",\"url\":\"https:\/\/agenciainfra.com\/blog\/wp-content\/uploads\/2023\/09\/iNFRA_5-e1761735885940.png\",\"contentUrl\":\"https:\/\/agenciainfra.com\/blog\/wp-content\/uploads\/2023\/09\/iNFRA_5-e1761735885940.png\",\"width\":1672,\"height\":454,\"caption\":\"Ag\u00eancia iNFRA\"},\"image\":{\"@id\":\"https:\/\/agenciainfra.com\/blog\/#\/schema\/logo\/image\/\"},\"sameAs\":[\"https:\/\/www.facebook.com\/ageninfra\",\"https:\/\/x.com\/agencia_infra\",\"https:\/\/www.linkedin.com\/company\/ag\u00eanciainfra\/\",\"https:\/\/www.instagram.com\/agenciainfra\/\"]},{\"@type\":\"Person\",\"@id\":\"https:\/\/agenciainfra.com\/blog\/#\/schema\/person\/34af08dff6adea4cb22b06612ba7acfa\",\"name\":\"Ag\u00eancia iNFRA\",\"image\":{\"@type\":\"ImageObject\",\"inLanguage\":\"pt-BR\",\"@id\":\"https:\/\/agenciainfra.com\/blog\/#\/schema\/person\/image\/\",\"url\":\"https:\/\/secure.gravatar.com\/avatar\/d189e01678f06d8eb84d4e01f08eb848b3fffe3f8443818d3c356c66892f5be8?s=96&d=mm&r=g\",\"contentUrl\":\"https:\/\/secure.gravatar.com\/avatar\/d189e01678f06d8eb84d4e01f08eb848b3fffe3f8443818d3c356c66892f5be8?s=96&d=mm&r=g\",\"caption\":\"Ag\u00eancia iNFRA\"},\"url\":\"https:\/\/agenciainfra.com\/blog\/author\/admin\/\"}]}<\/script>\n<!-- \/ Yoast SEO Premium plugin. -->","yoast_head_json":{"title":"Equinor conclui trecho do Gasoduto Raia em \u00e1guas rasas - Ag\u00eancia iNFRA","robots":{"index":"index","follow":"follow","max-snippet":"max-snippet:-1","max-image-preview":"max-image-preview:large","max-video-preview":"max-video-preview:-1"},"canonical":"https:\/\/agenciainfra.com\/blog\/equinor-conclui-trecho-do-gasoduto-raia-em-aguas-rasas\/","og_locale":"pt_BR","og_type":"article","og_title":"Equinor conclui trecho do Gasoduto Raia em \u00e1guas rasas","og_description":"Gabriel Vasconcelos, da Ag\u00eancia iNFRA A petroleira norueguesa Equinor informou nessa segunda-feira (22) a conclus\u00e3o de um primeiro trecho, de 15 quil\u00f4metros em \u00e1guas rasas, do gasoduto de seu projeto Raia. Em julho, a Equinor recebeu do Ibama a licen\u00e7a para instala\u00e7\u00e3o da estrutura, agora em franca constru\u00e7\u00e3o. A instala\u00e7\u00e3o do trecho de \u00e1guas rasas [&hellip;]","og_url":"https:\/\/agenciainfra.com\/blog\/equinor-conclui-trecho-do-gasoduto-raia-em-aguas-rasas\/","og_site_name":"Ag\u00eancia iNFRA","article_publisher":"https:\/\/www.facebook.com\/ageninfra","article_published_time":"2025-09-23T16:17:41+00:00","article_modified_time":"2025-09-24T15:05:45+00:00","og_image":[{"width":919,"height":518,"url":"https:\/\/agenciainfra.com\/blog\/wp-content\/uploads\/2025\/07\/foto-projetoraia-equinor.jpeg","type":"image\/jpeg"}],"author":"Ag\u00eancia iNFRA","twitter_card":"summary_large_image","twitter_creator":"@agencia_infra","twitter_site":"@agencia_infra","twitter_misc":{"Escrito por":"Ag\u00eancia iNFRA","Est. tempo de leitura":"2 minutos"},"schema":{"@context":"https:\/\/schema.org","@graph":[{"@type":"Article","@id":"https:\/\/agenciainfra.com\/blog\/equinor-conclui-trecho-do-gasoduto-raia-em-aguas-rasas\/#article","isPartOf":{"@id":"https:\/\/agenciainfra.com\/blog\/equinor-conclui-trecho-do-gasoduto-raia-em-aguas-rasas\/"},"author":{"name":"Ag\u00eancia iNFRA","@id":"https:\/\/agenciainfra.com\/blog\/#\/schema\/person\/34af08dff6adea4cb22b06612ba7acfa"},"headline":"Equinor conclui trecho do Gasoduto Raia em \u00e1guas rasas","datePublished":"2025-09-23T16:17:41+00:00","dateModified":"2025-09-24T15:05:45+00:00","mainEntityOfPage":{"@id":"https:\/\/agenciainfra.com\/blog\/equinor-conclui-trecho-do-gasoduto-raia-em-aguas-rasas\/"},"wordCount":341,"publisher":{"@id":"https:\/\/agenciainfra.com\/blog\/#organization"},"image":{"@id":"https:\/\/agenciainfra.com\/blog\/equinor-conclui-trecho-do-gasoduto-raia-em-aguas-rasas\/#primaryimage"},"thumbnailUrl":"https:\/\/agenciainfra.com\/blog\/wp-content\/uploads\/2025\/07\/foto-projetoraia-equinor.jpeg","keywords":["Bacia de Campos","Equinor","Gabriel Vasconcelos","Gasoduto Raia","Ibama","\u00f3leo e g\u00e1s","Repsol Sinopec","transporte de g\u00e1s"],"articleSection":["Destaque lista","Geral","\u00d3leo &amp; G\u00e1s"],"inLanguage":"pt-BR","copyrightYear":"2025","copyrightHolder":{"@id":"https:\/\/agenciainfra.com\/blog\/#organization"}},{"@type":"WebPage","@id":"https:\/\/agenciainfra.com\/blog\/equinor-conclui-trecho-do-gasoduto-raia-em-aguas-rasas\/","url":"https:\/\/agenciainfra.com\/blog\/equinor-conclui-trecho-do-gasoduto-raia-em-aguas-rasas\/","name":"Equinor conclui trecho do Gasoduto Raia em \u00e1guas rasas - Ag\u00eancia iNFRA","isPartOf":{"@id":"https:\/\/agenciainfra.com\/blog\/#website"},"primaryImageOfPage":{"@id":"https:\/\/agenciainfra.com\/blog\/equinor-conclui-trecho-do-gasoduto-raia-em-aguas-rasas\/#primaryimage"},"image":{"@id":"https:\/\/agenciainfra.com\/blog\/equinor-conclui-trecho-do-gasoduto-raia-em-aguas-rasas\/#primaryimage"},"thumbnailUrl":"https:\/\/agenciainfra.com\/blog\/wp-content\/uploads\/2025\/07\/foto-projetoraia-equinor.jpeg","datePublished":"2025-09-23T16:17:41+00:00","dateModified":"2025-09-24T15:05:45+00:00","breadcrumb":{"@id":"https:\/\/agenciainfra.com\/blog\/equinor-conclui-trecho-do-gasoduto-raia-em-aguas-rasas\/#breadcrumb"},"inLanguage":"pt-BR","potentialAction":[{"@type":"ReadAction","target":["https:\/\/agenciainfra.com\/blog\/equinor-conclui-trecho-do-gasoduto-raia-em-aguas-rasas\/"]}]},{"@type":"ImageObject","inLanguage":"pt-BR","@id":"https:\/\/agenciainfra.com\/blog\/equinor-conclui-trecho-do-gasoduto-raia-em-aguas-rasas\/#primaryimage","url":"https:\/\/agenciainfra.com\/blog\/wp-content\/uploads\/2025\/07\/foto-projetoraia-equinor.jpeg","contentUrl":"https:\/\/agenciainfra.com\/blog\/wp-content\/uploads\/2025\/07\/foto-projetoraia-equinor.jpeg","width":919,"height":518,"caption":"Foto: Tenaris"},{"@type":"BreadcrumbList","@id":"https:\/\/agenciainfra.com\/blog\/equinor-conclui-trecho-do-gasoduto-raia-em-aguas-rasas\/#breadcrumb","itemListElement":[{"@type":"ListItem","position":1,"name":"In\u00edcio","item":"https:\/\/agenciainfra.com\/blog\/"},{"@type":"ListItem","position":2,"name":"Equinor conclui trecho do Gasoduto Raia em \u00e1guas rasas"}]},{"@type":"WebSite","@id":"https:\/\/agenciainfra.com\/blog\/#website","url":"https:\/\/agenciainfra.com\/blog\/","name":"Ag\u00eancia iNFRA","description":"Multiplataforma de informa\u00e7\u00e3o jornal\u00edstica refer\u00eancia na \u00e1rea de infraestrutura no Brasil!","publisher":{"@id":"https:\/\/agenciainfra.com\/blog\/#organization"},"potentialAction":[{"@type":"SearchAction","target":{"@type":"EntryPoint","urlTemplate":"https:\/\/agenciainfra.com\/blog\/?s={search_term_string}"},"query-input":{"@type":"PropertyValueSpecification","valueRequired":true,"valueName":"search_term_string"}}],"inLanguage":"pt-BR"},{"@type":"Organization","@id":"https:\/\/agenciainfra.com\/blog\/#organization","name":"Ag\u00eancia iNFRA","url":"https:\/\/agenciainfra.com\/blog\/","logo":{"@type":"ImageObject","inLanguage":"pt-BR","@id":"https:\/\/agenciainfra.com\/blog\/#\/schema\/logo\/image\/","url":"https:\/\/agenciainfra.com\/blog\/wp-content\/uploads\/2023\/09\/iNFRA_5-e1761735885940.png","contentUrl":"https:\/\/agenciainfra.com\/blog\/wp-content\/uploads\/2023\/09\/iNFRA_5-e1761735885940.png","width":1672,"height":454,"caption":"Ag\u00eancia iNFRA"},"image":{"@id":"https:\/\/agenciainfra.com\/blog\/#\/schema\/logo\/image\/"},"sameAs":["https:\/\/www.facebook.com\/ageninfra","https:\/\/x.com\/agencia_infra","https:\/\/www.linkedin.com\/company\/ag\u00eanciainfra\/","https:\/\/www.instagram.com\/agenciainfra\/"]},{"@type":"Person","@id":"https:\/\/agenciainfra.com\/blog\/#\/schema\/person\/34af08dff6adea4cb22b06612ba7acfa","name":"Ag\u00eancia iNFRA","image":{"@type":"ImageObject","inLanguage":"pt-BR","@id":"https:\/\/agenciainfra.com\/blog\/#\/schema\/person\/image\/","url":"https:\/\/secure.gravatar.com\/avatar\/d189e01678f06d8eb84d4e01f08eb848b3fffe3f8443818d3c356c66892f5be8?s=96&d=mm&r=g","contentUrl":"https:\/\/secure.gravatar.com\/avatar\/d189e01678f06d8eb84d4e01f08eb848b3fffe3f8443818d3c356c66892f5be8?s=96&d=mm&r=g","caption":"Ag\u00eancia iNFRA"},"url":"https:\/\/agenciainfra.com\/blog\/author\/admin\/"}]}},"_links":{"self":[{"href":"https:\/\/agenciainfra.com\/blog\/wp-json\/wp\/v2\/posts\/28392","targetHints":{"allow":["GET"]}}],"collection":[{"href":"https:\/\/agenciainfra.com\/blog\/wp-json\/wp\/v2\/posts"}],"about":[{"href":"https:\/\/agenciainfra.com\/blog\/wp-json\/wp\/v2\/types\/post"}],"author":[{"embeddable":true,"href":"https:\/\/agenciainfra.com\/blog\/wp-json\/wp\/v2\/users\/1"}],"replies":[{"embeddable":true,"href":"https:\/\/agenciainfra.com\/blog\/wp-json\/wp\/v2\/comments?post=28392"}],"version-history":[{"count":2,"href":"https:\/\/agenciainfra.com\/blog\/wp-json\/wp\/v2\/posts\/28392\/revisions"}],"predecessor-version":[{"id":28493,"href":"https:\/\/agenciainfra.com\/blog\/wp-json\/wp\/v2\/posts\/28392\/revisions\/28493"}],"wp:featuredmedia":[{"embeddable":true,"href":"https:\/\/agenciainfra.com\/blog\/wp-json\/wp\/v2\/media\/24614"}],"wp:attachment":[{"href":"https:\/\/agenciainfra.com\/blog\/wp-json\/wp\/v2\/media?parent=28392"}],"wp:term":[{"taxonomy":"category","embeddable":true,"href":"https:\/\/agenciainfra.com\/blog\/wp-json\/wp\/v2\/categories?post=28392"},{"taxonomy":"post_tag","embeddable":true,"href":"https:\/\/agenciainfra.com\/blog\/wp-json\/wp\/v2\/tags?post=28392"}],"curies":[{"name":"wp","href":"https:\/\/api.w.org\/{rel}","templated":true}]}}