{"id":28420,"date":"2025-09-23T14:14:26","date_gmt":"2025-09-23T17:14:26","guid":{"rendered":"https:\/\/agenciainfra.com\/blog\/?p=28420"},"modified":"2026-03-26T20:57:44","modified_gmt":"2026-03-26T23:57:44","slug":"sob-pressao-anm-propoe-debate-sobre-fiscalizacao-do-ouro-no-brasil","status":"publish","type":"post","link":"https:\/\/agenciainfra.com\/blog\/sob-pressao-anm-propoe-debate-sobre-fiscalizacao-do-ouro-no-brasil\/","title":{"rendered":"Sob press\u00e3o, ANM prop\u00f5e debate sobre fiscaliza\u00e7\u00e3o do ouro no Brasil"},"content":{"rendered":"\n<p class=\"has-text-align-right\"><strong>Rafael Bitencourt, da Ag\u00eancia iNFRA<\/strong><\/p>\n\n\n\n<p>Cobrada a dar respostas sobre o controle da explora\u00e7\u00e3o de ouro no Brasil, a ANM (Ag\u00eancia Nacional de Minera\u00e7\u00e3o) recebe esta semana especialistas para discutir a implementa\u00e7\u00e3o de sistemas de certifica\u00e7\u00e3o, rastreamento e fiscaliza\u00e7\u00e3o da explora\u00e7\u00e3o e do com\u00e9rcio do mineral no pa\u00eds. Uma das entidades chamadas a participar do debate, o Instituto Escolhas, j\u00e1 estimou que 54% da produ\u00e7\u00e3o nacional de ouro \u2013 ou 97,2 mil toneladas \u2013 contava com forte ind\u00edcio de ilegalidade em 2021.<\/p>\n\n\n\n<p>O F\u00f3rum Brasileiro pelo Ouro Respons\u00e1vel, que ocorre entre ter\u00e7a-feira (23) e quarta-feira (24), \u00e9 realizado pela reguladora em parceria com o Conselho Mundial do Ouro, o World Gold Council. H\u00e1 expectativa, segundo a programa\u00e7\u00e3o divulgada, de que seja firmado um termo de coopera\u00e7\u00e3o internacional entre as duas representa\u00e7\u00f5es contra o crime organizado e fluxos ilegais do mineral no exterior, a ser formalizada no segundo dia do evento.<\/p>\n\n\n\n<p>Para al\u00e9m da atua\u00e7\u00e3o em \u00e2mbito internacional, a ANM \u00e9 pressionada a responder a determina\u00e7\u00f5es e recomenda\u00e7\u00f5es do TCU (Tribunal de Contas da Uni\u00e3o) e do STF (Supremo Tribunal Federal) sobre instrumentos de fiscaliza\u00e7\u00e3o.<\/p>\n\n\n\n<p>No in\u00edcio de julho, por exemplo, os ministros do TCU <a href=\"https:\/\/agenciainfra.com\/blog\/tcu-determina-que-anm-feche-o-cerco-contra-lavras-acima-do-tamanho-limite-e-contrabando-de-ouro\/\">determinaram<\/a> que a ANM sanasse irregularidades dos processos de lavra de ouro em \u00e1reas acima do tamanho limite legal para inibir atividades de contrabando e lavagem de dinheiro na comercializa\u00e7\u00e3o ilegal do produto. Na ocasi\u00e3o, o tribunal deu prazo de 90 dias para a reguladora cancelar as PLGs (Permiss\u00f5es de Lavra Garimpeira) fora dos padr\u00f5es previstos na legisla\u00e7\u00e3o.<\/p>\n\n\n\n<p>Antes do comando dado pelo TCU, a ANM j\u00e1 vinha trabalhando nos \u00faltimos meses em iniciativas para criar uma estrutura de certifica\u00e7\u00e3o e rastreabilidade do ouro no pa\u00eds em cumprimento \u00e0 decis\u00e3o do ministro do STF Gilmar Mendes, expedida em 2023. O magistrado, ao julgar duas ADIs (A\u00e7\u00f5es Diretas de Inconstitucionalidade), invalidou a presun\u00e7\u00e3o de legalidade ou boa-f\u00e9 de quem adquire ouro no pa\u00eds, como forma de combater o garimpo ilegal.<\/p>\n\n\n\n<p>A decis\u00e3o do Supremo exigiu que o governo propusesse uma nova legisla\u00e7\u00e3o e mobilizasse entidades federais para colocar em funcionamento um sistema eficiente de controle. Em resposta, o Executivo prop\u00f4s o <a href=\"https:\/\/www.camara.leg.br\/proposicoesWeb\/fichadetramitacao?idProposicao=2368697\">PL (Projeto de Lei) 3.025\/2023<\/a>, que trata da ado\u00e7\u00e3o de rastreabilidade do ouro no pa\u00eds e recentemente passou a tramitar em regime de urg\u00eancia.<\/p>\n\n\n\n<p>Boa parte dos \u00f3rg\u00e3os mobilizados na miss\u00e3o colocada pelo STF v\u00e3o participar do evento da ANM. Confira a lista:<\/p>\n\n\n\n<ul class=\"wp-block-list\">\n<li>Banco Central<\/li>\n<\/ul>\n\n\n\n<ul class=\"wp-block-list\">\n<li>Pol\u00edcia Federal<\/li>\n<\/ul>\n\n\n\n<ul class=\"wp-block-list\">\n<li>Coaf (Conselho de Controle de Atividades Financeiras)<\/li>\n<\/ul>\n\n\n\n<ul class=\"wp-block-list\">\n<li>Serpro (Servi\u00e7o Federal de Processamento de Dados)<\/li>\n<\/ul>\n\n\n\n<ul class=\"wp-block-list\">\n<li>Casa da Moeda<\/li>\n<\/ul>\n\n\n\n<ul class=\"wp-block-list\">\n<li>Ibama (Instituto Brasileiro do Meio Ambiente e dos Recursos Naturais Renov\u00e1veis)<\/li>\n<\/ul>\n\n\n\n<p><br><strong>Desafio grande<\/strong><br>\u00c0 <strong>Ag\u00eancia iNFRA<\/strong>, Adriano Trindade, advogado e especialista em minera\u00e7\u00e3o, reconhece que o debate proposto pela ANM \u00e9 importante como tentativa de eliminar o gargalo da falta de controle sobre o com\u00e9rcio ilegal.<\/p>\n\n\n\n<p>\u201cEsse \u00e9 um tema bem relevante e ainda pouco estudado no detalhe. A intera\u00e7\u00e3o entre os \u00f3rg\u00e3os \u00e9 um passo inicial, muito ainda precisa ser feito para ter um sistema robusto e eficiente de rastreabilidade do ouro no pa\u00eds\u201d, disse Trindade, que atua pelo escrit\u00f3rio Mattos Filho.<\/p>\n\n\n\n<p>Representantes de cooperativas do garimpo legal defendem mecanismos de rastreabilidade como forma de dar credibilidade \u00e0s mineradoras que seguem a legisla\u00e7\u00e3o. \u201cEssa \u00e9 uma forma do setor mostrar com transpar\u00eancia dizendo de onde de fato est\u00e1 vindo o min\u00e9rio. Logo mais, vamos poder dizer: \u2018Olha, ele est\u00e1 vindo da minha \u00e1rea, que possui licen\u00e7a ambiental, t\u00edtulo miner\u00e1rio e passou por arrecada\u00e7\u00e3o tribut\u00e1ria, e aqui tem distribui\u00e7\u00e3o de renda justa e a parte da \u00e1rea lavrada j\u00e1 est\u00e1 recuperada\u2019\u201d, afirmou Gilson Camboim, que preside a Coogavepe e a Fecomin, que re\u00fanem cooperativas de garimpeiros que exercem atividade regular.<\/p>\n\n\n\n<p>Presidente da Comiss\u00e3o de Direito Miner\u00e1rio da OAB-DF, Frederico Bedran refor\u00e7a que o papel da rastreabilidade vai &#8220;al\u00e9m de combater il\u00edcitos&#8221;. Serve, segundo ele, para promover a minera\u00e7\u00e3o no Brasil como &#8220;atividade&nbsp;respons\u00e1vel&#8221;.<\/p>\n\n\n\n<p>Bedran, que \u00e9 s\u00f3cio do Caputo, Bastos e Serra Advogados, reconhece que existe um grande desafio em fazer funcionar esse sistema de monitoramento dentro da estrutura do estado.<\/p>\n\n\n\n<p>Tanto a decis\u00e3o do Supremo como a cria\u00e7\u00e3o do F\u00f3rum Brasileiro pelo Ouro Respons\u00e1vel foram uma resposta \u00e0 crise humanit\u00e1ria Yanomami, em 2023, que envolveu o garimpo ilegal&nbsp;em&nbsp;Roraima.<\/p>\n","protected":false},"excerpt":{"rendered":"<p>Rafael Bitencourt, da Ag\u00eancia iNFRA Cobrada a dar respostas sobre o controle da explora\u00e7\u00e3o de ouro no Brasil, a ANM (Ag\u00eancia Nacional de Minera\u00e7\u00e3o) recebe esta semana especialistas para discutir a implementa\u00e7\u00e3o de sistemas de certifica\u00e7\u00e3o, rastreamento e fiscaliza\u00e7\u00e3o da explora\u00e7\u00e3o e do com\u00e9rcio do mineral no pa\u00eds. Uma das entidades chamadas a participar do [&hellip;]<\/p>\n","protected":false},"author":1,"featured_media":23969,"comment_status":"closed","ping_status":"closed","sticky":false,"template":"","format":"standard","meta":{"_monsterinsights_skip_tracking":false,"_monsterinsights_sitenote_active":false,"_monsterinsights_sitenote_note":"","_monsterinsights_sitenote_category":0,"footnotes":""},"categories":[7250,1,13239],"tags":[15563,840,15560,15559,15548,15564,15547,15546,15561,13283,13479,15562,3981,13530,15558,13813,372,18,19199,15565],"class_list":["post-28420","post","type-post","status-publish","format-standard","has-post-thumbnail","hentry","category-destaque-lista","category-geral","category-mineracao","tag-adriano-trindade","tag-agencia-nacional-de-mineracao","tag-bastos-e-serra-advogados","tag-caputo","tag-comercializacao-de-ouro","tag-crise-humanitaria","tag-exploracao-de-ouro","tag-fiscalizacao-de-ouro","tag-forum-brasileiro-pelo-ouro-responsavel","tag-frederico-bedran","tag-garimpo-ilegal","tag-gilson-camboim","tag-mattos-filho-advogados","tag-minerais","tag-oab-df","tag-rafael-bitencourt","tag-stf","tag-tcu","tag-world-gold-council","tag-yanomami"],"yoast_head":"<!-- This site is optimized with the Yoast SEO Premium plugin v25.4 (Yoast SEO v26.0) - https:\/\/yoast.com\/wordpress\/plugins\/seo\/ -->\n<title>Sob press\u00e3o, ANM prop\u00f5e debate sobre fiscaliza\u00e7\u00e3o do ouro no Brasil - Ag\u00eancia iNFRA<\/title>\n<meta name=\"robots\" content=\"index, follow, max-snippet:-1, max-image-preview:large, max-video-preview:-1\" \/>\n<link rel=\"canonical\" href=\"https:\/\/agenciainfra.com\/blog\/sob-pressao-anm-propoe-debate-sobre-fiscalizacao-do-ouro-no-brasil\/\" \/>\n<meta property=\"og:locale\" content=\"pt_BR\" \/>\n<meta property=\"og:type\" content=\"article\" \/>\n<meta property=\"og:title\" content=\"Sob press\u00e3o, ANM prop\u00f5e debate sobre fiscaliza\u00e7\u00e3o do ouro no Brasil\" \/>\n<meta property=\"og:description\" content=\"Rafael Bitencourt, da Ag\u00eancia iNFRA Cobrada a dar respostas sobre o controle da explora\u00e7\u00e3o de ouro no Brasil, a ANM (Ag\u00eancia Nacional de Minera\u00e7\u00e3o) recebe esta semana especialistas para discutir a implementa\u00e7\u00e3o de sistemas de certifica\u00e7\u00e3o, rastreamento e fiscaliza\u00e7\u00e3o da explora\u00e7\u00e3o e do com\u00e9rcio do mineral no pa\u00eds. Uma das entidades chamadas a participar do [&hellip;]\" \/>\n<meta property=\"og:url\" content=\"https:\/\/agenciainfra.com\/blog\/sob-pressao-anm-propoe-debate-sobre-fiscalizacao-do-ouro-no-brasil\/\" \/>\n<meta property=\"og:site_name\" content=\"Ag\u00eancia iNFRA\" \/>\n<meta property=\"article:publisher\" content=\"https:\/\/www.facebook.com\/ageninfra\" \/>\n<meta property=\"article:published_time\" content=\"2025-09-23T17:14:26+00:00\" \/>\n<meta property=\"article:modified_time\" content=\"2026-03-26T23:57:44+00:00\" \/>\n<meta property=\"og:image\" content=\"https:\/\/agenciainfra.com\/blog\/wp-content\/uploads\/2025\/07\/ouro-mineracao-foto-ibge.jpg\" \/>\n\t<meta property=\"og:image:width\" content=\"1024\" \/>\n\t<meta property=\"og:image:height\" content=\"768\" \/>\n\t<meta property=\"og:image:type\" content=\"image\/jpeg\" \/>\n<meta name=\"author\" content=\"Ag\u00eancia iNFRA\" \/>\n<meta name=\"twitter:card\" content=\"summary_large_image\" \/>\n<meta name=\"twitter:creator\" content=\"@agencia_infra\" \/>\n<meta name=\"twitter:site\" content=\"@agencia_infra\" \/>\n<meta name=\"twitter:label1\" content=\"Escrito por\" \/>\n\t<meta name=\"twitter:data1\" content=\"Ag\u00eancia iNFRA\" \/>\n\t<meta name=\"twitter:label2\" content=\"Est. tempo de leitura\" \/>\n\t<meta name=\"twitter:data2\" content=\"4 minutos\" \/>\n<script type=\"application\/ld+json\" class=\"yoast-schema-graph\">{\"@context\":\"https:\/\/schema.org\",\"@graph\":[{\"@type\":\"Article\",\"@id\":\"https:\/\/agenciainfra.com\/blog\/sob-pressao-anm-propoe-debate-sobre-fiscalizacao-do-ouro-no-brasil\/#article\",\"isPartOf\":{\"@id\":\"https:\/\/agenciainfra.com\/blog\/sob-pressao-anm-propoe-debate-sobre-fiscalizacao-do-ouro-no-brasil\/\"},\"author\":{\"name\":\"Ag\u00eancia iNFRA\",\"@id\":\"https:\/\/agenciainfra.com\/blog\/#\/schema\/person\/34af08dff6adea4cb22b06612ba7acfa\"},\"headline\":\"Sob press\u00e3o, ANM prop\u00f5e debate sobre fiscaliza\u00e7\u00e3o do ouro no Brasil\",\"datePublished\":\"2025-09-23T17:14:26+00:00\",\"dateModified\":\"2026-03-26T23:57:44+00:00\",\"mainEntityOfPage\":{\"@id\":\"https:\/\/agenciainfra.com\/blog\/sob-pressao-anm-propoe-debate-sobre-fiscalizacao-do-ouro-no-brasil\/\"},\"wordCount\":773,\"publisher\":{\"@id\":\"https:\/\/agenciainfra.com\/blog\/#organization\"},\"image\":{\"@id\":\"https:\/\/agenciainfra.com\/blog\/sob-pressao-anm-propoe-debate-sobre-fiscalizacao-do-ouro-no-brasil\/#primaryimage\"},\"thumbnailUrl\":\"https:\/\/agenciainfra.com\/blog\/wp-content\/uploads\/2025\/07\/ouro-mineracao-foto-ibge-e1776346216929.jpg\",\"keywords\":[\"Adriano Trindade\",\"Ag\u00eancia Nacional de Minera\u00e7\u00e3o\",\"Bastos e Serra Advogados\",\"Caputo\",\"comercializa\u00e7\u00e3o de ouro\",\"crise humanit\u00e1ria\",\"explora\u00e7\u00e3o de ouro\",\"fiscaliza\u00e7\u00e3o de ouro\",\"F\u00f3rum Brasileiro pelo Ouro Respons\u00e1vel\",\"frederico bedran\",\"garimpo ilegal\",\"Gilson Camboim\",\"Mattos Filho Advogados\",\"minerais\",\"OAB-DF\",\"Rafael Bitencourt\",\"STF\",\"TCU\",\"World Gold Council\",\"Yanomami\"],\"articleSection\":[\"Destaque lista\",\"Geral\",\"Minera\u00e7\u00e3o\"],\"inLanguage\":\"pt-BR\",\"copyrightYear\":\"2025\",\"copyrightHolder\":{\"@id\":\"https:\/\/agenciainfra.com\/blog\/#organization\"}},{\"@type\":\"WebPage\",\"@id\":\"https:\/\/agenciainfra.com\/blog\/sob-pressao-anm-propoe-debate-sobre-fiscalizacao-do-ouro-no-brasil\/\",\"url\":\"https:\/\/agenciainfra.com\/blog\/sob-pressao-anm-propoe-debate-sobre-fiscalizacao-do-ouro-no-brasil\/\",\"name\":\"Sob press\u00e3o, ANM prop\u00f5e debate sobre fiscaliza\u00e7\u00e3o do ouro no Brasil - Ag\u00eancia iNFRA\",\"isPartOf\":{\"@id\":\"https:\/\/agenciainfra.com\/blog\/#website\"},\"primaryImageOfPage\":{\"@id\":\"https:\/\/agenciainfra.com\/blog\/sob-pressao-anm-propoe-debate-sobre-fiscalizacao-do-ouro-no-brasil\/#primaryimage\"},\"image\":{\"@id\":\"https:\/\/agenciainfra.com\/blog\/sob-pressao-anm-propoe-debate-sobre-fiscalizacao-do-ouro-no-brasil\/#primaryimage\"},\"thumbnailUrl\":\"https:\/\/agenciainfra.com\/blog\/wp-content\/uploads\/2025\/07\/ouro-mineracao-foto-ibge-e1776346216929.jpg\",\"datePublished\":\"2025-09-23T17:14:26+00:00\",\"dateModified\":\"2026-03-26T23:57:44+00:00\",\"breadcrumb\":{\"@id\":\"https:\/\/agenciainfra.com\/blog\/sob-pressao-anm-propoe-debate-sobre-fiscalizacao-do-ouro-no-brasil\/#breadcrumb\"},\"inLanguage\":\"pt-BR\",\"potentialAction\":[{\"@type\":\"ReadAction\",\"target\":[\"https:\/\/agenciainfra.com\/blog\/sob-pressao-anm-propoe-debate-sobre-fiscalizacao-do-ouro-no-brasil\/\"]}]},{\"@type\":\"ImageObject\",\"inLanguage\":\"pt-BR\",\"@id\":\"https:\/\/agenciainfra.com\/blog\/sob-pressao-anm-propoe-debate-sobre-fiscalizacao-do-ouro-no-brasil\/#primaryimage\",\"url\":\"https:\/\/agenciainfra.com\/blog\/wp-content\/uploads\/2025\/07\/ouro-mineracao-foto-ibge-e1776346216929.jpg\",\"contentUrl\":\"https:\/\/agenciainfra.com\/blog\/wp-content\/uploads\/2025\/07\/ouro-mineracao-foto-ibge-e1776346216929.jpg\",\"width\":1024,\"height\":643,\"caption\":\"Foto: IBGE\"},{\"@type\":\"BreadcrumbList\",\"@id\":\"https:\/\/agenciainfra.com\/blog\/sob-pressao-anm-propoe-debate-sobre-fiscalizacao-do-ouro-no-brasil\/#breadcrumb\",\"itemListElement\":[{\"@type\":\"ListItem\",\"position\":1,\"name\":\"In\u00edcio\",\"item\":\"https:\/\/agenciainfra.com\/blog\/\"},{\"@type\":\"ListItem\",\"position\":2,\"name\":\"Sob press\u00e3o, ANM prop\u00f5e debate sobre fiscaliza\u00e7\u00e3o do ouro no Brasil\"}]},{\"@type\":\"WebSite\",\"@id\":\"https:\/\/agenciainfra.com\/blog\/#website\",\"url\":\"https:\/\/agenciainfra.com\/blog\/\",\"name\":\"Ag\u00eancia iNFRA\",\"description\":\"Multiplataforma de informa\u00e7\u00e3o jornal\u00edstica refer\u00eancia na \u00e1rea de infraestrutura no Brasil!\",\"publisher\":{\"@id\":\"https:\/\/agenciainfra.com\/blog\/#organization\"},\"potentialAction\":[{\"@type\":\"SearchAction\",\"target\":{\"@type\":\"EntryPoint\",\"urlTemplate\":\"https:\/\/agenciainfra.com\/blog\/?s={search_term_string}\"},\"query-input\":{\"@type\":\"PropertyValueSpecification\",\"valueRequired\":true,\"valueName\":\"search_term_string\"}}],\"inLanguage\":\"pt-BR\"},{\"@type\":\"Organization\",\"@id\":\"https:\/\/agenciainfra.com\/blog\/#organization\",\"name\":\"Ag\u00eancia iNFRA\",\"url\":\"https:\/\/agenciainfra.com\/blog\/\",\"logo\":{\"@type\":\"ImageObject\",\"inLanguage\":\"pt-BR\",\"@id\":\"https:\/\/agenciainfra.com\/blog\/#\/schema\/logo\/image\/\",\"url\":\"https:\/\/agenciainfra.com\/blog\/wp-content\/uploads\/2023\/09\/iNFRA_5-e1761735885940.png\",\"contentUrl\":\"https:\/\/agenciainfra.com\/blog\/wp-content\/uploads\/2023\/09\/iNFRA_5-e1761735885940.png\",\"width\":1672,\"height\":454,\"caption\":\"Ag\u00eancia iNFRA\"},\"image\":{\"@id\":\"https:\/\/agenciainfra.com\/blog\/#\/schema\/logo\/image\/\"},\"sameAs\":[\"https:\/\/www.facebook.com\/ageninfra\",\"https:\/\/x.com\/agencia_infra\",\"https:\/\/www.linkedin.com\/company\/ag\u00eanciainfra\/\",\"https:\/\/www.instagram.com\/agenciainfra\/\"]},{\"@type\":\"Person\",\"@id\":\"https:\/\/agenciainfra.com\/blog\/#\/schema\/person\/34af08dff6adea4cb22b06612ba7acfa\",\"name\":\"Ag\u00eancia iNFRA\",\"image\":{\"@type\":\"ImageObject\",\"inLanguage\":\"pt-BR\",\"@id\":\"https:\/\/agenciainfra.com\/blog\/#\/schema\/person\/image\/\",\"url\":\"https:\/\/secure.gravatar.com\/avatar\/d189e01678f06d8eb84d4e01f08eb848b3fffe3f8443818d3c356c66892f5be8?s=96&d=mm&r=g\",\"contentUrl\":\"https:\/\/secure.gravatar.com\/avatar\/d189e01678f06d8eb84d4e01f08eb848b3fffe3f8443818d3c356c66892f5be8?s=96&d=mm&r=g\",\"caption\":\"Ag\u00eancia iNFRA\"},\"url\":\"https:\/\/agenciainfra.com\/blog\/author\/admin\/\"}]}<\/script>\n<!-- \/ Yoast SEO Premium plugin. -->","yoast_head_json":{"title":"Sob press\u00e3o, ANM prop\u00f5e debate sobre fiscaliza\u00e7\u00e3o do ouro no Brasil - Ag\u00eancia iNFRA","robots":{"index":"index","follow":"follow","max-snippet":"max-snippet:-1","max-image-preview":"max-image-preview:large","max-video-preview":"max-video-preview:-1"},"canonical":"https:\/\/agenciainfra.com\/blog\/sob-pressao-anm-propoe-debate-sobre-fiscalizacao-do-ouro-no-brasil\/","og_locale":"pt_BR","og_type":"article","og_title":"Sob press\u00e3o, ANM prop\u00f5e debate sobre fiscaliza\u00e7\u00e3o do ouro no Brasil","og_description":"Rafael Bitencourt, da Ag\u00eancia iNFRA Cobrada a dar respostas sobre o controle da explora\u00e7\u00e3o de ouro no Brasil, a ANM (Ag\u00eancia Nacional de Minera\u00e7\u00e3o) recebe esta semana especialistas para discutir a implementa\u00e7\u00e3o de sistemas de certifica\u00e7\u00e3o, rastreamento e fiscaliza\u00e7\u00e3o da explora\u00e7\u00e3o e do com\u00e9rcio do mineral no pa\u00eds. Uma das entidades chamadas a participar do [&hellip;]","og_url":"https:\/\/agenciainfra.com\/blog\/sob-pressao-anm-propoe-debate-sobre-fiscalizacao-do-ouro-no-brasil\/","og_site_name":"Ag\u00eancia iNFRA","article_publisher":"https:\/\/www.facebook.com\/ageninfra","article_published_time":"2025-09-23T17:14:26+00:00","article_modified_time":"2026-03-26T23:57:44+00:00","og_image":[{"width":1024,"height":768,"url":"https:\/\/agenciainfra.com\/blog\/wp-content\/uploads\/2025\/07\/ouro-mineracao-foto-ibge.jpg","type":"image\/jpeg"}],"author":"Ag\u00eancia iNFRA","twitter_card":"summary_large_image","twitter_creator":"@agencia_infra","twitter_site":"@agencia_infra","twitter_misc":{"Escrito por":"Ag\u00eancia iNFRA","Est. tempo de leitura":"4 minutos"},"schema":{"@context":"https:\/\/schema.org","@graph":[{"@type":"Article","@id":"https:\/\/agenciainfra.com\/blog\/sob-pressao-anm-propoe-debate-sobre-fiscalizacao-do-ouro-no-brasil\/#article","isPartOf":{"@id":"https:\/\/agenciainfra.com\/blog\/sob-pressao-anm-propoe-debate-sobre-fiscalizacao-do-ouro-no-brasil\/"},"author":{"name":"Ag\u00eancia iNFRA","@id":"https:\/\/agenciainfra.com\/blog\/#\/schema\/person\/34af08dff6adea4cb22b06612ba7acfa"},"headline":"Sob press\u00e3o, ANM prop\u00f5e debate sobre fiscaliza\u00e7\u00e3o do ouro no Brasil","datePublished":"2025-09-23T17:14:26+00:00","dateModified":"2026-03-26T23:57:44+00:00","mainEntityOfPage":{"@id":"https:\/\/agenciainfra.com\/blog\/sob-pressao-anm-propoe-debate-sobre-fiscalizacao-do-ouro-no-brasil\/"},"wordCount":773,"publisher":{"@id":"https:\/\/agenciainfra.com\/blog\/#organization"},"image":{"@id":"https:\/\/agenciainfra.com\/blog\/sob-pressao-anm-propoe-debate-sobre-fiscalizacao-do-ouro-no-brasil\/#primaryimage"},"thumbnailUrl":"https:\/\/agenciainfra.com\/blog\/wp-content\/uploads\/2025\/07\/ouro-mineracao-foto-ibge-e1776346216929.jpg","keywords":["Adriano Trindade","Ag\u00eancia Nacional de Minera\u00e7\u00e3o","Bastos e Serra Advogados","Caputo","comercializa\u00e7\u00e3o de ouro","crise humanit\u00e1ria","explora\u00e7\u00e3o de ouro","fiscaliza\u00e7\u00e3o de ouro","F\u00f3rum Brasileiro pelo Ouro Respons\u00e1vel","frederico bedran","garimpo ilegal","Gilson Camboim","Mattos Filho Advogados","minerais","OAB-DF","Rafael Bitencourt","STF","TCU","World Gold Council","Yanomami"],"articleSection":["Destaque lista","Geral","Minera\u00e7\u00e3o"],"inLanguage":"pt-BR","copyrightYear":"2025","copyrightHolder":{"@id":"https:\/\/agenciainfra.com\/blog\/#organization"}},{"@type":"WebPage","@id":"https:\/\/agenciainfra.com\/blog\/sob-pressao-anm-propoe-debate-sobre-fiscalizacao-do-ouro-no-brasil\/","url":"https:\/\/agenciainfra.com\/blog\/sob-pressao-anm-propoe-debate-sobre-fiscalizacao-do-ouro-no-brasil\/","name":"Sob press\u00e3o, ANM prop\u00f5e debate sobre fiscaliza\u00e7\u00e3o do ouro no Brasil - Ag\u00eancia iNFRA","isPartOf":{"@id":"https:\/\/agenciainfra.com\/blog\/#website"},"primaryImageOfPage":{"@id":"https:\/\/agenciainfra.com\/blog\/sob-pressao-anm-propoe-debate-sobre-fiscalizacao-do-ouro-no-brasil\/#primaryimage"},"image":{"@id":"https:\/\/agenciainfra.com\/blog\/sob-pressao-anm-propoe-debate-sobre-fiscalizacao-do-ouro-no-brasil\/#primaryimage"},"thumbnailUrl":"https:\/\/agenciainfra.com\/blog\/wp-content\/uploads\/2025\/07\/ouro-mineracao-foto-ibge-e1776346216929.jpg","datePublished":"2025-09-23T17:14:26+00:00","dateModified":"2026-03-26T23:57:44+00:00","breadcrumb":{"@id":"https:\/\/agenciainfra.com\/blog\/sob-pressao-anm-propoe-debate-sobre-fiscalizacao-do-ouro-no-brasil\/#breadcrumb"},"inLanguage":"pt-BR","potentialAction":[{"@type":"ReadAction","target":["https:\/\/agenciainfra.com\/blog\/sob-pressao-anm-propoe-debate-sobre-fiscalizacao-do-ouro-no-brasil\/"]}]},{"@type":"ImageObject","inLanguage":"pt-BR","@id":"https:\/\/agenciainfra.com\/blog\/sob-pressao-anm-propoe-debate-sobre-fiscalizacao-do-ouro-no-brasil\/#primaryimage","url":"https:\/\/agenciainfra.com\/blog\/wp-content\/uploads\/2025\/07\/ouro-mineracao-foto-ibge-e1776346216929.jpg","contentUrl":"https:\/\/agenciainfra.com\/blog\/wp-content\/uploads\/2025\/07\/ouro-mineracao-foto-ibge-e1776346216929.jpg","width":1024,"height":643,"caption":"Foto: IBGE"},{"@type":"BreadcrumbList","@id":"https:\/\/agenciainfra.com\/blog\/sob-pressao-anm-propoe-debate-sobre-fiscalizacao-do-ouro-no-brasil\/#breadcrumb","itemListElement":[{"@type":"ListItem","position":1,"name":"In\u00edcio","item":"https:\/\/agenciainfra.com\/blog\/"},{"@type":"ListItem","position":2,"name":"Sob press\u00e3o, ANM prop\u00f5e debate sobre fiscaliza\u00e7\u00e3o do ouro no Brasil"}]},{"@type":"WebSite","@id":"https:\/\/agenciainfra.com\/blog\/#website","url":"https:\/\/agenciainfra.com\/blog\/","name":"Ag\u00eancia iNFRA","description":"Multiplataforma de informa\u00e7\u00e3o jornal\u00edstica refer\u00eancia na \u00e1rea de infraestrutura no Brasil!","publisher":{"@id":"https:\/\/agenciainfra.com\/blog\/#organization"},"potentialAction":[{"@type":"SearchAction","target":{"@type":"EntryPoint","urlTemplate":"https:\/\/agenciainfra.com\/blog\/?s={search_term_string}"},"query-input":{"@type":"PropertyValueSpecification","valueRequired":true,"valueName":"search_term_string"}}],"inLanguage":"pt-BR"},{"@type":"Organization","@id":"https:\/\/agenciainfra.com\/blog\/#organization","name":"Ag\u00eancia iNFRA","url":"https:\/\/agenciainfra.com\/blog\/","logo":{"@type":"ImageObject","inLanguage":"pt-BR","@id":"https:\/\/agenciainfra.com\/blog\/#\/schema\/logo\/image\/","url":"https:\/\/agenciainfra.com\/blog\/wp-content\/uploads\/2023\/09\/iNFRA_5-e1761735885940.png","contentUrl":"https:\/\/agenciainfra.com\/blog\/wp-content\/uploads\/2023\/09\/iNFRA_5-e1761735885940.png","width":1672,"height":454,"caption":"Ag\u00eancia iNFRA"},"image":{"@id":"https:\/\/agenciainfra.com\/blog\/#\/schema\/logo\/image\/"},"sameAs":["https:\/\/www.facebook.com\/ageninfra","https:\/\/x.com\/agencia_infra","https:\/\/www.linkedin.com\/company\/ag\u00eanciainfra\/","https:\/\/www.instagram.com\/agenciainfra\/"]},{"@type":"Person","@id":"https:\/\/agenciainfra.com\/blog\/#\/schema\/person\/34af08dff6adea4cb22b06612ba7acfa","name":"Ag\u00eancia iNFRA","image":{"@type":"ImageObject","inLanguage":"pt-BR","@id":"https:\/\/agenciainfra.com\/blog\/#\/schema\/person\/image\/","url":"https:\/\/secure.gravatar.com\/avatar\/d189e01678f06d8eb84d4e01f08eb848b3fffe3f8443818d3c356c66892f5be8?s=96&d=mm&r=g","contentUrl":"https:\/\/secure.gravatar.com\/avatar\/d189e01678f06d8eb84d4e01f08eb848b3fffe3f8443818d3c356c66892f5be8?s=96&d=mm&r=g","caption":"Ag\u00eancia iNFRA"},"url":"https:\/\/agenciainfra.com\/blog\/author\/admin\/"}]}},"_links":{"self":[{"href":"https:\/\/agenciainfra.com\/blog\/wp-json\/wp\/v2\/posts\/28420","targetHints":{"allow":["GET"]}}],"collection":[{"href":"https:\/\/agenciainfra.com\/blog\/wp-json\/wp\/v2\/posts"}],"about":[{"href":"https:\/\/agenciainfra.com\/blog\/wp-json\/wp\/v2\/types\/post"}],"author":[{"embeddable":true,"href":"https:\/\/agenciainfra.com\/blog\/wp-json\/wp\/v2\/users\/1"}],"replies":[{"embeddable":true,"href":"https:\/\/agenciainfra.com\/blog\/wp-json\/wp\/v2\/comments?post=28420"}],"version-history":[{"count":6,"href":"https:\/\/agenciainfra.com\/blog\/wp-json\/wp\/v2\/posts\/28420\/revisions"}],"predecessor-version":[{"id":38630,"href":"https:\/\/agenciainfra.com\/blog\/wp-json\/wp\/v2\/posts\/28420\/revisions\/38630"}],"wp:featuredmedia":[{"embeddable":true,"href":"https:\/\/agenciainfra.com\/blog\/wp-json\/wp\/v2\/media\/23969"}],"wp:attachment":[{"href":"https:\/\/agenciainfra.com\/blog\/wp-json\/wp\/v2\/media?parent=28420"}],"wp:term":[{"taxonomy":"category","embeddable":true,"href":"https:\/\/agenciainfra.com\/blog\/wp-json\/wp\/v2\/categories?post=28420"},{"taxonomy":"post_tag","embeddable":true,"href":"https:\/\/agenciainfra.com\/blog\/wp-json\/wp\/v2\/tags?post=28420"}],"curies":[{"name":"wp","href":"https:\/\/api.w.org\/{rel}","templated":true}]}}