{"id":28436,"date":"2025-09-24T10:00:00","date_gmt":"2025-09-24T13:00:00","guid":{"rendered":"https:\/\/agenciainfra.com\/blog\/?p=28436"},"modified":"2025-09-24T10:12:54","modified_gmt":"2025-09-24T13:12:54","slug":"amanha-o-papel-das-hidreletricas-na-transicao-energetica-acompanhe","status":"publish","type":"post","link":"https:\/\/agenciainfra.com\/blog\/amanha-o-papel-das-hidreletricas-na-transicao-energetica-acompanhe\/","title":{"rendered":"Dia 25: O papel das hidrel\u00e9tricas na transi\u00e7\u00e3o energ\u00e9tica; acompanhe"},"content":{"rendered":"\n<p class=\"has-text-align-right\"><strong>da Ag\u00eancia iNFRA<\/strong><\/p>\n\n\n\n<p>A <strong>Ag\u00eancia iNFRA<\/strong> re\u00fane o setor el\u00e9trico na Casa ParlaMento, nesta quinta-feira (25), para debater &#8220;O papel das hidrel\u00e9tricas na transi\u00e7\u00e3o energ\u00e9tica&#8221;. O tema \u00e9 de fundamental import\u00e2ncia para a agenda de descarboniza\u00e7\u00e3o e ser\u00e1 abordado pelas perspectivas do setor p\u00fablico e dos agentes privados. S\u00e3o convidados ao encontro autoridades de governo, dirigentes de \u00f3rg\u00e3os p\u00fablicos e associa\u00e7\u00f5es, CEOs, parlamentares e especialistas. Acompanhe a transmiss\u00e3o ao vivo <a href=\"https:\/\/www.youtube.com\/live\/_XWtRtYgJtE\">neste link<\/a>.<\/p>\n\n\n\n<p>Dentre os assuntos que ser\u00e3o discutidos est\u00e3o a capacidade das usinas hidrel\u00e9tricas para fornecer flexibilidade e confiabilidade no contexto crescente de variabilidade da gera\u00e7\u00e3o e do consumo; a retomada do planejamento e desenvolvimento de projetos; a quest\u00e3o do curtailment; as novas tecnologias para seguran\u00e7a energ\u00e9tica; e a discuss\u00e3o sobre forma\u00e7\u00e3o de pre\u00e7os e governan\u00e7a dos modelos computacionais.<\/p>\n\n\n\n<p>Presen\u00e7as j\u00e1 confirmadas incluem nomes do Minist\u00e9rio de Minas e Energia, da ANEEL (Ag\u00eancia Nacional de Energia El\u00e9trica), do ONS (Operador Nacional do Sistema El\u00e9trico), da CCEE (C\u00e2mara de Comercializa\u00e7\u00e3o de Energia), da EPE (Empresa de Pesquisa Energ\u00e9tica) e da Itaipu. Tamb\u00e9m estar\u00e3o presentes a Auren, a Copel, a Eletrobras e a Abrage (Associa\u00e7\u00e3o Brasileira das Empresas Geradoras de Energia El\u00e9trica). Conhe\u00e7a a programa\u00e7\u00e3o completa e todos os participantes <a href=\"https:\/\/agenciainfra.com\/blog\/evento-o-papel-das-hidreletricas-na-transicao-energetica-reune-setor\/\">neste link<\/a>.<\/p>\n\n\n\n<p>O encontro \u00e9 patrocinado por Governo do Brasil, Itaipu Binacional, Eletrobras e Copel, e conta com apoio da Abrage.<\/p>\n","protected":false},"excerpt":{"rendered":"<p>da Ag\u00eancia iNFRA A Ag\u00eancia iNFRA re\u00fane o setor el\u00e9trico na Casa ParlaMento, nesta quinta-feira (25), para debater &#8220;O papel das hidrel\u00e9tricas na transi\u00e7\u00e3o energ\u00e9tica&#8221;. O tema \u00e9 de fundamental import\u00e2ncia para a agenda de descarboniza\u00e7\u00e3o e ser\u00e1 abordado pelas perspectivas do setor p\u00fablico e dos agentes privados. S\u00e3o convidados ao encontro autoridades de governo, [&hellip;]<\/p>\n","protected":false},"author":1,"featured_media":28446,"comment_status":"closed","ping_status":"closed","sticky":false,"template":"","format":"standard","meta":{"_monsterinsights_skip_tracking":false,"_monsterinsights_sitenote_active":false,"_monsterinsights_sitenote_note":"","_monsterinsights_sitenote_category":0,"footnotes":""},"categories":[1,2053],"tags":[1335,53,5436,13235,14,534,3361,50,12,635,99,96,216,2006],"class_list":["post-28436","post","type-post","status-publish","format-standard","has-post-thumbnail","hentry","category-geral","category-infraliveventos","tag-abrage","tag-aneel","tag-auren","tag-casa-parlamento","tag-ccee","tag-copel","tag-descarbonizacao","tag-eletrobras","tag-epe","tag-hidreletricas","tag-itaipu","tag-ministerio-de-minas-e-energia","tag-ons","tag-transicao-energetica"],"yoast_head":"<!-- This site is optimized with the Yoast SEO Premium plugin v25.4 (Yoast SEO v26.0) - https:\/\/yoast.com\/wordpress\/plugins\/seo\/ -->\n<title>Dia 25: O papel das hidrel\u00e9tricas na transi\u00e7\u00e3o energ\u00e9tica; acompanhe - Ag\u00eancia iNFRA<\/title>\n<meta name=\"robots\" content=\"index, follow, max-snippet:-1, max-image-preview:large, max-video-preview:-1\" \/>\n<link rel=\"canonical\" href=\"https:\/\/agenciainfra.com\/blog\/amanha-o-papel-das-hidreletricas-na-transicao-energetica-acompanhe\/\" \/>\n<meta property=\"og:locale\" content=\"pt_BR\" \/>\n<meta property=\"og:type\" content=\"article\" \/>\n<meta property=\"og:title\" content=\"Dia 25: O papel das hidrel\u00e9tricas na transi\u00e7\u00e3o energ\u00e9tica; acompanhe\" \/>\n<meta property=\"og:description\" content=\"da Ag\u00eancia iNFRA A Ag\u00eancia iNFRA re\u00fane o setor el\u00e9trico na Casa ParlaMento, nesta quinta-feira (25), para debater &#8220;O papel das hidrel\u00e9tricas na transi\u00e7\u00e3o energ\u00e9tica&#8221;. O tema \u00e9 de fundamental import\u00e2ncia para a agenda de descarboniza\u00e7\u00e3o e ser\u00e1 abordado pelas perspectivas do setor p\u00fablico e dos agentes privados. S\u00e3o convidados ao encontro autoridades de governo, [&hellip;]\" \/>\n<meta property=\"og:url\" content=\"https:\/\/agenciainfra.com\/blog\/amanha-o-papel-das-hidreletricas-na-transicao-energetica-acompanhe\/\" \/>\n<meta property=\"og:site_name\" content=\"Ag\u00eancia iNFRA\" \/>\n<meta property=\"article:publisher\" content=\"https:\/\/www.facebook.com\/ageninfra\" \/>\n<meta property=\"article:published_time\" content=\"2025-09-24T13:00:00+00:00\" \/>\n<meta property=\"article:modified_time\" content=\"2025-09-24T13:12:54+00:00\" \/>\n<meta property=\"og:image\" content=\"https:\/\/agenciainfra.com\/blog\/wp-content\/uploads\/2025\/09\/evento-hidreletricas-arte-divulgacao.jpg\" \/>\n\t<meta property=\"og:image:width\" content=\"1280\" \/>\n\t<meta property=\"og:image:height\" content=\"758\" \/>\n\t<meta property=\"og:image:type\" content=\"image\/jpeg\" \/>\n<meta name=\"author\" content=\"Ag\u00eancia iNFRA\" \/>\n<meta name=\"twitter:card\" content=\"summary_large_image\" \/>\n<meta name=\"twitter:creator\" content=\"@agencia_infra\" \/>\n<meta name=\"twitter:site\" content=\"@agencia_infra\" \/>\n<meta name=\"twitter:label1\" content=\"Escrito por\" \/>\n\t<meta name=\"twitter:data1\" content=\"Ag\u00eancia iNFRA\" \/>\n\t<meta name=\"twitter:label2\" content=\"Est. tempo de leitura\" \/>\n\t<meta name=\"twitter:data2\" content=\"1 minuto\" \/>\n<script type=\"application\/ld+json\" class=\"yoast-schema-graph\">{\"@context\":\"https:\/\/schema.org\",\"@graph\":[{\"@type\":\"Article\",\"@id\":\"https:\/\/agenciainfra.com\/blog\/amanha-o-papel-das-hidreletricas-na-transicao-energetica-acompanhe\/#article\",\"isPartOf\":{\"@id\":\"https:\/\/agenciainfra.com\/blog\/amanha-o-papel-das-hidreletricas-na-transicao-energetica-acompanhe\/\"},\"author\":{\"name\":\"Ag\u00eancia iNFRA\",\"@id\":\"https:\/\/agenciainfra.com\/blog\/#\/schema\/person\/34af08dff6adea4cb22b06612ba7acfa\"},\"headline\":\"Dia 25: O papel das hidrel\u00e9tricas na transi\u00e7\u00e3o energ\u00e9tica; acompanhe\",\"datePublished\":\"2025-09-24T13:00:00+00:00\",\"dateModified\":\"2025-09-24T13:12:54+00:00\",\"mainEntityOfPage\":{\"@id\":\"https:\/\/agenciainfra.com\/blog\/amanha-o-papel-das-hidreletricas-na-transicao-energetica-acompanhe\/\"},\"wordCount\":268,\"publisher\":{\"@id\":\"https:\/\/agenciainfra.com\/blog\/#organization\"},\"image\":{\"@id\":\"https:\/\/agenciainfra.com\/blog\/amanha-o-papel-das-hidreletricas-na-transicao-energetica-acompanhe\/#primaryimage\"},\"thumbnailUrl\":\"https:\/\/agenciainfra.com\/blog\/wp-content\/uploads\/2025\/09\/evento-hidreletricas-arte-divulgacao.jpg\",\"keywords\":[\"Abrage\",\"ANEEL\",\"Auren\",\"casa parlamento\",\"ccee\",\"Copel\",\"Descarboniza\u00e7\u00e3o\",\"Eletrobras\",\"epe\",\"Hidrel\u00e9tricas\",\"Itaipu\",\"Minist\u00e9rio de Minas e Energia\",\"ONS\",\"transi\u00e7\u00e3o energ\u00e9tica\"],\"articleSection\":[\"Geral\",\"iNFRALive e Eventos\"],\"inLanguage\":\"pt-BR\",\"copyrightYear\":\"2025\",\"copyrightHolder\":{\"@id\":\"https:\/\/agenciainfra.com\/blog\/#organization\"}},{\"@type\":\"WebPage\",\"@id\":\"https:\/\/agenciainfra.com\/blog\/amanha-o-papel-das-hidreletricas-na-transicao-energetica-acompanhe\/\",\"url\":\"https:\/\/agenciainfra.com\/blog\/amanha-o-papel-das-hidreletricas-na-transicao-energetica-acompanhe\/\",\"name\":\"Dia 25: O papel das hidrel\u00e9tricas na transi\u00e7\u00e3o energ\u00e9tica; acompanhe - Ag\u00eancia iNFRA\",\"isPartOf\":{\"@id\":\"https:\/\/agenciainfra.com\/blog\/#website\"},\"primaryImageOfPage\":{\"@id\":\"https:\/\/agenciainfra.com\/blog\/amanha-o-papel-das-hidreletricas-na-transicao-energetica-acompanhe\/#primaryimage\"},\"image\":{\"@id\":\"https:\/\/agenciainfra.com\/blog\/amanha-o-papel-das-hidreletricas-na-transicao-energetica-acompanhe\/#primaryimage\"},\"thumbnailUrl\":\"https:\/\/agenciainfra.com\/blog\/wp-content\/uploads\/2025\/09\/evento-hidreletricas-arte-divulgacao.jpg\",\"datePublished\":\"2025-09-24T13:00:00+00:00\",\"dateModified\":\"2025-09-24T13:12:54+00:00\",\"breadcrumb\":{\"@id\":\"https:\/\/agenciainfra.com\/blog\/amanha-o-papel-das-hidreletricas-na-transicao-energetica-acompanhe\/#breadcrumb\"},\"inLanguage\":\"pt-BR\",\"potentialAction\":[{\"@type\":\"ReadAction\",\"target\":[\"https:\/\/agenciainfra.com\/blog\/amanha-o-papel-das-hidreletricas-na-transicao-energetica-acompanhe\/\"]}]},{\"@type\":\"ImageObject\",\"inLanguage\":\"pt-BR\",\"@id\":\"https:\/\/agenciainfra.com\/blog\/amanha-o-papel-das-hidreletricas-na-transicao-energetica-acompanhe\/#primaryimage\",\"url\":\"https:\/\/agenciainfra.com\/blog\/wp-content\/uploads\/2025\/09\/evento-hidreletricas-arte-divulgacao.jpg\",\"contentUrl\":\"https:\/\/agenciainfra.com\/blog\/wp-content\/uploads\/2025\/09\/evento-hidreletricas-arte-divulgacao.jpg\",\"width\":1280,\"height\":758,\"caption\":\"Arte: Divulga\u00e7\u00e3o\"},{\"@type\":\"BreadcrumbList\",\"@id\":\"https:\/\/agenciainfra.com\/blog\/amanha-o-papel-das-hidreletricas-na-transicao-energetica-acompanhe\/#breadcrumb\",\"itemListElement\":[{\"@type\":\"ListItem\",\"position\":1,\"name\":\"In\u00edcio\",\"item\":\"https:\/\/agenciainfra.com\/blog\/\"},{\"@type\":\"ListItem\",\"position\":2,\"name\":\"Dia 25: O papel das hidrel\u00e9tricas na transi\u00e7\u00e3o energ\u00e9tica; acompanhe\"}]},{\"@type\":\"WebSite\",\"@id\":\"https:\/\/agenciainfra.com\/blog\/#website\",\"url\":\"https:\/\/agenciainfra.com\/blog\/\",\"name\":\"Ag\u00eancia iNFRA\",\"description\":\"Multiplataforma de informa\u00e7\u00e3o jornal\u00edstica refer\u00eancia na \u00e1rea de infraestrutura no Brasil!\",\"publisher\":{\"@id\":\"https:\/\/agenciainfra.com\/blog\/#organization\"},\"potentialAction\":[{\"@type\":\"SearchAction\",\"target\":{\"@type\":\"EntryPoint\",\"urlTemplate\":\"https:\/\/agenciainfra.com\/blog\/?s={search_term_string}\"},\"query-input\":{\"@type\":\"PropertyValueSpecification\",\"valueRequired\":true,\"valueName\":\"search_term_string\"}}],\"inLanguage\":\"pt-BR\"},{\"@type\":\"Organization\",\"@id\":\"https:\/\/agenciainfra.com\/blog\/#organization\",\"name\":\"Ag\u00eancia iNFRA\",\"url\":\"https:\/\/agenciainfra.com\/blog\/\",\"logo\":{\"@type\":\"ImageObject\",\"inLanguage\":\"pt-BR\",\"@id\":\"https:\/\/agenciainfra.com\/blog\/#\/schema\/logo\/image\/\",\"url\":\"https:\/\/agenciainfra.com\/blog\/wp-content\/uploads\/2023\/09\/iNFRA_5-e1761735885940.png\",\"contentUrl\":\"https:\/\/agenciainfra.com\/blog\/wp-content\/uploads\/2023\/09\/iNFRA_5-e1761735885940.png\",\"width\":1672,\"height\":454,\"caption\":\"Ag\u00eancia iNFRA\"},\"image\":{\"@id\":\"https:\/\/agenciainfra.com\/blog\/#\/schema\/logo\/image\/\"},\"sameAs\":[\"https:\/\/www.facebook.com\/ageninfra\",\"https:\/\/x.com\/agencia_infra\",\"https:\/\/www.linkedin.com\/company\/ag\u00eanciainfra\/\",\"https:\/\/www.instagram.com\/agenciainfra\/\"]},{\"@type\":\"Person\",\"@id\":\"https:\/\/agenciainfra.com\/blog\/#\/schema\/person\/34af08dff6adea4cb22b06612ba7acfa\",\"name\":\"Ag\u00eancia iNFRA\",\"image\":{\"@type\":\"ImageObject\",\"inLanguage\":\"pt-BR\",\"@id\":\"https:\/\/agenciainfra.com\/blog\/#\/schema\/person\/image\/\",\"url\":\"https:\/\/secure.gravatar.com\/avatar\/d189e01678f06d8eb84d4e01f08eb848b3fffe3f8443818d3c356c66892f5be8?s=96&d=mm&r=g\",\"contentUrl\":\"https:\/\/secure.gravatar.com\/avatar\/d189e01678f06d8eb84d4e01f08eb848b3fffe3f8443818d3c356c66892f5be8?s=96&d=mm&r=g\",\"caption\":\"Ag\u00eancia iNFRA\"},\"url\":\"https:\/\/agenciainfra.com\/blog\/author\/admin\/\"}]}<\/script>\n<!-- \/ Yoast SEO Premium plugin. -->","yoast_head_json":{"title":"Dia 25: O papel das hidrel\u00e9tricas na transi\u00e7\u00e3o energ\u00e9tica; acompanhe - Ag\u00eancia iNFRA","robots":{"index":"index","follow":"follow","max-snippet":"max-snippet:-1","max-image-preview":"max-image-preview:large","max-video-preview":"max-video-preview:-1"},"canonical":"https:\/\/agenciainfra.com\/blog\/amanha-o-papel-das-hidreletricas-na-transicao-energetica-acompanhe\/","og_locale":"pt_BR","og_type":"article","og_title":"Dia 25: O papel das hidrel\u00e9tricas na transi\u00e7\u00e3o energ\u00e9tica; acompanhe","og_description":"da Ag\u00eancia iNFRA A Ag\u00eancia iNFRA re\u00fane o setor el\u00e9trico na Casa ParlaMento, nesta quinta-feira (25), para debater &#8220;O papel das hidrel\u00e9tricas na transi\u00e7\u00e3o energ\u00e9tica&#8221;. O tema \u00e9 de fundamental import\u00e2ncia para a agenda de descarboniza\u00e7\u00e3o e ser\u00e1 abordado pelas perspectivas do setor p\u00fablico e dos agentes privados. S\u00e3o convidados ao encontro autoridades de governo, [&hellip;]","og_url":"https:\/\/agenciainfra.com\/blog\/amanha-o-papel-das-hidreletricas-na-transicao-energetica-acompanhe\/","og_site_name":"Ag\u00eancia iNFRA","article_publisher":"https:\/\/www.facebook.com\/ageninfra","article_published_time":"2025-09-24T13:00:00+00:00","article_modified_time":"2025-09-24T13:12:54+00:00","og_image":[{"width":1280,"height":758,"url":"https:\/\/agenciainfra.com\/blog\/wp-content\/uploads\/2025\/09\/evento-hidreletricas-arte-divulgacao.jpg","type":"image\/jpeg"}],"author":"Ag\u00eancia iNFRA","twitter_card":"summary_large_image","twitter_creator":"@agencia_infra","twitter_site":"@agencia_infra","twitter_misc":{"Escrito por":"Ag\u00eancia iNFRA","Est. tempo de leitura":"1 minuto"},"schema":{"@context":"https:\/\/schema.org","@graph":[{"@type":"Article","@id":"https:\/\/agenciainfra.com\/blog\/amanha-o-papel-das-hidreletricas-na-transicao-energetica-acompanhe\/#article","isPartOf":{"@id":"https:\/\/agenciainfra.com\/blog\/amanha-o-papel-das-hidreletricas-na-transicao-energetica-acompanhe\/"},"author":{"name":"Ag\u00eancia iNFRA","@id":"https:\/\/agenciainfra.com\/blog\/#\/schema\/person\/34af08dff6adea4cb22b06612ba7acfa"},"headline":"Dia 25: O papel das hidrel\u00e9tricas na transi\u00e7\u00e3o energ\u00e9tica; acompanhe","datePublished":"2025-09-24T13:00:00+00:00","dateModified":"2025-09-24T13:12:54+00:00","mainEntityOfPage":{"@id":"https:\/\/agenciainfra.com\/blog\/amanha-o-papel-das-hidreletricas-na-transicao-energetica-acompanhe\/"},"wordCount":268,"publisher":{"@id":"https:\/\/agenciainfra.com\/blog\/#organization"},"image":{"@id":"https:\/\/agenciainfra.com\/blog\/amanha-o-papel-das-hidreletricas-na-transicao-energetica-acompanhe\/#primaryimage"},"thumbnailUrl":"https:\/\/agenciainfra.com\/blog\/wp-content\/uploads\/2025\/09\/evento-hidreletricas-arte-divulgacao.jpg","keywords":["Abrage","ANEEL","Auren","casa parlamento","ccee","Copel","Descarboniza\u00e7\u00e3o","Eletrobras","epe","Hidrel\u00e9tricas","Itaipu","Minist\u00e9rio de Minas e Energia","ONS","transi\u00e7\u00e3o energ\u00e9tica"],"articleSection":["Geral","iNFRALive e Eventos"],"inLanguage":"pt-BR","copyrightYear":"2025","copyrightHolder":{"@id":"https:\/\/agenciainfra.com\/blog\/#organization"}},{"@type":"WebPage","@id":"https:\/\/agenciainfra.com\/blog\/amanha-o-papel-das-hidreletricas-na-transicao-energetica-acompanhe\/","url":"https:\/\/agenciainfra.com\/blog\/amanha-o-papel-das-hidreletricas-na-transicao-energetica-acompanhe\/","name":"Dia 25: O papel das hidrel\u00e9tricas na transi\u00e7\u00e3o energ\u00e9tica; acompanhe - Ag\u00eancia iNFRA","isPartOf":{"@id":"https:\/\/agenciainfra.com\/blog\/#website"},"primaryImageOfPage":{"@id":"https:\/\/agenciainfra.com\/blog\/amanha-o-papel-das-hidreletricas-na-transicao-energetica-acompanhe\/#primaryimage"},"image":{"@id":"https:\/\/agenciainfra.com\/blog\/amanha-o-papel-das-hidreletricas-na-transicao-energetica-acompanhe\/#primaryimage"},"thumbnailUrl":"https:\/\/agenciainfra.com\/blog\/wp-content\/uploads\/2025\/09\/evento-hidreletricas-arte-divulgacao.jpg","datePublished":"2025-09-24T13:00:00+00:00","dateModified":"2025-09-24T13:12:54+00:00","breadcrumb":{"@id":"https:\/\/agenciainfra.com\/blog\/amanha-o-papel-das-hidreletricas-na-transicao-energetica-acompanhe\/#breadcrumb"},"inLanguage":"pt-BR","potentialAction":[{"@type":"ReadAction","target":["https:\/\/agenciainfra.com\/blog\/amanha-o-papel-das-hidreletricas-na-transicao-energetica-acompanhe\/"]}]},{"@type":"ImageObject","inLanguage":"pt-BR","@id":"https:\/\/agenciainfra.com\/blog\/amanha-o-papel-das-hidreletricas-na-transicao-energetica-acompanhe\/#primaryimage","url":"https:\/\/agenciainfra.com\/blog\/wp-content\/uploads\/2025\/09\/evento-hidreletricas-arte-divulgacao.jpg","contentUrl":"https:\/\/agenciainfra.com\/blog\/wp-content\/uploads\/2025\/09\/evento-hidreletricas-arte-divulgacao.jpg","width":1280,"height":758,"caption":"Arte: Divulga\u00e7\u00e3o"},{"@type":"BreadcrumbList","@id":"https:\/\/agenciainfra.com\/blog\/amanha-o-papel-das-hidreletricas-na-transicao-energetica-acompanhe\/#breadcrumb","itemListElement":[{"@type":"ListItem","position":1,"name":"In\u00edcio","item":"https:\/\/agenciainfra.com\/blog\/"},{"@type":"ListItem","position":2,"name":"Dia 25: O papel das hidrel\u00e9tricas na transi\u00e7\u00e3o energ\u00e9tica; acompanhe"}]},{"@type":"WebSite","@id":"https:\/\/agenciainfra.com\/blog\/#website","url":"https:\/\/agenciainfra.com\/blog\/","name":"Ag\u00eancia iNFRA","description":"Multiplataforma de informa\u00e7\u00e3o jornal\u00edstica refer\u00eancia na \u00e1rea de infraestrutura no Brasil!","publisher":{"@id":"https:\/\/agenciainfra.com\/blog\/#organization"},"potentialAction":[{"@type":"SearchAction","target":{"@type":"EntryPoint","urlTemplate":"https:\/\/agenciainfra.com\/blog\/?s={search_term_string}"},"query-input":{"@type":"PropertyValueSpecification","valueRequired":true,"valueName":"search_term_string"}}],"inLanguage":"pt-BR"},{"@type":"Organization","@id":"https:\/\/agenciainfra.com\/blog\/#organization","name":"Ag\u00eancia iNFRA","url":"https:\/\/agenciainfra.com\/blog\/","logo":{"@type":"ImageObject","inLanguage":"pt-BR","@id":"https:\/\/agenciainfra.com\/blog\/#\/schema\/logo\/image\/","url":"https:\/\/agenciainfra.com\/blog\/wp-content\/uploads\/2023\/09\/iNFRA_5-e1761735885940.png","contentUrl":"https:\/\/agenciainfra.com\/blog\/wp-content\/uploads\/2023\/09\/iNFRA_5-e1761735885940.png","width":1672,"height":454,"caption":"Ag\u00eancia iNFRA"},"image":{"@id":"https:\/\/agenciainfra.com\/blog\/#\/schema\/logo\/image\/"},"sameAs":["https:\/\/www.facebook.com\/ageninfra","https:\/\/x.com\/agencia_infra","https:\/\/www.linkedin.com\/company\/ag\u00eanciainfra\/","https:\/\/www.instagram.com\/agenciainfra\/"]},{"@type":"Person","@id":"https:\/\/agenciainfra.com\/blog\/#\/schema\/person\/34af08dff6adea4cb22b06612ba7acfa","name":"Ag\u00eancia iNFRA","image":{"@type":"ImageObject","inLanguage":"pt-BR","@id":"https:\/\/agenciainfra.com\/blog\/#\/schema\/person\/image\/","url":"https:\/\/secure.gravatar.com\/avatar\/d189e01678f06d8eb84d4e01f08eb848b3fffe3f8443818d3c356c66892f5be8?s=96&d=mm&r=g","contentUrl":"https:\/\/secure.gravatar.com\/avatar\/d189e01678f06d8eb84d4e01f08eb848b3fffe3f8443818d3c356c66892f5be8?s=96&d=mm&r=g","caption":"Ag\u00eancia iNFRA"},"url":"https:\/\/agenciainfra.com\/blog\/author\/admin\/"}]}},"_links":{"self":[{"href":"https:\/\/agenciainfra.com\/blog\/wp-json\/wp\/v2\/posts\/28436","targetHints":{"allow":["GET"]}}],"collection":[{"href":"https:\/\/agenciainfra.com\/blog\/wp-json\/wp\/v2\/posts"}],"about":[{"href":"https:\/\/agenciainfra.com\/blog\/wp-json\/wp\/v2\/types\/post"}],"author":[{"embeddable":true,"href":"https:\/\/agenciainfra.com\/blog\/wp-json\/wp\/v2\/users\/1"}],"replies":[{"embeddable":true,"href":"https:\/\/agenciainfra.com\/blog\/wp-json\/wp\/v2\/comments?post=28436"}],"version-history":[{"count":3,"href":"https:\/\/agenciainfra.com\/blog\/wp-json\/wp\/v2\/posts\/28436\/revisions"}],"predecessor-version":[{"id":28455,"href":"https:\/\/agenciainfra.com\/blog\/wp-json\/wp\/v2\/posts\/28436\/revisions\/28455"}],"wp:featuredmedia":[{"embeddable":true,"href":"https:\/\/agenciainfra.com\/blog\/wp-json\/wp\/v2\/media\/28446"}],"wp:attachment":[{"href":"https:\/\/agenciainfra.com\/blog\/wp-json\/wp\/v2\/media?parent=28436"}],"wp:term":[{"taxonomy":"category","embeddable":true,"href":"https:\/\/agenciainfra.com\/blog\/wp-json\/wp\/v2\/categories?post=28436"},{"taxonomy":"post_tag","embeddable":true,"href":"https:\/\/agenciainfra.com\/blog\/wp-json\/wp\/v2\/tags?post=28436"}],"curies":[{"name":"wp","href":"https:\/\/api.w.org\/{rel}","templated":true}]}}