{"id":28457,"date":"2025-09-23T19:21:46","date_gmt":"2025-09-23T22:21:46","guid":{"rendered":"https:\/\/agenciainfra.com\/blog\/?p=28457"},"modified":"2025-09-23T19:21:46","modified_gmt":"2025-09-23T22:21:46","slug":"cni-atividade-da-industria-da-construcao-chega-a-pior-nivel-desde-2016","status":"publish","type":"post","link":"https:\/\/agenciainfra.com\/blog\/cni-atividade-da-industria-da-construcao-chega-a-pior-nivel-desde-2016\/","title":{"rendered":"CNI: Atividade da ind\u00fastria da constru\u00e7\u00e3o chega a pior n\u00edvel desde 2016"},"content":{"rendered":"\n<p class=\"has-text-align-right\"><strong>da Ag\u00eancia iNFRA<\/strong><\/p>\n\n\n\n<p>O \u00edndice de evolu\u00e7\u00e3o do n\u00edvel de atividade da ind\u00fastria da constru\u00e7\u00e3o retraiu 3,5 pontos em agosto, atingindo o pior desempenho para este m\u00eas dos \u00faltimos nove anos. A pontua\u00e7\u00e3o, que estava em 49,5 em julho, caiu para 46, segundo os <a href=\"https:\/\/s3.us-east-1.wasabisys.com\/wasabi.cse360.com.br\/email-editor-files\/23f2e8db-c276-4f19-9362-08d8e40a8ad4\/7b4e4f94-3368-4f86-a64f-b5a1c73d4a56.pdf\">dados divulgados<\/a> nesta ter\u00e7a-feira (23) pela CNI (Confedera\u00e7\u00e3o Nacional da Ind\u00fastria), em parceria a CBIC (C\u00e2mara Brasileira da Ind\u00fastria da Constru\u00e7\u00e3o).<\/p>\n\n\n\n<p>De acordo com Marcelo Azevedo, gerente de An\u00e1lise Econ\u00f4mica da CNI, a ind\u00fastria da constru\u00e7\u00e3o vem enfrentando problemas progressivos devido \u00e0 eleva\u00e7\u00e3o da taxa de juros, &#8220;tanto pelo encarecimento do cr\u00e9dito para investimentos quanto pela perda de ritmo da demanda&#8221;. Outros \u00edndices que registraram queda em agosto foram a evolu\u00e7\u00e3o do n\u00famero de empregados, que caiu de 3,8 para 46,3 pontos, e a UCO (Utiliza\u00e7\u00e3o da Capacidade Operacional), com recuo de dois pontos percentuais, para 66%, o menor n\u00edvel para o m\u00eas dos \u00faltimos tr\u00eas anos.<\/p>\n\n\n\n<p>Todos os \u00edndices de expectativa pioraram em setembro. A expectativa de compras de mat\u00e9rias-primas teve queda de 0,4 ponto, e a de novos empreendimentos e servi\u00e7os diminuiu 0,9 ponto. A expectativa de n\u00famero de empregados tamb\u00e9m apresentou queda, com -0,6 ponto, e o \u00edndice de expectativa de n\u00edvel de atividade caiu 0,7 ponto.<\/p>\n\n\n\n<p>O Icei (\u00cdndice de Confian\u00e7a do Empres\u00e1rio Industrial) da Constru\u00e7\u00e3o, por sua vez, embora tenha permanecido abaixo da linha divis\u00f3ria de 50 pontos, sinalizando falta de confian\u00e7a, registrou aumento de 1,2 ponto e chegou aos 47 pontos. A alta se deu pelo crescimento do \u00edndice de expectativas, que subiu 1,7 ponto, para 48,9 pontos, revertendo boa parte da queda de 2,4 pontos registrados no m\u00eas anterior.<\/p>\n","protected":false},"excerpt":{"rendered":"<p>da Ag\u00eancia iNFRA O \u00edndice de evolu\u00e7\u00e3o do n\u00edvel de atividade da ind\u00fastria da constru\u00e7\u00e3o retraiu 3,5 pontos em agosto, atingindo o pior desempenho para este m\u00eas dos \u00faltimos nove anos. A pontua\u00e7\u00e3o, que estava em 49,5 em julho, caiu para 46, segundo os dados divulgados nesta ter\u00e7a-feira (23) pela CNI (Confedera\u00e7\u00e3o Nacional da Ind\u00fastria), [&hellip;]<\/p>\n","protected":false},"author":1,"featured_media":28460,"comment_status":"closed","ping_status":"closed","sticky":false,"template":"","format":"standard","meta":{"_monsterinsights_skip_tracking":false,"_monsterinsights_sitenote_active":false,"_monsterinsights_sitenote_note":"","_monsterinsights_sitenote_category":0,"footnotes":""},"categories":[1,13576],"tags":[130,4266,15571,10211,15570],"class_list":["post-28457","post","type-post","status-publish","format-standard","has-post-thumbnail","hentry","category-geral","category-giro-infra","tag-cbic","tag-confederacao-nacional-da-industria","tag-icei","tag-industria-da-construcao","tag-marcelo-azevedo"],"yoast_head":"<!-- This site is optimized with the Yoast SEO Premium plugin v25.4 (Yoast SEO v26.0) - https:\/\/yoast.com\/wordpress\/plugins\/seo\/ -->\n<title>CNI: Atividade da ind\u00fastria da constru\u00e7\u00e3o chega a pior n\u00edvel desde 2016 - Ag\u00eancia iNFRA<\/title>\n<meta name=\"robots\" content=\"index, follow, max-snippet:-1, max-image-preview:large, max-video-preview:-1\" \/>\n<link rel=\"canonical\" href=\"https:\/\/agenciainfra.com\/blog\/cni-atividade-da-industria-da-construcao-chega-a-pior-nivel-desde-2016\/\" \/>\n<meta property=\"og:locale\" content=\"pt_BR\" \/>\n<meta property=\"og:type\" content=\"article\" \/>\n<meta property=\"og:title\" content=\"CNI: Atividade da ind\u00fastria da constru\u00e7\u00e3o chega a pior n\u00edvel desde 2016\" \/>\n<meta property=\"og:description\" content=\"da Ag\u00eancia iNFRA O \u00edndice de evolu\u00e7\u00e3o do n\u00edvel de atividade da ind\u00fastria da constru\u00e7\u00e3o retraiu 3,5 pontos em agosto, atingindo o pior desempenho para este m\u00eas dos \u00faltimos nove anos. A pontua\u00e7\u00e3o, que estava em 49,5 em julho, caiu para 46, segundo os dados divulgados nesta ter\u00e7a-feira (23) pela CNI (Confedera\u00e7\u00e3o Nacional da Ind\u00fastria), [&hellip;]\" \/>\n<meta property=\"og:url\" content=\"https:\/\/agenciainfra.com\/blog\/cni-atividade-da-industria-da-construcao-chega-a-pior-nivel-desde-2016\/\" \/>\n<meta property=\"og:site_name\" content=\"Ag\u00eancia iNFRA\" \/>\n<meta property=\"article:publisher\" content=\"https:\/\/www.facebook.com\/ageninfra\" \/>\n<meta property=\"article:published_time\" content=\"2025-09-23T22:21:46+00:00\" \/>\n<meta name=\"author\" content=\"Ag\u00eancia iNFRA\" \/>\n<meta name=\"twitter:card\" content=\"summary_large_image\" \/>\n<meta name=\"twitter:creator\" content=\"@agencia_infra\" \/>\n<meta name=\"twitter:site\" content=\"@agencia_infra\" \/>\n<meta name=\"twitter:label1\" content=\"Escrito por\" \/>\n\t<meta name=\"twitter:data1\" content=\"Ag\u00eancia iNFRA\" \/>\n\t<meta name=\"twitter:label2\" content=\"Est. tempo de leitura\" \/>\n\t<meta name=\"twitter:data2\" content=\"1 minuto\" \/>\n<script type=\"application\/ld+json\" class=\"yoast-schema-graph\">{\"@context\":\"https:\/\/schema.org\",\"@graph\":[{\"@type\":\"Article\",\"@id\":\"https:\/\/agenciainfra.com\/blog\/cni-atividade-da-industria-da-construcao-chega-a-pior-nivel-desde-2016\/#article\",\"isPartOf\":{\"@id\":\"https:\/\/agenciainfra.com\/blog\/cni-atividade-da-industria-da-construcao-chega-a-pior-nivel-desde-2016\/\"},\"author\":{\"name\":\"Ag\u00eancia iNFRA\",\"@id\":\"https:\/\/agenciainfra.com\/blog\/#\/schema\/person\/34af08dff6adea4cb22b06612ba7acfa\"},\"headline\":\"CNI: Atividade da ind\u00fastria da constru\u00e7\u00e3o chega a pior n\u00edvel desde 2016\",\"datePublished\":\"2025-09-23T22:21:46+00:00\",\"mainEntityOfPage\":{\"@id\":\"https:\/\/agenciainfra.com\/blog\/cni-atividade-da-industria-da-construcao-chega-a-pior-nivel-desde-2016\/\"},\"wordCount\":303,\"publisher\":{\"@id\":\"https:\/\/agenciainfra.com\/blog\/#organization\"},\"image\":{\"@id\":\"https:\/\/agenciainfra.com\/blog\/cni-atividade-da-industria-da-construcao-chega-a-pior-nivel-desde-2016\/#primaryimage\"},\"thumbnailUrl\":\"https:\/\/agenciainfra.com\/blog\/wp-content\/uploads\/2025\/09\/industria-da-construcao-foto-agencia-brasil-ebc.jpg\",\"keywords\":[\"CBIC\",\"Confedera\u00e7\u00e3o Nacional da Ind\u00fastria\",\"Icei\",\"Ind\u00fastria da Constru\u00e7\u00e3o\",\"Marcelo Azevedo\"],\"articleSection\":[\"Geral\",\"Giro iNFRA\"],\"inLanguage\":\"pt-BR\",\"copyrightYear\":\"2025\",\"copyrightHolder\":{\"@id\":\"https:\/\/agenciainfra.com\/blog\/#organization\"}},{\"@type\":\"WebPage\",\"@id\":\"https:\/\/agenciainfra.com\/blog\/cni-atividade-da-industria-da-construcao-chega-a-pior-nivel-desde-2016\/\",\"url\":\"https:\/\/agenciainfra.com\/blog\/cni-atividade-da-industria-da-construcao-chega-a-pior-nivel-desde-2016\/\",\"name\":\"CNI: Atividade da ind\u00fastria da constru\u00e7\u00e3o chega a pior n\u00edvel desde 2016 - Ag\u00eancia iNFRA\",\"isPartOf\":{\"@id\":\"https:\/\/agenciainfra.com\/blog\/#website\"},\"primaryImageOfPage\":{\"@id\":\"https:\/\/agenciainfra.com\/blog\/cni-atividade-da-industria-da-construcao-chega-a-pior-nivel-desde-2016\/#primaryimage\"},\"image\":{\"@id\":\"https:\/\/agenciainfra.com\/blog\/cni-atividade-da-industria-da-construcao-chega-a-pior-nivel-desde-2016\/#primaryimage\"},\"thumbnailUrl\":\"https:\/\/agenciainfra.com\/blog\/wp-content\/uploads\/2025\/09\/industria-da-construcao-foto-agencia-brasil-ebc.jpg\",\"datePublished\":\"2025-09-23T22:21:46+00:00\",\"breadcrumb\":{\"@id\":\"https:\/\/agenciainfra.com\/blog\/cni-atividade-da-industria-da-construcao-chega-a-pior-nivel-desde-2016\/#breadcrumb\"},\"inLanguage\":\"pt-BR\",\"potentialAction\":[{\"@type\":\"ReadAction\",\"target\":[\"https:\/\/agenciainfra.com\/blog\/cni-atividade-da-industria-da-construcao-chega-a-pior-nivel-desde-2016\/\"]}]},{\"@type\":\"ImageObject\",\"inLanguage\":\"pt-BR\",\"@id\":\"https:\/\/agenciainfra.com\/blog\/cni-atividade-da-industria-da-construcao-chega-a-pior-nivel-desde-2016\/#primaryimage\",\"url\":\"https:\/\/agenciainfra.com\/blog\/wp-content\/uploads\/2025\/09\/industria-da-construcao-foto-agencia-brasil-ebc.jpg\",\"contentUrl\":\"https:\/\/agenciainfra.com\/blog\/wp-content\/uploads\/2025\/09\/industria-da-construcao-foto-agencia-brasil-ebc.jpg\",\"width\":1280,\"height\":765,\"caption\":\"Foto: Ag\u00eancia Brasil\/EBC\"},{\"@type\":\"BreadcrumbList\",\"@id\":\"https:\/\/agenciainfra.com\/blog\/cni-atividade-da-industria-da-construcao-chega-a-pior-nivel-desde-2016\/#breadcrumb\",\"itemListElement\":[{\"@type\":\"ListItem\",\"position\":1,\"name\":\"In\u00edcio\",\"item\":\"https:\/\/agenciainfra.com\/blog\/\"},{\"@type\":\"ListItem\",\"position\":2,\"name\":\"CNI: Atividade da ind\u00fastria da constru\u00e7\u00e3o chega a pior n\u00edvel desde 2016\"}]},{\"@type\":\"WebSite\",\"@id\":\"https:\/\/agenciainfra.com\/blog\/#website\",\"url\":\"https:\/\/agenciainfra.com\/blog\/\",\"name\":\"Ag\u00eancia iNFRA\",\"description\":\"Multiplataforma de informa\u00e7\u00e3o jornal\u00edstica refer\u00eancia na \u00e1rea de infraestrutura no Brasil!\",\"publisher\":{\"@id\":\"https:\/\/agenciainfra.com\/blog\/#organization\"},\"potentialAction\":[{\"@type\":\"SearchAction\",\"target\":{\"@type\":\"EntryPoint\",\"urlTemplate\":\"https:\/\/agenciainfra.com\/blog\/?s={search_term_string}\"},\"query-input\":{\"@type\":\"PropertyValueSpecification\",\"valueRequired\":true,\"valueName\":\"search_term_string\"}}],\"inLanguage\":\"pt-BR\"},{\"@type\":\"Organization\",\"@id\":\"https:\/\/agenciainfra.com\/blog\/#organization\",\"name\":\"Ag\u00eancia iNFRA\",\"url\":\"https:\/\/agenciainfra.com\/blog\/\",\"logo\":{\"@type\":\"ImageObject\",\"inLanguage\":\"pt-BR\",\"@id\":\"https:\/\/agenciainfra.com\/blog\/#\/schema\/logo\/image\/\",\"url\":\"https:\/\/agenciainfra.com\/blog\/wp-content\/uploads\/2023\/09\/iNFRA_5-e1761735885940.png\",\"contentUrl\":\"https:\/\/agenciainfra.com\/blog\/wp-content\/uploads\/2023\/09\/iNFRA_5-e1761735885940.png\",\"width\":1672,\"height\":454,\"caption\":\"Ag\u00eancia iNFRA\"},\"image\":{\"@id\":\"https:\/\/agenciainfra.com\/blog\/#\/schema\/logo\/image\/\"},\"sameAs\":[\"https:\/\/www.facebook.com\/ageninfra\",\"https:\/\/x.com\/agencia_infra\",\"https:\/\/www.linkedin.com\/company\/ag\u00eanciainfra\/\",\"https:\/\/www.instagram.com\/agenciainfra\/\"]},{\"@type\":\"Person\",\"@id\":\"https:\/\/agenciainfra.com\/blog\/#\/schema\/person\/34af08dff6adea4cb22b06612ba7acfa\",\"name\":\"Ag\u00eancia iNFRA\",\"image\":{\"@type\":\"ImageObject\",\"inLanguage\":\"pt-BR\",\"@id\":\"https:\/\/agenciainfra.com\/blog\/#\/schema\/person\/image\/\",\"url\":\"https:\/\/secure.gravatar.com\/avatar\/d189e01678f06d8eb84d4e01f08eb848b3fffe3f8443818d3c356c66892f5be8?s=96&d=mm&r=g\",\"contentUrl\":\"https:\/\/secure.gravatar.com\/avatar\/d189e01678f06d8eb84d4e01f08eb848b3fffe3f8443818d3c356c66892f5be8?s=96&d=mm&r=g\",\"caption\":\"Ag\u00eancia iNFRA\"},\"url\":\"https:\/\/agenciainfra.com\/blog\/author\/admin\/\"}]}<\/script>\n<!-- \/ Yoast SEO Premium plugin. -->","yoast_head_json":{"title":"CNI: Atividade da ind\u00fastria da constru\u00e7\u00e3o chega a pior n\u00edvel desde 2016 - Ag\u00eancia iNFRA","robots":{"index":"index","follow":"follow","max-snippet":"max-snippet:-1","max-image-preview":"max-image-preview:large","max-video-preview":"max-video-preview:-1"},"canonical":"https:\/\/agenciainfra.com\/blog\/cni-atividade-da-industria-da-construcao-chega-a-pior-nivel-desde-2016\/","og_locale":"pt_BR","og_type":"article","og_title":"CNI: Atividade da ind\u00fastria da constru\u00e7\u00e3o chega a pior n\u00edvel desde 2016","og_description":"da Ag\u00eancia iNFRA O \u00edndice de evolu\u00e7\u00e3o do n\u00edvel de atividade da ind\u00fastria da constru\u00e7\u00e3o retraiu 3,5 pontos em agosto, atingindo o pior desempenho para este m\u00eas dos \u00faltimos nove anos. A pontua\u00e7\u00e3o, que estava em 49,5 em julho, caiu para 46, segundo os dados divulgados nesta ter\u00e7a-feira (23) pela CNI (Confedera\u00e7\u00e3o Nacional da Ind\u00fastria), [&hellip;]","og_url":"https:\/\/agenciainfra.com\/blog\/cni-atividade-da-industria-da-construcao-chega-a-pior-nivel-desde-2016\/","og_site_name":"Ag\u00eancia iNFRA","article_publisher":"https:\/\/www.facebook.com\/ageninfra","article_published_time":"2025-09-23T22:21:46+00:00","author":"Ag\u00eancia iNFRA","twitter_card":"summary_large_image","twitter_creator":"@agencia_infra","twitter_site":"@agencia_infra","twitter_misc":{"Escrito por":"Ag\u00eancia iNFRA","Est. tempo de leitura":"1 minuto"},"schema":{"@context":"https:\/\/schema.org","@graph":[{"@type":"Article","@id":"https:\/\/agenciainfra.com\/blog\/cni-atividade-da-industria-da-construcao-chega-a-pior-nivel-desde-2016\/#article","isPartOf":{"@id":"https:\/\/agenciainfra.com\/blog\/cni-atividade-da-industria-da-construcao-chega-a-pior-nivel-desde-2016\/"},"author":{"name":"Ag\u00eancia iNFRA","@id":"https:\/\/agenciainfra.com\/blog\/#\/schema\/person\/34af08dff6adea4cb22b06612ba7acfa"},"headline":"CNI: Atividade da ind\u00fastria da constru\u00e7\u00e3o chega a pior n\u00edvel desde 2016","datePublished":"2025-09-23T22:21:46+00:00","mainEntityOfPage":{"@id":"https:\/\/agenciainfra.com\/blog\/cni-atividade-da-industria-da-construcao-chega-a-pior-nivel-desde-2016\/"},"wordCount":303,"publisher":{"@id":"https:\/\/agenciainfra.com\/blog\/#organization"},"image":{"@id":"https:\/\/agenciainfra.com\/blog\/cni-atividade-da-industria-da-construcao-chega-a-pior-nivel-desde-2016\/#primaryimage"},"thumbnailUrl":"https:\/\/agenciainfra.com\/blog\/wp-content\/uploads\/2025\/09\/industria-da-construcao-foto-agencia-brasil-ebc.jpg","keywords":["CBIC","Confedera\u00e7\u00e3o Nacional da Ind\u00fastria","Icei","Ind\u00fastria da Constru\u00e7\u00e3o","Marcelo Azevedo"],"articleSection":["Geral","Giro iNFRA"],"inLanguage":"pt-BR","copyrightYear":"2025","copyrightHolder":{"@id":"https:\/\/agenciainfra.com\/blog\/#organization"}},{"@type":"WebPage","@id":"https:\/\/agenciainfra.com\/blog\/cni-atividade-da-industria-da-construcao-chega-a-pior-nivel-desde-2016\/","url":"https:\/\/agenciainfra.com\/blog\/cni-atividade-da-industria-da-construcao-chega-a-pior-nivel-desde-2016\/","name":"CNI: Atividade da ind\u00fastria da constru\u00e7\u00e3o chega a pior n\u00edvel desde 2016 - Ag\u00eancia iNFRA","isPartOf":{"@id":"https:\/\/agenciainfra.com\/blog\/#website"},"primaryImageOfPage":{"@id":"https:\/\/agenciainfra.com\/blog\/cni-atividade-da-industria-da-construcao-chega-a-pior-nivel-desde-2016\/#primaryimage"},"image":{"@id":"https:\/\/agenciainfra.com\/blog\/cni-atividade-da-industria-da-construcao-chega-a-pior-nivel-desde-2016\/#primaryimage"},"thumbnailUrl":"https:\/\/agenciainfra.com\/blog\/wp-content\/uploads\/2025\/09\/industria-da-construcao-foto-agencia-brasil-ebc.jpg","datePublished":"2025-09-23T22:21:46+00:00","breadcrumb":{"@id":"https:\/\/agenciainfra.com\/blog\/cni-atividade-da-industria-da-construcao-chega-a-pior-nivel-desde-2016\/#breadcrumb"},"inLanguage":"pt-BR","potentialAction":[{"@type":"ReadAction","target":["https:\/\/agenciainfra.com\/blog\/cni-atividade-da-industria-da-construcao-chega-a-pior-nivel-desde-2016\/"]}]},{"@type":"ImageObject","inLanguage":"pt-BR","@id":"https:\/\/agenciainfra.com\/blog\/cni-atividade-da-industria-da-construcao-chega-a-pior-nivel-desde-2016\/#primaryimage","url":"https:\/\/agenciainfra.com\/blog\/wp-content\/uploads\/2025\/09\/industria-da-construcao-foto-agencia-brasil-ebc.jpg","contentUrl":"https:\/\/agenciainfra.com\/blog\/wp-content\/uploads\/2025\/09\/industria-da-construcao-foto-agencia-brasil-ebc.jpg","width":1280,"height":765,"caption":"Foto: Ag\u00eancia Brasil\/EBC"},{"@type":"BreadcrumbList","@id":"https:\/\/agenciainfra.com\/blog\/cni-atividade-da-industria-da-construcao-chega-a-pior-nivel-desde-2016\/#breadcrumb","itemListElement":[{"@type":"ListItem","position":1,"name":"In\u00edcio","item":"https:\/\/agenciainfra.com\/blog\/"},{"@type":"ListItem","position":2,"name":"CNI: Atividade da ind\u00fastria da constru\u00e7\u00e3o chega a pior n\u00edvel desde 2016"}]},{"@type":"WebSite","@id":"https:\/\/agenciainfra.com\/blog\/#website","url":"https:\/\/agenciainfra.com\/blog\/","name":"Ag\u00eancia iNFRA","description":"Multiplataforma de informa\u00e7\u00e3o jornal\u00edstica refer\u00eancia na \u00e1rea de infraestrutura no Brasil!","publisher":{"@id":"https:\/\/agenciainfra.com\/blog\/#organization"},"potentialAction":[{"@type":"SearchAction","target":{"@type":"EntryPoint","urlTemplate":"https:\/\/agenciainfra.com\/blog\/?s={search_term_string}"},"query-input":{"@type":"PropertyValueSpecification","valueRequired":true,"valueName":"search_term_string"}}],"inLanguage":"pt-BR"},{"@type":"Organization","@id":"https:\/\/agenciainfra.com\/blog\/#organization","name":"Ag\u00eancia iNFRA","url":"https:\/\/agenciainfra.com\/blog\/","logo":{"@type":"ImageObject","inLanguage":"pt-BR","@id":"https:\/\/agenciainfra.com\/blog\/#\/schema\/logo\/image\/","url":"https:\/\/agenciainfra.com\/blog\/wp-content\/uploads\/2023\/09\/iNFRA_5-e1761735885940.png","contentUrl":"https:\/\/agenciainfra.com\/blog\/wp-content\/uploads\/2023\/09\/iNFRA_5-e1761735885940.png","width":1672,"height":454,"caption":"Ag\u00eancia iNFRA"},"image":{"@id":"https:\/\/agenciainfra.com\/blog\/#\/schema\/logo\/image\/"},"sameAs":["https:\/\/www.facebook.com\/ageninfra","https:\/\/x.com\/agencia_infra","https:\/\/www.linkedin.com\/company\/ag\u00eanciainfra\/","https:\/\/www.instagram.com\/agenciainfra\/"]},{"@type":"Person","@id":"https:\/\/agenciainfra.com\/blog\/#\/schema\/person\/34af08dff6adea4cb22b06612ba7acfa","name":"Ag\u00eancia iNFRA","image":{"@type":"ImageObject","inLanguage":"pt-BR","@id":"https:\/\/agenciainfra.com\/blog\/#\/schema\/person\/image\/","url":"https:\/\/secure.gravatar.com\/avatar\/d189e01678f06d8eb84d4e01f08eb848b3fffe3f8443818d3c356c66892f5be8?s=96&d=mm&r=g","contentUrl":"https:\/\/secure.gravatar.com\/avatar\/d189e01678f06d8eb84d4e01f08eb848b3fffe3f8443818d3c356c66892f5be8?s=96&d=mm&r=g","caption":"Ag\u00eancia iNFRA"},"url":"https:\/\/agenciainfra.com\/blog\/author\/admin\/"}]}},"_links":{"self":[{"href":"https:\/\/agenciainfra.com\/blog\/wp-json\/wp\/v2\/posts\/28457","targetHints":{"allow":["GET"]}}],"collection":[{"href":"https:\/\/agenciainfra.com\/blog\/wp-json\/wp\/v2\/posts"}],"about":[{"href":"https:\/\/agenciainfra.com\/blog\/wp-json\/wp\/v2\/types\/post"}],"author":[{"embeddable":true,"href":"https:\/\/agenciainfra.com\/blog\/wp-json\/wp\/v2\/users\/1"}],"replies":[{"embeddable":true,"href":"https:\/\/agenciainfra.com\/blog\/wp-json\/wp\/v2\/comments?post=28457"}],"version-history":[{"count":1,"href":"https:\/\/agenciainfra.com\/blog\/wp-json\/wp\/v2\/posts\/28457\/revisions"}],"predecessor-version":[{"id":28461,"href":"https:\/\/agenciainfra.com\/blog\/wp-json\/wp\/v2\/posts\/28457\/revisions\/28461"}],"wp:featuredmedia":[{"embeddable":true,"href":"https:\/\/agenciainfra.com\/blog\/wp-json\/wp\/v2\/media\/28460"}],"wp:attachment":[{"href":"https:\/\/agenciainfra.com\/blog\/wp-json\/wp\/v2\/media?parent=28457"}],"wp:term":[{"taxonomy":"category","embeddable":true,"href":"https:\/\/agenciainfra.com\/blog\/wp-json\/wp\/v2\/categories?post=28457"},{"taxonomy":"post_tag","embeddable":true,"href":"https:\/\/agenciainfra.com\/blog\/wp-json\/wp\/v2\/tags?post=28457"}],"curies":[{"name":"wp","href":"https:\/\/api.w.org\/{rel}","templated":true}]}}