{"id":28459,"date":"2025-09-23T19:43:39","date_gmt":"2025-09-23T22:43:39","guid":{"rendered":"https:\/\/agenciainfra.com\/blog\/?p=28459"},"modified":"2025-09-24T14:01:30","modified_gmt":"2025-09-24T17:01:30","slug":"ibram-e-pf-avancam-com-ouroteca-para-coibir-venda-ilegal-de-ouro","status":"publish","type":"post","link":"https:\/\/agenciainfra.com\/blog\/ibram-e-pf-avancam-com-ouroteca-para-coibir-venda-ilegal-de-ouro\/","title":{"rendered":"Ibram e PF avan\u00e7am com \u2018Ouroteca\u2019 para coibir venda ilegal de ouro"},"content":{"rendered":"\n<p class=\"has-text-align-right\"><strong>Rafael Bitencourt, da Ag\u00eancia iNFRA<\/strong><\/p>\n\n\n\n<p>O Ibram (Instituto Brasileiro de Minera\u00e7\u00e3o) vai assinar at\u00e9 o final do ano um conv\u00eanio com a PF (Pol\u00edcia Federal) para criar um banco de amostras de ouro a fim de verificar a origem do min\u00e9rio comercializado. A confirma\u00e7\u00e3o dessa parceria, para combater a venda ilegal de ouro, foi mencionada nesta ter\u00e7a-feira (23) pelo diretor de assuntos miner\u00e1rios da entidade, J\u00falio Neri.<\/p>\n\n\n\n<p>De acordo com o executivo, o banco de amostra que est\u00e1 sendo montando foi apelitado pela equipe envolvida no projeto de \u201cOuroteca\u201d.<\/p>\n\n\n\n<p>&#8220;Cada jazida \u00e9 \u00fanica, que tem caracter\u00edsticas especiais mesmo. O que resta \u00e9 a gente conseguir meios de mapear isso e, ent\u00e3o, poder usar essas caracter\u00edsticas a nosso favor, a favor de uma rastreabilidade que leve \u00e0 ilegalidade&#8221;, disse Neri, no <a href=\"https:\/\/agenciainfra.com\/blog\/sob-pressao-anm-propoe-debate-sobre-fiscalizacao-do-ouro-no-brasil\/\">F\u00f3rum Brasileiro pelo Ouro Respons\u00e1vel<\/a>. O evento foi promovido pela ANM (Ag\u00eancia Nacional de Minera\u00e7\u00e3o) e pelo Conselho Mundial do Ouro, o World Gold Council, em Bras\u00edlia.<\/p>\n\n\n\n<p>O diretor do Ibram afirmou que a cataloga\u00e7\u00e3o do ouro no Brasil imp\u00f4s desafios que aos poucos t\u00eam sido superados. \u201cA gente vai poder identificar de onde veio cada amostra de ouro. \u00c9 um trabalho longo, dif\u00edcil e caro, mas que precisa come\u00e7ar. J\u00e1 andou bastante, e a gente j\u00e1 consegue provar, por exemplo, que uma determinada amostra n\u00e3o veio de uma determinada jazida\u201d, explicou.<\/p>\n\n\n\n<p><strong>Chamariz<\/strong><\/p>\n\n\n\n<p>Neri frisou que a alta cota\u00e7\u00e3o do ouro no mercado internacional mant\u00e9m criminosos mobilizados para obten\u00e7\u00e3o desse min\u00e9rio por via ilegal. \u201cO pre\u00e7o que o ouro est\u00e1 hoje em US$ 3.780 por On\u00e7a [Troy], equivale a R$ 680 a grama (\u2026) \u00c9 um chamariz enorme para atratividade de pessoas inescrupulosas onde cabe o poder de pol\u00edcia \u2013 do governo, principalmente \u2013 para coibir essas a\u00e7\u00f5es ilegais\u201d,\u00a0afirmou.<\/p>\n","protected":false},"excerpt":{"rendered":"<p>Rafael Bitencourt, da Ag\u00eancia iNFRA O Ibram (Instituto Brasileiro de Minera\u00e7\u00e3o) vai assinar at\u00e9 o final do ano um conv\u00eanio com a PF (Pol\u00edcia Federal) para criar um banco de amostras de ouro a fim de verificar a origem do min\u00e9rio comercializado. A confirma\u00e7\u00e3o dessa parceria, para combater a venda ilegal de ouro, foi mencionada [&hellip;]<\/p>\n","protected":false},"author":1,"featured_media":28012,"comment_status":"closed","ping_status":"closed","sticky":false,"template":"","format":"standard","meta":{"_monsterinsights_skip_tracking":false,"_monsterinsights_sitenote_active":false,"_monsterinsights_sitenote_note":"","_monsterinsights_sitenote_category":0,"footnotes":""},"categories":[7250,1,13239],"tags":[840,340,15575,13258,13381,13464,3431,13813,15576],"class_list":["post-28459","post","type-post","status-publish","format-standard","has-post-thumbnail","hentry","category-destaque-lista","category-geral","category-mineracao","tag-agencia-nacional-de-mineracao","tag-anm","tag-conselho-mundial-do-ouro","tag-ibram","tag-instituto-brasileiro-de-mineracao","tag-ouro","tag-policia-federal","tag-rafael-bitencourt","tag-venda-ilegal"],"yoast_head":"<!-- This site is optimized with the Yoast SEO Premium plugin v25.4 (Yoast SEO v26.0) - https:\/\/yoast.com\/wordpress\/plugins\/seo\/ -->\n<title>Ibram e PF avan\u00e7am com \u2018Ouroteca\u2019 para coibir venda ilegal de ouro - Ag\u00eancia iNFRA<\/title>\n<meta name=\"robots\" content=\"index, follow, max-snippet:-1, max-image-preview:large, max-video-preview:-1\" \/>\n<link rel=\"canonical\" href=\"https:\/\/agenciainfra.com\/blog\/ibram-e-pf-avancam-com-ouroteca-para-coibir-venda-ilegal-de-ouro\/\" \/>\n<meta property=\"og:locale\" content=\"pt_BR\" \/>\n<meta property=\"og:type\" content=\"article\" \/>\n<meta property=\"og:title\" content=\"Ibram e PF avan\u00e7am com \u2018Ouroteca\u2019 para coibir venda ilegal de ouro\" \/>\n<meta property=\"og:description\" content=\"Rafael Bitencourt, da Ag\u00eancia iNFRA O Ibram (Instituto Brasileiro de Minera\u00e7\u00e3o) vai assinar at\u00e9 o final do ano um conv\u00eanio com a PF (Pol\u00edcia Federal) para criar um banco de amostras de ouro a fim de verificar a origem do min\u00e9rio comercializado. A confirma\u00e7\u00e3o dessa parceria, para combater a venda ilegal de ouro, foi mencionada [&hellip;]\" \/>\n<meta property=\"og:url\" content=\"https:\/\/agenciainfra.com\/blog\/ibram-e-pf-avancam-com-ouroteca-para-coibir-venda-ilegal-de-ouro\/\" \/>\n<meta property=\"og:site_name\" content=\"Ag\u00eancia iNFRA\" \/>\n<meta property=\"article:publisher\" content=\"https:\/\/www.facebook.com\/ageninfra\" \/>\n<meta property=\"article:published_time\" content=\"2025-09-23T22:43:39+00:00\" \/>\n<meta property=\"article:modified_time\" content=\"2025-09-24T17:01:30+00:00\" \/>\n<meta property=\"og:image\" content=\"https:\/\/agenciainfra.com\/blog\/wp-content\/uploads\/2025\/09\/PF-Policia-Federal-Foto-Marcelo-Camargo-Agencia-Brasil-2.jpg\" \/>\n\t<meta property=\"og:image:width\" content=\"1280\" \/>\n\t<meta property=\"og:image:height\" content=\"721\" \/>\n\t<meta property=\"og:image:type\" content=\"image\/jpeg\" \/>\n<meta name=\"author\" content=\"Ag\u00eancia iNFRA\" \/>\n<meta name=\"twitter:card\" content=\"summary_large_image\" \/>\n<meta name=\"twitter:creator\" content=\"@agencia_infra\" \/>\n<meta name=\"twitter:site\" content=\"@agencia_infra\" \/>\n<meta name=\"twitter:label1\" content=\"Escrito por\" \/>\n\t<meta name=\"twitter:data1\" content=\"Ag\u00eancia iNFRA\" \/>\n\t<meta name=\"twitter:label2\" content=\"Est. tempo de leitura\" \/>\n\t<meta name=\"twitter:data2\" content=\"2 minutos\" \/>\n<script type=\"application\/ld+json\" class=\"yoast-schema-graph\">{\"@context\":\"https:\/\/schema.org\",\"@graph\":[{\"@type\":\"Article\",\"@id\":\"https:\/\/agenciainfra.com\/blog\/ibram-e-pf-avancam-com-ouroteca-para-coibir-venda-ilegal-de-ouro\/#article\",\"isPartOf\":{\"@id\":\"https:\/\/agenciainfra.com\/blog\/ibram-e-pf-avancam-com-ouroteca-para-coibir-venda-ilegal-de-ouro\/\"},\"author\":{\"name\":\"Ag\u00eancia iNFRA\",\"@id\":\"https:\/\/agenciainfra.com\/blog\/#\/schema\/person\/34af08dff6adea4cb22b06612ba7acfa\"},\"headline\":\"Ibram e PF avan\u00e7am com \u2018Ouroteca\u2019 para coibir venda ilegal de ouro\",\"datePublished\":\"2025-09-23T22:43:39+00:00\",\"dateModified\":\"2025-09-24T17:01:30+00:00\",\"mainEntityOfPage\":{\"@id\":\"https:\/\/agenciainfra.com\/blog\/ibram-e-pf-avancam-com-ouroteca-para-coibir-venda-ilegal-de-ouro\/\"},\"wordCount\":323,\"publisher\":{\"@id\":\"https:\/\/agenciainfra.com\/blog\/#organization\"},\"image\":{\"@id\":\"https:\/\/agenciainfra.com\/blog\/ibram-e-pf-avancam-com-ouroteca-para-coibir-venda-ilegal-de-ouro\/#primaryimage\"},\"thumbnailUrl\":\"https:\/\/agenciainfra.com\/blog\/wp-content\/uploads\/2025\/09\/PF-Policia-Federal-Foto-Marcelo-Camargo-Agencia-Brasil-2.jpg\",\"keywords\":[\"Ag\u00eancia Nacional de Minera\u00e7\u00e3o\",\"ANM\",\"Conselho Mundial do Ouro\",\"ibram\",\"Instituto Brasileiro de Minera\u00e7\u00e3o\",\"ouro\",\"Pol\u00edcia Federal\",\"Rafael Bitencourt\",\"venda ilegal\"],\"articleSection\":[\"Destaque lista\",\"Geral\",\"Minera\u00e7\u00e3o\"],\"inLanguage\":\"pt-BR\",\"copyrightYear\":\"2025\",\"copyrightHolder\":{\"@id\":\"https:\/\/agenciainfra.com\/blog\/#organization\"}},{\"@type\":\"WebPage\",\"@id\":\"https:\/\/agenciainfra.com\/blog\/ibram-e-pf-avancam-com-ouroteca-para-coibir-venda-ilegal-de-ouro\/\",\"url\":\"https:\/\/agenciainfra.com\/blog\/ibram-e-pf-avancam-com-ouroteca-para-coibir-venda-ilegal-de-ouro\/\",\"name\":\"Ibram e PF avan\u00e7am com \u2018Ouroteca\u2019 para coibir venda ilegal de ouro - Ag\u00eancia iNFRA\",\"isPartOf\":{\"@id\":\"https:\/\/agenciainfra.com\/blog\/#website\"},\"primaryImageOfPage\":{\"@id\":\"https:\/\/agenciainfra.com\/blog\/ibram-e-pf-avancam-com-ouroteca-para-coibir-venda-ilegal-de-ouro\/#primaryimage\"},\"image\":{\"@id\":\"https:\/\/agenciainfra.com\/blog\/ibram-e-pf-avancam-com-ouroteca-para-coibir-venda-ilegal-de-ouro\/#primaryimage\"},\"thumbnailUrl\":\"https:\/\/agenciainfra.com\/blog\/wp-content\/uploads\/2025\/09\/PF-Policia-Federal-Foto-Marcelo-Camargo-Agencia-Brasil-2.jpg\",\"datePublished\":\"2025-09-23T22:43:39+00:00\",\"dateModified\":\"2025-09-24T17:01:30+00:00\",\"breadcrumb\":{\"@id\":\"https:\/\/agenciainfra.com\/blog\/ibram-e-pf-avancam-com-ouroteca-para-coibir-venda-ilegal-de-ouro\/#breadcrumb\"},\"inLanguage\":\"pt-BR\",\"potentialAction\":[{\"@type\":\"ReadAction\",\"target\":[\"https:\/\/agenciainfra.com\/blog\/ibram-e-pf-avancam-com-ouroteca-para-coibir-venda-ilegal-de-ouro\/\"]}]},{\"@type\":\"ImageObject\",\"inLanguage\":\"pt-BR\",\"@id\":\"https:\/\/agenciainfra.com\/blog\/ibram-e-pf-avancam-com-ouroteca-para-coibir-venda-ilegal-de-ouro\/#primaryimage\",\"url\":\"https:\/\/agenciainfra.com\/blog\/wp-content\/uploads\/2025\/09\/PF-Policia-Federal-Foto-Marcelo-Camargo-Agencia-Brasil-2.jpg\",\"contentUrl\":\"https:\/\/agenciainfra.com\/blog\/wp-content\/uploads\/2025\/09\/PF-Policia-Federal-Foto-Marcelo-Camargo-Agencia-Brasil-2.jpg\",\"width\":1280,\"height\":721,\"caption\":\"Foto: Marcelo Camargo\/Ag\u00eancia Brasil\"},{\"@type\":\"BreadcrumbList\",\"@id\":\"https:\/\/agenciainfra.com\/blog\/ibram-e-pf-avancam-com-ouroteca-para-coibir-venda-ilegal-de-ouro\/#breadcrumb\",\"itemListElement\":[{\"@type\":\"ListItem\",\"position\":1,\"name\":\"In\u00edcio\",\"item\":\"https:\/\/agenciainfra.com\/blog\/\"},{\"@type\":\"ListItem\",\"position\":2,\"name\":\"Ibram e PF avan\u00e7am com \u2018Ouroteca\u2019 para coibir venda ilegal de ouro\"}]},{\"@type\":\"WebSite\",\"@id\":\"https:\/\/agenciainfra.com\/blog\/#website\",\"url\":\"https:\/\/agenciainfra.com\/blog\/\",\"name\":\"Ag\u00eancia iNFRA\",\"description\":\"Multiplataforma de informa\u00e7\u00e3o jornal\u00edstica refer\u00eancia na \u00e1rea de infraestrutura no Brasil!\",\"publisher\":{\"@id\":\"https:\/\/agenciainfra.com\/blog\/#organization\"},\"potentialAction\":[{\"@type\":\"SearchAction\",\"target\":{\"@type\":\"EntryPoint\",\"urlTemplate\":\"https:\/\/agenciainfra.com\/blog\/?s={search_term_string}\"},\"query-input\":{\"@type\":\"PropertyValueSpecification\",\"valueRequired\":true,\"valueName\":\"search_term_string\"}}],\"inLanguage\":\"pt-BR\"},{\"@type\":\"Organization\",\"@id\":\"https:\/\/agenciainfra.com\/blog\/#organization\",\"name\":\"Ag\u00eancia iNFRA\",\"url\":\"https:\/\/agenciainfra.com\/blog\/\",\"logo\":{\"@type\":\"ImageObject\",\"inLanguage\":\"pt-BR\",\"@id\":\"https:\/\/agenciainfra.com\/blog\/#\/schema\/logo\/image\/\",\"url\":\"https:\/\/agenciainfra.com\/blog\/wp-content\/uploads\/2023\/09\/iNFRA_5-e1761735885940.png\",\"contentUrl\":\"https:\/\/agenciainfra.com\/blog\/wp-content\/uploads\/2023\/09\/iNFRA_5-e1761735885940.png\",\"width\":1672,\"height\":454,\"caption\":\"Ag\u00eancia iNFRA\"},\"image\":{\"@id\":\"https:\/\/agenciainfra.com\/blog\/#\/schema\/logo\/image\/\"},\"sameAs\":[\"https:\/\/www.facebook.com\/ageninfra\",\"https:\/\/x.com\/agencia_infra\",\"https:\/\/www.linkedin.com\/company\/ag\u00eanciainfra\/\",\"https:\/\/www.instagram.com\/agenciainfra\/\"]},{\"@type\":\"Person\",\"@id\":\"https:\/\/agenciainfra.com\/blog\/#\/schema\/person\/34af08dff6adea4cb22b06612ba7acfa\",\"name\":\"Ag\u00eancia iNFRA\",\"image\":{\"@type\":\"ImageObject\",\"inLanguage\":\"pt-BR\",\"@id\":\"https:\/\/agenciainfra.com\/blog\/#\/schema\/person\/image\/\",\"url\":\"https:\/\/secure.gravatar.com\/avatar\/d189e01678f06d8eb84d4e01f08eb848b3fffe3f8443818d3c356c66892f5be8?s=96&d=mm&r=g\",\"contentUrl\":\"https:\/\/secure.gravatar.com\/avatar\/d189e01678f06d8eb84d4e01f08eb848b3fffe3f8443818d3c356c66892f5be8?s=96&d=mm&r=g\",\"caption\":\"Ag\u00eancia iNFRA\"},\"url\":\"https:\/\/agenciainfra.com\/blog\/author\/admin\/\"}]}<\/script>\n<!-- \/ Yoast SEO Premium plugin. -->","yoast_head_json":{"title":"Ibram e PF avan\u00e7am com \u2018Ouroteca\u2019 para coibir venda ilegal de ouro - Ag\u00eancia iNFRA","robots":{"index":"index","follow":"follow","max-snippet":"max-snippet:-1","max-image-preview":"max-image-preview:large","max-video-preview":"max-video-preview:-1"},"canonical":"https:\/\/agenciainfra.com\/blog\/ibram-e-pf-avancam-com-ouroteca-para-coibir-venda-ilegal-de-ouro\/","og_locale":"pt_BR","og_type":"article","og_title":"Ibram e PF avan\u00e7am com \u2018Ouroteca\u2019 para coibir venda ilegal de ouro","og_description":"Rafael Bitencourt, da Ag\u00eancia iNFRA O Ibram (Instituto Brasileiro de Minera\u00e7\u00e3o) vai assinar at\u00e9 o final do ano um conv\u00eanio com a PF (Pol\u00edcia Federal) para criar um banco de amostras de ouro a fim de verificar a origem do min\u00e9rio comercializado. A confirma\u00e7\u00e3o dessa parceria, para combater a venda ilegal de ouro, foi mencionada [&hellip;]","og_url":"https:\/\/agenciainfra.com\/blog\/ibram-e-pf-avancam-com-ouroteca-para-coibir-venda-ilegal-de-ouro\/","og_site_name":"Ag\u00eancia iNFRA","article_publisher":"https:\/\/www.facebook.com\/ageninfra","article_published_time":"2025-09-23T22:43:39+00:00","article_modified_time":"2025-09-24T17:01:30+00:00","og_image":[{"width":1280,"height":721,"url":"https:\/\/agenciainfra.com\/blog\/wp-content\/uploads\/2025\/09\/PF-Policia-Federal-Foto-Marcelo-Camargo-Agencia-Brasil-2.jpg","type":"image\/jpeg"}],"author":"Ag\u00eancia iNFRA","twitter_card":"summary_large_image","twitter_creator":"@agencia_infra","twitter_site":"@agencia_infra","twitter_misc":{"Escrito por":"Ag\u00eancia iNFRA","Est. tempo de leitura":"2 minutos"},"schema":{"@context":"https:\/\/schema.org","@graph":[{"@type":"Article","@id":"https:\/\/agenciainfra.com\/blog\/ibram-e-pf-avancam-com-ouroteca-para-coibir-venda-ilegal-de-ouro\/#article","isPartOf":{"@id":"https:\/\/agenciainfra.com\/blog\/ibram-e-pf-avancam-com-ouroteca-para-coibir-venda-ilegal-de-ouro\/"},"author":{"name":"Ag\u00eancia iNFRA","@id":"https:\/\/agenciainfra.com\/blog\/#\/schema\/person\/34af08dff6adea4cb22b06612ba7acfa"},"headline":"Ibram e PF avan\u00e7am com \u2018Ouroteca\u2019 para coibir venda ilegal de ouro","datePublished":"2025-09-23T22:43:39+00:00","dateModified":"2025-09-24T17:01:30+00:00","mainEntityOfPage":{"@id":"https:\/\/agenciainfra.com\/blog\/ibram-e-pf-avancam-com-ouroteca-para-coibir-venda-ilegal-de-ouro\/"},"wordCount":323,"publisher":{"@id":"https:\/\/agenciainfra.com\/blog\/#organization"},"image":{"@id":"https:\/\/agenciainfra.com\/blog\/ibram-e-pf-avancam-com-ouroteca-para-coibir-venda-ilegal-de-ouro\/#primaryimage"},"thumbnailUrl":"https:\/\/agenciainfra.com\/blog\/wp-content\/uploads\/2025\/09\/PF-Policia-Federal-Foto-Marcelo-Camargo-Agencia-Brasil-2.jpg","keywords":["Ag\u00eancia Nacional de Minera\u00e7\u00e3o","ANM","Conselho Mundial do Ouro","ibram","Instituto Brasileiro de Minera\u00e7\u00e3o","ouro","Pol\u00edcia Federal","Rafael Bitencourt","venda ilegal"],"articleSection":["Destaque lista","Geral","Minera\u00e7\u00e3o"],"inLanguage":"pt-BR","copyrightYear":"2025","copyrightHolder":{"@id":"https:\/\/agenciainfra.com\/blog\/#organization"}},{"@type":"WebPage","@id":"https:\/\/agenciainfra.com\/blog\/ibram-e-pf-avancam-com-ouroteca-para-coibir-venda-ilegal-de-ouro\/","url":"https:\/\/agenciainfra.com\/blog\/ibram-e-pf-avancam-com-ouroteca-para-coibir-venda-ilegal-de-ouro\/","name":"Ibram e PF avan\u00e7am com \u2018Ouroteca\u2019 para coibir venda ilegal de ouro - Ag\u00eancia iNFRA","isPartOf":{"@id":"https:\/\/agenciainfra.com\/blog\/#website"},"primaryImageOfPage":{"@id":"https:\/\/agenciainfra.com\/blog\/ibram-e-pf-avancam-com-ouroteca-para-coibir-venda-ilegal-de-ouro\/#primaryimage"},"image":{"@id":"https:\/\/agenciainfra.com\/blog\/ibram-e-pf-avancam-com-ouroteca-para-coibir-venda-ilegal-de-ouro\/#primaryimage"},"thumbnailUrl":"https:\/\/agenciainfra.com\/blog\/wp-content\/uploads\/2025\/09\/PF-Policia-Federal-Foto-Marcelo-Camargo-Agencia-Brasil-2.jpg","datePublished":"2025-09-23T22:43:39+00:00","dateModified":"2025-09-24T17:01:30+00:00","breadcrumb":{"@id":"https:\/\/agenciainfra.com\/blog\/ibram-e-pf-avancam-com-ouroteca-para-coibir-venda-ilegal-de-ouro\/#breadcrumb"},"inLanguage":"pt-BR","potentialAction":[{"@type":"ReadAction","target":["https:\/\/agenciainfra.com\/blog\/ibram-e-pf-avancam-com-ouroteca-para-coibir-venda-ilegal-de-ouro\/"]}]},{"@type":"ImageObject","inLanguage":"pt-BR","@id":"https:\/\/agenciainfra.com\/blog\/ibram-e-pf-avancam-com-ouroteca-para-coibir-venda-ilegal-de-ouro\/#primaryimage","url":"https:\/\/agenciainfra.com\/blog\/wp-content\/uploads\/2025\/09\/PF-Policia-Federal-Foto-Marcelo-Camargo-Agencia-Brasil-2.jpg","contentUrl":"https:\/\/agenciainfra.com\/blog\/wp-content\/uploads\/2025\/09\/PF-Policia-Federal-Foto-Marcelo-Camargo-Agencia-Brasil-2.jpg","width":1280,"height":721,"caption":"Foto: Marcelo Camargo\/Ag\u00eancia Brasil"},{"@type":"BreadcrumbList","@id":"https:\/\/agenciainfra.com\/blog\/ibram-e-pf-avancam-com-ouroteca-para-coibir-venda-ilegal-de-ouro\/#breadcrumb","itemListElement":[{"@type":"ListItem","position":1,"name":"In\u00edcio","item":"https:\/\/agenciainfra.com\/blog\/"},{"@type":"ListItem","position":2,"name":"Ibram e PF avan\u00e7am com \u2018Ouroteca\u2019 para coibir venda ilegal de ouro"}]},{"@type":"WebSite","@id":"https:\/\/agenciainfra.com\/blog\/#website","url":"https:\/\/agenciainfra.com\/blog\/","name":"Ag\u00eancia iNFRA","description":"Multiplataforma de informa\u00e7\u00e3o jornal\u00edstica refer\u00eancia na \u00e1rea de infraestrutura no Brasil!","publisher":{"@id":"https:\/\/agenciainfra.com\/blog\/#organization"},"potentialAction":[{"@type":"SearchAction","target":{"@type":"EntryPoint","urlTemplate":"https:\/\/agenciainfra.com\/blog\/?s={search_term_string}"},"query-input":{"@type":"PropertyValueSpecification","valueRequired":true,"valueName":"search_term_string"}}],"inLanguage":"pt-BR"},{"@type":"Organization","@id":"https:\/\/agenciainfra.com\/blog\/#organization","name":"Ag\u00eancia iNFRA","url":"https:\/\/agenciainfra.com\/blog\/","logo":{"@type":"ImageObject","inLanguage":"pt-BR","@id":"https:\/\/agenciainfra.com\/blog\/#\/schema\/logo\/image\/","url":"https:\/\/agenciainfra.com\/blog\/wp-content\/uploads\/2023\/09\/iNFRA_5-e1761735885940.png","contentUrl":"https:\/\/agenciainfra.com\/blog\/wp-content\/uploads\/2023\/09\/iNFRA_5-e1761735885940.png","width":1672,"height":454,"caption":"Ag\u00eancia iNFRA"},"image":{"@id":"https:\/\/agenciainfra.com\/blog\/#\/schema\/logo\/image\/"},"sameAs":["https:\/\/www.facebook.com\/ageninfra","https:\/\/x.com\/agencia_infra","https:\/\/www.linkedin.com\/company\/ag\u00eanciainfra\/","https:\/\/www.instagram.com\/agenciainfra\/"]},{"@type":"Person","@id":"https:\/\/agenciainfra.com\/blog\/#\/schema\/person\/34af08dff6adea4cb22b06612ba7acfa","name":"Ag\u00eancia iNFRA","image":{"@type":"ImageObject","inLanguage":"pt-BR","@id":"https:\/\/agenciainfra.com\/blog\/#\/schema\/person\/image\/","url":"https:\/\/secure.gravatar.com\/avatar\/d189e01678f06d8eb84d4e01f08eb848b3fffe3f8443818d3c356c66892f5be8?s=96&d=mm&r=g","contentUrl":"https:\/\/secure.gravatar.com\/avatar\/d189e01678f06d8eb84d4e01f08eb848b3fffe3f8443818d3c356c66892f5be8?s=96&d=mm&r=g","caption":"Ag\u00eancia iNFRA"},"url":"https:\/\/agenciainfra.com\/blog\/author\/admin\/"}]}},"_links":{"self":[{"href":"https:\/\/agenciainfra.com\/blog\/wp-json\/wp\/v2\/posts\/28459","targetHints":{"allow":["GET"]}}],"collection":[{"href":"https:\/\/agenciainfra.com\/blog\/wp-json\/wp\/v2\/posts"}],"about":[{"href":"https:\/\/agenciainfra.com\/blog\/wp-json\/wp\/v2\/types\/post"}],"author":[{"embeddable":true,"href":"https:\/\/agenciainfra.com\/blog\/wp-json\/wp\/v2\/users\/1"}],"replies":[{"embeddable":true,"href":"https:\/\/agenciainfra.com\/blog\/wp-json\/wp\/v2\/comments?post=28459"}],"version-history":[{"count":1,"href":"https:\/\/agenciainfra.com\/blog\/wp-json\/wp\/v2\/posts\/28459\/revisions"}],"predecessor-version":[{"id":28469,"href":"https:\/\/agenciainfra.com\/blog\/wp-json\/wp\/v2\/posts\/28459\/revisions\/28469"}],"wp:featuredmedia":[{"embeddable":true,"href":"https:\/\/agenciainfra.com\/blog\/wp-json\/wp\/v2\/media\/28012"}],"wp:attachment":[{"href":"https:\/\/agenciainfra.com\/blog\/wp-json\/wp\/v2\/media?parent=28459"}],"wp:term":[{"taxonomy":"category","embeddable":true,"href":"https:\/\/agenciainfra.com\/blog\/wp-json\/wp\/v2\/categories?post=28459"},{"taxonomy":"post_tag","embeddable":true,"href":"https:\/\/agenciainfra.com\/blog\/wp-json\/wp\/v2\/tags?post=28459"}],"curies":[{"name":"wp","href":"https:\/\/api.w.org\/{rel}","templated":true}]}}