{"id":28479,"date":"2025-09-24T09:05:35","date_gmt":"2025-09-24T12:05:35","guid":{"rendered":"https:\/\/agenciainfra.com\/blog\/?p=28479"},"modified":"2025-09-24T16:25:13","modified_gmt":"2025-09-24T19:25:13","slug":"cortes-de-geracao-nao-devem-atingir-mmgd-solar-diz-sandoval-feitosa","status":"publish","type":"post","link":"https:\/\/agenciainfra.com\/blog\/cortes-de-geracao-nao-devem-atingir-mmgd-solar-diz-sandoval-feitosa\/","title":{"rendered":"&#8216;Cortes de gera\u00e7\u00e3o n\u00e3o devem atingir MMGD solar&#8217;, diz Sandoval Feitosa"},"content":{"rendered":"\n<p class=\"has-text-align-right\"><strong>Geraldo Campos Jr., Lais Carregosa e Marisa Wanzeller, da Ag\u00eancia iNFRA<\/strong><\/p>\n\n\n\n<p>O plano para permitir cortes na GD (Gera\u00e7\u00e3o Distribu\u00edda) n\u00e3o deve atingir a mini e microgera\u00e7\u00e3o via pain\u00e9is solares, informou o diretor-geral da ANEEL (Ag\u00eancia Nacional de Energia El\u00e9trica), Sandoval Feitosa, \u00e0<strong>\u00a0Ag\u00eancia iNFRA<\/strong>. Para ele, \u201c\u00e9 muito dif\u00edcil\u201d e \u201ctalvez desnecess\u00e1rio\u201d chegar a esse n\u00edvel de individualiza\u00e7\u00e3o nos cortes, considerando os mais de 3,7 milh\u00f5es de sistemas do modelo pelo pa\u00eds.\u00a0<br><br>\u201cN\u00f3s temos que tratar primeiro os grandes blocos que s\u00e3o eles que de fato interessam nesse ambiente de manter o sistema \u00edntegro&#8221;, afirmou o diretor-geral da reguladora. A ideia \u00e9 controlar usinas de GD maiores que n\u00e3o s\u00e3o operadas pelo ONS (Operador Nacional do Sistema El\u00e9trico) e est\u00e3o conectadas \u00e0 distribui\u00e7\u00e3o. Esse universo representaria cerca de 20 GW (gigawatts), segundo fontes.<br><br>O diretor-geral explicou que ser\u00e1 estudado o controle das usinas do Tipo III \u2013 como t\u00e9rmicas a biomassa, PCHs (Pequenas Centrais Hidrel\u00e9tricas), CGHs (Centrais Geradoras Hidrel\u00e9tricas) e pequenas usinas de gera\u00e7\u00e3o solar, que s\u00e3o conectadas direto \u00e0 rede de distribui\u00e7\u00e3o.\u00a0<br><br>Segundo fontes do setor, o plano seria operacionalizado de forma emergencial. Assim, o operador sinalizaria para a distribuidora o montante de gera\u00e7\u00e3o a ser cortado em um determinado ponto da rede e a concession\u00e1ria faria a interlocu\u00e7\u00e3o com as usinas para o desligamento. Os procedimentos e as regras para essa opera\u00e7\u00e3o, contudo, ainda precisam ser definidos.\u00a0<br><br>Representantes da ag\u00eancia, do ONS e das distribuidoras acordaram o plano em reuni\u00e3o na \u00faltima sexta-feira (19). Agora, as \u00e1reas t\u00e9cnicas da ANEEL ser\u00e3o respons\u00e1veis por \u201capresentar um portf\u00f3lio de op\u00e7\u00f5es regulat\u00f3rias\u201d para a diretoria visando a aumentar o controle sobre a gera\u00e7\u00e3o e manter a seguran\u00e7a do sistema el\u00e9trico. A reguladora ficar\u00e1 respons\u00e1vel por elaborar as regras para a execu\u00e7\u00e3o dos cortes.<br><br>\u201cTemos que ter um portf\u00f3lio de a\u00e7\u00f5es, tendo em mente esses efeitos colaterais de redu\u00e7\u00e3o da controlabilidade da rede e tamb\u00e9m o aumento dos cortes por constrained-off de usinas centralizadas. Esse conjunto de solu\u00e7\u00f5es ser\u00e1 apresentado para que a diretoria da ANEEL d\u00ea os direcionamentos para que a gente possa fazer os ajustes nas normas que prevejam essas a\u00e7\u00f5es\u201d, disse o diretor-geral.<br><br><strong>Urg\u00eancia<\/strong><br>De acordo com Sandoval, apesar de n\u00e3o haver um prazo espec\u00edfico para a finaliza\u00e7\u00e3o do plano, ele tem que ser feito \u201co mais r\u00e1pido poss\u00edvel\u201d.\u00a0<br><br>\u201cTalvez o momento mais cr\u00edtico seja agora, porque \u00e9 um momento que tem muito recurso e\u00f3lico, muito recurso solar. Em outubro, entra o per\u00edodo \u00famido, que atenua o cen\u00e1rio, mas a gera\u00e7\u00e3o distribu\u00edda continua crescendo, dados os grandes incentivos que n\u00f3s temos\u201d, declarou.<br><br>Para o diretor-geral, \u201cn\u00e3o pode virar o ano, iniciar o pr\u00f3ximo per\u00edodo de safra dos ventos, por exemplo, com esse problema n\u00e3o resolvido\u201d. O per\u00edodo de safra dos ventos, como \u00e9 chamado no setor, se d\u00e1 entre junho e setembro, quando os ventos se intensificam, especialmente na regi\u00e3o Nordeste, aumentando a gera\u00e7\u00e3o e\u00f3lica.\u00a0<br>\u00a0 \u00a0\u00a0<br><strong>Regras<\/strong><br>Sandoval destacou que todas as altera\u00e7\u00f5es ser\u00e3o feitas com amplo debate com os agentes e discuss\u00e3o p\u00fablica. \u201cA prioridade principal, central, inegoci\u00e1vel \u00e9 o sistema interligado funcionando. Daremos todos os instrumentos, todo o conforto regulat\u00f3rio para que o ONS exer\u00e7a essa fun\u00e7\u00e3o\u201d, disse.<br><br>Fontes do setor consultadas pela\u00a0<strong>Ag\u00eancia iNFRA<\/strong>\u00a0ressaltaram a necessidade de a ANEEL estabelecer procedimentos de opera\u00e7\u00e3o para as distribuidoras e a cadeia de comando para os cortes, deixando claro que as concession\u00e1rias atenderiam a um despacho do ONS.\u00a0<br><br>Contudo, os interlocutores destacam que as normas atuais do Prodist (Regras e Procedimentos de Distribui\u00e7\u00e3o) j\u00e1 preveem, de forma \u201cgen\u00e9rica\u201d, o desligamento de usinas conectadas na gera\u00e7\u00e3o. Isso, de acordo com as fontes, seria suficiente para evitar que os geradores aleguem mudan\u00e7a de regras ap\u00f3s a realiza\u00e7\u00e3o dos investimentos.\u00a0<br><br><strong>Desafio para as distribuidoras<\/strong><br>Interlocutores apontam que o controle da gera\u00e7\u00e3o ligada \u00e0 rede de distribui\u00e7\u00e3o representa um desafio que ser\u00e1 imposto \u00e0s concession\u00e1rias. No entanto, a parte inicial do plano do ONS junto \u00e0 ANEEL tem um car\u00e1ter mais emergencial. Por isso, a avalia\u00e7\u00e3o de fontes do setor \u00e9 que, neste momento, n\u00e3o seria necess\u00e1ria a instala\u00e7\u00e3o de novos equipamentos para permitir o despacho das usinas.\u00a0<br><br>Mas, no futuro, a cria\u00e7\u00e3o de operadores de gera\u00e7\u00e3o distribu\u00edda (DSO, na sigla em ingl\u00eas) pode demandar aperfei\u00e7oamentos, afirmam fontes. De acordo com agentes do setor, a cria\u00e7\u00e3o dessa figura no regulamento do setor el\u00e9trico pode dar ao ONS a visibilidade e a possibilidade de despacho da GD, algo que n\u00e3o ser\u00e1 alcan\u00e7ado pelo plano em andamento no governo.<\/p>\n","protected":false},"excerpt":{"rendered":"<p>Geraldo Campos Jr., Lais Carregosa e Marisa Wanzeller, da Ag\u00eancia iNFRA O plano para permitir cortes na GD (Gera\u00e7\u00e3o Distribu\u00edda) n\u00e3o deve atingir a mini e microgera\u00e7\u00e3o via pain\u00e9is solares, informou o diretor-geral da ANEEL (Ag\u00eancia Nacional de Energia El\u00e9trica), Sandoval Feitosa, \u00e0\u00a0Ag\u00eancia iNFRA. Para ele, \u201c\u00e9 muito dif\u00edcil\u201d e \u201ctalvez desnecess\u00e1rio\u201d chegar a esse [&hellip;]<\/p>\n","protected":false},"author":1,"featured_media":20628,"comment_status":"closed","ping_status":"closed","sticky":false,"template":"","format":"standard","meta":{"_monsterinsights_skip_tracking":false,"_monsterinsights_sitenote_active":false,"_monsterinsights_sitenote_note":"","_monsterinsights_sitenote_category":0,"footnotes":""},"categories":[1,10],"tags":[53,12154,11474,15582,25,1093,2803,11594,13132,7366,15580,1026,54],"class_list":["post-28479","post","type-post","status-publish","format-standard","has-post-thumbnail","hentry","category-geral","category-infraenergia","tag-aneel","tag-cortes-de-geracao","tag-curtailment","tag-diretor-da-aneel","tag-energia","tag-energia-solar","tag-geracao-de-energia","tag-geraldo-campos-jr","tag-lais-carregosa","tag-marisa-wanzeller","tag-mmgd-solar","tag-sandoval-feitosa","tag-setor-eletrico"],"yoast_head":"<!-- This site is optimized with the Yoast SEO Premium plugin v25.4 (Yoast SEO v26.0) - https:\/\/yoast.com\/wordpress\/plugins\/seo\/ -->\n<title>&#039;Cortes de gera\u00e7\u00e3o n\u00e3o devem atingir MMGD solar&#039;, diz Sandoval Feitosa - Ag\u00eancia iNFRA<\/title>\n<meta name=\"robots\" content=\"index, follow, max-snippet:-1, max-image-preview:large, max-video-preview:-1\" \/>\n<link rel=\"canonical\" href=\"https:\/\/agenciainfra.com\/blog\/cortes-de-geracao-nao-devem-atingir-mmgd-solar-diz-sandoval-feitosa\/\" \/>\n<meta property=\"og:locale\" content=\"pt_BR\" \/>\n<meta property=\"og:type\" content=\"article\" \/>\n<meta property=\"og:title\" content=\"&#039;Cortes de gera\u00e7\u00e3o n\u00e3o devem atingir MMGD solar&#039;, diz Sandoval Feitosa\" \/>\n<meta property=\"og:description\" content=\"Geraldo Campos Jr., Lais Carregosa e Marisa Wanzeller, da Ag\u00eancia iNFRA O plano para permitir cortes na GD (Gera\u00e7\u00e3o Distribu\u00edda) n\u00e3o deve atingir a mini e microgera\u00e7\u00e3o via pain\u00e9is solares, informou o diretor-geral da ANEEL (Ag\u00eancia Nacional de Energia El\u00e9trica), Sandoval Feitosa, \u00e0\u00a0Ag\u00eancia iNFRA. Para ele, \u201c\u00e9 muito dif\u00edcil\u201d e \u201ctalvez desnecess\u00e1rio\u201d chegar a esse [&hellip;]\" \/>\n<meta property=\"og:url\" content=\"https:\/\/agenciainfra.com\/blog\/cortes-de-geracao-nao-devem-atingir-mmgd-solar-diz-sandoval-feitosa\/\" \/>\n<meta property=\"og:site_name\" content=\"Ag\u00eancia iNFRA\" \/>\n<meta property=\"article:publisher\" content=\"https:\/\/www.facebook.com\/ageninfra\" \/>\n<meta property=\"article:published_time\" content=\"2025-09-24T12:05:35+00:00\" \/>\n<meta property=\"article:modified_time\" content=\"2025-09-24T19:25:13+00:00\" \/>\n<meta property=\"og:image\" content=\"https:\/\/agenciainfra.com\/blog\/wp-content\/uploads\/2025\/03\/sandoval-feitosa-foto-saulo-cruz-aneel-1024x683-1.jpeg\" \/>\n\t<meta property=\"og:image:width\" content=\"1024\" \/>\n\t<meta property=\"og:image:height\" content=\"683\" \/>\n\t<meta property=\"og:image:type\" content=\"image\/jpeg\" \/>\n<meta name=\"author\" content=\"Ag\u00eancia iNFRA\" \/>\n<meta name=\"twitter:card\" content=\"summary_large_image\" \/>\n<meta name=\"twitter:creator\" content=\"@agencia_infra\" \/>\n<meta name=\"twitter:site\" content=\"@agencia_infra\" \/>\n<meta name=\"twitter:label1\" content=\"Escrito por\" \/>\n\t<meta name=\"twitter:data1\" content=\"Ag\u00eancia iNFRA\" \/>\n\t<meta name=\"twitter:label2\" content=\"Est. tempo de leitura\" \/>\n\t<meta name=\"twitter:data2\" content=\"4 minutos\" \/>\n<script type=\"application\/ld+json\" class=\"yoast-schema-graph\">{\"@context\":\"https:\/\/schema.org\",\"@graph\":[{\"@type\":\"Article\",\"@id\":\"https:\/\/agenciainfra.com\/blog\/cortes-de-geracao-nao-devem-atingir-mmgd-solar-diz-sandoval-feitosa\/#article\",\"isPartOf\":{\"@id\":\"https:\/\/agenciainfra.com\/blog\/cortes-de-geracao-nao-devem-atingir-mmgd-solar-diz-sandoval-feitosa\/\"},\"author\":{\"name\":\"Ag\u00eancia iNFRA\",\"@id\":\"https:\/\/agenciainfra.com\/blog\/#\/schema\/person\/34af08dff6adea4cb22b06612ba7acfa\"},\"headline\":\"&#8216;Cortes de gera\u00e7\u00e3o n\u00e3o devem atingir MMGD solar&#8217;, diz Sandoval Feitosa\",\"datePublished\":\"2025-09-24T12:05:35+00:00\",\"dateModified\":\"2025-09-24T19:25:13+00:00\",\"mainEntityOfPage\":{\"@id\":\"https:\/\/agenciainfra.com\/blog\/cortes-de-geracao-nao-devem-atingir-mmgd-solar-diz-sandoval-feitosa\/\"},\"wordCount\":839,\"publisher\":{\"@id\":\"https:\/\/agenciainfra.com\/blog\/#organization\"},\"image\":{\"@id\":\"https:\/\/agenciainfra.com\/blog\/cortes-de-geracao-nao-devem-atingir-mmgd-solar-diz-sandoval-feitosa\/#primaryimage\"},\"thumbnailUrl\":\"https:\/\/agenciainfra.com\/blog\/wp-content\/uploads\/2025\/03\/sandoval-feitosa-foto-saulo-cruz-aneel-1024x683-1.jpeg\",\"keywords\":[\"ANEEL\",\"cortes de gera\u00e7\u00e3o\",\"curtailment\",\"diretor da ANEEL\",\"energia\",\"energia solar\",\"gera\u00e7\u00e3o de energia\",\"Geraldo Campos Jr.\",\"Lais Carregosa\",\"Marisa Wanzeller\",\"MMGD solar\",\"Sandoval Feitosa\",\"Setor El\u00e9trico\"],\"articleSection\":[\"Geral\",\"iNFRAEnergia\"],\"inLanguage\":\"pt-BR\",\"copyrightYear\":\"2025\",\"copyrightHolder\":{\"@id\":\"https:\/\/agenciainfra.com\/blog\/#organization\"}},{\"@type\":\"WebPage\",\"@id\":\"https:\/\/agenciainfra.com\/blog\/cortes-de-geracao-nao-devem-atingir-mmgd-solar-diz-sandoval-feitosa\/\",\"url\":\"https:\/\/agenciainfra.com\/blog\/cortes-de-geracao-nao-devem-atingir-mmgd-solar-diz-sandoval-feitosa\/\",\"name\":\"'Cortes de gera\u00e7\u00e3o n\u00e3o devem atingir MMGD solar', diz Sandoval Feitosa - Ag\u00eancia iNFRA\",\"isPartOf\":{\"@id\":\"https:\/\/agenciainfra.com\/blog\/#website\"},\"primaryImageOfPage\":{\"@id\":\"https:\/\/agenciainfra.com\/blog\/cortes-de-geracao-nao-devem-atingir-mmgd-solar-diz-sandoval-feitosa\/#primaryimage\"},\"image\":{\"@id\":\"https:\/\/agenciainfra.com\/blog\/cortes-de-geracao-nao-devem-atingir-mmgd-solar-diz-sandoval-feitosa\/#primaryimage\"},\"thumbnailUrl\":\"https:\/\/agenciainfra.com\/blog\/wp-content\/uploads\/2025\/03\/sandoval-feitosa-foto-saulo-cruz-aneel-1024x683-1.jpeg\",\"datePublished\":\"2025-09-24T12:05:35+00:00\",\"dateModified\":\"2025-09-24T19:25:13+00:00\",\"breadcrumb\":{\"@id\":\"https:\/\/agenciainfra.com\/blog\/cortes-de-geracao-nao-devem-atingir-mmgd-solar-diz-sandoval-feitosa\/#breadcrumb\"},\"inLanguage\":\"pt-BR\",\"potentialAction\":[{\"@type\":\"ReadAction\",\"target\":[\"https:\/\/agenciainfra.com\/blog\/cortes-de-geracao-nao-devem-atingir-mmgd-solar-diz-sandoval-feitosa\/\"]}]},{\"@type\":\"ImageObject\",\"inLanguage\":\"pt-BR\",\"@id\":\"https:\/\/agenciainfra.com\/blog\/cortes-de-geracao-nao-devem-atingir-mmgd-solar-diz-sandoval-feitosa\/#primaryimage\",\"url\":\"https:\/\/agenciainfra.com\/blog\/wp-content\/uploads\/2025\/03\/sandoval-feitosa-foto-saulo-cruz-aneel-1024x683-1.jpeg\",\"contentUrl\":\"https:\/\/agenciainfra.com\/blog\/wp-content\/uploads\/2025\/03\/sandoval-feitosa-foto-saulo-cruz-aneel-1024x683-1.jpeg\",\"width\":1024,\"height\":683,\"caption\":\"Foto: Saulo Cruz\/ANEEL\"},{\"@type\":\"BreadcrumbList\",\"@id\":\"https:\/\/agenciainfra.com\/blog\/cortes-de-geracao-nao-devem-atingir-mmgd-solar-diz-sandoval-feitosa\/#breadcrumb\",\"itemListElement\":[{\"@type\":\"ListItem\",\"position\":1,\"name\":\"In\u00edcio\",\"item\":\"https:\/\/agenciainfra.com\/blog\/\"},{\"@type\":\"ListItem\",\"position\":2,\"name\":\"&#8216;Cortes de gera\u00e7\u00e3o n\u00e3o devem atingir MMGD solar&#8217;, diz Sandoval Feitosa\"}]},{\"@type\":\"WebSite\",\"@id\":\"https:\/\/agenciainfra.com\/blog\/#website\",\"url\":\"https:\/\/agenciainfra.com\/blog\/\",\"name\":\"Ag\u00eancia iNFRA\",\"description\":\"Multiplataforma de informa\u00e7\u00e3o jornal\u00edstica refer\u00eancia na \u00e1rea de infraestrutura no Brasil!\",\"publisher\":{\"@id\":\"https:\/\/agenciainfra.com\/blog\/#organization\"},\"potentialAction\":[{\"@type\":\"SearchAction\",\"target\":{\"@type\":\"EntryPoint\",\"urlTemplate\":\"https:\/\/agenciainfra.com\/blog\/?s={search_term_string}\"},\"query-input\":{\"@type\":\"PropertyValueSpecification\",\"valueRequired\":true,\"valueName\":\"search_term_string\"}}],\"inLanguage\":\"pt-BR\"},{\"@type\":\"Organization\",\"@id\":\"https:\/\/agenciainfra.com\/blog\/#organization\",\"name\":\"Ag\u00eancia iNFRA\",\"url\":\"https:\/\/agenciainfra.com\/blog\/\",\"logo\":{\"@type\":\"ImageObject\",\"inLanguage\":\"pt-BR\",\"@id\":\"https:\/\/agenciainfra.com\/blog\/#\/schema\/logo\/image\/\",\"url\":\"https:\/\/agenciainfra.com\/blog\/wp-content\/uploads\/2023\/09\/iNFRA_5-e1761735885940.png\",\"contentUrl\":\"https:\/\/agenciainfra.com\/blog\/wp-content\/uploads\/2023\/09\/iNFRA_5-e1761735885940.png\",\"width\":1672,\"height\":454,\"caption\":\"Ag\u00eancia iNFRA\"},\"image\":{\"@id\":\"https:\/\/agenciainfra.com\/blog\/#\/schema\/logo\/image\/\"},\"sameAs\":[\"https:\/\/www.facebook.com\/ageninfra\",\"https:\/\/x.com\/agencia_infra\",\"https:\/\/www.linkedin.com\/company\/ag\u00eanciainfra\/\",\"https:\/\/www.instagram.com\/agenciainfra\/\"]},{\"@type\":\"Person\",\"@id\":\"https:\/\/agenciainfra.com\/blog\/#\/schema\/person\/34af08dff6adea4cb22b06612ba7acfa\",\"name\":\"Ag\u00eancia iNFRA\",\"image\":{\"@type\":\"ImageObject\",\"inLanguage\":\"pt-BR\",\"@id\":\"https:\/\/agenciainfra.com\/blog\/#\/schema\/person\/image\/\",\"url\":\"https:\/\/secure.gravatar.com\/avatar\/d189e01678f06d8eb84d4e01f08eb848b3fffe3f8443818d3c356c66892f5be8?s=96&d=mm&r=g\",\"contentUrl\":\"https:\/\/secure.gravatar.com\/avatar\/d189e01678f06d8eb84d4e01f08eb848b3fffe3f8443818d3c356c66892f5be8?s=96&d=mm&r=g\",\"caption\":\"Ag\u00eancia iNFRA\"},\"url\":\"https:\/\/agenciainfra.com\/blog\/author\/admin\/\"}]}<\/script>\n<!-- \/ Yoast SEO Premium plugin. -->","yoast_head_json":{"title":"'Cortes de gera\u00e7\u00e3o n\u00e3o devem atingir MMGD solar', diz Sandoval Feitosa - Ag\u00eancia iNFRA","robots":{"index":"index","follow":"follow","max-snippet":"max-snippet:-1","max-image-preview":"max-image-preview:large","max-video-preview":"max-video-preview:-1"},"canonical":"https:\/\/agenciainfra.com\/blog\/cortes-de-geracao-nao-devem-atingir-mmgd-solar-diz-sandoval-feitosa\/","og_locale":"pt_BR","og_type":"article","og_title":"'Cortes de gera\u00e7\u00e3o n\u00e3o devem atingir MMGD solar', diz Sandoval Feitosa","og_description":"Geraldo Campos Jr., Lais Carregosa e Marisa Wanzeller, da Ag\u00eancia iNFRA O plano para permitir cortes na GD (Gera\u00e7\u00e3o Distribu\u00edda) n\u00e3o deve atingir a mini e microgera\u00e7\u00e3o via pain\u00e9is solares, informou o diretor-geral da ANEEL (Ag\u00eancia Nacional de Energia El\u00e9trica), Sandoval Feitosa, \u00e0\u00a0Ag\u00eancia iNFRA. Para ele, \u201c\u00e9 muito dif\u00edcil\u201d e \u201ctalvez desnecess\u00e1rio\u201d chegar a esse [&hellip;]","og_url":"https:\/\/agenciainfra.com\/blog\/cortes-de-geracao-nao-devem-atingir-mmgd-solar-diz-sandoval-feitosa\/","og_site_name":"Ag\u00eancia iNFRA","article_publisher":"https:\/\/www.facebook.com\/ageninfra","article_published_time":"2025-09-24T12:05:35+00:00","article_modified_time":"2025-09-24T19:25:13+00:00","og_image":[{"width":1024,"height":683,"url":"https:\/\/agenciainfra.com\/blog\/wp-content\/uploads\/2025\/03\/sandoval-feitosa-foto-saulo-cruz-aneel-1024x683-1.jpeg","type":"image\/jpeg"}],"author":"Ag\u00eancia iNFRA","twitter_card":"summary_large_image","twitter_creator":"@agencia_infra","twitter_site":"@agencia_infra","twitter_misc":{"Escrito por":"Ag\u00eancia iNFRA","Est. tempo de leitura":"4 minutos"},"schema":{"@context":"https:\/\/schema.org","@graph":[{"@type":"Article","@id":"https:\/\/agenciainfra.com\/blog\/cortes-de-geracao-nao-devem-atingir-mmgd-solar-diz-sandoval-feitosa\/#article","isPartOf":{"@id":"https:\/\/agenciainfra.com\/blog\/cortes-de-geracao-nao-devem-atingir-mmgd-solar-diz-sandoval-feitosa\/"},"author":{"name":"Ag\u00eancia iNFRA","@id":"https:\/\/agenciainfra.com\/blog\/#\/schema\/person\/34af08dff6adea4cb22b06612ba7acfa"},"headline":"&#8216;Cortes de gera\u00e7\u00e3o n\u00e3o devem atingir MMGD solar&#8217;, diz Sandoval Feitosa","datePublished":"2025-09-24T12:05:35+00:00","dateModified":"2025-09-24T19:25:13+00:00","mainEntityOfPage":{"@id":"https:\/\/agenciainfra.com\/blog\/cortes-de-geracao-nao-devem-atingir-mmgd-solar-diz-sandoval-feitosa\/"},"wordCount":839,"publisher":{"@id":"https:\/\/agenciainfra.com\/blog\/#organization"},"image":{"@id":"https:\/\/agenciainfra.com\/blog\/cortes-de-geracao-nao-devem-atingir-mmgd-solar-diz-sandoval-feitosa\/#primaryimage"},"thumbnailUrl":"https:\/\/agenciainfra.com\/blog\/wp-content\/uploads\/2025\/03\/sandoval-feitosa-foto-saulo-cruz-aneel-1024x683-1.jpeg","keywords":["ANEEL","cortes de gera\u00e7\u00e3o","curtailment","diretor da ANEEL","energia","energia solar","gera\u00e7\u00e3o de energia","Geraldo Campos Jr.","Lais Carregosa","Marisa Wanzeller","MMGD solar","Sandoval Feitosa","Setor El\u00e9trico"],"articleSection":["Geral","iNFRAEnergia"],"inLanguage":"pt-BR","copyrightYear":"2025","copyrightHolder":{"@id":"https:\/\/agenciainfra.com\/blog\/#organization"}},{"@type":"WebPage","@id":"https:\/\/agenciainfra.com\/blog\/cortes-de-geracao-nao-devem-atingir-mmgd-solar-diz-sandoval-feitosa\/","url":"https:\/\/agenciainfra.com\/blog\/cortes-de-geracao-nao-devem-atingir-mmgd-solar-diz-sandoval-feitosa\/","name":"'Cortes de gera\u00e7\u00e3o n\u00e3o devem atingir MMGD solar', diz Sandoval Feitosa - Ag\u00eancia iNFRA","isPartOf":{"@id":"https:\/\/agenciainfra.com\/blog\/#website"},"primaryImageOfPage":{"@id":"https:\/\/agenciainfra.com\/blog\/cortes-de-geracao-nao-devem-atingir-mmgd-solar-diz-sandoval-feitosa\/#primaryimage"},"image":{"@id":"https:\/\/agenciainfra.com\/blog\/cortes-de-geracao-nao-devem-atingir-mmgd-solar-diz-sandoval-feitosa\/#primaryimage"},"thumbnailUrl":"https:\/\/agenciainfra.com\/blog\/wp-content\/uploads\/2025\/03\/sandoval-feitosa-foto-saulo-cruz-aneel-1024x683-1.jpeg","datePublished":"2025-09-24T12:05:35+00:00","dateModified":"2025-09-24T19:25:13+00:00","breadcrumb":{"@id":"https:\/\/agenciainfra.com\/blog\/cortes-de-geracao-nao-devem-atingir-mmgd-solar-diz-sandoval-feitosa\/#breadcrumb"},"inLanguage":"pt-BR","potentialAction":[{"@type":"ReadAction","target":["https:\/\/agenciainfra.com\/blog\/cortes-de-geracao-nao-devem-atingir-mmgd-solar-diz-sandoval-feitosa\/"]}]},{"@type":"ImageObject","inLanguage":"pt-BR","@id":"https:\/\/agenciainfra.com\/blog\/cortes-de-geracao-nao-devem-atingir-mmgd-solar-diz-sandoval-feitosa\/#primaryimage","url":"https:\/\/agenciainfra.com\/blog\/wp-content\/uploads\/2025\/03\/sandoval-feitosa-foto-saulo-cruz-aneel-1024x683-1.jpeg","contentUrl":"https:\/\/agenciainfra.com\/blog\/wp-content\/uploads\/2025\/03\/sandoval-feitosa-foto-saulo-cruz-aneel-1024x683-1.jpeg","width":1024,"height":683,"caption":"Foto: Saulo Cruz\/ANEEL"},{"@type":"BreadcrumbList","@id":"https:\/\/agenciainfra.com\/blog\/cortes-de-geracao-nao-devem-atingir-mmgd-solar-diz-sandoval-feitosa\/#breadcrumb","itemListElement":[{"@type":"ListItem","position":1,"name":"In\u00edcio","item":"https:\/\/agenciainfra.com\/blog\/"},{"@type":"ListItem","position":2,"name":"&#8216;Cortes de gera\u00e7\u00e3o n\u00e3o devem atingir MMGD solar&#8217;, diz Sandoval Feitosa"}]},{"@type":"WebSite","@id":"https:\/\/agenciainfra.com\/blog\/#website","url":"https:\/\/agenciainfra.com\/blog\/","name":"Ag\u00eancia iNFRA","description":"Multiplataforma de informa\u00e7\u00e3o jornal\u00edstica refer\u00eancia na \u00e1rea de infraestrutura no Brasil!","publisher":{"@id":"https:\/\/agenciainfra.com\/blog\/#organization"},"potentialAction":[{"@type":"SearchAction","target":{"@type":"EntryPoint","urlTemplate":"https:\/\/agenciainfra.com\/blog\/?s={search_term_string}"},"query-input":{"@type":"PropertyValueSpecification","valueRequired":true,"valueName":"search_term_string"}}],"inLanguage":"pt-BR"},{"@type":"Organization","@id":"https:\/\/agenciainfra.com\/blog\/#organization","name":"Ag\u00eancia iNFRA","url":"https:\/\/agenciainfra.com\/blog\/","logo":{"@type":"ImageObject","inLanguage":"pt-BR","@id":"https:\/\/agenciainfra.com\/blog\/#\/schema\/logo\/image\/","url":"https:\/\/agenciainfra.com\/blog\/wp-content\/uploads\/2023\/09\/iNFRA_5-e1761735885940.png","contentUrl":"https:\/\/agenciainfra.com\/blog\/wp-content\/uploads\/2023\/09\/iNFRA_5-e1761735885940.png","width":1672,"height":454,"caption":"Ag\u00eancia iNFRA"},"image":{"@id":"https:\/\/agenciainfra.com\/blog\/#\/schema\/logo\/image\/"},"sameAs":["https:\/\/www.facebook.com\/ageninfra","https:\/\/x.com\/agencia_infra","https:\/\/www.linkedin.com\/company\/ag\u00eanciainfra\/","https:\/\/www.instagram.com\/agenciainfra\/"]},{"@type":"Person","@id":"https:\/\/agenciainfra.com\/blog\/#\/schema\/person\/34af08dff6adea4cb22b06612ba7acfa","name":"Ag\u00eancia iNFRA","image":{"@type":"ImageObject","inLanguage":"pt-BR","@id":"https:\/\/agenciainfra.com\/blog\/#\/schema\/person\/image\/","url":"https:\/\/secure.gravatar.com\/avatar\/d189e01678f06d8eb84d4e01f08eb848b3fffe3f8443818d3c356c66892f5be8?s=96&d=mm&r=g","contentUrl":"https:\/\/secure.gravatar.com\/avatar\/d189e01678f06d8eb84d4e01f08eb848b3fffe3f8443818d3c356c66892f5be8?s=96&d=mm&r=g","caption":"Ag\u00eancia iNFRA"},"url":"https:\/\/agenciainfra.com\/blog\/author\/admin\/"}]}},"_links":{"self":[{"href":"https:\/\/agenciainfra.com\/blog\/wp-json\/wp\/v2\/posts\/28479","targetHints":{"allow":["GET"]}}],"collection":[{"href":"https:\/\/agenciainfra.com\/blog\/wp-json\/wp\/v2\/posts"}],"about":[{"href":"https:\/\/agenciainfra.com\/blog\/wp-json\/wp\/v2\/types\/post"}],"author":[{"embeddable":true,"href":"https:\/\/agenciainfra.com\/blog\/wp-json\/wp\/v2\/users\/1"}],"replies":[{"embeddable":true,"href":"https:\/\/agenciainfra.com\/blog\/wp-json\/wp\/v2\/comments?post=28479"}],"version-history":[{"count":3,"href":"https:\/\/agenciainfra.com\/blog\/wp-json\/wp\/v2\/posts\/28479\/revisions"}],"predecessor-version":[{"id":28512,"href":"https:\/\/agenciainfra.com\/blog\/wp-json\/wp\/v2\/posts\/28479\/revisions\/28512"}],"wp:featuredmedia":[{"embeddable":true,"href":"https:\/\/agenciainfra.com\/blog\/wp-json\/wp\/v2\/media\/20628"}],"wp:attachment":[{"href":"https:\/\/agenciainfra.com\/blog\/wp-json\/wp\/v2\/media?parent=28479"}],"wp:term":[{"taxonomy":"category","embeddable":true,"href":"https:\/\/agenciainfra.com\/blog\/wp-json\/wp\/v2\/categories?post=28479"},{"taxonomy":"post_tag","embeddable":true,"href":"https:\/\/agenciainfra.com\/blog\/wp-json\/wp\/v2\/tags?post=28479"}],"curies":[{"name":"wp","href":"https:\/\/api.w.org\/{rel}","templated":true}]}}