{"id":2856,"date":"2019-02-06T04:00:34","date_gmt":"2019-02-06T07:00:34","guid":{"rendered":"http:\/\/www.agenciainfra.com\/blog\/?p=2856"},"modified":"2019-02-04T08:26:50","modified_gmt":"2019-02-04T11:26:50","slug":"infradebate-novos-desafios-ao-ppi-a-vez-dos-municipios-por-fernando-vernalha","status":"publish","type":"post","link":"https:\/\/agenciainfra.com\/blog\/infradebate-novos-desafios-ao-ppi-a-vez-dos-municipios-por-fernando-vernalha\/","title":{"rendered":"iNFRADebate: Novos desafios ao PPI; a vez dos munic\u00edpios, por Fernando Vernalha"},"content":{"rendered":"<h5 style=\"text-align: right;\"><strong>Fernando Vernalha*<\/strong><\/h5>\n<p>O Programa de Parcerias de Investimentos ganhou do atual governo novos encargos e atribui\u00e7\u00f5es. Dentre eles est\u00e1 o de ajudar estados e munic\u00edpios na estrutura\u00e7\u00e3o dos projetos de desestatiza\u00e7\u00e3o &#8211; especialmente concess\u00f5es e PPPs.<\/p>\n<p>Al\u00e9m de participar da gest\u00e3o de fundos como o FAEP e o FEP, o PPI ter\u00e1 o suporte da Secretaria de Coordena\u00e7\u00e3o de Obras Estrat\u00e9gicas e Fomento, incumbida de coordenar o apoio aos entes federativos subnacionais no fomento \u00e0 realiza\u00e7\u00e3o dos empreendimentos qualificados no programa. Tudo como disp\u00f5e o recent\u00edssimo Decreto 9.669\/2019.<\/p>\n<p>Embora o fomento ao desenvolvimento de projetos subnacionais j\u00e1 estivesse presente na legisla\u00e7\u00e3o origin\u00e1ria do PPI, o seu foco at\u00e9 aqui concentrou-se em projetos nacionais, considerados estrat\u00e9gicos para o governo. Mas h\u00e1 uma grande expectativa com rela\u00e7\u00e3o ao crescimento do n\u00famero de projetos regionais e locais para os pr\u00f3ximos anos, o que p\u00f5e no radar do PPI a preocupa\u00e7\u00e3o em desenvolver programas de apoio \u00e0 sua estrutura\u00e7\u00e3o. Afinal, h\u00e1 setores relevantes como saneamento, res\u00edduos, mobilidade urbana e ilumina\u00e7\u00e3o p\u00fablica &#8211; para ficar apenas em alguns exemplos \u2013 que est\u00e3o na agenda das pr\u00f3ximas concess\u00f5es e PPPs.<\/p>\n<p>Fomentar a gesta\u00e7\u00e3o de projetos subnacionais n\u00e3o ser\u00e1, contudo, uma tarefa simples. H\u00e1 um consenso em torno da ideia de que um dos principais gargalos para a estrutura\u00e7\u00e3o de projetos concession\u00e1rios pelas administra\u00e7\u00f5es de menor porte \u00e9 a sua baixa capacita\u00e7\u00e3o t\u00e9cnica e institucional.<\/p>\n<p>Em fun\u00e7\u00e3o disso, muitas iniciativas acabam sendo prematuramente suspensas ou mesmo arquivadas, dando origem \u00e0 \u00ednfima taxa de convers\u00e3o de (iniciativas de) projetos em contratos, que n\u00e3o chega a 10%. \u00c9 um indicador bastante discrepante de outros pa\u00edses emergentes e que se explica por um conjunto de causas que merecem ser levadas em considera\u00e7\u00e3o por qualquer pol\u00edtica de fomento ao desenvolvimento de projetos.<\/p>\n<p>Para compreender o estado de coisas que tem dificultado a estrutura\u00e7\u00e3o de projetos pelos munic\u00edpios, \u00e9 preciso considerar que eles disp\u00f5em fundamentalmente de tr\u00eas alternativas jur\u00eddicas para isso.<\/p>\n<p>Em primeiro lugar, os munic\u00edpios poderiam qualificar seus quadros, contratando e integrando especialistas em suas equipes. Essa solu\u00e7\u00e3o nem \u00e9 fact\u00edvel no curto prazo e nem \u00e9 desej\u00e1vel em todos os casos. O contexto de forte restri\u00e7\u00e3o fiscal j\u00e1 seria um motivo suficiente para inibir iniciativas desta natureza. Mas, a depender do porte da administra\u00e7\u00e3o, n\u00e3o se justificaria a manuten\u00e7\u00e3o de corpo de especialistas voltado \u00e0 estrutura\u00e7\u00e3o de projetos concession\u00e1rios sem demanda permanente para isso.<\/p>\n<p>A segunda op\u00e7\u00e3o seria a contrata\u00e7\u00e3o epis\u00f3dica de consultorias de apoio, que acaba sendo igualmente desestimulada pelas dificuldades or\u00e7ament\u00e1rias somadas \u00e0s complexidades inerentes aos sistemas tradicionais de contrata\u00e7\u00e3o administrativa.<\/p>\n<p>Como \u00faltima alternativa, sobra o chamado Procedimento de Manifesta\u00e7\u00e3o de Interesse, ou PMI, que responde atualmente pela maioria das iniciativas de gesta\u00e7\u00e3o de projetos concession\u00e1rios nas administra\u00e7\u00f5es de menor porte. \u00c9 uma via confort\u00e1vel para elas, pois, do modo como vem sendo regulamentado pelas esferas federadas, nem lhes exige or\u00e7amento para o custeio de projetos (que acabam sendo ressarcidos pelo futuro signat\u00e1rio do contrato) nem lhes cria maiores consequ\u00eancias jur\u00eddicas, uma vez que pode ser abortado discricionariamente pelo Poder P\u00fablico. Da\u00ed o uso desenfreado \u2013 e, por que n\u00e3o dizer, irrespons\u00e1vel &#8211; do PMI para a gera\u00e7\u00e3o de projetos de concess\u00e3o e PPP.<\/p>\n<p>A quest\u00e3o \u00e9 que, seja para contratar consultorias, seja para desencadear PMIs, as administra\u00e7\u00f5es precisam estar minimamente capacitadas. Isso s\u00f3 ser\u00e1 poss\u00edvel a partir da exist\u00eancia de planejamentos administrativos bem elaborados, que explorem as oportunidades de neg\u00f3cios voltados \u00e0 satisfa\u00e7\u00e3o das necessidades locais.<\/p>\n<p>Infelizmente, as iniciativas de projetos surgem sem respaldo em planejamento ou estudo pr\u00e9vio que se exigiria de uma administra\u00e7\u00e3o p\u00fablica respons\u00e1vel. Mais do que isso, os PMIs surgem aos montes sem qualquer perspectiva de como terminar\u00e3o.<\/p>\n<p>N\u00e3o seria exagero dizer que uma das causas de tantos PMIs \u2013 e de tantos PMIs natimortos \u2013 \u00e9 a possibilidade de serem posteriormente revogados ou arquivados pelas administra\u00e7\u00f5es, o que lhes retira o incentivo para serem previdentes.<\/p>\n<p>O problema central, no entanto, \u00e9 a falta de qualifica\u00e7\u00e3o t\u00e9cnica dos quadros administrativos, que tem ensejado ou o risco de captura do interesse p\u00fablico pelo interesse das empresas ou o risco de inefic\u00e1cia dos PMIs. Sem a capacita\u00e7\u00e3o m\u00ednima para desencadear, conduzir e decidir os PMIs, as administra\u00e7\u00f5es ficam vulner\u00e1veis \u00e0 ascend\u00eancia t\u00e9cnica das consultorias contratadas pelas empresas, quando n\u00e3o acabam desistindo dos projetos.<\/p>\n<p>Quais as medidas que poderiam contribuir para minorar esse problema e viabilizar a estrutura\u00e7\u00e3o de projetos municipais?<\/p>\n<p>Parece-me que o desafio exigir\u00e1 esfor\u00e7os do governo n\u00e3o apenas para ampliar a sua capacidade para apoiar estados e munic\u00edpios na estrutura\u00e7\u00e3o de projetos, como para ajud\u00e1-los a desenvolver os PMIs.<\/p>\n<p>Lembre-se que uma solu\u00e7\u00e3o que integrou originariamente o PPI foi a cria\u00e7\u00e3o de um fundo personificado, o FAEP, constitu\u00eddo pelo BNDES e voltado a estruturar e entregar projetos \u00e0s administra\u00e7\u00f5es, que poderiam contrat\u00e1-lo diretamente (sem necessidade de licita\u00e7\u00e3o).<\/p>\n<p>Sem estrutura pr\u00f3pria, os servi\u00e7os seriam providos por consultorias contatadas pelo FAEP. Mas faltou definir uma forma jur\u00eddica \u00e1gil e eficaz para que essas consultorias fossem contratadas pelo fundo, o que fez com que esse tivesse de se submeter ao regime convencional de licita\u00e7\u00f5es.<\/p>\n<p>Talvez essa tenha sido uma das principais raz\u00f5es pelas quais o FAEP n\u00e3o tenha funcionado at\u00e9 aqui. Por for\u00e7a do Decreto 9.669\/2019, houve o repasse da atribui\u00e7\u00e3o de gerir o FAEP \u00e0 Secretaria do PPI, o que pode sinalizar a retomada deste fundo como pe\u00e7a \u00fatil no fomento \u00e0 estrutura\u00e7\u00e3o de projetos subnacionais. Mas \u00e9 preciso insistir que, sem a atualiza\u00e7\u00e3o da forma de contrata\u00e7\u00e3o de consultores, ser\u00e1 muito mais dif\u00edcil ao PPI extrair os melhores resultados do FAEP.<\/p>\n<p>Outra iniciativa interessante do governo federal nesta dire\u00e7\u00e3o foi o programa de apoio \u00e0s concess\u00f5es e PPPs municipais, que agora poder\u00e1 passar ao \u201cguarda-chuva\u201d do PPI. O programa, que vinha sendo conduzido pelo extinto Minist\u00e9rio do Planejamento, Desenvolvimento e Gest\u00e3o e por meio da Secretaria do Desenvolvimento da Infraestrutura \u2013 SDI, foi institu\u00eddo e disciplinado pela Lei 13.529\/2017 e pelo Decreto 9.217\/2017, e tem como seu principal instrumento o Fundo de Apoio \u00e0 Estrutura\u00e7\u00e3o e ao Desenvolvimento de Projetos de Concess\u00e3o e Parcerias P\u00fablico-Privadas da Uni\u00e3o, dos Estados, do Distrito Federal e dos Munic\u00edpios (o FEP).<\/p>\n<p>O Decreto 9.669\/2019 atualizou neste particular o Decreto 9.217\/2017, atribuindo \u00e0 Secretaria Especial do PPI as atividades de Secretaria-Executiva do Conselho de Participa\u00e7\u00e3o no FEP. Administrado pela Caixa, esse fundo destina recursos n\u00e3o apenas \u00e0 contrata\u00e7\u00e3o de consultorias para a execu\u00e7\u00e3o dos estudos e projetos, mas tamb\u00e9m \u00e0 execu\u00e7\u00e3o de assessoramento t\u00e9cnico a estados e, principalmente, a munic\u00edpios.<\/p>\n<p>Al\u00e9m da atua\u00e7\u00e3o desses fundos para prover ou financiar projetos, cujo alcance tender\u00e1 a ser limitado em fun\u00e7\u00e3o da dimens\u00e3o da demanda por projetos locais, outras iniciativas deveriam atrair a aten\u00e7\u00e3o dos governos para melhorar as condi\u00e7\u00f5es dos munic\u00edpios para desenvolver projetos e PMIs.<\/p>\n<p>A Caixa, nesse contexto, j\u00e1 vem funcionando como potencial bra\u00e7o de apoio t\u00e9cnico \u00e0s administra\u00e7\u00f5es de menor porte. Mas a demanda tende a ser muito mais intensa.<\/p>\n<p>Seria estrat\u00e9gico estimular a cria\u00e7\u00e3o de novos entes estruturadores de projetos (p\u00fablicos ou privados), \u00e0 semelhan\u00e7a do que foi a EBP \u2013 Estruturadora Brasileira de Projetos, al\u00e9m de encorajar munic\u00edpios a valer-se de consultorias externas para estarem capacitados \u00e0s discuss\u00f5es e decis\u00f5es t\u00edpicas dos PMIs. Tudo isso sem dispensar o desenvolvimento de programas para a transfer\u00eancia de conhecimento t\u00e9cnico aos agentes p\u00fablicos locais, com treinamentos e disponibiliza\u00e7\u00e3o de documentos de refer\u00eancia e de equipamentos de apoio (a exemplo da plataforma SOURCE, disponibilizada pela Sustainable Infrastructure Foundation &#8211; SIF), para que as administra\u00e7\u00f5es de menor porte possam, enfim, melhorar a sua condi\u00e7\u00e3o para desenvolver seus programas concession\u00e1rios.<\/p>\n<p>Ainda assim, ser\u00e1 um grande desafio, particularmente aos munic\u00edpios, adquirir a institucionalidade necess\u00e1ria para desenvolver PMIs e perseguir a execu\u00e7\u00e3o de programas de concess\u00e3o e de PPPs. Boa sorte ao PPI.<\/p>\n<h6><\/h6>\n<h6>*Fernando Vernalha \u00e9 advogado, s\u00f3cio da VG&amp;P Advogados e consultor da CBIC para infraestrutura.<\/h6>\n<h5>O iNFRADebate \u00e9 o espa\u00e7o de artigos da Ag\u00eancia iNFRA com opini\u00f5es de seus atores que n\u00e3o refletem necessariamente o pensamento da Ag\u00eancia iNFRA, sendo de total responsabilidade do autor as informa\u00e7\u00f5es, ju\u00edzos de valor e conceitos descritos no texto.<\/h5>\n","protected":false},"excerpt":{"rendered":"<p>Fernando Vernalha* O Programa de Parcerias de Investimentos ganhou do atual governo novos encargos e atribui\u00e7\u00f5es. Dentre eles est\u00e1 o de ajudar estados e munic\u00edpios na estrutura\u00e7\u00e3o dos projetos de desestatiza\u00e7\u00e3o &#8211; especialmente concess\u00f5es e PPPs. Al\u00e9m de participar da gest\u00e3o de fundos como o FAEP e o FEP, o PPI ter\u00e1 o suporte da [&hellip;]<\/p>\n","protected":false},"author":9,"featured_media":2861,"comment_status":"closed","ping_status":"open","sticky":false,"template":"","format":"standard","meta":{"_monsterinsights_skip_tracking":false,"_monsterinsights_sitenote_active":false,"_monsterinsights_sitenote_note":"","_monsterinsights_sitenote_category":0,"footnotes":""},"categories":[11],"tags":[787,65,36,788,786],"class_list":["post-2856","post","type-post","status-publish","format-standard","has-post-thumbnail","hentry","category-infradebate","tag-administracoes-de-menor-porte","tag-pmi","tag-ppi","tag-procedimento-de-manifestacao-de-interesse","tag-programa-de-parcerias-de-investimentos"],"yoast_head":"<!-- This site is optimized with the Yoast SEO Premium plugin v25.4 (Yoast SEO v26.0) - https:\/\/yoast.com\/wordpress\/plugins\/seo\/ -->\n<title>iNFRADebate: Novos desafios ao PPI; a vez dos munic\u00edpios, por Fernando Vernalha - Ag\u00eancia iNFRA<\/title>\n<meta name=\"robots\" content=\"index, follow, max-snippet:-1, max-image-preview:large, max-video-preview:-1\" \/>\n<link rel=\"canonical\" href=\"https:\/\/agenciainfra.com\/blog\/infradebate-novos-desafios-ao-ppi-a-vez-dos-municipios-por-fernando-vernalha\/\" \/>\n<meta property=\"og:locale\" content=\"pt_BR\" \/>\n<meta property=\"og:type\" content=\"article\" \/>\n<meta property=\"og:title\" content=\"iNFRADebate: Novos desafios ao PPI; a vez dos munic\u00edpios, por Fernando Vernalha\" \/>\n<meta property=\"og:description\" content=\"Fernando Vernalha* O Programa de Parcerias de Investimentos ganhou do atual governo novos encargos e atribui\u00e7\u00f5es. Dentre eles est\u00e1 o de ajudar estados e munic\u00edpios na estrutura\u00e7\u00e3o dos projetos de desestatiza\u00e7\u00e3o &#8211; especialmente concess\u00f5es e PPPs. Al\u00e9m de participar da gest\u00e3o de fundos como o FAEP e o FEP, o PPI ter\u00e1 o suporte da [&hellip;]\" \/>\n<meta property=\"og:url\" content=\"https:\/\/agenciainfra.com\/blog\/infradebate-novos-desafios-ao-ppi-a-vez-dos-municipios-por-fernando-vernalha\/\" \/>\n<meta property=\"og:site_name\" content=\"Ag\u00eancia iNFRA\" \/>\n<meta property=\"article:publisher\" content=\"https:\/\/www.facebook.com\/ageninfra\" \/>\n<meta property=\"article:published_time\" content=\"2019-02-06T07:00:34+00:00\" \/>\n<meta property=\"og:image\" content=\"https:\/\/agenciainfra.com\/blog\/wp-content\/uploads\/2019\/02\/fernando-vernalha-foto-wagner-araujo-tce-pr.jpg\" \/>\n\t<meta property=\"og:image:width\" content=\"2048\" \/>\n\t<meta property=\"og:image:height\" content=\"1365\" \/>\n\t<meta property=\"og:image:type\" content=\"image\/jpeg\" \/>\n<meta name=\"author\" content=\"Rodrigo Zuquim\" \/>\n<meta name=\"twitter:card\" content=\"summary_large_image\" \/>\n<meta name=\"twitter:creator\" content=\"@agencia_infra\" \/>\n<meta name=\"twitter:site\" content=\"@agencia_infra\" \/>\n<meta name=\"twitter:label1\" content=\"Escrito por\" \/>\n\t<meta name=\"twitter:data1\" content=\"Rodrigo Zuquim\" \/>\n\t<meta name=\"twitter:label2\" content=\"Est. tempo de leitura\" \/>\n\t<meta name=\"twitter:data2\" content=\"7 minutos\" \/>\n<script type=\"application\/ld+json\" class=\"yoast-schema-graph\">{\"@context\":\"https:\/\/schema.org\",\"@graph\":[{\"@type\":\"Article\",\"@id\":\"https:\/\/agenciainfra.com\/blog\/infradebate-novos-desafios-ao-ppi-a-vez-dos-municipios-por-fernando-vernalha\/#article\",\"isPartOf\":{\"@id\":\"https:\/\/agenciainfra.com\/blog\/infradebate-novos-desafios-ao-ppi-a-vez-dos-municipios-por-fernando-vernalha\/\"},\"author\":{\"name\":\"Rodrigo Zuquim\",\"@id\":\"https:\/\/agenciainfra.com\/blog\/#\/schema\/person\/04dbb79bd6d8951f063da71f3e4c1eb1\"},\"headline\":\"iNFRADebate: Novos desafios ao PPI; a vez dos munic\u00edpios, por Fernando Vernalha\",\"datePublished\":\"2019-02-06T07:00:34+00:00\",\"mainEntityOfPage\":{\"@id\":\"https:\/\/agenciainfra.com\/blog\/infradebate-novos-desafios-ao-ppi-a-vez-dos-municipios-por-fernando-vernalha\/\"},\"wordCount\":1491,\"publisher\":{\"@id\":\"https:\/\/agenciainfra.com\/blog\/#organization\"},\"image\":{\"@id\":\"https:\/\/agenciainfra.com\/blog\/infradebate-novos-desafios-ao-ppi-a-vez-dos-municipios-por-fernando-vernalha\/#primaryimage\"},\"thumbnailUrl\":\"https:\/\/agenciainfra.com\/blog\/wp-content\/uploads\/2019\/02\/fernando-vernalha-foto-wagner-araujo-tce-pr.jpg\",\"keywords\":[\"administra\u00e7\u00f5es de menor porte\",\"PMI\",\"PPI\",\"Procedimento de Manifesta\u00e7\u00e3o de Interesse\",\"Programa de Parcerias de Investimentos\"],\"articleSection\":[\"iNFRADebate\"],\"inLanguage\":\"pt-BR\",\"copyrightYear\":\"2019\",\"copyrightHolder\":{\"@id\":\"https:\/\/agenciainfra.com\/blog\/#organization\"}},{\"@type\":\"WebPage\",\"@id\":\"https:\/\/agenciainfra.com\/blog\/infradebate-novos-desafios-ao-ppi-a-vez-dos-municipios-por-fernando-vernalha\/\",\"url\":\"https:\/\/agenciainfra.com\/blog\/infradebate-novos-desafios-ao-ppi-a-vez-dos-municipios-por-fernando-vernalha\/\",\"name\":\"iNFRADebate: Novos desafios ao PPI; a vez dos munic\u00edpios, por Fernando Vernalha - Ag\u00eancia iNFRA\",\"isPartOf\":{\"@id\":\"https:\/\/agenciainfra.com\/blog\/#website\"},\"primaryImageOfPage\":{\"@id\":\"https:\/\/agenciainfra.com\/blog\/infradebate-novos-desafios-ao-ppi-a-vez-dos-municipios-por-fernando-vernalha\/#primaryimage\"},\"image\":{\"@id\":\"https:\/\/agenciainfra.com\/blog\/infradebate-novos-desafios-ao-ppi-a-vez-dos-municipios-por-fernando-vernalha\/#primaryimage\"},\"thumbnailUrl\":\"https:\/\/agenciainfra.com\/blog\/wp-content\/uploads\/2019\/02\/fernando-vernalha-foto-wagner-araujo-tce-pr.jpg\",\"datePublished\":\"2019-02-06T07:00:34+00:00\",\"breadcrumb\":{\"@id\":\"https:\/\/agenciainfra.com\/blog\/infradebate-novos-desafios-ao-ppi-a-vez-dos-municipios-por-fernando-vernalha\/#breadcrumb\"},\"inLanguage\":\"pt-BR\",\"potentialAction\":[{\"@type\":\"ReadAction\",\"target\":[\"https:\/\/agenciainfra.com\/blog\/infradebate-novos-desafios-ao-ppi-a-vez-dos-municipios-por-fernando-vernalha\/\"]}]},{\"@type\":\"ImageObject\",\"inLanguage\":\"pt-BR\",\"@id\":\"https:\/\/agenciainfra.com\/blog\/infradebate-novos-desafios-ao-ppi-a-vez-dos-municipios-por-fernando-vernalha\/#primaryimage\",\"url\":\"https:\/\/agenciainfra.com\/blog\/wp-content\/uploads\/2019\/02\/fernando-vernalha-foto-wagner-araujo-tce-pr.jpg\",\"contentUrl\":\"https:\/\/agenciainfra.com\/blog\/wp-content\/uploads\/2019\/02\/fernando-vernalha-foto-wagner-araujo-tce-pr.jpg\",\"width\":2048,\"height\":1365},{\"@type\":\"BreadcrumbList\",\"@id\":\"https:\/\/agenciainfra.com\/blog\/infradebate-novos-desafios-ao-ppi-a-vez-dos-municipios-por-fernando-vernalha\/#breadcrumb\",\"itemListElement\":[{\"@type\":\"ListItem\",\"position\":1,\"name\":\"In\u00edcio\",\"item\":\"https:\/\/agenciainfra.com\/blog\/\"},{\"@type\":\"ListItem\",\"position\":2,\"name\":\"iNFRADebate: Novos desafios ao PPI; a vez dos munic\u00edpios, por Fernando Vernalha\"}]},{\"@type\":\"WebSite\",\"@id\":\"https:\/\/agenciainfra.com\/blog\/#website\",\"url\":\"https:\/\/agenciainfra.com\/blog\/\",\"name\":\"Ag\u00eancia iNFRA\",\"description\":\"Multiplataforma de informa\u00e7\u00e3o jornal\u00edstica refer\u00eancia na \u00e1rea de infraestrutura no Brasil!\",\"publisher\":{\"@id\":\"https:\/\/agenciainfra.com\/blog\/#organization\"},\"potentialAction\":[{\"@type\":\"SearchAction\",\"target\":{\"@type\":\"EntryPoint\",\"urlTemplate\":\"https:\/\/agenciainfra.com\/blog\/?s={search_term_string}\"},\"query-input\":{\"@type\":\"PropertyValueSpecification\",\"valueRequired\":true,\"valueName\":\"search_term_string\"}}],\"inLanguage\":\"pt-BR\"},{\"@type\":\"Organization\",\"@id\":\"https:\/\/agenciainfra.com\/blog\/#organization\",\"name\":\"Ag\u00eancia iNFRA\",\"url\":\"https:\/\/agenciainfra.com\/blog\/\",\"logo\":{\"@type\":\"ImageObject\",\"inLanguage\":\"pt-BR\",\"@id\":\"https:\/\/agenciainfra.com\/blog\/#\/schema\/logo\/image\/\",\"url\":\"https:\/\/agenciainfra.com\/blog\/wp-content\/uploads\/2023\/09\/iNFRA_5-e1761735885940.png\",\"contentUrl\":\"https:\/\/agenciainfra.com\/blog\/wp-content\/uploads\/2023\/09\/iNFRA_5-e1761735885940.png\",\"width\":1672,\"height\":454,\"caption\":\"Ag\u00eancia iNFRA\"},\"image\":{\"@id\":\"https:\/\/agenciainfra.com\/blog\/#\/schema\/logo\/image\/\"},\"sameAs\":[\"https:\/\/www.facebook.com\/ageninfra\",\"https:\/\/x.com\/agencia_infra\",\"https:\/\/www.linkedin.com\/company\/ag\u00eanciainfra\/\",\"https:\/\/www.instagram.com\/agenciainfra\/\"]},{\"@type\":\"Person\",\"@id\":\"https:\/\/agenciainfra.com\/blog\/#\/schema\/person\/04dbb79bd6d8951f063da71f3e4c1eb1\",\"name\":\"Rodrigo Zuquim\",\"image\":{\"@type\":\"ImageObject\",\"inLanguage\":\"pt-BR\",\"@id\":\"https:\/\/agenciainfra.com\/blog\/#\/schema\/person\/image\/\",\"url\":\"https:\/\/secure.gravatar.com\/avatar\/594abfe82761d620726242ff34ca472a705a4b97f16c790053a6b4c4035274d0?s=96&d=mm&r=g\",\"contentUrl\":\"https:\/\/secure.gravatar.com\/avatar\/594abfe82761d620726242ff34ca472a705a4b97f16c790053a6b4c4035274d0?s=96&d=mm&r=g\",\"caption\":\"Rodrigo Zuquim\"},\"url\":\"https:\/\/agenciainfra.com\/blog\/author\/rodrigo-zuquim\/\"}]}<\/script>\n<!-- \/ Yoast SEO Premium plugin. -->","yoast_head_json":{"title":"iNFRADebate: Novos desafios ao PPI; a vez dos munic\u00edpios, por Fernando Vernalha - Ag\u00eancia iNFRA","robots":{"index":"index","follow":"follow","max-snippet":"max-snippet:-1","max-image-preview":"max-image-preview:large","max-video-preview":"max-video-preview:-1"},"canonical":"https:\/\/agenciainfra.com\/blog\/infradebate-novos-desafios-ao-ppi-a-vez-dos-municipios-por-fernando-vernalha\/","og_locale":"pt_BR","og_type":"article","og_title":"iNFRADebate: Novos desafios ao PPI; a vez dos munic\u00edpios, por Fernando Vernalha","og_description":"Fernando Vernalha* O Programa de Parcerias de Investimentos ganhou do atual governo novos encargos e atribui\u00e7\u00f5es. Dentre eles est\u00e1 o de ajudar estados e munic\u00edpios na estrutura\u00e7\u00e3o dos projetos de desestatiza\u00e7\u00e3o &#8211; especialmente concess\u00f5es e PPPs. Al\u00e9m de participar da gest\u00e3o de fundos como o FAEP e o FEP, o PPI ter\u00e1 o suporte da [&hellip;]","og_url":"https:\/\/agenciainfra.com\/blog\/infradebate-novos-desafios-ao-ppi-a-vez-dos-municipios-por-fernando-vernalha\/","og_site_name":"Ag\u00eancia iNFRA","article_publisher":"https:\/\/www.facebook.com\/ageninfra","article_published_time":"2019-02-06T07:00:34+00:00","og_image":[{"width":2048,"height":1365,"url":"https:\/\/agenciainfra.com\/blog\/wp-content\/uploads\/2019\/02\/fernando-vernalha-foto-wagner-araujo-tce-pr.jpg","type":"image\/jpeg"}],"author":"Rodrigo Zuquim","twitter_card":"summary_large_image","twitter_creator":"@agencia_infra","twitter_site":"@agencia_infra","twitter_misc":{"Escrito por":"Rodrigo Zuquim","Est. tempo de leitura":"7 minutos"},"schema":{"@context":"https:\/\/schema.org","@graph":[{"@type":"Article","@id":"https:\/\/agenciainfra.com\/blog\/infradebate-novos-desafios-ao-ppi-a-vez-dos-municipios-por-fernando-vernalha\/#article","isPartOf":{"@id":"https:\/\/agenciainfra.com\/blog\/infradebate-novos-desafios-ao-ppi-a-vez-dos-municipios-por-fernando-vernalha\/"},"author":{"name":"Rodrigo Zuquim","@id":"https:\/\/agenciainfra.com\/blog\/#\/schema\/person\/04dbb79bd6d8951f063da71f3e4c1eb1"},"headline":"iNFRADebate: Novos desafios ao PPI; a vez dos munic\u00edpios, por Fernando Vernalha","datePublished":"2019-02-06T07:00:34+00:00","mainEntityOfPage":{"@id":"https:\/\/agenciainfra.com\/blog\/infradebate-novos-desafios-ao-ppi-a-vez-dos-municipios-por-fernando-vernalha\/"},"wordCount":1491,"publisher":{"@id":"https:\/\/agenciainfra.com\/blog\/#organization"},"image":{"@id":"https:\/\/agenciainfra.com\/blog\/infradebate-novos-desafios-ao-ppi-a-vez-dos-municipios-por-fernando-vernalha\/#primaryimage"},"thumbnailUrl":"https:\/\/agenciainfra.com\/blog\/wp-content\/uploads\/2019\/02\/fernando-vernalha-foto-wagner-araujo-tce-pr.jpg","keywords":["administra\u00e7\u00f5es de menor porte","PMI","PPI","Procedimento de Manifesta\u00e7\u00e3o de Interesse","Programa de Parcerias de Investimentos"],"articleSection":["iNFRADebate"],"inLanguage":"pt-BR","copyrightYear":"2019","copyrightHolder":{"@id":"https:\/\/agenciainfra.com\/blog\/#organization"}},{"@type":"WebPage","@id":"https:\/\/agenciainfra.com\/blog\/infradebate-novos-desafios-ao-ppi-a-vez-dos-municipios-por-fernando-vernalha\/","url":"https:\/\/agenciainfra.com\/blog\/infradebate-novos-desafios-ao-ppi-a-vez-dos-municipios-por-fernando-vernalha\/","name":"iNFRADebate: Novos desafios ao PPI; a vez dos munic\u00edpios, por Fernando Vernalha - Ag\u00eancia iNFRA","isPartOf":{"@id":"https:\/\/agenciainfra.com\/blog\/#website"},"primaryImageOfPage":{"@id":"https:\/\/agenciainfra.com\/blog\/infradebate-novos-desafios-ao-ppi-a-vez-dos-municipios-por-fernando-vernalha\/#primaryimage"},"image":{"@id":"https:\/\/agenciainfra.com\/blog\/infradebate-novos-desafios-ao-ppi-a-vez-dos-municipios-por-fernando-vernalha\/#primaryimage"},"thumbnailUrl":"https:\/\/agenciainfra.com\/blog\/wp-content\/uploads\/2019\/02\/fernando-vernalha-foto-wagner-araujo-tce-pr.jpg","datePublished":"2019-02-06T07:00:34+00:00","breadcrumb":{"@id":"https:\/\/agenciainfra.com\/blog\/infradebate-novos-desafios-ao-ppi-a-vez-dos-municipios-por-fernando-vernalha\/#breadcrumb"},"inLanguage":"pt-BR","potentialAction":[{"@type":"ReadAction","target":["https:\/\/agenciainfra.com\/blog\/infradebate-novos-desafios-ao-ppi-a-vez-dos-municipios-por-fernando-vernalha\/"]}]},{"@type":"ImageObject","inLanguage":"pt-BR","@id":"https:\/\/agenciainfra.com\/blog\/infradebate-novos-desafios-ao-ppi-a-vez-dos-municipios-por-fernando-vernalha\/#primaryimage","url":"https:\/\/agenciainfra.com\/blog\/wp-content\/uploads\/2019\/02\/fernando-vernalha-foto-wagner-araujo-tce-pr.jpg","contentUrl":"https:\/\/agenciainfra.com\/blog\/wp-content\/uploads\/2019\/02\/fernando-vernalha-foto-wagner-araujo-tce-pr.jpg","width":2048,"height":1365},{"@type":"BreadcrumbList","@id":"https:\/\/agenciainfra.com\/blog\/infradebate-novos-desafios-ao-ppi-a-vez-dos-municipios-por-fernando-vernalha\/#breadcrumb","itemListElement":[{"@type":"ListItem","position":1,"name":"In\u00edcio","item":"https:\/\/agenciainfra.com\/blog\/"},{"@type":"ListItem","position":2,"name":"iNFRADebate: Novos desafios ao PPI; a vez dos munic\u00edpios, por Fernando Vernalha"}]},{"@type":"WebSite","@id":"https:\/\/agenciainfra.com\/blog\/#website","url":"https:\/\/agenciainfra.com\/blog\/","name":"Ag\u00eancia iNFRA","description":"Multiplataforma de informa\u00e7\u00e3o jornal\u00edstica refer\u00eancia na \u00e1rea de infraestrutura no Brasil!","publisher":{"@id":"https:\/\/agenciainfra.com\/blog\/#organization"},"potentialAction":[{"@type":"SearchAction","target":{"@type":"EntryPoint","urlTemplate":"https:\/\/agenciainfra.com\/blog\/?s={search_term_string}"},"query-input":{"@type":"PropertyValueSpecification","valueRequired":true,"valueName":"search_term_string"}}],"inLanguage":"pt-BR"},{"@type":"Organization","@id":"https:\/\/agenciainfra.com\/blog\/#organization","name":"Ag\u00eancia iNFRA","url":"https:\/\/agenciainfra.com\/blog\/","logo":{"@type":"ImageObject","inLanguage":"pt-BR","@id":"https:\/\/agenciainfra.com\/blog\/#\/schema\/logo\/image\/","url":"https:\/\/agenciainfra.com\/blog\/wp-content\/uploads\/2023\/09\/iNFRA_5-e1761735885940.png","contentUrl":"https:\/\/agenciainfra.com\/blog\/wp-content\/uploads\/2023\/09\/iNFRA_5-e1761735885940.png","width":1672,"height":454,"caption":"Ag\u00eancia iNFRA"},"image":{"@id":"https:\/\/agenciainfra.com\/blog\/#\/schema\/logo\/image\/"},"sameAs":["https:\/\/www.facebook.com\/ageninfra","https:\/\/x.com\/agencia_infra","https:\/\/www.linkedin.com\/company\/ag\u00eanciainfra\/","https:\/\/www.instagram.com\/agenciainfra\/"]},{"@type":"Person","@id":"https:\/\/agenciainfra.com\/blog\/#\/schema\/person\/04dbb79bd6d8951f063da71f3e4c1eb1","name":"Rodrigo Zuquim","image":{"@type":"ImageObject","inLanguage":"pt-BR","@id":"https:\/\/agenciainfra.com\/blog\/#\/schema\/person\/image\/","url":"https:\/\/secure.gravatar.com\/avatar\/594abfe82761d620726242ff34ca472a705a4b97f16c790053a6b4c4035274d0?s=96&d=mm&r=g","contentUrl":"https:\/\/secure.gravatar.com\/avatar\/594abfe82761d620726242ff34ca472a705a4b97f16c790053a6b4c4035274d0?s=96&d=mm&r=g","caption":"Rodrigo Zuquim"},"url":"https:\/\/agenciainfra.com\/blog\/author\/rodrigo-zuquim\/"}]}},"_links":{"self":[{"href":"https:\/\/agenciainfra.com\/blog\/wp-json\/wp\/v2\/posts\/2856","targetHints":{"allow":["GET"]}}],"collection":[{"href":"https:\/\/agenciainfra.com\/blog\/wp-json\/wp\/v2\/posts"}],"about":[{"href":"https:\/\/agenciainfra.com\/blog\/wp-json\/wp\/v2\/types\/post"}],"author":[{"embeddable":true,"href":"https:\/\/agenciainfra.com\/blog\/wp-json\/wp\/v2\/users\/9"}],"replies":[{"embeddable":true,"href":"https:\/\/agenciainfra.com\/blog\/wp-json\/wp\/v2\/comments?post=2856"}],"version-history":[{"count":0,"href":"https:\/\/agenciainfra.com\/blog\/wp-json\/wp\/v2\/posts\/2856\/revisions"}],"wp:featuredmedia":[{"embeddable":true,"href":"https:\/\/agenciainfra.com\/blog\/wp-json\/wp\/v2\/media\/2861"}],"wp:attachment":[{"href":"https:\/\/agenciainfra.com\/blog\/wp-json\/wp\/v2\/media?parent=2856"}],"wp:term":[{"taxonomy":"category","embeddable":true,"href":"https:\/\/agenciainfra.com\/blog\/wp-json\/wp\/v2\/categories?post=2856"},{"taxonomy":"post_tag","embeddable":true,"href":"https:\/\/agenciainfra.com\/blog\/wp-json\/wp\/v2\/tags?post=2856"}],"curies":[{"name":"wp","href":"https:\/\/api.w.org\/{rel}","templated":true}]}}