{"id":28560,"date":"2025-09-24T14:18:05","date_gmt":"2025-09-24T17:18:05","guid":{"rendered":"https:\/\/agenciainfra.com\/blog\/?p=28560"},"modified":"2025-09-25T11:00:13","modified_gmt":"2025-09-25T14:00:13","slug":"silveira-fala-em-novo-ciclo-do-setor-mineral-a-partir-da-criacao-do-cnpm","status":"publish","type":"post","link":"https:\/\/agenciainfra.com\/blog\/silveira-fala-em-novo-ciclo-do-setor-mineral-a-partir-da-criacao-do-cnpm\/","title":{"rendered":"Cria\u00e7\u00e3o do CNPM marcar\u00e1 &#8216;novo ciclo do setor mineral&#8217;, diz ministro"},"content":{"rendered":"\n<p class=\"has-text-align-right\"><strong>Gabriel Vasconcelos e Rafael Bitencourt, da Ag\u00eancia iNFRA<\/strong><\/p>\n\n\n\n<p>O ministro de Minas e Energia, Alexandre Silveira, disse nesta quarta-feira (24) que o CNPM (Conselho Nacional de Pol\u00edtica Mineral), que deve ser instalado <a href=\"https:\/\/agenciainfra.com\/blog\/silveira-cnpm-tera-1a-reuniao-em-outubro-com-participacao-de-lula\/\">em outubro<\/a>, marcar\u00e1 um \u201cnovo ciclo do setor mineral\u201d do pa\u00eds.<\/p>\n\n\n\n<p>\u201cVai ser uma data hist\u00f3rica porque pela primeira vez teremos um \u00f3rg\u00e3o norteador de normas infralegais sobre o setor mineral do pa\u00eds\u201d, afirmou o ministro a jornalistas durante o Liquid Gas Week, evento que acontece nesta semana no Rio de Janeiro.<\/p>\n\n\n\n<p>De acordo com Silveira, o setor de minera\u00e7\u00e3o acabou n\u00e3o recebendo a aten\u00e7\u00e3o merecida se comparado \u00e0s demais \u00e1reas sob o comando do MME (Minist\u00e9rio de Minas e Energia). \u201cO Brasil, at\u00e9 pela pujan\u00e7a do setor el\u00e9trico e de petr\u00f3leo, g\u00e1s e biocombust\u00edvel, focou muito nas pol\u00edticas desses dois setores. Agora, n\u00f3s queremos dedicar tamb\u00e9m o nosso tempo \u00e0 pol\u00edtica mineral nacional\u201d, ressaltou.<\/p>\n\n\n\n<p>Para Silveira, o CNPM ser\u00e1 um \u00f3rg\u00e3o \u201cmuito importante para ditar pol\u00edticas p\u00fablicas do setor\u201d e tamb\u00e9m para fortalecer o papel da ANM (Ag\u00eancia Nacional de Minera\u00e7\u00e3o), que teve a imagem afetada na semana passada com a <a href=\"https:\/\/agenciainfra.com\/blog\/justica-detalha-como-integrantes-da-anm-podem-ter-favorecido-mineradoras\/\">pris\u00e3o<\/a> de um dos diretores em opera\u00e7\u00e3o da PF (Pol\u00edcia Federal), ao \u201cevitar distor\u00e7\u00f5es e fragilidades\u201d observadas na reguladora.<\/p>\n\n\n\n<p>O ministro afirmou que opera\u00e7\u00f5es da PF \u201catingem pessoas, n\u00e3o as institui\u00e7\u00f5es\u201d \u2013 no caso, a ANM. \u201cAs institui\u00e7\u00f5es est\u00e3o acima das pessoas. N\u00f3s que estamos na vida p\u00fablica passamos, as institui\u00e7\u00f5es permanecem. \u00c9 assim que eu vejo o Estado brasileiro\u201d, disse.<\/p>\n\n\n\n<p><strong>Minerais cr\u00edticos<\/strong><br>Silveira comentou que o segmento de minerais cr\u00edticos tamb\u00e9m ser\u00e1 contemplado pela defini\u00e7\u00e3o de novas pol\u00edticas para o setor. \u201cIsso nortear\u00e1 o setor mineral, fortalecer\u00e1 o tema, num momento onde o mundo debate os minerais cr\u00edticos, em especial os minerais para a transi\u00e7\u00e3o energ\u00e9tica, tamb\u00e9m os minerais estrat\u00e9gicos para que a gente garanta seguran\u00e7a alimentar\u201d,&nbsp;afirmou. Em recente declara\u00e7\u00e3o, o ministro de Minas e Energia disse que a explora\u00e7\u00e3o de minerais cr\u00edticos no Brasil n\u00e3o vai repetir <a href=\"https:\/\/agenciainfra.com\/blog\/brasil-nao-vai-repetir-ciclos-do-ouro-e-do-ferro-nos-minerais-criticos-diz-silveira\/\">ciclos do ouro e do min\u00e9rio de ferro<\/a>.<\/p>\n","protected":false},"excerpt":{"rendered":"<p>Gabriel Vasconcelos e Rafael Bitencourt, da Ag\u00eancia iNFRA O ministro de Minas e Energia, Alexandre Silveira, disse nesta quarta-feira (24) que o CNPM (Conselho Nacional de Pol\u00edtica Mineral), que deve ser instalado em outubro, marcar\u00e1 um \u201cnovo ciclo do setor mineral\u201d do pa\u00eds. \u201cVai ser uma data hist\u00f3rica porque pela primeira vez teremos um \u00f3rg\u00e3o [&hellip;]<\/p>\n","protected":false},"author":1,"featured_media":21648,"comment_status":"closed","ping_status":"closed","sticky":false,"template":"","format":"standard","meta":{"_monsterinsights_skip_tracking":false,"_monsterinsights_sitenote_active":false,"_monsterinsights_sitenote_note":"","_monsterinsights_sitenote_category":0,"footnotes":""},"categories":[7250,1,13239],"tags":[6040,340,15505,3352,13251,15589,13228,3498,14052,15590,13464,3431,15414,13813],"class_list":["post-28560","post","type-post","status-publish","format-standard","has-post-thumbnail","hentry","category-destaque-lista","category-geral","category-mineracao","tag-alexandre-silveira","tag-anm","tag-cnpm-conselho-nacional-de-politica-mineral","tag-fertilizantes","tag-gabriel-vasconcelos","tag-liquid-gas-week","tag-minerais-criticos","tag-minerio-de-ferro","tag-mme-ministerio-de-minas-e-energia","tag-novo-ciclo","tag-ouro","tag-policia-federal","tag-prisao","tag-rafael-bitencourt"],"yoast_head":"<!-- This site is optimized with the Yoast SEO Premium plugin v25.4 (Yoast SEO v26.0) - https:\/\/yoast.com\/wordpress\/plugins\/seo\/ -->\n<title>Cria\u00e7\u00e3o do CNPM marcar\u00e1 &#039;novo ciclo do setor mineral&#039;, diz ministro - Ag\u00eancia iNFRA<\/title>\n<meta name=\"robots\" content=\"index, follow, max-snippet:-1, max-image-preview:large, max-video-preview:-1\" \/>\n<link rel=\"canonical\" href=\"https:\/\/agenciainfra.com\/blog\/silveira-fala-em-novo-ciclo-do-setor-mineral-a-partir-da-criacao-do-cnpm\/\" \/>\n<meta property=\"og:locale\" content=\"pt_BR\" \/>\n<meta property=\"og:type\" content=\"article\" \/>\n<meta property=\"og:title\" content=\"Cria\u00e7\u00e3o do CNPM marcar\u00e1 &#039;novo ciclo do setor mineral&#039;, diz ministro\" \/>\n<meta property=\"og:description\" content=\"Gabriel Vasconcelos e Rafael Bitencourt, da Ag\u00eancia iNFRA O ministro de Minas e Energia, Alexandre Silveira, disse nesta quarta-feira (24) que o CNPM (Conselho Nacional de Pol\u00edtica Mineral), que deve ser instalado em outubro, marcar\u00e1 um \u201cnovo ciclo do setor mineral\u201d do pa\u00eds. \u201cVai ser uma data hist\u00f3rica porque pela primeira vez teremos um \u00f3rg\u00e3o [&hellip;]\" \/>\n<meta property=\"og:url\" content=\"https:\/\/agenciainfra.com\/blog\/silveira-fala-em-novo-ciclo-do-setor-mineral-a-partir-da-criacao-do-cnpm\/\" \/>\n<meta property=\"og:site_name\" content=\"Ag\u00eancia iNFRA\" \/>\n<meta property=\"article:publisher\" content=\"https:\/\/www.facebook.com\/ageninfra\" \/>\n<meta property=\"article:published_time\" content=\"2025-09-24T17:18:05+00:00\" \/>\n<meta property=\"article:modified_time\" content=\"2025-09-25T14:00:13+00:00\" \/>\n<meta property=\"og:image\" content=\"https:\/\/agenciainfra.com\/blog\/wp-content\/uploads\/2025\/05\/mineracao-foto-dominio-publico-scaled-e1747220593304.jpg\" \/>\n\t<meta property=\"og:image:width\" content=\"1281\" \/>\n\t<meta property=\"og:image:height\" content=\"718\" \/>\n\t<meta property=\"og:image:type\" content=\"image\/jpeg\" \/>\n<meta name=\"author\" content=\"Ag\u00eancia iNFRA\" \/>\n<meta name=\"twitter:card\" content=\"summary_large_image\" \/>\n<meta name=\"twitter:creator\" content=\"@agencia_infra\" \/>\n<meta name=\"twitter:site\" content=\"@agencia_infra\" \/>\n<meta name=\"twitter:label1\" content=\"Escrito por\" \/>\n\t<meta name=\"twitter:data1\" content=\"Ag\u00eancia iNFRA\" \/>\n\t<meta name=\"twitter:label2\" content=\"Est. tempo de leitura\" \/>\n\t<meta name=\"twitter:data2\" content=\"2 minutos\" \/>\n<script type=\"application\/ld+json\" class=\"yoast-schema-graph\">{\"@context\":\"https:\/\/schema.org\",\"@graph\":[{\"@type\":\"Article\",\"@id\":\"https:\/\/agenciainfra.com\/blog\/silveira-fala-em-novo-ciclo-do-setor-mineral-a-partir-da-criacao-do-cnpm\/#article\",\"isPartOf\":{\"@id\":\"https:\/\/agenciainfra.com\/blog\/silveira-fala-em-novo-ciclo-do-setor-mineral-a-partir-da-criacao-do-cnpm\/\"},\"author\":{\"name\":\"Ag\u00eancia iNFRA\",\"@id\":\"https:\/\/agenciainfra.com\/blog\/#\/schema\/person\/34af08dff6adea4cb22b06612ba7acfa\"},\"headline\":\"Cria\u00e7\u00e3o do CNPM marcar\u00e1 &#8216;novo ciclo do setor mineral&#8217;, diz ministro\",\"datePublished\":\"2025-09-24T17:18:05+00:00\",\"dateModified\":\"2025-09-25T14:00:13+00:00\",\"mainEntityOfPage\":{\"@id\":\"https:\/\/agenciainfra.com\/blog\/silveira-fala-em-novo-ciclo-do-setor-mineral-a-partir-da-criacao-do-cnpm\/\"},\"wordCount\":394,\"publisher\":{\"@id\":\"https:\/\/agenciainfra.com\/blog\/#organization\"},\"image\":{\"@id\":\"https:\/\/agenciainfra.com\/blog\/silveira-fala-em-novo-ciclo-do-setor-mineral-a-partir-da-criacao-do-cnpm\/#primaryimage\"},\"thumbnailUrl\":\"https:\/\/agenciainfra.com\/blog\/wp-content\/uploads\/2025\/05\/mineracao-foto-dominio-publico-scaled-e1747220593304.jpg\",\"keywords\":[\"Alexandre Silveira\",\"ANM\",\"CNPM (Conselho Nacional de Pol\u00edtica Mineral)\",\"fertilizantes\",\"Gabriel Vasconcelos\",\"Liquid Gas Week\",\"minerais cr\u00edticos\",\"min\u00e9rio de ferro\",\"MME (Minist\u00e9rio de Minas e Energia)\",\"novo ciclo\",\"ouro\",\"Pol\u00edcia Federal\",\"pris\u00e3o\",\"Rafael Bitencourt\"],\"articleSection\":[\"Destaque lista\",\"Geral\",\"Minera\u00e7\u00e3o\"],\"inLanguage\":\"pt-BR\",\"copyrightYear\":\"2025\",\"copyrightHolder\":{\"@id\":\"https:\/\/agenciainfra.com\/blog\/#organization\"}},{\"@type\":\"WebPage\",\"@id\":\"https:\/\/agenciainfra.com\/blog\/silveira-fala-em-novo-ciclo-do-setor-mineral-a-partir-da-criacao-do-cnpm\/\",\"url\":\"https:\/\/agenciainfra.com\/blog\/silveira-fala-em-novo-ciclo-do-setor-mineral-a-partir-da-criacao-do-cnpm\/\",\"name\":\"Cria\u00e7\u00e3o do CNPM marcar\u00e1 'novo ciclo do setor mineral', diz ministro - Ag\u00eancia iNFRA\",\"isPartOf\":{\"@id\":\"https:\/\/agenciainfra.com\/blog\/#website\"},\"primaryImageOfPage\":{\"@id\":\"https:\/\/agenciainfra.com\/blog\/silveira-fala-em-novo-ciclo-do-setor-mineral-a-partir-da-criacao-do-cnpm\/#primaryimage\"},\"image\":{\"@id\":\"https:\/\/agenciainfra.com\/blog\/silveira-fala-em-novo-ciclo-do-setor-mineral-a-partir-da-criacao-do-cnpm\/#primaryimage\"},\"thumbnailUrl\":\"https:\/\/agenciainfra.com\/blog\/wp-content\/uploads\/2025\/05\/mineracao-foto-dominio-publico-scaled-e1747220593304.jpg\",\"datePublished\":\"2025-09-24T17:18:05+00:00\",\"dateModified\":\"2025-09-25T14:00:13+00:00\",\"breadcrumb\":{\"@id\":\"https:\/\/agenciainfra.com\/blog\/silveira-fala-em-novo-ciclo-do-setor-mineral-a-partir-da-criacao-do-cnpm\/#breadcrumb\"},\"inLanguage\":\"pt-BR\",\"potentialAction\":[{\"@type\":\"ReadAction\",\"target\":[\"https:\/\/agenciainfra.com\/blog\/silveira-fala-em-novo-ciclo-do-setor-mineral-a-partir-da-criacao-do-cnpm\/\"]}]},{\"@type\":\"ImageObject\",\"inLanguage\":\"pt-BR\",\"@id\":\"https:\/\/agenciainfra.com\/blog\/silveira-fala-em-novo-ciclo-do-setor-mineral-a-partir-da-criacao-do-cnpm\/#primaryimage\",\"url\":\"https:\/\/agenciainfra.com\/blog\/wp-content\/uploads\/2025\/05\/mineracao-foto-dominio-publico-scaled-e1747220593304.jpg\",\"contentUrl\":\"https:\/\/agenciainfra.com\/blog\/wp-content\/uploads\/2025\/05\/mineracao-foto-dominio-publico-scaled-e1747220593304.jpg\",\"width\":1281,\"height\":718,\"caption\":\"Foto: Dom\u00ednio P\u00fablico\"},{\"@type\":\"BreadcrumbList\",\"@id\":\"https:\/\/agenciainfra.com\/blog\/silveira-fala-em-novo-ciclo-do-setor-mineral-a-partir-da-criacao-do-cnpm\/#breadcrumb\",\"itemListElement\":[{\"@type\":\"ListItem\",\"position\":1,\"name\":\"In\u00edcio\",\"item\":\"https:\/\/agenciainfra.com\/blog\/\"},{\"@type\":\"ListItem\",\"position\":2,\"name\":\"Cria\u00e7\u00e3o do CNPM marcar\u00e1 &#8216;novo ciclo do setor mineral&#8217;, diz ministro\"}]},{\"@type\":\"WebSite\",\"@id\":\"https:\/\/agenciainfra.com\/blog\/#website\",\"url\":\"https:\/\/agenciainfra.com\/blog\/\",\"name\":\"Ag\u00eancia iNFRA\",\"description\":\"Multiplataforma de informa\u00e7\u00e3o jornal\u00edstica refer\u00eancia na \u00e1rea de infraestrutura no Brasil!\",\"publisher\":{\"@id\":\"https:\/\/agenciainfra.com\/blog\/#organization\"},\"potentialAction\":[{\"@type\":\"SearchAction\",\"target\":{\"@type\":\"EntryPoint\",\"urlTemplate\":\"https:\/\/agenciainfra.com\/blog\/?s={search_term_string}\"},\"query-input\":{\"@type\":\"PropertyValueSpecification\",\"valueRequired\":true,\"valueName\":\"search_term_string\"}}],\"inLanguage\":\"pt-BR\"},{\"@type\":\"Organization\",\"@id\":\"https:\/\/agenciainfra.com\/blog\/#organization\",\"name\":\"Ag\u00eancia iNFRA\",\"url\":\"https:\/\/agenciainfra.com\/blog\/\",\"logo\":{\"@type\":\"ImageObject\",\"inLanguage\":\"pt-BR\",\"@id\":\"https:\/\/agenciainfra.com\/blog\/#\/schema\/logo\/image\/\",\"url\":\"https:\/\/agenciainfra.com\/blog\/wp-content\/uploads\/2023\/09\/iNFRA_5-e1761735885940.png\",\"contentUrl\":\"https:\/\/agenciainfra.com\/blog\/wp-content\/uploads\/2023\/09\/iNFRA_5-e1761735885940.png\",\"width\":1672,\"height\":454,\"caption\":\"Ag\u00eancia iNFRA\"},\"image\":{\"@id\":\"https:\/\/agenciainfra.com\/blog\/#\/schema\/logo\/image\/\"},\"sameAs\":[\"https:\/\/www.facebook.com\/ageninfra\",\"https:\/\/x.com\/agencia_infra\",\"https:\/\/www.linkedin.com\/company\/ag\u00eanciainfra\/\",\"https:\/\/www.instagram.com\/agenciainfra\/\"]},{\"@type\":\"Person\",\"@id\":\"https:\/\/agenciainfra.com\/blog\/#\/schema\/person\/34af08dff6adea4cb22b06612ba7acfa\",\"name\":\"Ag\u00eancia iNFRA\",\"image\":{\"@type\":\"ImageObject\",\"inLanguage\":\"pt-BR\",\"@id\":\"https:\/\/agenciainfra.com\/blog\/#\/schema\/person\/image\/\",\"url\":\"https:\/\/secure.gravatar.com\/avatar\/d189e01678f06d8eb84d4e01f08eb848b3fffe3f8443818d3c356c66892f5be8?s=96&d=mm&r=g\",\"contentUrl\":\"https:\/\/secure.gravatar.com\/avatar\/d189e01678f06d8eb84d4e01f08eb848b3fffe3f8443818d3c356c66892f5be8?s=96&d=mm&r=g\",\"caption\":\"Ag\u00eancia iNFRA\"},\"url\":\"https:\/\/agenciainfra.com\/blog\/author\/admin\/\"}]}<\/script>\n<!-- \/ Yoast SEO Premium plugin. -->","yoast_head_json":{"title":"Cria\u00e7\u00e3o do CNPM marcar\u00e1 'novo ciclo do setor mineral', diz ministro - Ag\u00eancia iNFRA","robots":{"index":"index","follow":"follow","max-snippet":"max-snippet:-1","max-image-preview":"max-image-preview:large","max-video-preview":"max-video-preview:-1"},"canonical":"https:\/\/agenciainfra.com\/blog\/silveira-fala-em-novo-ciclo-do-setor-mineral-a-partir-da-criacao-do-cnpm\/","og_locale":"pt_BR","og_type":"article","og_title":"Cria\u00e7\u00e3o do CNPM marcar\u00e1 'novo ciclo do setor mineral', diz ministro","og_description":"Gabriel Vasconcelos e Rafael Bitencourt, da Ag\u00eancia iNFRA O ministro de Minas e Energia, Alexandre Silveira, disse nesta quarta-feira (24) que o CNPM (Conselho Nacional de Pol\u00edtica Mineral), que deve ser instalado em outubro, marcar\u00e1 um \u201cnovo ciclo do setor mineral\u201d do pa\u00eds. \u201cVai ser uma data hist\u00f3rica porque pela primeira vez teremos um \u00f3rg\u00e3o [&hellip;]","og_url":"https:\/\/agenciainfra.com\/blog\/silveira-fala-em-novo-ciclo-do-setor-mineral-a-partir-da-criacao-do-cnpm\/","og_site_name":"Ag\u00eancia iNFRA","article_publisher":"https:\/\/www.facebook.com\/ageninfra","article_published_time":"2025-09-24T17:18:05+00:00","article_modified_time":"2025-09-25T14:00:13+00:00","og_image":[{"width":1281,"height":718,"url":"https:\/\/agenciainfra.com\/blog\/wp-content\/uploads\/2025\/05\/mineracao-foto-dominio-publico-scaled-e1747220593304.jpg","type":"image\/jpeg"}],"author":"Ag\u00eancia iNFRA","twitter_card":"summary_large_image","twitter_creator":"@agencia_infra","twitter_site":"@agencia_infra","twitter_misc":{"Escrito por":"Ag\u00eancia iNFRA","Est. tempo de leitura":"2 minutos"},"schema":{"@context":"https:\/\/schema.org","@graph":[{"@type":"Article","@id":"https:\/\/agenciainfra.com\/blog\/silveira-fala-em-novo-ciclo-do-setor-mineral-a-partir-da-criacao-do-cnpm\/#article","isPartOf":{"@id":"https:\/\/agenciainfra.com\/blog\/silveira-fala-em-novo-ciclo-do-setor-mineral-a-partir-da-criacao-do-cnpm\/"},"author":{"name":"Ag\u00eancia iNFRA","@id":"https:\/\/agenciainfra.com\/blog\/#\/schema\/person\/34af08dff6adea4cb22b06612ba7acfa"},"headline":"Cria\u00e7\u00e3o do CNPM marcar\u00e1 &#8216;novo ciclo do setor mineral&#8217;, diz ministro","datePublished":"2025-09-24T17:18:05+00:00","dateModified":"2025-09-25T14:00:13+00:00","mainEntityOfPage":{"@id":"https:\/\/agenciainfra.com\/blog\/silveira-fala-em-novo-ciclo-do-setor-mineral-a-partir-da-criacao-do-cnpm\/"},"wordCount":394,"publisher":{"@id":"https:\/\/agenciainfra.com\/blog\/#organization"},"image":{"@id":"https:\/\/agenciainfra.com\/blog\/silveira-fala-em-novo-ciclo-do-setor-mineral-a-partir-da-criacao-do-cnpm\/#primaryimage"},"thumbnailUrl":"https:\/\/agenciainfra.com\/blog\/wp-content\/uploads\/2025\/05\/mineracao-foto-dominio-publico-scaled-e1747220593304.jpg","keywords":["Alexandre Silveira","ANM","CNPM (Conselho Nacional de Pol\u00edtica Mineral)","fertilizantes","Gabriel Vasconcelos","Liquid Gas Week","minerais cr\u00edticos","min\u00e9rio de ferro","MME (Minist\u00e9rio de Minas e Energia)","novo ciclo","ouro","Pol\u00edcia Federal","pris\u00e3o","Rafael Bitencourt"],"articleSection":["Destaque lista","Geral","Minera\u00e7\u00e3o"],"inLanguage":"pt-BR","copyrightYear":"2025","copyrightHolder":{"@id":"https:\/\/agenciainfra.com\/blog\/#organization"}},{"@type":"WebPage","@id":"https:\/\/agenciainfra.com\/blog\/silveira-fala-em-novo-ciclo-do-setor-mineral-a-partir-da-criacao-do-cnpm\/","url":"https:\/\/agenciainfra.com\/blog\/silveira-fala-em-novo-ciclo-do-setor-mineral-a-partir-da-criacao-do-cnpm\/","name":"Cria\u00e7\u00e3o do CNPM marcar\u00e1 'novo ciclo do setor mineral', diz ministro - Ag\u00eancia iNFRA","isPartOf":{"@id":"https:\/\/agenciainfra.com\/blog\/#website"},"primaryImageOfPage":{"@id":"https:\/\/agenciainfra.com\/blog\/silveira-fala-em-novo-ciclo-do-setor-mineral-a-partir-da-criacao-do-cnpm\/#primaryimage"},"image":{"@id":"https:\/\/agenciainfra.com\/blog\/silveira-fala-em-novo-ciclo-do-setor-mineral-a-partir-da-criacao-do-cnpm\/#primaryimage"},"thumbnailUrl":"https:\/\/agenciainfra.com\/blog\/wp-content\/uploads\/2025\/05\/mineracao-foto-dominio-publico-scaled-e1747220593304.jpg","datePublished":"2025-09-24T17:18:05+00:00","dateModified":"2025-09-25T14:00:13+00:00","breadcrumb":{"@id":"https:\/\/agenciainfra.com\/blog\/silveira-fala-em-novo-ciclo-do-setor-mineral-a-partir-da-criacao-do-cnpm\/#breadcrumb"},"inLanguage":"pt-BR","potentialAction":[{"@type":"ReadAction","target":["https:\/\/agenciainfra.com\/blog\/silveira-fala-em-novo-ciclo-do-setor-mineral-a-partir-da-criacao-do-cnpm\/"]}]},{"@type":"ImageObject","inLanguage":"pt-BR","@id":"https:\/\/agenciainfra.com\/blog\/silveira-fala-em-novo-ciclo-do-setor-mineral-a-partir-da-criacao-do-cnpm\/#primaryimage","url":"https:\/\/agenciainfra.com\/blog\/wp-content\/uploads\/2025\/05\/mineracao-foto-dominio-publico-scaled-e1747220593304.jpg","contentUrl":"https:\/\/agenciainfra.com\/blog\/wp-content\/uploads\/2025\/05\/mineracao-foto-dominio-publico-scaled-e1747220593304.jpg","width":1281,"height":718,"caption":"Foto: Dom\u00ednio P\u00fablico"},{"@type":"BreadcrumbList","@id":"https:\/\/agenciainfra.com\/blog\/silveira-fala-em-novo-ciclo-do-setor-mineral-a-partir-da-criacao-do-cnpm\/#breadcrumb","itemListElement":[{"@type":"ListItem","position":1,"name":"In\u00edcio","item":"https:\/\/agenciainfra.com\/blog\/"},{"@type":"ListItem","position":2,"name":"Cria\u00e7\u00e3o do CNPM marcar\u00e1 &#8216;novo ciclo do setor mineral&#8217;, diz ministro"}]},{"@type":"WebSite","@id":"https:\/\/agenciainfra.com\/blog\/#website","url":"https:\/\/agenciainfra.com\/blog\/","name":"Ag\u00eancia iNFRA","description":"Multiplataforma de informa\u00e7\u00e3o jornal\u00edstica refer\u00eancia na \u00e1rea de infraestrutura no Brasil!","publisher":{"@id":"https:\/\/agenciainfra.com\/blog\/#organization"},"potentialAction":[{"@type":"SearchAction","target":{"@type":"EntryPoint","urlTemplate":"https:\/\/agenciainfra.com\/blog\/?s={search_term_string}"},"query-input":{"@type":"PropertyValueSpecification","valueRequired":true,"valueName":"search_term_string"}}],"inLanguage":"pt-BR"},{"@type":"Organization","@id":"https:\/\/agenciainfra.com\/blog\/#organization","name":"Ag\u00eancia iNFRA","url":"https:\/\/agenciainfra.com\/blog\/","logo":{"@type":"ImageObject","inLanguage":"pt-BR","@id":"https:\/\/agenciainfra.com\/blog\/#\/schema\/logo\/image\/","url":"https:\/\/agenciainfra.com\/blog\/wp-content\/uploads\/2023\/09\/iNFRA_5-e1761735885940.png","contentUrl":"https:\/\/agenciainfra.com\/blog\/wp-content\/uploads\/2023\/09\/iNFRA_5-e1761735885940.png","width":1672,"height":454,"caption":"Ag\u00eancia iNFRA"},"image":{"@id":"https:\/\/agenciainfra.com\/blog\/#\/schema\/logo\/image\/"},"sameAs":["https:\/\/www.facebook.com\/ageninfra","https:\/\/x.com\/agencia_infra","https:\/\/www.linkedin.com\/company\/ag\u00eanciainfra\/","https:\/\/www.instagram.com\/agenciainfra\/"]},{"@type":"Person","@id":"https:\/\/agenciainfra.com\/blog\/#\/schema\/person\/34af08dff6adea4cb22b06612ba7acfa","name":"Ag\u00eancia iNFRA","image":{"@type":"ImageObject","inLanguage":"pt-BR","@id":"https:\/\/agenciainfra.com\/blog\/#\/schema\/person\/image\/","url":"https:\/\/secure.gravatar.com\/avatar\/d189e01678f06d8eb84d4e01f08eb848b3fffe3f8443818d3c356c66892f5be8?s=96&d=mm&r=g","contentUrl":"https:\/\/secure.gravatar.com\/avatar\/d189e01678f06d8eb84d4e01f08eb848b3fffe3f8443818d3c356c66892f5be8?s=96&d=mm&r=g","caption":"Ag\u00eancia iNFRA"},"url":"https:\/\/agenciainfra.com\/blog\/author\/admin\/"}]}},"_links":{"self":[{"href":"https:\/\/agenciainfra.com\/blog\/wp-json\/wp\/v2\/posts\/28560","targetHints":{"allow":["GET"]}}],"collection":[{"href":"https:\/\/agenciainfra.com\/blog\/wp-json\/wp\/v2\/posts"}],"about":[{"href":"https:\/\/agenciainfra.com\/blog\/wp-json\/wp\/v2\/types\/post"}],"author":[{"embeddable":true,"href":"https:\/\/agenciainfra.com\/blog\/wp-json\/wp\/v2\/users\/1"}],"replies":[{"embeddable":true,"href":"https:\/\/agenciainfra.com\/blog\/wp-json\/wp\/v2\/comments?post=28560"}],"version-history":[{"count":2,"href":"https:\/\/agenciainfra.com\/blog\/wp-json\/wp\/v2\/posts\/28560\/revisions"}],"predecessor-version":[{"id":28571,"href":"https:\/\/agenciainfra.com\/blog\/wp-json\/wp\/v2\/posts\/28560\/revisions\/28571"}],"wp:featuredmedia":[{"embeddable":true,"href":"https:\/\/agenciainfra.com\/blog\/wp-json\/wp\/v2\/media\/21648"}],"wp:attachment":[{"href":"https:\/\/agenciainfra.com\/blog\/wp-json\/wp\/v2\/media?parent=28560"}],"wp:term":[{"taxonomy":"category","embeddable":true,"href":"https:\/\/agenciainfra.com\/blog\/wp-json\/wp\/v2\/categories?post=28560"},{"taxonomy":"post_tag","embeddable":true,"href":"https:\/\/agenciainfra.com\/blog\/wp-json\/wp\/v2\/tags?post=28560"}],"curies":[{"name":"wp","href":"https:\/\/api.w.org\/{rel}","templated":true}]}}