{"id":28616,"date":"2025-09-24T20:29:21","date_gmt":"2025-09-24T23:29:21","guid":{"rendered":"https:\/\/agenciainfra.com\/blog\/?p=28616"},"modified":"2025-09-24T20:29:23","modified_gmt":"2025-09-24T23:29:23","slug":"sudeste-bate-recorde-e-movimenta-829-mi-de-passageiros-em-2025","status":"publish","type":"post","link":"https:\/\/agenciainfra.com\/blog\/sudeste-bate-recorde-e-movimenta-829-mi-de-passageiros-em-2025\/","title":{"rendered":"Sudeste bate recorde e movimenta 82,9 mi de passageiros em 2025"},"content":{"rendered":"\n<p class=\"has-text-align-right\"><strong>da Ag\u00eancia iNFRA<\/strong><\/p>\n\n\n\n<p>De janeiro a agosto deste ano, os aeroportos da regi\u00e3o Sudeste registraram 82,9 milh\u00f5es de passageiros, segundo a ANAC (Ag\u00eancia Nacional de Avia\u00e7\u00e3o Civil). O n\u00famero representa crescimento de 9,1% em rela\u00e7\u00e3o ao mesmo per\u00edodo de 2024, quando foram contabilizados 76 milh\u00f5es de viajantes. Apenas em agosto, o movimento chegou a 11 milh\u00f5es de embarques e desembarques, o maior volume mensal da s\u00e9rie hist\u00f3rica, iniciada em 2000.<\/p>\n\n\n\n<p>A maior parte do fluxo corresponde ao mercado dom\u00e9stico, com 67,2 milh\u00f5es de passageiros transportados nos oito primeiros meses de 2025, acima dos 61,8 milh\u00f5es registrados no mesmo intervalo do ano passado. O avan\u00e7o reflete tanto o aumento da oferta de assentos pelas companhias a\u00e9reas quanto a retomada da demanda por turismo e viagens corporativas.<\/p>\n\n\n\n<p>Nos voos internacionais, o desempenho tamb\u00e9m foi positivo. Os terminais da regi\u00e3o somaram 15,7 milh\u00f5es de embarques e desembarques entre janeiro e agosto, alta de 11,8% em compara\u00e7\u00e3o com os 14 milh\u00f5es do mesmo per\u00edodo de 2024. Quase 70% de todos os passageiros internacionais que circulam pelo Brasil passam por aeroportos do Sudeste.<\/p>\n\n\n\n<p>A lideran\u00e7a \u00e9 puxada por Guarulhos (SP) e Gale\u00e3o (RJ), que concentram conex\u00f5es com Europa, Am\u00e9rica do Norte e \u00c1sia. Mas o crescimento tamb\u00e9m se espalha por Confins (MG) e Vit\u00f3ria (ES), que ampliam gradualmente suas rotas internacionais.<\/p>\n\n\n\n<p>Cada estado da regi\u00e3o refor\u00e7a a diversidade do setor: S\u00e3o Paulo se mant\u00e9m como principal centro de conex\u00f5es nacionais e internacionais; o Rio de Janeiro alia turismo de lazer e eventos \u00e0 conectividade internacional; Minas Gerais consolida Confins como hub regional; e o Esp\u00edrito Santo fortalece a avia\u00e7\u00e3o regional a partir de Vit\u00f3ria.<\/p>\n\n\n\n<p>O aumento da movimenta\u00e7\u00e3o garante mais op\u00e7\u00f5es de destinos e hor\u00e1rios para os passageiros, conex\u00f5es mais r\u00e1pidas e tarifas mais competitivas. Para o pa\u00eds, o impacto se traduz em est\u00edmulo ao turismo, aos neg\u00f3cios e \u00e0 gera\u00e7\u00e3o de empregos em diferentes setores ligados \u00e0 avia\u00e7\u00e3o e aos servi\u00e7os no entorno dos aeroportos.<\/p>\n\n\n\n<p><\/p>\n","protected":false},"excerpt":{"rendered":"<p>da Ag\u00eancia iNFRA De janeiro a agosto deste ano, os aeroportos da regi\u00e3o Sudeste registraram 82,9 milh\u00f5es de passageiros, segundo a ANAC (Ag\u00eancia Nacional de Avia\u00e7\u00e3o Civil). O n\u00famero representa crescimento de 9,1% em rela\u00e7\u00e3o ao mesmo per\u00edodo de 2024, quando foram contabilizados 76 milh\u00f5es de viajantes. Apenas em agosto, o movimento chegou a 11 [&hellip;]<\/p>\n","protected":false},"author":1,"featured_media":28617,"comment_status":"closed","ping_status":"closed","sticky":false,"template":"","format":"standard","meta":{"_monsterinsights_skip_tracking":false,"_monsterinsights_sitenote_active":false,"_monsterinsights_sitenote_note":"","_monsterinsights_sitenote_category":0,"footnotes":""},"categories":[1,13576],"tags":[107,242,15609,15608,1958,5006,15607],"class_list":["post-28616","post","type-post","status-publish","format-standard","has-post-thumbnail","hentry","category-geral","category-giro-infra","tag-aeroportos","tag-anac","tag-desembarques","tag-embarques","tag-passageiros","tag-sudeste","tag-transporde"],"yoast_head":"<!-- This site is optimized with the Yoast SEO Premium plugin v25.4 (Yoast SEO v26.0) - https:\/\/yoast.com\/wordpress\/plugins\/seo\/ -->\n<title>Sudeste bate recorde e movimenta 82,9 mi de passageiros em 2025 - Ag\u00eancia iNFRA<\/title>\n<meta name=\"robots\" content=\"index, follow, max-snippet:-1, max-image-preview:large, max-video-preview:-1\" \/>\n<link rel=\"canonical\" href=\"https:\/\/agenciainfra.com\/blog\/sudeste-bate-recorde-e-movimenta-829-mi-de-passageiros-em-2025\/\" \/>\n<meta property=\"og:locale\" content=\"pt_BR\" \/>\n<meta property=\"og:type\" content=\"article\" \/>\n<meta property=\"og:title\" content=\"Sudeste bate recorde e movimenta 82,9 mi de passageiros em 2025\" \/>\n<meta property=\"og:description\" content=\"da Ag\u00eancia iNFRA De janeiro a agosto deste ano, os aeroportos da regi\u00e3o Sudeste registraram 82,9 milh\u00f5es de passageiros, segundo a ANAC (Ag\u00eancia Nacional de Avia\u00e7\u00e3o Civil). O n\u00famero representa crescimento de 9,1% em rela\u00e7\u00e3o ao mesmo per\u00edodo de 2024, quando foram contabilizados 76 milh\u00f5es de viajantes. Apenas em agosto, o movimento chegou a 11 [&hellip;]\" \/>\n<meta property=\"og:url\" content=\"https:\/\/agenciainfra.com\/blog\/sudeste-bate-recorde-e-movimenta-829-mi-de-passageiros-em-2025\/\" \/>\n<meta property=\"og:site_name\" content=\"Ag\u00eancia iNFRA\" \/>\n<meta property=\"article:publisher\" content=\"https:\/\/www.facebook.com\/ageninfra\" \/>\n<meta property=\"article:published_time\" content=\"2025-09-24T23:29:21+00:00\" \/>\n<meta property=\"article:modified_time\" content=\"2025-09-24T23:29:23+00:00\" \/>\n<meta property=\"og:image\" content=\"https:\/\/agenciainfra.com\/blog\/wp-content\/uploads\/2025\/09\/aeroporto-sudeste-foto-vosmar-rosa-mpor.jpeg\" \/>\n\t<meta property=\"og:image:width\" content=\"768\" \/>\n\t<meta property=\"og:image:height\" content=\"512\" \/>\n\t<meta property=\"og:image:type\" content=\"image\/jpeg\" \/>\n<meta name=\"author\" content=\"Ag\u00eancia iNFRA\" \/>\n<meta name=\"twitter:card\" content=\"summary_large_image\" \/>\n<meta name=\"twitter:creator\" content=\"@agencia_infra\" \/>\n<meta name=\"twitter:site\" content=\"@agencia_infra\" \/>\n<meta name=\"twitter:label1\" content=\"Escrito por\" \/>\n\t<meta name=\"twitter:data1\" content=\"Ag\u00eancia iNFRA\" \/>\n\t<meta name=\"twitter:label2\" content=\"Est. tempo de leitura\" \/>\n\t<meta name=\"twitter:data2\" content=\"2 minutos\" \/>\n<script type=\"application\/ld+json\" class=\"yoast-schema-graph\">{\"@context\":\"https:\/\/schema.org\",\"@graph\":[{\"@type\":\"Article\",\"@id\":\"https:\/\/agenciainfra.com\/blog\/sudeste-bate-recorde-e-movimenta-829-mi-de-passageiros-em-2025\/#article\",\"isPartOf\":{\"@id\":\"https:\/\/agenciainfra.com\/blog\/sudeste-bate-recorde-e-movimenta-829-mi-de-passageiros-em-2025\/\"},\"author\":{\"name\":\"Ag\u00eancia iNFRA\",\"@id\":\"https:\/\/agenciainfra.com\/blog\/#\/schema\/person\/34af08dff6adea4cb22b06612ba7acfa\"},\"headline\":\"Sudeste bate recorde e movimenta 82,9 mi de passageiros em 2025\",\"datePublished\":\"2025-09-24T23:29:21+00:00\",\"dateModified\":\"2025-09-24T23:29:23+00:00\",\"mainEntityOfPage\":{\"@id\":\"https:\/\/agenciainfra.com\/blog\/sudeste-bate-recorde-e-movimenta-829-mi-de-passageiros-em-2025\/\"},\"wordCount\":360,\"publisher\":{\"@id\":\"https:\/\/agenciainfra.com\/blog\/#organization\"},\"image\":{\"@id\":\"https:\/\/agenciainfra.com\/blog\/sudeste-bate-recorde-e-movimenta-829-mi-de-passageiros-em-2025\/#primaryimage\"},\"thumbnailUrl\":\"https:\/\/agenciainfra.com\/blog\/wp-content\/uploads\/2025\/09\/aeroporto-sudeste-foto-vosmar-rosa-mpor.jpeg\",\"keywords\":[\"aeroportos\",\"ANAC\",\"desembarques\",\"embarques\",\"passageiros\",\"sudeste\",\"transporde\"],\"articleSection\":[\"Geral\",\"Giro iNFRA\"],\"inLanguage\":\"pt-BR\",\"copyrightYear\":\"2025\",\"copyrightHolder\":{\"@id\":\"https:\/\/agenciainfra.com\/blog\/#organization\"}},{\"@type\":\"WebPage\",\"@id\":\"https:\/\/agenciainfra.com\/blog\/sudeste-bate-recorde-e-movimenta-829-mi-de-passageiros-em-2025\/\",\"url\":\"https:\/\/agenciainfra.com\/blog\/sudeste-bate-recorde-e-movimenta-829-mi-de-passageiros-em-2025\/\",\"name\":\"Sudeste bate recorde e movimenta 82,9 mi de passageiros em 2025 - Ag\u00eancia iNFRA\",\"isPartOf\":{\"@id\":\"https:\/\/agenciainfra.com\/blog\/#website\"},\"primaryImageOfPage\":{\"@id\":\"https:\/\/agenciainfra.com\/blog\/sudeste-bate-recorde-e-movimenta-829-mi-de-passageiros-em-2025\/#primaryimage\"},\"image\":{\"@id\":\"https:\/\/agenciainfra.com\/blog\/sudeste-bate-recorde-e-movimenta-829-mi-de-passageiros-em-2025\/#primaryimage\"},\"thumbnailUrl\":\"https:\/\/agenciainfra.com\/blog\/wp-content\/uploads\/2025\/09\/aeroporto-sudeste-foto-vosmar-rosa-mpor.jpeg\",\"datePublished\":\"2025-09-24T23:29:21+00:00\",\"dateModified\":\"2025-09-24T23:29:23+00:00\",\"breadcrumb\":{\"@id\":\"https:\/\/agenciainfra.com\/blog\/sudeste-bate-recorde-e-movimenta-829-mi-de-passageiros-em-2025\/#breadcrumb\"},\"inLanguage\":\"pt-BR\",\"potentialAction\":[{\"@type\":\"ReadAction\",\"target\":[\"https:\/\/agenciainfra.com\/blog\/sudeste-bate-recorde-e-movimenta-829-mi-de-passageiros-em-2025\/\"]}]},{\"@type\":\"ImageObject\",\"inLanguage\":\"pt-BR\",\"@id\":\"https:\/\/agenciainfra.com\/blog\/sudeste-bate-recorde-e-movimenta-829-mi-de-passageiros-em-2025\/#primaryimage\",\"url\":\"https:\/\/agenciainfra.com\/blog\/wp-content\/uploads\/2025\/09\/aeroporto-sudeste-foto-vosmar-rosa-mpor.jpeg\",\"contentUrl\":\"https:\/\/agenciainfra.com\/blog\/wp-content\/uploads\/2025\/09\/aeroporto-sudeste-foto-vosmar-rosa-mpor.jpeg\",\"width\":768,\"height\":512,\"caption\":\"Foto: Vosmar Rosa\/MPor\"},{\"@type\":\"BreadcrumbList\",\"@id\":\"https:\/\/agenciainfra.com\/blog\/sudeste-bate-recorde-e-movimenta-829-mi-de-passageiros-em-2025\/#breadcrumb\",\"itemListElement\":[{\"@type\":\"ListItem\",\"position\":1,\"name\":\"In\u00edcio\",\"item\":\"https:\/\/agenciainfra.com\/blog\/\"},{\"@type\":\"ListItem\",\"position\":2,\"name\":\"Sudeste bate recorde e movimenta 82,9 mi de passageiros em 2025\"}]},{\"@type\":\"WebSite\",\"@id\":\"https:\/\/agenciainfra.com\/blog\/#website\",\"url\":\"https:\/\/agenciainfra.com\/blog\/\",\"name\":\"Ag\u00eancia iNFRA\",\"description\":\"Multiplataforma de informa\u00e7\u00e3o jornal\u00edstica refer\u00eancia na \u00e1rea de infraestrutura no Brasil!\",\"publisher\":{\"@id\":\"https:\/\/agenciainfra.com\/blog\/#organization\"},\"potentialAction\":[{\"@type\":\"SearchAction\",\"target\":{\"@type\":\"EntryPoint\",\"urlTemplate\":\"https:\/\/agenciainfra.com\/blog\/?s={search_term_string}\"},\"query-input\":{\"@type\":\"PropertyValueSpecification\",\"valueRequired\":true,\"valueName\":\"search_term_string\"}}],\"inLanguage\":\"pt-BR\"},{\"@type\":\"Organization\",\"@id\":\"https:\/\/agenciainfra.com\/blog\/#organization\",\"name\":\"Ag\u00eancia iNFRA\",\"url\":\"https:\/\/agenciainfra.com\/blog\/\",\"logo\":{\"@type\":\"ImageObject\",\"inLanguage\":\"pt-BR\",\"@id\":\"https:\/\/agenciainfra.com\/blog\/#\/schema\/logo\/image\/\",\"url\":\"https:\/\/agenciainfra.com\/blog\/wp-content\/uploads\/2023\/09\/iNFRA_5-e1761735885940.png\",\"contentUrl\":\"https:\/\/agenciainfra.com\/blog\/wp-content\/uploads\/2023\/09\/iNFRA_5-e1761735885940.png\",\"width\":1672,\"height\":454,\"caption\":\"Ag\u00eancia iNFRA\"},\"image\":{\"@id\":\"https:\/\/agenciainfra.com\/blog\/#\/schema\/logo\/image\/\"},\"sameAs\":[\"https:\/\/www.facebook.com\/ageninfra\",\"https:\/\/x.com\/agencia_infra\",\"https:\/\/www.linkedin.com\/company\/ag\u00eanciainfra\/\",\"https:\/\/www.instagram.com\/agenciainfra\/\"]},{\"@type\":\"Person\",\"@id\":\"https:\/\/agenciainfra.com\/blog\/#\/schema\/person\/34af08dff6adea4cb22b06612ba7acfa\",\"name\":\"Ag\u00eancia iNFRA\",\"image\":{\"@type\":\"ImageObject\",\"inLanguage\":\"pt-BR\",\"@id\":\"https:\/\/agenciainfra.com\/blog\/#\/schema\/person\/image\/\",\"url\":\"https:\/\/secure.gravatar.com\/avatar\/d189e01678f06d8eb84d4e01f08eb848b3fffe3f8443818d3c356c66892f5be8?s=96&d=mm&r=g\",\"contentUrl\":\"https:\/\/secure.gravatar.com\/avatar\/d189e01678f06d8eb84d4e01f08eb848b3fffe3f8443818d3c356c66892f5be8?s=96&d=mm&r=g\",\"caption\":\"Ag\u00eancia iNFRA\"},\"url\":\"https:\/\/agenciainfra.com\/blog\/author\/admin\/\"}]}<\/script>\n<!-- \/ Yoast SEO Premium plugin. -->","yoast_head_json":{"title":"Sudeste bate recorde e movimenta 82,9 mi de passageiros em 2025 - Ag\u00eancia iNFRA","robots":{"index":"index","follow":"follow","max-snippet":"max-snippet:-1","max-image-preview":"max-image-preview:large","max-video-preview":"max-video-preview:-1"},"canonical":"https:\/\/agenciainfra.com\/blog\/sudeste-bate-recorde-e-movimenta-829-mi-de-passageiros-em-2025\/","og_locale":"pt_BR","og_type":"article","og_title":"Sudeste bate recorde e movimenta 82,9 mi de passageiros em 2025","og_description":"da Ag\u00eancia iNFRA De janeiro a agosto deste ano, os aeroportos da regi\u00e3o Sudeste registraram 82,9 milh\u00f5es de passageiros, segundo a ANAC (Ag\u00eancia Nacional de Avia\u00e7\u00e3o Civil). O n\u00famero representa crescimento de 9,1% em rela\u00e7\u00e3o ao mesmo per\u00edodo de 2024, quando foram contabilizados 76 milh\u00f5es de viajantes. Apenas em agosto, o movimento chegou a 11 [&hellip;]","og_url":"https:\/\/agenciainfra.com\/blog\/sudeste-bate-recorde-e-movimenta-829-mi-de-passageiros-em-2025\/","og_site_name":"Ag\u00eancia iNFRA","article_publisher":"https:\/\/www.facebook.com\/ageninfra","article_published_time":"2025-09-24T23:29:21+00:00","article_modified_time":"2025-09-24T23:29:23+00:00","og_image":[{"width":768,"height":512,"url":"https:\/\/agenciainfra.com\/blog\/wp-content\/uploads\/2025\/09\/aeroporto-sudeste-foto-vosmar-rosa-mpor.jpeg","type":"image\/jpeg"}],"author":"Ag\u00eancia iNFRA","twitter_card":"summary_large_image","twitter_creator":"@agencia_infra","twitter_site":"@agencia_infra","twitter_misc":{"Escrito por":"Ag\u00eancia iNFRA","Est. tempo de leitura":"2 minutos"},"schema":{"@context":"https:\/\/schema.org","@graph":[{"@type":"Article","@id":"https:\/\/agenciainfra.com\/blog\/sudeste-bate-recorde-e-movimenta-829-mi-de-passageiros-em-2025\/#article","isPartOf":{"@id":"https:\/\/agenciainfra.com\/blog\/sudeste-bate-recorde-e-movimenta-829-mi-de-passageiros-em-2025\/"},"author":{"name":"Ag\u00eancia iNFRA","@id":"https:\/\/agenciainfra.com\/blog\/#\/schema\/person\/34af08dff6adea4cb22b06612ba7acfa"},"headline":"Sudeste bate recorde e movimenta 82,9 mi de passageiros em 2025","datePublished":"2025-09-24T23:29:21+00:00","dateModified":"2025-09-24T23:29:23+00:00","mainEntityOfPage":{"@id":"https:\/\/agenciainfra.com\/blog\/sudeste-bate-recorde-e-movimenta-829-mi-de-passageiros-em-2025\/"},"wordCount":360,"publisher":{"@id":"https:\/\/agenciainfra.com\/blog\/#organization"},"image":{"@id":"https:\/\/agenciainfra.com\/blog\/sudeste-bate-recorde-e-movimenta-829-mi-de-passageiros-em-2025\/#primaryimage"},"thumbnailUrl":"https:\/\/agenciainfra.com\/blog\/wp-content\/uploads\/2025\/09\/aeroporto-sudeste-foto-vosmar-rosa-mpor.jpeg","keywords":["aeroportos","ANAC","desembarques","embarques","passageiros","sudeste","transporde"],"articleSection":["Geral","Giro iNFRA"],"inLanguage":"pt-BR","copyrightYear":"2025","copyrightHolder":{"@id":"https:\/\/agenciainfra.com\/blog\/#organization"}},{"@type":"WebPage","@id":"https:\/\/agenciainfra.com\/blog\/sudeste-bate-recorde-e-movimenta-829-mi-de-passageiros-em-2025\/","url":"https:\/\/agenciainfra.com\/blog\/sudeste-bate-recorde-e-movimenta-829-mi-de-passageiros-em-2025\/","name":"Sudeste bate recorde e movimenta 82,9 mi de passageiros em 2025 - Ag\u00eancia iNFRA","isPartOf":{"@id":"https:\/\/agenciainfra.com\/blog\/#website"},"primaryImageOfPage":{"@id":"https:\/\/agenciainfra.com\/blog\/sudeste-bate-recorde-e-movimenta-829-mi-de-passageiros-em-2025\/#primaryimage"},"image":{"@id":"https:\/\/agenciainfra.com\/blog\/sudeste-bate-recorde-e-movimenta-829-mi-de-passageiros-em-2025\/#primaryimage"},"thumbnailUrl":"https:\/\/agenciainfra.com\/blog\/wp-content\/uploads\/2025\/09\/aeroporto-sudeste-foto-vosmar-rosa-mpor.jpeg","datePublished":"2025-09-24T23:29:21+00:00","dateModified":"2025-09-24T23:29:23+00:00","breadcrumb":{"@id":"https:\/\/agenciainfra.com\/blog\/sudeste-bate-recorde-e-movimenta-829-mi-de-passageiros-em-2025\/#breadcrumb"},"inLanguage":"pt-BR","potentialAction":[{"@type":"ReadAction","target":["https:\/\/agenciainfra.com\/blog\/sudeste-bate-recorde-e-movimenta-829-mi-de-passageiros-em-2025\/"]}]},{"@type":"ImageObject","inLanguage":"pt-BR","@id":"https:\/\/agenciainfra.com\/blog\/sudeste-bate-recorde-e-movimenta-829-mi-de-passageiros-em-2025\/#primaryimage","url":"https:\/\/agenciainfra.com\/blog\/wp-content\/uploads\/2025\/09\/aeroporto-sudeste-foto-vosmar-rosa-mpor.jpeg","contentUrl":"https:\/\/agenciainfra.com\/blog\/wp-content\/uploads\/2025\/09\/aeroporto-sudeste-foto-vosmar-rosa-mpor.jpeg","width":768,"height":512,"caption":"Foto: Vosmar Rosa\/MPor"},{"@type":"BreadcrumbList","@id":"https:\/\/agenciainfra.com\/blog\/sudeste-bate-recorde-e-movimenta-829-mi-de-passageiros-em-2025\/#breadcrumb","itemListElement":[{"@type":"ListItem","position":1,"name":"In\u00edcio","item":"https:\/\/agenciainfra.com\/blog\/"},{"@type":"ListItem","position":2,"name":"Sudeste bate recorde e movimenta 82,9 mi de passageiros em 2025"}]},{"@type":"WebSite","@id":"https:\/\/agenciainfra.com\/blog\/#website","url":"https:\/\/agenciainfra.com\/blog\/","name":"Ag\u00eancia iNFRA","description":"Multiplataforma de informa\u00e7\u00e3o jornal\u00edstica refer\u00eancia na \u00e1rea de infraestrutura no Brasil!","publisher":{"@id":"https:\/\/agenciainfra.com\/blog\/#organization"},"potentialAction":[{"@type":"SearchAction","target":{"@type":"EntryPoint","urlTemplate":"https:\/\/agenciainfra.com\/blog\/?s={search_term_string}"},"query-input":{"@type":"PropertyValueSpecification","valueRequired":true,"valueName":"search_term_string"}}],"inLanguage":"pt-BR"},{"@type":"Organization","@id":"https:\/\/agenciainfra.com\/blog\/#organization","name":"Ag\u00eancia iNFRA","url":"https:\/\/agenciainfra.com\/blog\/","logo":{"@type":"ImageObject","inLanguage":"pt-BR","@id":"https:\/\/agenciainfra.com\/blog\/#\/schema\/logo\/image\/","url":"https:\/\/agenciainfra.com\/blog\/wp-content\/uploads\/2023\/09\/iNFRA_5-e1761735885940.png","contentUrl":"https:\/\/agenciainfra.com\/blog\/wp-content\/uploads\/2023\/09\/iNFRA_5-e1761735885940.png","width":1672,"height":454,"caption":"Ag\u00eancia iNFRA"},"image":{"@id":"https:\/\/agenciainfra.com\/blog\/#\/schema\/logo\/image\/"},"sameAs":["https:\/\/www.facebook.com\/ageninfra","https:\/\/x.com\/agencia_infra","https:\/\/www.linkedin.com\/company\/ag\u00eanciainfra\/","https:\/\/www.instagram.com\/agenciainfra\/"]},{"@type":"Person","@id":"https:\/\/agenciainfra.com\/blog\/#\/schema\/person\/34af08dff6adea4cb22b06612ba7acfa","name":"Ag\u00eancia iNFRA","image":{"@type":"ImageObject","inLanguage":"pt-BR","@id":"https:\/\/agenciainfra.com\/blog\/#\/schema\/person\/image\/","url":"https:\/\/secure.gravatar.com\/avatar\/d189e01678f06d8eb84d4e01f08eb848b3fffe3f8443818d3c356c66892f5be8?s=96&d=mm&r=g","contentUrl":"https:\/\/secure.gravatar.com\/avatar\/d189e01678f06d8eb84d4e01f08eb848b3fffe3f8443818d3c356c66892f5be8?s=96&d=mm&r=g","caption":"Ag\u00eancia iNFRA"},"url":"https:\/\/agenciainfra.com\/blog\/author\/admin\/"}]}},"_links":{"self":[{"href":"https:\/\/agenciainfra.com\/blog\/wp-json\/wp\/v2\/posts\/28616","targetHints":{"allow":["GET"]}}],"collection":[{"href":"https:\/\/agenciainfra.com\/blog\/wp-json\/wp\/v2\/posts"}],"about":[{"href":"https:\/\/agenciainfra.com\/blog\/wp-json\/wp\/v2\/types\/post"}],"author":[{"embeddable":true,"href":"https:\/\/agenciainfra.com\/blog\/wp-json\/wp\/v2\/users\/1"}],"replies":[{"embeddable":true,"href":"https:\/\/agenciainfra.com\/blog\/wp-json\/wp\/v2\/comments?post=28616"}],"version-history":[{"count":1,"href":"https:\/\/agenciainfra.com\/blog\/wp-json\/wp\/v2\/posts\/28616\/revisions"}],"predecessor-version":[{"id":28618,"href":"https:\/\/agenciainfra.com\/blog\/wp-json\/wp\/v2\/posts\/28616\/revisions\/28618"}],"wp:featuredmedia":[{"embeddable":true,"href":"https:\/\/agenciainfra.com\/blog\/wp-json\/wp\/v2\/media\/28617"}],"wp:attachment":[{"href":"https:\/\/agenciainfra.com\/blog\/wp-json\/wp\/v2\/media?parent=28616"}],"wp:term":[{"taxonomy":"category","embeddable":true,"href":"https:\/\/agenciainfra.com\/blog\/wp-json\/wp\/v2\/categories?post=28616"},{"taxonomy":"post_tag","embeddable":true,"href":"https:\/\/agenciainfra.com\/blog\/wp-json\/wp\/v2\/tags?post=28616"}],"curies":[{"name":"wp","href":"https:\/\/api.w.org\/{rel}","templated":true}]}}