{"id":28645,"date":"2025-09-25T11:00:00","date_gmt":"2025-09-25T14:00:00","guid":{"rendered":"https:\/\/agenciainfra.com\/blog\/?p=28645"},"modified":"2025-09-26T09:03:57","modified_gmt":"2025-09-26T12:03:57","slug":"tcu-recomenda-mudancas-e-robustecimento-da-pre-sal-petroleo-s-a","status":"publish","type":"post","link":"https:\/\/agenciainfra.com\/blog\/tcu-recomenda-mudancas-e-robustecimento-da-pre-sal-petroleo-s-a\/","title":{"rendered":"TCU recomenda mudan\u00e7as e robustecimento da Pr\u00e9-Sal Petr\u00f3leo S.A."},"content":{"rendered":"\n<p class=\"has-text-align-right\"><strong>Gabriel Vasconcelos, da Ag\u00eancia iNFRA<\/strong><\/p>\n\n\n\n<p>O TCU (Tribunal de Contas da Uni\u00e3o) recomendou nesta quarta-feira (25) uma s\u00e9rie de mudan\u00e7as internas na PPSA (Pr\u00e9-Sal Petr\u00f3leo S.A.) e no seu tratamento por \u00f3rg\u00e3os de governo com o objetivo de eliminar riscos e permitir atua\u00e7\u00e3o adequada da estatal em momento de aumento significativo da arrecada\u00e7\u00e3o relativa aos contratos que administra no pr\u00e9-sal das Bacias de Campos e Santos e da venda do \u00f3leo e g\u00e1s da Uni\u00e3o.<\/p>\n\n\n\n<p>No <a href=\"https:\/\/agenciainfra.com\/blog\/wp-content\/uploads\/2025\/09\/028.803-2022-1-AN-Auditoria-PPSA.pdf\">documento<\/a> da \u00e1rea t\u00e9cnica (AudPetr\u00f3leo), que baseou a decis\u00e3o dos ministros, s\u00e3o assumidas proje\u00e7\u00f5es da pr\u00f3pria PPSA de que a comercializa\u00e7\u00e3o das cargas pertencentes \u00e0 Uni\u00e3o, via leil\u00f5es, vai gerar cerca de R$ 466 bilh\u00f5es entre 2024 e 2033, montante que ultrapassa R$ 1 trilh\u00e3o no per\u00edodo se considerados impostos, royalties e participa\u00e7\u00f5es especiais.<\/p>\n\n\n\n<p>Na pr\u00e1tica, para dar conta disso, o ministro-relator do processo de auditoria, Augusto Nardes, e seus pares recomendaram que, a fim de viabilizar essa arrecada\u00e7\u00e3o, governo e PPSA devem, em conjunto, adotar medidas para melhorar e dar seguran\u00e7a ao processo de an\u00e1lise e aprova\u00e7\u00e3o do chamado &#8220;custo em \u00f3leo&#8221; das opera\u00e7\u00f5es (volumes de \u00f3leo retidos pelas petroleiras para compensar gastos operacionais); ter o n\u00famero de funcion\u00e1rios aumentado e ser melhor equipada; aprimorar os processos de sele\u00e7\u00e3o de executivos, que devem ter perfil t\u00e9cnico mais apurado que o de outras estatais; e reavaliar o planejamento e a matriz de riscos para n\u00e3o assumir fun\u00e7\u00f5es al\u00e9m de sua capacidade.<\/p>\n\n\n\n<p>Neste \u00faltimo ponto, s\u00e3o citados, objetivamente, os riscos de gerir etapas operacionais da produ\u00e7\u00e3o do g\u00e1s da Uni\u00e3o que pretende comercializar.<\/p>\n\n\n\n<p>&#8220;A situa\u00e7\u00e3o pode ser agravada com a adi\u00e7\u00e3o de novas atribui\u00e7\u00f5es \u00e0 PPSA que podem decorrer da nova pol\u00edtica para comercializa\u00e7\u00e3o do g\u00e1s da Uni\u00e3o e de eventual proposta de atua\u00e7\u00e3o tamb\u00e9m no mercado de refino. Atividades cuja viabilidade n\u00e3o se mostra amparada pelo atual est\u00e1gio estrutural da PPSA, podendo haver agravamento dos riscos operacionais identificados&#8221;, diz o relat\u00f3rio da AudPetr\u00f3leo.<\/p>\n\n\n\n<p>Segundo o tribunal, a PPSA encontra-se funcional na gest\u00e3o de contratos e &#8220;possui procedimentos de gest\u00e3o bem definidos e estruturados&#8221;. &#8220;No entanto, pela incompletude da estrutura\u00e7\u00e3o da PPSA, esta funcionalidade se encontra sob importantes riscos. Isto significa, considerando o bin\u00f4mio probabilidade e impacto, que requer provid\u00eancias urgentes e intensivas de mitiga\u00e7\u00e3o, dada a magnitude e a import\u00e2ncia dos resultados que a estatal tende a realizar para a Uni\u00e3o, mediante os CPPs [Contratos de Partilha de Produ\u00e7\u00e3o]&#8221;, alerta a \u00e1rea t\u00e9cnica no documento.<\/p>\n\n\n\n<p>Especificamente com rela\u00e7\u00e3o ao quadro funcional, fala-se em &#8220;insufici\u00eancia&#8221;: apenas 64 empregados frente a um limite autorizado de 163, &#8220;muito abaixo&#8221; da necessidade para gerir 24 CPPs, 10 AIPs (Acordos de Individualiza\u00e7\u00e3o) e outros em avalia\u00e7\u00e3o. Essa profus\u00e3o de contratos exige a participa\u00e7\u00e3o e voto de funcion\u00e1rios da estatal nos processo de decis\u00e3o de cada unidade em produ\u00e7\u00e3o, demanda crescente que n\u00e3o tem sido acompanhada pelo tamanho do quadro.<\/p>\n\n\n\n<p>&#8220;Em apertada s\u00edntese, o principal achado da auditoria diz respeito \u00e0 car\u00eancia de recursos humanos da estatal, que pode vir a comprometer a qualidade e continuidade de suas atividades. Esse ponto foi indicado como principal causa para riscos operacionais da estatal&#8221;, assinala em seu voto o ministro&nbsp;Nardes.<\/p>\n","protected":false},"excerpt":{"rendered":"<p>Gabriel Vasconcelos, da Ag\u00eancia iNFRA O TCU (Tribunal de Contas da Uni\u00e3o) recomendou nesta quarta-feira (25) uma s\u00e9rie de mudan\u00e7as internas na PPSA (Pr\u00e9-Sal Petr\u00f3leo S.A.) e no seu tratamento por \u00f3rg\u00e3os de governo com o objetivo de eliminar riscos e permitir atua\u00e7\u00e3o adequada da estatal em momento de aumento significativo da arrecada\u00e7\u00e3o relativa aos [&hellip;]<\/p>\n","protected":false},"author":1,"featured_media":14604,"comment_status":"closed","ping_status":"closed","sticky":false,"template":"","format":"standard","meta":{"_monsterinsights_skip_tracking":false,"_monsterinsights_sitenote_active":false,"_monsterinsights_sitenote_note":"","_monsterinsights_sitenote_category":0,"footnotes":""},"categories":[7250,1,13271],"tags":[4359,15617,13251,15619,3191,213,3030,344,15618,18],"class_list":["post-28645","post","type-post","status-publish","format-standard","has-post-thumbnail","hentry","category-destaque-lista","category-geral","category-oleo-gas","tag-arrecadacao","tag-arrecadacao-ppsa","tag-gabriel-vasconcelos","tag-ministro-augusto-nardes","tag-oleo-e-gas","tag-petroleo","tag-ppsa","tag-pre-sal","tag-royalties-de-petroleo","tag-tcu"],"yoast_head":"<!-- This site is optimized with the Yoast SEO Premium plugin v25.4 (Yoast SEO v26.0) - https:\/\/yoast.com\/wordpress\/plugins\/seo\/ -->\n<title>TCU recomenda mudan\u00e7as e robustecimento da Pr\u00e9-Sal Petr\u00f3leo S.A. - Ag\u00eancia iNFRA<\/title>\n<meta name=\"robots\" content=\"index, follow, max-snippet:-1, max-image-preview:large, max-video-preview:-1\" \/>\n<link rel=\"canonical\" href=\"https:\/\/agenciainfra.com\/blog\/tcu-recomenda-mudancas-e-robustecimento-da-pre-sal-petroleo-s-a\/\" \/>\n<meta property=\"og:locale\" content=\"pt_BR\" \/>\n<meta property=\"og:type\" content=\"article\" \/>\n<meta property=\"og:title\" content=\"TCU recomenda mudan\u00e7as e robustecimento da Pr\u00e9-Sal Petr\u00f3leo S.A.\" \/>\n<meta property=\"og:description\" content=\"Gabriel Vasconcelos, da Ag\u00eancia iNFRA O TCU (Tribunal de Contas da Uni\u00e3o) recomendou nesta quarta-feira (25) uma s\u00e9rie de mudan\u00e7as internas na PPSA (Pr\u00e9-Sal Petr\u00f3leo S.A.) e no seu tratamento por \u00f3rg\u00e3os de governo com o objetivo de eliminar riscos e permitir atua\u00e7\u00e3o adequada da estatal em momento de aumento significativo da arrecada\u00e7\u00e3o relativa aos [&hellip;]\" \/>\n<meta property=\"og:url\" content=\"https:\/\/agenciainfra.com\/blog\/tcu-recomenda-mudancas-e-robustecimento-da-pre-sal-petroleo-s-a\/\" \/>\n<meta property=\"og:site_name\" content=\"Ag\u00eancia iNFRA\" \/>\n<meta property=\"article:publisher\" content=\"https:\/\/www.facebook.com\/ageninfra\" \/>\n<meta property=\"article:published_time\" content=\"2025-09-25T14:00:00+00:00\" \/>\n<meta property=\"article:modified_time\" content=\"2025-09-26T12:03:57+00:00\" \/>\n<meta property=\"og:image\" content=\"https:\/\/agenciainfra.com\/blog\/wp-content\/uploads\/2023\/11\/ppsa-foto-divulgacao.jpg\" \/>\n\t<meta property=\"og:image:width\" content=\"1202\" \/>\n\t<meta property=\"og:image:height\" content=\"801\" \/>\n\t<meta property=\"og:image:type\" content=\"image\/jpeg\" \/>\n<meta name=\"author\" content=\"Ag\u00eancia iNFRA\" \/>\n<meta name=\"twitter:card\" content=\"summary_large_image\" \/>\n<meta name=\"twitter:creator\" content=\"@agencia_infra\" \/>\n<meta name=\"twitter:site\" content=\"@agencia_infra\" \/>\n<meta name=\"twitter:label1\" content=\"Escrito por\" \/>\n\t<meta name=\"twitter:data1\" content=\"Ag\u00eancia iNFRA\" \/>\n\t<meta name=\"twitter:label2\" content=\"Est. tempo de leitura\" \/>\n\t<meta name=\"twitter:data2\" content=\"3 minutos\" \/>\n<script type=\"application\/ld+json\" class=\"yoast-schema-graph\">{\"@context\":\"https:\/\/schema.org\",\"@graph\":[{\"@type\":\"Article\",\"@id\":\"https:\/\/agenciainfra.com\/blog\/tcu-recomenda-mudancas-e-robustecimento-da-pre-sal-petroleo-s-a\/#article\",\"isPartOf\":{\"@id\":\"https:\/\/agenciainfra.com\/blog\/tcu-recomenda-mudancas-e-robustecimento-da-pre-sal-petroleo-s-a\/\"},\"author\":{\"name\":\"Ag\u00eancia iNFRA\",\"@id\":\"https:\/\/agenciainfra.com\/blog\/#\/schema\/person\/34af08dff6adea4cb22b06612ba7acfa\"},\"headline\":\"TCU recomenda mudan\u00e7as e robustecimento da Pr\u00e9-Sal Petr\u00f3leo S.A.\",\"datePublished\":\"2025-09-25T14:00:00+00:00\",\"dateModified\":\"2025-09-26T12:03:57+00:00\",\"mainEntityOfPage\":{\"@id\":\"https:\/\/agenciainfra.com\/blog\/tcu-recomenda-mudancas-e-robustecimento-da-pre-sal-petroleo-s-a\/\"},\"wordCount\":598,\"publisher\":{\"@id\":\"https:\/\/agenciainfra.com\/blog\/#organization\"},\"image\":{\"@id\":\"https:\/\/agenciainfra.com\/blog\/tcu-recomenda-mudancas-e-robustecimento-da-pre-sal-petroleo-s-a\/#primaryimage\"},\"thumbnailUrl\":\"https:\/\/agenciainfra.com\/blog\/wp-content\/uploads\/2023\/11\/ppsa-foto-divulgacao.jpg\",\"keywords\":[\"arrecada\u00e7\u00e3o\",\"arrecada\u00e7\u00e3o ppsa\",\"Gabriel Vasconcelos\",\"ministro augusto nardes\",\"\u00f3leo e g\u00e1s\",\"petr\u00f3leo\",\"PPSA\",\"pr\u00e9-sal\",\"royalties de petr\u00f3leo\",\"TCU\"],\"articleSection\":[\"Destaque lista\",\"Geral\",\"\u00d3leo &amp; G\u00e1s\"],\"inLanguage\":\"pt-BR\",\"copyrightYear\":\"2025\",\"copyrightHolder\":{\"@id\":\"https:\/\/agenciainfra.com\/blog\/#organization\"}},{\"@type\":\"WebPage\",\"@id\":\"https:\/\/agenciainfra.com\/blog\/tcu-recomenda-mudancas-e-robustecimento-da-pre-sal-petroleo-s-a\/\",\"url\":\"https:\/\/agenciainfra.com\/blog\/tcu-recomenda-mudancas-e-robustecimento-da-pre-sal-petroleo-s-a\/\",\"name\":\"TCU recomenda mudan\u00e7as e robustecimento da Pr\u00e9-Sal Petr\u00f3leo S.A. - Ag\u00eancia iNFRA\",\"isPartOf\":{\"@id\":\"https:\/\/agenciainfra.com\/blog\/#website\"},\"primaryImageOfPage\":{\"@id\":\"https:\/\/agenciainfra.com\/blog\/tcu-recomenda-mudancas-e-robustecimento-da-pre-sal-petroleo-s-a\/#primaryimage\"},\"image\":{\"@id\":\"https:\/\/agenciainfra.com\/blog\/tcu-recomenda-mudancas-e-robustecimento-da-pre-sal-petroleo-s-a\/#primaryimage\"},\"thumbnailUrl\":\"https:\/\/agenciainfra.com\/blog\/wp-content\/uploads\/2023\/11\/ppsa-foto-divulgacao.jpg\",\"datePublished\":\"2025-09-25T14:00:00+00:00\",\"dateModified\":\"2025-09-26T12:03:57+00:00\",\"breadcrumb\":{\"@id\":\"https:\/\/agenciainfra.com\/blog\/tcu-recomenda-mudancas-e-robustecimento-da-pre-sal-petroleo-s-a\/#breadcrumb\"},\"inLanguage\":\"pt-BR\",\"potentialAction\":[{\"@type\":\"ReadAction\",\"target\":[\"https:\/\/agenciainfra.com\/blog\/tcu-recomenda-mudancas-e-robustecimento-da-pre-sal-petroleo-s-a\/\"]}]},{\"@type\":\"ImageObject\",\"inLanguage\":\"pt-BR\",\"@id\":\"https:\/\/agenciainfra.com\/blog\/tcu-recomenda-mudancas-e-robustecimento-da-pre-sal-petroleo-s-a\/#primaryimage\",\"url\":\"https:\/\/agenciainfra.com\/blog\/wp-content\/uploads\/2023\/11\/ppsa-foto-divulgacao.jpg\",\"contentUrl\":\"https:\/\/agenciainfra.com\/blog\/wp-content\/uploads\/2023\/11\/ppsa-foto-divulgacao.jpg\",\"width\":1202,\"height\":801,\"caption\":\"Foto: Divulga\u00e7\u00e3o\/PPSA\"},{\"@type\":\"BreadcrumbList\",\"@id\":\"https:\/\/agenciainfra.com\/blog\/tcu-recomenda-mudancas-e-robustecimento-da-pre-sal-petroleo-s-a\/#breadcrumb\",\"itemListElement\":[{\"@type\":\"ListItem\",\"position\":1,\"name\":\"In\u00edcio\",\"item\":\"https:\/\/agenciainfra.com\/blog\/\"},{\"@type\":\"ListItem\",\"position\":2,\"name\":\"TCU recomenda mudan\u00e7as e robustecimento da Pr\u00e9-Sal Petr\u00f3leo S.A.\"}]},{\"@type\":\"WebSite\",\"@id\":\"https:\/\/agenciainfra.com\/blog\/#website\",\"url\":\"https:\/\/agenciainfra.com\/blog\/\",\"name\":\"Ag\u00eancia iNFRA\",\"description\":\"Multiplataforma de informa\u00e7\u00e3o jornal\u00edstica refer\u00eancia na \u00e1rea de infraestrutura no Brasil!\",\"publisher\":{\"@id\":\"https:\/\/agenciainfra.com\/blog\/#organization\"},\"potentialAction\":[{\"@type\":\"SearchAction\",\"target\":{\"@type\":\"EntryPoint\",\"urlTemplate\":\"https:\/\/agenciainfra.com\/blog\/?s={search_term_string}\"},\"query-input\":{\"@type\":\"PropertyValueSpecification\",\"valueRequired\":true,\"valueName\":\"search_term_string\"}}],\"inLanguage\":\"pt-BR\"},{\"@type\":\"Organization\",\"@id\":\"https:\/\/agenciainfra.com\/blog\/#organization\",\"name\":\"Ag\u00eancia iNFRA\",\"url\":\"https:\/\/agenciainfra.com\/blog\/\",\"logo\":{\"@type\":\"ImageObject\",\"inLanguage\":\"pt-BR\",\"@id\":\"https:\/\/agenciainfra.com\/blog\/#\/schema\/logo\/image\/\",\"url\":\"https:\/\/agenciainfra.com\/blog\/wp-content\/uploads\/2023\/09\/iNFRA_5-e1761735885940.png\",\"contentUrl\":\"https:\/\/agenciainfra.com\/blog\/wp-content\/uploads\/2023\/09\/iNFRA_5-e1761735885940.png\",\"width\":1672,\"height\":454,\"caption\":\"Ag\u00eancia iNFRA\"},\"image\":{\"@id\":\"https:\/\/agenciainfra.com\/blog\/#\/schema\/logo\/image\/\"},\"sameAs\":[\"https:\/\/www.facebook.com\/ageninfra\",\"https:\/\/x.com\/agencia_infra\",\"https:\/\/www.linkedin.com\/company\/ag\u00eanciainfra\/\",\"https:\/\/www.instagram.com\/agenciainfra\/\"]},{\"@type\":\"Person\",\"@id\":\"https:\/\/agenciainfra.com\/blog\/#\/schema\/person\/34af08dff6adea4cb22b06612ba7acfa\",\"name\":\"Ag\u00eancia iNFRA\",\"image\":{\"@type\":\"ImageObject\",\"inLanguage\":\"pt-BR\",\"@id\":\"https:\/\/agenciainfra.com\/blog\/#\/schema\/person\/image\/\",\"url\":\"https:\/\/secure.gravatar.com\/avatar\/d189e01678f06d8eb84d4e01f08eb848b3fffe3f8443818d3c356c66892f5be8?s=96&d=mm&r=g\",\"contentUrl\":\"https:\/\/secure.gravatar.com\/avatar\/d189e01678f06d8eb84d4e01f08eb848b3fffe3f8443818d3c356c66892f5be8?s=96&d=mm&r=g\",\"caption\":\"Ag\u00eancia iNFRA\"},\"url\":\"https:\/\/agenciainfra.com\/blog\/author\/admin\/\"}]}<\/script>\n<!-- \/ Yoast SEO Premium plugin. -->","yoast_head_json":{"title":"TCU recomenda mudan\u00e7as e robustecimento da Pr\u00e9-Sal Petr\u00f3leo S.A. - Ag\u00eancia iNFRA","robots":{"index":"index","follow":"follow","max-snippet":"max-snippet:-1","max-image-preview":"max-image-preview:large","max-video-preview":"max-video-preview:-1"},"canonical":"https:\/\/agenciainfra.com\/blog\/tcu-recomenda-mudancas-e-robustecimento-da-pre-sal-petroleo-s-a\/","og_locale":"pt_BR","og_type":"article","og_title":"TCU recomenda mudan\u00e7as e robustecimento da Pr\u00e9-Sal Petr\u00f3leo S.A.","og_description":"Gabriel Vasconcelos, da Ag\u00eancia iNFRA O TCU (Tribunal de Contas da Uni\u00e3o) recomendou nesta quarta-feira (25) uma s\u00e9rie de mudan\u00e7as internas na PPSA (Pr\u00e9-Sal Petr\u00f3leo S.A.) e no seu tratamento por \u00f3rg\u00e3os de governo com o objetivo de eliminar riscos e permitir atua\u00e7\u00e3o adequada da estatal em momento de aumento significativo da arrecada\u00e7\u00e3o relativa aos [&hellip;]","og_url":"https:\/\/agenciainfra.com\/blog\/tcu-recomenda-mudancas-e-robustecimento-da-pre-sal-petroleo-s-a\/","og_site_name":"Ag\u00eancia iNFRA","article_publisher":"https:\/\/www.facebook.com\/ageninfra","article_published_time":"2025-09-25T14:00:00+00:00","article_modified_time":"2025-09-26T12:03:57+00:00","og_image":[{"width":1202,"height":801,"url":"https:\/\/agenciainfra.com\/blog\/wp-content\/uploads\/2023\/11\/ppsa-foto-divulgacao.jpg","type":"image\/jpeg"}],"author":"Ag\u00eancia iNFRA","twitter_card":"summary_large_image","twitter_creator":"@agencia_infra","twitter_site":"@agencia_infra","twitter_misc":{"Escrito por":"Ag\u00eancia iNFRA","Est. tempo de leitura":"3 minutos"},"schema":{"@context":"https:\/\/schema.org","@graph":[{"@type":"Article","@id":"https:\/\/agenciainfra.com\/blog\/tcu-recomenda-mudancas-e-robustecimento-da-pre-sal-petroleo-s-a\/#article","isPartOf":{"@id":"https:\/\/agenciainfra.com\/blog\/tcu-recomenda-mudancas-e-robustecimento-da-pre-sal-petroleo-s-a\/"},"author":{"name":"Ag\u00eancia iNFRA","@id":"https:\/\/agenciainfra.com\/blog\/#\/schema\/person\/34af08dff6adea4cb22b06612ba7acfa"},"headline":"TCU recomenda mudan\u00e7as e robustecimento da Pr\u00e9-Sal Petr\u00f3leo S.A.","datePublished":"2025-09-25T14:00:00+00:00","dateModified":"2025-09-26T12:03:57+00:00","mainEntityOfPage":{"@id":"https:\/\/agenciainfra.com\/blog\/tcu-recomenda-mudancas-e-robustecimento-da-pre-sal-petroleo-s-a\/"},"wordCount":598,"publisher":{"@id":"https:\/\/agenciainfra.com\/blog\/#organization"},"image":{"@id":"https:\/\/agenciainfra.com\/blog\/tcu-recomenda-mudancas-e-robustecimento-da-pre-sal-petroleo-s-a\/#primaryimage"},"thumbnailUrl":"https:\/\/agenciainfra.com\/blog\/wp-content\/uploads\/2023\/11\/ppsa-foto-divulgacao.jpg","keywords":["arrecada\u00e7\u00e3o","arrecada\u00e7\u00e3o ppsa","Gabriel Vasconcelos","ministro augusto nardes","\u00f3leo e g\u00e1s","petr\u00f3leo","PPSA","pr\u00e9-sal","royalties de petr\u00f3leo","TCU"],"articleSection":["Destaque lista","Geral","\u00d3leo &amp; G\u00e1s"],"inLanguage":"pt-BR","copyrightYear":"2025","copyrightHolder":{"@id":"https:\/\/agenciainfra.com\/blog\/#organization"}},{"@type":"WebPage","@id":"https:\/\/agenciainfra.com\/blog\/tcu-recomenda-mudancas-e-robustecimento-da-pre-sal-petroleo-s-a\/","url":"https:\/\/agenciainfra.com\/blog\/tcu-recomenda-mudancas-e-robustecimento-da-pre-sal-petroleo-s-a\/","name":"TCU recomenda mudan\u00e7as e robustecimento da Pr\u00e9-Sal Petr\u00f3leo S.A. - Ag\u00eancia iNFRA","isPartOf":{"@id":"https:\/\/agenciainfra.com\/blog\/#website"},"primaryImageOfPage":{"@id":"https:\/\/agenciainfra.com\/blog\/tcu-recomenda-mudancas-e-robustecimento-da-pre-sal-petroleo-s-a\/#primaryimage"},"image":{"@id":"https:\/\/agenciainfra.com\/blog\/tcu-recomenda-mudancas-e-robustecimento-da-pre-sal-petroleo-s-a\/#primaryimage"},"thumbnailUrl":"https:\/\/agenciainfra.com\/blog\/wp-content\/uploads\/2023\/11\/ppsa-foto-divulgacao.jpg","datePublished":"2025-09-25T14:00:00+00:00","dateModified":"2025-09-26T12:03:57+00:00","breadcrumb":{"@id":"https:\/\/agenciainfra.com\/blog\/tcu-recomenda-mudancas-e-robustecimento-da-pre-sal-petroleo-s-a\/#breadcrumb"},"inLanguage":"pt-BR","potentialAction":[{"@type":"ReadAction","target":["https:\/\/agenciainfra.com\/blog\/tcu-recomenda-mudancas-e-robustecimento-da-pre-sal-petroleo-s-a\/"]}]},{"@type":"ImageObject","inLanguage":"pt-BR","@id":"https:\/\/agenciainfra.com\/blog\/tcu-recomenda-mudancas-e-robustecimento-da-pre-sal-petroleo-s-a\/#primaryimage","url":"https:\/\/agenciainfra.com\/blog\/wp-content\/uploads\/2023\/11\/ppsa-foto-divulgacao.jpg","contentUrl":"https:\/\/agenciainfra.com\/blog\/wp-content\/uploads\/2023\/11\/ppsa-foto-divulgacao.jpg","width":1202,"height":801,"caption":"Foto: Divulga\u00e7\u00e3o\/PPSA"},{"@type":"BreadcrumbList","@id":"https:\/\/agenciainfra.com\/blog\/tcu-recomenda-mudancas-e-robustecimento-da-pre-sal-petroleo-s-a\/#breadcrumb","itemListElement":[{"@type":"ListItem","position":1,"name":"In\u00edcio","item":"https:\/\/agenciainfra.com\/blog\/"},{"@type":"ListItem","position":2,"name":"TCU recomenda mudan\u00e7as e robustecimento da Pr\u00e9-Sal Petr\u00f3leo S.A."}]},{"@type":"WebSite","@id":"https:\/\/agenciainfra.com\/blog\/#website","url":"https:\/\/agenciainfra.com\/blog\/","name":"Ag\u00eancia iNFRA","description":"Multiplataforma de informa\u00e7\u00e3o jornal\u00edstica refer\u00eancia na \u00e1rea de infraestrutura no Brasil!","publisher":{"@id":"https:\/\/agenciainfra.com\/blog\/#organization"},"potentialAction":[{"@type":"SearchAction","target":{"@type":"EntryPoint","urlTemplate":"https:\/\/agenciainfra.com\/blog\/?s={search_term_string}"},"query-input":{"@type":"PropertyValueSpecification","valueRequired":true,"valueName":"search_term_string"}}],"inLanguage":"pt-BR"},{"@type":"Organization","@id":"https:\/\/agenciainfra.com\/blog\/#organization","name":"Ag\u00eancia iNFRA","url":"https:\/\/agenciainfra.com\/blog\/","logo":{"@type":"ImageObject","inLanguage":"pt-BR","@id":"https:\/\/agenciainfra.com\/blog\/#\/schema\/logo\/image\/","url":"https:\/\/agenciainfra.com\/blog\/wp-content\/uploads\/2023\/09\/iNFRA_5-e1761735885940.png","contentUrl":"https:\/\/agenciainfra.com\/blog\/wp-content\/uploads\/2023\/09\/iNFRA_5-e1761735885940.png","width":1672,"height":454,"caption":"Ag\u00eancia iNFRA"},"image":{"@id":"https:\/\/agenciainfra.com\/blog\/#\/schema\/logo\/image\/"},"sameAs":["https:\/\/www.facebook.com\/ageninfra","https:\/\/x.com\/agencia_infra","https:\/\/www.linkedin.com\/company\/ag\u00eanciainfra\/","https:\/\/www.instagram.com\/agenciainfra\/"]},{"@type":"Person","@id":"https:\/\/agenciainfra.com\/blog\/#\/schema\/person\/34af08dff6adea4cb22b06612ba7acfa","name":"Ag\u00eancia iNFRA","image":{"@type":"ImageObject","inLanguage":"pt-BR","@id":"https:\/\/agenciainfra.com\/blog\/#\/schema\/person\/image\/","url":"https:\/\/secure.gravatar.com\/avatar\/d189e01678f06d8eb84d4e01f08eb848b3fffe3f8443818d3c356c66892f5be8?s=96&d=mm&r=g","contentUrl":"https:\/\/secure.gravatar.com\/avatar\/d189e01678f06d8eb84d4e01f08eb848b3fffe3f8443818d3c356c66892f5be8?s=96&d=mm&r=g","caption":"Ag\u00eancia iNFRA"},"url":"https:\/\/agenciainfra.com\/blog\/author\/admin\/"}]}},"_links":{"self":[{"href":"https:\/\/agenciainfra.com\/blog\/wp-json\/wp\/v2\/posts\/28645","targetHints":{"allow":["GET"]}}],"collection":[{"href":"https:\/\/agenciainfra.com\/blog\/wp-json\/wp\/v2\/posts"}],"about":[{"href":"https:\/\/agenciainfra.com\/blog\/wp-json\/wp\/v2\/types\/post"}],"author":[{"embeddable":true,"href":"https:\/\/agenciainfra.com\/blog\/wp-json\/wp\/v2\/users\/1"}],"replies":[{"embeddable":true,"href":"https:\/\/agenciainfra.com\/blog\/wp-json\/wp\/v2\/comments?post=28645"}],"version-history":[{"count":4,"href":"https:\/\/agenciainfra.com\/blog\/wp-json\/wp\/v2\/posts\/28645\/revisions"}],"predecessor-version":[{"id":28701,"href":"https:\/\/agenciainfra.com\/blog\/wp-json\/wp\/v2\/posts\/28645\/revisions\/28701"}],"wp:featuredmedia":[{"embeddable":true,"href":"https:\/\/agenciainfra.com\/blog\/wp-json\/wp\/v2\/media\/14604"}],"wp:attachment":[{"href":"https:\/\/agenciainfra.com\/blog\/wp-json\/wp\/v2\/media?parent=28645"}],"wp:term":[{"taxonomy":"category","embeddable":true,"href":"https:\/\/agenciainfra.com\/blog\/wp-json\/wp\/v2\/categories?post=28645"},{"taxonomy":"post_tag","embeddable":true,"href":"https:\/\/agenciainfra.com\/blog\/wp-json\/wp\/v2\/tags?post=28645"}],"curies":[{"name":"wp","href":"https:\/\/api.w.org\/{rel}","templated":true}]}}