{"id":2868,"date":"2019-02-11T04:00:42","date_gmt":"2019-02-11T07:00:42","guid":{"rendered":"http:\/\/www.agenciainfra.com\/blog\/?p=2868"},"modified":"2019-02-07T08:18:04","modified_gmt":"2019-02-07T11:18:04","slug":"governo-do-parana-cria-programa-de-parcerias-no-modelo-do-ppi","status":"publish","type":"post","link":"https:\/\/agenciainfra.com\/blog\/governo-do-parana-cria-programa-de-parcerias-no-modelo-do-ppi\/","title":{"rendered":"Governo do Paran\u00e1 cria programa de parcerias no modelo do PPI"},"content":{"rendered":"<h5 style=\"text-align: right;\"><strong>da Ag\u00eancia iNFRA<\/strong><\/h5>\n<div>\n<p>O governador do Paran\u00e1, Ratinho J\u00fanior, sancionou lei aprovada pelo legislativo criando o PAR (Programa de Parcerias do Paran\u00e1), seguindo o modelo do PPI (Programa de Parecerias de Investimentos) implantado pelo governo federal em 2016.<\/p>\n<p>O PAR segue as mesmas diretrizes do PPI, inclusive com a cria\u00e7\u00e3o de um Conselho presidido pelo governador que vai dar as diretrizes sobre os projetos que v\u00e3o ser concedidos, a cria\u00e7\u00e3o de um fundo para apoiar munic\u00edpios na elabora\u00e7\u00e3o de projetos e a consulta pr\u00e9via do Tribunal de Contas para a concess\u00e3o dos projetos.<\/p>\n<p>Mas o PAR tem avan\u00e7os em rela\u00e7\u00e3o \u00e0 pr\u00f3pria legisla\u00e7\u00e3o do PPI Federal, de acordo com o advogado Fernando Vernalha Guimar\u00e3es, que auxiliou o governo paranaense na elabora\u00e7\u00e3o da proposta enviada ao legislativo.<\/p>\n<p>Segundo Guimar\u00e3es, a lei buscou incorporar dispositivos que levem mais seguran\u00e7a jur\u00eddica aos contratos, mas que ainda n\u00e3o constam de leis federais. Ele cita, por exemplo, artigos que disciplinam os reequil\u00edbrios dos contratos, a verifica\u00e7\u00e3o independente e a proibi\u00e7\u00e3o do governo de atrasar repasses em mais de 45 dias.<\/p>\n<p>&#8220;Quisemos positivar as experi\u00eancias que ocorreram ao longo dos anos e se mostraram positivas. Talvez tenhamos que enfrentar algumas argui\u00e7\u00f5es de inconstitucionalidade, mas acho necess\u00e1rio enfrentar&#8221;, disse Vernalha Guimar\u00e3es.<\/p>\n<\/div>\n","protected":false},"excerpt":{"rendered":"<p>da Ag\u00eancia iNFRA O governador do Paran\u00e1, Ratinho J\u00fanior, sancionou lei aprovada pelo legislativo criando o PAR (Programa de Parcerias do Paran\u00e1), seguindo o modelo do PPI (Programa de Parecerias de Investimentos) implantado pelo governo federal em 2016. O PAR segue as mesmas diretrizes do PPI, inclusive com a cria\u00e7\u00e3o de um Conselho presidido pelo [&hellip;]<\/p>\n","protected":false},"author":9,"featured_media":2873,"comment_status":"closed","ping_status":"open","sticky":false,"template":"","format":"standard","meta":{"_monsterinsights_skip_tracking":false,"_monsterinsights_sitenote_active":false,"_monsterinsights_sitenote_note":"","_monsterinsights_sitenote_category":0,"footnotes":""},"categories":[7],"tags":[36,418,797,796],"class_list":["post-2868","post","type-post","status-publish","format-standard","has-post-thumbnail","hentry","category-infratransporte","tag-ppi","tag-privatizacoes","tag-programa-de-parcerias-do-parana","tag-ratinho-junior"],"yoast_head":"<!-- This site is optimized with the Yoast SEO Premium plugin v25.4 (Yoast SEO v26.0) - https:\/\/yoast.com\/wordpress\/plugins\/seo\/ -->\n<title>Governo do Paran\u00e1 cria programa de parcerias no modelo do PPI - Ag\u00eancia iNFRA<\/title>\n<meta name=\"robots\" content=\"index, follow, max-snippet:-1, max-image-preview:large, max-video-preview:-1\" \/>\n<link rel=\"canonical\" href=\"https:\/\/agenciainfra.com\/blog\/governo-do-parana-cria-programa-de-parcerias-no-modelo-do-ppi\/\" \/>\n<meta property=\"og:locale\" content=\"pt_BR\" \/>\n<meta property=\"og:type\" content=\"article\" \/>\n<meta property=\"og:title\" content=\"Governo do Paran\u00e1 cria programa de parcerias no modelo do PPI\" \/>\n<meta property=\"og:description\" content=\"da Ag\u00eancia iNFRA O governador do Paran\u00e1, Ratinho J\u00fanior, sancionou lei aprovada pelo legislativo criando o PAR (Programa de Parcerias do Paran\u00e1), seguindo o modelo do PPI (Programa de Parecerias de Investimentos) implantado pelo governo federal em 2016. O PAR segue as mesmas diretrizes do PPI, inclusive com a cria\u00e7\u00e3o de um Conselho presidido pelo [&hellip;]\" \/>\n<meta property=\"og:url\" content=\"https:\/\/agenciainfra.com\/blog\/governo-do-parana-cria-programa-de-parcerias-no-modelo-do-ppi\/\" \/>\n<meta property=\"og:site_name\" content=\"Ag\u00eancia iNFRA\" \/>\n<meta property=\"article:publisher\" content=\"https:\/\/www.facebook.com\/ageninfra\" \/>\n<meta property=\"article:published_time\" content=\"2019-02-11T07:00:42+00:00\" \/>\n<meta property=\"og:image\" content=\"https:\/\/agenciainfra.com\/blog\/wp-content\/uploads\/2019\/02\/ratinho-junior-foto-rodrigo-felix-leal-aen-pr.jpg\" \/>\n\t<meta property=\"og:image:width\" content=\"890\" \/>\n\t<meta property=\"og:image:height\" content=\"593\" \/>\n\t<meta property=\"og:image:type\" content=\"image\/jpeg\" \/>\n<meta name=\"author\" content=\"Rodrigo Zuquim\" \/>\n<meta name=\"twitter:card\" content=\"summary_large_image\" \/>\n<meta name=\"twitter:creator\" content=\"@agencia_infra\" \/>\n<meta name=\"twitter:site\" content=\"@agencia_infra\" \/>\n<meta name=\"twitter:label1\" content=\"Escrito por\" \/>\n\t<meta name=\"twitter:data1\" content=\"Rodrigo Zuquim\" \/>\n\t<meta name=\"twitter:label2\" content=\"Est. tempo de leitura\" \/>\n\t<meta name=\"twitter:data2\" content=\"1 minuto\" \/>\n<script type=\"application\/ld+json\" class=\"yoast-schema-graph\">{\"@context\":\"https:\/\/schema.org\",\"@graph\":[{\"@type\":\"Article\",\"@id\":\"https:\/\/agenciainfra.com\/blog\/governo-do-parana-cria-programa-de-parcerias-no-modelo-do-ppi\/#article\",\"isPartOf\":{\"@id\":\"https:\/\/agenciainfra.com\/blog\/governo-do-parana-cria-programa-de-parcerias-no-modelo-do-ppi\/\"},\"author\":{\"name\":\"Rodrigo Zuquim\",\"@id\":\"https:\/\/agenciainfra.com\/blog\/#\/schema\/person\/04dbb79bd6d8951f063da71f3e4c1eb1\"},\"headline\":\"Governo do Paran\u00e1 cria programa de parcerias no modelo do PPI\",\"datePublished\":\"2019-02-11T07:00:42+00:00\",\"mainEntityOfPage\":{\"@id\":\"https:\/\/agenciainfra.com\/blog\/governo-do-parana-cria-programa-de-parcerias-no-modelo-do-ppi\/\"},\"wordCount\":238,\"publisher\":{\"@id\":\"https:\/\/agenciainfra.com\/blog\/#organization\"},\"image\":{\"@id\":\"https:\/\/agenciainfra.com\/blog\/governo-do-parana-cria-programa-de-parcerias-no-modelo-do-ppi\/#primaryimage\"},\"thumbnailUrl\":\"https:\/\/agenciainfra.com\/blog\/wp-content\/uploads\/2019\/02\/ratinho-junior-foto-rodrigo-felix-leal-aen-pr.jpg\",\"keywords\":[\"PPI\",\"privatiza\u00e7\u00f5es\",\"Programa de Parcerias do Paran\u00e1\",\"Ratinho J\u00fanior\"],\"articleSection\":[\"iNFRATransporte\"],\"inLanguage\":\"pt-BR\",\"copyrightYear\":\"2019\",\"copyrightHolder\":{\"@id\":\"https:\/\/agenciainfra.com\/blog\/#organization\"}},{\"@type\":\"WebPage\",\"@id\":\"https:\/\/agenciainfra.com\/blog\/governo-do-parana-cria-programa-de-parcerias-no-modelo-do-ppi\/\",\"url\":\"https:\/\/agenciainfra.com\/blog\/governo-do-parana-cria-programa-de-parcerias-no-modelo-do-ppi\/\",\"name\":\"Governo do Paran\u00e1 cria programa de parcerias no modelo do PPI - Ag\u00eancia iNFRA\",\"isPartOf\":{\"@id\":\"https:\/\/agenciainfra.com\/blog\/#website\"},\"primaryImageOfPage\":{\"@id\":\"https:\/\/agenciainfra.com\/blog\/governo-do-parana-cria-programa-de-parcerias-no-modelo-do-ppi\/#primaryimage\"},\"image\":{\"@id\":\"https:\/\/agenciainfra.com\/blog\/governo-do-parana-cria-programa-de-parcerias-no-modelo-do-ppi\/#primaryimage\"},\"thumbnailUrl\":\"https:\/\/agenciainfra.com\/blog\/wp-content\/uploads\/2019\/02\/ratinho-junior-foto-rodrigo-felix-leal-aen-pr.jpg\",\"datePublished\":\"2019-02-11T07:00:42+00:00\",\"breadcrumb\":{\"@id\":\"https:\/\/agenciainfra.com\/blog\/governo-do-parana-cria-programa-de-parcerias-no-modelo-do-ppi\/#breadcrumb\"},\"inLanguage\":\"pt-BR\",\"potentialAction\":[{\"@type\":\"ReadAction\",\"target\":[\"https:\/\/agenciainfra.com\/blog\/governo-do-parana-cria-programa-de-parcerias-no-modelo-do-ppi\/\"]}]},{\"@type\":\"ImageObject\",\"inLanguage\":\"pt-BR\",\"@id\":\"https:\/\/agenciainfra.com\/blog\/governo-do-parana-cria-programa-de-parcerias-no-modelo-do-ppi\/#primaryimage\",\"url\":\"https:\/\/agenciainfra.com\/blog\/wp-content\/uploads\/2019\/02\/ratinho-junior-foto-rodrigo-felix-leal-aen-pr.jpg\",\"contentUrl\":\"https:\/\/agenciainfra.com\/blog\/wp-content\/uploads\/2019\/02\/ratinho-junior-foto-rodrigo-felix-leal-aen-pr.jpg\",\"width\":890,\"height\":593},{\"@type\":\"BreadcrumbList\",\"@id\":\"https:\/\/agenciainfra.com\/blog\/governo-do-parana-cria-programa-de-parcerias-no-modelo-do-ppi\/#breadcrumb\",\"itemListElement\":[{\"@type\":\"ListItem\",\"position\":1,\"name\":\"In\u00edcio\",\"item\":\"https:\/\/agenciainfra.com\/blog\/\"},{\"@type\":\"ListItem\",\"position\":2,\"name\":\"Governo do Paran\u00e1 cria programa de parcerias no modelo do PPI\"}]},{\"@type\":\"WebSite\",\"@id\":\"https:\/\/agenciainfra.com\/blog\/#website\",\"url\":\"https:\/\/agenciainfra.com\/blog\/\",\"name\":\"Ag\u00eancia iNFRA\",\"description\":\"Multiplataforma de informa\u00e7\u00e3o jornal\u00edstica refer\u00eancia na \u00e1rea de infraestrutura no Brasil!\",\"publisher\":{\"@id\":\"https:\/\/agenciainfra.com\/blog\/#organization\"},\"potentialAction\":[{\"@type\":\"SearchAction\",\"target\":{\"@type\":\"EntryPoint\",\"urlTemplate\":\"https:\/\/agenciainfra.com\/blog\/?s={search_term_string}\"},\"query-input\":{\"@type\":\"PropertyValueSpecification\",\"valueRequired\":true,\"valueName\":\"search_term_string\"}}],\"inLanguage\":\"pt-BR\"},{\"@type\":\"Organization\",\"@id\":\"https:\/\/agenciainfra.com\/blog\/#organization\",\"name\":\"Ag\u00eancia iNFRA\",\"url\":\"https:\/\/agenciainfra.com\/blog\/\",\"logo\":{\"@type\":\"ImageObject\",\"inLanguage\":\"pt-BR\",\"@id\":\"https:\/\/agenciainfra.com\/blog\/#\/schema\/logo\/image\/\",\"url\":\"https:\/\/agenciainfra.com\/blog\/wp-content\/uploads\/2023\/09\/iNFRA_5-e1761735885940.png\",\"contentUrl\":\"https:\/\/agenciainfra.com\/blog\/wp-content\/uploads\/2023\/09\/iNFRA_5-e1761735885940.png\",\"width\":1672,\"height\":454,\"caption\":\"Ag\u00eancia iNFRA\"},\"image\":{\"@id\":\"https:\/\/agenciainfra.com\/blog\/#\/schema\/logo\/image\/\"},\"sameAs\":[\"https:\/\/www.facebook.com\/ageninfra\",\"https:\/\/x.com\/agencia_infra\",\"https:\/\/www.linkedin.com\/company\/ag\u00eanciainfra\/\",\"https:\/\/www.instagram.com\/agenciainfra\/\"]},{\"@type\":\"Person\",\"@id\":\"https:\/\/agenciainfra.com\/blog\/#\/schema\/person\/04dbb79bd6d8951f063da71f3e4c1eb1\",\"name\":\"Rodrigo Zuquim\",\"image\":{\"@type\":\"ImageObject\",\"inLanguage\":\"pt-BR\",\"@id\":\"https:\/\/agenciainfra.com\/blog\/#\/schema\/person\/image\/\",\"url\":\"https:\/\/secure.gravatar.com\/avatar\/594abfe82761d620726242ff34ca472a705a4b97f16c790053a6b4c4035274d0?s=96&d=mm&r=g\",\"contentUrl\":\"https:\/\/secure.gravatar.com\/avatar\/594abfe82761d620726242ff34ca472a705a4b97f16c790053a6b4c4035274d0?s=96&d=mm&r=g\",\"caption\":\"Rodrigo Zuquim\"},\"url\":\"https:\/\/agenciainfra.com\/blog\/author\/rodrigo-zuquim\/\"}]}<\/script>\n<!-- \/ Yoast SEO Premium plugin. -->","yoast_head_json":{"title":"Governo do Paran\u00e1 cria programa de parcerias no modelo do PPI - Ag\u00eancia iNFRA","robots":{"index":"index","follow":"follow","max-snippet":"max-snippet:-1","max-image-preview":"max-image-preview:large","max-video-preview":"max-video-preview:-1"},"canonical":"https:\/\/agenciainfra.com\/blog\/governo-do-parana-cria-programa-de-parcerias-no-modelo-do-ppi\/","og_locale":"pt_BR","og_type":"article","og_title":"Governo do Paran\u00e1 cria programa de parcerias no modelo do PPI","og_description":"da Ag\u00eancia iNFRA O governador do Paran\u00e1, Ratinho J\u00fanior, sancionou lei aprovada pelo legislativo criando o PAR (Programa de Parcerias do Paran\u00e1), seguindo o modelo do PPI (Programa de Parecerias de Investimentos) implantado pelo governo federal em 2016. O PAR segue as mesmas diretrizes do PPI, inclusive com a cria\u00e7\u00e3o de um Conselho presidido pelo [&hellip;]","og_url":"https:\/\/agenciainfra.com\/blog\/governo-do-parana-cria-programa-de-parcerias-no-modelo-do-ppi\/","og_site_name":"Ag\u00eancia iNFRA","article_publisher":"https:\/\/www.facebook.com\/ageninfra","article_published_time":"2019-02-11T07:00:42+00:00","og_image":[{"width":890,"height":593,"url":"https:\/\/agenciainfra.com\/blog\/wp-content\/uploads\/2019\/02\/ratinho-junior-foto-rodrigo-felix-leal-aen-pr.jpg","type":"image\/jpeg"}],"author":"Rodrigo Zuquim","twitter_card":"summary_large_image","twitter_creator":"@agencia_infra","twitter_site":"@agencia_infra","twitter_misc":{"Escrito por":"Rodrigo Zuquim","Est. tempo de leitura":"1 minuto"},"schema":{"@context":"https:\/\/schema.org","@graph":[{"@type":"Article","@id":"https:\/\/agenciainfra.com\/blog\/governo-do-parana-cria-programa-de-parcerias-no-modelo-do-ppi\/#article","isPartOf":{"@id":"https:\/\/agenciainfra.com\/blog\/governo-do-parana-cria-programa-de-parcerias-no-modelo-do-ppi\/"},"author":{"name":"Rodrigo Zuquim","@id":"https:\/\/agenciainfra.com\/blog\/#\/schema\/person\/04dbb79bd6d8951f063da71f3e4c1eb1"},"headline":"Governo do Paran\u00e1 cria programa de parcerias no modelo do PPI","datePublished":"2019-02-11T07:00:42+00:00","mainEntityOfPage":{"@id":"https:\/\/agenciainfra.com\/blog\/governo-do-parana-cria-programa-de-parcerias-no-modelo-do-ppi\/"},"wordCount":238,"publisher":{"@id":"https:\/\/agenciainfra.com\/blog\/#organization"},"image":{"@id":"https:\/\/agenciainfra.com\/blog\/governo-do-parana-cria-programa-de-parcerias-no-modelo-do-ppi\/#primaryimage"},"thumbnailUrl":"https:\/\/agenciainfra.com\/blog\/wp-content\/uploads\/2019\/02\/ratinho-junior-foto-rodrigo-felix-leal-aen-pr.jpg","keywords":["PPI","privatiza\u00e7\u00f5es","Programa de Parcerias do Paran\u00e1","Ratinho J\u00fanior"],"articleSection":["iNFRATransporte"],"inLanguage":"pt-BR","copyrightYear":"2019","copyrightHolder":{"@id":"https:\/\/agenciainfra.com\/blog\/#organization"}},{"@type":"WebPage","@id":"https:\/\/agenciainfra.com\/blog\/governo-do-parana-cria-programa-de-parcerias-no-modelo-do-ppi\/","url":"https:\/\/agenciainfra.com\/blog\/governo-do-parana-cria-programa-de-parcerias-no-modelo-do-ppi\/","name":"Governo do Paran\u00e1 cria programa de parcerias no modelo do PPI - Ag\u00eancia iNFRA","isPartOf":{"@id":"https:\/\/agenciainfra.com\/blog\/#website"},"primaryImageOfPage":{"@id":"https:\/\/agenciainfra.com\/blog\/governo-do-parana-cria-programa-de-parcerias-no-modelo-do-ppi\/#primaryimage"},"image":{"@id":"https:\/\/agenciainfra.com\/blog\/governo-do-parana-cria-programa-de-parcerias-no-modelo-do-ppi\/#primaryimage"},"thumbnailUrl":"https:\/\/agenciainfra.com\/blog\/wp-content\/uploads\/2019\/02\/ratinho-junior-foto-rodrigo-felix-leal-aen-pr.jpg","datePublished":"2019-02-11T07:00:42+00:00","breadcrumb":{"@id":"https:\/\/agenciainfra.com\/blog\/governo-do-parana-cria-programa-de-parcerias-no-modelo-do-ppi\/#breadcrumb"},"inLanguage":"pt-BR","potentialAction":[{"@type":"ReadAction","target":["https:\/\/agenciainfra.com\/blog\/governo-do-parana-cria-programa-de-parcerias-no-modelo-do-ppi\/"]}]},{"@type":"ImageObject","inLanguage":"pt-BR","@id":"https:\/\/agenciainfra.com\/blog\/governo-do-parana-cria-programa-de-parcerias-no-modelo-do-ppi\/#primaryimage","url":"https:\/\/agenciainfra.com\/blog\/wp-content\/uploads\/2019\/02\/ratinho-junior-foto-rodrigo-felix-leal-aen-pr.jpg","contentUrl":"https:\/\/agenciainfra.com\/blog\/wp-content\/uploads\/2019\/02\/ratinho-junior-foto-rodrigo-felix-leal-aen-pr.jpg","width":890,"height":593},{"@type":"BreadcrumbList","@id":"https:\/\/agenciainfra.com\/blog\/governo-do-parana-cria-programa-de-parcerias-no-modelo-do-ppi\/#breadcrumb","itemListElement":[{"@type":"ListItem","position":1,"name":"In\u00edcio","item":"https:\/\/agenciainfra.com\/blog\/"},{"@type":"ListItem","position":2,"name":"Governo do Paran\u00e1 cria programa de parcerias no modelo do PPI"}]},{"@type":"WebSite","@id":"https:\/\/agenciainfra.com\/blog\/#website","url":"https:\/\/agenciainfra.com\/blog\/","name":"Ag\u00eancia iNFRA","description":"Multiplataforma de informa\u00e7\u00e3o jornal\u00edstica refer\u00eancia na \u00e1rea de infraestrutura no Brasil!","publisher":{"@id":"https:\/\/agenciainfra.com\/blog\/#organization"},"potentialAction":[{"@type":"SearchAction","target":{"@type":"EntryPoint","urlTemplate":"https:\/\/agenciainfra.com\/blog\/?s={search_term_string}"},"query-input":{"@type":"PropertyValueSpecification","valueRequired":true,"valueName":"search_term_string"}}],"inLanguage":"pt-BR"},{"@type":"Organization","@id":"https:\/\/agenciainfra.com\/blog\/#organization","name":"Ag\u00eancia iNFRA","url":"https:\/\/agenciainfra.com\/blog\/","logo":{"@type":"ImageObject","inLanguage":"pt-BR","@id":"https:\/\/agenciainfra.com\/blog\/#\/schema\/logo\/image\/","url":"https:\/\/agenciainfra.com\/blog\/wp-content\/uploads\/2023\/09\/iNFRA_5-e1761735885940.png","contentUrl":"https:\/\/agenciainfra.com\/blog\/wp-content\/uploads\/2023\/09\/iNFRA_5-e1761735885940.png","width":1672,"height":454,"caption":"Ag\u00eancia iNFRA"},"image":{"@id":"https:\/\/agenciainfra.com\/blog\/#\/schema\/logo\/image\/"},"sameAs":["https:\/\/www.facebook.com\/ageninfra","https:\/\/x.com\/agencia_infra","https:\/\/www.linkedin.com\/company\/ag\u00eanciainfra\/","https:\/\/www.instagram.com\/agenciainfra\/"]},{"@type":"Person","@id":"https:\/\/agenciainfra.com\/blog\/#\/schema\/person\/04dbb79bd6d8951f063da71f3e4c1eb1","name":"Rodrigo Zuquim","image":{"@type":"ImageObject","inLanguage":"pt-BR","@id":"https:\/\/agenciainfra.com\/blog\/#\/schema\/person\/image\/","url":"https:\/\/secure.gravatar.com\/avatar\/594abfe82761d620726242ff34ca472a705a4b97f16c790053a6b4c4035274d0?s=96&d=mm&r=g","contentUrl":"https:\/\/secure.gravatar.com\/avatar\/594abfe82761d620726242ff34ca472a705a4b97f16c790053a6b4c4035274d0?s=96&d=mm&r=g","caption":"Rodrigo Zuquim"},"url":"https:\/\/agenciainfra.com\/blog\/author\/rodrigo-zuquim\/"}]}},"_links":{"self":[{"href":"https:\/\/agenciainfra.com\/blog\/wp-json\/wp\/v2\/posts\/2868","targetHints":{"allow":["GET"]}}],"collection":[{"href":"https:\/\/agenciainfra.com\/blog\/wp-json\/wp\/v2\/posts"}],"about":[{"href":"https:\/\/agenciainfra.com\/blog\/wp-json\/wp\/v2\/types\/post"}],"author":[{"embeddable":true,"href":"https:\/\/agenciainfra.com\/blog\/wp-json\/wp\/v2\/users\/9"}],"replies":[{"embeddable":true,"href":"https:\/\/agenciainfra.com\/blog\/wp-json\/wp\/v2\/comments?post=2868"}],"version-history":[{"count":0,"href":"https:\/\/agenciainfra.com\/blog\/wp-json\/wp\/v2\/posts\/2868\/revisions"}],"wp:featuredmedia":[{"embeddable":true,"href":"https:\/\/agenciainfra.com\/blog\/wp-json\/wp\/v2\/media\/2873"}],"wp:attachment":[{"href":"https:\/\/agenciainfra.com\/blog\/wp-json\/wp\/v2\/media?parent=2868"}],"wp:term":[{"taxonomy":"category","embeddable":true,"href":"https:\/\/agenciainfra.com\/blog\/wp-json\/wp\/v2\/categories?post=2868"},{"taxonomy":"post_tag","embeddable":true,"href":"https:\/\/agenciainfra.com\/blog\/wp-json\/wp\/v2\/tags?post=2868"}],"curies":[{"name":"wp","href":"https:\/\/api.w.org\/{rel}","templated":true}]}}