{"id":28680,"date":"2025-09-25T13:34:08","date_gmt":"2025-09-25T16:34:08","guid":{"rendered":"https:\/\/agenciainfra.com\/blog\/?p=28680"},"modified":"2025-09-26T20:33:12","modified_gmt":"2025-09-26T23:33:12","slug":"gentil-nogueira-defende-revisao-de-norma-da-aneel-sobre-curtailment","status":"publish","type":"post","link":"https:\/\/agenciainfra.com\/blog\/gentil-nogueira-defende-revisao-de-norma-da-aneel-sobre-curtailment\/","title":{"rendered":"Gentil Nogueira defende revis\u00e3o de norma da ANEEL sobre curtailment"},"content":{"rendered":"\n<p class=\"has-text-align-right\"><strong>Marisa Wanzeller, da Ag\u00eancia iNFRA<\/strong><\/p>\n\n\n\n<p>O diretor da ANEEL (Ag\u00eancia Nacional de Energia El\u00e9trica) Gentil Nogueira afirmou nesta quinta-feira (25) que os efeitos dos cortes de gera\u00e7\u00e3o de energia \u2013 o \u201ccurtailment\u201d \u2013 podem ser tratados com revis\u00e3o de resolu\u00e7\u00e3o da ag\u00eancia sobre o tema.<\/p>\n\n\n\n<p>Para ele, o tema pode ser explorado via regula\u00e7\u00e3o e tratar tanto dos cortes de e\u00f3lica e solar, como de hidrel\u00e9tricas. O diretor falou durante o evento \u201c<a href=\"https:\/\/www.youtube.com\/live\/_XWtRtYgJtE\">O papel das hidrel\u00e9tricas na transi\u00e7\u00e3o energ\u00e9tica<\/a>\u201d, realizado pela <strong>Ag\u00eancia iNFRA<\/strong> na Casa ParlaMento, em Bras\u00edlia.<\/p>\n\n\n\n<p>O posicionamento foi refor\u00e7ado pelo diretor Fernando Mosna, que j\u00e1 havia defendido a revis\u00e3o da norma em reuni\u00e3o da diretoria da ANEEL.<\/p>\n\n\n\n<p>O encontro foi patrocinado por Governo do Brasil, Itaipu Binacional, Eletrobras e Copel, e contou com apoio da Abrage.<\/p>\n","protected":false},"excerpt":{"rendered":"<p>Marisa Wanzeller, da Ag\u00eancia iNFRA O diretor da ANEEL (Ag\u00eancia Nacional de Energia El\u00e9trica) Gentil Nogueira afirmou nesta quinta-feira (25) que os efeitos dos cortes de gera\u00e7\u00e3o de energia \u2013 o \u201ccurtailment\u201d \u2013 podem ser tratados com revis\u00e3o de resolu\u00e7\u00e3o da ag\u00eancia sobre o tema. Para ele, o tema pode ser explorado via regula\u00e7\u00e3o e [&hellip;]<\/p>\n","protected":false},"author":1,"featured_media":28711,"comment_status":"closed","ping_status":"closed","sticky":false,"template":"","format":"standard","meta":{"_monsterinsights_skip_tracking":false,"_monsterinsights_sitenote_active":false,"_monsterinsights_sitenote_note":"","_monsterinsights_sitenote_category":0,"footnotes":""},"categories":[7250,1,10],"tags":[53,13235,15629,11474,1275,7014,6781,635,7366],"class_list":["post-28680","post","type-post","status-publish","format-standard","has-post-thumbnail","hentry","category-destaque-lista","category-geral","category-infraenergia","tag-aneel","tag-casa-parlamento","tag-cortes-de-geracao-de-energia","tag-curtailment","tag-energia-eolica","tag-fernando-mosna","tag-gentil-nogueira","tag-hidreletricas","tag-marisa-wanzeller"],"yoast_head":"<!-- This site is optimized with the Yoast SEO Premium plugin v25.4 (Yoast SEO v26.0) - https:\/\/yoast.com\/wordpress\/plugins\/seo\/ -->\n<title>Gentil Nogueira defende revis\u00e3o de norma da ANEEL sobre curtailment - Ag\u00eancia iNFRA<\/title>\n<meta name=\"robots\" content=\"index, follow, max-snippet:-1, max-image-preview:large, max-video-preview:-1\" \/>\n<link rel=\"canonical\" href=\"https:\/\/agenciainfra.com\/blog\/gentil-nogueira-defende-revisao-de-norma-da-aneel-sobre-curtailment\/\" \/>\n<meta property=\"og:locale\" content=\"pt_BR\" \/>\n<meta property=\"og:type\" content=\"article\" \/>\n<meta property=\"og:title\" content=\"Gentil Nogueira defende revis\u00e3o de norma da ANEEL sobre curtailment\" \/>\n<meta property=\"og:description\" content=\"Marisa Wanzeller, da Ag\u00eancia iNFRA O diretor da ANEEL (Ag\u00eancia Nacional de Energia El\u00e9trica) Gentil Nogueira afirmou nesta quinta-feira (25) que os efeitos dos cortes de gera\u00e7\u00e3o de energia \u2013 o \u201ccurtailment\u201d \u2013 podem ser tratados com revis\u00e3o de resolu\u00e7\u00e3o da ag\u00eancia sobre o tema. Para ele, o tema pode ser explorado via regula\u00e7\u00e3o e [&hellip;]\" \/>\n<meta property=\"og:url\" content=\"https:\/\/agenciainfra.com\/blog\/gentil-nogueira-defende-revisao-de-norma-da-aneel-sobre-curtailment\/\" \/>\n<meta property=\"og:site_name\" content=\"Ag\u00eancia iNFRA\" \/>\n<meta property=\"article:publisher\" content=\"https:\/\/www.facebook.com\/ageninfra\" \/>\n<meta property=\"article:published_time\" content=\"2025-09-25T16:34:08+00:00\" \/>\n<meta property=\"article:modified_time\" content=\"2025-09-26T23:33:12+00:00\" \/>\n<meta property=\"og:image\" content=\"https:\/\/agenciainfra.com\/blog\/wp-content\/uploads\/2025\/09\/gentil-nogueira-aneel-foto-percio-campos-agencia-infra.jpeg\" \/>\n\t<meta property=\"og:image:width\" content=\"1280\" \/>\n\t<meta property=\"og:image:height\" content=\"854\" \/>\n\t<meta property=\"og:image:type\" content=\"image\/jpeg\" \/>\n<meta name=\"author\" content=\"Ag\u00eancia iNFRA\" \/>\n<meta name=\"twitter:card\" content=\"summary_large_image\" \/>\n<meta name=\"twitter:creator\" content=\"@agencia_infra\" \/>\n<meta name=\"twitter:site\" content=\"@agencia_infra\" \/>\n<meta name=\"twitter:label1\" content=\"Escrito por\" \/>\n\t<meta name=\"twitter:data1\" content=\"Ag\u00eancia iNFRA\" \/>\n\t<meta name=\"twitter:label2\" content=\"Est. tempo de leitura\" \/>\n\t<meta name=\"twitter:data2\" content=\"1 minuto\" \/>\n<script type=\"application\/ld+json\" class=\"yoast-schema-graph\">{\"@context\":\"https:\/\/schema.org\",\"@graph\":[{\"@type\":\"Article\",\"@id\":\"https:\/\/agenciainfra.com\/blog\/gentil-nogueira-defende-revisao-de-norma-da-aneel-sobre-curtailment\/#article\",\"isPartOf\":{\"@id\":\"https:\/\/agenciainfra.com\/blog\/gentil-nogueira-defende-revisao-de-norma-da-aneel-sobre-curtailment\/\"},\"author\":{\"name\":\"Ag\u00eancia iNFRA\",\"@id\":\"https:\/\/agenciainfra.com\/blog\/#\/schema\/person\/34af08dff6adea4cb22b06612ba7acfa\"},\"headline\":\"Gentil Nogueira defende revis\u00e3o de norma da ANEEL sobre curtailment\",\"datePublished\":\"2025-09-25T16:34:08+00:00\",\"dateModified\":\"2025-09-26T23:33:12+00:00\",\"mainEntityOfPage\":{\"@id\":\"https:\/\/agenciainfra.com\/blog\/gentil-nogueira-defende-revisao-de-norma-da-aneel-sobre-curtailment\/\"},\"wordCount\":155,\"publisher\":{\"@id\":\"https:\/\/agenciainfra.com\/blog\/#organization\"},\"image\":{\"@id\":\"https:\/\/agenciainfra.com\/blog\/gentil-nogueira-defende-revisao-de-norma-da-aneel-sobre-curtailment\/#primaryimage\"},\"thumbnailUrl\":\"https:\/\/agenciainfra.com\/blog\/wp-content\/uploads\/2025\/09\/gentil-nogueira-aneel-foto-percio-campos-agencia-infra.jpeg\",\"keywords\":[\"ANEEL\",\"casa parlamento\",\"cortes de gera\u00e7\u00e3o de energia\",\"curtailment\",\"energia e\u00f3lica\",\"Fernando Mosna\",\"Gentil Nogueira\",\"Hidrel\u00e9tricas\",\"Marisa Wanzeller\"],\"articleSection\":[\"Destaque lista\",\"Geral\",\"iNFRAEnergia\"],\"inLanguage\":\"pt-BR\",\"copyrightYear\":\"2025\",\"copyrightHolder\":{\"@id\":\"https:\/\/agenciainfra.com\/blog\/#organization\"}},{\"@type\":\"WebPage\",\"@id\":\"https:\/\/agenciainfra.com\/blog\/gentil-nogueira-defende-revisao-de-norma-da-aneel-sobre-curtailment\/\",\"url\":\"https:\/\/agenciainfra.com\/blog\/gentil-nogueira-defende-revisao-de-norma-da-aneel-sobre-curtailment\/\",\"name\":\"Gentil Nogueira defende revis\u00e3o de norma da ANEEL sobre curtailment - Ag\u00eancia iNFRA\",\"isPartOf\":{\"@id\":\"https:\/\/agenciainfra.com\/blog\/#website\"},\"primaryImageOfPage\":{\"@id\":\"https:\/\/agenciainfra.com\/blog\/gentil-nogueira-defende-revisao-de-norma-da-aneel-sobre-curtailment\/#primaryimage\"},\"image\":{\"@id\":\"https:\/\/agenciainfra.com\/blog\/gentil-nogueira-defende-revisao-de-norma-da-aneel-sobre-curtailment\/#primaryimage\"},\"thumbnailUrl\":\"https:\/\/agenciainfra.com\/blog\/wp-content\/uploads\/2025\/09\/gentil-nogueira-aneel-foto-percio-campos-agencia-infra.jpeg\",\"datePublished\":\"2025-09-25T16:34:08+00:00\",\"dateModified\":\"2025-09-26T23:33:12+00:00\",\"breadcrumb\":{\"@id\":\"https:\/\/agenciainfra.com\/blog\/gentil-nogueira-defende-revisao-de-norma-da-aneel-sobre-curtailment\/#breadcrumb\"},\"inLanguage\":\"pt-BR\",\"potentialAction\":[{\"@type\":\"ReadAction\",\"target\":[\"https:\/\/agenciainfra.com\/blog\/gentil-nogueira-defende-revisao-de-norma-da-aneel-sobre-curtailment\/\"]}]},{\"@type\":\"ImageObject\",\"inLanguage\":\"pt-BR\",\"@id\":\"https:\/\/agenciainfra.com\/blog\/gentil-nogueira-defende-revisao-de-norma-da-aneel-sobre-curtailment\/#primaryimage\",\"url\":\"https:\/\/agenciainfra.com\/blog\/wp-content\/uploads\/2025\/09\/gentil-nogueira-aneel-foto-percio-campos-agencia-infra.jpeg\",\"contentUrl\":\"https:\/\/agenciainfra.com\/blog\/wp-content\/uploads\/2025\/09\/gentil-nogueira-aneel-foto-percio-campos-agencia-infra.jpeg\",\"width\":1280,\"height\":854,\"caption\":\"Foto: Percio Campos\/Ag\u00eancia iNFRA\"},{\"@type\":\"BreadcrumbList\",\"@id\":\"https:\/\/agenciainfra.com\/blog\/gentil-nogueira-defende-revisao-de-norma-da-aneel-sobre-curtailment\/#breadcrumb\",\"itemListElement\":[{\"@type\":\"ListItem\",\"position\":1,\"name\":\"In\u00edcio\",\"item\":\"https:\/\/agenciainfra.com\/blog\/\"},{\"@type\":\"ListItem\",\"position\":2,\"name\":\"Gentil Nogueira defende revis\u00e3o de norma da ANEEL sobre curtailment\"}]},{\"@type\":\"WebSite\",\"@id\":\"https:\/\/agenciainfra.com\/blog\/#website\",\"url\":\"https:\/\/agenciainfra.com\/blog\/\",\"name\":\"Ag\u00eancia iNFRA\",\"description\":\"Multiplataforma de informa\u00e7\u00e3o jornal\u00edstica refer\u00eancia na \u00e1rea de infraestrutura no Brasil!\",\"publisher\":{\"@id\":\"https:\/\/agenciainfra.com\/blog\/#organization\"},\"potentialAction\":[{\"@type\":\"SearchAction\",\"target\":{\"@type\":\"EntryPoint\",\"urlTemplate\":\"https:\/\/agenciainfra.com\/blog\/?s={search_term_string}\"},\"query-input\":{\"@type\":\"PropertyValueSpecification\",\"valueRequired\":true,\"valueName\":\"search_term_string\"}}],\"inLanguage\":\"pt-BR\"},{\"@type\":\"Organization\",\"@id\":\"https:\/\/agenciainfra.com\/blog\/#organization\",\"name\":\"Ag\u00eancia iNFRA\",\"url\":\"https:\/\/agenciainfra.com\/blog\/\",\"logo\":{\"@type\":\"ImageObject\",\"inLanguage\":\"pt-BR\",\"@id\":\"https:\/\/agenciainfra.com\/blog\/#\/schema\/logo\/image\/\",\"url\":\"https:\/\/agenciainfra.com\/blog\/wp-content\/uploads\/2023\/09\/iNFRA_5-e1761735885940.png\",\"contentUrl\":\"https:\/\/agenciainfra.com\/blog\/wp-content\/uploads\/2023\/09\/iNFRA_5-e1761735885940.png\",\"width\":1672,\"height\":454,\"caption\":\"Ag\u00eancia iNFRA\"},\"image\":{\"@id\":\"https:\/\/agenciainfra.com\/blog\/#\/schema\/logo\/image\/\"},\"sameAs\":[\"https:\/\/www.facebook.com\/ageninfra\",\"https:\/\/x.com\/agencia_infra\",\"https:\/\/www.linkedin.com\/company\/ag\u00eanciainfra\/\",\"https:\/\/www.instagram.com\/agenciainfra\/\"]},{\"@type\":\"Person\",\"@id\":\"https:\/\/agenciainfra.com\/blog\/#\/schema\/person\/34af08dff6adea4cb22b06612ba7acfa\",\"name\":\"Ag\u00eancia iNFRA\",\"image\":{\"@type\":\"ImageObject\",\"inLanguage\":\"pt-BR\",\"@id\":\"https:\/\/agenciainfra.com\/blog\/#\/schema\/person\/image\/\",\"url\":\"https:\/\/secure.gravatar.com\/avatar\/d189e01678f06d8eb84d4e01f08eb848b3fffe3f8443818d3c356c66892f5be8?s=96&d=mm&r=g\",\"contentUrl\":\"https:\/\/secure.gravatar.com\/avatar\/d189e01678f06d8eb84d4e01f08eb848b3fffe3f8443818d3c356c66892f5be8?s=96&d=mm&r=g\",\"caption\":\"Ag\u00eancia iNFRA\"},\"url\":\"https:\/\/agenciainfra.com\/blog\/author\/admin\/\"}]}<\/script>\n<!-- \/ Yoast SEO Premium plugin. -->","yoast_head_json":{"title":"Gentil Nogueira defende revis\u00e3o de norma da ANEEL sobre curtailment - Ag\u00eancia iNFRA","robots":{"index":"index","follow":"follow","max-snippet":"max-snippet:-1","max-image-preview":"max-image-preview:large","max-video-preview":"max-video-preview:-1"},"canonical":"https:\/\/agenciainfra.com\/blog\/gentil-nogueira-defende-revisao-de-norma-da-aneel-sobre-curtailment\/","og_locale":"pt_BR","og_type":"article","og_title":"Gentil Nogueira defende revis\u00e3o de norma da ANEEL sobre curtailment","og_description":"Marisa Wanzeller, da Ag\u00eancia iNFRA O diretor da ANEEL (Ag\u00eancia Nacional de Energia El\u00e9trica) Gentil Nogueira afirmou nesta quinta-feira (25) que os efeitos dos cortes de gera\u00e7\u00e3o de energia \u2013 o \u201ccurtailment\u201d \u2013 podem ser tratados com revis\u00e3o de resolu\u00e7\u00e3o da ag\u00eancia sobre o tema. Para ele, o tema pode ser explorado via regula\u00e7\u00e3o e [&hellip;]","og_url":"https:\/\/agenciainfra.com\/blog\/gentil-nogueira-defende-revisao-de-norma-da-aneel-sobre-curtailment\/","og_site_name":"Ag\u00eancia iNFRA","article_publisher":"https:\/\/www.facebook.com\/ageninfra","article_published_time":"2025-09-25T16:34:08+00:00","article_modified_time":"2025-09-26T23:33:12+00:00","og_image":[{"width":1280,"height":854,"url":"https:\/\/agenciainfra.com\/blog\/wp-content\/uploads\/2025\/09\/gentil-nogueira-aneel-foto-percio-campos-agencia-infra.jpeg","type":"image\/jpeg"}],"author":"Ag\u00eancia iNFRA","twitter_card":"summary_large_image","twitter_creator":"@agencia_infra","twitter_site":"@agencia_infra","twitter_misc":{"Escrito por":"Ag\u00eancia iNFRA","Est. tempo de leitura":"1 minuto"},"schema":{"@context":"https:\/\/schema.org","@graph":[{"@type":"Article","@id":"https:\/\/agenciainfra.com\/blog\/gentil-nogueira-defende-revisao-de-norma-da-aneel-sobre-curtailment\/#article","isPartOf":{"@id":"https:\/\/agenciainfra.com\/blog\/gentil-nogueira-defende-revisao-de-norma-da-aneel-sobre-curtailment\/"},"author":{"name":"Ag\u00eancia iNFRA","@id":"https:\/\/agenciainfra.com\/blog\/#\/schema\/person\/34af08dff6adea4cb22b06612ba7acfa"},"headline":"Gentil Nogueira defende revis\u00e3o de norma da ANEEL sobre curtailment","datePublished":"2025-09-25T16:34:08+00:00","dateModified":"2025-09-26T23:33:12+00:00","mainEntityOfPage":{"@id":"https:\/\/agenciainfra.com\/blog\/gentil-nogueira-defende-revisao-de-norma-da-aneel-sobre-curtailment\/"},"wordCount":155,"publisher":{"@id":"https:\/\/agenciainfra.com\/blog\/#organization"},"image":{"@id":"https:\/\/agenciainfra.com\/blog\/gentil-nogueira-defende-revisao-de-norma-da-aneel-sobre-curtailment\/#primaryimage"},"thumbnailUrl":"https:\/\/agenciainfra.com\/blog\/wp-content\/uploads\/2025\/09\/gentil-nogueira-aneel-foto-percio-campos-agencia-infra.jpeg","keywords":["ANEEL","casa parlamento","cortes de gera\u00e7\u00e3o de energia","curtailment","energia e\u00f3lica","Fernando Mosna","Gentil Nogueira","Hidrel\u00e9tricas","Marisa Wanzeller"],"articleSection":["Destaque lista","Geral","iNFRAEnergia"],"inLanguage":"pt-BR","copyrightYear":"2025","copyrightHolder":{"@id":"https:\/\/agenciainfra.com\/blog\/#organization"}},{"@type":"WebPage","@id":"https:\/\/agenciainfra.com\/blog\/gentil-nogueira-defende-revisao-de-norma-da-aneel-sobre-curtailment\/","url":"https:\/\/agenciainfra.com\/blog\/gentil-nogueira-defende-revisao-de-norma-da-aneel-sobre-curtailment\/","name":"Gentil Nogueira defende revis\u00e3o de norma da ANEEL sobre curtailment - Ag\u00eancia iNFRA","isPartOf":{"@id":"https:\/\/agenciainfra.com\/blog\/#website"},"primaryImageOfPage":{"@id":"https:\/\/agenciainfra.com\/blog\/gentil-nogueira-defende-revisao-de-norma-da-aneel-sobre-curtailment\/#primaryimage"},"image":{"@id":"https:\/\/agenciainfra.com\/blog\/gentil-nogueira-defende-revisao-de-norma-da-aneel-sobre-curtailment\/#primaryimage"},"thumbnailUrl":"https:\/\/agenciainfra.com\/blog\/wp-content\/uploads\/2025\/09\/gentil-nogueira-aneel-foto-percio-campos-agencia-infra.jpeg","datePublished":"2025-09-25T16:34:08+00:00","dateModified":"2025-09-26T23:33:12+00:00","breadcrumb":{"@id":"https:\/\/agenciainfra.com\/blog\/gentil-nogueira-defende-revisao-de-norma-da-aneel-sobre-curtailment\/#breadcrumb"},"inLanguage":"pt-BR","potentialAction":[{"@type":"ReadAction","target":["https:\/\/agenciainfra.com\/blog\/gentil-nogueira-defende-revisao-de-norma-da-aneel-sobre-curtailment\/"]}]},{"@type":"ImageObject","inLanguage":"pt-BR","@id":"https:\/\/agenciainfra.com\/blog\/gentil-nogueira-defende-revisao-de-norma-da-aneel-sobre-curtailment\/#primaryimage","url":"https:\/\/agenciainfra.com\/blog\/wp-content\/uploads\/2025\/09\/gentil-nogueira-aneel-foto-percio-campos-agencia-infra.jpeg","contentUrl":"https:\/\/agenciainfra.com\/blog\/wp-content\/uploads\/2025\/09\/gentil-nogueira-aneel-foto-percio-campos-agencia-infra.jpeg","width":1280,"height":854,"caption":"Foto: Percio Campos\/Ag\u00eancia iNFRA"},{"@type":"BreadcrumbList","@id":"https:\/\/agenciainfra.com\/blog\/gentil-nogueira-defende-revisao-de-norma-da-aneel-sobre-curtailment\/#breadcrumb","itemListElement":[{"@type":"ListItem","position":1,"name":"In\u00edcio","item":"https:\/\/agenciainfra.com\/blog\/"},{"@type":"ListItem","position":2,"name":"Gentil Nogueira defende revis\u00e3o de norma da ANEEL sobre curtailment"}]},{"@type":"WebSite","@id":"https:\/\/agenciainfra.com\/blog\/#website","url":"https:\/\/agenciainfra.com\/blog\/","name":"Ag\u00eancia iNFRA","description":"Multiplataforma de informa\u00e7\u00e3o jornal\u00edstica refer\u00eancia na \u00e1rea de infraestrutura no Brasil!","publisher":{"@id":"https:\/\/agenciainfra.com\/blog\/#organization"},"potentialAction":[{"@type":"SearchAction","target":{"@type":"EntryPoint","urlTemplate":"https:\/\/agenciainfra.com\/blog\/?s={search_term_string}"},"query-input":{"@type":"PropertyValueSpecification","valueRequired":true,"valueName":"search_term_string"}}],"inLanguage":"pt-BR"},{"@type":"Organization","@id":"https:\/\/agenciainfra.com\/blog\/#organization","name":"Ag\u00eancia iNFRA","url":"https:\/\/agenciainfra.com\/blog\/","logo":{"@type":"ImageObject","inLanguage":"pt-BR","@id":"https:\/\/agenciainfra.com\/blog\/#\/schema\/logo\/image\/","url":"https:\/\/agenciainfra.com\/blog\/wp-content\/uploads\/2023\/09\/iNFRA_5-e1761735885940.png","contentUrl":"https:\/\/agenciainfra.com\/blog\/wp-content\/uploads\/2023\/09\/iNFRA_5-e1761735885940.png","width":1672,"height":454,"caption":"Ag\u00eancia iNFRA"},"image":{"@id":"https:\/\/agenciainfra.com\/blog\/#\/schema\/logo\/image\/"},"sameAs":["https:\/\/www.facebook.com\/ageninfra","https:\/\/x.com\/agencia_infra","https:\/\/www.linkedin.com\/company\/ag\u00eanciainfra\/","https:\/\/www.instagram.com\/agenciainfra\/"]},{"@type":"Person","@id":"https:\/\/agenciainfra.com\/blog\/#\/schema\/person\/34af08dff6adea4cb22b06612ba7acfa","name":"Ag\u00eancia iNFRA","image":{"@type":"ImageObject","inLanguage":"pt-BR","@id":"https:\/\/agenciainfra.com\/blog\/#\/schema\/person\/image\/","url":"https:\/\/secure.gravatar.com\/avatar\/d189e01678f06d8eb84d4e01f08eb848b3fffe3f8443818d3c356c66892f5be8?s=96&d=mm&r=g","contentUrl":"https:\/\/secure.gravatar.com\/avatar\/d189e01678f06d8eb84d4e01f08eb848b3fffe3f8443818d3c356c66892f5be8?s=96&d=mm&r=g","caption":"Ag\u00eancia iNFRA"},"url":"https:\/\/agenciainfra.com\/blog\/author\/admin\/"}]}},"_links":{"self":[{"href":"https:\/\/agenciainfra.com\/blog\/wp-json\/wp\/v2\/posts\/28680","targetHints":{"allow":["GET"]}}],"collection":[{"href":"https:\/\/agenciainfra.com\/blog\/wp-json\/wp\/v2\/posts"}],"about":[{"href":"https:\/\/agenciainfra.com\/blog\/wp-json\/wp\/v2\/types\/post"}],"author":[{"embeddable":true,"href":"https:\/\/agenciainfra.com\/blog\/wp-json\/wp\/v2\/users\/1"}],"replies":[{"embeddable":true,"href":"https:\/\/agenciainfra.com\/blog\/wp-json\/wp\/v2\/comments?post=28680"}],"version-history":[{"count":3,"href":"https:\/\/agenciainfra.com\/blog\/wp-json\/wp\/v2\/posts\/28680\/revisions"}],"predecessor-version":[{"id":28758,"href":"https:\/\/agenciainfra.com\/blog\/wp-json\/wp\/v2\/posts\/28680\/revisions\/28758"}],"wp:featuredmedia":[{"embeddable":true,"href":"https:\/\/agenciainfra.com\/blog\/wp-json\/wp\/v2\/media\/28711"}],"wp:attachment":[{"href":"https:\/\/agenciainfra.com\/blog\/wp-json\/wp\/v2\/media?parent=28680"}],"wp:term":[{"taxonomy":"category","embeddable":true,"href":"https:\/\/agenciainfra.com\/blog\/wp-json\/wp\/v2\/categories?post=28680"},{"taxonomy":"post_tag","embeddable":true,"href":"https:\/\/agenciainfra.com\/blog\/wp-json\/wp\/v2\/tags?post=28680"}],"curies":[{"name":"wp","href":"https:\/\/api.w.org\/{rel}","templated":true}]}}