{"id":28696,"date":"2025-09-25T16:38:40","date_gmt":"2025-09-25T19:38:40","guid":{"rendered":"https:\/\/agenciainfra.com\/blog\/?p=28696"},"modified":"2025-09-29T14:20:33","modified_gmt":"2025-09-29T17:20:33","slug":"apos-avais-para-entrada-de-novo-socio-galeao-assina-repactuacao","status":"publish","type":"post","link":"https:\/\/agenciainfra.com\/blog\/apos-avais-para-entrada-de-novo-socio-galeao-assina-repactuacao\/","title":{"rendered":"Ap\u00f3s avais para entrada de novo s\u00f3cio, Gale\u00e3o assina repactua\u00e7\u00e3o"},"content":{"rendered":"\n<p class=\"has-text-align-right\"><strong>Amanda Pupo, da Ag\u00eancia iNFRA<\/strong><\/p>\n\n\n\n<p>Quase quatro meses ap\u00f3s o TCU (Tribunal de Contas da Uni\u00e3o) aprovar o acordo de repactua\u00e7\u00e3o da concess\u00e3o do aeroporto do Gale\u00e3o, no Rio de Janeiro, a concession\u00e1ria, controlada pela Changi, assinou nesta quinta-feira (25) o termo necess\u00e1rio para o ajuste do contrato. Com o neg\u00f3cio remodelado, o ativo passar\u00e1 por um teste de mercado para identificar se outras operadoras t\u00eam interesse em disputar a administra\u00e7\u00e3o do aeroporto internacional.<\/p>\n\n\n\n<p>A demora na assinatura do chamado termo de autocomposi\u00e7\u00e3o chegou a colocar em d\u00favida o prazo para realiza\u00e7\u00e3o desse leil\u00e3o simplificado at\u00e9 o final de mar\u00e7o do pr\u00f3ximo ano. Para adiantar o processo, antes mesmo da formaliza\u00e7\u00e3o, a ANAC (Ag\u00eancia Nacional de Avia\u00e7\u00e3o Civil) abriu na semana passada a consulta p\u00fablica sobre o edital do teste de mercado, que ficar\u00e1 dispon\u00edvel por 45 dias.<\/p>\n\n\n\n<p>A Changi vinha alegando que, para assinar o documento, aguardava todos os avais necess\u00e1rios \u00e0 opera\u00e7\u00e3o societ\u00e1ria que fechou com a Vinci Compass. Como mostrou a <strong>Ag\u00eancia iNFRA<\/strong>, em recente <a href=\"https:\/\/agenciainfra.com\/blog\/galeao-secexconsenso-aceita-prorrogar-acordo-mas-cobra-teste-de-mercado\/\">despacho<\/a>, a SecexConsenso do TCU, onde o acordo foi negociado, concordou que fosse dado mais prazo para a concession\u00e1ria assinar o termo. Mas o \u00f3rg\u00e3o tamb\u00e9m chamou aten\u00e7\u00e3o do comportamento da empresa e recomendou que, em caso de nova prorroga\u00e7\u00e3o, fosse assegurada a manuten\u00e7\u00e3o do prazo de 100 dias entre a publica\u00e7\u00e3o do edital e o teste de mercado \u2013 ainda que precise haver posterga\u00e7\u00e3o da data inicial para o certame.<\/p>\n\n\n\n<p>Para na disputa simplificada com um parceiro, a empresa de Cingapura \u2013 que controla o aeroporto desde 2014 com 51% das a\u00e7\u00f5es \u2013 fechou um acordo para o fundo da Vinci Compass assumir 70% das a\u00e7\u00f5es que a operadora tem na concess\u00e3o. A ANAC j\u00e1 havia aprovado a reestrutura\u00e7\u00e3o no \u00faltimo dia 11, e o processo dentro do Cade (Conselho Administrativo de Defesa Econ\u00f4mica) foi encerrado nesta ter\u00e7a-feira (23).<\/p>\n\n\n\n<p>Atualmente, al\u00e9m da Changi, a Infraero tem 49% das a\u00e7\u00f5es da concess\u00e3o. Mas, na repactua\u00e7\u00e3o, ficou acordada a sa\u00edda da estatal. Pelo processo competitivo, a concession\u00e1ria atual precisar\u00e1 ofertar pelo menos um lance m\u00ednimo de R$ 932,8 milh\u00f5es. Se mais algu\u00e9m apresentar proposta, ela participa da fase em viva-voz do leil\u00e3o somente se estiver entre as tr\u00eas melhores propostas ou no intervalo de 90% do maior valor ofertado.<\/p>\n\n\n\n<p>A entrada da Vinci Compass na opera\u00e7\u00e3o foi lida no setor como uma forma de a Changi se fortalecer financeiramente para essa disputa. Se tiver sucesso no teste de mercado, a nova parceira vai ampliar sua participa\u00e7\u00e3o via aumento de capital pela compra da fatia da Infraero, o que vai diluir a participa\u00e7\u00e3o da Changi a cerca de 15% no total da opera\u00e7\u00e3o do Gale\u00e3o.<\/p>\n\n\n\n<p>No Rio de Janeiro, o evento para assinatura do termo de autocomposi\u00e7\u00e3o contou a com presen\u00e7a de autoridades dos governos locais e federal e da ANAC. O ministro de Portos e Aeroportos, Silvio Costa Filho, afirmou que a reestrutura\u00e7\u00e3o do contrato fortalece o \u201cturismo, a log\u00edstica e a gera\u00e7\u00e3o de emprego e renda\u201d.<\/p>\n\n\n\n<p><\/p>\n","protected":false},"excerpt":{"rendered":"<p>Amanda Pupo, da Ag\u00eancia iNFRA Quase quatro meses ap\u00f3s o TCU (Tribunal de Contas da Uni\u00e3o) aprovar o acordo de repactua\u00e7\u00e3o da concess\u00e3o do aeroporto do Gale\u00e3o, no Rio de Janeiro, a concession\u00e1ria, controlada pela Changi, assinou nesta quinta-feira (25) o termo necess\u00e1rio para o ajuste do contrato. Com o neg\u00f3cio remodelado, o ativo passar\u00e1 [&hellip;]<\/p>\n","protected":false},"author":1,"featured_media":25604,"comment_status":"closed","ping_status":"closed","sticky":false,"template":"","format":"standard","meta":{"_monsterinsights_skip_tracking":false,"_monsterinsights_sitenote_active":false,"_monsterinsights_sitenote_note":"","_monsterinsights_sitenote_category":0,"footnotes":""},"categories":[7250,1,7],"tags":[4226,3050,6919,8734,18],"class_list":["post-28696","post","type-post","status-publish","format-standard","has-post-thumbnail","hentry","category-destaque-lista","category-geral","category-infratransporte","tag-changi","tag-galeao","tag-mpor","tag-secex-consenso","tag-tcu"],"yoast_head":"<!-- This site is optimized with the Yoast SEO Premium plugin v25.4 (Yoast SEO v26.0) - https:\/\/yoast.com\/wordpress\/plugins\/seo\/ -->\n<title>Ap\u00f3s avais para entrada de novo s\u00f3cio, Gale\u00e3o assina repactua\u00e7\u00e3o - Ag\u00eancia iNFRA<\/title>\n<meta name=\"robots\" content=\"index, follow, max-snippet:-1, max-image-preview:large, max-video-preview:-1\" \/>\n<link rel=\"canonical\" href=\"https:\/\/agenciainfra.com\/blog\/apos-avais-para-entrada-de-novo-socio-galeao-assina-repactuacao\/\" \/>\n<meta property=\"og:locale\" content=\"pt_BR\" \/>\n<meta property=\"og:type\" content=\"article\" \/>\n<meta property=\"og:title\" content=\"Ap\u00f3s avais para entrada de novo s\u00f3cio, Gale\u00e3o assina repactua\u00e7\u00e3o\" \/>\n<meta property=\"og:description\" content=\"Amanda Pupo, da Ag\u00eancia iNFRA Quase quatro meses ap\u00f3s o TCU (Tribunal de Contas da Uni\u00e3o) aprovar o acordo de repactua\u00e7\u00e3o da concess\u00e3o do aeroporto do Gale\u00e3o, no Rio de Janeiro, a concession\u00e1ria, controlada pela Changi, assinou nesta quinta-feira (25) o termo necess\u00e1rio para o ajuste do contrato. Com o neg\u00f3cio remodelado, o ativo passar\u00e1 [&hellip;]\" \/>\n<meta property=\"og:url\" content=\"https:\/\/agenciainfra.com\/blog\/apos-avais-para-entrada-de-novo-socio-galeao-assina-repactuacao\/\" \/>\n<meta property=\"og:site_name\" content=\"Ag\u00eancia iNFRA\" \/>\n<meta property=\"article:publisher\" content=\"https:\/\/www.facebook.com\/ageninfra\" \/>\n<meta property=\"article:published_time\" content=\"2025-09-25T19:38:40+00:00\" \/>\n<meta property=\"article:modified_time\" content=\"2025-09-29T17:20:33+00:00\" \/>\n<meta property=\"og:image\" content=\"https:\/\/agenciainfra.com\/blog\/wp-content\/uploads\/2025\/08\/aeroporto-rio-foto-riogaleao-e1753958658875.png\" \/>\n\t<meta property=\"og:image:width\" content=\"1280\" \/>\n\t<meta property=\"og:image:height\" content=\"720\" \/>\n\t<meta property=\"og:image:type\" content=\"image\/png\" \/>\n<meta name=\"author\" content=\"Ag\u00eancia iNFRA\" \/>\n<meta name=\"twitter:card\" content=\"summary_large_image\" \/>\n<meta name=\"twitter:creator\" content=\"@agencia_infra\" \/>\n<meta name=\"twitter:site\" content=\"@agencia_infra\" \/>\n<meta name=\"twitter:label1\" content=\"Escrito por\" \/>\n\t<meta name=\"twitter:data1\" content=\"Ag\u00eancia iNFRA\" \/>\n\t<meta name=\"twitter:label2\" content=\"Est. tempo de leitura\" \/>\n\t<meta name=\"twitter:data2\" content=\"3 minutos\" \/>\n<script type=\"application\/ld+json\" class=\"yoast-schema-graph\">{\"@context\":\"https:\/\/schema.org\",\"@graph\":[{\"@type\":\"Article\",\"@id\":\"https:\/\/agenciainfra.com\/blog\/apos-avais-para-entrada-de-novo-socio-galeao-assina-repactuacao\/#article\",\"isPartOf\":{\"@id\":\"https:\/\/agenciainfra.com\/blog\/apos-avais-para-entrada-de-novo-socio-galeao-assina-repactuacao\/\"},\"author\":{\"name\":\"Ag\u00eancia iNFRA\",\"@id\":\"https:\/\/agenciainfra.com\/blog\/#\/schema\/person\/34af08dff6adea4cb22b06612ba7acfa\"},\"headline\":\"Ap\u00f3s avais para entrada de novo s\u00f3cio, Gale\u00e3o assina repactua\u00e7\u00e3o\",\"datePublished\":\"2025-09-25T19:38:40+00:00\",\"dateModified\":\"2025-09-29T17:20:33+00:00\",\"mainEntityOfPage\":{\"@id\":\"https:\/\/agenciainfra.com\/blog\/apos-avais-para-entrada-de-novo-socio-galeao-assina-repactuacao\/\"},\"wordCount\":553,\"publisher\":{\"@id\":\"https:\/\/agenciainfra.com\/blog\/#organization\"},\"image\":{\"@id\":\"https:\/\/agenciainfra.com\/blog\/apos-avais-para-entrada-de-novo-socio-galeao-assina-repactuacao\/#primaryimage\"},\"thumbnailUrl\":\"https:\/\/agenciainfra.com\/blog\/wp-content\/uploads\/2025\/08\/aeroporto-rio-foto-riogaleao-e1753958658875.png\",\"keywords\":[\"Changi\",\"Gale\u00e3o\",\"MPor\",\"Secex Consenso\",\"TCU\"],\"articleSection\":[\"Destaque lista\",\"Geral\",\"iNFRATransporte\"],\"inLanguage\":\"pt-BR\",\"copyrightYear\":\"2025\",\"copyrightHolder\":{\"@id\":\"https:\/\/agenciainfra.com\/blog\/#organization\"}},{\"@type\":\"WebPage\",\"@id\":\"https:\/\/agenciainfra.com\/blog\/apos-avais-para-entrada-de-novo-socio-galeao-assina-repactuacao\/\",\"url\":\"https:\/\/agenciainfra.com\/blog\/apos-avais-para-entrada-de-novo-socio-galeao-assina-repactuacao\/\",\"name\":\"Ap\u00f3s avais para entrada de novo s\u00f3cio, Gale\u00e3o assina repactua\u00e7\u00e3o - Ag\u00eancia iNFRA\",\"isPartOf\":{\"@id\":\"https:\/\/agenciainfra.com\/blog\/#website\"},\"primaryImageOfPage\":{\"@id\":\"https:\/\/agenciainfra.com\/blog\/apos-avais-para-entrada-de-novo-socio-galeao-assina-repactuacao\/#primaryimage\"},\"image\":{\"@id\":\"https:\/\/agenciainfra.com\/blog\/apos-avais-para-entrada-de-novo-socio-galeao-assina-repactuacao\/#primaryimage\"},\"thumbnailUrl\":\"https:\/\/agenciainfra.com\/blog\/wp-content\/uploads\/2025\/08\/aeroporto-rio-foto-riogaleao-e1753958658875.png\",\"datePublished\":\"2025-09-25T19:38:40+00:00\",\"dateModified\":\"2025-09-29T17:20:33+00:00\",\"breadcrumb\":{\"@id\":\"https:\/\/agenciainfra.com\/blog\/apos-avais-para-entrada-de-novo-socio-galeao-assina-repactuacao\/#breadcrumb\"},\"inLanguage\":\"pt-BR\",\"potentialAction\":[{\"@type\":\"ReadAction\",\"target\":[\"https:\/\/agenciainfra.com\/blog\/apos-avais-para-entrada-de-novo-socio-galeao-assina-repactuacao\/\"]}]},{\"@type\":\"ImageObject\",\"inLanguage\":\"pt-BR\",\"@id\":\"https:\/\/agenciainfra.com\/blog\/apos-avais-para-entrada-de-novo-socio-galeao-assina-repactuacao\/#primaryimage\",\"url\":\"https:\/\/agenciainfra.com\/blog\/wp-content\/uploads\/2025\/08\/aeroporto-rio-foto-riogaleao-e1753958658875.png\",\"contentUrl\":\"https:\/\/agenciainfra.com\/blog\/wp-content\/uploads\/2025\/08\/aeroporto-rio-foto-riogaleao-e1753958658875.png\",\"width\":1280,\"height\":720,\"caption\":\"Foto: RIOgale\u00e3o\"},{\"@type\":\"BreadcrumbList\",\"@id\":\"https:\/\/agenciainfra.com\/blog\/apos-avais-para-entrada-de-novo-socio-galeao-assina-repactuacao\/#breadcrumb\",\"itemListElement\":[{\"@type\":\"ListItem\",\"position\":1,\"name\":\"In\u00edcio\",\"item\":\"https:\/\/agenciainfra.com\/blog\/\"},{\"@type\":\"ListItem\",\"position\":2,\"name\":\"Ap\u00f3s avais para entrada de novo s\u00f3cio, Gale\u00e3o assina repactua\u00e7\u00e3o\"}]},{\"@type\":\"WebSite\",\"@id\":\"https:\/\/agenciainfra.com\/blog\/#website\",\"url\":\"https:\/\/agenciainfra.com\/blog\/\",\"name\":\"Ag\u00eancia iNFRA\",\"description\":\"Multiplataforma de informa\u00e7\u00e3o jornal\u00edstica refer\u00eancia na \u00e1rea de infraestrutura no Brasil!\",\"publisher\":{\"@id\":\"https:\/\/agenciainfra.com\/blog\/#organization\"},\"potentialAction\":[{\"@type\":\"SearchAction\",\"target\":{\"@type\":\"EntryPoint\",\"urlTemplate\":\"https:\/\/agenciainfra.com\/blog\/?s={search_term_string}\"},\"query-input\":{\"@type\":\"PropertyValueSpecification\",\"valueRequired\":true,\"valueName\":\"search_term_string\"}}],\"inLanguage\":\"pt-BR\"},{\"@type\":\"Organization\",\"@id\":\"https:\/\/agenciainfra.com\/blog\/#organization\",\"name\":\"Ag\u00eancia iNFRA\",\"url\":\"https:\/\/agenciainfra.com\/blog\/\",\"logo\":{\"@type\":\"ImageObject\",\"inLanguage\":\"pt-BR\",\"@id\":\"https:\/\/agenciainfra.com\/blog\/#\/schema\/logo\/image\/\",\"url\":\"https:\/\/agenciainfra.com\/blog\/wp-content\/uploads\/2023\/09\/iNFRA_5-e1761735885940.png\",\"contentUrl\":\"https:\/\/agenciainfra.com\/blog\/wp-content\/uploads\/2023\/09\/iNFRA_5-e1761735885940.png\",\"width\":1672,\"height\":454,\"caption\":\"Ag\u00eancia iNFRA\"},\"image\":{\"@id\":\"https:\/\/agenciainfra.com\/blog\/#\/schema\/logo\/image\/\"},\"sameAs\":[\"https:\/\/www.facebook.com\/ageninfra\",\"https:\/\/x.com\/agencia_infra\",\"https:\/\/www.linkedin.com\/company\/ag\u00eanciainfra\/\",\"https:\/\/www.instagram.com\/agenciainfra\/\"]},{\"@type\":\"Person\",\"@id\":\"https:\/\/agenciainfra.com\/blog\/#\/schema\/person\/34af08dff6adea4cb22b06612ba7acfa\",\"name\":\"Ag\u00eancia iNFRA\",\"image\":{\"@type\":\"ImageObject\",\"inLanguage\":\"pt-BR\",\"@id\":\"https:\/\/agenciainfra.com\/blog\/#\/schema\/person\/image\/\",\"url\":\"https:\/\/secure.gravatar.com\/avatar\/d189e01678f06d8eb84d4e01f08eb848b3fffe3f8443818d3c356c66892f5be8?s=96&d=mm&r=g\",\"contentUrl\":\"https:\/\/secure.gravatar.com\/avatar\/d189e01678f06d8eb84d4e01f08eb848b3fffe3f8443818d3c356c66892f5be8?s=96&d=mm&r=g\",\"caption\":\"Ag\u00eancia iNFRA\"},\"url\":\"https:\/\/agenciainfra.com\/blog\/author\/admin\/\"}]}<\/script>\n<!-- \/ Yoast SEO Premium plugin. -->","yoast_head_json":{"title":"Ap\u00f3s avais para entrada de novo s\u00f3cio, Gale\u00e3o assina repactua\u00e7\u00e3o - Ag\u00eancia iNFRA","robots":{"index":"index","follow":"follow","max-snippet":"max-snippet:-1","max-image-preview":"max-image-preview:large","max-video-preview":"max-video-preview:-1"},"canonical":"https:\/\/agenciainfra.com\/blog\/apos-avais-para-entrada-de-novo-socio-galeao-assina-repactuacao\/","og_locale":"pt_BR","og_type":"article","og_title":"Ap\u00f3s avais para entrada de novo s\u00f3cio, Gale\u00e3o assina repactua\u00e7\u00e3o","og_description":"Amanda Pupo, da Ag\u00eancia iNFRA Quase quatro meses ap\u00f3s o TCU (Tribunal de Contas da Uni\u00e3o) aprovar o acordo de repactua\u00e7\u00e3o da concess\u00e3o do aeroporto do Gale\u00e3o, no Rio de Janeiro, a concession\u00e1ria, controlada pela Changi, assinou nesta quinta-feira (25) o termo necess\u00e1rio para o ajuste do contrato. Com o neg\u00f3cio remodelado, o ativo passar\u00e1 [&hellip;]","og_url":"https:\/\/agenciainfra.com\/blog\/apos-avais-para-entrada-de-novo-socio-galeao-assina-repactuacao\/","og_site_name":"Ag\u00eancia iNFRA","article_publisher":"https:\/\/www.facebook.com\/ageninfra","article_published_time":"2025-09-25T19:38:40+00:00","article_modified_time":"2025-09-29T17:20:33+00:00","og_image":[{"width":1280,"height":720,"url":"https:\/\/agenciainfra.com\/blog\/wp-content\/uploads\/2025\/08\/aeroporto-rio-foto-riogaleao-e1753958658875.png","type":"image\/png"}],"author":"Ag\u00eancia iNFRA","twitter_card":"summary_large_image","twitter_creator":"@agencia_infra","twitter_site":"@agencia_infra","twitter_misc":{"Escrito por":"Ag\u00eancia iNFRA","Est. tempo de leitura":"3 minutos"},"schema":{"@context":"https:\/\/schema.org","@graph":[{"@type":"Article","@id":"https:\/\/agenciainfra.com\/blog\/apos-avais-para-entrada-de-novo-socio-galeao-assina-repactuacao\/#article","isPartOf":{"@id":"https:\/\/agenciainfra.com\/blog\/apos-avais-para-entrada-de-novo-socio-galeao-assina-repactuacao\/"},"author":{"name":"Ag\u00eancia iNFRA","@id":"https:\/\/agenciainfra.com\/blog\/#\/schema\/person\/34af08dff6adea4cb22b06612ba7acfa"},"headline":"Ap\u00f3s avais para entrada de novo s\u00f3cio, Gale\u00e3o assina repactua\u00e7\u00e3o","datePublished":"2025-09-25T19:38:40+00:00","dateModified":"2025-09-29T17:20:33+00:00","mainEntityOfPage":{"@id":"https:\/\/agenciainfra.com\/blog\/apos-avais-para-entrada-de-novo-socio-galeao-assina-repactuacao\/"},"wordCount":553,"publisher":{"@id":"https:\/\/agenciainfra.com\/blog\/#organization"},"image":{"@id":"https:\/\/agenciainfra.com\/blog\/apos-avais-para-entrada-de-novo-socio-galeao-assina-repactuacao\/#primaryimage"},"thumbnailUrl":"https:\/\/agenciainfra.com\/blog\/wp-content\/uploads\/2025\/08\/aeroporto-rio-foto-riogaleao-e1753958658875.png","keywords":["Changi","Gale\u00e3o","MPor","Secex Consenso","TCU"],"articleSection":["Destaque lista","Geral","iNFRATransporte"],"inLanguage":"pt-BR","copyrightYear":"2025","copyrightHolder":{"@id":"https:\/\/agenciainfra.com\/blog\/#organization"}},{"@type":"WebPage","@id":"https:\/\/agenciainfra.com\/blog\/apos-avais-para-entrada-de-novo-socio-galeao-assina-repactuacao\/","url":"https:\/\/agenciainfra.com\/blog\/apos-avais-para-entrada-de-novo-socio-galeao-assina-repactuacao\/","name":"Ap\u00f3s avais para entrada de novo s\u00f3cio, Gale\u00e3o assina repactua\u00e7\u00e3o - Ag\u00eancia iNFRA","isPartOf":{"@id":"https:\/\/agenciainfra.com\/blog\/#website"},"primaryImageOfPage":{"@id":"https:\/\/agenciainfra.com\/blog\/apos-avais-para-entrada-de-novo-socio-galeao-assina-repactuacao\/#primaryimage"},"image":{"@id":"https:\/\/agenciainfra.com\/blog\/apos-avais-para-entrada-de-novo-socio-galeao-assina-repactuacao\/#primaryimage"},"thumbnailUrl":"https:\/\/agenciainfra.com\/blog\/wp-content\/uploads\/2025\/08\/aeroporto-rio-foto-riogaleao-e1753958658875.png","datePublished":"2025-09-25T19:38:40+00:00","dateModified":"2025-09-29T17:20:33+00:00","breadcrumb":{"@id":"https:\/\/agenciainfra.com\/blog\/apos-avais-para-entrada-de-novo-socio-galeao-assina-repactuacao\/#breadcrumb"},"inLanguage":"pt-BR","potentialAction":[{"@type":"ReadAction","target":["https:\/\/agenciainfra.com\/blog\/apos-avais-para-entrada-de-novo-socio-galeao-assina-repactuacao\/"]}]},{"@type":"ImageObject","inLanguage":"pt-BR","@id":"https:\/\/agenciainfra.com\/blog\/apos-avais-para-entrada-de-novo-socio-galeao-assina-repactuacao\/#primaryimage","url":"https:\/\/agenciainfra.com\/blog\/wp-content\/uploads\/2025\/08\/aeroporto-rio-foto-riogaleao-e1753958658875.png","contentUrl":"https:\/\/agenciainfra.com\/blog\/wp-content\/uploads\/2025\/08\/aeroporto-rio-foto-riogaleao-e1753958658875.png","width":1280,"height":720,"caption":"Foto: RIOgale\u00e3o"},{"@type":"BreadcrumbList","@id":"https:\/\/agenciainfra.com\/blog\/apos-avais-para-entrada-de-novo-socio-galeao-assina-repactuacao\/#breadcrumb","itemListElement":[{"@type":"ListItem","position":1,"name":"In\u00edcio","item":"https:\/\/agenciainfra.com\/blog\/"},{"@type":"ListItem","position":2,"name":"Ap\u00f3s avais para entrada de novo s\u00f3cio, Gale\u00e3o assina repactua\u00e7\u00e3o"}]},{"@type":"WebSite","@id":"https:\/\/agenciainfra.com\/blog\/#website","url":"https:\/\/agenciainfra.com\/blog\/","name":"Ag\u00eancia iNFRA","description":"Multiplataforma de informa\u00e7\u00e3o jornal\u00edstica refer\u00eancia na \u00e1rea de infraestrutura no Brasil!","publisher":{"@id":"https:\/\/agenciainfra.com\/blog\/#organization"},"potentialAction":[{"@type":"SearchAction","target":{"@type":"EntryPoint","urlTemplate":"https:\/\/agenciainfra.com\/blog\/?s={search_term_string}"},"query-input":{"@type":"PropertyValueSpecification","valueRequired":true,"valueName":"search_term_string"}}],"inLanguage":"pt-BR"},{"@type":"Organization","@id":"https:\/\/agenciainfra.com\/blog\/#organization","name":"Ag\u00eancia iNFRA","url":"https:\/\/agenciainfra.com\/blog\/","logo":{"@type":"ImageObject","inLanguage":"pt-BR","@id":"https:\/\/agenciainfra.com\/blog\/#\/schema\/logo\/image\/","url":"https:\/\/agenciainfra.com\/blog\/wp-content\/uploads\/2023\/09\/iNFRA_5-e1761735885940.png","contentUrl":"https:\/\/agenciainfra.com\/blog\/wp-content\/uploads\/2023\/09\/iNFRA_5-e1761735885940.png","width":1672,"height":454,"caption":"Ag\u00eancia iNFRA"},"image":{"@id":"https:\/\/agenciainfra.com\/blog\/#\/schema\/logo\/image\/"},"sameAs":["https:\/\/www.facebook.com\/ageninfra","https:\/\/x.com\/agencia_infra","https:\/\/www.linkedin.com\/company\/ag\u00eanciainfra\/","https:\/\/www.instagram.com\/agenciainfra\/"]},{"@type":"Person","@id":"https:\/\/agenciainfra.com\/blog\/#\/schema\/person\/34af08dff6adea4cb22b06612ba7acfa","name":"Ag\u00eancia iNFRA","image":{"@type":"ImageObject","inLanguage":"pt-BR","@id":"https:\/\/agenciainfra.com\/blog\/#\/schema\/person\/image\/","url":"https:\/\/secure.gravatar.com\/avatar\/d189e01678f06d8eb84d4e01f08eb848b3fffe3f8443818d3c356c66892f5be8?s=96&d=mm&r=g","contentUrl":"https:\/\/secure.gravatar.com\/avatar\/d189e01678f06d8eb84d4e01f08eb848b3fffe3f8443818d3c356c66892f5be8?s=96&d=mm&r=g","caption":"Ag\u00eancia iNFRA"},"url":"https:\/\/agenciainfra.com\/blog\/author\/admin\/"}]}},"_links":{"self":[{"href":"https:\/\/agenciainfra.com\/blog\/wp-json\/wp\/v2\/posts\/28696","targetHints":{"allow":["GET"]}}],"collection":[{"href":"https:\/\/agenciainfra.com\/blog\/wp-json\/wp\/v2\/posts"}],"about":[{"href":"https:\/\/agenciainfra.com\/blog\/wp-json\/wp\/v2\/types\/post"}],"author":[{"embeddable":true,"href":"https:\/\/agenciainfra.com\/blog\/wp-json\/wp\/v2\/users\/1"}],"replies":[{"embeddable":true,"href":"https:\/\/agenciainfra.com\/blog\/wp-json\/wp\/v2\/comments?post=28696"}],"version-history":[{"count":1,"href":"https:\/\/agenciainfra.com\/blog\/wp-json\/wp\/v2\/posts\/28696\/revisions"}],"predecessor-version":[{"id":28697,"href":"https:\/\/agenciainfra.com\/blog\/wp-json\/wp\/v2\/posts\/28696\/revisions\/28697"}],"wp:featuredmedia":[{"embeddable":true,"href":"https:\/\/agenciainfra.com\/blog\/wp-json\/wp\/v2\/media\/25604"}],"wp:attachment":[{"href":"https:\/\/agenciainfra.com\/blog\/wp-json\/wp\/v2\/media?parent=28696"}],"wp:term":[{"taxonomy":"category","embeddable":true,"href":"https:\/\/agenciainfra.com\/blog\/wp-json\/wp\/v2\/categories?post=28696"},{"taxonomy":"post_tag","embeddable":true,"href":"https:\/\/agenciainfra.com\/blog\/wp-json\/wp\/v2\/tags?post=28696"}],"curies":[{"name":"wp","href":"https:\/\/api.w.org\/{rel}","templated":true}]}}