{"id":28744,"date":"2025-09-26T12:00:00","date_gmt":"2025-09-26T15:00:00","guid":{"rendered":"https:\/\/agenciainfra.com\/blog\/?p=28744"},"modified":"2025-09-30T08:02:51","modified_gmt":"2025-09-30T11:02:51","slug":"concessao-parcial-dos-portos-da-codeba-tera-nova-proposta-pelo-governo","status":"publish","type":"post","link":"https:\/\/agenciainfra.com\/blog\/concessao-parcial-dos-portos-da-codeba-tera-nova-proposta-pelo-governo\/","title":{"rendered":"Concess\u00e3o parcial dos portos da Codeba ter\u00e1 nova proposta pelo governo"},"content":{"rendered":"\n<p class=\"has-text-align-right\"><strong>Mar\u00edlia Sena, da Ag\u00eancia iNFRA<\/strong><\/p>\n\n\n\n<p>O governo federal vai elaborar uma nova proposta de edital para a concess\u00e3o parcial dos portos de Salvador, Aratu-Candeias e Ilh\u00e9us, na Bahia, administrados pela Codeba (Companhia das Docas da Bahia). Os ajustes solicitados em audi\u00eancia p\u00fablica realizada no \u00faltimo m\u00eas pela ANTAQ (Ag\u00eancia Nacional de Transportes Aquavi\u00e1rios) ganharam o endosso da Casa Civil, que \u00e9 chefiada pelo ministro Rui Costa, ex-governador da Bahia.\u00a0<br><br>O secret\u00e1rio especial do PPI (Programas de Parcerias de Investimentos) da Casa Civil, Marcus Cavalcanti, reconheceu \u00e0\u00a0<strong>Ag\u00eancia iNFRA<\/strong>\u00a0que o texto atual apresenta problemas, entre eles o c\u00e1lculo da divis\u00e3o das receitas, que reduz os recursos da autoridade portu\u00e1ria. Segundo ele, um novo texto deve ser publicado entre 60 e 90 dias, e o tema pode passar por uma nova consulta p\u00fablica em 2026.\u00a0<br><br>As falhas no\u00a0<a href=\"https:\/\/agenciainfra.com\/blog\/portos-da-bahia-tem-proposta-de-concessao-que-mantem-estatal-na-gestao-de-terminais\/%C2%A0\" target=\"_blank\" rel=\"noreferrer noopener\">edital<\/a>\u00a0vinham sendo apontadas pelo presidente da autoridade portu\u00e1ria, Antonio Gobbo, que, durante a audi\u00eancia sobre o tema, afirmou que a proposta do governo federal comprometeria a lucratividade da empresa. O texto que foi \u00e0 consulta em julho retira do or\u00e7amento da companhia as receitas das Tabelas I (acessos aquavi\u00e1rios), II (acostagem) e III (acessos terrestres), transferindo-as para a futura concession\u00e1ria.\u00a0<br><br>Isso porque a modelagem prev\u00ea que o operador privado ser\u00e1 respons\u00e1vel por cuidar dos acessos aquavi\u00e1rios e terrestres e dos ber\u00e7os de atraca\u00e7\u00e3o, num contrato de 35 anos. Al\u00e9m disso, a empresa que fosse escolhida ainda ganharia o direito a arrendar novas \u00e1reas no porto de Aratu-Candeias, atualmente n\u00e3o exploradas pela estatal. A\u00a0Codeba, por outro lado, seria mantida na administra\u00e7\u00e3o dos terminais portu\u00e1rios j\u00e1 arrendados, de onde viriam suas receitas.<br><br>Dentro das Tabelas I, II e III h\u00e1, por exemplo, taxas de atraca\u00e7\u00e3o e perman\u00eancia de embarca\u00e7\u00f5es, taxas sobre movimenta\u00e7\u00e3o e armazenagem de cargas e outras receitas e servi\u00e7os portu\u00e1rios, como praticagem, rebocadores e manuseio de res\u00edduos.\u00a0<br><br>Cavalcanti afirmou que a proposta ideal \u00e9 que a concess\u00e3o parcial dos portos administrados pela Codeba siga o modelo adotado no canal de Paranagu\u00e1. No projeto, que vai a leil\u00e3o em 22 de outubro, a futura concession\u00e1ria ser\u00e1 remunerada pela\u00a0Tabela I.\u00a0\u00a0<br><br>\u201cPor exemplo, o Porto de Aratu \u00e9 administrado pela Codeba. O concession\u00e1rio ser\u00e1 respons\u00e1vel pela execu\u00e7\u00e3o do canal, mas a receita de acostagem de Aratu deve permanecer com a Companhia Docas da Bahia. O mesmo vale para o Terminal do Porto de Salvador, operado pela Wilson Sons. Por isso, esse ponto precisa ser ajustado\u201d, exemplificou o secret\u00e1rio.<br><br>Ele tamb\u00e9m afirmou que outros pontos, como remunera\u00e7\u00e3o e outorga, est\u00e3o sendo revistos a pedido da Casa Civil. \u201cEnt\u00e3o, ele [presidente da Codeba] tem raz\u00e3o. J\u00e1 estamos solicitando altera\u00e7\u00f5es para poder seguir em frente\u201d, completou Cavalcanti.<br><br><strong>Rea\u00e7\u00e3o dos trabalhadores<\/strong><br>Os trabalhadores da Codeba tamb\u00e9m questionaram o modelo de concess\u00e3o parcial dos portos durante a audi\u00eancia p\u00fablica realizada em agosto na ANTAQ. A reportagem apurou que os profissionais chegaram a amea\u00e7ar iniciar um movimento de greve em duas ocasi\u00f5es durante o processo,\u00a0medida que foi contida pela c\u00fapula da Codeba.\u00a0<br><br>\u201cOs trabalhadores da Codeba estavam percebendo esses problemas, e eles tinham raz\u00e3o. Do jeito que est\u00e1, toda a receita do porto seria retirada. Por exemplo, no Porto de Salvador, o concession\u00e1rio ficar\u00e1 respons\u00e1vel pelo canal, mas as demais receitas devem continuar com a Codeba&#8221;, refor\u00e7ou Cavalcanti.<br><br>Na vis\u00e3o do secret\u00e1rio, a divulga\u00e7\u00e3o do edital passou a impress\u00e3o de que haveria privatiza\u00e7\u00e3o da Codeba, algo rejeitado pelo governo federal. \u201c\u00c9 um compromisso que existe, e a gente n\u00e3o est\u00e1 privatizando os outros portos. N\u00e3o \u00edamos fazer nada em rela\u00e7\u00e3o a eles\u201d, afirmou.<br><br>Em 2022, no governo Bolsonaro, a Codesa (Companhia Docas do Esp\u00edrito Santo) foi privatizada. O Porto de Santos e outros ativos chegaram\u00a0a entrar na lista para serem desestatizados,\u00a0mas o processo n\u00e3o foi adiante. No governo Lula, a gest\u00e3o federal manteve o plano de conceder canais de acesso e, no caso dos portos da Codeba, elaborou o edital que mant\u00e9m a estatal no ativo. Mesmo assim, houve\u00a0resist\u00eancia e apontamentos de que a modelagem teria sido feita com dados desatualizados.\u00a0<br><br><strong>Ajustes admitidos\u00a0<\/strong><br>A proposta estava em consulta p\u00fablica at\u00e9 o dia 9 deste m\u00eas. Durante a audi\u00eancia p\u00fablica, o representante do MPor (Minist\u00e9rio de Portos e Aeroportos), Bruno Neri, afirmou que a principal preocupa\u00e7\u00e3o da pasta \u00e9 garantir a sustentabilidade da autoridade portu\u00e1ria e que n\u00e3o haveria nenhum \u201c\u00f3bice\u201d a eventuais ajustes.<br><br>Na ocasi\u00e3o, o representante do BNDES (Banco Nacional de Desenvolvimento Econ\u00f4mico e Social), Ian Ramalho Guerriero, tamb\u00e9m afirmou que o papel do banco \u00e9 realizar os ajustes identificados durante o processo de consulta p\u00fablica e ressaltou que, havendo orienta\u00e7\u00f5es do governo, n\u00e3o haveria restri\u00e7\u00f5es para efetuar essas altera\u00e7\u00f5es. A modelagem foi tocada pelo banco de fomento.\u00a0<br><br>Sobre as cr\u00edticas, o\u00a0BNDES disse em nota \u00e0\u00a0<strong>Ag\u00eancia iNFRA<\/strong>\u00a0que a modelagem em an\u00e1lise foi desenvolvida em alinhamento com as diretrizes de pol\u00edtica p\u00fablica e com base em decis\u00f5es emitidas ao longo do projeto pelo MPor (Minist\u00e9rio dos Portos e Aeroportos). Os estudos t\u00e9cnicos contratados pelo BNDES e entregues pelas consultorias em setembro de 2024 passaram por todas as inst\u00e2ncias de governan\u00e7a do governo federal necess\u00e1rias para atestar a adequa\u00e7\u00e3o dos estudos, permitindo assim a abertura da Consulta P\u00fablica pela ANTAQ, afirmou a nota enviada pelo Banco.\u00a0<br><br>\u201c\u00c9 esperado que projetos com longo cronograma de execu\u00e7\u00e3o demandem atualiza\u00e7\u00f5es, especialmente quando envolvem infraestruturas em opera\u00e7\u00e3o, como os portos de Salvador, Aratu e Ilh\u00e9us. Ademais, no contexto da formula\u00e7\u00e3o de novos modelos de parcerias, \u00e9 natural e saud\u00e1vel que haja contribui\u00e7\u00f5es cr\u00edticas aos aspectos da modelagem. Esse processo fortalece a transpar\u00eancia e a qualidade t\u00e9cnica do trabalho\u201d, afirmou o banco.<br><br>O BNDES disse ainda que, caso o governo federal julgue necess\u00e1rio, novas informa\u00e7\u00f5es ser\u00e3o incorporadas ao projeto de concess\u00e3o da Codeba. \u201cFinda a consulta p\u00fablica, al\u00e9m da assimila\u00e7\u00e3o de informa\u00e7\u00f5es atualizadas desde a conclus\u00e3o dos estudos, caso sejam emitidas novas diretrizes pelos \u00f3rg\u00e3os competentes, estas ser\u00e3o avaliadas e incorporadas ao projeto oportunamente\u201d, completou.<br><br>Pelo projeto que foi \u00e0 consulta,\u00a0a concession\u00e1ria investiria um capex total de R$ 1,6 bilh\u00e3o, em que a maior parte (75,5%) iria\u00a0para o porto de Salvador (R$ 1,240 bilh\u00e3o). Parcela relevante desse montante seria destinado\u00a0para as obras de dragagem.\u00a0<\/p>\n","protected":false},"excerpt":{"rendered":"<p>Mar\u00edlia Sena, da Ag\u00eancia iNFRA O governo federal vai elaborar uma nova proposta de edital para a concess\u00e3o parcial dos portos de Salvador, Aratu-Candeias e Ilh\u00e9us, na Bahia, administrados pela Codeba (Companhia das Docas da Bahia). Os ajustes solicitados em audi\u00eancia p\u00fablica realizada no \u00faltimo m\u00eas pela ANTAQ (Ag\u00eancia Nacional de Transportes Aquavi\u00e1rios) ganharam o [&hellip;]<\/p>\n","protected":false},"author":1,"featured_media":18033,"comment_status":"closed","ping_status":"closed","sticky":false,"template":"","format":"standard","meta":{"_monsterinsights_skip_tracking":false,"_monsterinsights_sitenote_active":false,"_monsterinsights_sitenote_note":"","_monsterinsights_sitenote_category":0,"footnotes":""},"categories":[7250,1,7],"tags":[86,3031,22,8943,254,15653,11495,4252,310,14516],"class_list":["post-28744","post","type-post","status-publish","format-standard","has-post-thumbnail","hentry","category-destaque-lista","category-geral","category-infratransporte","tag-antaq","tag-codeba","tag-concessao","tag-concessao-portuaria","tag-leilao","tag-porto-aratu-candeias","tag-porto-de-ilheus","tag-porto-de-salvador","tag-portos","tag-portos-da-bahia"],"yoast_head":"<!-- This site is optimized with the Yoast SEO Premium plugin v25.4 (Yoast SEO v26.0) - https:\/\/yoast.com\/wordpress\/plugins\/seo\/ -->\n<title>Concess\u00e3o parcial dos portos da Codeba ter\u00e1 nova proposta pelo governo - Ag\u00eancia iNFRA<\/title>\n<meta name=\"robots\" content=\"index, follow, max-snippet:-1, max-image-preview:large, max-video-preview:-1\" \/>\n<link rel=\"canonical\" href=\"https:\/\/agenciainfra.com\/blog\/concessao-parcial-dos-portos-da-codeba-tera-nova-proposta-pelo-governo\/\" \/>\n<meta property=\"og:locale\" content=\"pt_BR\" \/>\n<meta property=\"og:type\" content=\"article\" \/>\n<meta property=\"og:title\" content=\"Concess\u00e3o parcial dos portos da Codeba ter\u00e1 nova proposta pelo governo\" \/>\n<meta property=\"og:description\" content=\"Mar\u00edlia Sena, da Ag\u00eancia iNFRA O governo federal vai elaborar uma nova proposta de edital para a concess\u00e3o parcial dos portos de Salvador, Aratu-Candeias e Ilh\u00e9us, na Bahia, administrados pela Codeba (Companhia das Docas da Bahia). Os ajustes solicitados em audi\u00eancia p\u00fablica realizada no \u00faltimo m\u00eas pela ANTAQ (Ag\u00eancia Nacional de Transportes Aquavi\u00e1rios) ganharam o [&hellip;]\" \/>\n<meta property=\"og:url\" content=\"https:\/\/agenciainfra.com\/blog\/concessao-parcial-dos-portos-da-codeba-tera-nova-proposta-pelo-governo\/\" \/>\n<meta property=\"og:site_name\" content=\"Ag\u00eancia iNFRA\" \/>\n<meta property=\"article:publisher\" content=\"https:\/\/www.facebook.com\/ageninfra\" \/>\n<meta property=\"article:published_time\" content=\"2025-09-26T15:00:00+00:00\" \/>\n<meta property=\"article:modified_time\" content=\"2025-09-30T11:02:51+00:00\" \/>\n<meta property=\"og:image\" content=\"https:\/\/agenciainfra.com\/blog\/wp-content\/uploads\/2024\/08\/porto-de-salvador-codeba-foto-ascom.jpeg\" \/>\n\t<meta property=\"og:image:width\" content=\"1202\" \/>\n\t<meta property=\"og:image:height\" content=\"801\" \/>\n\t<meta property=\"og:image:type\" content=\"image\/jpeg\" \/>\n<meta name=\"author\" content=\"Ag\u00eancia iNFRA\" \/>\n<meta name=\"twitter:card\" content=\"summary_large_image\" \/>\n<meta name=\"twitter:creator\" content=\"@agencia_infra\" \/>\n<meta name=\"twitter:site\" content=\"@agencia_infra\" \/>\n<meta name=\"twitter:label1\" content=\"Escrito por\" \/>\n\t<meta name=\"twitter:data1\" content=\"Ag\u00eancia iNFRA\" \/>\n\t<meta name=\"twitter:label2\" content=\"Est. tempo de leitura\" \/>\n\t<meta name=\"twitter:data2\" content=\"6 minutos\" \/>\n<script type=\"application\/ld+json\" class=\"yoast-schema-graph\">{\"@context\":\"https:\/\/schema.org\",\"@graph\":[{\"@type\":\"Article\",\"@id\":\"https:\/\/agenciainfra.com\/blog\/concessao-parcial-dos-portos-da-codeba-tera-nova-proposta-pelo-governo\/#article\",\"isPartOf\":{\"@id\":\"https:\/\/agenciainfra.com\/blog\/concessao-parcial-dos-portos-da-codeba-tera-nova-proposta-pelo-governo\/\"},\"author\":{\"name\":\"Ag\u00eancia iNFRA\",\"@id\":\"https:\/\/agenciainfra.com\/blog\/#\/schema\/person\/34af08dff6adea4cb22b06612ba7acfa\"},\"headline\":\"Concess\u00e3o parcial dos portos da Codeba ter\u00e1 nova proposta pelo governo\",\"datePublished\":\"2025-09-26T15:00:00+00:00\",\"dateModified\":\"2025-09-30T11:02:51+00:00\",\"mainEntityOfPage\":{\"@id\":\"https:\/\/agenciainfra.com\/blog\/concessao-parcial-dos-portos-da-codeba-tera-nova-proposta-pelo-governo\/\"},\"wordCount\":1134,\"publisher\":{\"@id\":\"https:\/\/agenciainfra.com\/blog\/#organization\"},\"image\":{\"@id\":\"https:\/\/agenciainfra.com\/blog\/concessao-parcial-dos-portos-da-codeba-tera-nova-proposta-pelo-governo\/#primaryimage\"},\"thumbnailUrl\":\"https:\/\/agenciainfra.com\/blog\/wp-content\/uploads\/2024\/08\/porto-de-salvador-codeba-foto-ascom.jpeg\",\"keywords\":[\"ANTAQ\",\"Codeba\",\"Concess\u00e3o\",\"Concess\u00e3o portu\u00e1ria\",\"leil\u00e3o\",\"Porto Aratu-Candeias\",\"porto de ilh\u00e9us\",\"Porto de Salvador\",\"portos\",\"portos da bahia\"],\"articleSection\":[\"Destaque lista\",\"Geral\",\"iNFRATransporte\"],\"inLanguage\":\"pt-BR\",\"copyrightYear\":\"2025\",\"copyrightHolder\":{\"@id\":\"https:\/\/agenciainfra.com\/blog\/#organization\"}},{\"@type\":\"WebPage\",\"@id\":\"https:\/\/agenciainfra.com\/blog\/concessao-parcial-dos-portos-da-codeba-tera-nova-proposta-pelo-governo\/\",\"url\":\"https:\/\/agenciainfra.com\/blog\/concessao-parcial-dos-portos-da-codeba-tera-nova-proposta-pelo-governo\/\",\"name\":\"Concess\u00e3o parcial dos portos da Codeba ter\u00e1 nova proposta pelo governo - Ag\u00eancia iNFRA\",\"isPartOf\":{\"@id\":\"https:\/\/agenciainfra.com\/blog\/#website\"},\"primaryImageOfPage\":{\"@id\":\"https:\/\/agenciainfra.com\/blog\/concessao-parcial-dos-portos-da-codeba-tera-nova-proposta-pelo-governo\/#primaryimage\"},\"image\":{\"@id\":\"https:\/\/agenciainfra.com\/blog\/concessao-parcial-dos-portos-da-codeba-tera-nova-proposta-pelo-governo\/#primaryimage\"},\"thumbnailUrl\":\"https:\/\/agenciainfra.com\/blog\/wp-content\/uploads\/2024\/08\/porto-de-salvador-codeba-foto-ascom.jpeg\",\"datePublished\":\"2025-09-26T15:00:00+00:00\",\"dateModified\":\"2025-09-30T11:02:51+00:00\",\"breadcrumb\":{\"@id\":\"https:\/\/agenciainfra.com\/blog\/concessao-parcial-dos-portos-da-codeba-tera-nova-proposta-pelo-governo\/#breadcrumb\"},\"inLanguage\":\"pt-BR\",\"potentialAction\":[{\"@type\":\"ReadAction\",\"target\":[\"https:\/\/agenciainfra.com\/blog\/concessao-parcial-dos-portos-da-codeba-tera-nova-proposta-pelo-governo\/\"]}]},{\"@type\":\"ImageObject\",\"inLanguage\":\"pt-BR\",\"@id\":\"https:\/\/agenciainfra.com\/blog\/concessao-parcial-dos-portos-da-codeba-tera-nova-proposta-pelo-governo\/#primaryimage\",\"url\":\"https:\/\/agenciainfra.com\/blog\/wp-content\/uploads\/2024\/08\/porto-de-salvador-codeba-foto-ascom.jpeg\",\"contentUrl\":\"https:\/\/agenciainfra.com\/blog\/wp-content\/uploads\/2024\/08\/porto-de-salvador-codeba-foto-ascom.jpeg\",\"width\":1202,\"height\":801,\"caption\":\"Foto: ASCOM\/Codeba\"},{\"@type\":\"BreadcrumbList\",\"@id\":\"https:\/\/agenciainfra.com\/blog\/concessao-parcial-dos-portos-da-codeba-tera-nova-proposta-pelo-governo\/#breadcrumb\",\"itemListElement\":[{\"@type\":\"ListItem\",\"position\":1,\"name\":\"In\u00edcio\",\"item\":\"https:\/\/agenciainfra.com\/blog\/\"},{\"@type\":\"ListItem\",\"position\":2,\"name\":\"Concess\u00e3o parcial dos portos da Codeba ter\u00e1 nova proposta pelo governo\"}]},{\"@type\":\"WebSite\",\"@id\":\"https:\/\/agenciainfra.com\/blog\/#website\",\"url\":\"https:\/\/agenciainfra.com\/blog\/\",\"name\":\"Ag\u00eancia iNFRA\",\"description\":\"Multiplataforma de informa\u00e7\u00e3o jornal\u00edstica refer\u00eancia na \u00e1rea de infraestrutura no Brasil!\",\"publisher\":{\"@id\":\"https:\/\/agenciainfra.com\/blog\/#organization\"},\"potentialAction\":[{\"@type\":\"SearchAction\",\"target\":{\"@type\":\"EntryPoint\",\"urlTemplate\":\"https:\/\/agenciainfra.com\/blog\/?s={search_term_string}\"},\"query-input\":{\"@type\":\"PropertyValueSpecification\",\"valueRequired\":true,\"valueName\":\"search_term_string\"}}],\"inLanguage\":\"pt-BR\"},{\"@type\":\"Organization\",\"@id\":\"https:\/\/agenciainfra.com\/blog\/#organization\",\"name\":\"Ag\u00eancia iNFRA\",\"url\":\"https:\/\/agenciainfra.com\/blog\/\",\"logo\":{\"@type\":\"ImageObject\",\"inLanguage\":\"pt-BR\",\"@id\":\"https:\/\/agenciainfra.com\/blog\/#\/schema\/logo\/image\/\",\"url\":\"https:\/\/agenciainfra.com\/blog\/wp-content\/uploads\/2023\/09\/iNFRA_5-e1761735885940.png\",\"contentUrl\":\"https:\/\/agenciainfra.com\/blog\/wp-content\/uploads\/2023\/09\/iNFRA_5-e1761735885940.png\",\"width\":1672,\"height\":454,\"caption\":\"Ag\u00eancia iNFRA\"},\"image\":{\"@id\":\"https:\/\/agenciainfra.com\/blog\/#\/schema\/logo\/image\/\"},\"sameAs\":[\"https:\/\/www.facebook.com\/ageninfra\",\"https:\/\/x.com\/agencia_infra\",\"https:\/\/www.linkedin.com\/company\/ag\u00eanciainfra\/\",\"https:\/\/www.instagram.com\/agenciainfra\/\"]},{\"@type\":\"Person\",\"@id\":\"https:\/\/agenciainfra.com\/blog\/#\/schema\/person\/34af08dff6adea4cb22b06612ba7acfa\",\"name\":\"Ag\u00eancia iNFRA\",\"image\":{\"@type\":\"ImageObject\",\"inLanguage\":\"pt-BR\",\"@id\":\"https:\/\/agenciainfra.com\/blog\/#\/schema\/person\/image\/\",\"url\":\"https:\/\/secure.gravatar.com\/avatar\/d189e01678f06d8eb84d4e01f08eb848b3fffe3f8443818d3c356c66892f5be8?s=96&d=mm&r=g\",\"contentUrl\":\"https:\/\/secure.gravatar.com\/avatar\/d189e01678f06d8eb84d4e01f08eb848b3fffe3f8443818d3c356c66892f5be8?s=96&d=mm&r=g\",\"caption\":\"Ag\u00eancia iNFRA\"},\"url\":\"https:\/\/agenciainfra.com\/blog\/author\/admin\/\"}]}<\/script>\n<!-- \/ Yoast SEO Premium plugin. -->","yoast_head_json":{"title":"Concess\u00e3o parcial dos portos da Codeba ter\u00e1 nova proposta pelo governo - Ag\u00eancia iNFRA","robots":{"index":"index","follow":"follow","max-snippet":"max-snippet:-1","max-image-preview":"max-image-preview:large","max-video-preview":"max-video-preview:-1"},"canonical":"https:\/\/agenciainfra.com\/blog\/concessao-parcial-dos-portos-da-codeba-tera-nova-proposta-pelo-governo\/","og_locale":"pt_BR","og_type":"article","og_title":"Concess\u00e3o parcial dos portos da Codeba ter\u00e1 nova proposta pelo governo","og_description":"Mar\u00edlia Sena, da Ag\u00eancia iNFRA O governo federal vai elaborar uma nova proposta de edital para a concess\u00e3o parcial dos portos de Salvador, Aratu-Candeias e Ilh\u00e9us, na Bahia, administrados pela Codeba (Companhia das Docas da Bahia). Os ajustes solicitados em audi\u00eancia p\u00fablica realizada no \u00faltimo m\u00eas pela ANTAQ (Ag\u00eancia Nacional de Transportes Aquavi\u00e1rios) ganharam o [&hellip;]","og_url":"https:\/\/agenciainfra.com\/blog\/concessao-parcial-dos-portos-da-codeba-tera-nova-proposta-pelo-governo\/","og_site_name":"Ag\u00eancia iNFRA","article_publisher":"https:\/\/www.facebook.com\/ageninfra","article_published_time":"2025-09-26T15:00:00+00:00","article_modified_time":"2025-09-30T11:02:51+00:00","og_image":[{"width":1202,"height":801,"url":"https:\/\/agenciainfra.com\/blog\/wp-content\/uploads\/2024\/08\/porto-de-salvador-codeba-foto-ascom.jpeg","type":"image\/jpeg"}],"author":"Ag\u00eancia iNFRA","twitter_card":"summary_large_image","twitter_creator":"@agencia_infra","twitter_site":"@agencia_infra","twitter_misc":{"Escrito por":"Ag\u00eancia iNFRA","Est. tempo de leitura":"6 minutos"},"schema":{"@context":"https:\/\/schema.org","@graph":[{"@type":"Article","@id":"https:\/\/agenciainfra.com\/blog\/concessao-parcial-dos-portos-da-codeba-tera-nova-proposta-pelo-governo\/#article","isPartOf":{"@id":"https:\/\/agenciainfra.com\/blog\/concessao-parcial-dos-portos-da-codeba-tera-nova-proposta-pelo-governo\/"},"author":{"name":"Ag\u00eancia iNFRA","@id":"https:\/\/agenciainfra.com\/blog\/#\/schema\/person\/34af08dff6adea4cb22b06612ba7acfa"},"headline":"Concess\u00e3o parcial dos portos da Codeba ter\u00e1 nova proposta pelo governo","datePublished":"2025-09-26T15:00:00+00:00","dateModified":"2025-09-30T11:02:51+00:00","mainEntityOfPage":{"@id":"https:\/\/agenciainfra.com\/blog\/concessao-parcial-dos-portos-da-codeba-tera-nova-proposta-pelo-governo\/"},"wordCount":1134,"publisher":{"@id":"https:\/\/agenciainfra.com\/blog\/#organization"},"image":{"@id":"https:\/\/agenciainfra.com\/blog\/concessao-parcial-dos-portos-da-codeba-tera-nova-proposta-pelo-governo\/#primaryimage"},"thumbnailUrl":"https:\/\/agenciainfra.com\/blog\/wp-content\/uploads\/2024\/08\/porto-de-salvador-codeba-foto-ascom.jpeg","keywords":["ANTAQ","Codeba","Concess\u00e3o","Concess\u00e3o portu\u00e1ria","leil\u00e3o","Porto Aratu-Candeias","porto de ilh\u00e9us","Porto de Salvador","portos","portos da bahia"],"articleSection":["Destaque lista","Geral","iNFRATransporte"],"inLanguage":"pt-BR","copyrightYear":"2025","copyrightHolder":{"@id":"https:\/\/agenciainfra.com\/blog\/#organization"}},{"@type":"WebPage","@id":"https:\/\/agenciainfra.com\/blog\/concessao-parcial-dos-portos-da-codeba-tera-nova-proposta-pelo-governo\/","url":"https:\/\/agenciainfra.com\/blog\/concessao-parcial-dos-portos-da-codeba-tera-nova-proposta-pelo-governo\/","name":"Concess\u00e3o parcial dos portos da Codeba ter\u00e1 nova proposta pelo governo - Ag\u00eancia iNFRA","isPartOf":{"@id":"https:\/\/agenciainfra.com\/blog\/#website"},"primaryImageOfPage":{"@id":"https:\/\/agenciainfra.com\/blog\/concessao-parcial-dos-portos-da-codeba-tera-nova-proposta-pelo-governo\/#primaryimage"},"image":{"@id":"https:\/\/agenciainfra.com\/blog\/concessao-parcial-dos-portos-da-codeba-tera-nova-proposta-pelo-governo\/#primaryimage"},"thumbnailUrl":"https:\/\/agenciainfra.com\/blog\/wp-content\/uploads\/2024\/08\/porto-de-salvador-codeba-foto-ascom.jpeg","datePublished":"2025-09-26T15:00:00+00:00","dateModified":"2025-09-30T11:02:51+00:00","breadcrumb":{"@id":"https:\/\/agenciainfra.com\/blog\/concessao-parcial-dos-portos-da-codeba-tera-nova-proposta-pelo-governo\/#breadcrumb"},"inLanguage":"pt-BR","potentialAction":[{"@type":"ReadAction","target":["https:\/\/agenciainfra.com\/blog\/concessao-parcial-dos-portos-da-codeba-tera-nova-proposta-pelo-governo\/"]}]},{"@type":"ImageObject","inLanguage":"pt-BR","@id":"https:\/\/agenciainfra.com\/blog\/concessao-parcial-dos-portos-da-codeba-tera-nova-proposta-pelo-governo\/#primaryimage","url":"https:\/\/agenciainfra.com\/blog\/wp-content\/uploads\/2024\/08\/porto-de-salvador-codeba-foto-ascom.jpeg","contentUrl":"https:\/\/agenciainfra.com\/blog\/wp-content\/uploads\/2024\/08\/porto-de-salvador-codeba-foto-ascom.jpeg","width":1202,"height":801,"caption":"Foto: ASCOM\/Codeba"},{"@type":"BreadcrumbList","@id":"https:\/\/agenciainfra.com\/blog\/concessao-parcial-dos-portos-da-codeba-tera-nova-proposta-pelo-governo\/#breadcrumb","itemListElement":[{"@type":"ListItem","position":1,"name":"In\u00edcio","item":"https:\/\/agenciainfra.com\/blog\/"},{"@type":"ListItem","position":2,"name":"Concess\u00e3o parcial dos portos da Codeba ter\u00e1 nova proposta pelo governo"}]},{"@type":"WebSite","@id":"https:\/\/agenciainfra.com\/blog\/#website","url":"https:\/\/agenciainfra.com\/blog\/","name":"Ag\u00eancia iNFRA","description":"Multiplataforma de informa\u00e7\u00e3o jornal\u00edstica refer\u00eancia na \u00e1rea de infraestrutura no Brasil!","publisher":{"@id":"https:\/\/agenciainfra.com\/blog\/#organization"},"potentialAction":[{"@type":"SearchAction","target":{"@type":"EntryPoint","urlTemplate":"https:\/\/agenciainfra.com\/blog\/?s={search_term_string}"},"query-input":{"@type":"PropertyValueSpecification","valueRequired":true,"valueName":"search_term_string"}}],"inLanguage":"pt-BR"},{"@type":"Organization","@id":"https:\/\/agenciainfra.com\/blog\/#organization","name":"Ag\u00eancia iNFRA","url":"https:\/\/agenciainfra.com\/blog\/","logo":{"@type":"ImageObject","inLanguage":"pt-BR","@id":"https:\/\/agenciainfra.com\/blog\/#\/schema\/logo\/image\/","url":"https:\/\/agenciainfra.com\/blog\/wp-content\/uploads\/2023\/09\/iNFRA_5-e1761735885940.png","contentUrl":"https:\/\/agenciainfra.com\/blog\/wp-content\/uploads\/2023\/09\/iNFRA_5-e1761735885940.png","width":1672,"height":454,"caption":"Ag\u00eancia iNFRA"},"image":{"@id":"https:\/\/agenciainfra.com\/blog\/#\/schema\/logo\/image\/"},"sameAs":["https:\/\/www.facebook.com\/ageninfra","https:\/\/x.com\/agencia_infra","https:\/\/www.linkedin.com\/company\/ag\u00eanciainfra\/","https:\/\/www.instagram.com\/agenciainfra\/"]},{"@type":"Person","@id":"https:\/\/agenciainfra.com\/blog\/#\/schema\/person\/34af08dff6adea4cb22b06612ba7acfa","name":"Ag\u00eancia iNFRA","image":{"@type":"ImageObject","inLanguage":"pt-BR","@id":"https:\/\/agenciainfra.com\/blog\/#\/schema\/person\/image\/","url":"https:\/\/secure.gravatar.com\/avatar\/d189e01678f06d8eb84d4e01f08eb848b3fffe3f8443818d3c356c66892f5be8?s=96&d=mm&r=g","contentUrl":"https:\/\/secure.gravatar.com\/avatar\/d189e01678f06d8eb84d4e01f08eb848b3fffe3f8443818d3c356c66892f5be8?s=96&d=mm&r=g","caption":"Ag\u00eancia iNFRA"},"url":"https:\/\/agenciainfra.com\/blog\/author\/admin\/"}]}},"_links":{"self":[{"href":"https:\/\/agenciainfra.com\/blog\/wp-json\/wp\/v2\/posts\/28744","targetHints":{"allow":["GET"]}}],"collection":[{"href":"https:\/\/agenciainfra.com\/blog\/wp-json\/wp\/v2\/posts"}],"about":[{"href":"https:\/\/agenciainfra.com\/blog\/wp-json\/wp\/v2\/types\/post"}],"author":[{"embeddable":true,"href":"https:\/\/agenciainfra.com\/blog\/wp-json\/wp\/v2\/users\/1"}],"replies":[{"embeddable":true,"href":"https:\/\/agenciainfra.com\/blog\/wp-json\/wp\/v2\/comments?post=28744"}],"version-history":[{"count":1,"href":"https:\/\/agenciainfra.com\/blog\/wp-json\/wp\/v2\/posts\/28744\/revisions"}],"predecessor-version":[{"id":28747,"href":"https:\/\/agenciainfra.com\/blog\/wp-json\/wp\/v2\/posts\/28744\/revisions\/28747"}],"wp:featuredmedia":[{"embeddable":true,"href":"https:\/\/agenciainfra.com\/blog\/wp-json\/wp\/v2\/media\/18033"}],"wp:attachment":[{"href":"https:\/\/agenciainfra.com\/blog\/wp-json\/wp\/v2\/media?parent=28744"}],"wp:term":[{"taxonomy":"category","embeddable":true,"href":"https:\/\/agenciainfra.com\/blog\/wp-json\/wp\/v2\/categories?post=28744"},{"taxonomy":"post_tag","embeddable":true,"href":"https:\/\/agenciainfra.com\/blog\/wp-json\/wp\/v2\/tags?post=28744"}],"curies":[{"name":"wp","href":"https:\/\/api.w.org\/{rel}","templated":true}]}}