{"id":28754,"date":"2025-09-26T12:27:53","date_gmt":"2025-09-26T15:27:53","guid":{"rendered":"https:\/\/agenciainfra.com\/blog\/?p=28754"},"modified":"2025-09-30T08:03:00","modified_gmt":"2025-09-30T11:03:00","slug":"leilao-de-sistemas-isolados-contrata-50-mw-e-desagio-alcanca-47","status":"publish","type":"post","link":"https:\/\/agenciainfra.com\/blog\/leilao-de-sistemas-isolados-contrata-50-mw-e-desagio-alcanca-47\/","title":{"rendered":"Leil\u00e3o de Sistemas Isolados contrata 50 MW e des\u00e1gio alcan\u00e7a 47%"},"content":{"rendered":"\n<p class=\"has-text-align-right\"><strong>Geraldo Campos Jr., da Ag\u00eancia iNFRA<\/strong><\/p>\n\n\n\n<p>O Leil\u00e3o de Sistemas Isolados realizado nesta sexta-feira (26) contratou 50 MW (megawatts) de pot\u00eancia para o atendimento do Par\u00e1 e do Amazonas. Sa\u00edram vencedoras as empresas Energias do Acre e o cons\u00f3rcio formado pela IFX Engenharia e You.on, com des\u00e1gios de 22% e 47%, respectivamente, sobre o pre\u00e7o inicial. Foram contratados suprimentos por t\u00e9rmicas a diesel combinadas com usinas fotovoltaicas.<\/p>\n\n\n\n<p>O certame foi reduzido no in\u00edcio da semana, ap\u00f3s a retirada pelo MME (Minist\u00e9rio de Minas e Energia) do lote II, que era o maior do edital, em meio a incertezas sobre as tarifas de g\u00e1s natural. <\/p>\n\n\n\n<p><strong>Leia o resultado por lote:<\/strong><br>Lote I (Amazonas): 20,16 MW de pot\u00eancia contratada, cinco centrais geradoras e pre\u00e7o de R$ 2.729,70 por MWh.<\/p>\n\n\n\n<p>Lote III (Par\u00e1): 30 MW de pot\u00eancia contratada, uma central geradora e pre\u00e7o de R$ 1.593,16 por MWh.<\/p>\n\n\n\n<p>Veja o resultado completo <a href=\"https:\/\/agenciainfra.com\/blog\/wp-content\/uploads\/2025\/09\/CCEE-resultado.pdf\">neste link<\/a>.<\/p>\n","protected":false},"excerpt":{"rendered":"<p>Geraldo Campos Jr., da Ag\u00eancia iNFRA O Leil\u00e3o de Sistemas Isolados realizado nesta sexta-feira (26) contratou 50 MW (megawatts) de pot\u00eancia para o atendimento do Par\u00e1 e do Amazonas. Sa\u00edram vencedoras as empresas Energias do Acre e o cons\u00f3rcio formado pela IFX Engenharia e You.on, com des\u00e1gios de 22% e 47%, respectivamente, sobre o pre\u00e7o [&hellip;]<\/p>\n","protected":false},"author":1,"featured_media":28755,"comment_status":"closed","ping_status":"closed","sticky":false,"template":"","format":"standard","meta":{"_monsterinsights_skip_tracking":false,"_monsterinsights_sitenote_active":false,"_monsterinsights_sitenote_note":"","_monsterinsights_sitenote_category":0,"footnotes":""},"categories":[7250,1,10],"tags":[15656,11594,15654,11785,96,15655],"class_list":["post-28754","post","type-post","status-publish","format-standard","has-post-thumbnail","hentry","category-destaque-lista","category-geral","category-infraenergia","tag-energias-do-acre","tag-geraldo-campos-jr","tag-ifx-engenharia","tag-leilao-de-sistemas-isolados","tag-ministerio-de-minas-e-energia","tag-you-on"],"yoast_head":"<!-- This site is optimized with the Yoast SEO Premium plugin v25.4 (Yoast SEO v26.0) - https:\/\/yoast.com\/wordpress\/plugins\/seo\/ -->\n<title>Leil\u00e3o de Sistemas Isolados contrata 50 MW e des\u00e1gio alcan\u00e7a 47% - Ag\u00eancia iNFRA<\/title>\n<meta name=\"robots\" content=\"index, follow, max-snippet:-1, max-image-preview:large, max-video-preview:-1\" \/>\n<link rel=\"canonical\" href=\"https:\/\/agenciainfra.com\/blog\/leilao-de-sistemas-isolados-contrata-50-mw-e-desagio-alcanca-47\/\" \/>\n<meta property=\"og:locale\" content=\"pt_BR\" \/>\n<meta property=\"og:type\" content=\"article\" \/>\n<meta property=\"og:title\" content=\"Leil\u00e3o de Sistemas Isolados contrata 50 MW e des\u00e1gio alcan\u00e7a 47%\" \/>\n<meta property=\"og:description\" content=\"Geraldo Campos Jr., da Ag\u00eancia iNFRA O Leil\u00e3o de Sistemas Isolados realizado nesta sexta-feira (26) contratou 50 MW (megawatts) de pot\u00eancia para o atendimento do Par\u00e1 e do Amazonas. Sa\u00edram vencedoras as empresas Energias do Acre e o cons\u00f3rcio formado pela IFX Engenharia e You.on, com des\u00e1gios de 22% e 47%, respectivamente, sobre o pre\u00e7o [&hellip;]\" \/>\n<meta property=\"og:url\" content=\"https:\/\/agenciainfra.com\/blog\/leilao-de-sistemas-isolados-contrata-50-mw-e-desagio-alcanca-47\/\" \/>\n<meta property=\"og:site_name\" content=\"Ag\u00eancia iNFRA\" \/>\n<meta property=\"article:publisher\" content=\"https:\/\/www.facebook.com\/ageninfra\" \/>\n<meta property=\"article:published_time\" content=\"2025-09-26T15:27:53+00:00\" \/>\n<meta property=\"article:modified_time\" content=\"2025-09-30T11:03:00+00:00\" \/>\n<meta property=\"og:image\" content=\"https:\/\/agenciainfra.com\/blog\/wp-content\/uploads\/2025\/09\/usina-termica-foto-dominio-publico.jpg\" \/>\n\t<meta property=\"og:image:width\" content=\"1280\" \/>\n\t<meta property=\"og:image:height\" content=\"850\" \/>\n\t<meta property=\"og:image:type\" content=\"image\/jpeg\" \/>\n<meta name=\"author\" content=\"Ag\u00eancia iNFRA\" \/>\n<meta name=\"twitter:card\" content=\"summary_large_image\" \/>\n<meta name=\"twitter:creator\" content=\"@agencia_infra\" \/>\n<meta name=\"twitter:site\" content=\"@agencia_infra\" \/>\n<meta name=\"twitter:label1\" content=\"Escrito por\" \/>\n\t<meta name=\"twitter:data1\" content=\"Ag\u00eancia iNFRA\" \/>\n\t<meta name=\"twitter:label2\" content=\"Est. tempo de leitura\" \/>\n\t<meta name=\"twitter:data2\" content=\"1 minuto\" \/>\n<script type=\"application\/ld+json\" class=\"yoast-schema-graph\">{\"@context\":\"https:\/\/schema.org\",\"@graph\":[{\"@type\":\"Article\",\"@id\":\"https:\/\/agenciainfra.com\/blog\/leilao-de-sistemas-isolados-contrata-50-mw-e-desagio-alcanca-47\/#article\",\"isPartOf\":{\"@id\":\"https:\/\/agenciainfra.com\/blog\/leilao-de-sistemas-isolados-contrata-50-mw-e-desagio-alcanca-47\/\"},\"author\":{\"name\":\"Ag\u00eancia iNFRA\",\"@id\":\"https:\/\/agenciainfra.com\/blog\/#\/schema\/person\/34af08dff6adea4cb22b06612ba7acfa\"},\"headline\":\"Leil\u00e3o de Sistemas Isolados contrata 50 MW e des\u00e1gio alcan\u00e7a 47%\",\"datePublished\":\"2025-09-26T15:27:53+00:00\",\"dateModified\":\"2025-09-30T11:03:00+00:00\",\"mainEntityOfPage\":{\"@id\":\"https:\/\/agenciainfra.com\/blog\/leilao-de-sistemas-isolados-contrata-50-mw-e-desagio-alcanca-47\/\"},\"wordCount\":172,\"publisher\":{\"@id\":\"https:\/\/agenciainfra.com\/blog\/#organization\"},\"image\":{\"@id\":\"https:\/\/agenciainfra.com\/blog\/leilao-de-sistemas-isolados-contrata-50-mw-e-desagio-alcanca-47\/#primaryimage\"},\"thumbnailUrl\":\"https:\/\/agenciainfra.com\/blog\/wp-content\/uploads\/2025\/09\/usina-termica-foto-dominio-publico.jpg\",\"keywords\":[\"Energias do Acre\",\"Geraldo Campos Jr.\",\"IFX Engenharia\",\"leil\u00e3o de sistemas isolados\",\"Minist\u00e9rio de Minas e Energia\",\"You.on\"],\"articleSection\":[\"Destaque lista\",\"Geral\",\"iNFRAEnergia\"],\"inLanguage\":\"pt-BR\",\"copyrightYear\":\"2025\",\"copyrightHolder\":{\"@id\":\"https:\/\/agenciainfra.com\/blog\/#organization\"}},{\"@type\":\"WebPage\",\"@id\":\"https:\/\/agenciainfra.com\/blog\/leilao-de-sistemas-isolados-contrata-50-mw-e-desagio-alcanca-47\/\",\"url\":\"https:\/\/agenciainfra.com\/blog\/leilao-de-sistemas-isolados-contrata-50-mw-e-desagio-alcanca-47\/\",\"name\":\"Leil\u00e3o de Sistemas Isolados contrata 50 MW e des\u00e1gio alcan\u00e7a 47% - Ag\u00eancia iNFRA\",\"isPartOf\":{\"@id\":\"https:\/\/agenciainfra.com\/blog\/#website\"},\"primaryImageOfPage\":{\"@id\":\"https:\/\/agenciainfra.com\/blog\/leilao-de-sistemas-isolados-contrata-50-mw-e-desagio-alcanca-47\/#primaryimage\"},\"image\":{\"@id\":\"https:\/\/agenciainfra.com\/blog\/leilao-de-sistemas-isolados-contrata-50-mw-e-desagio-alcanca-47\/#primaryimage\"},\"thumbnailUrl\":\"https:\/\/agenciainfra.com\/blog\/wp-content\/uploads\/2025\/09\/usina-termica-foto-dominio-publico.jpg\",\"datePublished\":\"2025-09-26T15:27:53+00:00\",\"dateModified\":\"2025-09-30T11:03:00+00:00\",\"breadcrumb\":{\"@id\":\"https:\/\/agenciainfra.com\/blog\/leilao-de-sistemas-isolados-contrata-50-mw-e-desagio-alcanca-47\/#breadcrumb\"},\"inLanguage\":\"pt-BR\",\"potentialAction\":[{\"@type\":\"ReadAction\",\"target\":[\"https:\/\/agenciainfra.com\/blog\/leilao-de-sistemas-isolados-contrata-50-mw-e-desagio-alcanca-47\/\"]}]},{\"@type\":\"ImageObject\",\"inLanguage\":\"pt-BR\",\"@id\":\"https:\/\/agenciainfra.com\/blog\/leilao-de-sistemas-isolados-contrata-50-mw-e-desagio-alcanca-47\/#primaryimage\",\"url\":\"https:\/\/agenciainfra.com\/blog\/wp-content\/uploads\/2025\/09\/usina-termica-foto-dominio-publico.jpg\",\"contentUrl\":\"https:\/\/agenciainfra.com\/blog\/wp-content\/uploads\/2025\/09\/usina-termica-foto-dominio-publico.jpg\",\"width\":1280,\"height\":850,\"caption\":\"Foto: Dom\u00ednio P\u00fablico\"},{\"@type\":\"BreadcrumbList\",\"@id\":\"https:\/\/agenciainfra.com\/blog\/leilao-de-sistemas-isolados-contrata-50-mw-e-desagio-alcanca-47\/#breadcrumb\",\"itemListElement\":[{\"@type\":\"ListItem\",\"position\":1,\"name\":\"In\u00edcio\",\"item\":\"https:\/\/agenciainfra.com\/blog\/\"},{\"@type\":\"ListItem\",\"position\":2,\"name\":\"Leil\u00e3o de Sistemas Isolados contrata 50 MW e des\u00e1gio alcan\u00e7a 47%\"}]},{\"@type\":\"WebSite\",\"@id\":\"https:\/\/agenciainfra.com\/blog\/#website\",\"url\":\"https:\/\/agenciainfra.com\/blog\/\",\"name\":\"Ag\u00eancia iNFRA\",\"description\":\"Multiplataforma de informa\u00e7\u00e3o jornal\u00edstica refer\u00eancia na \u00e1rea de infraestrutura no Brasil!\",\"publisher\":{\"@id\":\"https:\/\/agenciainfra.com\/blog\/#organization\"},\"potentialAction\":[{\"@type\":\"SearchAction\",\"target\":{\"@type\":\"EntryPoint\",\"urlTemplate\":\"https:\/\/agenciainfra.com\/blog\/?s={search_term_string}\"},\"query-input\":{\"@type\":\"PropertyValueSpecification\",\"valueRequired\":true,\"valueName\":\"search_term_string\"}}],\"inLanguage\":\"pt-BR\"},{\"@type\":\"Organization\",\"@id\":\"https:\/\/agenciainfra.com\/blog\/#organization\",\"name\":\"Ag\u00eancia iNFRA\",\"url\":\"https:\/\/agenciainfra.com\/blog\/\",\"logo\":{\"@type\":\"ImageObject\",\"inLanguage\":\"pt-BR\",\"@id\":\"https:\/\/agenciainfra.com\/blog\/#\/schema\/logo\/image\/\",\"url\":\"https:\/\/agenciainfra.com\/blog\/wp-content\/uploads\/2023\/09\/iNFRA_5-e1761735885940.png\",\"contentUrl\":\"https:\/\/agenciainfra.com\/blog\/wp-content\/uploads\/2023\/09\/iNFRA_5-e1761735885940.png\",\"width\":1672,\"height\":454,\"caption\":\"Ag\u00eancia iNFRA\"},\"image\":{\"@id\":\"https:\/\/agenciainfra.com\/blog\/#\/schema\/logo\/image\/\"},\"sameAs\":[\"https:\/\/www.facebook.com\/ageninfra\",\"https:\/\/x.com\/agencia_infra\",\"https:\/\/www.linkedin.com\/company\/ag\u00eanciainfra\/\",\"https:\/\/www.instagram.com\/agenciainfra\/\"]},{\"@type\":\"Person\",\"@id\":\"https:\/\/agenciainfra.com\/blog\/#\/schema\/person\/34af08dff6adea4cb22b06612ba7acfa\",\"name\":\"Ag\u00eancia iNFRA\",\"image\":{\"@type\":\"ImageObject\",\"inLanguage\":\"pt-BR\",\"@id\":\"https:\/\/agenciainfra.com\/blog\/#\/schema\/person\/image\/\",\"url\":\"https:\/\/secure.gravatar.com\/avatar\/d189e01678f06d8eb84d4e01f08eb848b3fffe3f8443818d3c356c66892f5be8?s=96&d=mm&r=g\",\"contentUrl\":\"https:\/\/secure.gravatar.com\/avatar\/d189e01678f06d8eb84d4e01f08eb848b3fffe3f8443818d3c356c66892f5be8?s=96&d=mm&r=g\",\"caption\":\"Ag\u00eancia iNFRA\"},\"url\":\"https:\/\/agenciainfra.com\/blog\/author\/admin\/\"}]}<\/script>\n<!-- \/ Yoast SEO Premium plugin. -->","yoast_head_json":{"title":"Leil\u00e3o de Sistemas Isolados contrata 50 MW e des\u00e1gio alcan\u00e7a 47% - Ag\u00eancia iNFRA","robots":{"index":"index","follow":"follow","max-snippet":"max-snippet:-1","max-image-preview":"max-image-preview:large","max-video-preview":"max-video-preview:-1"},"canonical":"https:\/\/agenciainfra.com\/blog\/leilao-de-sistemas-isolados-contrata-50-mw-e-desagio-alcanca-47\/","og_locale":"pt_BR","og_type":"article","og_title":"Leil\u00e3o de Sistemas Isolados contrata 50 MW e des\u00e1gio alcan\u00e7a 47%","og_description":"Geraldo Campos Jr., da Ag\u00eancia iNFRA O Leil\u00e3o de Sistemas Isolados realizado nesta sexta-feira (26) contratou 50 MW (megawatts) de pot\u00eancia para o atendimento do Par\u00e1 e do Amazonas. Sa\u00edram vencedoras as empresas Energias do Acre e o cons\u00f3rcio formado pela IFX Engenharia e You.on, com des\u00e1gios de 22% e 47%, respectivamente, sobre o pre\u00e7o [&hellip;]","og_url":"https:\/\/agenciainfra.com\/blog\/leilao-de-sistemas-isolados-contrata-50-mw-e-desagio-alcanca-47\/","og_site_name":"Ag\u00eancia iNFRA","article_publisher":"https:\/\/www.facebook.com\/ageninfra","article_published_time":"2025-09-26T15:27:53+00:00","article_modified_time":"2025-09-30T11:03:00+00:00","og_image":[{"width":1280,"height":850,"url":"https:\/\/agenciainfra.com\/blog\/wp-content\/uploads\/2025\/09\/usina-termica-foto-dominio-publico.jpg","type":"image\/jpeg"}],"author":"Ag\u00eancia iNFRA","twitter_card":"summary_large_image","twitter_creator":"@agencia_infra","twitter_site":"@agencia_infra","twitter_misc":{"Escrito por":"Ag\u00eancia iNFRA","Est. tempo de leitura":"1 minuto"},"schema":{"@context":"https:\/\/schema.org","@graph":[{"@type":"Article","@id":"https:\/\/agenciainfra.com\/blog\/leilao-de-sistemas-isolados-contrata-50-mw-e-desagio-alcanca-47\/#article","isPartOf":{"@id":"https:\/\/agenciainfra.com\/blog\/leilao-de-sistemas-isolados-contrata-50-mw-e-desagio-alcanca-47\/"},"author":{"name":"Ag\u00eancia iNFRA","@id":"https:\/\/agenciainfra.com\/blog\/#\/schema\/person\/34af08dff6adea4cb22b06612ba7acfa"},"headline":"Leil\u00e3o de Sistemas Isolados contrata 50 MW e des\u00e1gio alcan\u00e7a 47%","datePublished":"2025-09-26T15:27:53+00:00","dateModified":"2025-09-30T11:03:00+00:00","mainEntityOfPage":{"@id":"https:\/\/agenciainfra.com\/blog\/leilao-de-sistemas-isolados-contrata-50-mw-e-desagio-alcanca-47\/"},"wordCount":172,"publisher":{"@id":"https:\/\/agenciainfra.com\/blog\/#organization"},"image":{"@id":"https:\/\/agenciainfra.com\/blog\/leilao-de-sistemas-isolados-contrata-50-mw-e-desagio-alcanca-47\/#primaryimage"},"thumbnailUrl":"https:\/\/agenciainfra.com\/blog\/wp-content\/uploads\/2025\/09\/usina-termica-foto-dominio-publico.jpg","keywords":["Energias do Acre","Geraldo Campos Jr.","IFX Engenharia","leil\u00e3o de sistemas isolados","Minist\u00e9rio de Minas e Energia","You.on"],"articleSection":["Destaque lista","Geral","iNFRAEnergia"],"inLanguage":"pt-BR","copyrightYear":"2025","copyrightHolder":{"@id":"https:\/\/agenciainfra.com\/blog\/#organization"}},{"@type":"WebPage","@id":"https:\/\/agenciainfra.com\/blog\/leilao-de-sistemas-isolados-contrata-50-mw-e-desagio-alcanca-47\/","url":"https:\/\/agenciainfra.com\/blog\/leilao-de-sistemas-isolados-contrata-50-mw-e-desagio-alcanca-47\/","name":"Leil\u00e3o de Sistemas Isolados contrata 50 MW e des\u00e1gio alcan\u00e7a 47% - Ag\u00eancia iNFRA","isPartOf":{"@id":"https:\/\/agenciainfra.com\/blog\/#website"},"primaryImageOfPage":{"@id":"https:\/\/agenciainfra.com\/blog\/leilao-de-sistemas-isolados-contrata-50-mw-e-desagio-alcanca-47\/#primaryimage"},"image":{"@id":"https:\/\/agenciainfra.com\/blog\/leilao-de-sistemas-isolados-contrata-50-mw-e-desagio-alcanca-47\/#primaryimage"},"thumbnailUrl":"https:\/\/agenciainfra.com\/blog\/wp-content\/uploads\/2025\/09\/usina-termica-foto-dominio-publico.jpg","datePublished":"2025-09-26T15:27:53+00:00","dateModified":"2025-09-30T11:03:00+00:00","breadcrumb":{"@id":"https:\/\/agenciainfra.com\/blog\/leilao-de-sistemas-isolados-contrata-50-mw-e-desagio-alcanca-47\/#breadcrumb"},"inLanguage":"pt-BR","potentialAction":[{"@type":"ReadAction","target":["https:\/\/agenciainfra.com\/blog\/leilao-de-sistemas-isolados-contrata-50-mw-e-desagio-alcanca-47\/"]}]},{"@type":"ImageObject","inLanguage":"pt-BR","@id":"https:\/\/agenciainfra.com\/blog\/leilao-de-sistemas-isolados-contrata-50-mw-e-desagio-alcanca-47\/#primaryimage","url":"https:\/\/agenciainfra.com\/blog\/wp-content\/uploads\/2025\/09\/usina-termica-foto-dominio-publico.jpg","contentUrl":"https:\/\/agenciainfra.com\/blog\/wp-content\/uploads\/2025\/09\/usina-termica-foto-dominio-publico.jpg","width":1280,"height":850,"caption":"Foto: Dom\u00ednio P\u00fablico"},{"@type":"BreadcrumbList","@id":"https:\/\/agenciainfra.com\/blog\/leilao-de-sistemas-isolados-contrata-50-mw-e-desagio-alcanca-47\/#breadcrumb","itemListElement":[{"@type":"ListItem","position":1,"name":"In\u00edcio","item":"https:\/\/agenciainfra.com\/blog\/"},{"@type":"ListItem","position":2,"name":"Leil\u00e3o de Sistemas Isolados contrata 50 MW e des\u00e1gio alcan\u00e7a 47%"}]},{"@type":"WebSite","@id":"https:\/\/agenciainfra.com\/blog\/#website","url":"https:\/\/agenciainfra.com\/blog\/","name":"Ag\u00eancia iNFRA","description":"Multiplataforma de informa\u00e7\u00e3o jornal\u00edstica refer\u00eancia na \u00e1rea de infraestrutura no Brasil!","publisher":{"@id":"https:\/\/agenciainfra.com\/blog\/#organization"},"potentialAction":[{"@type":"SearchAction","target":{"@type":"EntryPoint","urlTemplate":"https:\/\/agenciainfra.com\/blog\/?s={search_term_string}"},"query-input":{"@type":"PropertyValueSpecification","valueRequired":true,"valueName":"search_term_string"}}],"inLanguage":"pt-BR"},{"@type":"Organization","@id":"https:\/\/agenciainfra.com\/blog\/#organization","name":"Ag\u00eancia iNFRA","url":"https:\/\/agenciainfra.com\/blog\/","logo":{"@type":"ImageObject","inLanguage":"pt-BR","@id":"https:\/\/agenciainfra.com\/blog\/#\/schema\/logo\/image\/","url":"https:\/\/agenciainfra.com\/blog\/wp-content\/uploads\/2023\/09\/iNFRA_5-e1761735885940.png","contentUrl":"https:\/\/agenciainfra.com\/blog\/wp-content\/uploads\/2023\/09\/iNFRA_5-e1761735885940.png","width":1672,"height":454,"caption":"Ag\u00eancia iNFRA"},"image":{"@id":"https:\/\/agenciainfra.com\/blog\/#\/schema\/logo\/image\/"},"sameAs":["https:\/\/www.facebook.com\/ageninfra","https:\/\/x.com\/agencia_infra","https:\/\/www.linkedin.com\/company\/ag\u00eanciainfra\/","https:\/\/www.instagram.com\/agenciainfra\/"]},{"@type":"Person","@id":"https:\/\/agenciainfra.com\/blog\/#\/schema\/person\/34af08dff6adea4cb22b06612ba7acfa","name":"Ag\u00eancia iNFRA","image":{"@type":"ImageObject","inLanguage":"pt-BR","@id":"https:\/\/agenciainfra.com\/blog\/#\/schema\/person\/image\/","url":"https:\/\/secure.gravatar.com\/avatar\/d189e01678f06d8eb84d4e01f08eb848b3fffe3f8443818d3c356c66892f5be8?s=96&d=mm&r=g","contentUrl":"https:\/\/secure.gravatar.com\/avatar\/d189e01678f06d8eb84d4e01f08eb848b3fffe3f8443818d3c356c66892f5be8?s=96&d=mm&r=g","caption":"Ag\u00eancia iNFRA"},"url":"https:\/\/agenciainfra.com\/blog\/author\/admin\/"}]}},"_links":{"self":[{"href":"https:\/\/agenciainfra.com\/blog\/wp-json\/wp\/v2\/posts\/28754","targetHints":{"allow":["GET"]}}],"collection":[{"href":"https:\/\/agenciainfra.com\/blog\/wp-json\/wp\/v2\/posts"}],"about":[{"href":"https:\/\/agenciainfra.com\/blog\/wp-json\/wp\/v2\/types\/post"}],"author":[{"embeddable":true,"href":"https:\/\/agenciainfra.com\/blog\/wp-json\/wp\/v2\/users\/1"}],"replies":[{"embeddable":true,"href":"https:\/\/agenciainfra.com\/blog\/wp-json\/wp\/v2\/comments?post=28754"}],"version-history":[{"count":1,"href":"https:\/\/agenciainfra.com\/blog\/wp-json\/wp\/v2\/posts\/28754\/revisions"}],"predecessor-version":[{"id":28756,"href":"https:\/\/agenciainfra.com\/blog\/wp-json\/wp\/v2\/posts\/28754\/revisions\/28756"}],"wp:featuredmedia":[{"embeddable":true,"href":"https:\/\/agenciainfra.com\/blog\/wp-json\/wp\/v2\/media\/28755"}],"wp:attachment":[{"href":"https:\/\/agenciainfra.com\/blog\/wp-json\/wp\/v2\/media?parent=28754"}],"wp:term":[{"taxonomy":"category","embeddable":true,"href":"https:\/\/agenciainfra.com\/blog\/wp-json\/wp\/v2\/categories?post=28754"},{"taxonomy":"post_tag","embeddable":true,"href":"https:\/\/agenciainfra.com\/blog\/wp-json\/wp\/v2\/tags?post=28754"}],"curies":[{"name":"wp","href":"https:\/\/api.w.org\/{rel}","templated":true}]}}