{"id":28768,"date":"2025-09-27T10:00:00","date_gmt":"2025-09-27T13:00:00","guid":{"rendered":"https:\/\/agenciainfra.com\/blog\/?p=28768"},"modified":"2025-09-27T10:00:01","modified_gmt":"2025-09-27T13:00:01","slug":"opiniao-plano-nacional-de-ferrovias-e-o-impacto-no-modelo-de-concessoes-ferroviarias","status":"publish","type":"post","link":"https:\/\/agenciainfra.com\/blog\/opiniao-plano-nacional-de-ferrovias-e-o-impacto-no-modelo-de-concessoes-ferroviarias\/","title":{"rendered":"Opini\u00e3o \u2013 Plano Nacional de Ferrovias e o impacto no modelo de concess\u00f5es ferrovi\u00e1rias"},"content":{"rendered":"\n<p class=\"has-text-align-right\"><strong>J\u00e9ssica Arag\u00e3o Everton*, Raphaela Esperan\u00e7a** e Fernanda Martinez Campos Cotecchia***<\/strong><\/p>\n\n\n\n<p>O setor ferrovi\u00e1rio brasileiro vive um momento de inflex\u00e3o, sendo um ramo tradicionalmente marcado por investimentos p\u00fablicos insuficientes e pela predomin\u00e2ncia do transporte rodovi\u00e1rio brasileiro.<\/p>\n\n\n\n<p>O Brasil agora aposta em um novo ciclo de expans\u00e3o e moderniza\u00e7\u00e3o das ferrovias com a implementa\u00e7\u00e3o do Plano Nacional de Ferrovias, o qual prev\u00ea investimentos estimados em cerca de R$ 138,6 bilh\u00f5es, totalizando aproximadamente 18,8 mil quil\u00f4metros de malha ferrovi\u00e1ria e representando uma das maiores iniciativas de infraestrutura log\u00edstica da hist\u00f3ria recente.<\/p>\n\n\n\n<p>Historicamente, o modelo de desenvolvimento ferrovi\u00e1rio no Brasil foi estruturado em torno das concess\u00f5es tradicionais, leiloadas na d\u00e9cada de 1990, quando a Uni\u00e3o transferiu \u00e0 iniciativa privada a opera\u00e7\u00e3o de trechos j\u00e1 existentes. Nessa configura\u00e7\u00e3o, os contratos tinham como caracter\u00edstica central a delega\u00e7\u00e3o integral de riscos \u00e0 concession\u00e1ria, respons\u00e1vel por manuten\u00e7\u00e3o, opera\u00e7\u00e3o e eventuais expans\u00f5es, mediante pagamento de outorgas e cumprimento de metas estabelecidas pelo poder p\u00fablico.&nbsp;<\/p>\n\n\n\n<p>Nesse sentido, muito embora tenham permitido certa moderniza\u00e7\u00e3o e aumento da efici\u00eancia operacional, essas concess\u00f5es mostraram limites evidentes: concentra\u00e7\u00e3o em poucos grandes grupos, dificuldades de integra\u00e7\u00e3o multimodal, gargalos em \u00e1reas estrat\u00e9gicas e, sobretudo, uma limita\u00e7\u00e3o de investimentos em projetos considerados menos rent\u00e1veis.<\/p>\n\n\n\n<p>O Plano Nacional de Ferrovias introduz diferen\u00e7as substanciais nesse modelo. No lugar de depender exclusivamente de concess\u00f5es tradicionais, o governo optou por um formato h\u00edbrido, o qual combina concess\u00f5es com aportes p\u00fablicos diretos e repactua\u00e7\u00f5es de contratos existentes.&nbsp;<\/p>\n\n\n\n<p>A mudan\u00e7a em quest\u00e3o faz parte do reconhecimento de que muitos projetos ferrovi\u00e1rios, especialmente os chamados \u201cgreenfield\u201d \u2014 como a Ferrogr\u00e3o, ligando o Mato Grosso ao Par\u00e1 \u2014 n\u00e3o possuem viabilidade econ\u00f4mica apenas pela tarifa e pela demanda projetada, exigindo subs\u00eddios ou complementa\u00e7\u00f5es financeiras para atrair investidores. A cria\u00e7\u00e3o de uma Pol\u00edtica Nacional de Outorgas Ferrovi\u00e1rias pretende formalizar essas regras de apoio, definindo crit\u00e9rios objetivos para aportes governamentais e mecanismos de partilha de riscos.<\/p>\n\n\n\n<p>Outro ponto que diferencia o Plano Nacional de Ferrovias do modelo tradicional \u00e9 o escalonamento e o fatiamento dos projetos. O governo optou por priorizar os que apresentam maior maturidade regulat\u00f3ria, ambiental e de engenharia. Desse modo, os primeiros leil\u00f5es j\u00e1 anunciados incluem o Anel Ferrovi\u00e1rio do Sudeste (EF-118), previsto ainda para 2025, seguido do Corredor Fiol-Fico e da Ferrogr\u00e3o, ambos projetados para 2026. Tal estrat\u00e9gia permite reduzir incertezas, testar os novos modelos contratuais e ajustar falhas antes da implementa\u00e7\u00e3o em escala nacional.<\/p>\n\n\n\n<p>Al\u00e9m disso, o Plano Nacional de Ferrovias prev\u00ea um conjunto de repactua\u00e7\u00f5es contratuais, especialmente em ativos como a Malha Oeste, a Malha Sul e a Ferrovia Transnordestina Log\u00edstica. Diferentemente das concess\u00f5es originais, essas renegocia\u00e7\u00f5es podem incluir prorroga\u00e7\u00f5es condicionadas a novos investimentos, mudan\u00e7as de tra\u00e7ado ou at\u00e9 mesmo a possibilidade de relicita\u00e7\u00e3o em caso de inviabilidade. Essa flexibilidade regulat\u00f3ria representa uma inova\u00e7\u00e3o importante, pois rompe com a rigidez dos contratos antigos, que muitas vezes limitavam a capacidade do Estado de exigir contrapartidas mais aderentes \u00e0s necessidades log\u00edsticas atuais.<\/p>\n\n\n\n<p>Outra inova\u00e7\u00e3o \u00e9 a inclus\u00e3o de projetos de ferrovias de passageiros, com previs\u00e3o de cerca de R$ 8,9 bilh\u00f5es em investimentos. Embora historicamente negligenciado no pa\u00eds, o transporte ferrovi\u00e1rio de passageiros volta \u00e0 agenda, com estudos em andamento para linhas como Bras\u00edlia-Luzi\u00e2nia, Salvador-Feira de Santana e Fortaleza-Sobral. Esse movimento indica que o modelo de concess\u00f5es n\u00e3o ser\u00e1 mais restrito ao transporte de cargas, ampliando sua abrang\u00eancia social e urbana.<\/p>\n\n\n\n<p>\u00c9 importante destacar tamb\u00e9m que vis\u00e3o estrat\u00e9gica de integra\u00e7\u00e3o log\u00edstica foi pensada no Plano Nacional de Ferrovias. Enquanto as concess\u00f5es originais privilegiaram trechos isolados, muitas vezes voltados para a exporta\u00e7\u00e3o de commodities espec\u00edficas, o novo plano enfatiza corredores integrados, com conex\u00f5es diretas a portos, rodovias e outras ferrovias. Neste aspecto, projetos como a liga\u00e7\u00e3o entre a Norte-Sul e a Transnordestina ou a extens\u00e3o da malha at\u00e9 o Porto de Vila do Conde exemplificam essa abordagem, cujo objetivo \u00e9 evitar \u201cilhas ferrovi\u00e1rias\u201d pouco aproveitadas.<\/p>\n\n\n\n<p>No entanto, as mudan\u00e7as n\u00e3o eliminam os desafios, quest\u00f5es ambientais e jur\u00eddicas continuam sendo obst\u00e1culos significativos, como demonstrado no caso da Ferrogr\u00e3o, atualmente sob an\u00e1lise do Supremo Tribunal Federal por afetar parte do Parque Nacional do Jamanxim. H\u00e1 ainda riscos relacionados \u00e0 viabilidade financeira dos projetos, \u00e0 capacidade institucional de monitorar contratos complexos e \u00e0 necessidade de garantir seguran\u00e7a jur\u00eddica a longo prazo para investidores.<\/p>\n\n\n\n<p>Em s\u00edntese, o Plano Nacional de Ferrovias representa um redesenho profundo do modelo de concess\u00f5es ferrovi\u00e1rias no Brasil. Ele rompe com a l\u00f3gica exclusiva de delega\u00e7\u00e3o de riscos \u00e0 iniciativa privada e adota um formato mais equilibrado, em que o Estado atua como indutor e parceiro, seja por meio de aportes financeiros, repactua\u00e7\u00f5es ou defini\u00e7\u00e3o de pol\u00edticas claras de outorga.&nbsp;<\/p>\n\n\n\n<p>Assim, ao priorizar projetos maduros, ampliar o escopo para passageiros e focar na integra\u00e7\u00e3o multimodal, o plano tem potencial de transformar a matriz de transporte nacional, reduzir custos log\u00edsticos e aumentar a competitividade do pa\u00eds.<\/p>\n\n\n\n<p><strong>*<strong><strong>J\u00e9ssica Arag\u00e3o Everton<\/strong><\/strong><\/strong> \u00e9 advogada do Kincaid Mendes Vianna Advogados.<\/p>\n\n\n\n<p><strong>**<strong><strong>Raphaela Esperan\u00e7a<\/strong><\/strong><\/strong> \u00e9 advogada do Kincaid Mendes Vianna Advogados.<\/p>\n\n\n\n<p><strong>***<strong><strong>Fernanda Martinez Campos Cotecchia<\/strong><\/strong><\/strong> \u00e9 s\u00f3cia do Kincaid Mendes Vianna Advogados.<\/p>\n\n\n\n<p class=\"has-luminous-vivid-orange-color has-text-color has-link-color wp-elements-afaaa81626125a77b95b6a69457c218d\">As opini\u00f5es dos autores n\u00e3o refletem necessariamente o pensamento da<strong>&nbsp;Ag\u00eancia iNFRA<\/strong>, sendo de total responsabilidade do autor as informa\u00e7\u00f5es, ju\u00edzos de valor e conceitos descritos no texto.<\/p>\n","protected":false},"excerpt":{"rendered":"<p>J\u00e9ssica Arag\u00e3o Everton*, Raphaela Esperan\u00e7a** e Fernanda Martinez Campos Cotecchia*** O setor ferrovi\u00e1rio brasileiro vive um momento de inflex\u00e3o, sendo um ramo tradicionalmente marcado por investimentos p\u00fablicos insuficientes e pela predomin\u00e2ncia do transporte rodovi\u00e1rio brasileiro. O Brasil agora aposta em um novo ciclo de expans\u00e3o e moderniza\u00e7\u00e3o das ferrovias com a implementa\u00e7\u00e3o do Plano Nacional [&hellip;]<\/p>\n","protected":false},"author":1,"featured_media":28771,"comment_status":"closed","ping_status":"closed","sticky":false,"template":"","format":"standard","meta":{"_monsterinsights_skip_tracking":false,"_monsterinsights_sitenote_active":false,"_monsterinsights_sitenote_note":"","_monsterinsights_sitenote_category":0,"footnotes":""},"categories":[1,7],"tags":[563,6237,15664,7575,15665],"class_list":["post-28768","post","type-post","status-publish","format-standard","has-post-thumbnail","hentry","category-geral","category-infratransporte","tag-concessoes-ferroviarias","tag-fernanda-martinez-campos-cotecchia","tag-jessica-aragao-everton","tag-plano-nacional-de-ferrovias","tag-raphaela-esperanca"],"yoast_head":"<!-- This site is optimized with the Yoast SEO Premium plugin v25.4 (Yoast SEO v26.0) - https:\/\/yoast.com\/wordpress\/plugins\/seo\/ -->\n<title>Opini\u00e3o \u2013 Plano Nacional de Ferrovias e o impacto no modelo de concess\u00f5es ferrovi\u00e1rias - Ag\u00eancia iNFRA<\/title>\n<meta name=\"robots\" content=\"index, follow, max-snippet:-1, max-image-preview:large, max-video-preview:-1\" \/>\n<link rel=\"canonical\" href=\"https:\/\/agenciainfra.com\/blog\/opiniao-plano-nacional-de-ferrovias-e-o-impacto-no-modelo-de-concessoes-ferroviarias\/\" \/>\n<meta property=\"og:locale\" content=\"pt_BR\" \/>\n<meta property=\"og:type\" content=\"article\" \/>\n<meta property=\"og:title\" content=\"Opini\u00e3o \u2013 Plano Nacional de Ferrovias e o impacto no modelo de concess\u00f5es ferrovi\u00e1rias\" \/>\n<meta property=\"og:description\" content=\"J\u00e9ssica Arag\u00e3o Everton*, Raphaela Esperan\u00e7a** e Fernanda Martinez Campos Cotecchia*** O setor ferrovi\u00e1rio brasileiro vive um momento de inflex\u00e3o, sendo um ramo tradicionalmente marcado por investimentos p\u00fablicos insuficientes e pela predomin\u00e2ncia do transporte rodovi\u00e1rio brasileiro. O Brasil agora aposta em um novo ciclo de expans\u00e3o e moderniza\u00e7\u00e3o das ferrovias com a implementa\u00e7\u00e3o do Plano Nacional [&hellip;]\" \/>\n<meta property=\"og:url\" content=\"https:\/\/agenciainfra.com\/blog\/opiniao-plano-nacional-de-ferrovias-e-o-impacto-no-modelo-de-concessoes-ferroviarias\/\" \/>\n<meta property=\"og:site_name\" content=\"Ag\u00eancia iNFRA\" \/>\n<meta property=\"article:publisher\" content=\"https:\/\/www.facebook.com\/ageninfra\" \/>\n<meta property=\"article:published_time\" content=\"2025-09-27T13:00:00+00:00\" \/>\n<meta property=\"article:modified_time\" content=\"2025-09-27T13:00:01+00:00\" \/>\n<meta property=\"og:image\" content=\"https:\/\/agenciainfra.com\/blog\/wp-content\/uploads\/2025\/09\/jessica-everton-raphaela-esperanca-e-fernanda-cotecchia-foto-divulgacao.jpg\" \/>\n\t<meta property=\"og:image:width\" content=\"1280\" \/>\n\t<meta property=\"og:image:height\" content=\"759\" \/>\n\t<meta property=\"og:image:type\" content=\"image\/jpeg\" \/>\n<meta name=\"author\" content=\"Ag\u00eancia iNFRA\" \/>\n<meta name=\"twitter:card\" content=\"summary_large_image\" \/>\n<meta name=\"twitter:creator\" content=\"@agencia_infra\" \/>\n<meta name=\"twitter:site\" content=\"@agencia_infra\" \/>\n<meta name=\"twitter:label1\" content=\"Escrito por\" \/>\n\t<meta name=\"twitter:data1\" content=\"Ag\u00eancia iNFRA\" \/>\n\t<meta name=\"twitter:label2\" content=\"Est. tempo de leitura\" \/>\n\t<meta name=\"twitter:data2\" content=\"5 minutos\" \/>\n<script type=\"application\/ld+json\" class=\"yoast-schema-graph\">{\"@context\":\"https:\/\/schema.org\",\"@graph\":[{\"@type\":\"Article\",\"@id\":\"https:\/\/agenciainfra.com\/blog\/opiniao-plano-nacional-de-ferrovias-e-o-impacto-no-modelo-de-concessoes-ferroviarias\/#article\",\"isPartOf\":{\"@id\":\"https:\/\/agenciainfra.com\/blog\/opiniao-plano-nacional-de-ferrovias-e-o-impacto-no-modelo-de-concessoes-ferroviarias\/\"},\"author\":{\"name\":\"Ag\u00eancia iNFRA\",\"@id\":\"https:\/\/agenciainfra.com\/blog\/#\/schema\/person\/34af08dff6adea4cb22b06612ba7acfa\"},\"headline\":\"Opini\u00e3o \u2013 Plano Nacional de Ferrovias e o impacto no modelo de concess\u00f5es ferrovi\u00e1rias\",\"datePublished\":\"2025-09-27T13:00:00+00:00\",\"dateModified\":\"2025-09-27T13:00:01+00:00\",\"mainEntityOfPage\":{\"@id\":\"https:\/\/agenciainfra.com\/blog\/opiniao-plano-nacional-de-ferrovias-e-o-impacto-no-modelo-de-concessoes-ferroviarias\/\"},\"wordCount\":973,\"publisher\":{\"@id\":\"https:\/\/agenciainfra.com\/blog\/#organization\"},\"image\":{\"@id\":\"https:\/\/agenciainfra.com\/blog\/opiniao-plano-nacional-de-ferrovias-e-o-impacto-no-modelo-de-concessoes-ferroviarias\/#primaryimage\"},\"thumbnailUrl\":\"https:\/\/agenciainfra.com\/blog\/wp-content\/uploads\/2025\/09\/jessica-everton-raphaela-esperanca-e-fernanda-cotecchia-foto-divulgacao.jpg\",\"keywords\":[\"concess\u00f5es ferrovi\u00e1rias\",\"Fernanda Martinez Campos Cotecchia\",\"J\u00e9ssica Arag\u00e3o Everton\",\"Plano Nacional de Ferrovias\",\"Raphaela Esperan\u00e7a\"],\"articleSection\":[\"Geral\",\"iNFRATransporte\"],\"inLanguage\":\"pt-BR\",\"copyrightYear\":\"2025\",\"copyrightHolder\":{\"@id\":\"https:\/\/agenciainfra.com\/blog\/#organization\"}},{\"@type\":\"WebPage\",\"@id\":\"https:\/\/agenciainfra.com\/blog\/opiniao-plano-nacional-de-ferrovias-e-o-impacto-no-modelo-de-concessoes-ferroviarias\/\",\"url\":\"https:\/\/agenciainfra.com\/blog\/opiniao-plano-nacional-de-ferrovias-e-o-impacto-no-modelo-de-concessoes-ferroviarias\/\",\"name\":\"Opini\u00e3o \u2013 Plano Nacional de Ferrovias e o impacto no modelo de concess\u00f5es ferrovi\u00e1rias - Ag\u00eancia iNFRA\",\"isPartOf\":{\"@id\":\"https:\/\/agenciainfra.com\/blog\/#website\"},\"primaryImageOfPage\":{\"@id\":\"https:\/\/agenciainfra.com\/blog\/opiniao-plano-nacional-de-ferrovias-e-o-impacto-no-modelo-de-concessoes-ferroviarias\/#primaryimage\"},\"image\":{\"@id\":\"https:\/\/agenciainfra.com\/blog\/opiniao-plano-nacional-de-ferrovias-e-o-impacto-no-modelo-de-concessoes-ferroviarias\/#primaryimage\"},\"thumbnailUrl\":\"https:\/\/agenciainfra.com\/blog\/wp-content\/uploads\/2025\/09\/jessica-everton-raphaela-esperanca-e-fernanda-cotecchia-foto-divulgacao.jpg\",\"datePublished\":\"2025-09-27T13:00:00+00:00\",\"dateModified\":\"2025-09-27T13:00:01+00:00\",\"breadcrumb\":{\"@id\":\"https:\/\/agenciainfra.com\/blog\/opiniao-plano-nacional-de-ferrovias-e-o-impacto-no-modelo-de-concessoes-ferroviarias\/#breadcrumb\"},\"inLanguage\":\"pt-BR\",\"potentialAction\":[{\"@type\":\"ReadAction\",\"target\":[\"https:\/\/agenciainfra.com\/blog\/opiniao-plano-nacional-de-ferrovias-e-o-impacto-no-modelo-de-concessoes-ferroviarias\/\"]}]},{\"@type\":\"ImageObject\",\"inLanguage\":\"pt-BR\",\"@id\":\"https:\/\/agenciainfra.com\/blog\/opiniao-plano-nacional-de-ferrovias-e-o-impacto-no-modelo-de-concessoes-ferroviarias\/#primaryimage\",\"url\":\"https:\/\/agenciainfra.com\/blog\/wp-content\/uploads\/2025\/09\/jessica-everton-raphaela-esperanca-e-fernanda-cotecchia-foto-divulgacao.jpg\",\"contentUrl\":\"https:\/\/agenciainfra.com\/blog\/wp-content\/uploads\/2025\/09\/jessica-everton-raphaela-esperanca-e-fernanda-cotecchia-foto-divulgacao.jpg\",\"width\":1280,\"height\":759,\"caption\":\"Foto: Divulga\u00e7\u00e3o\"},{\"@type\":\"BreadcrumbList\",\"@id\":\"https:\/\/agenciainfra.com\/blog\/opiniao-plano-nacional-de-ferrovias-e-o-impacto-no-modelo-de-concessoes-ferroviarias\/#breadcrumb\",\"itemListElement\":[{\"@type\":\"ListItem\",\"position\":1,\"name\":\"In\u00edcio\",\"item\":\"https:\/\/agenciainfra.com\/blog\/\"},{\"@type\":\"ListItem\",\"position\":2,\"name\":\"Opini\u00e3o \u2013 Plano Nacional de Ferrovias e o impacto no modelo de concess\u00f5es ferrovi\u00e1rias\"}]},{\"@type\":\"WebSite\",\"@id\":\"https:\/\/agenciainfra.com\/blog\/#website\",\"url\":\"https:\/\/agenciainfra.com\/blog\/\",\"name\":\"Ag\u00eancia iNFRA\",\"description\":\"Multiplataforma de informa\u00e7\u00e3o jornal\u00edstica refer\u00eancia na \u00e1rea de infraestrutura no Brasil!\",\"publisher\":{\"@id\":\"https:\/\/agenciainfra.com\/blog\/#organization\"},\"potentialAction\":[{\"@type\":\"SearchAction\",\"target\":{\"@type\":\"EntryPoint\",\"urlTemplate\":\"https:\/\/agenciainfra.com\/blog\/?s={search_term_string}\"},\"query-input\":{\"@type\":\"PropertyValueSpecification\",\"valueRequired\":true,\"valueName\":\"search_term_string\"}}],\"inLanguage\":\"pt-BR\"},{\"@type\":\"Organization\",\"@id\":\"https:\/\/agenciainfra.com\/blog\/#organization\",\"name\":\"Ag\u00eancia iNFRA\",\"url\":\"https:\/\/agenciainfra.com\/blog\/\",\"logo\":{\"@type\":\"ImageObject\",\"inLanguage\":\"pt-BR\",\"@id\":\"https:\/\/agenciainfra.com\/blog\/#\/schema\/logo\/image\/\",\"url\":\"https:\/\/agenciainfra.com\/blog\/wp-content\/uploads\/2023\/09\/iNFRA_5-e1761735885940.png\",\"contentUrl\":\"https:\/\/agenciainfra.com\/blog\/wp-content\/uploads\/2023\/09\/iNFRA_5-e1761735885940.png\",\"width\":1672,\"height\":454,\"caption\":\"Ag\u00eancia iNFRA\"},\"image\":{\"@id\":\"https:\/\/agenciainfra.com\/blog\/#\/schema\/logo\/image\/\"},\"sameAs\":[\"https:\/\/www.facebook.com\/ageninfra\",\"https:\/\/x.com\/agencia_infra\",\"https:\/\/www.linkedin.com\/company\/ag\u00eanciainfra\/\",\"https:\/\/www.instagram.com\/agenciainfra\/\"]},{\"@type\":\"Person\",\"@id\":\"https:\/\/agenciainfra.com\/blog\/#\/schema\/person\/34af08dff6adea4cb22b06612ba7acfa\",\"name\":\"Ag\u00eancia iNFRA\",\"image\":{\"@type\":\"ImageObject\",\"inLanguage\":\"pt-BR\",\"@id\":\"https:\/\/agenciainfra.com\/blog\/#\/schema\/person\/image\/\",\"url\":\"https:\/\/secure.gravatar.com\/avatar\/d189e01678f06d8eb84d4e01f08eb848b3fffe3f8443818d3c356c66892f5be8?s=96&d=mm&r=g\",\"contentUrl\":\"https:\/\/secure.gravatar.com\/avatar\/d189e01678f06d8eb84d4e01f08eb848b3fffe3f8443818d3c356c66892f5be8?s=96&d=mm&r=g\",\"caption\":\"Ag\u00eancia iNFRA\"},\"url\":\"https:\/\/agenciainfra.com\/blog\/author\/admin\/\"}]}<\/script>\n<!-- \/ Yoast SEO Premium plugin. -->","yoast_head_json":{"title":"Opini\u00e3o \u2013 Plano Nacional de Ferrovias e o impacto no modelo de concess\u00f5es ferrovi\u00e1rias - Ag\u00eancia iNFRA","robots":{"index":"index","follow":"follow","max-snippet":"max-snippet:-1","max-image-preview":"max-image-preview:large","max-video-preview":"max-video-preview:-1"},"canonical":"https:\/\/agenciainfra.com\/blog\/opiniao-plano-nacional-de-ferrovias-e-o-impacto-no-modelo-de-concessoes-ferroviarias\/","og_locale":"pt_BR","og_type":"article","og_title":"Opini\u00e3o \u2013 Plano Nacional de Ferrovias e o impacto no modelo de concess\u00f5es ferrovi\u00e1rias","og_description":"J\u00e9ssica Arag\u00e3o Everton*, Raphaela Esperan\u00e7a** e Fernanda Martinez Campos Cotecchia*** O setor ferrovi\u00e1rio brasileiro vive um momento de inflex\u00e3o, sendo um ramo tradicionalmente marcado por investimentos p\u00fablicos insuficientes e pela predomin\u00e2ncia do transporte rodovi\u00e1rio brasileiro. O Brasil agora aposta em um novo ciclo de expans\u00e3o e moderniza\u00e7\u00e3o das ferrovias com a implementa\u00e7\u00e3o do Plano Nacional [&hellip;]","og_url":"https:\/\/agenciainfra.com\/blog\/opiniao-plano-nacional-de-ferrovias-e-o-impacto-no-modelo-de-concessoes-ferroviarias\/","og_site_name":"Ag\u00eancia iNFRA","article_publisher":"https:\/\/www.facebook.com\/ageninfra","article_published_time":"2025-09-27T13:00:00+00:00","article_modified_time":"2025-09-27T13:00:01+00:00","og_image":[{"width":1280,"height":759,"url":"https:\/\/agenciainfra.com\/blog\/wp-content\/uploads\/2025\/09\/jessica-everton-raphaela-esperanca-e-fernanda-cotecchia-foto-divulgacao.jpg","type":"image\/jpeg"}],"author":"Ag\u00eancia iNFRA","twitter_card":"summary_large_image","twitter_creator":"@agencia_infra","twitter_site":"@agencia_infra","twitter_misc":{"Escrito por":"Ag\u00eancia iNFRA","Est. tempo de leitura":"5 minutos"},"schema":{"@context":"https:\/\/schema.org","@graph":[{"@type":"Article","@id":"https:\/\/agenciainfra.com\/blog\/opiniao-plano-nacional-de-ferrovias-e-o-impacto-no-modelo-de-concessoes-ferroviarias\/#article","isPartOf":{"@id":"https:\/\/agenciainfra.com\/blog\/opiniao-plano-nacional-de-ferrovias-e-o-impacto-no-modelo-de-concessoes-ferroviarias\/"},"author":{"name":"Ag\u00eancia iNFRA","@id":"https:\/\/agenciainfra.com\/blog\/#\/schema\/person\/34af08dff6adea4cb22b06612ba7acfa"},"headline":"Opini\u00e3o \u2013 Plano Nacional de Ferrovias e o impacto no modelo de concess\u00f5es ferrovi\u00e1rias","datePublished":"2025-09-27T13:00:00+00:00","dateModified":"2025-09-27T13:00:01+00:00","mainEntityOfPage":{"@id":"https:\/\/agenciainfra.com\/blog\/opiniao-plano-nacional-de-ferrovias-e-o-impacto-no-modelo-de-concessoes-ferroviarias\/"},"wordCount":973,"publisher":{"@id":"https:\/\/agenciainfra.com\/blog\/#organization"},"image":{"@id":"https:\/\/agenciainfra.com\/blog\/opiniao-plano-nacional-de-ferrovias-e-o-impacto-no-modelo-de-concessoes-ferroviarias\/#primaryimage"},"thumbnailUrl":"https:\/\/agenciainfra.com\/blog\/wp-content\/uploads\/2025\/09\/jessica-everton-raphaela-esperanca-e-fernanda-cotecchia-foto-divulgacao.jpg","keywords":["concess\u00f5es ferrovi\u00e1rias","Fernanda Martinez Campos Cotecchia","J\u00e9ssica Arag\u00e3o Everton","Plano Nacional de Ferrovias","Raphaela Esperan\u00e7a"],"articleSection":["Geral","iNFRATransporte"],"inLanguage":"pt-BR","copyrightYear":"2025","copyrightHolder":{"@id":"https:\/\/agenciainfra.com\/blog\/#organization"}},{"@type":"WebPage","@id":"https:\/\/agenciainfra.com\/blog\/opiniao-plano-nacional-de-ferrovias-e-o-impacto-no-modelo-de-concessoes-ferroviarias\/","url":"https:\/\/agenciainfra.com\/blog\/opiniao-plano-nacional-de-ferrovias-e-o-impacto-no-modelo-de-concessoes-ferroviarias\/","name":"Opini\u00e3o \u2013 Plano Nacional de Ferrovias e o impacto no modelo de concess\u00f5es ferrovi\u00e1rias - Ag\u00eancia iNFRA","isPartOf":{"@id":"https:\/\/agenciainfra.com\/blog\/#website"},"primaryImageOfPage":{"@id":"https:\/\/agenciainfra.com\/blog\/opiniao-plano-nacional-de-ferrovias-e-o-impacto-no-modelo-de-concessoes-ferroviarias\/#primaryimage"},"image":{"@id":"https:\/\/agenciainfra.com\/blog\/opiniao-plano-nacional-de-ferrovias-e-o-impacto-no-modelo-de-concessoes-ferroviarias\/#primaryimage"},"thumbnailUrl":"https:\/\/agenciainfra.com\/blog\/wp-content\/uploads\/2025\/09\/jessica-everton-raphaela-esperanca-e-fernanda-cotecchia-foto-divulgacao.jpg","datePublished":"2025-09-27T13:00:00+00:00","dateModified":"2025-09-27T13:00:01+00:00","breadcrumb":{"@id":"https:\/\/agenciainfra.com\/blog\/opiniao-plano-nacional-de-ferrovias-e-o-impacto-no-modelo-de-concessoes-ferroviarias\/#breadcrumb"},"inLanguage":"pt-BR","potentialAction":[{"@type":"ReadAction","target":["https:\/\/agenciainfra.com\/blog\/opiniao-plano-nacional-de-ferrovias-e-o-impacto-no-modelo-de-concessoes-ferroviarias\/"]}]},{"@type":"ImageObject","inLanguage":"pt-BR","@id":"https:\/\/agenciainfra.com\/blog\/opiniao-plano-nacional-de-ferrovias-e-o-impacto-no-modelo-de-concessoes-ferroviarias\/#primaryimage","url":"https:\/\/agenciainfra.com\/blog\/wp-content\/uploads\/2025\/09\/jessica-everton-raphaela-esperanca-e-fernanda-cotecchia-foto-divulgacao.jpg","contentUrl":"https:\/\/agenciainfra.com\/blog\/wp-content\/uploads\/2025\/09\/jessica-everton-raphaela-esperanca-e-fernanda-cotecchia-foto-divulgacao.jpg","width":1280,"height":759,"caption":"Foto: Divulga\u00e7\u00e3o"},{"@type":"BreadcrumbList","@id":"https:\/\/agenciainfra.com\/blog\/opiniao-plano-nacional-de-ferrovias-e-o-impacto-no-modelo-de-concessoes-ferroviarias\/#breadcrumb","itemListElement":[{"@type":"ListItem","position":1,"name":"In\u00edcio","item":"https:\/\/agenciainfra.com\/blog\/"},{"@type":"ListItem","position":2,"name":"Opini\u00e3o \u2013 Plano Nacional de Ferrovias e o impacto no modelo de concess\u00f5es ferrovi\u00e1rias"}]},{"@type":"WebSite","@id":"https:\/\/agenciainfra.com\/blog\/#website","url":"https:\/\/agenciainfra.com\/blog\/","name":"Ag\u00eancia iNFRA","description":"Multiplataforma de informa\u00e7\u00e3o jornal\u00edstica refer\u00eancia na \u00e1rea de infraestrutura no Brasil!","publisher":{"@id":"https:\/\/agenciainfra.com\/blog\/#organization"},"potentialAction":[{"@type":"SearchAction","target":{"@type":"EntryPoint","urlTemplate":"https:\/\/agenciainfra.com\/blog\/?s={search_term_string}"},"query-input":{"@type":"PropertyValueSpecification","valueRequired":true,"valueName":"search_term_string"}}],"inLanguage":"pt-BR"},{"@type":"Organization","@id":"https:\/\/agenciainfra.com\/blog\/#organization","name":"Ag\u00eancia iNFRA","url":"https:\/\/agenciainfra.com\/blog\/","logo":{"@type":"ImageObject","inLanguage":"pt-BR","@id":"https:\/\/agenciainfra.com\/blog\/#\/schema\/logo\/image\/","url":"https:\/\/agenciainfra.com\/blog\/wp-content\/uploads\/2023\/09\/iNFRA_5-e1761735885940.png","contentUrl":"https:\/\/agenciainfra.com\/blog\/wp-content\/uploads\/2023\/09\/iNFRA_5-e1761735885940.png","width":1672,"height":454,"caption":"Ag\u00eancia iNFRA"},"image":{"@id":"https:\/\/agenciainfra.com\/blog\/#\/schema\/logo\/image\/"},"sameAs":["https:\/\/www.facebook.com\/ageninfra","https:\/\/x.com\/agencia_infra","https:\/\/www.linkedin.com\/company\/ag\u00eanciainfra\/","https:\/\/www.instagram.com\/agenciainfra\/"]},{"@type":"Person","@id":"https:\/\/agenciainfra.com\/blog\/#\/schema\/person\/34af08dff6adea4cb22b06612ba7acfa","name":"Ag\u00eancia iNFRA","image":{"@type":"ImageObject","inLanguage":"pt-BR","@id":"https:\/\/agenciainfra.com\/blog\/#\/schema\/person\/image\/","url":"https:\/\/secure.gravatar.com\/avatar\/d189e01678f06d8eb84d4e01f08eb848b3fffe3f8443818d3c356c66892f5be8?s=96&d=mm&r=g","contentUrl":"https:\/\/secure.gravatar.com\/avatar\/d189e01678f06d8eb84d4e01f08eb848b3fffe3f8443818d3c356c66892f5be8?s=96&d=mm&r=g","caption":"Ag\u00eancia iNFRA"},"url":"https:\/\/agenciainfra.com\/blog\/author\/admin\/"}]}},"_links":{"self":[{"href":"https:\/\/agenciainfra.com\/blog\/wp-json\/wp\/v2\/posts\/28768","targetHints":{"allow":["GET"]}}],"collection":[{"href":"https:\/\/agenciainfra.com\/blog\/wp-json\/wp\/v2\/posts"}],"about":[{"href":"https:\/\/agenciainfra.com\/blog\/wp-json\/wp\/v2\/types\/post"}],"author":[{"embeddable":true,"href":"https:\/\/agenciainfra.com\/blog\/wp-json\/wp\/v2\/users\/1"}],"replies":[{"embeddable":true,"href":"https:\/\/agenciainfra.com\/blog\/wp-json\/wp\/v2\/comments?post=28768"}],"version-history":[{"count":1,"href":"https:\/\/agenciainfra.com\/blog\/wp-json\/wp\/v2\/posts\/28768\/revisions"}],"predecessor-version":[{"id":28775,"href":"https:\/\/agenciainfra.com\/blog\/wp-json\/wp\/v2\/posts\/28768\/revisions\/28775"}],"wp:featuredmedia":[{"embeddable":true,"href":"https:\/\/agenciainfra.com\/blog\/wp-json\/wp\/v2\/media\/28771"}],"wp:attachment":[{"href":"https:\/\/agenciainfra.com\/blog\/wp-json\/wp\/v2\/media?parent=28768"}],"wp:term":[{"taxonomy":"category","embeddable":true,"href":"https:\/\/agenciainfra.com\/blog\/wp-json\/wp\/v2\/categories?post=28768"},{"taxonomy":"post_tag","embeddable":true,"href":"https:\/\/agenciainfra.com\/blog\/wp-json\/wp\/v2\/tags?post=28768"}],"curies":[{"name":"wp","href":"https:\/\/api.w.org\/{rel}","templated":true}]}}