{"id":28782,"date":"2025-09-26T17:52:27","date_gmt":"2025-09-26T20:52:27","guid":{"rendered":"https:\/\/agenciainfra.com\/blog\/?p=28782"},"modified":"2025-09-26T17:52:29","modified_gmt":"2025-09-26T20:52:29","slug":"ecb-holding-vence-concessao-dos-aeroportos-de-passo-fundo-e-santo-angelo","status":"publish","type":"post","link":"https:\/\/agenciainfra.com\/blog\/ecb-holding-vence-concessao-dos-aeroportos-de-passo-fundo-e-santo-angelo\/","title":{"rendered":"ECB Holding vence concess\u00e3o dos aeroportos de Passo Fundo e Santo \u00c2ngelo"},"content":{"rendered":"\n<p class=\"has-text-align-right\"><strong>da Ag\u00eancia iNFRA<\/strong><\/p>\n\n\n\n<p>A ECB Holding S.A. venceu, nesta sexta-feira (26), o leil\u00e3o para concess\u00e3o dos aeroportos de Passo Fundo e Santo \u00c2ngelo, promovido pelo governo do Rio Grande do Sul na sede da B3, em S\u00e3o Paulo. O certame foi arrematado por R$ 609.345,40 de contrapresta\u00e7\u00e3o mensal e R$ 45.749.453,91 de aporte p\u00fablico, sem des\u00e1gio em rela\u00e7\u00e3o ao valor previsto no edital para a contrapresta\u00e7\u00e3o mensal. A empresa foi a \u00fanica a apresentar proposta no certame.<\/p>\n\n\n\n<p>O contrato prev\u00ea a opera\u00e7\u00e3o, manuten\u00e7\u00e3o e expans\u00e3o dos terminais pelo per\u00edodo de 30 anos. O investimento estimado \u00e9 de R$ 102,2 milh\u00f5es, sendo R$ 66,24 milh\u00f5es em Santo \u00c2ngelo e R$ 35,99 milh\u00f5es em Passo Fundo.<\/p>\n\n\n\n<p>Para o vice-governador do Rio Grande do Sul, Gabriel Souza, as concess\u00f5es representam investimentos que nem sempre o Estado consegue realizar. \u201cEstamos falando de dois dos aeroportos mais importantes do Rio Grande do Sul, em cidades com potencial tanto econ\u00f4mico quanto tur\u00edstico. Esses mais de R$ 100 milh\u00f5es em investimentos, garantidos a partir da concess\u00e3o de hoje, fortalecem ainda mais a capacidade dessas duas regi\u00f5es\u201d, afirmou.<\/p>\n\n\n\n<p>O secret\u00e1rio da Reconstru\u00e7\u00e3o Ga\u00facha, Pedro Capeluppi, disse que a PPP (Parceria P\u00fablico-Privada) vai elevar a qualidade dos servi\u00e7os oferecidos aos passageiros e impulsionar a economia e o turismo. \u201c\u00c9 um momento hist\u00f3rico para a regi\u00e3o das Miss\u00f5es e para o Norte do Rio Grande do Sul. Os aeroportos s\u00e3o portas de entrada para o desenvolvimento econ\u00f4mico e tur\u00edstico. Nesse setor, a PPP \u00e9 um modelo que vem dando muito certo no Brasil\u201d, disse.<\/p>\n\n\n\n<p><\/p>\n","protected":false},"excerpt":{"rendered":"<p>da Ag\u00eancia iNFRA A ECB Holding S.A. venceu, nesta sexta-feira (26), o leil\u00e3o para concess\u00e3o dos aeroportos de Passo Fundo e Santo \u00c2ngelo, promovido pelo governo do Rio Grande do Sul na sede da B3, em S\u00e3o Paulo. O certame foi arrematado por R$ 609.345,40 de contrapresta\u00e7\u00e3o mensal e R$ 45.749.453,91 de aporte p\u00fablico, sem [&hellip;]<\/p>\n","protected":false},"author":1,"featured_media":28783,"comment_status":"closed","ping_status":"closed","sticky":false,"template":"","format":"standard","meta":{"_monsterinsights_skip_tracking":false,"_monsterinsights_sitenote_active":false,"_monsterinsights_sitenote_note":"","_monsterinsights_sitenote_category":0,"footnotes":""},"categories":[1,13576],"tags":[15668,15669,236,4822,600,15667,254,13882,3468],"class_list":["post-28782","post","type-post","status-publish","format-standard","has-post-thumbnail","hentry","category-geral","category-giro-infra","tag-aeroporto-de-passo-fundo","tag-aeroporto-de-santo-angelo","tag-aviacao","tag-b3","tag-concessao-aeroportuaria","tag-ecb-holding","tag-leilao","tag-ppp-parceria-publico-privada","tag-rio-grande-do-sul"],"yoast_head":"<!-- This site is optimized with the Yoast SEO Premium plugin v25.4 (Yoast SEO v26.0) - https:\/\/yoast.com\/wordpress\/plugins\/seo\/ -->\n<title>ECB Holding vence concess\u00e3o dos aeroportos de Passo Fundo e Santo \u00c2ngelo - Ag\u00eancia iNFRA<\/title>\n<meta name=\"robots\" content=\"index, follow, max-snippet:-1, max-image-preview:large, max-video-preview:-1\" \/>\n<link rel=\"canonical\" href=\"https:\/\/agenciainfra.com\/blog\/ecb-holding-vence-concessao-dos-aeroportos-de-passo-fundo-e-santo-angelo\/\" \/>\n<meta property=\"og:locale\" content=\"pt_BR\" \/>\n<meta property=\"og:type\" content=\"article\" \/>\n<meta property=\"og:title\" content=\"ECB Holding vence concess\u00e3o dos aeroportos de Passo Fundo e Santo \u00c2ngelo\" \/>\n<meta property=\"og:description\" content=\"da Ag\u00eancia iNFRA A ECB Holding S.A. venceu, nesta sexta-feira (26), o leil\u00e3o para concess\u00e3o dos aeroportos de Passo Fundo e Santo \u00c2ngelo, promovido pelo governo do Rio Grande do Sul na sede da B3, em S\u00e3o Paulo. O certame foi arrematado por R$ 609.345,40 de contrapresta\u00e7\u00e3o mensal e R$ 45.749.453,91 de aporte p\u00fablico, sem [&hellip;]\" \/>\n<meta property=\"og:url\" content=\"https:\/\/agenciainfra.com\/blog\/ecb-holding-vence-concessao-dos-aeroportos-de-passo-fundo-e-santo-angelo\/\" \/>\n<meta property=\"og:site_name\" content=\"Ag\u00eancia iNFRA\" \/>\n<meta property=\"article:publisher\" content=\"https:\/\/www.facebook.com\/ageninfra\" \/>\n<meta property=\"article:published_time\" content=\"2025-09-26T20:52:27+00:00\" \/>\n<meta property=\"article:modified_time\" content=\"2025-09-26T20:52:29+00:00\" \/>\n<meta name=\"author\" content=\"Ag\u00eancia iNFRA\" \/>\n<meta name=\"twitter:card\" content=\"summary_large_image\" \/>\n<meta name=\"twitter:creator\" content=\"@agencia_infra\" \/>\n<meta name=\"twitter:site\" content=\"@agencia_infra\" \/>\n<meta name=\"twitter:label1\" content=\"Escrito por\" \/>\n\t<meta name=\"twitter:data1\" content=\"Ag\u00eancia iNFRA\" \/>\n\t<meta name=\"twitter:label2\" content=\"Est. tempo de leitura\" \/>\n\t<meta name=\"twitter:data2\" content=\"1 minuto\" \/>\n<script type=\"application\/ld+json\" class=\"yoast-schema-graph\">{\"@context\":\"https:\/\/schema.org\",\"@graph\":[{\"@type\":\"Article\",\"@id\":\"https:\/\/agenciainfra.com\/blog\/ecb-holding-vence-concessao-dos-aeroportos-de-passo-fundo-e-santo-angelo\/#article\",\"isPartOf\":{\"@id\":\"https:\/\/agenciainfra.com\/blog\/ecb-holding-vence-concessao-dos-aeroportos-de-passo-fundo-e-santo-angelo\/\"},\"author\":{\"name\":\"Ag\u00eancia iNFRA\",\"@id\":\"https:\/\/agenciainfra.com\/blog\/#\/schema\/person\/34af08dff6adea4cb22b06612ba7acfa\"},\"headline\":\"ECB Holding vence concess\u00e3o dos aeroportos de Passo Fundo e Santo \u00c2ngelo\",\"datePublished\":\"2025-09-26T20:52:27+00:00\",\"dateModified\":\"2025-09-26T20:52:29+00:00\",\"mainEntityOfPage\":{\"@id\":\"https:\/\/agenciainfra.com\/blog\/ecb-holding-vence-concessao-dos-aeroportos-de-passo-fundo-e-santo-angelo\/\"},\"wordCount\":290,\"publisher\":{\"@id\":\"https:\/\/agenciainfra.com\/blog\/#organization\"},\"image\":{\"@id\":\"https:\/\/agenciainfra.com\/blog\/ecb-holding-vence-concessao-dos-aeroportos-de-passo-fundo-e-santo-angelo\/#primaryimage\"},\"thumbnailUrl\":\"https:\/\/agenciainfra.com\/blog\/wp-content\/uploads\/2025\/09\/Leilao-B3-Aeroportos-RS.jpg.avif\",\"keywords\":[\"Aeroporto de Passo Fundo\",\"Aeroporto de Santo \u00c2ngelo\",\"avia\u00e7\u00e3o\",\"B3\",\"concess\u00e3o aeroportu\u00e1ria\",\"ECB Holding\",\"leil\u00e3o\",\"PPP (Parceria P\u00fablico-Privada)\",\"Rio Grande do Sul\"],\"articleSection\":[\"Geral\",\"Giro iNFRA\"],\"inLanguage\":\"pt-BR\",\"copyrightYear\":\"2025\",\"copyrightHolder\":{\"@id\":\"https:\/\/agenciainfra.com\/blog\/#organization\"}},{\"@type\":\"WebPage\",\"@id\":\"https:\/\/agenciainfra.com\/blog\/ecb-holding-vence-concessao-dos-aeroportos-de-passo-fundo-e-santo-angelo\/\",\"url\":\"https:\/\/agenciainfra.com\/blog\/ecb-holding-vence-concessao-dos-aeroportos-de-passo-fundo-e-santo-angelo\/\",\"name\":\"ECB Holding vence concess\u00e3o dos aeroportos de Passo Fundo e Santo \u00c2ngelo - Ag\u00eancia iNFRA\",\"isPartOf\":{\"@id\":\"https:\/\/agenciainfra.com\/blog\/#website\"},\"primaryImageOfPage\":{\"@id\":\"https:\/\/agenciainfra.com\/blog\/ecb-holding-vence-concessao-dos-aeroportos-de-passo-fundo-e-santo-angelo\/#primaryimage\"},\"image\":{\"@id\":\"https:\/\/agenciainfra.com\/blog\/ecb-holding-vence-concessao-dos-aeroportos-de-passo-fundo-e-santo-angelo\/#primaryimage\"},\"thumbnailUrl\":\"https:\/\/agenciainfra.com\/blog\/wp-content\/uploads\/2025\/09\/Leilao-B3-Aeroportos-RS.jpg.avif\",\"datePublished\":\"2025-09-26T20:52:27+00:00\",\"dateModified\":\"2025-09-26T20:52:29+00:00\",\"breadcrumb\":{\"@id\":\"https:\/\/agenciainfra.com\/blog\/ecb-holding-vence-concessao-dos-aeroportos-de-passo-fundo-e-santo-angelo\/#breadcrumb\"},\"inLanguage\":\"pt-BR\",\"potentialAction\":[{\"@type\":\"ReadAction\",\"target\":[\"https:\/\/agenciainfra.com\/blog\/ecb-holding-vence-concessao-dos-aeroportos-de-passo-fundo-e-santo-angelo\/\"]}]},{\"@type\":\"ImageObject\",\"inLanguage\":\"pt-BR\",\"@id\":\"https:\/\/agenciainfra.com\/blog\/ecb-holding-vence-concessao-dos-aeroportos-de-passo-fundo-e-santo-angelo\/#primaryimage\",\"url\":\"https:\/\/agenciainfra.com\/blog\/wp-content\/uploads\/2025\/09\/Leilao-B3-Aeroportos-RS.jpg.avif\",\"contentUrl\":\"https:\/\/agenciainfra.com\/blog\/wp-content\/uploads\/2025\/09\/Leilao-B3-Aeroportos-RS.jpg.avif\",\"width\":800,\"height\":533,\"caption\":\"Foto: B3\/Divulga\u00e7\u00e3o\"},{\"@type\":\"BreadcrumbList\",\"@id\":\"https:\/\/agenciainfra.com\/blog\/ecb-holding-vence-concessao-dos-aeroportos-de-passo-fundo-e-santo-angelo\/#breadcrumb\",\"itemListElement\":[{\"@type\":\"ListItem\",\"position\":1,\"name\":\"In\u00edcio\",\"item\":\"https:\/\/agenciainfra.com\/blog\/\"},{\"@type\":\"ListItem\",\"position\":2,\"name\":\"ECB Holding vence concess\u00e3o dos aeroportos de Passo Fundo e Santo \u00c2ngelo\"}]},{\"@type\":\"WebSite\",\"@id\":\"https:\/\/agenciainfra.com\/blog\/#website\",\"url\":\"https:\/\/agenciainfra.com\/blog\/\",\"name\":\"Ag\u00eancia iNFRA\",\"description\":\"Multiplataforma de informa\u00e7\u00e3o jornal\u00edstica refer\u00eancia na \u00e1rea de infraestrutura no Brasil!\",\"publisher\":{\"@id\":\"https:\/\/agenciainfra.com\/blog\/#organization\"},\"potentialAction\":[{\"@type\":\"SearchAction\",\"target\":{\"@type\":\"EntryPoint\",\"urlTemplate\":\"https:\/\/agenciainfra.com\/blog\/?s={search_term_string}\"},\"query-input\":{\"@type\":\"PropertyValueSpecification\",\"valueRequired\":true,\"valueName\":\"search_term_string\"}}],\"inLanguage\":\"pt-BR\"},{\"@type\":\"Organization\",\"@id\":\"https:\/\/agenciainfra.com\/blog\/#organization\",\"name\":\"Ag\u00eancia iNFRA\",\"url\":\"https:\/\/agenciainfra.com\/blog\/\",\"logo\":{\"@type\":\"ImageObject\",\"inLanguage\":\"pt-BR\",\"@id\":\"https:\/\/agenciainfra.com\/blog\/#\/schema\/logo\/image\/\",\"url\":\"https:\/\/agenciainfra.com\/blog\/wp-content\/uploads\/2023\/09\/iNFRA_5-e1761735885940.png\",\"contentUrl\":\"https:\/\/agenciainfra.com\/blog\/wp-content\/uploads\/2023\/09\/iNFRA_5-e1761735885940.png\",\"width\":1672,\"height\":454,\"caption\":\"Ag\u00eancia iNFRA\"},\"image\":{\"@id\":\"https:\/\/agenciainfra.com\/blog\/#\/schema\/logo\/image\/\"},\"sameAs\":[\"https:\/\/www.facebook.com\/ageninfra\",\"https:\/\/x.com\/agencia_infra\",\"https:\/\/www.linkedin.com\/company\/ag\u00eanciainfra\/\",\"https:\/\/www.instagram.com\/agenciainfra\/\"]},{\"@type\":\"Person\",\"@id\":\"https:\/\/agenciainfra.com\/blog\/#\/schema\/person\/34af08dff6adea4cb22b06612ba7acfa\",\"name\":\"Ag\u00eancia iNFRA\",\"image\":{\"@type\":\"ImageObject\",\"inLanguage\":\"pt-BR\",\"@id\":\"https:\/\/agenciainfra.com\/blog\/#\/schema\/person\/image\/\",\"url\":\"https:\/\/secure.gravatar.com\/avatar\/d189e01678f06d8eb84d4e01f08eb848b3fffe3f8443818d3c356c66892f5be8?s=96&d=mm&r=g\",\"contentUrl\":\"https:\/\/secure.gravatar.com\/avatar\/d189e01678f06d8eb84d4e01f08eb848b3fffe3f8443818d3c356c66892f5be8?s=96&d=mm&r=g\",\"caption\":\"Ag\u00eancia iNFRA\"},\"url\":\"https:\/\/agenciainfra.com\/blog\/author\/admin\/\"}]}<\/script>\n<!-- \/ Yoast SEO Premium plugin. -->","yoast_head_json":{"title":"ECB Holding vence concess\u00e3o dos aeroportos de Passo Fundo e Santo \u00c2ngelo - Ag\u00eancia iNFRA","robots":{"index":"index","follow":"follow","max-snippet":"max-snippet:-1","max-image-preview":"max-image-preview:large","max-video-preview":"max-video-preview:-1"},"canonical":"https:\/\/agenciainfra.com\/blog\/ecb-holding-vence-concessao-dos-aeroportos-de-passo-fundo-e-santo-angelo\/","og_locale":"pt_BR","og_type":"article","og_title":"ECB Holding vence concess\u00e3o dos aeroportos de Passo Fundo e Santo \u00c2ngelo","og_description":"da Ag\u00eancia iNFRA A ECB Holding S.A. venceu, nesta sexta-feira (26), o leil\u00e3o para concess\u00e3o dos aeroportos de Passo Fundo e Santo \u00c2ngelo, promovido pelo governo do Rio Grande do Sul na sede da B3, em S\u00e3o Paulo. O certame foi arrematado por R$ 609.345,40 de contrapresta\u00e7\u00e3o mensal e R$ 45.749.453,91 de aporte p\u00fablico, sem [&hellip;]","og_url":"https:\/\/agenciainfra.com\/blog\/ecb-holding-vence-concessao-dos-aeroportos-de-passo-fundo-e-santo-angelo\/","og_site_name":"Ag\u00eancia iNFRA","article_publisher":"https:\/\/www.facebook.com\/ageninfra","article_published_time":"2025-09-26T20:52:27+00:00","article_modified_time":"2025-09-26T20:52:29+00:00","author":"Ag\u00eancia iNFRA","twitter_card":"summary_large_image","twitter_creator":"@agencia_infra","twitter_site":"@agencia_infra","twitter_misc":{"Escrito por":"Ag\u00eancia iNFRA","Est. tempo de leitura":"1 minuto"},"schema":{"@context":"https:\/\/schema.org","@graph":[{"@type":"Article","@id":"https:\/\/agenciainfra.com\/blog\/ecb-holding-vence-concessao-dos-aeroportos-de-passo-fundo-e-santo-angelo\/#article","isPartOf":{"@id":"https:\/\/agenciainfra.com\/blog\/ecb-holding-vence-concessao-dos-aeroportos-de-passo-fundo-e-santo-angelo\/"},"author":{"name":"Ag\u00eancia iNFRA","@id":"https:\/\/agenciainfra.com\/blog\/#\/schema\/person\/34af08dff6adea4cb22b06612ba7acfa"},"headline":"ECB Holding vence concess\u00e3o dos aeroportos de Passo Fundo e Santo \u00c2ngelo","datePublished":"2025-09-26T20:52:27+00:00","dateModified":"2025-09-26T20:52:29+00:00","mainEntityOfPage":{"@id":"https:\/\/agenciainfra.com\/blog\/ecb-holding-vence-concessao-dos-aeroportos-de-passo-fundo-e-santo-angelo\/"},"wordCount":290,"publisher":{"@id":"https:\/\/agenciainfra.com\/blog\/#organization"},"image":{"@id":"https:\/\/agenciainfra.com\/blog\/ecb-holding-vence-concessao-dos-aeroportos-de-passo-fundo-e-santo-angelo\/#primaryimage"},"thumbnailUrl":"https:\/\/agenciainfra.com\/blog\/wp-content\/uploads\/2025\/09\/Leilao-B3-Aeroportos-RS.jpg.avif","keywords":["Aeroporto de Passo Fundo","Aeroporto de Santo \u00c2ngelo","avia\u00e7\u00e3o","B3","concess\u00e3o aeroportu\u00e1ria","ECB Holding","leil\u00e3o","PPP (Parceria P\u00fablico-Privada)","Rio Grande do Sul"],"articleSection":["Geral","Giro iNFRA"],"inLanguage":"pt-BR","copyrightYear":"2025","copyrightHolder":{"@id":"https:\/\/agenciainfra.com\/blog\/#organization"}},{"@type":"WebPage","@id":"https:\/\/agenciainfra.com\/blog\/ecb-holding-vence-concessao-dos-aeroportos-de-passo-fundo-e-santo-angelo\/","url":"https:\/\/agenciainfra.com\/blog\/ecb-holding-vence-concessao-dos-aeroportos-de-passo-fundo-e-santo-angelo\/","name":"ECB Holding vence concess\u00e3o dos aeroportos de Passo Fundo e Santo \u00c2ngelo - Ag\u00eancia iNFRA","isPartOf":{"@id":"https:\/\/agenciainfra.com\/blog\/#website"},"primaryImageOfPage":{"@id":"https:\/\/agenciainfra.com\/blog\/ecb-holding-vence-concessao-dos-aeroportos-de-passo-fundo-e-santo-angelo\/#primaryimage"},"image":{"@id":"https:\/\/agenciainfra.com\/blog\/ecb-holding-vence-concessao-dos-aeroportos-de-passo-fundo-e-santo-angelo\/#primaryimage"},"thumbnailUrl":"https:\/\/agenciainfra.com\/blog\/wp-content\/uploads\/2025\/09\/Leilao-B3-Aeroportos-RS.jpg.avif","datePublished":"2025-09-26T20:52:27+00:00","dateModified":"2025-09-26T20:52:29+00:00","breadcrumb":{"@id":"https:\/\/agenciainfra.com\/blog\/ecb-holding-vence-concessao-dos-aeroportos-de-passo-fundo-e-santo-angelo\/#breadcrumb"},"inLanguage":"pt-BR","potentialAction":[{"@type":"ReadAction","target":["https:\/\/agenciainfra.com\/blog\/ecb-holding-vence-concessao-dos-aeroportos-de-passo-fundo-e-santo-angelo\/"]}]},{"@type":"ImageObject","inLanguage":"pt-BR","@id":"https:\/\/agenciainfra.com\/blog\/ecb-holding-vence-concessao-dos-aeroportos-de-passo-fundo-e-santo-angelo\/#primaryimage","url":"https:\/\/agenciainfra.com\/blog\/wp-content\/uploads\/2025\/09\/Leilao-B3-Aeroportos-RS.jpg.avif","contentUrl":"https:\/\/agenciainfra.com\/blog\/wp-content\/uploads\/2025\/09\/Leilao-B3-Aeroportos-RS.jpg.avif","width":800,"height":533,"caption":"Foto: B3\/Divulga\u00e7\u00e3o"},{"@type":"BreadcrumbList","@id":"https:\/\/agenciainfra.com\/blog\/ecb-holding-vence-concessao-dos-aeroportos-de-passo-fundo-e-santo-angelo\/#breadcrumb","itemListElement":[{"@type":"ListItem","position":1,"name":"In\u00edcio","item":"https:\/\/agenciainfra.com\/blog\/"},{"@type":"ListItem","position":2,"name":"ECB Holding vence concess\u00e3o dos aeroportos de Passo Fundo e Santo \u00c2ngelo"}]},{"@type":"WebSite","@id":"https:\/\/agenciainfra.com\/blog\/#website","url":"https:\/\/agenciainfra.com\/blog\/","name":"Ag\u00eancia iNFRA","description":"Multiplataforma de informa\u00e7\u00e3o jornal\u00edstica refer\u00eancia na \u00e1rea de infraestrutura no Brasil!","publisher":{"@id":"https:\/\/agenciainfra.com\/blog\/#organization"},"potentialAction":[{"@type":"SearchAction","target":{"@type":"EntryPoint","urlTemplate":"https:\/\/agenciainfra.com\/blog\/?s={search_term_string}"},"query-input":{"@type":"PropertyValueSpecification","valueRequired":true,"valueName":"search_term_string"}}],"inLanguage":"pt-BR"},{"@type":"Organization","@id":"https:\/\/agenciainfra.com\/blog\/#organization","name":"Ag\u00eancia iNFRA","url":"https:\/\/agenciainfra.com\/blog\/","logo":{"@type":"ImageObject","inLanguage":"pt-BR","@id":"https:\/\/agenciainfra.com\/blog\/#\/schema\/logo\/image\/","url":"https:\/\/agenciainfra.com\/blog\/wp-content\/uploads\/2023\/09\/iNFRA_5-e1761735885940.png","contentUrl":"https:\/\/agenciainfra.com\/blog\/wp-content\/uploads\/2023\/09\/iNFRA_5-e1761735885940.png","width":1672,"height":454,"caption":"Ag\u00eancia iNFRA"},"image":{"@id":"https:\/\/agenciainfra.com\/blog\/#\/schema\/logo\/image\/"},"sameAs":["https:\/\/www.facebook.com\/ageninfra","https:\/\/x.com\/agencia_infra","https:\/\/www.linkedin.com\/company\/ag\u00eanciainfra\/","https:\/\/www.instagram.com\/agenciainfra\/"]},{"@type":"Person","@id":"https:\/\/agenciainfra.com\/blog\/#\/schema\/person\/34af08dff6adea4cb22b06612ba7acfa","name":"Ag\u00eancia iNFRA","image":{"@type":"ImageObject","inLanguage":"pt-BR","@id":"https:\/\/agenciainfra.com\/blog\/#\/schema\/person\/image\/","url":"https:\/\/secure.gravatar.com\/avatar\/d189e01678f06d8eb84d4e01f08eb848b3fffe3f8443818d3c356c66892f5be8?s=96&d=mm&r=g","contentUrl":"https:\/\/secure.gravatar.com\/avatar\/d189e01678f06d8eb84d4e01f08eb848b3fffe3f8443818d3c356c66892f5be8?s=96&d=mm&r=g","caption":"Ag\u00eancia iNFRA"},"url":"https:\/\/agenciainfra.com\/blog\/author\/admin\/"}]}},"_links":{"self":[{"href":"https:\/\/agenciainfra.com\/blog\/wp-json\/wp\/v2\/posts\/28782","targetHints":{"allow":["GET"]}}],"collection":[{"href":"https:\/\/agenciainfra.com\/blog\/wp-json\/wp\/v2\/posts"}],"about":[{"href":"https:\/\/agenciainfra.com\/blog\/wp-json\/wp\/v2\/types\/post"}],"author":[{"embeddable":true,"href":"https:\/\/agenciainfra.com\/blog\/wp-json\/wp\/v2\/users\/1"}],"replies":[{"embeddable":true,"href":"https:\/\/agenciainfra.com\/blog\/wp-json\/wp\/v2\/comments?post=28782"}],"version-history":[{"count":1,"href":"https:\/\/agenciainfra.com\/blog\/wp-json\/wp\/v2\/posts\/28782\/revisions"}],"predecessor-version":[{"id":28784,"href":"https:\/\/agenciainfra.com\/blog\/wp-json\/wp\/v2\/posts\/28782\/revisions\/28784"}],"wp:featuredmedia":[{"embeddable":true,"href":"https:\/\/agenciainfra.com\/blog\/wp-json\/wp\/v2\/media\/28783"}],"wp:attachment":[{"href":"https:\/\/agenciainfra.com\/blog\/wp-json\/wp\/v2\/media?parent=28782"}],"wp:term":[{"taxonomy":"category","embeddable":true,"href":"https:\/\/agenciainfra.com\/blog\/wp-json\/wp\/v2\/categories?post=28782"},{"taxonomy":"post_tag","embeddable":true,"href":"https:\/\/agenciainfra.com\/blog\/wp-json\/wp\/v2\/tags?post=28782"}],"curies":[{"name":"wp","href":"https:\/\/api.w.org\/{rel}","templated":true}]}}